{"id":219364,"date":"2023-11-14T11:06:20","date_gmt":"2023-11-14T10:06:20","guid":{"rendered":"https:\/\/www.tapasmagazine.es\/la-cafeteria-tematica-de-friends-rendira-tributo-al-iconico-legado-de-matthew-perry\/"},"modified":"2023-11-14T11:20:09","modified_gmt":"2023-11-14T10:20:09","slug":"friends-central-perk-tribute-matthew-perry","status":"publish","type":"post","link":"https:\/\/www.tapasmagazine.es\/en\/friends-central-perk-tribute-matthew-perry\/","title":{"rendered":"Friends&#8217; Central Perk coffee shop to pay tribute to Matthew Perry&#8217;s iconic legacy"},"content":{"rendered":"\n<p><strong>Click <a href=\"https:\/\/www.tapasmagazine.es\/la-cafeteria-tematica-de-friends-rendira-tributo-al-iconico-legado-de-matthew-perry\/\" target=\"_blank\" rel=\"noreferrer noopener\">here<\/a> to read the Spanish version.<\/strong><\/p>\n\n\n\n<p>The first permanent <strong>Central Perk<\/strong> location goes beyond the screen to set up shop IRL on the Boston stage. A caf\u00e9 inspired by the NBC series that will forever be in the collective memory, located in a brownstone building on Newbury Street, where all those mythical scenes from the 90s sitcom can be recreated.<\/p>\n\n\n\n<p><strong>Central Perk Coffeehouse<\/strong>, beyond paying tribute to Friends in general, will pay tribute to Matthew Perry, the character who played Chandler Bing throughout the series, leaving an eternal legacy that will now also remain in this coffee shop, distributing a coffee mug cover with the theme of his character with the phrase: &#8216;Can I Interest You in a Sarcastic Comment&#8217;.<\/p>\n\n\n<div class=\"wp-block-image\">\n<figure class=\"aligncenter size-large is-resized\"><a href=\"https:\/\/www.tapasmagazine.es\/wp-content\/uploads\/2023\/11\/central-perk-boston-2-scaled.jpg\"><img decoding=\"async\" width=\"1024\" height=\"683\" src=\"https:\/\/www.tapasmagazine.es\/wp-content\/uploads\/2023\/11\/central-perk-boston-2-1024x683.jpg\" alt=\"\" class=\"wp-image-219358\" style=\"width:1144px;height:auto\" srcset=\"https:\/\/www.tapasmagazine.es\/wp-content\/uploads\/2023\/11\/central-perk-boston-2-1024x683.jpg 1024w, https:\/\/www.tapasmagazine.es\/wp-content\/uploads\/2023\/11\/central-perk-boston-2-300x200.jpg 300w, https:\/\/www.tapasmagazine.es\/wp-content\/uploads\/2023\/11\/central-perk-boston-2-768x512.jpg 768w, https:\/\/www.tapasmagazine.es\/wp-content\/uploads\/2023\/11\/central-perk-boston-2-1536x1024.jpg 1536w, https:\/\/www.tapasmagazine.es\/wp-content\/uploads\/2023\/11\/central-perk-boston-2-2048x1365.jpg 2048w, https:\/\/www.tapasmagazine.es\/wp-content\/uploads\/2023\/11\/central-perk-boston-2-1000x667.jpg 1000w, https:\/\/www.tapasmagazine.es\/wp-content\/uploads\/2023\/11\/central-perk-boston-2-400x267.jpg 400w\" sizes=\"(max-width: 1024px) 100vw, 1024px\" \/><\/a><\/figure>\n<\/div>\n\n\n<p>Between evocative elements from the series such as an oversized orange sofa, green umbrellas adorned with the brand&#8217;s updated logo, or coffee cup covers with quotes from the characters, this modern iteration of Central Perk in 2024 modernises the design of the fictional cafe through a contemporary design space fused with nostalgia.<\/p>\n\n\n<div class=\"wp-block-image\">\n<figure class=\"aligncenter size-full is-resized\"><a href=\"https:\/\/www.tapasmagazine.es\/wp-content\/uploads\/2023\/11\/central-perk-boston-3.jpg\"><img decoding=\"async\" width=\"1024\" height=\"683\" src=\"https:\/\/www.tapasmagazine.es\/wp-content\/uploads\/2023\/11\/central-perk-boston-3.jpg\" alt=\"\" class=\"wp-image-219360\" style=\"width:1078px;height:auto\" srcset=\"https:\/\/www.tapasmagazine.es\/wp-content\/uploads\/2023\/11\/central-perk-boston-3.jpg 1024w, https:\/\/www.tapasmagazine.es\/wp-content\/uploads\/2023\/11\/central-perk-boston-3-300x200.jpg 300w, https:\/\/www.tapasmagazine.es\/wp-content\/uploads\/2023\/11\/central-perk-boston-3-768x512.jpg 768w, https:\/\/www.tapasmagazine.es\/wp-content\/uploads\/2023\/11\/central-perk-boston-3-1000x667.jpg 1000w, https:\/\/www.tapasmagazine.es\/wp-content\/uploads\/2023\/11\/central-perk-boston-3-400x267.jpg 400w\" sizes=\"(max-width: 1024px) 100vw, 1024px\" \/><\/a><\/figure>\n<\/div>\n\n\n<p>Beyond the aesthetic and emotional tribute, the intention of the caf\u00e9 is to become a legitimate <strong>culinary destination <\/strong>in which to live the experience in an immersive way through dishes with references to the series, such as Rachel Green&#8217;s salad, Ross Geller&#8217;s sandwich, Monica&#8217;s homemade jam or Joey&#8217;s grandmother&#8217;s chicken salad, together with a selection of local beers and natural wines that will elevate its gastronomic script.<\/p>\n","protected":false},"excerpt":{"rendered":"<p>Click here to read the Spanish version. The first permanent Central Perk location goes beyond the screen to set up shop IRL on the Boston stage. A caf\u00e9 inspired by the NBC series that will forever be in the collective memory, located in a brownstone building on Newbury Street, where all those mythical scenes from [&hellip;]<\/p>\n","protected":false},"author":285,"featured_media":219357,"comment_status":"open","ping_status":"closed","sticky":false,"template":"single-feature.php","format":"standard","meta":{"_acf_changed":false,"footnotes":""},"categories":[15802],"tags":[16537,15900],"class_list":["post-219364","post","type-post","status-publish","format-standard","has-post-thumbnail","hentry","category-news","tag-cafe-en","tag-friends-en","cat-15802-id"],"acf":[],"yoast_head":"<!-- This site is optimized with the Yoast SEO plugin v27.4 - https:\/\/yoast.com\/product\/yoast-seo-wordpress\/ -->\n<title>Friends&#039; Central Perk coffee shop to pay tribute to Matthew Perry&#039;s iconic legacy - Tapas<\/title>\n<meta name=\"description\" content=\"Click here to read the Spanish version. The first permanent Central Perk location goes beyond the screen to set up shop IRL on the Boston stage. A caf\u00e9\" \/>\n<meta name=\"robots\" content=\"index, follow, max-snippet:-1, max-image-preview:large, max-video-preview:-1\" \/>\n<link rel=\"canonical\" href=\"https:\/\/www.tapasmagazine.es\/en\/friends-central-perk-tribute-matthew-perry\/\" \/>\n<meta property=\"og:locale\" content=\"en_US\" \/>\n<meta property=\"og:type\" content=\"article\" \/>\n<meta property=\"og:title\" content=\"Friends&#039; Central Perk coffee shop to pay tribute to Matthew Perry&#039;s iconic legacy - Tapas\" \/>\n<meta property=\"og:description\" content=\"Click here to read the Spanish version. The first permanent Central Perk location goes beyond the screen to set up shop IRL on the Boston stage. A caf\u00e9\" \/>\n<meta property=\"og:url\" content=\"https:\/\/www.tapasmagazine.es\/en\/friends-central-perk-tribute-matthew-perry\/\" \/>\n<meta property=\"og:site_name\" content=\"Tapas\" \/>\n<meta property=\"article:publisher\" content=\"https:\/\/www.facebook.com\/tapasmagazine\" \/>\n<meta property=\"article:published_time\" content=\"2023-11-14T10:06:20+00:00\" \/>\n<meta property=\"article:modified_time\" content=\"2023-11-14T10:20:09+00:00\" \/>\n<meta property=\"og:image\" content=\"https:\/\/www.tapasmagazine.es\/wp-content\/uploads\/2023\/11\/central-perk-boston-1.jpg\" \/>\n\t<meta property=\"og:image:width\" content=\"1200\" \/>\n\t<meta property=\"og:image:height\" content=\"675\" \/>\n\t<meta property=\"og:image:type\" content=\"image\/jpeg\" \/>\n<meta name=\"author\" content=\"Laura P\u00e9rez\" \/>\n<meta name=\"twitter:card\" content=\"summary_large_image\" \/>\n<meta name=\"twitter:creator\" content=\"@TapasMagazine\" \/>\n<meta name=\"twitter:site\" content=\"@TapasMagazine\" \/>\n<meta name=\"twitter:label1\" content=\"Written by\" \/>\n\t<meta name=\"twitter:data1\" content=\"Laura P\u00e9rez\" \/>\n\t<meta name=\"twitter:label2\" content=\"Est. reading time\" \/>\n\t<meta name=\"twitter:data2\" content=\"2 minutes\" \/>\n<script type=\"application\/ld+json\" class=\"yoast-schema-graph\">{\"@context\":\"https:\\\/\\\/schema.org\",\"@graph\":[{\"@type\":\"Article\",\"@id\":\"https:\\\/\\\/www.tapasmagazine.es\\\/en\\\/friends-central-perk-tribute-matthew-perry\\\/#article\",\"isPartOf\":{\"@id\":\"https:\\\/\\\/www.tapasmagazine.es\\\/en\\\/friends-central-perk-tribute-matthew-perry\\\/\"},\"author\":{\"name\":\"Laura P\u00e9rez\",\"@id\":\"https:\\\/\\\/www.tapasmagazine.es\\\/#\\\/schema\\\/person\\\/eb46cbe76a9c8f062660eb609e3ecb4e\"},\"headline\":\"Friends&#8217; Central Perk coffee shop to pay tribute to Matthew Perry&#8217;s iconic legacy\",\"datePublished\":\"2023-11-14T10:06:20+00:00\",\"dateModified\":\"2023-11-14T10:20:09+00:00\",\"mainEntityOfPage\":{\"@id\":\"https:\\\/\\\/www.tapasmagazine.es\\\/en\\\/friends-central-perk-tribute-matthew-perry\\\/\"},\"wordCount\":259,\"commentCount\":0,\"publisher\":{\"@id\":\"https:\\\/\\\/www.tapasmagazine.es\\\/#organization\"},\"image\":{\"@id\":\"https:\\\/\\\/www.tapasmagazine.es\\\/en\\\/friends-central-perk-tribute-matthew-perry\\\/#primaryimage\"},\"thumbnailUrl\":\"https:\\\/\\\/www.tapasmagazine.es\\\/wp-content\\\/uploads\\\/2023\\\/11\\\/central-perk-boston-1.jpg\",\"keywords\":[\"caf\u00e9\",\"Friends\"],\"articleSection\":[\"News\"],\"inLanguage\":\"en-US\",\"potentialAction\":[{\"@type\":\"CommentAction\",\"name\":\"Comment\",\"target\":[\"https:\\\/\\\/www.tapasmagazine.es\\\/en\\\/friends-central-perk-tribute-matthew-perry\\\/#respond\"]}]},{\"@type\":\"WebPage\",\"@id\":\"https:\\\/\\\/www.tapasmagazine.es\\\/en\\\/friends-central-perk-tribute-matthew-perry\\\/\",\"url\":\"https:\\\/\\\/www.tapasmagazine.es\\\/en\\\/friends-central-perk-tribute-matthew-perry\\\/\",\"name\":\"Friends' Central Perk coffee shop to pay tribute to Matthew Perry's iconic legacy - Tapas\",\"isPartOf\":{\"@id\":\"https:\\\/\\\/www.tapasmagazine.es\\\/#website\"},\"primaryImageOfPage\":{\"@id\":\"https:\\\/\\\/www.tapasmagazine.es\\\/en\\\/friends-central-perk-tribute-matthew-perry\\\/#primaryimage\"},\"image\":{\"@id\":\"https:\\\/\\\/www.tapasmagazine.es\\\/en\\\/friends-central-perk-tribute-matthew-perry\\\/#primaryimage\"},\"thumbnailUrl\":\"https:\\\/\\\/www.tapasmagazine.es\\\/wp-content\\\/uploads\\\/2023\\\/11\\\/central-perk-boston-1.jpg\",\"datePublished\":\"2023-11-14T10:06:20+00:00\",\"dateModified\":\"2023-11-14T10:20:09+00:00\",\"description\":\"Click here to read the Spanish version. The first permanent Central Perk location goes beyond the screen to set up shop IRL on the Boston stage. A caf\u00e9\",\"breadcrumb\":{\"@id\":\"https:\\\/\\\/www.tapasmagazine.es\\\/en\\\/friends-central-perk-tribute-matthew-perry\\\/#breadcrumb\"},\"inLanguage\":\"en-US\",\"potentialAction\":[{\"@type\":\"ReadAction\",\"target\":[\"https:\\\/\\\/www.tapasmagazine.es\\\/en\\\/friends-central-perk-tribute-matthew-perry\\\/\"]}]},{\"@type\":\"ImageObject\",\"inLanguage\":\"en-US\",\"@id\":\"https:\\\/\\\/www.tapasmagazine.es\\\/en\\\/friends-central-perk-tribute-matthew-perry\\\/#primaryimage\",\"url\":\"https:\\\/\\\/www.tapasmagazine.es\\\/wp-content\\\/uploads\\\/2023\\\/11\\\/central-perk-boston-1.jpg\",\"contentUrl\":\"https:\\\/\\\/www.tapasmagazine.es\\\/wp-content\\\/uploads\\\/2023\\\/11\\\/central-perk-boston-1.jpg\",\"width\":1200,\"height\":675},{\"@type\":\"BreadcrumbList\",\"@id\":\"https:\\\/\\\/www.tapasmagazine.es\\\/en\\\/friends-central-perk-tribute-matthew-perry\\\/#breadcrumb\",\"itemListElement\":[{\"@type\":\"ListItem\",\"position\":1,\"name\":\"Portada\",\"item\":\"https:\\\/\\\/www.tapasmagazine.es\\\/\"},{\"@type\":\"ListItem\",\"position\":2,\"name\":\"News\",\"item\":\"https:\\\/\\\/www.tapasmagazine.es\\\/en\\\/categorias\\\/news\\\/\"},{\"@type\":\"ListItem\",\"position\":3,\"name\":\"Friends&#8217; Central Perk coffee shop to pay tribute to Matthew Perry&#8217;s iconic legacy\"}]},{\"@type\":\"WebSite\",\"@id\":\"https:\\\/\\\/www.tapasmagazine.es\\\/#website\",\"url\":\"https:\\\/\\\/www.tapasmagazine.es\\\/\",\"name\":\"Tapas\",\"description\":\"\u00d1am \u00d1am Lifestyle. La vida a bocados. Premio Nacional de Gastronom\u00eda 2016.\",\"publisher\":{\"@id\":\"https:\\\/\\\/www.tapasmagazine.es\\\/#organization\"},\"potentialAction\":[{\"@type\":\"SearchAction\",\"target\":{\"@type\":\"EntryPoint\",\"urlTemplate\":\"https:\\\/\\\/www.tapasmagazine.es\\\/?s={search_term_string}\"},\"query-input\":{\"@type\":\"PropertyValueSpecification\",\"valueRequired\":true,\"valueName\":\"search_term_string\"}}],\"inLanguage\":\"en-US\"},{\"@type\":\"Organization\",\"@id\":\"https:\\\/\\\/www.tapasmagazine.es\\\/#organization\",\"name\":\"Tapas Magazine\",\"url\":\"https:\\\/\\\/www.tapasmagazine.es\\\/\",\"logo\":{\"@type\":\"ImageObject\",\"inLanguage\":\"en-US\",\"@id\":\"https:\\\/\\\/www.tapasmagazine.es\\\/#\\\/schema\\\/logo\\\/image\\\/\",\"url\":\"https:\\\/\\\/www.tapasmagazine.es\\\/wp-content\\\/uploads\\\/2018\\\/01\\\/logo.png\",\"contentUrl\":\"https:\\\/\\\/www.tapasmagazine.es\\\/wp-content\\\/uploads\\\/2018\\\/01\\\/logo.png\",\"width\":180,\"height\":60,\"caption\":\"Tapas Magazine\"},\"image\":{\"@id\":\"https:\\\/\\\/www.tapasmagazine.es\\\/#\\\/schema\\\/logo\\\/image\\\/\"},\"sameAs\":[\"https:\\\/\\\/www.facebook.com\\\/tapasmagazine\",\"https:\\\/\\\/x.com\\\/TapasMagazine\",\"https:\\\/\\\/www.instagram.com\\\/tapasmagazine\\\/\",\"https:\\\/\\\/www.linkedin.com\\\/company\\\/tapas-magazine\",\"https:\\\/\\\/es.pinterest.com\\\/tapasmagazine\\\/\",\"https:\\\/\\\/www.youtube.com\\\/channel\\\/UCEyxneAaACuR0lfDagrWjjg?sub_confirmation=1\"]},{\"@type\":\"Person\",\"@id\":\"https:\\\/\\\/www.tapasmagazine.es\\\/#\\\/schema\\\/person\\\/eb46cbe76a9c8f062660eb609e3ecb4e\",\"name\":\"Laura P\u00e9rez\",\"url\":\"https:\\\/\\\/www.tapasmagazine.es\\\/en\\\/author\\\/laura-perez\\\/\"}]}<\/script>\n<!-- \/ Yoast SEO plugin. -->","yoast_head_json":{"title":"Friends' Central Perk coffee shop to pay tribute to Matthew Perry's iconic legacy - Tapas","description":"Click here to read the Spanish version. The first permanent Central Perk location goes beyond the screen to set up shop IRL on the Boston stage. A caf\u00e9","robots":{"index":"index","follow":"follow","max-snippet":"max-snippet:-1","max-image-preview":"max-image-preview:large","max-video-preview":"max-video-preview:-1"},"canonical":"https:\/\/www.tapasmagazine.es\/en\/friends-central-perk-tribute-matthew-perry\/","og_locale":"en_US","og_type":"article","og_title":"Friends' Central Perk coffee shop to pay tribute to Matthew Perry's iconic legacy - Tapas","og_description":"Click here to read the Spanish version. The first permanent Central Perk location goes beyond the screen to set up shop IRL on the Boston stage. A caf\u00e9","og_url":"https:\/\/www.tapasmagazine.es\/en\/friends-central-perk-tribute-matthew-perry\/","og_site_name":"Tapas","article_publisher":"https:\/\/www.facebook.com\/tapasmagazine","article_published_time":"2023-11-14T10:06:20+00:00","article_modified_time":"2023-11-14T10:20:09+00:00","og_image":[{"width":1200,"height":675,"url":"https:\/\/www.tapasmagazine.es\/wp-content\/uploads\/2023\/11\/central-perk-boston-1.jpg","type":"image\/jpeg"}],"author":"Laura P\u00e9rez","twitter_card":"summary_large_image","twitter_creator":"@TapasMagazine","twitter_site":"@TapasMagazine","twitter_misc":{"Written by":"Laura P\u00e9rez","Est. reading time":"2 minutes"},"schema":{"@context":"https:\/\/schema.org","@graph":[{"@type":"Article","@id":"https:\/\/www.tapasmagazine.es\/en\/friends-central-perk-tribute-matthew-perry\/#article","isPartOf":{"@id":"https:\/\/www.tapasmagazine.es\/en\/friends-central-perk-tribute-matthew-perry\/"},"author":{"name":"Laura P\u00e9rez","@id":"https:\/\/www.tapasmagazine.es\/#\/schema\/person\/eb46cbe76a9c8f062660eb609e3ecb4e"},"headline":"Friends&#8217; Central Perk coffee shop to pay tribute to Matthew Perry&#8217;s iconic legacy","datePublished":"2023-11-14T10:06:20+00:00","dateModified":"2023-11-14T10:20:09+00:00","mainEntityOfPage":{"@id":"https:\/\/www.tapasmagazine.es\/en\/friends-central-perk-tribute-matthew-perry\/"},"wordCount":259,"commentCount":0,"publisher":{"@id":"https:\/\/www.tapasmagazine.es\/#organization"},"image":{"@id":"https:\/\/www.tapasmagazine.es\/en\/friends-central-perk-tribute-matthew-perry\/#primaryimage"},"thumbnailUrl":"https:\/\/www.tapasmagazine.es\/wp-content\/uploads\/2023\/11\/central-perk-boston-1.jpg","keywords":["caf\u00e9","Friends"],"articleSection":["News"],"inLanguage":"en-US","potentialAction":[{"@type":"CommentAction","name":"Comment","target":["https:\/\/www.tapasmagazine.es\/en\/friends-central-perk-tribute-matthew-perry\/#respond"]}]},{"@type":"WebPage","@id":"https:\/\/www.tapasmagazine.es\/en\/friends-central-perk-tribute-matthew-perry\/","url":"https:\/\/www.tapasmagazine.es\/en\/friends-central-perk-tribute-matthew-perry\/","name":"Friends' Central Perk coffee shop to pay tribute to Matthew Perry's iconic legacy - Tapas","isPartOf":{"@id":"https:\/\/www.tapasmagazine.es\/#website"},"primaryImageOfPage":{"@id":"https:\/\/www.tapasmagazine.es\/en\/friends-central-perk-tribute-matthew-perry\/#primaryimage"},"image":{"@id":"https:\/\/www.tapasmagazine.es\/en\/friends-central-perk-tribute-matthew-perry\/#primaryimage"},"thumbnailUrl":"https:\/\/www.tapasmagazine.es\/wp-content\/uploads\/2023\/11\/central-perk-boston-1.jpg","datePublished":"2023-11-14T10:06:20+00:00","dateModified":"2023-11-14T10:20:09+00:00","description":"Click here to read the Spanish version. The first permanent Central Perk location goes beyond the screen to set up shop IRL on the Boston stage. A caf\u00e9","breadcrumb":{"@id":"https:\/\/www.tapasmagazine.es\/en\/friends-central-perk-tribute-matthew-perry\/#breadcrumb"},"inLanguage":"en-US","potentialAction":[{"@type":"ReadAction","target":["https:\/\/www.tapasmagazine.es\/en\/friends-central-perk-tribute-matthew-perry\/"]}]},{"@type":"ImageObject","inLanguage":"en-US","@id":"https:\/\/www.tapasmagazine.es\/en\/friends-central-perk-tribute-matthew-perry\/#primaryimage","url":"https:\/\/www.tapasmagazine.es\/wp-content\/uploads\/2023\/11\/central-perk-boston-1.jpg","contentUrl":"https:\/\/www.tapasmagazine.es\/wp-content\/uploads\/2023\/11\/central-perk-boston-1.jpg","width":1200,"height":675},{"@type":"BreadcrumbList","@id":"https:\/\/www.tapasmagazine.es\/en\/friends-central-perk-tribute-matthew-perry\/#breadcrumb","itemListElement":[{"@type":"ListItem","position":1,"name":"Portada","item":"https:\/\/www.tapasmagazine.es\/"},{"@type":"ListItem","position":2,"name":"News","item":"https:\/\/www.tapasmagazine.es\/en\/categorias\/news\/"},{"@type":"ListItem","position":3,"name":"Friends&#8217; Central Perk coffee shop to pay tribute to Matthew Perry&#8217;s iconic legacy"}]},{"@type":"WebSite","@id":"https:\/\/www.tapasmagazine.es\/#website","url":"https:\/\/www.tapasmagazine.es\/","name":"Tapas","description":"\u00d1am \u00d1am Lifestyle. La vida a bocados. Premio Nacional de Gastronom\u00eda 2016.","publisher":{"@id":"https:\/\/www.tapasmagazine.es\/#organization"},"potentialAction":[{"@type":"SearchAction","target":{"@type":"EntryPoint","urlTemplate":"https:\/\/www.tapasmagazine.es\/?s={search_term_string}"},"query-input":{"@type":"PropertyValueSpecification","valueRequired":true,"valueName":"search_term_string"}}],"inLanguage":"en-US"},{"@type":"Organization","@id":"https:\/\/www.tapasmagazine.es\/#organization","name":"Tapas Magazine","url":"https:\/\/www.tapasmagazine.es\/","logo":{"@type":"ImageObject","inLanguage":"en-US","@id":"https:\/\/www.tapasmagazine.es\/#\/schema\/logo\/image\/","url":"https:\/\/www.tapasmagazine.es\/wp-content\/uploads\/2018\/01\/logo.png","contentUrl":"https:\/\/www.tapasmagazine.es\/wp-content\/uploads\/2018\/01\/logo.png","width":180,"height":60,"caption":"Tapas Magazine"},"image":{"@id":"https:\/\/www.tapasmagazine.es\/#\/schema\/logo\/image\/"},"sameAs":["https:\/\/www.facebook.com\/tapasmagazine","https:\/\/x.com\/TapasMagazine","https:\/\/www.instagram.com\/tapasmagazine\/","https:\/\/www.linkedin.com\/company\/tapas-magazine","https:\/\/es.pinterest.com\/tapasmagazine\/","https:\/\/www.youtube.com\/channel\/UCEyxneAaACuR0lfDagrWjjg?sub_confirmation=1"]},{"@type":"Person","@id":"https:\/\/www.tapasmagazine.es\/#\/schema\/person\/eb46cbe76a9c8f062660eb609e3ecb4e","name":"Laura P\u00e9rez","url":"https:\/\/www.tapasmagazine.es\/en\/author\/laura-perez\/"}]}},"_links":{"self":[{"href":"https:\/\/www.tapasmagazine.es\/en\/wp-json\/wp\/v2\/posts\/219364","targetHints":{"allow":["GET"]}}],"collection":[{"href":"https:\/\/www.tapasmagazine.es\/en\/wp-json\/wp\/v2\/posts"}],"about":[{"href":"https:\/\/www.tapasmagazine.es\/en\/wp-json\/wp\/v2\/types\/post"}],"author":[{"embeddable":true,"href":"https:\/\/www.tapasmagazine.es\/en\/wp-json\/wp\/v2\/users\/285"}],"replies":[{"embeddable":true,"href":"https:\/\/www.tapasmagazine.es\/en\/wp-json\/wp\/v2\/comments?post=219364"}],"version-history":[{"count":8,"href":"https:\/\/www.tapasmagazine.es\/en\/wp-json\/wp\/v2\/posts\/219364\/revisions"}],"predecessor-version":[{"id":219390,"href":"https:\/\/www.tapasmagazine.es\/en\/wp-json\/wp\/v2\/posts\/219364\/revisions\/219390"}],"wp:featuredmedia":[{"embeddable":true,"href":"https:\/\/www.tapasmagazine.es\/en\/wp-json\/wp\/v2\/media\/219357"}],"wp:attachment":[{"href":"https:\/\/www.tapasmagazine.es\/en\/wp-json\/wp\/v2\/media?parent=219364"}],"wp:term":[{"taxonomy":"category","embeddable":true,"href":"https:\/\/www.tapasmagazine.es\/en\/wp-json\/wp\/v2\/categories?post=219364"},{"taxonomy":"post_tag","embeddable":true,"href":"https:\/\/www.tapasmagazine.es\/en\/wp-json\/wp\/v2\/tags?post=219364"}],"curies":[{"name":"wp","href":"https:\/\/api.w.org\/{rel}","templated":true}]}}