{"id":216320,"date":"2023-11-05T09:00:00","date_gmt":"2023-11-05T08:00:00","guid":{"rendered":"https:\/\/www.tapasmagazine.es\/?p=216320"},"modified":"2023-11-03T15:28:37","modified_gmt":"2023-11-03T14:28:37","slug":"chefs-on-fire-portugal-best-gastronomy-and-music-festival","status":"publish","type":"post","link":"https:\/\/www.tapasmagazine.es\/en\/chefs-on-fire-portugal-best-gastronomy-and-music-festival\/","title":{"rendered":"Chefs on Fire, Portugal&#8217;s best gastronomy and music festival"},"content":{"rendered":"\n<p><strong>Click <a href=\"https:\/\/www.tapasmagazine.es\/asi-es-chefs-on-fire-el-mejor-festival-de-gastronomia-y-musica-de-portugal\/\" target=\"_blank\" rel=\"noreferrer noopener\">here<\/a> to read the Spanish version.<\/strong><br>Portugal is one of those countries that you always want to visit at any time of the year and, if we talk about Cascais, a corner of unique beauty, much more. We have traveled to this coastal town in the Lisbon region, known worldwide for its spectacular beaches, its old town of cobblestone streets, its opulent villas and palaces, its summer Jazz music festival and its rich culinary tradition, to attend the main gastronomic festival focused on the culture of fire in Portugal: <a href=\"https:\/\/www.chefsonfire.pt\/\" target=\"_blank\" rel=\"noreferrer noopener\">Chefs on Fire<\/a>. &#8220;The mandatory rules are two: chefs must use flames for cooking and must show the public the process of preparing the dishes,&#8221; explains the organizer, Gon\u00e7alo Castel-Branco.<\/p>\n\n\n\n<p>This event, which began five years ago with a local flavor, has become an enclave of high-level culinary pilgrimage for foodies, professionals and the curious, where the common thread is the aroma of embers and fire (all dishes are cooked exclusively with firewood), showcookings, dynamic talks and live music.<\/p>\n\n\n\n<figure class=\"wp-block-image size-full\"><a href=\"https:\/\/www.tapasmagazine.es\/wp-content\/uploads\/2023\/11\/Chefs-On-Fire-2023-\u00a9-Hayley-Kelsing_4.jpg\"><img decoding=\"async\" width=\"667\" height=\"1000\" src=\"https:\/\/www.tapasmagazine.es\/wp-content\/uploads\/2023\/11\/Chefs-On-Fire-2023-\u00a9-Hayley-Kelsing_4.jpg\" alt=\"\" class=\"wp-image-216311\" srcset=\"https:\/\/www.tapasmagazine.es\/wp-content\/uploads\/2023\/11\/Chefs-On-Fire-2023-\u00a9-Hayley-Kelsing_4.jpg 667w, https:\/\/www.tapasmagazine.es\/wp-content\/uploads\/2023\/11\/Chefs-On-Fire-2023-\u00a9-Hayley-Kelsing_4-200x300.jpg 200w, https:\/\/www.tapasmagazine.es\/wp-content\/uploads\/2023\/11\/Chefs-On-Fire-2023-\u00a9-Hayley-Kelsing_4-400x600.jpg 400w\" sizes=\"(max-width: 667px) 100vw, 667px\" \/><\/a><\/figure>\n\n\n\n<h2 class=\"wp-block-heading\">An innovative concept<\/h2>\n\n\n\n<p>It is a festival with an innovative concept whose values are based on quality, sustainability and flavor, and which has been distinguished with the Portuguese Government&#8217;s National Gastronomic Tourism Award and Mesa Marcada&#8217;s Gastronomic Event of the Year. This edition brought together 28 of the leading and emerging chefs working in Portugal (including 8 Michelin stars) and 4 Spaniards (1*), who had a separate box inside the venue. All of them have used their skills and infrastructure to simmer dishes around a 90 m2 fire pit from noon to midnight during September 8, 9 and 10 in the FIARTIL gardens, and within walking distance of the famous Estoril Casino.<\/p>\n\n\n\n<figure class=\"wp-block-image size-large\"><a href=\"https:\/\/www.tapasmagazine.es\/wp-content\/uploads\/2023\/11\/Chefs-On-Fire-2023-\u00a9-Hayley-Kelsing_2.jpg\"><img decoding=\"async\" width=\"1024\" height=\"576\" src=\"https:\/\/www.tapasmagazine.es\/wp-content\/uploads\/2023\/11\/Chefs-On-Fire-2023-\u00a9-Hayley-Kelsing_2-1024x576.jpg\" alt=\"\" class=\"wp-image-216313\" srcset=\"https:\/\/www.tapasmagazine.es\/wp-content\/uploads\/2023\/11\/Chefs-On-Fire-2023-\u00a9-Hayley-Kelsing_2-1024x576.jpg 1024w, https:\/\/www.tapasmagazine.es\/wp-content\/uploads\/2023\/11\/Chefs-On-Fire-2023-\u00a9-Hayley-Kelsing_2-300x169.jpg 300w, https:\/\/www.tapasmagazine.es\/wp-content\/uploads\/2023\/11\/Chefs-On-Fire-2023-\u00a9-Hayley-Kelsing_2-768x432.jpg 768w, https:\/\/www.tapasmagazine.es\/wp-content\/uploads\/2023\/11\/Chefs-On-Fire-2023-\u00a9-Hayley-Kelsing_2-1000x563.jpg 1000w, https:\/\/www.tapasmagazine.es\/wp-content\/uploads\/2023\/11\/Chefs-On-Fire-2023-\u00a9-Hayley-Kelsing_2-400x225.jpg 400w, https:\/\/www.tapasmagazine.es\/wp-content\/uploads\/2023\/11\/Chefs-On-Fire-2023-\u00a9-Hayley-Kelsing_2.jpg 1200w\" sizes=\"(max-width: 1024px) 100vw, 1024px\" \/><\/a><\/figure>\n\n\n\n<h2 class=\"wp-block-heading\"><strong>Food, drink and good live music<\/strong><\/h2>\n\n\n\n<p>Chefs on fire is light, energy, the rebirth of embers and ashes. A return to the origin, to a cooking with fire, to flavors capable of transporting you to another time and another place. The event, which is based on the premise of education about fire to enhance the flavor, has been visited by more than 8,000 people in the three days that have been able to enjoy a unique dining experience that combines good food, drink and live music, all in an atmosphere of coexistence and marked family character, with large children&#8217;s areas at popular prices. In addition, it is clearly sustainable, betting on the use of cane pulp plates, glass cups, wooden cutlery and recycled paper napkins, giving the surplus food to different NGOs. A DNA, that of sustainability, with which the event was born in 2019. Therefore, Chefs on Fire aims to lead the way towards a more sustainable festival market, focused on eight fundamental pillars:<\/p>\n\n\n\n<ol class=\"wp-block-list\">\n<li>Equality, diversity and inclusion.<\/li>\n\n\n\n<li>Nature.<\/li>\n\n\n\n<li>Energy.<\/li>\n\n\n\n<li>Mobility.<\/li>\n\n\n\n<li>Water and sanitation.<\/li>\n\n\n\n<li>Materials and circularity.<\/li>\n\n\n\n<li>Food and drink.<\/li>\n\n\n\n<li>Food waste.<\/li>\n<\/ol>\n\n\n\n<figure class=\"wp-block-image size-large\"><a href=\"https:\/\/www.tapasmagazine.es\/wp-content\/uploads\/2023\/11\/Chefs-On-Fire-2023-\u00a9-Hayley-Kelsing_3.jpg\"><img decoding=\"async\" width=\"1024\" height=\"576\" src=\"https:\/\/www.tapasmagazine.es\/wp-content\/uploads\/2023\/11\/Chefs-On-Fire-2023-\u00a9-Hayley-Kelsing_3-1024x576.jpg\" alt=\"\" class=\"wp-image-216315\" srcset=\"https:\/\/www.tapasmagazine.es\/wp-content\/uploads\/2023\/11\/Chefs-On-Fire-2023-\u00a9-Hayley-Kelsing_3-1024x576.jpg 1024w, https:\/\/www.tapasmagazine.es\/wp-content\/uploads\/2023\/11\/Chefs-On-Fire-2023-\u00a9-Hayley-Kelsing_3-300x169.jpg 300w, https:\/\/www.tapasmagazine.es\/wp-content\/uploads\/2023\/11\/Chefs-On-Fire-2023-\u00a9-Hayley-Kelsing_3-768x432.jpg 768w, https:\/\/www.tapasmagazine.es\/wp-content\/uploads\/2023\/11\/Chefs-On-Fire-2023-\u00a9-Hayley-Kelsing_3-1000x563.jpg 1000w, https:\/\/www.tapasmagazine.es\/wp-content\/uploads\/2023\/11\/Chefs-On-Fire-2023-\u00a9-Hayley-Kelsing_3-400x225.jpg 400w, https:\/\/www.tapasmagazine.es\/wp-content\/uploads\/2023\/11\/Chefs-On-Fire-2023-\u00a9-Hayley-Kelsing_3.jpg 1200w\" sizes=\"(max-width: 1024px) 100vw, 1024px\" \/><\/a><\/figure>\n\n\n\n<h2 class=\"wp-block-heading\"><strong>The best chefs of Portuguese cuisine<\/strong><\/h2>\n\n\n\n<p>In the professional part of the event, twenty-eight of the most outstanding chefs of the local scene (all selected according to the criteria of the organization) showed their skills among the different stages around a bonfire using a unique infrastructure to elaborate their most exclusive creations with the best local products: meat, fish, vegetarian and desserts. Day 8 was opened by such relevant chefs as Alexandre Silva (Loco<em>\/ Fogo); Bruno Caseiro (Cavalari\u00e7a); Vitor Adao (Plano); Joao Magalhaes (Tricky&#8217;s); Tiago Penao (Kappo); Joao Rodrigues (Projecto Mat\u00e9ria); David Jesus (SEIVA); Andreia Moutinho (ACPP); and Ruben Trindade &amp; Francesca Dias (Casa do Gadanha). Day 9 kicked off with Gil Fern\u00e1ndez (Fortaleza do Guincho<\/em>); Andr\u00e9 Margalhaes (Taberna Rua das Flores); Hugo Candeilas (Oficio); Marta Figueiredo (Estrela da Bica); Ricardo Ferreira (Elemento); Joao S\u00e1 (S\u00c1LA); Tiago Feio (Tia Tia); and Z\u00e9 Paulo Rocha (Velhvo Eurico). After a somewhat rainy start on the last day, which did not discourage the public to come to the fair, the weather allied with the fair and the influx of attendees was remarkable throughout the day. On this day, Ant\u00f3nio Loureiro (A Cozinha<em>); Carlos Teixeira (Herdade do Esporao<\/em>); Marlene Vieira (Marlene); Paulo Alves (Kabuki<em>); Vasco Coelho Santos (Euskalduna Studio<\/em>); Diogo Formiga (Encanto*); and Ant\u00f3nio Galapito (Prado); and Catarina Nascimiento (83 Gastrobar) cooked.<\/p>\n\n\n\n<p>And to end an excellent meal, what better way to finish than with a good dessert. Every day there was a pastry chef who sweetened the visitors with his delicious creations. Well-known pastry chefs such as Andreia Moutinho (ACPP &#8211; Association of Professional Chefs of Portugal); F\u00e1bio Quiraz (Belavista Hotel &amp; Spa*); and Natalia Castro (Isco).<\/p>\n\n\n\n<figure class=\"wp-block-image size-large\"><a href=\"https:\/\/www.tapasmagazine.es\/wp-content\/uploads\/2023\/11\/Chefs-On-Fire-2023-\u00a9-Hayley-Kelsing_1.jpg\"><img decoding=\"async\" width=\"1024\" height=\"576\" src=\"https:\/\/www.tapasmagazine.es\/wp-content\/uploads\/2023\/11\/Chefs-On-Fire-2023-\u00a9-Hayley-Kelsing_1-1024x576.jpg\" alt=\"\" class=\"wp-image-216317\" srcset=\"https:\/\/www.tapasmagazine.es\/wp-content\/uploads\/2023\/11\/Chefs-On-Fire-2023-\u00a9-Hayley-Kelsing_1-1024x576.jpg 1024w, https:\/\/www.tapasmagazine.es\/wp-content\/uploads\/2023\/11\/Chefs-On-Fire-2023-\u00a9-Hayley-Kelsing_1-300x169.jpg 300w, https:\/\/www.tapasmagazine.es\/wp-content\/uploads\/2023\/11\/Chefs-On-Fire-2023-\u00a9-Hayley-Kelsing_1-768x432.jpg 768w, https:\/\/www.tapasmagazine.es\/wp-content\/uploads\/2023\/11\/Chefs-On-Fire-2023-\u00a9-Hayley-Kelsing_1-1000x563.jpg 1000w, https:\/\/www.tapasmagazine.es\/wp-content\/uploads\/2023\/11\/Chefs-On-Fire-2023-\u00a9-Hayley-Kelsing_1-400x225.jpg 400w, https:\/\/www.tapasmagazine.es\/wp-content\/uploads\/2023\/11\/Chefs-On-Fire-2023-\u00a9-Hayley-Kelsing_1.jpg 1200w\" sizes=\"(max-width: 1024px) 100vw, 1024px\" \/><\/a><\/figure>\n\n\n\n<h2 class=\"wp-block-heading\"><strong>Spain, guest country<\/strong><\/h2>\n\n\n\n<p>Although in previous editions some non-Portuguese chefs had already participated individually, this year the organization opened participation to a foreign country for the first time, and Spain was the first guest. As Castel-Branco explained to us, &#8220;in this 2023 we decided it was time to open the festival to other countries, and the choice of Spain was natural. Because of its proximity, of course, but, above all, because of the proven quality of its gastronomy, which is perhaps the richest in the world&#8221;. In fact, Madrid will host the first international edition of this event in May 2024.<\/p>\n\n\n\n<figure class=\"wp-block-embed is-type-rich is-provider-instagram wp-block-embed-instagram\"><div class=\"wp-block-embed__wrapper\">\n<div class=\"sbi-embed-wrap\"><blockquote class=\"instagram-media sbi-embed\" data-instgrm-captioned data-instgrm-permalink=\"https:\/\/www.instagram.com\/reel\/Cw7HvMBNp50\/?utm_source=ig_embed&amp;utm_campaign=loading\" data-instgrm-version=\"14\" style=\" background:#FFF; border:0; border-radius:3px; box-shadow:0 0 1px 0 rgba(0,0,0,0.5),0 1px 10px 0 rgba(0,0,0,0.15); margin: 1px; max-width:640px; min-width:326px; padding:0; width:99.375%; width:-webkit-calc(100% - 2px); width:calc(100% - 2px);\"><div style=\"padding:16px;\"> <a href=\"https:\/\/www.instagram.com\/reel\/Cw7HvMBNp50\/?utm_source=ig_embed&amp;utm_campaign=loading\" style=\" background:#FFFFFF; line-height:0; padding:0 0; text-align:center; text-decoration:none; width:100%;\" target=\"_blank\"> <div style=\" display: flex; flex-direction: row; align-items: center;\"> <div style=\"background-color: #F4F4F4; border-radius: 50%; flex-grow: 0; height: 40px; margin-right: 14px; width: 40px;\"><\/div> <div style=\"display: flex; flex-direction: column; flex-grow: 1; justify-content: center;\"> <div style=\" background-color: #F4F4F4; border-radius: 4px; flex-grow: 0; height: 14px; margin-bottom: 6px; width: 100px;\"><\/div> <div style=\" background-color: #F4F4F4; border-radius: 4px; flex-grow: 0; height: 14px; width: 60px;\"><\/div><\/div><\/div><div style=\"padding: 19% 0;\"><\/div> <div style=\"display:block; height:50px; margin:0 auto 12px; width:50px;\"><svg width=\"50px\" height=\"50px\" viewBox=\"0 0 60 60\" version=\"1.1\" xmlns=\"https:\/\/www.w3.org\/2000\/svg\" xmlns:xlink=\"https:\/\/www.w3.org\/1999\/xlink\"><g stroke=\"none\" stroke-width=\"1\" fill=\"none\" fill-rule=\"evenodd\"><g transform=\"translate(-511.000000, -20.000000)\" fill=\"#000000\"><g><path d=\"M556.869,30.41 C554.814,30.41 553.148,32.076 553.148,34.131 C553.148,36.186 554.814,37.852 556.869,37.852 C558.924,37.852 560.59,36.186 560.59,34.131 C560.59,32.076 558.924,30.41 556.869,30.41 M541,60.657 C535.114,60.657 530.342,55.887 530.342,50 C530.342,44.114 535.114,39.342 541,39.342 C546.887,39.342 551.658,44.114 551.658,50 C551.658,55.887 546.887,60.657 541,60.657 M541,33.886 C532.1,33.886 524.886,41.1 524.886,50 C524.886,58.899 532.1,66.113 541,66.113 C549.9,66.113 557.115,58.899 557.115,50 C557.115,41.1 549.9,33.886 541,33.886 M565.378,62.101 C565.244,65.022 564.756,66.606 564.346,67.663 C563.803,69.06 563.154,70.057 562.106,71.106 C561.058,72.155 560.06,72.803 558.662,73.347 C557.607,73.757 556.021,74.244 553.102,74.378 C549.944,74.521 548.997,74.552 541,74.552 C533.003,74.552 532.056,74.521 528.898,74.378 C525.979,74.244 524.393,73.757 523.338,73.347 C521.94,72.803 520.942,72.155 519.894,71.106 C518.846,70.057 518.197,69.06 517.654,67.663 C517.244,66.606 516.755,65.022 516.623,62.101 C516.479,58.943 516.448,57.996 516.448,50 C516.448,42.003 516.479,41.056 516.623,37.899 C516.755,34.978 517.244,33.391 517.654,32.338 C518.197,30.938 518.846,29.942 519.894,28.894 C520.942,27.846 521.94,27.196 523.338,26.654 C524.393,26.244 525.979,25.756 528.898,25.623 C532.057,25.479 533.004,25.448 541,25.448 C548.997,25.448 549.943,25.479 553.102,25.623 C556.021,25.756 557.607,26.244 558.662,26.654 C560.06,27.196 561.058,27.846 562.106,28.894 C563.154,29.942 563.803,30.938 564.346,32.338 C564.756,33.391 565.244,34.978 565.378,37.899 C565.522,41.056 565.552,42.003 565.552,50 C565.552,57.996 565.522,58.943 565.378,62.101 M570.82,37.631 C570.674,34.438 570.167,32.258 569.425,30.349 C568.659,28.377 567.633,26.702 565.965,25.035 C564.297,23.368 562.623,22.342 560.652,21.575 C558.743,20.834 556.562,20.326 553.369,20.18 C550.169,20.033 549.148,20 541,20 C532.853,20 531.831,20.033 528.631,20.18 C525.438,20.326 523.257,20.834 521.349,21.575 C519.376,22.342 517.703,23.368 516.035,25.035 C514.368,26.702 513.342,28.377 512.574,30.349 C511.834,32.258 511.326,34.438 511.181,37.631 C511.035,40.831 511,41.851 511,50 C511,58.147 511.035,59.17 511.181,62.369 C511.326,65.562 511.834,67.743 512.574,69.651 C513.342,71.625 514.368,73.296 516.035,74.965 C517.703,76.634 519.376,77.658 521.349,78.425 C523.257,79.167 525.438,79.673 528.631,79.82 C531.831,79.965 532.853,80.001 541,80.001 C549.148,80.001 550.169,79.965 553.369,79.82 C556.562,79.673 558.743,79.167 560.652,78.425 C562.623,77.658 564.297,76.634 565.965,74.965 C567.633,73.296 568.659,71.625 569.425,69.651 C570.167,67.743 570.674,65.562 570.82,62.369 C570.966,59.17 571,58.147 571,50 C571,41.851 570.966,40.831 570.82,37.631\"><\/path><\/g><\/g><\/g><\/svg><\/div><div style=\"padding-top: 8px;\"> <div style=\" color:#3897f0; font-family:Arial,sans-serif; font-size:14px; font-style:normal; font-weight:550; line-height:18px;\">View this post on Instagram<\/div><\/div><div style=\"padding: 12.5% 0;\"><\/div> <div style=\"display: flex; flex-direction: row; margin-bottom: 14px; align-items: center;\"><div> <div style=\"background-color: #F4F4F4; border-radius: 50%; height: 12.5px; width: 12.5px; transform: translateX(0px) translateY(7px);\"><\/div> <div style=\"background-color: #F4F4F4; height: 12.5px; transform: rotate(-45deg) translateX(3px) translateY(1px); width: 12.5px; flex-grow: 0; margin-right: 14px; margin-left: 2px;\"><\/div> <div style=\"background-color: #F4F4F4; border-radius: 50%; height: 12.5px; width: 12.5px; transform: translateX(9px) translateY(-18px);\"><\/div><\/div><div style=\"margin-left: 8px;\"> <div style=\" background-color: #F4F4F4; border-radius: 50%; flex-grow: 0; height: 20px; width: 20px;\"><\/div> <div style=\" width: 0; height: 0; border-top: 2px solid transparent; border-left: 6px solid #f4f4f4; border-bottom: 2px solid transparent; transform: translateX(16px) translateY(-4px) rotate(30deg)\"><\/div><\/div><div style=\"margin-left: auto;\"> <div style=\" width: 0px; border-top: 8px solid #F4F4F4; border-right: 8px solid transparent; transform: translateY(16px);\"><\/div> <div style=\" background-color: #F4F4F4; flex-grow: 0; height: 12px; width: 16px; transform: translateY(-4px);\"><\/div> <div style=\" width: 0; height: 0; border-top: 8px solid #F4F4F4; border-left: 8px solid transparent; transform: translateY(-4px) translateX(8px);\"><\/div><\/div><\/div> <div style=\"display: flex; flex-direction: column; flex-grow: 1; justify-content: center; margin-bottom: 24px;\"> <div style=\" background-color: #F4F4F4; border-radius: 4px; flex-grow: 0; height: 14px; margin-bottom: 6px; width: 224px;\"><\/div> <div style=\" background-color: #F4F4F4; border-radius: 4px; flex-grow: 0; height: 14px; width: 144px;\"><\/div><\/div><\/a><p style=\" color:#c9c8cd; font-family:Arial,sans-serif; font-size:14px; line-height:17px; margin-bottom:0; margin-top:8px; overflow:hidden; padding:8px 0 7px; text-align:center; text-overflow:ellipsis; white-space:nowrap;\"><a href=\"https:\/\/www.instagram.com\/reel\/Cw7HvMBNp50\/?utm_source=ig_embed&amp;utm_campaign=loading\" style=\" color:#c9c8cd; font-family:Arial,sans-serif; font-size:14px; font-style:normal; font-weight:normal; line-height:17px; text-decoration:none;\" target=\"_blank\">A post shared by Bego\u00f1a Rodrigo (@ucancallmebego)<\/a><\/p><\/div><\/blockquote><script async src=\"\/\/platform.instagram.com\/en_US\/embeds.js\"><\/script><\/div>\n<\/div><\/figure>\n\n\n\n<p>Thus, the magic of the embers of the &#8216;Palco Espanha&#8217; was inaugurated by Bego\u00f1a Rodrigo, owner and executive chef of the restaurant La Salita (*Michelin), who was accompanied by Chabe Soler, cook at her restaurant, preparing Valencian paella over a slow fire, in four huge paella pans; on day 9 it was the turn of Rafa Zafra (Estimar and Casa Jondal), who delighted those present with a dish of beans with tuna and Iberian bacon; and on the last day the tandem formed by Rafa Panatieri &amp; Jorge Sastre (Brabo and Sartoria Panatieri), served a muffin bread stuffed with braised ham, cabbage and smoked butter. Every day, there were hundreds of people queuing up to taste their dishes.<\/p>\n\n\n\n<p>When we meet them we greet them with a handshake and exchange some opinions. &#8220;They all tell us that they liked the experience and that they had a great time, so they invite us to create bonds of union since we have very similar gastronomic cultures.&#8221;<\/p>\n","protected":false},"excerpt":{"rendered":"<p>Click here to read the Spanish version.Portugal is one of those countries that you always want to visit at any time of the year and, if we talk about Cascais, a corner of unique beauty, much more. We have traveled to this coastal town in the Lisbon region, known worldwide for its spectacular beaches, its [&hellip;]<\/p>\n","protected":false},"author":297,"featured_media":216310,"comment_status":"open","ping_status":"closed","sticky":false,"template":"single-feature.php","format":"standard","meta":{"_acf_changed":false,"footnotes":""},"categories":[16002],"tags":[],"class_list":["post-216320","post","type-post","status-publish","format-standard","has-post-thumbnail","hentry","category-reportajes-en","cat-16002-id"],"acf":[],"yoast_head":"<!-- This site is optimized with the Yoast SEO plugin v27.4 - https:\/\/yoast.com\/product\/yoast-seo-wordpress\/ -->\n<title>Chefs on Fire, Portugal&#039;s best gastronomy and music festival - Tapas<\/title>\n<meta name=\"description\" content=\"Click here to read the Spanish version.Portugal is one of those countries that you always want to visit at any time of the year and, if we talk about\" \/>\n<meta name=\"robots\" content=\"index, follow, max-snippet:-1, max-image-preview:large, max-video-preview:-1\" \/>\n<link rel=\"canonical\" href=\"https:\/\/www.tapasmagazine.es\/asi-es-chefs-on-fire-el-mejor-festival-de-gastronomia-y-musica-de-portugal\/\" \/>\n<meta property=\"og:locale\" content=\"en_US\" \/>\n<meta property=\"og:type\" content=\"article\" \/>\n<meta property=\"og:title\" content=\"Chefs on Fire, Portugal&#039;s best gastronomy and music festival - Tapas\" \/>\n<meta property=\"og:description\" content=\"Click here to read the Spanish version.Portugal is one of those countries that you always want to visit at any time of the year and, if we talk about\" \/>\n<meta property=\"og:url\" content=\"https:\/\/www.tapasmagazine.es\/asi-es-chefs-on-fire-el-mejor-festival-de-gastronomia-y-musica-de-portugal\/\" \/>\n<meta property=\"og:site_name\" content=\"Tapas\" \/>\n<meta property=\"article:publisher\" content=\"https:\/\/www.facebook.com\/tapasmagazine\" \/>\n<meta property=\"article:published_time\" content=\"2023-11-05T08:00:00+00:00\" \/>\n<meta property=\"og:image\" content=\"https:\/\/www.tapasmagazine.es\/wp-content\/uploads\/2023\/11\/Chefs-On-Fire-2023-\u00a9-Hayley-Kelsing.jpg\" \/>\n\t<meta property=\"og:image:width\" content=\"1200\" \/>\n\t<meta property=\"og:image:height\" content=\"675\" \/>\n\t<meta property=\"og:image:type\" content=\"image\/jpeg\" \/>\n<meta name=\"author\" content=\"Emilio Molines y Anabel Frutos\" \/>\n<meta name=\"twitter:card\" content=\"summary_large_image\" \/>\n<meta name=\"twitter:creator\" content=\"@TapasMagazine\" \/>\n<meta name=\"twitter:site\" content=\"@TapasMagazine\" \/>\n<meta name=\"twitter:label1\" content=\"Written by\" \/>\n\t<meta name=\"twitter:data1\" content=\"Emilio Molines y Anabel Frutos\" \/>\n\t<meta name=\"twitter:label2\" content=\"Est. reading time\" \/>\n\t<meta name=\"twitter:data2\" content=\"6 minutes\" \/>\n<script type=\"application\/ld+json\" class=\"yoast-schema-graph\">{\"@context\":\"https:\\\/\\\/schema.org\",\"@graph\":[{\"@type\":\"Article\",\"@id\":\"https:\\\/\\\/www.tapasmagazine.es\\\/asi-es-chefs-on-fire-el-mejor-festival-de-gastronomia-y-musica-de-portugal\\\/#article\",\"isPartOf\":{\"@id\":\"https:\\\/\\\/www.tapasmagazine.es\\\/asi-es-chefs-on-fire-el-mejor-festival-de-gastronomia-y-musica-de-portugal\\\/\"},\"author\":{\"name\":\"Emilio Molines y Anabel Frutos\",\"@id\":\"https:\\\/\\\/www.tapasmagazine.es\\\/#\\\/schema\\\/person\\\/894beae756bbe41297f5ab2b4582caff\"},\"headline\":\"Chefs on Fire, Portugal&#8217;s best gastronomy and music festival\",\"datePublished\":\"2023-11-05T08:00:00+00:00\",\"mainEntityOfPage\":{\"@id\":\"https:\\\/\\\/www.tapasmagazine.es\\\/asi-es-chefs-on-fire-el-mejor-festival-de-gastronomia-y-musica-de-portugal\\\/\"},\"wordCount\":1017,\"commentCount\":0,\"publisher\":{\"@id\":\"https:\\\/\\\/www.tapasmagazine.es\\\/#organization\"},\"image\":{\"@id\":\"https:\\\/\\\/www.tapasmagazine.es\\\/asi-es-chefs-on-fire-el-mejor-festival-de-gastronomia-y-musica-de-portugal\\\/#primaryimage\"},\"thumbnailUrl\":\"https:\\\/\\\/www.tapasmagazine.es\\\/wp-content\\\/uploads\\\/2023\\\/11\\\/Chefs-On-Fire-2023-\u00a9-Hayley-Kelsing.jpg\",\"articleSection\":[\"Reportajes\"],\"inLanguage\":\"en-US\",\"potentialAction\":[{\"@type\":\"CommentAction\",\"name\":\"Comment\",\"target\":[\"https:\\\/\\\/www.tapasmagazine.es\\\/asi-es-chefs-on-fire-el-mejor-festival-de-gastronomia-y-musica-de-portugal\\\/#respond\"]}]},{\"@type\":\"WebPage\",\"@id\":\"https:\\\/\\\/www.tapasmagazine.es\\\/asi-es-chefs-on-fire-el-mejor-festival-de-gastronomia-y-musica-de-portugal\\\/\",\"url\":\"https:\\\/\\\/www.tapasmagazine.es\\\/asi-es-chefs-on-fire-el-mejor-festival-de-gastronomia-y-musica-de-portugal\\\/\",\"name\":\"Chefs on Fire, Portugal's best gastronomy and music festival - Tapas\",\"isPartOf\":{\"@id\":\"https:\\\/\\\/www.tapasmagazine.es\\\/#website\"},\"primaryImageOfPage\":{\"@id\":\"https:\\\/\\\/www.tapasmagazine.es\\\/asi-es-chefs-on-fire-el-mejor-festival-de-gastronomia-y-musica-de-portugal\\\/#primaryimage\"},\"image\":{\"@id\":\"https:\\\/\\\/www.tapasmagazine.es\\\/asi-es-chefs-on-fire-el-mejor-festival-de-gastronomia-y-musica-de-portugal\\\/#primaryimage\"},\"thumbnailUrl\":\"https:\\\/\\\/www.tapasmagazine.es\\\/wp-content\\\/uploads\\\/2023\\\/11\\\/Chefs-On-Fire-2023-\u00a9-Hayley-Kelsing.jpg\",\"datePublished\":\"2023-11-05T08:00:00+00:00\",\"description\":\"Click here to read the Spanish version.Portugal is one of those countries that you always want to visit at any time of the year and, if we talk about\",\"breadcrumb\":{\"@id\":\"https:\\\/\\\/www.tapasmagazine.es\\\/asi-es-chefs-on-fire-el-mejor-festival-de-gastronomia-y-musica-de-portugal\\\/#breadcrumb\"},\"inLanguage\":\"en-US\",\"potentialAction\":[{\"@type\":\"ReadAction\",\"target\":[\"https:\\\/\\\/www.tapasmagazine.es\\\/asi-es-chefs-on-fire-el-mejor-festival-de-gastronomia-y-musica-de-portugal\\\/\"]}]},{\"@type\":\"ImageObject\",\"inLanguage\":\"en-US\",\"@id\":\"https:\\\/\\\/www.tapasmagazine.es\\\/asi-es-chefs-on-fire-el-mejor-festival-de-gastronomia-y-musica-de-portugal\\\/#primaryimage\",\"url\":\"https:\\\/\\\/www.tapasmagazine.es\\\/wp-content\\\/uploads\\\/2023\\\/11\\\/Chefs-On-Fire-2023-\u00a9-Hayley-Kelsing.jpg\",\"contentUrl\":\"https:\\\/\\\/www.tapasmagazine.es\\\/wp-content\\\/uploads\\\/2023\\\/11\\\/Chefs-On-Fire-2023-\u00a9-Hayley-Kelsing.jpg\",\"width\":1200,\"height\":675},{\"@type\":\"BreadcrumbList\",\"@id\":\"https:\\\/\\\/www.tapasmagazine.es\\\/asi-es-chefs-on-fire-el-mejor-festival-de-gastronomia-y-musica-de-portugal\\\/#breadcrumb\",\"itemListElement\":[{\"@type\":\"ListItem\",\"position\":1,\"name\":\"Portada\",\"item\":\"https:\\\/\\\/www.tapasmagazine.es\\\/\"},{\"@type\":\"ListItem\",\"position\":2,\"name\":\"Reportajes\",\"item\":\"https:\\\/\\\/www.tapasmagazine.es\\\/en\\\/categorias\\\/reportajes-en\\\/\"},{\"@type\":\"ListItem\",\"position\":3,\"name\":\"Chefs on Fire, Portugal&#8217;s best gastronomy and music festival\"}]},{\"@type\":\"WebSite\",\"@id\":\"https:\\\/\\\/www.tapasmagazine.es\\\/#website\",\"url\":\"https:\\\/\\\/www.tapasmagazine.es\\\/\",\"name\":\"Tapas\",\"description\":\"\u00d1am \u00d1am Lifestyle. La vida a bocados. Premio Nacional de Gastronom\u00eda 2016.\",\"publisher\":{\"@id\":\"https:\\\/\\\/www.tapasmagazine.es\\\/#organization\"},\"potentialAction\":[{\"@type\":\"SearchAction\",\"target\":{\"@type\":\"EntryPoint\",\"urlTemplate\":\"https:\\\/\\\/www.tapasmagazine.es\\\/?s={search_term_string}\"},\"query-input\":{\"@type\":\"PropertyValueSpecification\",\"valueRequired\":true,\"valueName\":\"search_term_string\"}}],\"inLanguage\":\"en-US\"},{\"@type\":\"Organization\",\"@id\":\"https:\\\/\\\/www.tapasmagazine.es\\\/#organization\",\"name\":\"Tapas Magazine\",\"url\":\"https:\\\/\\\/www.tapasmagazine.es\\\/\",\"logo\":{\"@type\":\"ImageObject\",\"inLanguage\":\"en-US\",\"@id\":\"https:\\\/\\\/www.tapasmagazine.es\\\/#\\\/schema\\\/logo\\\/image\\\/\",\"url\":\"https:\\\/\\\/www.tapasmagazine.es\\\/wp-content\\\/uploads\\\/2018\\\/01\\\/logo.png\",\"contentUrl\":\"https:\\\/\\\/www.tapasmagazine.es\\\/wp-content\\\/uploads\\\/2018\\\/01\\\/logo.png\",\"width\":180,\"height\":60,\"caption\":\"Tapas Magazine\"},\"image\":{\"@id\":\"https:\\\/\\\/www.tapasmagazine.es\\\/#\\\/schema\\\/logo\\\/image\\\/\"},\"sameAs\":[\"https:\\\/\\\/www.facebook.com\\\/tapasmagazine\",\"https:\\\/\\\/x.com\\\/TapasMagazine\",\"https:\\\/\\\/www.instagram.com\\\/tapasmagazine\\\/\",\"https:\\\/\\\/www.linkedin.com\\\/company\\\/tapas-magazine\",\"https:\\\/\\\/es.pinterest.com\\\/tapasmagazine\\\/\",\"https:\\\/\\\/www.youtube.com\\\/channel\\\/UCEyxneAaACuR0lfDagrWjjg?sub_confirmation=1\"]},{\"@type\":\"Person\",\"@id\":\"https:\\\/\\\/www.tapasmagazine.es\\\/#\\\/schema\\\/person\\\/894beae756bbe41297f5ab2b4582caff\",\"name\":\"Emilio Molines y Anabel Frutos\",\"url\":\"https:\\\/\\\/www.tapasmagazine.es\\\/en\\\/author\\\/emilio-molines-y-anabel-frutos\\\/\"}]}<\/script>\n<!-- \/ Yoast SEO plugin. -->","yoast_head_json":{"title":"Chefs on Fire, Portugal's best gastronomy and music festival - Tapas","description":"Click here to read the Spanish version.Portugal is one of those countries that you always want to visit at any time of the year and, if we talk about","robots":{"index":"index","follow":"follow","max-snippet":"max-snippet:-1","max-image-preview":"max-image-preview:large","max-video-preview":"max-video-preview:-1"},"canonical":"https:\/\/www.tapasmagazine.es\/asi-es-chefs-on-fire-el-mejor-festival-de-gastronomia-y-musica-de-portugal\/","og_locale":"en_US","og_type":"article","og_title":"Chefs on Fire, Portugal's best gastronomy and music festival - Tapas","og_description":"Click here to read the Spanish version.Portugal is one of those countries that you always want to visit at any time of the year and, if we talk about","og_url":"https:\/\/www.tapasmagazine.es\/asi-es-chefs-on-fire-el-mejor-festival-de-gastronomia-y-musica-de-portugal\/","og_site_name":"Tapas","article_publisher":"https:\/\/www.facebook.com\/tapasmagazine","article_published_time":"2023-11-05T08:00:00+00:00","og_image":[{"width":1200,"height":675,"url":"https:\/\/www.tapasmagazine.es\/wp-content\/uploads\/2023\/11\/Chefs-On-Fire-2023-\u00a9-Hayley-Kelsing.jpg","type":"image\/jpeg"}],"author":"Emilio Molines y Anabel Frutos","twitter_card":"summary_large_image","twitter_creator":"@TapasMagazine","twitter_site":"@TapasMagazine","twitter_misc":{"Written by":"Emilio Molines y Anabel Frutos","Est. reading time":"6 minutes"},"schema":{"@context":"https:\/\/schema.org","@graph":[{"@type":"Article","@id":"https:\/\/www.tapasmagazine.es\/asi-es-chefs-on-fire-el-mejor-festival-de-gastronomia-y-musica-de-portugal\/#article","isPartOf":{"@id":"https:\/\/www.tapasmagazine.es\/asi-es-chefs-on-fire-el-mejor-festival-de-gastronomia-y-musica-de-portugal\/"},"author":{"name":"Emilio Molines y Anabel Frutos","@id":"https:\/\/www.tapasmagazine.es\/#\/schema\/person\/894beae756bbe41297f5ab2b4582caff"},"headline":"Chefs on Fire, Portugal&#8217;s best gastronomy and music festival","datePublished":"2023-11-05T08:00:00+00:00","mainEntityOfPage":{"@id":"https:\/\/www.tapasmagazine.es\/asi-es-chefs-on-fire-el-mejor-festival-de-gastronomia-y-musica-de-portugal\/"},"wordCount":1017,"commentCount":0,"publisher":{"@id":"https:\/\/www.tapasmagazine.es\/#organization"},"image":{"@id":"https:\/\/www.tapasmagazine.es\/asi-es-chefs-on-fire-el-mejor-festival-de-gastronomia-y-musica-de-portugal\/#primaryimage"},"thumbnailUrl":"https:\/\/www.tapasmagazine.es\/wp-content\/uploads\/2023\/11\/Chefs-On-Fire-2023-\u00a9-Hayley-Kelsing.jpg","articleSection":["Reportajes"],"inLanguage":"en-US","potentialAction":[{"@type":"CommentAction","name":"Comment","target":["https:\/\/www.tapasmagazine.es\/asi-es-chefs-on-fire-el-mejor-festival-de-gastronomia-y-musica-de-portugal\/#respond"]}]},{"@type":"WebPage","@id":"https:\/\/www.tapasmagazine.es\/asi-es-chefs-on-fire-el-mejor-festival-de-gastronomia-y-musica-de-portugal\/","url":"https:\/\/www.tapasmagazine.es\/asi-es-chefs-on-fire-el-mejor-festival-de-gastronomia-y-musica-de-portugal\/","name":"Chefs on Fire, Portugal's best gastronomy and music festival - Tapas","isPartOf":{"@id":"https:\/\/www.tapasmagazine.es\/#website"},"primaryImageOfPage":{"@id":"https:\/\/www.tapasmagazine.es\/asi-es-chefs-on-fire-el-mejor-festival-de-gastronomia-y-musica-de-portugal\/#primaryimage"},"image":{"@id":"https:\/\/www.tapasmagazine.es\/asi-es-chefs-on-fire-el-mejor-festival-de-gastronomia-y-musica-de-portugal\/#primaryimage"},"thumbnailUrl":"https:\/\/www.tapasmagazine.es\/wp-content\/uploads\/2023\/11\/Chefs-On-Fire-2023-\u00a9-Hayley-Kelsing.jpg","datePublished":"2023-11-05T08:00:00+00:00","description":"Click here to read the Spanish version.Portugal is one of those countries that you always want to visit at any time of the year and, if we talk about","breadcrumb":{"@id":"https:\/\/www.tapasmagazine.es\/asi-es-chefs-on-fire-el-mejor-festival-de-gastronomia-y-musica-de-portugal\/#breadcrumb"},"inLanguage":"en-US","potentialAction":[{"@type":"ReadAction","target":["https:\/\/www.tapasmagazine.es\/asi-es-chefs-on-fire-el-mejor-festival-de-gastronomia-y-musica-de-portugal\/"]}]},{"@type":"ImageObject","inLanguage":"en-US","@id":"https:\/\/www.tapasmagazine.es\/asi-es-chefs-on-fire-el-mejor-festival-de-gastronomia-y-musica-de-portugal\/#primaryimage","url":"https:\/\/www.tapasmagazine.es\/wp-content\/uploads\/2023\/11\/Chefs-On-Fire-2023-\u00a9-Hayley-Kelsing.jpg","contentUrl":"https:\/\/www.tapasmagazine.es\/wp-content\/uploads\/2023\/11\/Chefs-On-Fire-2023-\u00a9-Hayley-Kelsing.jpg","width":1200,"height":675},{"@type":"BreadcrumbList","@id":"https:\/\/www.tapasmagazine.es\/asi-es-chefs-on-fire-el-mejor-festival-de-gastronomia-y-musica-de-portugal\/#breadcrumb","itemListElement":[{"@type":"ListItem","position":1,"name":"Portada","item":"https:\/\/www.tapasmagazine.es\/"},{"@type":"ListItem","position":2,"name":"Reportajes","item":"https:\/\/www.tapasmagazine.es\/en\/categorias\/reportajes-en\/"},{"@type":"ListItem","position":3,"name":"Chefs on Fire, Portugal&#8217;s best gastronomy and music festival"}]},{"@type":"WebSite","@id":"https:\/\/www.tapasmagazine.es\/#website","url":"https:\/\/www.tapasmagazine.es\/","name":"Tapas","description":"\u00d1am \u00d1am Lifestyle. La vida a bocados. Premio Nacional de Gastronom\u00eda 2016.","publisher":{"@id":"https:\/\/www.tapasmagazine.es\/#organization"},"potentialAction":[{"@type":"SearchAction","target":{"@type":"EntryPoint","urlTemplate":"https:\/\/www.tapasmagazine.es\/?s={search_term_string}"},"query-input":{"@type":"PropertyValueSpecification","valueRequired":true,"valueName":"search_term_string"}}],"inLanguage":"en-US"},{"@type":"Organization","@id":"https:\/\/www.tapasmagazine.es\/#organization","name":"Tapas Magazine","url":"https:\/\/www.tapasmagazine.es\/","logo":{"@type":"ImageObject","inLanguage":"en-US","@id":"https:\/\/www.tapasmagazine.es\/#\/schema\/logo\/image\/","url":"https:\/\/www.tapasmagazine.es\/wp-content\/uploads\/2018\/01\/logo.png","contentUrl":"https:\/\/www.tapasmagazine.es\/wp-content\/uploads\/2018\/01\/logo.png","width":180,"height":60,"caption":"Tapas Magazine"},"image":{"@id":"https:\/\/www.tapasmagazine.es\/#\/schema\/logo\/image\/"},"sameAs":["https:\/\/www.facebook.com\/tapasmagazine","https:\/\/x.com\/TapasMagazine","https:\/\/www.instagram.com\/tapasmagazine\/","https:\/\/www.linkedin.com\/company\/tapas-magazine","https:\/\/es.pinterest.com\/tapasmagazine\/","https:\/\/www.youtube.com\/channel\/UCEyxneAaACuR0lfDagrWjjg?sub_confirmation=1"]},{"@type":"Person","@id":"https:\/\/www.tapasmagazine.es\/#\/schema\/person\/894beae756bbe41297f5ab2b4582caff","name":"Emilio Molines y Anabel Frutos","url":"https:\/\/www.tapasmagazine.es\/en\/author\/emilio-molines-y-anabel-frutos\/"}]}},"_links":{"self":[{"href":"https:\/\/www.tapasmagazine.es\/en\/wp-json\/wp\/v2\/posts\/216320","targetHints":{"allow":["GET"]}}],"collection":[{"href":"https:\/\/www.tapasmagazine.es\/en\/wp-json\/wp\/v2\/posts"}],"about":[{"href":"https:\/\/www.tapasmagazine.es\/en\/wp-json\/wp\/v2\/types\/post"}],"author":[{"embeddable":true,"href":"https:\/\/www.tapasmagazine.es\/en\/wp-json\/wp\/v2\/users\/297"}],"replies":[{"embeddable":true,"href":"https:\/\/www.tapasmagazine.es\/en\/wp-json\/wp\/v2\/comments?post=216320"}],"version-history":[{"count":3,"href":"https:\/\/www.tapasmagazine.es\/en\/wp-json\/wp\/v2\/posts\/216320\/revisions"}],"predecessor-version":[{"id":216324,"href":"https:\/\/www.tapasmagazine.es\/en\/wp-json\/wp\/v2\/posts\/216320\/revisions\/216324"}],"wp:featuredmedia":[{"embeddable":true,"href":"https:\/\/www.tapasmagazine.es\/en\/wp-json\/wp\/v2\/media\/216310"}],"wp:attachment":[{"href":"https:\/\/www.tapasmagazine.es\/en\/wp-json\/wp\/v2\/media?parent=216320"}],"wp:term":[{"taxonomy":"category","embeddable":true,"href":"https:\/\/www.tapasmagazine.es\/en\/wp-json\/wp\/v2\/categories?post=216320"},{"taxonomy":"post_tag","embeddable":true,"href":"https:\/\/www.tapasmagazine.es\/en\/wp-json\/wp\/v2\/tags?post=216320"}],"curies":[{"name":"wp","href":"https:\/\/api.w.org\/{rel}","templated":true}]}}