{"id":216147,"date":"2023-11-02T12:55:00","date_gmt":"2023-11-02T11:55:00","guid":{"rendered":"https:\/\/www.tapasmagazine.es\/asi-sera-la-segunda-edicion-de-los-premios-t-de-oro-de-tapas-magazine\/"},"modified":"2023-11-02T15:44:59","modified_gmt":"2023-11-02T14:44:59","slug":"this-will-be-the-second-edition-of-the-tapas-magazine-t-de-oro-awards","status":"publish","type":"post","link":"https:\/\/www.tapasmagazine.es\/en\/this-will-be-the-second-edition-of-the-tapas-magazine-t-de-oro-awards\/","title":{"rendered":"This will be the second edition of the Tapas Magazine T de Oro Awards"},"content":{"rendered":"\n<p>For the second year, Tapas Magazine will bring together the most prominent personalities in the culinary world to present the most important restaurants of the year in a new edition of the Golden T Awards, an event that rewards 18 talented chefs, one for each autonomous community, among other awards. The gastronomic event will take place on November 6 at the <a href=\"https:\/\/madrid.intercontinental.com\/es\/\" target=\"_blank\" rel=\"noreferrer noopener\">Intercontinental Hotel<\/a>, a classic in the capital that has renewed its image in 2023 to adapt to the new times, coinciding with its 70th birthday. In addition, guests will be able to enjoy the wines of <a href=\"https:\/\/www.15bodegas.com\/vina-pomal\" target=\"_blank\" rel=\"noreferrer noopener\">Vi\u00f1a Pomal<\/a>, the official sponsor of these Awards, as well as the Tapas Guide, which will also be presented on the same day.<\/p>\n\n\n\n<p>The aim of the T de Oro awards is to recognize all those talents with the potential to become future references of Spanish gastronomy; and also to recognize professionals with a long career who deserve to be awarded for their excellent work.<\/p>\n\n\n\n<figure class=\"wp-block-image size-large\"><a href=\"https:\/\/www.tapasmagazine.es\/wp-content\/uploads\/2023\/10\/ganadores-t-de-oro-2022.jpg\"><img decoding=\"async\" width=\"1024\" height=\"576\" src=\"https:\/\/www.tapasmagazine.es\/wp-content\/uploads\/2023\/10\/ganadores-t-de-oro-2022-1024x576.jpg\" alt=\"\" class=\"wp-image-215950\" srcset=\"https:\/\/www.tapasmagazine.es\/wp-content\/uploads\/2023\/10\/ganadores-t-de-oro-2022-1024x576.jpg 1024w, https:\/\/www.tapasmagazine.es\/wp-content\/uploads\/2023\/10\/ganadores-t-de-oro-2022-300x169.jpg 300w, https:\/\/www.tapasmagazine.es\/wp-content\/uploads\/2023\/10\/ganadores-t-de-oro-2022-768x432.jpg 768w, https:\/\/www.tapasmagazine.es\/wp-content\/uploads\/2023\/10\/ganadores-t-de-oro-2022-1000x563.jpg 1000w, https:\/\/www.tapasmagazine.es\/wp-content\/uploads\/2023\/10\/ganadores-t-de-oro-2022-400x225.jpg 400w, https:\/\/www.tapasmagazine.es\/wp-content\/uploads\/2023\/10\/ganadores-t-de-oro-2022.jpg 1200w\" sizes=\"(max-width: 1024px) 100vw, 1024px\" \/><\/a><figcaption class=\"wp-element-caption\">Andr\u00e9s Rodr\u00edguez, presidente de SpainMedia, editor y director de Tapas Magazine y Forbes Espa\u00f1a, junto con los ganadores de las T de Oro de 2022.<\/figcaption><\/figure>\n\n\n\n<p>As in the last edition, during the T de Oro the Tapas Magazine team will present the new &#8216;Gu\u00eda para comerse y beberse Espa\u00f1a&#8217; of 2023 -available from that day-, which compiles more than 700 outstanding restaurants from all over Spain, including the winners of the T de Oro in each community.<\/p>\n\n\n\n<h2 class=\"wp-block-heading\">Vi\u00f1a Pomal, official sponsor of the T de Oro 2023<\/h2>\n\n\n\n<p>This year, the event will be paired by Vi\u00f1a Pomal, the prestigious winery that, after almost 120 years of history, has been able to combine tradition and innovation to adapt its image and product to current times, without having to give up the value of the classic and original. As an official sponsor of the T de Oro 2023 awards, guests will be able to taste different wines from the winery throughout the event: Vi\u00f1a Pomal Crianza 2020 and Vi\u00f1a Pomal Reserva 2016, during the cocktail reception; and Vi\u00f1a Pomal Selecci\u00f3n 106 2018 and Vi\u00f1a Pomal Gran Reserva 2015, at the dinner following the awards.<\/p>\n\n\n\n<figure class=\"wp-block-image size-large\"><a href=\"https:\/\/www.tapasmagazine.es\/wp-content\/uploads\/2023\/10\/vina-pomal-vinos.jpg\"><img decoding=\"async\" width=\"1024\" height=\"576\" src=\"https:\/\/www.tapasmagazine.es\/wp-content\/uploads\/2023\/10\/vina-pomal-vinos-1024x576.jpg\" alt=\"\" class=\"wp-image-216012\" srcset=\"https:\/\/www.tapasmagazine.es\/wp-content\/uploads\/2023\/10\/vina-pomal-vinos-1024x576.jpg 1024w, https:\/\/www.tapasmagazine.es\/wp-content\/uploads\/2023\/10\/vina-pomal-vinos-300x169.jpg 300w, https:\/\/www.tapasmagazine.es\/wp-content\/uploads\/2023\/10\/vina-pomal-vinos-768x432.jpg 768w, https:\/\/www.tapasmagazine.es\/wp-content\/uploads\/2023\/10\/vina-pomal-vinos-1000x563.jpg 1000w, https:\/\/www.tapasmagazine.es\/wp-content\/uploads\/2023\/10\/vina-pomal-vinos-400x225.jpg 400w, https:\/\/www.tapasmagazine.es\/wp-content\/uploads\/2023\/10\/vina-pomal-vinos.jpg 1200w\" sizes=\"(max-width: 1024px) 100vw, 1024px\" \/><\/a><\/figure>\n\n\n\n<p>For these T de Oro we will also have Honda Automoviles and Cervezas Alhambra, beers made without haste where time is one of the essential ingredients to achieve a flavor difficult to forget.<\/p>\n\n\n\n<p>In addition, we could not be better accompanied at such an important event for gastronomy, thanks to the presence of institutions such as the <strong>Ayuntamiento de Madrid, Turismo de Castilla La Mancha, Ra\u00edz Culinaria, Comunitat Valenciana, Comunidad de Madrid, ARAG\u00d3N TURISMO y ARAG\u00d3N ALIMENTOS, Xunta de Galicia y La Rioja<\/strong> and <strong>#productoriojano<\/strong>.<\/p>\n","protected":false},"excerpt":{"rendered":"<p>For the second year, Tapas Magazine will bring together the most prominent personalities in the culinary world to present the most important restaurants of the year in a new edition of the Golden T Awards, an event that rewards 18 talented chefs, one for each autonomous community, among other awards. The gastronomic event will take [&hellip;]<\/p>\n","protected":false},"author":249,"featured_media":215947,"comment_status":"open","ping_status":"closed","sticky":false,"template":"single-feature.php","format":"standard","meta":{"_acf_changed":false,"footnotes":""},"categories":[15807,18653],"tags":[],"class_list":["post-216147","post","type-post","status-publish","format-standard","has-post-thumbnail","hentry","category-gastro-en","category-t-de-oro-en","cat-15807-id","cat-18653-id"],"acf":[],"yoast_head":"<!-- This site is optimized with the Yoast SEO plugin v27.4 - https:\/\/yoast.com\/product\/yoast-seo-wordpress\/ -->\n<title>This will be the second edition of the Tapas Magazine T de Oro Awards - Tapas<\/title>\n<meta name=\"description\" content=\"For the second year, Tapas Magazine will bring together the most prominent personalities in the culinary world to present the most important restaurants\" \/>\n<meta name=\"robots\" content=\"index, follow, max-snippet:-1, max-image-preview:large, max-video-preview:-1\" \/>\n<link rel=\"canonical\" href=\"https:\/\/www.tapasmagazine.es\/en\/this-will-be-the-second-edition-of-the-tapas-magazine-t-de-oro-awards\/\" \/>\n<meta property=\"og:locale\" content=\"en_US\" \/>\n<meta property=\"og:type\" content=\"article\" \/>\n<meta property=\"og:title\" content=\"This will be the second edition of the Tapas Magazine T de Oro Awards - Tapas\" \/>\n<meta property=\"og:description\" content=\"For the second year, Tapas Magazine will bring together the most prominent personalities in the culinary world to present the most important restaurants\" \/>\n<meta property=\"og:url\" content=\"https:\/\/www.tapasmagazine.es\/en\/this-will-be-the-second-edition-of-the-tapas-magazine-t-de-oro-awards\/\" \/>\n<meta property=\"og:site_name\" content=\"Tapas\" \/>\n<meta property=\"article:publisher\" content=\"https:\/\/www.facebook.com\/tapasmagazine\" \/>\n<meta property=\"article:published_time\" content=\"2023-11-02T11:55:00+00:00\" \/>\n<meta property=\"article:modified_time\" content=\"2023-11-02T14:44:59+00:00\" \/>\n<meta property=\"og:image\" content=\"https:\/\/www.tapasmagazine.es\/wp-content\/uploads\/2023\/10\/Llega-la-primera-edicion-de-las-T-DE-ORO-de-Tapas-Magazine.jpg\" \/>\n\t<meta property=\"og:image:width\" content=\"1200\" \/>\n\t<meta property=\"og:image:height\" content=\"675\" \/>\n\t<meta property=\"og:image:type\" content=\"image\/jpeg\" \/>\n<meta name=\"author\" content=\"TAPAS\" \/>\n<meta name=\"twitter:card\" content=\"summary_large_image\" \/>\n<meta name=\"twitter:creator\" content=\"@TapasMagazine\" \/>\n<meta name=\"twitter:site\" content=\"@TapasMagazine\" \/>\n<meta name=\"twitter:label1\" content=\"Written by\" \/>\n\t<meta name=\"twitter:data1\" content=\"TAPAS\" \/>\n\t<meta name=\"twitter:label2\" content=\"Est. reading time\" \/>\n\t<meta name=\"twitter:data2\" content=\"3 minutes\" \/>\n<script type=\"application\/ld+json\" class=\"yoast-schema-graph\">{\"@context\":\"https:\\\/\\\/schema.org\",\"@graph\":[{\"@type\":\"Article\",\"@id\":\"https:\\\/\\\/www.tapasmagazine.es\\\/en\\\/this-will-be-the-second-edition-of-the-tapas-magazine-t-de-oro-awards\\\/#article\",\"isPartOf\":{\"@id\":\"https:\\\/\\\/www.tapasmagazine.es\\\/en\\\/this-will-be-the-second-edition-of-the-tapas-magazine-t-de-oro-awards\\\/\"},\"author\":{\"name\":\"TAPAS\",\"@id\":\"https:\\\/\\\/www.tapasmagazine.es\\\/#\\\/schema\\\/person\\\/906ea2ea4697837608d99f4cc085cea3\"},\"headline\":\"This will be the second edition of the Tapas Magazine T de Oro Awards\",\"datePublished\":\"2023-11-02T11:55:00+00:00\",\"dateModified\":\"2023-11-02T14:44:59+00:00\",\"mainEntityOfPage\":{\"@id\":\"https:\\\/\\\/www.tapasmagazine.es\\\/en\\\/this-will-be-the-second-edition-of-the-tapas-magazine-t-de-oro-awards\\\/\"},\"wordCount\":455,\"commentCount\":0,\"publisher\":{\"@id\":\"https:\\\/\\\/www.tapasmagazine.es\\\/#organization\"},\"image\":{\"@id\":\"https:\\\/\\\/www.tapasmagazine.es\\\/en\\\/this-will-be-the-second-edition-of-the-tapas-magazine-t-de-oro-awards\\\/#primaryimage\"},\"thumbnailUrl\":\"https:\\\/\\\/www.tapasmagazine.es\\\/wp-content\\\/uploads\\\/2023\\\/10\\\/Llega-la-primera-edicion-de-las-T-DE-ORO-de-Tapas-Magazine.jpg\",\"articleSection\":[\"Gastro\",\"T de Oro\"],\"inLanguage\":\"en-US\",\"potentialAction\":[{\"@type\":\"CommentAction\",\"name\":\"Comment\",\"target\":[\"https:\\\/\\\/www.tapasmagazine.es\\\/en\\\/this-will-be-the-second-edition-of-the-tapas-magazine-t-de-oro-awards\\\/#respond\"]}]},{\"@type\":\"WebPage\",\"@id\":\"https:\\\/\\\/www.tapasmagazine.es\\\/en\\\/this-will-be-the-second-edition-of-the-tapas-magazine-t-de-oro-awards\\\/\",\"url\":\"https:\\\/\\\/www.tapasmagazine.es\\\/en\\\/this-will-be-the-second-edition-of-the-tapas-magazine-t-de-oro-awards\\\/\",\"name\":\"This will be the second edition of the Tapas Magazine T de Oro Awards - Tapas\",\"isPartOf\":{\"@id\":\"https:\\\/\\\/www.tapasmagazine.es\\\/#website\"},\"primaryImageOfPage\":{\"@id\":\"https:\\\/\\\/www.tapasmagazine.es\\\/en\\\/this-will-be-the-second-edition-of-the-tapas-magazine-t-de-oro-awards\\\/#primaryimage\"},\"image\":{\"@id\":\"https:\\\/\\\/www.tapasmagazine.es\\\/en\\\/this-will-be-the-second-edition-of-the-tapas-magazine-t-de-oro-awards\\\/#primaryimage\"},\"thumbnailUrl\":\"https:\\\/\\\/www.tapasmagazine.es\\\/wp-content\\\/uploads\\\/2023\\\/10\\\/Llega-la-primera-edicion-de-las-T-DE-ORO-de-Tapas-Magazine.jpg\",\"datePublished\":\"2023-11-02T11:55:00+00:00\",\"dateModified\":\"2023-11-02T14:44:59+00:00\",\"description\":\"For the second year, Tapas Magazine will bring together the most prominent personalities in the culinary world to present the most important restaurants\",\"breadcrumb\":{\"@id\":\"https:\\\/\\\/www.tapasmagazine.es\\\/en\\\/this-will-be-the-second-edition-of-the-tapas-magazine-t-de-oro-awards\\\/#breadcrumb\"},\"inLanguage\":\"en-US\",\"potentialAction\":[{\"@type\":\"ReadAction\",\"target\":[\"https:\\\/\\\/www.tapasmagazine.es\\\/en\\\/this-will-be-the-second-edition-of-the-tapas-magazine-t-de-oro-awards\\\/\"]}]},{\"@type\":\"ImageObject\",\"inLanguage\":\"en-US\",\"@id\":\"https:\\\/\\\/www.tapasmagazine.es\\\/en\\\/this-will-be-the-second-edition-of-the-tapas-magazine-t-de-oro-awards\\\/#primaryimage\",\"url\":\"https:\\\/\\\/www.tapasmagazine.es\\\/wp-content\\\/uploads\\\/2023\\\/10\\\/Llega-la-primera-edicion-de-las-T-DE-ORO-de-Tapas-Magazine.jpg\",\"contentUrl\":\"https:\\\/\\\/www.tapasmagazine.es\\\/wp-content\\\/uploads\\\/2023\\\/10\\\/Llega-la-primera-edicion-de-las-T-DE-ORO-de-Tapas-Magazine.jpg\",\"width\":1200,\"height\":675},{\"@type\":\"BreadcrumbList\",\"@id\":\"https:\\\/\\\/www.tapasmagazine.es\\\/en\\\/this-will-be-the-second-edition-of-the-tapas-magazine-t-de-oro-awards\\\/#breadcrumb\",\"itemListElement\":[{\"@type\":\"ListItem\",\"position\":1,\"name\":\"Portada\",\"item\":\"https:\\\/\\\/www.tapasmagazine.es\\\/\"},{\"@type\":\"ListItem\",\"position\":2,\"name\":\"T de Oro\",\"item\":\"https:\\\/\\\/www.tapasmagazine.es\\\/categorias\\\/t-de-oro\\\/\"},{\"@type\":\"ListItem\",\"position\":3,\"name\":\"This will be the second edition of the Tapas Magazine T de Oro Awards\"}]},{\"@type\":\"WebSite\",\"@id\":\"https:\\\/\\\/www.tapasmagazine.es\\\/#website\",\"url\":\"https:\\\/\\\/www.tapasmagazine.es\\\/\",\"name\":\"Tapas\",\"description\":\"\u00d1am \u00d1am Lifestyle. La vida a bocados. Premio Nacional de Gastronom\u00eda 2016.\",\"publisher\":{\"@id\":\"https:\\\/\\\/www.tapasmagazine.es\\\/#organization\"},\"potentialAction\":[{\"@type\":\"SearchAction\",\"target\":{\"@type\":\"EntryPoint\",\"urlTemplate\":\"https:\\\/\\\/www.tapasmagazine.es\\\/?s={search_term_string}\"},\"query-input\":{\"@type\":\"PropertyValueSpecification\",\"valueRequired\":true,\"valueName\":\"search_term_string\"}}],\"inLanguage\":\"en-US\"},{\"@type\":\"Organization\",\"@id\":\"https:\\\/\\\/www.tapasmagazine.es\\\/#organization\",\"name\":\"Tapas Magazine\",\"url\":\"https:\\\/\\\/www.tapasmagazine.es\\\/\",\"logo\":{\"@type\":\"ImageObject\",\"inLanguage\":\"en-US\",\"@id\":\"https:\\\/\\\/www.tapasmagazine.es\\\/#\\\/schema\\\/logo\\\/image\\\/\",\"url\":\"https:\\\/\\\/www.tapasmagazine.es\\\/wp-content\\\/uploads\\\/2018\\\/01\\\/logo.png\",\"contentUrl\":\"https:\\\/\\\/www.tapasmagazine.es\\\/wp-content\\\/uploads\\\/2018\\\/01\\\/logo.png\",\"width\":180,\"height\":60,\"caption\":\"Tapas Magazine\"},\"image\":{\"@id\":\"https:\\\/\\\/www.tapasmagazine.es\\\/#\\\/schema\\\/logo\\\/image\\\/\"},\"sameAs\":[\"https:\\\/\\\/www.facebook.com\\\/tapasmagazine\",\"https:\\\/\\\/x.com\\\/TapasMagazine\",\"https:\\\/\\\/www.instagram.com\\\/tapasmagazine\\\/\",\"https:\\\/\\\/www.linkedin.com\\\/company\\\/tapas-magazine\",\"https:\\\/\\\/es.pinterest.com\\\/tapasmagazine\\\/\",\"https:\\\/\\\/www.youtube.com\\\/channel\\\/UCEyxneAaACuR0lfDagrWjjg?sub_confirmation=1\"]},{\"@type\":\"Person\",\"@id\":\"https:\\\/\\\/www.tapasmagazine.es\\\/#\\\/schema\\\/person\\\/906ea2ea4697837608d99f4cc085cea3\",\"name\":\"TAPAS\",\"url\":\"https:\\\/\\\/www.tapasmagazine.es\\\/en\\\/author\\\/tapas\\\/\"}]}<\/script>\n<!-- \/ Yoast SEO plugin. -->","yoast_head_json":{"title":"This will be the second edition of the Tapas Magazine T de Oro Awards - Tapas","description":"For the second year, Tapas Magazine will bring together the most prominent personalities in the culinary world to present the most important restaurants","robots":{"index":"index","follow":"follow","max-snippet":"max-snippet:-1","max-image-preview":"max-image-preview:large","max-video-preview":"max-video-preview:-1"},"canonical":"https:\/\/www.tapasmagazine.es\/en\/this-will-be-the-second-edition-of-the-tapas-magazine-t-de-oro-awards\/","og_locale":"en_US","og_type":"article","og_title":"This will be the second edition of the Tapas Magazine T de Oro Awards - Tapas","og_description":"For the second year, Tapas Magazine will bring together the most prominent personalities in the culinary world to present the most important restaurants","og_url":"https:\/\/www.tapasmagazine.es\/en\/this-will-be-the-second-edition-of-the-tapas-magazine-t-de-oro-awards\/","og_site_name":"Tapas","article_publisher":"https:\/\/www.facebook.com\/tapasmagazine","article_published_time":"2023-11-02T11:55:00+00:00","article_modified_time":"2023-11-02T14:44:59+00:00","og_image":[{"width":1200,"height":675,"url":"https:\/\/www.tapasmagazine.es\/wp-content\/uploads\/2023\/10\/Llega-la-primera-edicion-de-las-T-DE-ORO-de-Tapas-Magazine.jpg","type":"image\/jpeg"}],"author":"TAPAS","twitter_card":"summary_large_image","twitter_creator":"@TapasMagazine","twitter_site":"@TapasMagazine","twitter_misc":{"Written by":"TAPAS","Est. reading time":"3 minutes"},"schema":{"@context":"https:\/\/schema.org","@graph":[{"@type":"Article","@id":"https:\/\/www.tapasmagazine.es\/en\/this-will-be-the-second-edition-of-the-tapas-magazine-t-de-oro-awards\/#article","isPartOf":{"@id":"https:\/\/www.tapasmagazine.es\/en\/this-will-be-the-second-edition-of-the-tapas-magazine-t-de-oro-awards\/"},"author":{"name":"TAPAS","@id":"https:\/\/www.tapasmagazine.es\/#\/schema\/person\/906ea2ea4697837608d99f4cc085cea3"},"headline":"This will be the second edition of the Tapas Magazine T de Oro Awards","datePublished":"2023-11-02T11:55:00+00:00","dateModified":"2023-11-02T14:44:59+00:00","mainEntityOfPage":{"@id":"https:\/\/www.tapasmagazine.es\/en\/this-will-be-the-second-edition-of-the-tapas-magazine-t-de-oro-awards\/"},"wordCount":455,"commentCount":0,"publisher":{"@id":"https:\/\/www.tapasmagazine.es\/#organization"},"image":{"@id":"https:\/\/www.tapasmagazine.es\/en\/this-will-be-the-second-edition-of-the-tapas-magazine-t-de-oro-awards\/#primaryimage"},"thumbnailUrl":"https:\/\/www.tapasmagazine.es\/wp-content\/uploads\/2023\/10\/Llega-la-primera-edicion-de-las-T-DE-ORO-de-Tapas-Magazine.jpg","articleSection":["Gastro","T de Oro"],"inLanguage":"en-US","potentialAction":[{"@type":"CommentAction","name":"Comment","target":["https:\/\/www.tapasmagazine.es\/en\/this-will-be-the-second-edition-of-the-tapas-magazine-t-de-oro-awards\/#respond"]}]},{"@type":"WebPage","@id":"https:\/\/www.tapasmagazine.es\/en\/this-will-be-the-second-edition-of-the-tapas-magazine-t-de-oro-awards\/","url":"https:\/\/www.tapasmagazine.es\/en\/this-will-be-the-second-edition-of-the-tapas-magazine-t-de-oro-awards\/","name":"This will be the second edition of the Tapas Magazine T de Oro Awards - Tapas","isPartOf":{"@id":"https:\/\/www.tapasmagazine.es\/#website"},"primaryImageOfPage":{"@id":"https:\/\/www.tapasmagazine.es\/en\/this-will-be-the-second-edition-of-the-tapas-magazine-t-de-oro-awards\/#primaryimage"},"image":{"@id":"https:\/\/www.tapasmagazine.es\/en\/this-will-be-the-second-edition-of-the-tapas-magazine-t-de-oro-awards\/#primaryimage"},"thumbnailUrl":"https:\/\/www.tapasmagazine.es\/wp-content\/uploads\/2023\/10\/Llega-la-primera-edicion-de-las-T-DE-ORO-de-Tapas-Magazine.jpg","datePublished":"2023-11-02T11:55:00+00:00","dateModified":"2023-11-02T14:44:59+00:00","description":"For the second year, Tapas Magazine will bring together the most prominent personalities in the culinary world to present the most important restaurants","breadcrumb":{"@id":"https:\/\/www.tapasmagazine.es\/en\/this-will-be-the-second-edition-of-the-tapas-magazine-t-de-oro-awards\/#breadcrumb"},"inLanguage":"en-US","potentialAction":[{"@type":"ReadAction","target":["https:\/\/www.tapasmagazine.es\/en\/this-will-be-the-second-edition-of-the-tapas-magazine-t-de-oro-awards\/"]}]},{"@type":"ImageObject","inLanguage":"en-US","@id":"https:\/\/www.tapasmagazine.es\/en\/this-will-be-the-second-edition-of-the-tapas-magazine-t-de-oro-awards\/#primaryimage","url":"https:\/\/www.tapasmagazine.es\/wp-content\/uploads\/2023\/10\/Llega-la-primera-edicion-de-las-T-DE-ORO-de-Tapas-Magazine.jpg","contentUrl":"https:\/\/www.tapasmagazine.es\/wp-content\/uploads\/2023\/10\/Llega-la-primera-edicion-de-las-T-DE-ORO-de-Tapas-Magazine.jpg","width":1200,"height":675},{"@type":"BreadcrumbList","@id":"https:\/\/www.tapasmagazine.es\/en\/this-will-be-the-second-edition-of-the-tapas-magazine-t-de-oro-awards\/#breadcrumb","itemListElement":[{"@type":"ListItem","position":1,"name":"Portada","item":"https:\/\/www.tapasmagazine.es\/"},{"@type":"ListItem","position":2,"name":"T de Oro","item":"https:\/\/www.tapasmagazine.es\/categorias\/t-de-oro\/"},{"@type":"ListItem","position":3,"name":"This will be the second edition of the Tapas Magazine T de Oro Awards"}]},{"@type":"WebSite","@id":"https:\/\/www.tapasmagazine.es\/#website","url":"https:\/\/www.tapasmagazine.es\/","name":"Tapas","description":"\u00d1am \u00d1am Lifestyle. La vida a bocados. Premio Nacional de Gastronom\u00eda 2016.","publisher":{"@id":"https:\/\/www.tapasmagazine.es\/#organization"},"potentialAction":[{"@type":"SearchAction","target":{"@type":"EntryPoint","urlTemplate":"https:\/\/www.tapasmagazine.es\/?s={search_term_string}"},"query-input":{"@type":"PropertyValueSpecification","valueRequired":true,"valueName":"search_term_string"}}],"inLanguage":"en-US"},{"@type":"Organization","@id":"https:\/\/www.tapasmagazine.es\/#organization","name":"Tapas Magazine","url":"https:\/\/www.tapasmagazine.es\/","logo":{"@type":"ImageObject","inLanguage":"en-US","@id":"https:\/\/www.tapasmagazine.es\/#\/schema\/logo\/image\/","url":"https:\/\/www.tapasmagazine.es\/wp-content\/uploads\/2018\/01\/logo.png","contentUrl":"https:\/\/www.tapasmagazine.es\/wp-content\/uploads\/2018\/01\/logo.png","width":180,"height":60,"caption":"Tapas Magazine"},"image":{"@id":"https:\/\/www.tapasmagazine.es\/#\/schema\/logo\/image\/"},"sameAs":["https:\/\/www.facebook.com\/tapasmagazine","https:\/\/x.com\/TapasMagazine","https:\/\/www.instagram.com\/tapasmagazine\/","https:\/\/www.linkedin.com\/company\/tapas-magazine","https:\/\/es.pinterest.com\/tapasmagazine\/","https:\/\/www.youtube.com\/channel\/UCEyxneAaACuR0lfDagrWjjg?sub_confirmation=1"]},{"@type":"Person","@id":"https:\/\/www.tapasmagazine.es\/#\/schema\/person\/906ea2ea4697837608d99f4cc085cea3","name":"TAPAS","url":"https:\/\/www.tapasmagazine.es\/en\/author\/tapas\/"}]}},"_links":{"self":[{"href":"https:\/\/www.tapasmagazine.es\/en\/wp-json\/wp\/v2\/posts\/216147","targetHints":{"allow":["GET"]}}],"collection":[{"href":"https:\/\/www.tapasmagazine.es\/en\/wp-json\/wp\/v2\/posts"}],"about":[{"href":"https:\/\/www.tapasmagazine.es\/en\/wp-json\/wp\/v2\/types\/post"}],"author":[{"embeddable":true,"href":"https:\/\/www.tapasmagazine.es\/en\/wp-json\/wp\/v2\/users\/249"}],"replies":[{"embeddable":true,"href":"https:\/\/www.tapasmagazine.es\/en\/wp-json\/wp\/v2\/comments?post=216147"}],"version-history":[{"count":6,"href":"https:\/\/www.tapasmagazine.es\/en\/wp-json\/wp\/v2\/posts\/216147\/revisions"}],"predecessor-version":[{"id":216159,"href":"https:\/\/www.tapasmagazine.es\/en\/wp-json\/wp\/v2\/posts\/216147\/revisions\/216159"}],"wp:featuredmedia":[{"embeddable":true,"href":"https:\/\/www.tapasmagazine.es\/en\/wp-json\/wp\/v2\/media\/215947"}],"wp:attachment":[{"href":"https:\/\/www.tapasmagazine.es\/en\/wp-json\/wp\/v2\/media?parent=216147"}],"wp:term":[{"taxonomy":"category","embeddable":true,"href":"https:\/\/www.tapasmagazine.es\/en\/wp-json\/wp\/v2\/categories?post=216147"},{"taxonomy":"post_tag","embeddable":true,"href":"https:\/\/www.tapasmagazine.es\/en\/wp-json\/wp\/v2\/tags?post=216147"}],"curies":[{"name":"wp","href":"https:\/\/api.w.org\/{rel}","templated":true}]}}