{"id":215896,"date":"2023-10-31T11:45:55","date_gmt":"2023-10-31T10:45:55","guid":{"rendered":"https:\/\/www.tapasmagazine.es\/fallece-jose-luis-zamorano-ilustre-de-la-publicidad-y-autor-del-lema-si-no-hay-casera-nos-vamos\/"},"modified":"2023-10-31T12:08:58","modified_gmt":"2023-10-31T11:08:58","slug":"we-remember-jose-luis-zamorano-author-of-campaign-si-no-hya-casera-nos-vamos","status":"publish","type":"post","link":"https:\/\/www.tapasmagazine.es\/en\/we-remember-jose-luis-zamorano-author-of-campaign-si-no-hya-casera-nos-vamos\/","title":{"rendered":"\u2018Si no hay Casera, nos vamos\u2019: we remember Jose Luis Zamorano, author of the campaign and an illustrious figure of the advertising industry"},"content":{"rendered":"\n<p><strong>Click <a href=\"https:\/\/www.tapasmagazine.es\/fallece-jose-luis-zamorano-ilustre-de-la-publicidad-y-autor-del-lema-si-no-hay-casera-nos-vamos\/\" target=\"_blank\" rel=\"noreferrer noopener\">here<\/a> to read the Spanish version.<\/strong><br>The advertising world is in mourning. Jose Luis Zamorano, an illustrious figure in advertising and Honorary Member of the Academy of Advertising, has just passed away at the age of 89. Zamorano had a great contribution to the advertising world creating campaigns for prestigious brands such as Osborne, McDonald&#8217;s, Loewe, Gillette, Trinaranjus, Planeta or La Casera. In fact, for this last brand he created one of his most remembered slogans: &#8220;If there&#8217;s no casera, we&#8217;re leaving&#8221;.<\/p>\n\n\n\n<figure class=\"wp-block-image size-large\"><a href=\"https:\/\/www.tapasmagazine.es\/wp-content\/uploads\/2023\/10\/Jose-Luis-Zamorano-1.jpg\"><img decoding=\"async\" width=\"1024\" height=\"576\" src=\"https:\/\/www.tapasmagazine.es\/wp-content\/uploads\/2023\/10\/Jose-Luis-Zamorano-1-1024x576.jpg\" alt=\"\" class=\"wp-image-215902\" srcset=\"https:\/\/www.tapasmagazine.es\/wp-content\/uploads\/2023\/10\/Jose-Luis-Zamorano-1-1024x576.jpg 1024w, https:\/\/www.tapasmagazine.es\/wp-content\/uploads\/2023\/10\/Jose-Luis-Zamorano-1-300x169.jpg 300w, https:\/\/www.tapasmagazine.es\/wp-content\/uploads\/2023\/10\/Jose-Luis-Zamorano-1-768x432.jpg 768w, https:\/\/www.tapasmagazine.es\/wp-content\/uploads\/2023\/10\/Jose-Luis-Zamorano-1-1000x563.jpg 1000w, https:\/\/www.tapasmagazine.es\/wp-content\/uploads\/2023\/10\/Jose-Luis-Zamorano-1-400x225.jpg 400w, https:\/\/www.tapasmagazine.es\/wp-content\/uploads\/2023\/10\/Jose-Luis-Zamorano-1.jpg 1200w\" sizes=\"(max-width: 1024px) 100vw, 1024px\" \/><\/a><\/figure>\n\n\n\n<p>With an extensive professional career that began in 1959, when he was only 13 years old in the agency &#8216;Hijos de Valeriano P\u00e9rez&#8217;, Jose Luis Zamorano founded the agency T\u00e1ndem in 1971 and, in 1974, he co-founded Contrapunto, working with important clients such as Richardson Vicks, AEG or Fontecelta. He was also part of other leading advertising agencies such as Continental (+Werbegesellschaft), Envass, Grupo 13, Clar\u00edn, Balena, Danis or Ficheros M\u00e9dicos.<\/p>\n\n\n\n<figure class=\"wp-block-embed is-type-video is-provider-youtube wp-block-embed-youtube wp-embed-aspect-4-3 wp-has-aspect-ratio\"><div class=\"wp-block-embed__wrapper\">\n<iframe title=\"Si no hay Casera nos vamos: Restaurante\" width=\"640\" height=\"480\" src=\"https:\/\/www.youtube.com\/embed\/OziU5slWBD0?start=17&#038;feature=oembed\" frameborder=\"0\" allow=\"accelerometer; autoplay; clipboard-write; encrypted-media; gyroscope; picture-in-picture; web-share\" referrerpolicy=\"strict-origin-when-cross-origin\" allowfullscreen><\/iframe>\n<\/div><\/figure>\n\n\n\n<p>Zamorano also published an autobiographical work entitled No te hagas ni medio l\u00edo, in which he recounted his professional career in the advertising sector, with numerous experiences and anecdotes throughout his decades-long career.<\/p>\n","protected":false},"excerpt":{"rendered":"<p>Click here to read the Spanish version.The advertising world is in mourning. Jose Luis Zamorano, an illustrious figure in advertising and Honorary Member of the Academy of Advertising, has just passed away at the age of 89. Zamorano had a great contribution to the advertising world creating campaigns for prestigious brands such as Osborne, McDonald&#8217;s, [&hellip;]<\/p>\n","protected":false},"author":249,"featured_media":215909,"comment_status":"open","ping_status":"closed","sticky":false,"template":"single-feature.php","format":"standard","meta":{"_acf_changed":false,"footnotes":""},"categories":[15802],"tags":[],"class_list":["post-215896","post","type-post","status-publish","format-standard","has-post-thumbnail","hentry","category-news","cat-15802-id"],"acf":[],"yoast_head":"<!-- This site is optimized with the Yoast SEO plugin v27.5 - https:\/\/yoast.com\/product\/yoast-seo-wordpress\/ -->\n<title>\u2018Si no hay Casera, nos vamos\u2019: we remember Jose Luis Zamorano, author of the campaign and an illustrious figure of the advertising industry<\/title>\n<meta name=\"description\" content=\"Click here to read the Spanish version.The advertising world is in mourning. Jose Luis Zamorano, an illustrious figure in advertising and Honorary Member\" \/>\n<meta name=\"robots\" content=\"index, follow, max-snippet:-1, max-image-preview:large, max-video-preview:-1\" \/>\n<link rel=\"canonical\" href=\"https:\/\/www.tapasmagazine.es\/en\/we-remember-jose-luis-zamorano-author-of-campaign-si-no-hya-casera-nos-vamos\/\" \/>\n<meta property=\"og:locale\" content=\"en_US\" \/>\n<meta property=\"og:type\" content=\"article\" \/>\n<meta property=\"og:title\" content=\"\u2018Si no hay Casera, nos vamos\u2019: we remember Jose Luis Zamorano, author of the campaign and an illustrious figure of the advertising industry\" \/>\n<meta property=\"og:description\" content=\"Click here to read the Spanish version.The advertising world is in mourning. Jose Luis Zamorano, an illustrious figure in advertising and Honorary Member\" \/>\n<meta property=\"og:url\" content=\"https:\/\/www.tapasmagazine.es\/en\/we-remember-jose-luis-zamorano-author-of-campaign-si-no-hya-casera-nos-vamos\/\" \/>\n<meta property=\"og:site_name\" content=\"Tapas\" \/>\n<meta property=\"article:publisher\" content=\"https:\/\/www.facebook.com\/tapasmagazine\" \/>\n<meta property=\"article:published_time\" content=\"2023-10-31T10:45:55+00:00\" \/>\n<meta property=\"article:modified_time\" content=\"2023-10-31T11:08:58+00:00\" \/>\n<meta property=\"og:image\" content=\"https:\/\/www.tapasmagazine.es\/wp-content\/uploads\/2023\/10\/Jose-luis-zamorano-publicidad.jpg\" \/>\n\t<meta property=\"og:image:width\" content=\"1200\" \/>\n\t<meta property=\"og:image:height\" content=\"675\" \/>\n\t<meta property=\"og:image:type\" content=\"image\/jpeg\" \/>\n<meta name=\"author\" content=\"TAPAS\" \/>\n<meta name=\"twitter:card\" content=\"summary_large_image\" \/>\n<meta name=\"twitter:creator\" content=\"@TapasMagazine\" \/>\n<meta name=\"twitter:site\" content=\"@TapasMagazine\" \/>\n<meta name=\"twitter:label1\" content=\"Written by\" \/>\n\t<meta name=\"twitter:data1\" content=\"TAPAS\" \/>\n\t<meta name=\"twitter:label2\" content=\"Est. reading time\" \/>\n\t<meta name=\"twitter:data2\" content=\"2 minutes\" \/>\n<script type=\"application\/ld+json\" class=\"yoast-schema-graph\">{\"@context\":\"https:\\\/\\\/schema.org\",\"@graph\":[{\"@type\":\"Article\",\"@id\":\"https:\\\/\\\/www.tapasmagazine.es\\\/en\\\/we-remember-jose-luis-zamorano-author-of-campaign-si-no-hya-casera-nos-vamos\\\/#article\",\"isPartOf\":{\"@id\":\"https:\\\/\\\/www.tapasmagazine.es\\\/en\\\/we-remember-jose-luis-zamorano-author-of-campaign-si-no-hya-casera-nos-vamos\\\/\"},\"author\":{\"name\":\"TAPAS\",\"@id\":\"https:\\\/\\\/www.tapasmagazine.es\\\/#\\\/schema\\\/person\\\/906ea2ea4697837608d99f4cc085cea3\"},\"headline\":\"\u2018Si no hay Casera, nos vamos\u2019: we remember Jose Luis Zamorano, author of the campaign and an illustrious figure of the advertising industry\",\"datePublished\":\"2023-10-31T10:45:55+00:00\",\"dateModified\":\"2023-10-31T11:08:58+00:00\",\"mainEntityOfPage\":{\"@id\":\"https:\\\/\\\/www.tapasmagazine.es\\\/en\\\/we-remember-jose-luis-zamorano-author-of-campaign-si-no-hya-casera-nos-vamos\\\/\"},\"wordCount\":223,\"commentCount\":0,\"publisher\":{\"@id\":\"https:\\\/\\\/www.tapasmagazine.es\\\/#organization\"},\"image\":{\"@id\":\"https:\\\/\\\/www.tapasmagazine.es\\\/en\\\/we-remember-jose-luis-zamorano-author-of-campaign-si-no-hya-casera-nos-vamos\\\/#primaryimage\"},\"thumbnailUrl\":\"https:\\\/\\\/www.tapasmagazine.es\\\/wp-content\\\/uploads\\\/2023\\\/10\\\/Jose-luis-zamorano-publicidad.jpg\",\"articleSection\":[\"News\"],\"inLanguage\":\"en-US\",\"potentialAction\":[{\"@type\":\"CommentAction\",\"name\":\"Comment\",\"target\":[\"https:\\\/\\\/www.tapasmagazine.es\\\/en\\\/we-remember-jose-luis-zamorano-author-of-campaign-si-no-hya-casera-nos-vamos\\\/#respond\"]}]},{\"@type\":\"WebPage\",\"@id\":\"https:\\\/\\\/www.tapasmagazine.es\\\/en\\\/we-remember-jose-luis-zamorano-author-of-campaign-si-no-hya-casera-nos-vamos\\\/\",\"url\":\"https:\\\/\\\/www.tapasmagazine.es\\\/en\\\/we-remember-jose-luis-zamorano-author-of-campaign-si-no-hya-casera-nos-vamos\\\/\",\"name\":\"\u2018Si no hay Casera, nos vamos\u2019: we remember Jose Luis Zamorano, author of the campaign and an illustrious figure of the advertising industry\",\"isPartOf\":{\"@id\":\"https:\\\/\\\/www.tapasmagazine.es\\\/#website\"},\"primaryImageOfPage\":{\"@id\":\"https:\\\/\\\/www.tapasmagazine.es\\\/en\\\/we-remember-jose-luis-zamorano-author-of-campaign-si-no-hya-casera-nos-vamos\\\/#primaryimage\"},\"image\":{\"@id\":\"https:\\\/\\\/www.tapasmagazine.es\\\/en\\\/we-remember-jose-luis-zamorano-author-of-campaign-si-no-hya-casera-nos-vamos\\\/#primaryimage\"},\"thumbnailUrl\":\"https:\\\/\\\/www.tapasmagazine.es\\\/wp-content\\\/uploads\\\/2023\\\/10\\\/Jose-luis-zamorano-publicidad.jpg\",\"datePublished\":\"2023-10-31T10:45:55+00:00\",\"dateModified\":\"2023-10-31T11:08:58+00:00\",\"description\":\"Click here to read the Spanish version.The advertising world is in mourning. Jose Luis Zamorano, an illustrious figure in advertising and Honorary Member\",\"breadcrumb\":{\"@id\":\"https:\\\/\\\/www.tapasmagazine.es\\\/en\\\/we-remember-jose-luis-zamorano-author-of-campaign-si-no-hya-casera-nos-vamos\\\/#breadcrumb\"},\"inLanguage\":\"en-US\",\"potentialAction\":[{\"@type\":\"ReadAction\",\"target\":[\"https:\\\/\\\/www.tapasmagazine.es\\\/en\\\/we-remember-jose-luis-zamorano-author-of-campaign-si-no-hya-casera-nos-vamos\\\/\"]}]},{\"@type\":\"ImageObject\",\"inLanguage\":\"en-US\",\"@id\":\"https:\\\/\\\/www.tapasmagazine.es\\\/en\\\/we-remember-jose-luis-zamorano-author-of-campaign-si-no-hya-casera-nos-vamos\\\/#primaryimage\",\"url\":\"https:\\\/\\\/www.tapasmagazine.es\\\/wp-content\\\/uploads\\\/2023\\\/10\\\/Jose-luis-zamorano-publicidad.jpg\",\"contentUrl\":\"https:\\\/\\\/www.tapasmagazine.es\\\/wp-content\\\/uploads\\\/2023\\\/10\\\/Jose-luis-zamorano-publicidad.jpg\",\"width\":1200,\"height\":675},{\"@type\":\"BreadcrumbList\",\"@id\":\"https:\\\/\\\/www.tapasmagazine.es\\\/en\\\/we-remember-jose-luis-zamorano-author-of-campaign-si-no-hya-casera-nos-vamos\\\/#breadcrumb\",\"itemListElement\":[{\"@type\":\"ListItem\",\"position\":1,\"name\":\"Portada\",\"item\":\"https:\\\/\\\/www.tapasmagazine.es\\\/\"},{\"@type\":\"ListItem\",\"position\":2,\"name\":\"News\",\"item\":\"https:\\\/\\\/www.tapasmagazine.es\\\/en\\\/categorias\\\/news\\\/\"},{\"@type\":\"ListItem\",\"position\":3,\"name\":\"\u2018Si no hay Casera, nos vamos\u2019: we remember Jose Luis Zamorano, author of the campaign and an illustrious figure of the advertising industry\"}]},{\"@type\":\"WebSite\",\"@id\":\"https:\\\/\\\/www.tapasmagazine.es\\\/#website\",\"url\":\"https:\\\/\\\/www.tapasmagazine.es\\\/\",\"name\":\"Tapas\",\"description\":\"\u00d1am \u00d1am Lifestyle. La vida a bocados. Premio Nacional de Gastronom\u00eda 2016.\",\"publisher\":{\"@id\":\"https:\\\/\\\/www.tapasmagazine.es\\\/#organization\"},\"potentialAction\":[{\"@type\":\"SearchAction\",\"target\":{\"@type\":\"EntryPoint\",\"urlTemplate\":\"https:\\\/\\\/www.tapasmagazine.es\\\/?s={search_term_string}\"},\"query-input\":{\"@type\":\"PropertyValueSpecification\",\"valueRequired\":true,\"valueName\":\"search_term_string\"}}],\"inLanguage\":\"en-US\"},{\"@type\":\"Organization\",\"@id\":\"https:\\\/\\\/www.tapasmagazine.es\\\/#organization\",\"name\":\"Tapas Magazine\",\"url\":\"https:\\\/\\\/www.tapasmagazine.es\\\/\",\"logo\":{\"@type\":\"ImageObject\",\"inLanguage\":\"en-US\",\"@id\":\"https:\\\/\\\/www.tapasmagazine.es\\\/#\\\/schema\\\/logo\\\/image\\\/\",\"url\":\"https:\\\/\\\/www.tapasmagazine.es\\\/wp-content\\\/uploads\\\/2018\\\/01\\\/logo.png\",\"contentUrl\":\"https:\\\/\\\/www.tapasmagazine.es\\\/wp-content\\\/uploads\\\/2018\\\/01\\\/logo.png\",\"width\":180,\"height\":60,\"caption\":\"Tapas Magazine\"},\"image\":{\"@id\":\"https:\\\/\\\/www.tapasmagazine.es\\\/#\\\/schema\\\/logo\\\/image\\\/\"},\"sameAs\":[\"https:\\\/\\\/www.facebook.com\\\/tapasmagazine\",\"https:\\\/\\\/x.com\\\/TapasMagazine\",\"https:\\\/\\\/www.instagram.com\\\/tapasmagazine\\\/\",\"https:\\\/\\\/www.linkedin.com\\\/company\\\/tapas-magazine\",\"https:\\\/\\\/es.pinterest.com\\\/tapasmagazine\\\/\",\"https:\\\/\\\/www.youtube.com\\\/channel\\\/UCEyxneAaACuR0lfDagrWjjg?sub_confirmation=1\"]},{\"@type\":\"Person\",\"@id\":\"https:\\\/\\\/www.tapasmagazine.es\\\/#\\\/schema\\\/person\\\/906ea2ea4697837608d99f4cc085cea3\",\"name\":\"TAPAS\",\"url\":\"https:\\\/\\\/www.tapasmagazine.es\\\/en\\\/author\\\/tapas\\\/\"}]}<\/script>\n<!-- \/ Yoast SEO plugin. -->","yoast_head_json":{"title":"\u2018Si no hay Casera, nos vamos\u2019: we remember Jose Luis Zamorano, author of the campaign and an illustrious figure of the advertising industry","description":"Click here to read the Spanish version.The advertising world is in mourning. Jose Luis Zamorano, an illustrious figure in advertising and Honorary Member","robots":{"index":"index","follow":"follow","max-snippet":"max-snippet:-1","max-image-preview":"max-image-preview:large","max-video-preview":"max-video-preview:-1"},"canonical":"https:\/\/www.tapasmagazine.es\/en\/we-remember-jose-luis-zamorano-author-of-campaign-si-no-hya-casera-nos-vamos\/","og_locale":"en_US","og_type":"article","og_title":"\u2018Si no hay Casera, nos vamos\u2019: we remember Jose Luis Zamorano, author of the campaign and an illustrious figure of the advertising industry","og_description":"Click here to read the Spanish version.The advertising world is in mourning. Jose Luis Zamorano, an illustrious figure in advertising and Honorary Member","og_url":"https:\/\/www.tapasmagazine.es\/en\/we-remember-jose-luis-zamorano-author-of-campaign-si-no-hya-casera-nos-vamos\/","og_site_name":"Tapas","article_publisher":"https:\/\/www.facebook.com\/tapasmagazine","article_published_time":"2023-10-31T10:45:55+00:00","article_modified_time":"2023-10-31T11:08:58+00:00","og_image":[{"width":1200,"height":675,"url":"https:\/\/www.tapasmagazine.es\/wp-content\/uploads\/2023\/10\/Jose-luis-zamorano-publicidad.jpg","type":"image\/jpeg"}],"author":"TAPAS","twitter_card":"summary_large_image","twitter_creator":"@TapasMagazine","twitter_site":"@TapasMagazine","twitter_misc":{"Written by":"TAPAS","Est. reading time":"2 minutes"},"schema":{"@context":"https:\/\/schema.org","@graph":[{"@type":"Article","@id":"https:\/\/www.tapasmagazine.es\/en\/we-remember-jose-luis-zamorano-author-of-campaign-si-no-hya-casera-nos-vamos\/#article","isPartOf":{"@id":"https:\/\/www.tapasmagazine.es\/en\/we-remember-jose-luis-zamorano-author-of-campaign-si-no-hya-casera-nos-vamos\/"},"author":{"name":"TAPAS","@id":"https:\/\/www.tapasmagazine.es\/#\/schema\/person\/906ea2ea4697837608d99f4cc085cea3"},"headline":"\u2018Si no hay Casera, nos vamos\u2019: we remember Jose Luis Zamorano, author of the campaign and an illustrious figure of the advertising industry","datePublished":"2023-10-31T10:45:55+00:00","dateModified":"2023-10-31T11:08:58+00:00","mainEntityOfPage":{"@id":"https:\/\/www.tapasmagazine.es\/en\/we-remember-jose-luis-zamorano-author-of-campaign-si-no-hya-casera-nos-vamos\/"},"wordCount":223,"commentCount":0,"publisher":{"@id":"https:\/\/www.tapasmagazine.es\/#organization"},"image":{"@id":"https:\/\/www.tapasmagazine.es\/en\/we-remember-jose-luis-zamorano-author-of-campaign-si-no-hya-casera-nos-vamos\/#primaryimage"},"thumbnailUrl":"https:\/\/www.tapasmagazine.es\/wp-content\/uploads\/2023\/10\/Jose-luis-zamorano-publicidad.jpg","articleSection":["News"],"inLanguage":"en-US","potentialAction":[{"@type":"CommentAction","name":"Comment","target":["https:\/\/www.tapasmagazine.es\/en\/we-remember-jose-luis-zamorano-author-of-campaign-si-no-hya-casera-nos-vamos\/#respond"]}]},{"@type":"WebPage","@id":"https:\/\/www.tapasmagazine.es\/en\/we-remember-jose-luis-zamorano-author-of-campaign-si-no-hya-casera-nos-vamos\/","url":"https:\/\/www.tapasmagazine.es\/en\/we-remember-jose-luis-zamorano-author-of-campaign-si-no-hya-casera-nos-vamos\/","name":"\u2018Si no hay Casera, nos vamos\u2019: we remember Jose Luis Zamorano, author of the campaign and an illustrious figure of the advertising industry","isPartOf":{"@id":"https:\/\/www.tapasmagazine.es\/#website"},"primaryImageOfPage":{"@id":"https:\/\/www.tapasmagazine.es\/en\/we-remember-jose-luis-zamorano-author-of-campaign-si-no-hya-casera-nos-vamos\/#primaryimage"},"image":{"@id":"https:\/\/www.tapasmagazine.es\/en\/we-remember-jose-luis-zamorano-author-of-campaign-si-no-hya-casera-nos-vamos\/#primaryimage"},"thumbnailUrl":"https:\/\/www.tapasmagazine.es\/wp-content\/uploads\/2023\/10\/Jose-luis-zamorano-publicidad.jpg","datePublished":"2023-10-31T10:45:55+00:00","dateModified":"2023-10-31T11:08:58+00:00","description":"Click here to read the Spanish version.The advertising world is in mourning. Jose Luis Zamorano, an illustrious figure in advertising and Honorary Member","breadcrumb":{"@id":"https:\/\/www.tapasmagazine.es\/en\/we-remember-jose-luis-zamorano-author-of-campaign-si-no-hya-casera-nos-vamos\/#breadcrumb"},"inLanguage":"en-US","potentialAction":[{"@type":"ReadAction","target":["https:\/\/www.tapasmagazine.es\/en\/we-remember-jose-luis-zamorano-author-of-campaign-si-no-hya-casera-nos-vamos\/"]}]},{"@type":"ImageObject","inLanguage":"en-US","@id":"https:\/\/www.tapasmagazine.es\/en\/we-remember-jose-luis-zamorano-author-of-campaign-si-no-hya-casera-nos-vamos\/#primaryimage","url":"https:\/\/www.tapasmagazine.es\/wp-content\/uploads\/2023\/10\/Jose-luis-zamorano-publicidad.jpg","contentUrl":"https:\/\/www.tapasmagazine.es\/wp-content\/uploads\/2023\/10\/Jose-luis-zamorano-publicidad.jpg","width":1200,"height":675},{"@type":"BreadcrumbList","@id":"https:\/\/www.tapasmagazine.es\/en\/we-remember-jose-luis-zamorano-author-of-campaign-si-no-hya-casera-nos-vamos\/#breadcrumb","itemListElement":[{"@type":"ListItem","position":1,"name":"Portada","item":"https:\/\/www.tapasmagazine.es\/"},{"@type":"ListItem","position":2,"name":"News","item":"https:\/\/www.tapasmagazine.es\/en\/categorias\/news\/"},{"@type":"ListItem","position":3,"name":"\u2018Si no hay Casera, nos vamos\u2019: we remember Jose Luis Zamorano, author of the campaign and an illustrious figure of the advertising industry"}]},{"@type":"WebSite","@id":"https:\/\/www.tapasmagazine.es\/#website","url":"https:\/\/www.tapasmagazine.es\/","name":"Tapas","description":"\u00d1am \u00d1am Lifestyle. La vida a bocados. Premio Nacional de Gastronom\u00eda 2016.","publisher":{"@id":"https:\/\/www.tapasmagazine.es\/#organization"},"potentialAction":[{"@type":"SearchAction","target":{"@type":"EntryPoint","urlTemplate":"https:\/\/www.tapasmagazine.es\/?s={search_term_string}"},"query-input":{"@type":"PropertyValueSpecification","valueRequired":true,"valueName":"search_term_string"}}],"inLanguage":"en-US"},{"@type":"Organization","@id":"https:\/\/www.tapasmagazine.es\/#organization","name":"Tapas Magazine","url":"https:\/\/www.tapasmagazine.es\/","logo":{"@type":"ImageObject","inLanguage":"en-US","@id":"https:\/\/www.tapasmagazine.es\/#\/schema\/logo\/image\/","url":"https:\/\/www.tapasmagazine.es\/wp-content\/uploads\/2018\/01\/logo.png","contentUrl":"https:\/\/www.tapasmagazine.es\/wp-content\/uploads\/2018\/01\/logo.png","width":180,"height":60,"caption":"Tapas Magazine"},"image":{"@id":"https:\/\/www.tapasmagazine.es\/#\/schema\/logo\/image\/"},"sameAs":["https:\/\/www.facebook.com\/tapasmagazine","https:\/\/x.com\/TapasMagazine","https:\/\/www.instagram.com\/tapasmagazine\/","https:\/\/www.linkedin.com\/company\/tapas-magazine","https:\/\/es.pinterest.com\/tapasmagazine\/","https:\/\/www.youtube.com\/channel\/UCEyxneAaACuR0lfDagrWjjg?sub_confirmation=1"]},{"@type":"Person","@id":"https:\/\/www.tapasmagazine.es\/#\/schema\/person\/906ea2ea4697837608d99f4cc085cea3","name":"TAPAS","url":"https:\/\/www.tapasmagazine.es\/en\/author\/tapas\/"}]}},"_links":{"self":[{"href":"https:\/\/www.tapasmagazine.es\/en\/wp-json\/wp\/v2\/posts\/215896","targetHints":{"allow":["GET"]}}],"collection":[{"href":"https:\/\/www.tapasmagazine.es\/en\/wp-json\/wp\/v2\/posts"}],"about":[{"href":"https:\/\/www.tapasmagazine.es\/en\/wp-json\/wp\/v2\/types\/post"}],"author":[{"embeddable":true,"href":"https:\/\/www.tapasmagazine.es\/en\/wp-json\/wp\/v2\/users\/249"}],"replies":[{"embeddable":true,"href":"https:\/\/www.tapasmagazine.es\/en\/wp-json\/wp\/v2\/comments?post=215896"}],"version-history":[{"count":6,"href":"https:\/\/www.tapasmagazine.es\/en\/wp-json\/wp\/v2\/posts\/215896\/revisions"}],"predecessor-version":[{"id":215911,"href":"https:\/\/www.tapasmagazine.es\/en\/wp-json\/wp\/v2\/posts\/215896\/revisions\/215911"}],"wp:featuredmedia":[{"embeddable":true,"href":"https:\/\/www.tapasmagazine.es\/en\/wp-json\/wp\/v2\/media\/215909"}],"wp:attachment":[{"href":"https:\/\/www.tapasmagazine.es\/en\/wp-json\/wp\/v2\/media?parent=215896"}],"wp:term":[{"taxonomy":"category","embeddable":true,"href":"https:\/\/www.tapasmagazine.es\/en\/wp-json\/wp\/v2\/categories?post=215896"},{"taxonomy":"post_tag","embeddable":true,"href":"https:\/\/www.tapasmagazine.es\/en\/wp-json\/wp\/v2\/tags?post=215896"}],"curies":[{"name":"wp","href":"https:\/\/api.w.org\/{rel}","templated":true}]}}