{"id":215866,"date":"2023-10-31T10:35:48","date_gmt":"2023-10-31T09:35:48","guid":{"rendered":"https:\/\/www.tapasmagazine.es\/el-legado-de-syra-coffee-8-anos-democratizando-el-cafe-de-especialidad\/"},"modified":"2023-10-31T10:40:42","modified_gmt":"2023-10-31T09:40:42","slug":"syra-coffe-legacy-8-years-democratising-speciality-coffee","status":"publish","type":"post","link":"https:\/\/www.tapasmagazine.es\/en\/syra-coffe-legacy-8-years-democratising-speciality-coffee\/","title":{"rendered":"Syra Coffee&#8217;s legacy: 8 years democratising speciality coffee"},"content":{"rendered":"\n<p><strong>Syra Coffee<\/strong> has reinvented the coffee industry through sustainable practices that dilute an activist and conscious background in its final product: 100% Arabica speciality coffee, which represents 2% of global production and consumption, free of pesticides.<\/p>\n\n\n\n<p>This eco-futurist transcendence, together with its philosophy of democratisation of coffee, became the basis or the soil on which this project germinated, which, over time, has been spreading in a sidereal way at a national level.<\/p>\n\n\n\n<figure class=\"wp-block-gallery has-nested-images columns-default is-cropped wp-block-gallery-1 is-layout-flex wp-block-gallery-is-layout-flex\">\n<figure class=\"wp-block-image size-large\"><a href=\"https:\/\/www.tapasmagazine.es\/wp-content\/uploads\/2023\/10\/syra-coffee-2.jpg\"><img decoding=\"async\" width=\"1024\" height=\"683\" data-id=\"215841\" src=\"https:\/\/www.tapasmagazine.es\/wp-content\/uploads\/2023\/10\/syra-coffee-2-1024x683.jpg\" alt=\"\" class=\"wp-image-215841\" srcset=\"https:\/\/www.tapasmagazine.es\/wp-content\/uploads\/2023\/10\/syra-coffee-2-1024x683.jpg 1024w, https:\/\/www.tapasmagazine.es\/wp-content\/uploads\/2023\/10\/syra-coffee-2-300x200.jpg 300w, https:\/\/www.tapasmagazine.es\/wp-content\/uploads\/2023\/10\/syra-coffee-2-768x512.jpg 768w, https:\/\/www.tapasmagazine.es\/wp-content\/uploads\/2023\/10\/syra-coffee-2-1536x1024.jpg 1536w, https:\/\/www.tapasmagazine.es\/wp-content\/uploads\/2023\/10\/syra-coffee-2-2048x1366.jpg 2048w, https:\/\/www.tapasmagazine.es\/wp-content\/uploads\/2023\/10\/syra-coffee-2-1000x667.jpg 1000w, https:\/\/www.tapasmagazine.es\/wp-content\/uploads\/2023\/10\/syra-coffee-2-400x267.jpg 400w\" sizes=\"(max-width: 1024px) 100vw, 1024px\" \/><\/a><\/figure>\n<\/figure>\n\n\n\n<p>On 20 October 2015, its founder, <strong>Yassir Ra\u00efs<\/strong>, transferred all these ideals and values to Syra Coffee, with a new concept of coffee consumption to serve the inhabitants of the neighbourhood and bring them the speciality of the stimulating drink.\u00a0<\/p>\n\n\n\n<p>From that small premises located in Gr\u00e0cia, the expansion has been colossal through <strong>40 premises<\/strong> in 7 cities such as Barcelona, Girona, Madrid and Valencia, in which Ra\u00efs&#8217;s architectural and artistic influences and\/or knowledge can be glimpsed. Both the interior design and the aesthetics that surround their establishments are connected to architecture, through elevated structures and designs that respect the typicality of the place, and even elevate it.<\/p>\n\n\n\n<figure class=\"wp-block-gallery has-nested-images columns-default is-cropped wp-block-gallery-2 is-layout-flex wp-block-gallery-is-layout-flex\">\n<figure class=\"wp-block-image size-large\"><a href=\"https:\/\/www.tapasmagazine.es\/wp-content\/uploads\/2023\/10\/syra-coffee-4-scaled.webp\"><img decoding=\"async\" width=\"1024\" height=\"1009\" data-id=\"215845\" src=\"https:\/\/www.tapasmagazine.es\/wp-content\/uploads\/2023\/10\/syra-coffee-4-1024x1009.webp\" alt=\"\" class=\"wp-image-215845\" srcset=\"https:\/\/www.tapasmagazine.es\/wp-content\/uploads\/2023\/10\/syra-coffee-4-1024x1009.webp 1024w, https:\/\/www.tapasmagazine.es\/wp-content\/uploads\/2023\/10\/syra-coffee-4-300x295.webp 300w, https:\/\/www.tapasmagazine.es\/wp-content\/uploads\/2023\/10\/syra-coffee-4-768x756.webp 768w, https:\/\/www.tapasmagazine.es\/wp-content\/uploads\/2023\/10\/syra-coffee-4-1536x1513.webp 1536w, https:\/\/www.tapasmagazine.es\/wp-content\/uploads\/2023\/10\/syra-coffee-4-2048x2017.webp 2048w, https:\/\/www.tapasmagazine.es\/wp-content\/uploads\/2023\/10\/syra-coffee-4-1000x985.webp 1000w, https:\/\/www.tapasmagazine.es\/wp-content\/uploads\/2023\/10\/syra-coffee-4-400x394.webp 400w\" sizes=\"(max-width: 1024px) 100vw, 1024px\" \/><\/a><\/figure>\n\n\n\n<figure class=\"wp-block-image size-large\"><a href=\"https:\/\/www.tapasmagazine.es\/wp-content\/uploads\/2023\/10\/syra-coffee-5.webp\"><img decoding=\"async\" width=\"768\" height=\"1024\" data-id=\"215843\" src=\"https:\/\/www.tapasmagazine.es\/wp-content\/uploads\/2023\/10\/syra-coffee-5-768x1024.webp\" alt=\"\" class=\"wp-image-215843\" srcset=\"https:\/\/www.tapasmagazine.es\/wp-content\/uploads\/2023\/10\/syra-coffee-5-768x1024.webp 768w, https:\/\/www.tapasmagazine.es\/wp-content\/uploads\/2023\/10\/syra-coffee-5-225x300.webp 225w, https:\/\/www.tapasmagazine.es\/wp-content\/uploads\/2023\/10\/syra-coffee-5-1152x1536.webp 1152w, https:\/\/www.tapasmagazine.es\/wp-content\/uploads\/2023\/10\/syra-coffee-5-1000x1333.webp 1000w, https:\/\/www.tapasmagazine.es\/wp-content\/uploads\/2023\/10\/syra-coffee-5-400x533.webp 400w, https:\/\/www.tapasmagazine.es\/wp-content\/uploads\/2023\/10\/syra-coffee-5.webp 1200w\" sizes=\"(max-width: 768px) 100vw, 768px\" \/><\/a><\/figure>\n<\/figure>\n\n\n\n<p>This artistic sensibility is also transferred to the packaging that represents its coffee typologies and\/or the Syra merchandising collections that have just enhanced the brand on a visual level.<\/p>\n\n\n\n<h2 class=\"wp-block-heading\">Democratic and sustainable coffee<\/h2>\n\n\n\n<p>As we were able to discover on a guided tour of their &#8216;<strong>SYRA HOUSE<\/strong>&#8216;, located in <strong>Hospitalet de Llobregat<\/strong>, at Syra everything starts at the farms they collaborate with on the basis of sustainable standards. In this context, they taste, import and roast the fruits from farms such as &#8216;<strong>Mario Mejia<\/strong>&#8216; in Honduras, &#8216;<strong>El Cuzco<\/strong>&#8216; in Costa Rica or &#8216;<strong>Valle de Oro<\/strong>&#8216; in El Salvador.<\/p>\n\n\n\n<p>During the coffee sensory experience, we had the opportunity to delve into the coffee production process of the &#8216;Valle de Oro&#8217; estate and to do a cupping in which we discovered all its nuances, and its &#8216;tasting notes&#8217; defined by its group of experts, which fuse caramel, milk chocolate, black tea or cherry liqueur.<\/p>\n\n\n\n<figure class=\"wp-block-gallery has-nested-images columns-default is-cropped wp-block-gallery-3 is-layout-flex wp-block-gallery-is-layout-flex\">\n<figure class=\"wp-block-image size-large\"><a href=\"https:\/\/www.tapasmagazine.es\/wp-content\/uploads\/2023\/10\/syra-coffee-11-scaled.jpg\"><img decoding=\"async\" width=\"683\" height=\"1024\" data-id=\"215853\" src=\"https:\/\/www.tapasmagazine.es\/wp-content\/uploads\/2023\/10\/syra-coffee-11-683x1024.jpg\" alt=\"\" class=\"wp-image-215853\" srcset=\"https:\/\/www.tapasmagazine.es\/wp-content\/uploads\/2023\/10\/syra-coffee-11-683x1024.jpg 683w, https:\/\/www.tapasmagazine.es\/wp-content\/uploads\/2023\/10\/syra-coffee-11-200x300.jpg 200w, https:\/\/www.tapasmagazine.es\/wp-content\/uploads\/2023\/10\/syra-coffee-11-768x1151.jpg 768w, https:\/\/www.tapasmagazine.es\/wp-content\/uploads\/2023\/10\/syra-coffee-11-1025x1536.jpg 1025w, https:\/\/www.tapasmagazine.es\/wp-content\/uploads\/2023\/10\/syra-coffee-11-1367x2048.jpg 1367w, https:\/\/www.tapasmagazine.es\/wp-content\/uploads\/2023\/10\/syra-coffee-11-1000x1499.jpg 1000w, https:\/\/www.tapasmagazine.es\/wp-content\/uploads\/2023\/10\/syra-coffee-11-400x599.jpg 400w, https:\/\/www.tapasmagazine.es\/wp-content\/uploads\/2023\/10\/syra-coffee-11-scaled.jpg 1708w\" sizes=\"(max-width: 683px) 100vw, 683px\" \/><\/a><\/figure>\n\n\n\n<figure class=\"wp-block-image size-large\"><a href=\"https:\/\/www.tapasmagazine.es\/wp-content\/uploads\/2023\/10\/syra-coffee-8-scaled.jpg\"><img decoding=\"async\" width=\"683\" height=\"1024\" data-id=\"215851\" src=\"https:\/\/www.tapasmagazine.es\/wp-content\/uploads\/2023\/10\/syra-coffee-8-683x1024.jpg\" alt=\"\" class=\"wp-image-215851\" srcset=\"https:\/\/www.tapasmagazine.es\/wp-content\/uploads\/2023\/10\/syra-coffee-8-683x1024.jpg 683w, https:\/\/www.tapasmagazine.es\/wp-content\/uploads\/2023\/10\/syra-coffee-8-200x300.jpg 200w, https:\/\/www.tapasmagazine.es\/wp-content\/uploads\/2023\/10\/syra-coffee-8-768x1152.jpg 768w, https:\/\/www.tapasmagazine.es\/wp-content\/uploads\/2023\/10\/syra-coffee-8-1024x1536.jpg 1024w, https:\/\/www.tapasmagazine.es\/wp-content\/uploads\/2023\/10\/syra-coffee-8-1365x2048.jpg 1365w, https:\/\/www.tapasmagazine.es\/wp-content\/uploads\/2023\/10\/syra-coffee-8-1000x1500.jpg 1000w, https:\/\/www.tapasmagazine.es\/wp-content\/uploads\/2023\/10\/syra-coffee-8-400x600.jpg 400w, https:\/\/www.tapasmagazine.es\/wp-content\/uploads\/2023\/10\/syra-coffee-8-scaled.jpg 1707w\" sizes=\"(max-width: 683px) 100vw, 683px\" \/><\/a><\/figure>\n<\/figure>\n\n\n\n<p>Beyond the tasting, we were even able to travel to his farm in El Salvador through an immersive virtual reality activity that delves into the history, the setting and the cultivation process of Miguel Antonio Villavicencio and his family; committed to sustainability and ethics in coffee production from their privileged land located at an altitude of 1,500 metres above sea level.<\/p>\n\n\n<div class=\"wp-block-image\">\n<figure class=\"aligncenter size-large is-resized\"><a href=\"https:\/\/www.tapasmagazine.es\/wp-content\/uploads\/2023\/10\/syra-coffee-10-scaled.jpg\"><img decoding=\"async\" width=\"1024\" height=\"683\" src=\"https:\/\/www.tapasmagazine.es\/wp-content\/uploads\/2023\/10\/syra-coffee-10-1024x683.jpg\" alt=\"\" class=\"wp-image-215847\" style=\"aspect-ratio:1.499267935578331;width:1106px;height:auto\" srcset=\"https:\/\/www.tapasmagazine.es\/wp-content\/uploads\/2023\/10\/syra-coffee-10-1024x683.jpg 1024w, https:\/\/www.tapasmagazine.es\/wp-content\/uploads\/2023\/10\/syra-coffee-10-300x200.jpg 300w, https:\/\/www.tapasmagazine.es\/wp-content\/uploads\/2023\/10\/syra-coffee-10-768x512.jpg 768w, https:\/\/www.tapasmagazine.es\/wp-content\/uploads\/2023\/10\/syra-coffee-10-1536x1024.jpg 1536w, https:\/\/www.tapasmagazine.es\/wp-content\/uploads\/2023\/10\/syra-coffee-10-2048x1365.jpg 2048w, https:\/\/www.tapasmagazine.es\/wp-content\/uploads\/2023\/10\/syra-coffee-10-1000x667.jpg 1000w, https:\/\/www.tapasmagazine.es\/wp-content\/uploads\/2023\/10\/syra-coffee-10-400x267.jpg 400w\" sizes=\"(max-width: 1024px) 100vw, 1024px\" \/><\/a><\/figure>\n<\/div>\n\n\n<p>These coffee beans are imported to its headquarters, cupped and roasted daily in a constantly moving and evolving process that involves roasting through various treatments: natural, washed, experimental natural, honey or decaf, in which coffee beans are washed, beans or skins are removed, fermented under controlled conditions or fruit is added in order to control its temperature, dried and packaged.<\/p>\n\n\n\n<h2 class=\"wp-block-heading\">The 8th anniversary coffee<\/h2>\n\n\n\n<p><strong>Syra<\/strong> has paid tribute to its legacy and its positive impact on the industry by launching a new coffee consisting of a blend of two coffees from Tarraz\u00fa, Costa Rica: &#8216;El Balar&#8217;, a natural coffee with a very intense fermentation process, and &#8216;Lobos&#8217;, a semi-washed coffee with a very sweet and balanced profile.\u00a0<\/p>\n\n\n\n<p>A series of notes, textures and nuances such as cherry, apricot with floral nuances and a slight hint of caramel can be appreciated -and celebrated- in the coffee to stimulate all the senses.<\/p>\n\n\n\n<figure class=\"wp-block-gallery has-nested-images columns-default is-cropped wp-block-gallery-4 is-layout-flex wp-block-gallery-is-layout-flex\">\n<figure class=\"wp-block-image size-large\"><a href=\"https:\/\/www.tapasmagazine.es\/wp-content\/uploads\/2023\/10\/syra-coffee-13.jpg\"><img decoding=\"async\" width=\"683\" height=\"1024\" data-id=\"215858\" src=\"https:\/\/www.tapasmagazine.es\/wp-content\/uploads\/2023\/10\/syra-coffee-13-683x1024.jpg\" alt=\"\" class=\"wp-image-215858\" srcset=\"https:\/\/www.tapasmagazine.es\/wp-content\/uploads\/2023\/10\/syra-coffee-13-683x1024.jpg 683w, https:\/\/www.tapasmagazine.es\/wp-content\/uploads\/2023\/10\/syra-coffee-13-200x300.jpg 200w, https:\/\/www.tapasmagazine.es\/wp-content\/uploads\/2023\/10\/syra-coffee-13-768x1151.jpg 768w, https:\/\/www.tapasmagazine.es\/wp-content\/uploads\/2023\/10\/syra-coffee-13-1025x1536.jpg 1025w, https:\/\/www.tapasmagazine.es\/wp-content\/uploads\/2023\/10\/syra-coffee-13-1366x2048.jpg 1366w, https:\/\/www.tapasmagazine.es\/wp-content\/uploads\/2023\/10\/syra-coffee-13-1000x1499.jpg 1000w, https:\/\/www.tapasmagazine.es\/wp-content\/uploads\/2023\/10\/syra-coffee-13-400x600.jpg 400w, https:\/\/www.tapasmagazine.es\/wp-content\/uploads\/2023\/10\/syra-coffee-13.jpg 1668w\" sizes=\"(max-width: 683px) 100vw, 683px\" \/><\/a><\/figure>\n\n\n\n<figure class=\"wp-block-image size-large\"><a href=\"https:\/\/www.tapasmagazine.es\/wp-content\/uploads\/2023\/10\/syra-coffee-12-scaled.webp\"><img decoding=\"async\" width=\"1024\" height=\"1024\" data-id=\"215856\" src=\"https:\/\/www.tapasmagazine.es\/wp-content\/uploads\/2023\/10\/syra-coffee-12-1024x1024.webp\" alt=\"\" class=\"wp-image-215856\" srcset=\"https:\/\/www.tapasmagazine.es\/wp-content\/uploads\/2023\/10\/syra-coffee-12-1024x1024.webp 1024w, https:\/\/www.tapasmagazine.es\/wp-content\/uploads\/2023\/10\/syra-coffee-12-300x300.webp 300w, https:\/\/www.tapasmagazine.es\/wp-content\/uploads\/2023\/10\/syra-coffee-12-150x150.webp 150w, https:\/\/www.tapasmagazine.es\/wp-content\/uploads\/2023\/10\/syra-coffee-12-768x768.webp 768w, https:\/\/www.tapasmagazine.es\/wp-content\/uploads\/2023\/10\/syra-coffee-12-1536x1536.webp 1536w, https:\/\/www.tapasmagazine.es\/wp-content\/uploads\/2023\/10\/syra-coffee-12-2048x2048.webp 2048w, https:\/\/www.tapasmagazine.es\/wp-content\/uploads\/2023\/10\/syra-coffee-12-1000x1000.webp 1000w, https:\/\/www.tapasmagazine.es\/wp-content\/uploads\/2023\/10\/syra-coffee-12-400x400.webp 400w\" sizes=\"(max-width: 1024px) 100vw, 1024px\" \/><\/a><\/figure>\n<\/figure>\n\n\n\n<p>Syra&#8217;s eight years of history thus envisage the <strong>future of the coffee industry<\/strong>, as a benchmark not only in aspects such as circularity, but also in the profitability of the sustainable practices they carry out with importers and farmers who connect with their environmental responsibility; making it one of the great national alternatives to traditional coffee.<\/p>\n","protected":false},"excerpt":{"rendered":"<p>Syra Coffee has reinvented the coffee industry through sustainable practices that dilute an activist and conscious background in its final product: 100% Arabica speciality coffee, which represents 2% of global production and consumption, free of pesticides. This eco-futurist transcendence, together with its philosophy of democratisation of coffee, became the basis or the soil on which [&hellip;]<\/p>\n","protected":false},"author":285,"featured_media":215840,"comment_status":"open","ping_status":"closed","sticky":false,"template":"single-feature.php","format":"standard","meta":{"_acf_changed":false,"footnotes":""},"categories":[15802,16002,1],"tags":[16537],"class_list":["post-215866","post","type-post","status-publish","format-standard","has-post-thumbnail","hentry","category-news","category-reportajes-en","category-sin-categorizar","tag-cafe-en","cat-15802-id","cat-16002-id","cat-1-id"],"acf":[],"yoast_head":"<!-- This site is optimized with the Yoast SEO plugin v27.4 - https:\/\/yoast.com\/product\/yoast-seo-wordpress\/ -->\n<title>Syra Coffee&#039;s legacy: 8 years democratising speciality coffee - Tapas<\/title>\n<meta name=\"description\" content=\"Syra Coffee has reinvented the coffee industry through sustainable practices that dilute an activist and conscious background in its final product: 100%\" \/>\n<meta name=\"robots\" content=\"index, follow, max-snippet:-1, max-image-preview:large, max-video-preview:-1\" \/>\n<link rel=\"canonical\" href=\"https:\/\/www.tapasmagazine.es\/en\/syra-coffe-legacy-8-years-democratising-speciality-coffee\/\" \/>\n<meta property=\"og:locale\" content=\"en_US\" \/>\n<meta property=\"og:type\" content=\"article\" \/>\n<meta property=\"og:title\" content=\"Syra Coffee&#039;s legacy: 8 years democratising speciality coffee - Tapas\" \/>\n<meta property=\"og:description\" content=\"Syra Coffee has reinvented the coffee industry through sustainable practices that dilute an activist and conscious background in its final product: 100%\" \/>\n<meta property=\"og:url\" content=\"https:\/\/www.tapasmagazine.es\/en\/syra-coffe-legacy-8-years-democratising-speciality-coffee\/\" \/>\n<meta property=\"og:site_name\" content=\"Tapas\" \/>\n<meta property=\"article:publisher\" content=\"https:\/\/www.facebook.com\/tapasmagazine\" \/>\n<meta property=\"article:published_time\" content=\"2023-10-31T09:35:48+00:00\" \/>\n<meta property=\"article:modified_time\" content=\"2023-10-31T09:40:42+00:00\" \/>\n<meta property=\"og:image\" content=\"https:\/\/www.tapasmagazine.es\/wp-content\/uploads\/2023\/10\/syra-coffee-1.jpg\" \/>\n\t<meta property=\"og:image:width\" content=\"1200\" \/>\n\t<meta property=\"og:image:height\" content=\"675\" \/>\n\t<meta property=\"og:image:type\" content=\"image\/jpeg\" \/>\n<meta name=\"author\" content=\"Laura P\u00e9rez\" \/>\n<meta name=\"twitter:card\" content=\"summary_large_image\" \/>\n<meta name=\"twitter:creator\" content=\"@TapasMagazine\" \/>\n<meta name=\"twitter:site\" content=\"@TapasMagazine\" \/>\n<meta name=\"twitter:label1\" content=\"Written by\" \/>\n\t<meta name=\"twitter:data1\" content=\"Laura P\u00e9rez\" \/>\n\t<meta name=\"twitter:label2\" content=\"Est. reading time\" \/>\n\t<meta name=\"twitter:data2\" content=\"5 minutes\" \/>\n<script type=\"application\/ld+json\" class=\"yoast-schema-graph\">{\"@context\":\"https:\\\/\\\/schema.org\",\"@graph\":[{\"@type\":\"Article\",\"@id\":\"https:\\\/\\\/www.tapasmagazine.es\\\/en\\\/syra-coffe-legacy-8-years-democratising-speciality-coffee\\\/#article\",\"isPartOf\":{\"@id\":\"https:\\\/\\\/www.tapasmagazine.es\\\/en\\\/syra-coffe-legacy-8-years-democratising-speciality-coffee\\\/\"},\"author\":{\"name\":\"Laura P\u00e9rez\",\"@id\":\"https:\\\/\\\/www.tapasmagazine.es\\\/#\\\/schema\\\/person\\\/eb46cbe76a9c8f062660eb609e3ecb4e\"},\"headline\":\"Syra Coffee&#8217;s legacy: 8 years democratising speciality coffee\",\"datePublished\":\"2023-10-31T09:35:48+00:00\",\"dateModified\":\"2023-10-31T09:40:42+00:00\",\"mainEntityOfPage\":{\"@id\":\"https:\\\/\\\/www.tapasmagazine.es\\\/en\\\/syra-coffe-legacy-8-years-democratising-speciality-coffee\\\/\"},\"wordCount\":607,\"commentCount\":0,\"publisher\":{\"@id\":\"https:\\\/\\\/www.tapasmagazine.es\\\/#organization\"},\"image\":{\"@id\":\"https:\\\/\\\/www.tapasmagazine.es\\\/en\\\/syra-coffe-legacy-8-years-democratising-speciality-coffee\\\/#primaryimage\"},\"thumbnailUrl\":\"https:\\\/\\\/www.tapasmagazine.es\\\/wp-content\\\/uploads\\\/2023\\\/10\\\/syra-coffee-1.jpg\",\"keywords\":[\"caf\u00e9\"],\"articleSection\":[\"News\",\"Reportajes\",\"Sin categorizar\"],\"inLanguage\":\"en-US\",\"potentialAction\":[{\"@type\":\"CommentAction\",\"name\":\"Comment\",\"target\":[\"https:\\\/\\\/www.tapasmagazine.es\\\/en\\\/syra-coffe-legacy-8-years-democratising-speciality-coffee\\\/#respond\"]}]},{\"@type\":\"WebPage\",\"@id\":\"https:\\\/\\\/www.tapasmagazine.es\\\/en\\\/syra-coffe-legacy-8-years-democratising-speciality-coffee\\\/\",\"url\":\"https:\\\/\\\/www.tapasmagazine.es\\\/en\\\/syra-coffe-legacy-8-years-democratising-speciality-coffee\\\/\",\"name\":\"Syra Coffee's legacy: 8 years democratising speciality coffee - Tapas\",\"isPartOf\":{\"@id\":\"https:\\\/\\\/www.tapasmagazine.es\\\/#website\"},\"primaryImageOfPage\":{\"@id\":\"https:\\\/\\\/www.tapasmagazine.es\\\/en\\\/syra-coffe-legacy-8-years-democratising-speciality-coffee\\\/#primaryimage\"},\"image\":{\"@id\":\"https:\\\/\\\/www.tapasmagazine.es\\\/en\\\/syra-coffe-legacy-8-years-democratising-speciality-coffee\\\/#primaryimage\"},\"thumbnailUrl\":\"https:\\\/\\\/www.tapasmagazine.es\\\/wp-content\\\/uploads\\\/2023\\\/10\\\/syra-coffee-1.jpg\",\"datePublished\":\"2023-10-31T09:35:48+00:00\",\"dateModified\":\"2023-10-31T09:40:42+00:00\",\"description\":\"Syra Coffee has reinvented the coffee industry through sustainable practices that dilute an activist and conscious background in its final product: 100%\",\"breadcrumb\":{\"@id\":\"https:\\\/\\\/www.tapasmagazine.es\\\/en\\\/syra-coffe-legacy-8-years-democratising-speciality-coffee\\\/#breadcrumb\"},\"inLanguage\":\"en-US\",\"potentialAction\":[{\"@type\":\"ReadAction\",\"target\":[\"https:\\\/\\\/www.tapasmagazine.es\\\/en\\\/syra-coffe-legacy-8-years-democratising-speciality-coffee\\\/\"]}]},{\"@type\":\"ImageObject\",\"inLanguage\":\"en-US\",\"@id\":\"https:\\\/\\\/www.tapasmagazine.es\\\/en\\\/syra-coffe-legacy-8-years-democratising-speciality-coffee\\\/#primaryimage\",\"url\":\"https:\\\/\\\/www.tapasmagazine.es\\\/wp-content\\\/uploads\\\/2023\\\/10\\\/syra-coffee-1.jpg\",\"contentUrl\":\"https:\\\/\\\/www.tapasmagazine.es\\\/wp-content\\\/uploads\\\/2023\\\/10\\\/syra-coffee-1.jpg\",\"width\":1200,\"height\":675},{\"@type\":\"BreadcrumbList\",\"@id\":\"https:\\\/\\\/www.tapasmagazine.es\\\/en\\\/syra-coffe-legacy-8-years-democratising-speciality-coffee\\\/#breadcrumb\",\"itemListElement\":[{\"@type\":\"ListItem\",\"position\":1,\"name\":\"Portada\",\"item\":\"https:\\\/\\\/www.tapasmagazine.es\\\/\"},{\"@type\":\"ListItem\",\"position\":2,\"name\":\"Sin categorizar\",\"item\":\"https:\\\/\\\/www.tapasmagazine.es\\\/categorias\\\/sin-categorizar\\\/\"},{\"@type\":\"ListItem\",\"position\":3,\"name\":\"Syra Coffee&#8217;s legacy: 8 years democratising speciality coffee\"}]},{\"@type\":\"WebSite\",\"@id\":\"https:\\\/\\\/www.tapasmagazine.es\\\/#website\",\"url\":\"https:\\\/\\\/www.tapasmagazine.es\\\/\",\"name\":\"Tapas\",\"description\":\"\u00d1am \u00d1am Lifestyle. La vida a bocados. Premio Nacional de Gastronom\u00eda 2016.\",\"publisher\":{\"@id\":\"https:\\\/\\\/www.tapasmagazine.es\\\/#organization\"},\"potentialAction\":[{\"@type\":\"SearchAction\",\"target\":{\"@type\":\"EntryPoint\",\"urlTemplate\":\"https:\\\/\\\/www.tapasmagazine.es\\\/?s={search_term_string}\"},\"query-input\":{\"@type\":\"PropertyValueSpecification\",\"valueRequired\":true,\"valueName\":\"search_term_string\"}}],\"inLanguage\":\"en-US\"},{\"@type\":\"Organization\",\"@id\":\"https:\\\/\\\/www.tapasmagazine.es\\\/#organization\",\"name\":\"Tapas Magazine\",\"url\":\"https:\\\/\\\/www.tapasmagazine.es\\\/\",\"logo\":{\"@type\":\"ImageObject\",\"inLanguage\":\"en-US\",\"@id\":\"https:\\\/\\\/www.tapasmagazine.es\\\/#\\\/schema\\\/logo\\\/image\\\/\",\"url\":\"https:\\\/\\\/www.tapasmagazine.es\\\/wp-content\\\/uploads\\\/2018\\\/01\\\/logo.png\",\"contentUrl\":\"https:\\\/\\\/www.tapasmagazine.es\\\/wp-content\\\/uploads\\\/2018\\\/01\\\/logo.png\",\"width\":180,\"height\":60,\"caption\":\"Tapas Magazine\"},\"image\":{\"@id\":\"https:\\\/\\\/www.tapasmagazine.es\\\/#\\\/schema\\\/logo\\\/image\\\/\"},\"sameAs\":[\"https:\\\/\\\/www.facebook.com\\\/tapasmagazine\",\"https:\\\/\\\/x.com\\\/TapasMagazine\",\"https:\\\/\\\/www.instagram.com\\\/tapasmagazine\\\/\",\"https:\\\/\\\/www.linkedin.com\\\/company\\\/tapas-magazine\",\"https:\\\/\\\/es.pinterest.com\\\/tapasmagazine\\\/\",\"https:\\\/\\\/www.youtube.com\\\/channel\\\/UCEyxneAaACuR0lfDagrWjjg?sub_confirmation=1\"]},{\"@type\":\"Person\",\"@id\":\"https:\\\/\\\/www.tapasmagazine.es\\\/#\\\/schema\\\/person\\\/eb46cbe76a9c8f062660eb609e3ecb4e\",\"name\":\"Laura P\u00e9rez\",\"url\":\"https:\\\/\\\/www.tapasmagazine.es\\\/en\\\/author\\\/laura-perez\\\/\"}]}<\/script>\n<!-- \/ Yoast SEO plugin. -->","yoast_head_json":{"title":"Syra Coffee's legacy: 8 years democratising speciality coffee - Tapas","description":"Syra Coffee has reinvented the coffee industry through sustainable practices that dilute an activist and conscious background in its final product: 100%","robots":{"index":"index","follow":"follow","max-snippet":"max-snippet:-1","max-image-preview":"max-image-preview:large","max-video-preview":"max-video-preview:-1"},"canonical":"https:\/\/www.tapasmagazine.es\/en\/syra-coffe-legacy-8-years-democratising-speciality-coffee\/","og_locale":"en_US","og_type":"article","og_title":"Syra Coffee's legacy: 8 years democratising speciality coffee - Tapas","og_description":"Syra Coffee has reinvented the coffee industry through sustainable practices that dilute an activist and conscious background in its final product: 100%","og_url":"https:\/\/www.tapasmagazine.es\/en\/syra-coffe-legacy-8-years-democratising-speciality-coffee\/","og_site_name":"Tapas","article_publisher":"https:\/\/www.facebook.com\/tapasmagazine","article_published_time":"2023-10-31T09:35:48+00:00","article_modified_time":"2023-10-31T09:40:42+00:00","og_image":[{"width":1200,"height":675,"url":"https:\/\/www.tapasmagazine.es\/wp-content\/uploads\/2023\/10\/syra-coffee-1.jpg","type":"image\/jpeg"}],"author":"Laura P\u00e9rez","twitter_card":"summary_large_image","twitter_creator":"@TapasMagazine","twitter_site":"@TapasMagazine","twitter_misc":{"Written by":"Laura P\u00e9rez","Est. reading time":"5 minutes"},"schema":{"@context":"https:\/\/schema.org","@graph":[{"@type":"Article","@id":"https:\/\/www.tapasmagazine.es\/en\/syra-coffe-legacy-8-years-democratising-speciality-coffee\/#article","isPartOf":{"@id":"https:\/\/www.tapasmagazine.es\/en\/syra-coffe-legacy-8-years-democratising-speciality-coffee\/"},"author":{"name":"Laura P\u00e9rez","@id":"https:\/\/www.tapasmagazine.es\/#\/schema\/person\/eb46cbe76a9c8f062660eb609e3ecb4e"},"headline":"Syra Coffee&#8217;s legacy: 8 years democratising speciality coffee","datePublished":"2023-10-31T09:35:48+00:00","dateModified":"2023-10-31T09:40:42+00:00","mainEntityOfPage":{"@id":"https:\/\/www.tapasmagazine.es\/en\/syra-coffe-legacy-8-years-democratising-speciality-coffee\/"},"wordCount":607,"commentCount":0,"publisher":{"@id":"https:\/\/www.tapasmagazine.es\/#organization"},"image":{"@id":"https:\/\/www.tapasmagazine.es\/en\/syra-coffe-legacy-8-years-democratising-speciality-coffee\/#primaryimage"},"thumbnailUrl":"https:\/\/www.tapasmagazine.es\/wp-content\/uploads\/2023\/10\/syra-coffee-1.jpg","keywords":["caf\u00e9"],"articleSection":["News","Reportajes","Sin categorizar"],"inLanguage":"en-US","potentialAction":[{"@type":"CommentAction","name":"Comment","target":["https:\/\/www.tapasmagazine.es\/en\/syra-coffe-legacy-8-years-democratising-speciality-coffee\/#respond"]}]},{"@type":"WebPage","@id":"https:\/\/www.tapasmagazine.es\/en\/syra-coffe-legacy-8-years-democratising-speciality-coffee\/","url":"https:\/\/www.tapasmagazine.es\/en\/syra-coffe-legacy-8-years-democratising-speciality-coffee\/","name":"Syra Coffee's legacy: 8 years democratising speciality coffee - Tapas","isPartOf":{"@id":"https:\/\/www.tapasmagazine.es\/#website"},"primaryImageOfPage":{"@id":"https:\/\/www.tapasmagazine.es\/en\/syra-coffe-legacy-8-years-democratising-speciality-coffee\/#primaryimage"},"image":{"@id":"https:\/\/www.tapasmagazine.es\/en\/syra-coffe-legacy-8-years-democratising-speciality-coffee\/#primaryimage"},"thumbnailUrl":"https:\/\/www.tapasmagazine.es\/wp-content\/uploads\/2023\/10\/syra-coffee-1.jpg","datePublished":"2023-10-31T09:35:48+00:00","dateModified":"2023-10-31T09:40:42+00:00","description":"Syra Coffee has reinvented the coffee industry through sustainable practices that dilute an activist and conscious background in its final product: 100%","breadcrumb":{"@id":"https:\/\/www.tapasmagazine.es\/en\/syra-coffe-legacy-8-years-democratising-speciality-coffee\/#breadcrumb"},"inLanguage":"en-US","potentialAction":[{"@type":"ReadAction","target":["https:\/\/www.tapasmagazine.es\/en\/syra-coffe-legacy-8-years-democratising-speciality-coffee\/"]}]},{"@type":"ImageObject","inLanguage":"en-US","@id":"https:\/\/www.tapasmagazine.es\/en\/syra-coffe-legacy-8-years-democratising-speciality-coffee\/#primaryimage","url":"https:\/\/www.tapasmagazine.es\/wp-content\/uploads\/2023\/10\/syra-coffee-1.jpg","contentUrl":"https:\/\/www.tapasmagazine.es\/wp-content\/uploads\/2023\/10\/syra-coffee-1.jpg","width":1200,"height":675},{"@type":"BreadcrumbList","@id":"https:\/\/www.tapasmagazine.es\/en\/syra-coffe-legacy-8-years-democratising-speciality-coffee\/#breadcrumb","itemListElement":[{"@type":"ListItem","position":1,"name":"Portada","item":"https:\/\/www.tapasmagazine.es\/"},{"@type":"ListItem","position":2,"name":"Sin categorizar","item":"https:\/\/www.tapasmagazine.es\/categorias\/sin-categorizar\/"},{"@type":"ListItem","position":3,"name":"Syra Coffee&#8217;s legacy: 8 years democratising speciality coffee"}]},{"@type":"WebSite","@id":"https:\/\/www.tapasmagazine.es\/#website","url":"https:\/\/www.tapasmagazine.es\/","name":"Tapas","description":"\u00d1am \u00d1am Lifestyle. La vida a bocados. Premio Nacional de Gastronom\u00eda 2016.","publisher":{"@id":"https:\/\/www.tapasmagazine.es\/#organization"},"potentialAction":[{"@type":"SearchAction","target":{"@type":"EntryPoint","urlTemplate":"https:\/\/www.tapasmagazine.es\/?s={search_term_string}"},"query-input":{"@type":"PropertyValueSpecification","valueRequired":true,"valueName":"search_term_string"}}],"inLanguage":"en-US"},{"@type":"Organization","@id":"https:\/\/www.tapasmagazine.es\/#organization","name":"Tapas Magazine","url":"https:\/\/www.tapasmagazine.es\/","logo":{"@type":"ImageObject","inLanguage":"en-US","@id":"https:\/\/www.tapasmagazine.es\/#\/schema\/logo\/image\/","url":"https:\/\/www.tapasmagazine.es\/wp-content\/uploads\/2018\/01\/logo.png","contentUrl":"https:\/\/www.tapasmagazine.es\/wp-content\/uploads\/2018\/01\/logo.png","width":180,"height":60,"caption":"Tapas Magazine"},"image":{"@id":"https:\/\/www.tapasmagazine.es\/#\/schema\/logo\/image\/"},"sameAs":["https:\/\/www.facebook.com\/tapasmagazine","https:\/\/x.com\/TapasMagazine","https:\/\/www.instagram.com\/tapasmagazine\/","https:\/\/www.linkedin.com\/company\/tapas-magazine","https:\/\/es.pinterest.com\/tapasmagazine\/","https:\/\/www.youtube.com\/channel\/UCEyxneAaACuR0lfDagrWjjg?sub_confirmation=1"]},{"@type":"Person","@id":"https:\/\/www.tapasmagazine.es\/#\/schema\/person\/eb46cbe76a9c8f062660eb609e3ecb4e","name":"Laura P\u00e9rez","url":"https:\/\/www.tapasmagazine.es\/en\/author\/laura-perez\/"}]}},"_links":{"self":[{"href":"https:\/\/www.tapasmagazine.es\/en\/wp-json\/wp\/v2\/posts\/215866","targetHints":{"allow":["GET"]}}],"collection":[{"href":"https:\/\/www.tapasmagazine.es\/en\/wp-json\/wp\/v2\/posts"}],"about":[{"href":"https:\/\/www.tapasmagazine.es\/en\/wp-json\/wp\/v2\/types\/post"}],"author":[{"embeddable":true,"href":"https:\/\/www.tapasmagazine.es\/en\/wp-json\/wp\/v2\/users\/285"}],"replies":[{"embeddable":true,"href":"https:\/\/www.tapasmagazine.es\/en\/wp-json\/wp\/v2\/comments?post=215866"}],"version-history":[{"count":4,"href":"https:\/\/www.tapasmagazine.es\/en\/wp-json\/wp\/v2\/posts\/215866\/revisions"}],"predecessor-version":[{"id":215871,"href":"https:\/\/www.tapasmagazine.es\/en\/wp-json\/wp\/v2\/posts\/215866\/revisions\/215871"}],"wp:featuredmedia":[{"embeddable":true,"href":"https:\/\/www.tapasmagazine.es\/en\/wp-json\/wp\/v2\/media\/215840"}],"wp:attachment":[{"href":"https:\/\/www.tapasmagazine.es\/en\/wp-json\/wp\/v2\/media?parent=215866"}],"wp:term":[{"taxonomy":"category","embeddable":true,"href":"https:\/\/www.tapasmagazine.es\/en\/wp-json\/wp\/v2\/categories?post=215866"},{"taxonomy":"post_tag","embeddable":true,"href":"https:\/\/www.tapasmagazine.es\/en\/wp-json\/wp\/v2\/tags?post=215866"}],"curies":[{"name":"wp","href":"https:\/\/api.w.org\/{rel}","templated":true}]}}