{"id":214913,"date":"2023-10-24T15:51:16","date_gmt":"2023-10-24T13:51:16","guid":{"rendered":"https:\/\/www.tapasmagazine.es\/?p=214913"},"modified":"2023-10-24T15:59:46","modified_gmt":"2023-10-24T13:59:46","slug":"how-the-dia-de-muertos-will-be-celebrated-at-the-mandarin-oriental-ritz-madrid-with-mexican-chef-karla-cova-villa","status":"publish","type":"post","link":"https:\/\/www.tapasmagazine.es\/en\/how-the-dia-de-muertos-will-be-celebrated-at-the-mandarin-oriental-ritz-madrid-with-mexican-chef-karla-cova-villa\/","title":{"rendered":"How the D\u00eda de Muertos will be celebrated at the Mandarin Oriental Ritz, Madrid with Mexican Chef Karla Cova Villa"},"content":{"rendered":"\n<p><strong>Click <a href=\"https:\/\/www.tapasmagazine.es\/asi-se-celebrara-el-dia-de-muertos-en-el-mandarin-oriental-ritz-madrid-con-la-chef-mexicana-karla-cova-villa\/\" target=\"_blank\" rel=\"noreferrer noopener\">here<\/a> to read the Spanish version.<\/strong><br>The celebration of the D\u00eda de Muertos is approaching, a very important date in the Mexican calendar, so the Mandarin Oriental Ritz Hotel, Madrid wanted to pay a small culinary tribute to the authentic flavor of Mexico with the collaboration of Chef Karla Cova Villa and Sergio de la Plata, Head Chef of Palm Court, which will take place in <a href=\"https:\/\/www.mandarinoriental.com\/es-es\/madrid\/hotel-ritz\/dine\/pictura\" target=\"_blank\" rel=\"noreferrer noopener\">Pictura<\/a>, one of the hotel&#8217;s gastronomic spaces.<\/p>\n\n\n\n<figure class=\"wp-block-embed is-type-rich is-provider-instagram wp-block-embed-instagram\"><div class=\"wp-block-embed__wrapper\">\n<div class=\"sbi-embed-wrap\"><blockquote class=\"instagram-media sbi-embed\" data-instgrm-captioned data-instgrm-permalink=\"https:\/\/www.instagram.com\/reel\/CytaDrZtSzp\/?utm_source=ig_embed&amp;utm_campaign=loading\" data-instgrm-version=\"14\" style=\" background:#FFF; border:0; border-radius:3px; box-shadow:0 0 1px 0 rgba(0,0,0,0.5),0 1px 10px 0 rgba(0,0,0,0.15); margin: 1px; max-width:640px; min-width:326px; padding:0; width:99.375%; width:-webkit-calc(100% - 2px); width:calc(100% - 2px);\"><div style=\"padding:16px;\"> <a href=\"https:\/\/www.instagram.com\/reel\/CytaDrZtSzp\/?utm_source=ig_embed&amp;utm_campaign=loading\" style=\" background:#FFFFFF; line-height:0; padding:0 0; text-align:center; text-decoration:none; width:100%;\" target=\"_blank\"> <div style=\" display: flex; flex-direction: row; align-items: center;\"> <div style=\"background-color: #F4F4F4; border-radius: 50%; flex-grow: 0; height: 40px; margin-right: 14px; width: 40px;\"><\/div> <div style=\"display: flex; flex-direction: column; flex-grow: 1; justify-content: center;\"> <div style=\" background-color: #F4F4F4; border-radius: 4px; flex-grow: 0; height: 14px; margin-bottom: 6px; width: 100px;\"><\/div> <div style=\" background-color: #F4F4F4; border-radius: 4px; flex-grow: 0; height: 14px; width: 60px;\"><\/div><\/div><\/div><div style=\"padding: 19% 0;\"><\/div> <div style=\"display:block; height:50px; margin:0 auto 12px; width:50px;\"><svg width=\"50px\" height=\"50px\" viewBox=\"0 0 60 60\" version=\"1.1\" xmlns=\"https:\/\/www.w3.org\/2000\/svg\" xmlns:xlink=\"https:\/\/www.w3.org\/1999\/xlink\"><g stroke=\"none\" stroke-width=\"1\" fill=\"none\" fill-rule=\"evenodd\"><g transform=\"translate(-511.000000, -20.000000)\" fill=\"#000000\"><g><path d=\"M556.869,30.41 C554.814,30.41 553.148,32.076 553.148,34.131 C553.148,36.186 554.814,37.852 556.869,37.852 C558.924,37.852 560.59,36.186 560.59,34.131 C560.59,32.076 558.924,30.41 556.869,30.41 M541,60.657 C535.114,60.657 530.342,55.887 530.342,50 C530.342,44.114 535.114,39.342 541,39.342 C546.887,39.342 551.658,44.114 551.658,50 C551.658,55.887 546.887,60.657 541,60.657 M541,33.886 C532.1,33.886 524.886,41.1 524.886,50 C524.886,58.899 532.1,66.113 541,66.113 C549.9,66.113 557.115,58.899 557.115,50 C557.115,41.1 549.9,33.886 541,33.886 M565.378,62.101 C565.244,65.022 564.756,66.606 564.346,67.663 C563.803,69.06 563.154,70.057 562.106,71.106 C561.058,72.155 560.06,72.803 558.662,73.347 C557.607,73.757 556.021,74.244 553.102,74.378 C549.944,74.521 548.997,74.552 541,74.552 C533.003,74.552 532.056,74.521 528.898,74.378 C525.979,74.244 524.393,73.757 523.338,73.347 C521.94,72.803 520.942,72.155 519.894,71.106 C518.846,70.057 518.197,69.06 517.654,67.663 C517.244,66.606 516.755,65.022 516.623,62.101 C516.479,58.943 516.448,57.996 516.448,50 C516.448,42.003 516.479,41.056 516.623,37.899 C516.755,34.978 517.244,33.391 517.654,32.338 C518.197,30.938 518.846,29.942 519.894,28.894 C520.942,27.846 521.94,27.196 523.338,26.654 C524.393,26.244 525.979,25.756 528.898,25.623 C532.057,25.479 533.004,25.448 541,25.448 C548.997,25.448 549.943,25.479 553.102,25.623 C556.021,25.756 557.607,26.244 558.662,26.654 C560.06,27.196 561.058,27.846 562.106,28.894 C563.154,29.942 563.803,30.938 564.346,32.338 C564.756,33.391 565.244,34.978 565.378,37.899 C565.522,41.056 565.552,42.003 565.552,50 C565.552,57.996 565.522,58.943 565.378,62.101 M570.82,37.631 C570.674,34.438 570.167,32.258 569.425,30.349 C568.659,28.377 567.633,26.702 565.965,25.035 C564.297,23.368 562.623,22.342 560.652,21.575 C558.743,20.834 556.562,20.326 553.369,20.18 C550.169,20.033 549.148,20 541,20 C532.853,20 531.831,20.033 528.631,20.18 C525.438,20.326 523.257,20.834 521.349,21.575 C519.376,22.342 517.703,23.368 516.035,25.035 C514.368,26.702 513.342,28.377 512.574,30.349 C511.834,32.258 511.326,34.438 511.181,37.631 C511.035,40.831 511,41.851 511,50 C511,58.147 511.035,59.17 511.181,62.369 C511.326,65.562 511.834,67.743 512.574,69.651 C513.342,71.625 514.368,73.296 516.035,74.965 C517.703,76.634 519.376,77.658 521.349,78.425 C523.257,79.167 525.438,79.673 528.631,79.82 C531.831,79.965 532.853,80.001 541,80.001 C549.148,80.001 550.169,79.965 553.369,79.82 C556.562,79.673 558.743,79.167 560.652,78.425 C562.623,77.658 564.297,76.634 565.965,74.965 C567.633,73.296 568.659,71.625 569.425,69.651 C570.167,67.743 570.674,65.562 570.82,62.369 C570.966,59.17 571,58.147 571,50 C571,41.851 570.966,40.831 570.82,37.631\"><\/path><\/g><\/g><\/g><\/svg><\/div><div style=\"padding-top: 8px;\"> <div style=\" color:#3897f0; font-family:Arial,sans-serif; font-size:14px; font-style:normal; font-weight:550; line-height:18px;\">View this post on Instagram<\/div><\/div><div style=\"padding: 12.5% 0;\"><\/div> <div style=\"display: flex; flex-direction: row; margin-bottom: 14px; align-items: center;\"><div> <div style=\"background-color: #F4F4F4; border-radius: 50%; height: 12.5px; width: 12.5px; transform: translateX(0px) translateY(7px);\"><\/div> <div style=\"background-color: #F4F4F4; height: 12.5px; transform: rotate(-45deg) translateX(3px) translateY(1px); width: 12.5px; flex-grow: 0; margin-right: 14px; margin-left: 2px;\"><\/div> <div style=\"background-color: #F4F4F4; border-radius: 50%; height: 12.5px; width: 12.5px; transform: translateX(9px) translateY(-18px);\"><\/div><\/div><div style=\"margin-left: 8px;\"> <div style=\" background-color: #F4F4F4; border-radius: 50%; flex-grow: 0; height: 20px; width: 20px;\"><\/div> <div style=\" width: 0; height: 0; border-top: 2px solid transparent; border-left: 6px solid #f4f4f4; border-bottom: 2px solid transparent; transform: translateX(16px) translateY(-4px) rotate(30deg)\"><\/div><\/div><div style=\"margin-left: auto;\"> <div style=\" width: 0px; border-top: 8px solid #F4F4F4; border-right: 8px solid transparent; transform: translateY(16px);\"><\/div> <div style=\" background-color: #F4F4F4; flex-grow: 0; height: 12px; width: 16px; transform: translateY(-4px);\"><\/div> <div style=\" width: 0; height: 0; border-top: 8px solid #F4F4F4; border-left: 8px solid transparent; transform: translateY(-4px) translateX(8px);\"><\/div><\/div><\/div> <div style=\"display: flex; flex-direction: column; flex-grow: 1; justify-content: center; margin-bottom: 24px;\"> <div style=\" background-color: #F4F4F4; border-radius: 4px; flex-grow: 0; height: 14px; margin-bottom: 6px; width: 224px;\"><\/div> <div style=\" background-color: #F4F4F4; border-radius: 4px; flex-grow: 0; height: 14px; width: 144px;\"><\/div><\/div><\/a><p style=\" color:#c9c8cd; font-family:Arial,sans-serif; font-size:14px; line-height:17px; margin-bottom:0; margin-top:8px; overflow:hidden; padding:8px 0 7px; text-align:center; text-overflow:ellipsis; white-space:nowrap;\"><a href=\"https:\/\/www.instagram.com\/reel\/CytaDrZtSzp\/?utm_source=ig_embed&amp;utm_campaign=loading\" style=\" color:#c9c8cd; font-family:Arial,sans-serif; font-size:14px; font-style:normal; font-weight:normal; line-height:17px; text-decoration:none;\" target=\"_blank\">A post shared by Mandarin Oriental Ritz, Madrid (@mo_ritzmadrid)<\/a><\/p><\/div><\/blockquote><script async src=\"\/\/platform.instagram.com\/en_US\/embeds.js\"><\/script><\/div>\n<\/div><\/figure>\n\n\n\n<p>From October 25 to November 8, this gastronomic proposal proposed by Karla will be based on an exclusive cocktail paired with a tapa, priced at 25 \u20ac. All this, of course, with a clear Mexican inspiration around the D\u00eda de Muertos, declared Intangible Cultural Heritage of Humanity by UNESCO in 2008.<\/p>\n\n\n<div class=\"wp-block-image\">\n<figure class=\"aligncenter size-full\"><a href=\"https:\/\/www.tapasmagazine.es\/wp-content\/uploads\/2023\/10\/cocteltapa-1.jpg\"><img decoding=\"async\" width=\"667\" height=\"1000\" src=\"https:\/\/www.tapasmagazine.es\/wp-content\/uploads\/2023\/10\/cocteltapa-1.jpg\" alt=\"\" class=\"wp-image-214907\" srcset=\"https:\/\/www.tapasmagazine.es\/wp-content\/uploads\/2023\/10\/cocteltapa-1.jpg 667w, https:\/\/www.tapasmagazine.es\/wp-content\/uploads\/2023\/10\/cocteltapa-1-200x300.jpg 200w, https:\/\/www.tapasmagazine.es\/wp-content\/uploads\/2023\/10\/cocteltapa-1-400x600.jpg 400w\" sizes=\"(max-width: 667px) 100vw, 667px\" \/><\/a><\/figure>\n<\/div>\n\n\n<p>For this occasion, Karla Cova Villa, a Mexican based in Spain, proposes the Spicy Mango Margarita, a reinterpretation of the classic margarita with a base of tequila and fresh mango. It is a combination with a markedly sweet flavor that contrasts with the first impact of the taj\u00edn, lowered with dehydrated beet, around the rim of the glass. A festival of flavor and color, with a vibrant orange and fuchsia hue that emulates the cempas\u00fachil and chrysanthemum, the iconic flowers of Mexico and especially of this traditional holiday.<\/p>\n\n\n\n<figure class=\"wp-block-image size-full\"><a href=\"https:\/\/www.tapasmagazine.es\/wp-content\/uploads\/2023\/10\/sergio-karla.jpg\"><img decoding=\"async\" width=\"667\" height=\"1000\" src=\"https:\/\/www.tapasmagazine.es\/wp-content\/uploads\/2023\/10\/sergio-karla.jpg\" alt=\"\" class=\"wp-image-214909\" srcset=\"https:\/\/www.tapasmagazine.es\/wp-content\/uploads\/2023\/10\/sergio-karla.jpg 667w, https:\/\/www.tapasmagazine.es\/wp-content\/uploads\/2023\/10\/sergio-karla-200x300.jpg 200w, https:\/\/www.tapasmagazine.es\/wp-content\/uploads\/2023\/10\/sergio-karla-400x600.jpg 400w\" sizes=\"(max-width: 667px) 100vw, 667px\" \/><\/a><\/figure>\n\n\n\n<h2 class=\"wp-block-heading\">Karla Cova &amp; Sergio de la Plata<\/h2>\n\n\n\n<p>The snack that will accompany the Spicy Mango Margarita is the Taquitos Dorados de Papa, a tapa that Karla has created together with Chef Sergio de la Plata, Head Chef of Palm Court. They are crispy potato and tortilla tacos, served with three sauces composed of the traditional pico de gallo, guacamole and a smooth chipotle mayonnaise that adds a spicy touch and rounds out the proposal.<\/p>\n\n\n\n<figure class=\"wp-block-image size-full\"><a href=\"https:\/\/www.tapasmagazine.es\/wp-content\/uploads\/2023\/10\/cocteltapa2.jpg\"><img decoding=\"async\" width=\"667\" height=\"1000\" src=\"https:\/\/www.tapasmagazine.es\/wp-content\/uploads\/2023\/10\/cocteltapa2.jpg\" alt=\"\" class=\"wp-image-214911\" srcset=\"https:\/\/www.tapasmagazine.es\/wp-content\/uploads\/2023\/10\/cocteltapa2.jpg 667w, https:\/\/www.tapasmagazine.es\/wp-content\/uploads\/2023\/10\/cocteltapa2-200x300.jpg 200w, https:\/\/www.tapasmagazine.es\/wp-content\/uploads\/2023\/10\/cocteltapa2-400x600.jpg 400w\" sizes=\"(max-width: 667px) 100vw, 667px\" \/><\/a><\/figure>\n\n\n\n<p>&#8220;This collaboration is very special to me because it unites my two homes, Madrid and Mexico, and has allowed me to pay homage to my origins and a truly magical party. Working with chef Sergio de la Plata has been spectacular, from the beginning everything was in sync and entering the kitchens of the Mandarin Oriental Ritz, Madrid has been very special. With the cocktail we have given a twist to my favorite drink, a Margarita sweet by the handle, but with a spicy touch that brings the taj\u00edn to brush the lips with the first sip. I hope visitors to Pictura love it as much as I loved the whole process,&#8221; explains Karla who, in addition to being a chef, is the creator of <a href=\"https:\/\/www.instagram.com\/chulacocinacreativa\" target=\"_blank\" rel=\"noreferrer noopener\">@chulacocinacreativa<\/a>, where she shares recipes and organizes cooking workshops.<\/p>\n","protected":false},"excerpt":{"rendered":"<p>Click here to read the Spanish version.The celebration of the D\u00eda de Muertos is approaching, a very important date in the Mexican calendar, so the Mandarin Oriental Ritz Hotel, Madrid wanted to pay a small culinary tribute to the authentic flavor of Mexico with the collaboration of Chef Karla Cova Villa and Sergio de la [&hellip;]<\/p>\n","protected":false},"author":279,"featured_media":214906,"comment_status":"open","ping_status":"closed","sticky":false,"template":"single-feature.php","format":"standard","meta":{"_acf_changed":false,"footnotes":""},"categories":[15807,15802],"tags":[],"class_list":["post-214913","post","type-post","status-publish","format-standard","has-post-thumbnail","hentry","category-gastro-en","category-news","cat-15807-id","cat-15802-id"],"acf":[],"yoast_head":"<!-- This site is optimized with the Yoast SEO plugin v27.5 - https:\/\/yoast.com\/product\/yoast-seo-wordpress\/ -->\n<title>How the D\u00eda de Muertos will be celebrated at the Mandarin Oriental Ritz, Madrid with Mexican Chef Karla Cova Villa<\/title>\n<meta name=\"description\" content=\"The Mexican chef has collaborated with Sergio de la Plata, Head Chef of Palm Court, to create a special cocktail + tapa to celebrate the Day of the Dead.\" \/>\n<meta name=\"robots\" content=\"index, follow, max-snippet:-1, max-image-preview:large, max-video-preview:-1\" \/>\n<link rel=\"canonical\" href=\"https:\/\/www.tapasmagazine.es\/en\/how-the-dia-de-muertos-will-be-celebrated-at-the-mandarin-oriental-ritz-madrid-with-mexican-chef-karla-cova-villa\/\" \/>\n<meta property=\"og:locale\" content=\"en_US\" \/>\n<meta property=\"og:type\" content=\"article\" \/>\n<meta property=\"og:title\" content=\"How the D\u00eda de Muertos will be celebrated at the Mandarin Oriental Ritz, Madrid with Mexican Chef Karla Cova Villa\" \/>\n<meta property=\"og:description\" content=\"The Mexican chef has collaborated with Sergio de la Plata, Head Chef of Palm Court, to create a special cocktail + tapa to celebrate the Day of the Dead.\" \/>\n<meta property=\"og:url\" content=\"https:\/\/www.tapasmagazine.es\/en\/how-the-dia-de-muertos-will-be-celebrated-at-the-mandarin-oriental-ritz-madrid-with-mexican-chef-karla-cova-villa\/\" \/>\n<meta property=\"og:site_name\" content=\"Tapas\" \/>\n<meta property=\"article:publisher\" content=\"https:\/\/www.facebook.com\/tapasmagazine\" \/>\n<meta property=\"article:published_time\" content=\"2023-10-24T13:51:16+00:00\" \/>\n<meta property=\"article:modified_time\" content=\"2023-10-24T13:59:46+00:00\" \/>\n<meta property=\"og:image\" content=\"https:\/\/www.tapasmagazine.es\/wp-content\/uploads\/2023\/10\/Mandarin-Oriental-Ritz-Madrid-Dia-de-Muertos.jpg\" \/>\n\t<meta property=\"og:image:width\" content=\"1200\" \/>\n\t<meta property=\"og:image:height\" content=\"675\" \/>\n\t<meta property=\"og:image:type\" content=\"image\/jpeg\" \/>\n<meta name=\"author\" content=\"Toni Alonso\" \/>\n<meta name=\"twitter:card\" content=\"summary_large_image\" \/>\n<meta name=\"twitter:creator\" content=\"@TapasMagazine\" \/>\n<meta name=\"twitter:site\" content=\"@TapasMagazine\" \/>\n<meta name=\"twitter:label1\" content=\"Written by\" \/>\n\t<meta name=\"twitter:data1\" content=\"Toni Alonso\" \/>\n\t<meta name=\"twitter:label2\" content=\"Est. reading time\" \/>\n\t<meta name=\"twitter:data2\" content=\"3 minutes\" \/>\n<script type=\"application\/ld+json\" class=\"yoast-schema-graph\">{\"@context\":\"https:\\\/\\\/schema.org\",\"@graph\":[{\"@type\":\"Article\",\"@id\":\"https:\\\/\\\/www.tapasmagazine.es\\\/en\\\/how-the-dia-de-muertos-will-be-celebrated-at-the-mandarin-oriental-ritz-madrid-with-mexican-chef-karla-cova-villa\\\/#article\",\"isPartOf\":{\"@id\":\"https:\\\/\\\/www.tapasmagazine.es\\\/en\\\/how-the-dia-de-muertos-will-be-celebrated-at-the-mandarin-oriental-ritz-madrid-with-mexican-chef-karla-cova-villa\\\/\"},\"author\":{\"name\":\"Toni Alonso\",\"@id\":\"https:\\\/\\\/www.tapasmagazine.es\\\/#\\\/schema\\\/person\\\/63bc618d318821aa948ba50d2e18ab3d\"},\"headline\":\"How the D\u00eda de Muertos will be celebrated at the Mandarin Oriental Ritz, Madrid with Mexican Chef Karla Cova Villa\",\"datePublished\":\"2023-10-24T13:51:16+00:00\",\"dateModified\":\"2023-10-24T13:59:46+00:00\",\"mainEntityOfPage\":{\"@id\":\"https:\\\/\\\/www.tapasmagazine.es\\\/en\\\/how-the-dia-de-muertos-will-be-celebrated-at-the-mandarin-oriental-ritz-madrid-with-mexican-chef-karla-cova-villa\\\/\"},\"wordCount\":449,\"commentCount\":0,\"publisher\":{\"@id\":\"https:\\\/\\\/www.tapasmagazine.es\\\/#organization\"},\"image\":{\"@id\":\"https:\\\/\\\/www.tapasmagazine.es\\\/en\\\/how-the-dia-de-muertos-will-be-celebrated-at-the-mandarin-oriental-ritz-madrid-with-mexican-chef-karla-cova-villa\\\/#primaryimage\"},\"thumbnailUrl\":\"https:\\\/\\\/www.tapasmagazine.es\\\/wp-content\\\/uploads\\\/2023\\\/10\\\/Mandarin-Oriental-Ritz-Madrid-Dia-de-Muertos.jpg\",\"articleSection\":[\"Gastro\",\"News\"],\"inLanguage\":\"en-US\",\"potentialAction\":[{\"@type\":\"CommentAction\",\"name\":\"Comment\",\"target\":[\"https:\\\/\\\/www.tapasmagazine.es\\\/en\\\/how-the-dia-de-muertos-will-be-celebrated-at-the-mandarin-oriental-ritz-madrid-with-mexican-chef-karla-cova-villa\\\/#respond\"]}]},{\"@type\":\"WebPage\",\"@id\":\"https:\\\/\\\/www.tapasmagazine.es\\\/en\\\/how-the-dia-de-muertos-will-be-celebrated-at-the-mandarin-oriental-ritz-madrid-with-mexican-chef-karla-cova-villa\\\/\",\"url\":\"https:\\\/\\\/www.tapasmagazine.es\\\/en\\\/how-the-dia-de-muertos-will-be-celebrated-at-the-mandarin-oriental-ritz-madrid-with-mexican-chef-karla-cova-villa\\\/\",\"name\":\"How the D\u00eda de Muertos will be celebrated at the Mandarin Oriental Ritz, Madrid with Mexican Chef Karla Cova Villa\",\"isPartOf\":{\"@id\":\"https:\\\/\\\/www.tapasmagazine.es\\\/#website\"},\"primaryImageOfPage\":{\"@id\":\"https:\\\/\\\/www.tapasmagazine.es\\\/en\\\/how-the-dia-de-muertos-will-be-celebrated-at-the-mandarin-oriental-ritz-madrid-with-mexican-chef-karla-cova-villa\\\/#primaryimage\"},\"image\":{\"@id\":\"https:\\\/\\\/www.tapasmagazine.es\\\/en\\\/how-the-dia-de-muertos-will-be-celebrated-at-the-mandarin-oriental-ritz-madrid-with-mexican-chef-karla-cova-villa\\\/#primaryimage\"},\"thumbnailUrl\":\"https:\\\/\\\/www.tapasmagazine.es\\\/wp-content\\\/uploads\\\/2023\\\/10\\\/Mandarin-Oriental-Ritz-Madrid-Dia-de-Muertos.jpg\",\"datePublished\":\"2023-10-24T13:51:16+00:00\",\"dateModified\":\"2023-10-24T13:59:46+00:00\",\"description\":\"The Mexican chef has collaborated with Sergio de la Plata, Head Chef of Palm Court, to create a special cocktail + tapa to celebrate the Day of the Dead.\",\"breadcrumb\":{\"@id\":\"https:\\\/\\\/www.tapasmagazine.es\\\/en\\\/how-the-dia-de-muertos-will-be-celebrated-at-the-mandarin-oriental-ritz-madrid-with-mexican-chef-karla-cova-villa\\\/#breadcrumb\"},\"inLanguage\":\"en-US\",\"potentialAction\":[{\"@type\":\"ReadAction\",\"target\":[\"https:\\\/\\\/www.tapasmagazine.es\\\/en\\\/how-the-dia-de-muertos-will-be-celebrated-at-the-mandarin-oriental-ritz-madrid-with-mexican-chef-karla-cova-villa\\\/\"]}]},{\"@type\":\"ImageObject\",\"inLanguage\":\"en-US\",\"@id\":\"https:\\\/\\\/www.tapasmagazine.es\\\/en\\\/how-the-dia-de-muertos-will-be-celebrated-at-the-mandarin-oriental-ritz-madrid-with-mexican-chef-karla-cova-villa\\\/#primaryimage\",\"url\":\"https:\\\/\\\/www.tapasmagazine.es\\\/wp-content\\\/uploads\\\/2023\\\/10\\\/Mandarin-Oriental-Ritz-Madrid-Dia-de-Muertos.jpg\",\"contentUrl\":\"https:\\\/\\\/www.tapasmagazine.es\\\/wp-content\\\/uploads\\\/2023\\\/10\\\/Mandarin-Oriental-Ritz-Madrid-Dia-de-Muertos.jpg\",\"width\":1200,\"height\":675},{\"@type\":\"BreadcrumbList\",\"@id\":\"https:\\\/\\\/www.tapasmagazine.es\\\/en\\\/how-the-dia-de-muertos-will-be-celebrated-at-the-mandarin-oriental-ritz-madrid-with-mexican-chef-karla-cova-villa\\\/#breadcrumb\",\"itemListElement\":[{\"@type\":\"ListItem\",\"position\":1,\"name\":\"Portada\",\"item\":\"https:\\\/\\\/www.tapasmagazine.es\\\/\"},{\"@type\":\"ListItem\",\"position\":2,\"name\":\"Gastro\",\"item\":\"https:\\\/\\\/www.tapasmagazine.es\\\/en\\\/categorias\\\/gastro-en\\\/\"},{\"@type\":\"ListItem\",\"position\":3,\"name\":\"How the D\u00eda de Muertos will be celebrated at the Mandarin Oriental Ritz, Madrid with Mexican Chef Karla Cova Villa\"}]},{\"@type\":\"WebSite\",\"@id\":\"https:\\\/\\\/www.tapasmagazine.es\\\/#website\",\"url\":\"https:\\\/\\\/www.tapasmagazine.es\\\/\",\"name\":\"Tapas\",\"description\":\"\u00d1am \u00d1am Lifestyle. La vida a bocados. Premio Nacional de Gastronom\u00eda 2016.\",\"publisher\":{\"@id\":\"https:\\\/\\\/www.tapasmagazine.es\\\/#organization\"},\"potentialAction\":[{\"@type\":\"SearchAction\",\"target\":{\"@type\":\"EntryPoint\",\"urlTemplate\":\"https:\\\/\\\/www.tapasmagazine.es\\\/?s={search_term_string}\"},\"query-input\":{\"@type\":\"PropertyValueSpecification\",\"valueRequired\":true,\"valueName\":\"search_term_string\"}}],\"inLanguage\":\"en-US\"},{\"@type\":\"Organization\",\"@id\":\"https:\\\/\\\/www.tapasmagazine.es\\\/#organization\",\"name\":\"Tapas Magazine\",\"url\":\"https:\\\/\\\/www.tapasmagazine.es\\\/\",\"logo\":{\"@type\":\"ImageObject\",\"inLanguage\":\"en-US\",\"@id\":\"https:\\\/\\\/www.tapasmagazine.es\\\/#\\\/schema\\\/logo\\\/image\\\/\",\"url\":\"https:\\\/\\\/www.tapasmagazine.es\\\/wp-content\\\/uploads\\\/2018\\\/01\\\/logo.png\",\"contentUrl\":\"https:\\\/\\\/www.tapasmagazine.es\\\/wp-content\\\/uploads\\\/2018\\\/01\\\/logo.png\",\"width\":180,\"height\":60,\"caption\":\"Tapas Magazine\"},\"image\":{\"@id\":\"https:\\\/\\\/www.tapasmagazine.es\\\/#\\\/schema\\\/logo\\\/image\\\/\"},\"sameAs\":[\"https:\\\/\\\/www.facebook.com\\\/tapasmagazine\",\"https:\\\/\\\/x.com\\\/TapasMagazine\",\"https:\\\/\\\/www.instagram.com\\\/tapasmagazine\\\/\",\"https:\\\/\\\/www.linkedin.com\\\/company\\\/tapas-magazine\",\"https:\\\/\\\/es.pinterest.com\\\/tapasmagazine\\\/\",\"https:\\\/\\\/www.youtube.com\\\/channel\\\/UCEyxneAaACuR0lfDagrWjjg?sub_confirmation=1\"]},{\"@type\":\"Person\",\"@id\":\"https:\\\/\\\/www.tapasmagazine.es\\\/#\\\/schema\\\/person\\\/63bc618d318821aa948ba50d2e18ab3d\",\"name\":\"Toni Alonso\",\"url\":\"https:\\\/\\\/www.tapasmagazine.es\\\/en\\\/author\\\/antonio-alonso\\\/\"}]}<\/script>\n<!-- \/ Yoast SEO plugin. -->","yoast_head_json":{"title":"How the D\u00eda de Muertos will be celebrated at the Mandarin Oriental Ritz, Madrid with Mexican Chef Karla Cova Villa","description":"The Mexican chef has collaborated with Sergio de la Plata, Head Chef of Palm Court, to create a special cocktail + tapa to celebrate the Day of the Dead.","robots":{"index":"index","follow":"follow","max-snippet":"max-snippet:-1","max-image-preview":"max-image-preview:large","max-video-preview":"max-video-preview:-1"},"canonical":"https:\/\/www.tapasmagazine.es\/en\/how-the-dia-de-muertos-will-be-celebrated-at-the-mandarin-oriental-ritz-madrid-with-mexican-chef-karla-cova-villa\/","og_locale":"en_US","og_type":"article","og_title":"How the D\u00eda de Muertos will be celebrated at the Mandarin Oriental Ritz, Madrid with Mexican Chef Karla Cova Villa","og_description":"The Mexican chef has collaborated with Sergio de la Plata, Head Chef of Palm Court, to create a special cocktail + tapa to celebrate the Day of the Dead.","og_url":"https:\/\/www.tapasmagazine.es\/en\/how-the-dia-de-muertos-will-be-celebrated-at-the-mandarin-oriental-ritz-madrid-with-mexican-chef-karla-cova-villa\/","og_site_name":"Tapas","article_publisher":"https:\/\/www.facebook.com\/tapasmagazine","article_published_time":"2023-10-24T13:51:16+00:00","article_modified_time":"2023-10-24T13:59:46+00:00","og_image":[{"width":1200,"height":675,"url":"https:\/\/www.tapasmagazine.es\/wp-content\/uploads\/2023\/10\/Mandarin-Oriental-Ritz-Madrid-Dia-de-Muertos.jpg","type":"image\/jpeg"}],"author":"Toni Alonso","twitter_card":"summary_large_image","twitter_creator":"@TapasMagazine","twitter_site":"@TapasMagazine","twitter_misc":{"Written by":"Toni Alonso","Est. reading time":"3 minutes"},"schema":{"@context":"https:\/\/schema.org","@graph":[{"@type":"Article","@id":"https:\/\/www.tapasmagazine.es\/en\/how-the-dia-de-muertos-will-be-celebrated-at-the-mandarin-oriental-ritz-madrid-with-mexican-chef-karla-cova-villa\/#article","isPartOf":{"@id":"https:\/\/www.tapasmagazine.es\/en\/how-the-dia-de-muertos-will-be-celebrated-at-the-mandarin-oriental-ritz-madrid-with-mexican-chef-karla-cova-villa\/"},"author":{"name":"Toni Alonso","@id":"https:\/\/www.tapasmagazine.es\/#\/schema\/person\/63bc618d318821aa948ba50d2e18ab3d"},"headline":"How the D\u00eda de Muertos will be celebrated at the Mandarin Oriental Ritz, Madrid with Mexican Chef Karla Cova Villa","datePublished":"2023-10-24T13:51:16+00:00","dateModified":"2023-10-24T13:59:46+00:00","mainEntityOfPage":{"@id":"https:\/\/www.tapasmagazine.es\/en\/how-the-dia-de-muertos-will-be-celebrated-at-the-mandarin-oriental-ritz-madrid-with-mexican-chef-karla-cova-villa\/"},"wordCount":449,"commentCount":0,"publisher":{"@id":"https:\/\/www.tapasmagazine.es\/#organization"},"image":{"@id":"https:\/\/www.tapasmagazine.es\/en\/how-the-dia-de-muertos-will-be-celebrated-at-the-mandarin-oriental-ritz-madrid-with-mexican-chef-karla-cova-villa\/#primaryimage"},"thumbnailUrl":"https:\/\/www.tapasmagazine.es\/wp-content\/uploads\/2023\/10\/Mandarin-Oriental-Ritz-Madrid-Dia-de-Muertos.jpg","articleSection":["Gastro","News"],"inLanguage":"en-US","potentialAction":[{"@type":"CommentAction","name":"Comment","target":["https:\/\/www.tapasmagazine.es\/en\/how-the-dia-de-muertos-will-be-celebrated-at-the-mandarin-oriental-ritz-madrid-with-mexican-chef-karla-cova-villa\/#respond"]}]},{"@type":"WebPage","@id":"https:\/\/www.tapasmagazine.es\/en\/how-the-dia-de-muertos-will-be-celebrated-at-the-mandarin-oriental-ritz-madrid-with-mexican-chef-karla-cova-villa\/","url":"https:\/\/www.tapasmagazine.es\/en\/how-the-dia-de-muertos-will-be-celebrated-at-the-mandarin-oriental-ritz-madrid-with-mexican-chef-karla-cova-villa\/","name":"How the D\u00eda de Muertos will be celebrated at the Mandarin Oriental Ritz, Madrid with Mexican Chef Karla Cova Villa","isPartOf":{"@id":"https:\/\/www.tapasmagazine.es\/#website"},"primaryImageOfPage":{"@id":"https:\/\/www.tapasmagazine.es\/en\/how-the-dia-de-muertos-will-be-celebrated-at-the-mandarin-oriental-ritz-madrid-with-mexican-chef-karla-cova-villa\/#primaryimage"},"image":{"@id":"https:\/\/www.tapasmagazine.es\/en\/how-the-dia-de-muertos-will-be-celebrated-at-the-mandarin-oriental-ritz-madrid-with-mexican-chef-karla-cova-villa\/#primaryimage"},"thumbnailUrl":"https:\/\/www.tapasmagazine.es\/wp-content\/uploads\/2023\/10\/Mandarin-Oriental-Ritz-Madrid-Dia-de-Muertos.jpg","datePublished":"2023-10-24T13:51:16+00:00","dateModified":"2023-10-24T13:59:46+00:00","description":"The Mexican chef has collaborated with Sergio de la Plata, Head Chef of Palm Court, to create a special cocktail + tapa to celebrate the Day of the Dead.","breadcrumb":{"@id":"https:\/\/www.tapasmagazine.es\/en\/how-the-dia-de-muertos-will-be-celebrated-at-the-mandarin-oriental-ritz-madrid-with-mexican-chef-karla-cova-villa\/#breadcrumb"},"inLanguage":"en-US","potentialAction":[{"@type":"ReadAction","target":["https:\/\/www.tapasmagazine.es\/en\/how-the-dia-de-muertos-will-be-celebrated-at-the-mandarin-oriental-ritz-madrid-with-mexican-chef-karla-cova-villa\/"]}]},{"@type":"ImageObject","inLanguage":"en-US","@id":"https:\/\/www.tapasmagazine.es\/en\/how-the-dia-de-muertos-will-be-celebrated-at-the-mandarin-oriental-ritz-madrid-with-mexican-chef-karla-cova-villa\/#primaryimage","url":"https:\/\/www.tapasmagazine.es\/wp-content\/uploads\/2023\/10\/Mandarin-Oriental-Ritz-Madrid-Dia-de-Muertos.jpg","contentUrl":"https:\/\/www.tapasmagazine.es\/wp-content\/uploads\/2023\/10\/Mandarin-Oriental-Ritz-Madrid-Dia-de-Muertos.jpg","width":1200,"height":675},{"@type":"BreadcrumbList","@id":"https:\/\/www.tapasmagazine.es\/en\/how-the-dia-de-muertos-will-be-celebrated-at-the-mandarin-oriental-ritz-madrid-with-mexican-chef-karla-cova-villa\/#breadcrumb","itemListElement":[{"@type":"ListItem","position":1,"name":"Portada","item":"https:\/\/www.tapasmagazine.es\/"},{"@type":"ListItem","position":2,"name":"Gastro","item":"https:\/\/www.tapasmagazine.es\/en\/categorias\/gastro-en\/"},{"@type":"ListItem","position":3,"name":"How the D\u00eda de Muertos will be celebrated at the Mandarin Oriental Ritz, Madrid with Mexican Chef Karla Cova Villa"}]},{"@type":"WebSite","@id":"https:\/\/www.tapasmagazine.es\/#website","url":"https:\/\/www.tapasmagazine.es\/","name":"Tapas","description":"\u00d1am \u00d1am Lifestyle. La vida a bocados. Premio Nacional de Gastronom\u00eda 2016.","publisher":{"@id":"https:\/\/www.tapasmagazine.es\/#organization"},"potentialAction":[{"@type":"SearchAction","target":{"@type":"EntryPoint","urlTemplate":"https:\/\/www.tapasmagazine.es\/?s={search_term_string}"},"query-input":{"@type":"PropertyValueSpecification","valueRequired":true,"valueName":"search_term_string"}}],"inLanguage":"en-US"},{"@type":"Organization","@id":"https:\/\/www.tapasmagazine.es\/#organization","name":"Tapas Magazine","url":"https:\/\/www.tapasmagazine.es\/","logo":{"@type":"ImageObject","inLanguage":"en-US","@id":"https:\/\/www.tapasmagazine.es\/#\/schema\/logo\/image\/","url":"https:\/\/www.tapasmagazine.es\/wp-content\/uploads\/2018\/01\/logo.png","contentUrl":"https:\/\/www.tapasmagazine.es\/wp-content\/uploads\/2018\/01\/logo.png","width":180,"height":60,"caption":"Tapas Magazine"},"image":{"@id":"https:\/\/www.tapasmagazine.es\/#\/schema\/logo\/image\/"},"sameAs":["https:\/\/www.facebook.com\/tapasmagazine","https:\/\/x.com\/TapasMagazine","https:\/\/www.instagram.com\/tapasmagazine\/","https:\/\/www.linkedin.com\/company\/tapas-magazine","https:\/\/es.pinterest.com\/tapasmagazine\/","https:\/\/www.youtube.com\/channel\/UCEyxneAaACuR0lfDagrWjjg?sub_confirmation=1"]},{"@type":"Person","@id":"https:\/\/www.tapasmagazine.es\/#\/schema\/person\/63bc618d318821aa948ba50d2e18ab3d","name":"Toni Alonso","url":"https:\/\/www.tapasmagazine.es\/en\/author\/antonio-alonso\/"}]}},"_links":{"self":[{"href":"https:\/\/www.tapasmagazine.es\/en\/wp-json\/wp\/v2\/posts\/214913","targetHints":{"allow":["GET"]}}],"collection":[{"href":"https:\/\/www.tapasmagazine.es\/en\/wp-json\/wp\/v2\/posts"}],"about":[{"href":"https:\/\/www.tapasmagazine.es\/en\/wp-json\/wp\/v2\/types\/post"}],"author":[{"embeddable":true,"href":"https:\/\/www.tapasmagazine.es\/en\/wp-json\/wp\/v2\/users\/279"}],"replies":[{"embeddable":true,"href":"https:\/\/www.tapasmagazine.es\/en\/wp-json\/wp\/v2\/comments?post=214913"}],"version-history":[{"count":7,"href":"https:\/\/www.tapasmagazine.es\/en\/wp-json\/wp\/v2\/posts\/214913\/revisions"}],"predecessor-version":[{"id":214923,"href":"https:\/\/www.tapasmagazine.es\/en\/wp-json\/wp\/v2\/posts\/214913\/revisions\/214923"}],"wp:featuredmedia":[{"embeddable":true,"href":"https:\/\/www.tapasmagazine.es\/en\/wp-json\/wp\/v2\/media\/214906"}],"wp:attachment":[{"href":"https:\/\/www.tapasmagazine.es\/en\/wp-json\/wp\/v2\/media?parent=214913"}],"wp:term":[{"taxonomy":"category","embeddable":true,"href":"https:\/\/www.tapasmagazine.es\/en\/wp-json\/wp\/v2\/categories?post=214913"},{"taxonomy":"post_tag","embeddable":true,"href":"https:\/\/www.tapasmagazine.es\/en\/wp-json\/wp\/v2\/tags?post=214913"}],"curies":[{"name":"wp","href":"https:\/\/api.w.org\/{rel}","templated":true}]}}