{"id":214717,"date":"2023-10-24T09:37:11","date_gmt":"2023-10-24T07:37:11","guid":{"rendered":"https:\/\/www.tapasmagazine.es\/asi-es-we-are-ona-el-colectivo-culinario-que-sirve-experiencias-artisticas-en-todo-el-mundo\/"},"modified":"2023-10-24T09:42:18","modified_gmt":"2023-10-24T07:42:18","slug":"we-are-ona-culinary-collective-that-serves-artistic-experiences-around-the-world","status":"publish","type":"post","link":"https:\/\/www.tapasmagazine.es\/en\/we-are-ona-culinary-collective-that-serves-artistic-experiences-around-the-world\/","title":{"rendered":"This is WE ARE ONA, the culinary collective that serves artistic experiences around the world"},"content":{"rendered":"\n<p><strong>Click <a href=\"https:\/\/www.tapasmagazine.es\/asi-es-we-are-ona-el-colectivo-culinario-que-sirve-experiencias-artisticas-en-todo-el-mundo\/\" target=\"_blank\" rel=\"noreferrer noopener\">here<\/a> to read the Spanish version.<\/strong><\/p>\n\n\n\n<p>The lines between gastronomy, fashion and contemporary art are blurred within this <strong>360\u00ba culinary creative studio<\/strong> that designs <strong>ephemeral experiences<\/strong>, erects installations and creates emotional connections between brands and their audiences.\u00a0<\/p>\n\n\n\n<p>Experiences can revolve around brand narrative, solo works, as well as collaborative acts that seek to explore innovative ways of creating culinary events: from strategy and concept, to design and production.<\/p>\n\n\n\n<figure class=\"wp-block-image size-large is-resized\"><a href=\"https:\/\/www.tapasmagazine.es\/wp-content\/uploads\/2023\/10\/we-are-ona-colectivo-culinarip-2-scaled.jpg\"><img decoding=\"async\" width=\"1024\" height=\"819\" src=\"https:\/\/www.tapasmagazine.es\/wp-content\/uploads\/2023\/10\/we-are-ona-colectivo-culinarip-2-1024x819.jpg\" alt=\"\" class=\"wp-image-214667\" style=\"aspect-ratio:1.2503052503052503;width:1066px;height:auto\" srcset=\"https:\/\/www.tapasmagazine.es\/wp-content\/uploads\/2023\/10\/we-are-ona-colectivo-culinarip-2-1024x819.jpg 1024w, https:\/\/www.tapasmagazine.es\/wp-content\/uploads\/2023\/10\/we-are-ona-colectivo-culinarip-2-300x240.jpg 300w, https:\/\/www.tapasmagazine.es\/wp-content\/uploads\/2023\/10\/we-are-ona-colectivo-culinarip-2-768x614.jpg 768w, https:\/\/www.tapasmagazine.es\/wp-content\/uploads\/2023\/10\/we-are-ona-colectivo-culinarip-2-1536x1229.jpg 1536w, https:\/\/www.tapasmagazine.es\/wp-content\/uploads\/2023\/10\/we-are-ona-colectivo-culinarip-2-2048x1638.jpg 2048w, https:\/\/www.tapasmagazine.es\/wp-content\/uploads\/2023\/10\/we-are-ona-colectivo-culinarip-2-1000x800.jpg 1000w, https:\/\/www.tapasmagazine.es\/wp-content\/uploads\/2023\/10\/we-are-ona-colectivo-culinarip-2-400x320.jpg 400w\" sizes=\"(max-width: 1024px) 100vw, 1024px\" \/><\/a><\/figure>\n\n\n\n<p><strong>Luca Pronzato<\/strong>, a Parisian of Italian origin, is the ideologist behind this nomadic movement that opened its doors to the world in 2019. A concept that could belong more to the future than to the present to which a whole wave and\/or group of chefs, producers and sommeliers united by creativity and fantasy around gastronomy belong.<\/p>\n\n\n\n<p>Pronzato started working in bars at the age of 16, as a solid foundation in the restaurant business that led him to become interested in the world of wine, to study it and immerse himself in its production process, until he put this knowledge into practice in real life and became a global <strong>cult sommelier<\/strong>.<\/p>\n\n\n<div class=\"wp-block-image\">\n<figure class=\"aligncenter size-large is-resized\"><a href=\"https:\/\/www.tapasmagazine.es\/wp-content\/uploads\/2023\/10\/we-are-ona-colectivo-culinarip-3.jpg\"><img decoding=\"async\" width=\"1024\" height=\"682\" src=\"https:\/\/www.tapasmagazine.es\/wp-content\/uploads\/2023\/10\/we-are-ona-colectivo-culinarip-3-1024x682.jpg\" alt=\"\" class=\"wp-image-214669\" style=\"aspect-ratio:1.5;width:1136px;height:auto\" srcset=\"https:\/\/www.tapasmagazine.es\/wp-content\/uploads\/2023\/10\/we-are-ona-colectivo-culinarip-3-1024x682.jpg 1024w, https:\/\/www.tapasmagazine.es\/wp-content\/uploads\/2023\/10\/we-are-ona-colectivo-culinarip-3-300x200.jpg 300w, https:\/\/www.tapasmagazine.es\/wp-content\/uploads\/2023\/10\/we-are-ona-colectivo-culinarip-3-768x512.jpg 768w, https:\/\/www.tapasmagazine.es\/wp-content\/uploads\/2023\/10\/we-are-ona-colectivo-culinarip-3-1000x666.jpg 1000w, https:\/\/www.tapasmagazine.es\/wp-content\/uploads\/2023\/10\/we-are-ona-colectivo-culinarip-3-400x267.jpg 400w, https:\/\/www.tapasmagazine.es\/wp-content\/uploads\/2023\/10\/we-are-ona-colectivo-culinarip-3.jpg 1280w\" sizes=\"(max-width: 1024px) 100vw, 1024px\" \/><\/a><\/figure>\n<\/div>\n\n\n<h2 class=\"wp-block-heading\">Collective projects<\/h2>\n\n\n\n<p>The <strong>We Are Ona <\/strong>project was originally intended to provide a platform for young talent in the sector, with the aim of developing a new generation of revolutionary or subversive chefs. From this initial idea, the collective has been distilling the inner world that unites them through the creation of temporary restaurants or culinary pop ups set up in unusual places.<\/p>\n\n\n\n<p>Significant and unexpected settings, including a romantic evening that will go down in the history of fashion. At the <strong>Palace of Versailles<\/strong>, the collective served a vegan dinner for <strong>Jacquemus <\/strong>accompanied by succulent dishes such as a vegetable carpaccio or a celeriac and almond praline that created aesthetic still lifes among bunches of grapes, candles and classical sculptures.<\/p>\n\n\n\n<figure class=\"wp-block-gallery has-nested-images columns-default is-cropped wp-block-gallery-1 is-layout-flex wp-block-gallery-is-layout-flex\">\n<figure class=\"wp-block-image size-large\"><a href=\"https:\/\/www.tapasmagazine.es\/wp-content\/uploads\/2023\/10\/jacquemus-cena-versalles-3.jpg\"><img decoding=\"async\" width=\"819\" height=\"1024\" data-id=\"212310\" src=\"https:\/\/www.tapasmagazine.es\/wp-content\/uploads\/2023\/10\/jacquemus-cena-versalles-3-819x1024.jpg\" alt=\"\" class=\"wp-image-212310\" srcset=\"https:\/\/www.tapasmagazine.es\/wp-content\/uploads\/2023\/10\/jacquemus-cena-versalles-3-819x1024.jpg 819w, https:\/\/www.tapasmagazine.es\/wp-content\/uploads\/2023\/10\/jacquemus-cena-versalles-3-240x300.jpg 240w, https:\/\/www.tapasmagazine.es\/wp-content\/uploads\/2023\/10\/jacquemus-cena-versalles-3-768x960.jpg 768w, https:\/\/www.tapasmagazine.es\/wp-content\/uploads\/2023\/10\/jacquemus-cena-versalles-3-1229x1536.jpg 1229w, https:\/\/www.tapasmagazine.es\/wp-content\/uploads\/2023\/10\/jacquemus-cena-versalles-3-1000x1250.jpg 1000w, https:\/\/www.tapasmagazine.es\/wp-content\/uploads\/2023\/10\/jacquemus-cena-versalles-3-400x500.jpg 400w, https:\/\/www.tapasmagazine.es\/wp-content\/uploads\/2023\/10\/jacquemus-cena-versalles-3.jpg 1638w\" sizes=\"(max-width: 819px) 100vw, 819px\" \/><\/a><\/figure>\n\n\n\n<figure class=\"wp-block-image size-large\"><a href=\"https:\/\/www.tapasmagazine.es\/wp-content\/uploads\/2023\/10\/jacquemus-cena-versalles-2.jpg\"><img decoding=\"async\" width=\"819\" height=\"1024\" data-id=\"212312\" src=\"https:\/\/www.tapasmagazine.es\/wp-content\/uploads\/2023\/10\/jacquemus-cena-versalles-2-819x1024.jpg\" alt=\"\" class=\"wp-image-212312\" srcset=\"https:\/\/www.tapasmagazine.es\/wp-content\/uploads\/2023\/10\/jacquemus-cena-versalles-2-819x1024.jpg 819w, https:\/\/www.tapasmagazine.es\/wp-content\/uploads\/2023\/10\/jacquemus-cena-versalles-2-240x300.jpg 240w, https:\/\/www.tapasmagazine.es\/wp-content\/uploads\/2023\/10\/jacquemus-cena-versalles-2-768x960.jpg 768w, https:\/\/www.tapasmagazine.es\/wp-content\/uploads\/2023\/10\/jacquemus-cena-versalles-2-1229x1536.jpg 1229w, https:\/\/www.tapasmagazine.es\/wp-content\/uploads\/2023\/10\/jacquemus-cena-versalles-2-1000x1250.jpg 1000w, https:\/\/www.tapasmagazine.es\/wp-content\/uploads\/2023\/10\/jacquemus-cena-versalles-2-400x500.jpg 400w, https:\/\/www.tapasmagazine.es\/wp-content\/uploads\/2023\/10\/jacquemus-cena-versalles-2.jpg 1638w\" sizes=\"(max-width: 819px) 100vw, 819px\" \/><\/a><\/figure>\n<\/figure>\n\n\n\n<p>In addition to having worked for brands in the<strong> fashion industry<\/strong> such as Sacai, Givenchy, Y-3, Saint Laurent and Herm\u00e8s, We Are Ona also took part in the recent Milano Design Week to collaborate in the presentation of Cristina Celestino&#8217;s creations at the Tennis Club Milano Bo, offering an exquisite menu by French chef Marine Hervouet accompanied by sommeliers Iris Godec and Luca Pronzato.<\/p>\n\n\n\n<p>The project also moved to <strong>New York <\/strong>during NY Art Week from 12 to 17 May, where Pronzato and his entourage served a pop-up restaurant at the <strong>WSA<\/strong>, an industrial-looking cultural centre at 161 Water St.<\/p>\n\n\n\n<figure class=\"wp-block-gallery has-nested-images columns-default is-cropped wp-block-gallery-2 is-layout-flex wp-block-gallery-is-layout-flex\">\n<figure class=\"wp-block-image size-large\"><a href=\"https:\/\/www.tapasmagazine.es\/wp-content\/uploads\/2023\/10\/we-are-ona-colectivo-culinarip-5.png\"><img decoding=\"async\" width=\"698\" height=\"1024\" data-id=\"214673\" src=\"https:\/\/www.tapasmagazine.es\/wp-content\/uploads\/2023\/10\/we-are-ona-colectivo-culinarip-5-698x1024.png\" alt=\"\" class=\"wp-image-214673\" srcset=\"https:\/\/www.tapasmagazine.es\/wp-content\/uploads\/2023\/10\/we-are-ona-colectivo-culinarip-5-698x1024.png 698w, https:\/\/www.tapasmagazine.es\/wp-content\/uploads\/2023\/10\/we-are-ona-colectivo-culinarip-5-205x300.png 205w, https:\/\/www.tapasmagazine.es\/wp-content\/uploads\/2023\/10\/we-are-ona-colectivo-culinarip-5-768x1126.png 768w, https:\/\/www.tapasmagazine.es\/wp-content\/uploads\/2023\/10\/we-are-ona-colectivo-culinarip-5-1047x1536.png 1047w, https:\/\/www.tapasmagazine.es\/wp-content\/uploads\/2023\/10\/we-are-ona-colectivo-culinarip-5-1396x2048.png 1396w, https:\/\/www.tapasmagazine.es\/wp-content\/uploads\/2023\/10\/we-are-ona-colectivo-culinarip-5-1000x1467.png 1000w, https:\/\/www.tapasmagazine.es\/wp-content\/uploads\/2023\/10\/we-are-ona-colectivo-culinarip-5-400x587.png 400w, https:\/\/www.tapasmagazine.es\/wp-content\/uploads\/2023\/10\/we-are-ona-colectivo-culinarip-5.png 1500w\" sizes=\"(max-width: 698px) 100vw, 698px\" \/><\/a><\/figure>\n\n\n\n<figure class=\"wp-block-image size-large\"><a href=\"https:\/\/www.tapasmagazine.es\/wp-content\/uploads\/2023\/10\/we-are-ona-colectivo-culinarip-4.jpg\"><img decoding=\"async\" width=\"683\" height=\"1024\" data-id=\"214671\" src=\"https:\/\/www.tapasmagazine.es\/wp-content\/uploads\/2023\/10\/we-are-ona-colectivo-culinarip-4-683x1024.jpg\" alt=\"\" class=\"wp-image-214671\" srcset=\"https:\/\/www.tapasmagazine.es\/wp-content\/uploads\/2023\/10\/we-are-ona-colectivo-culinarip-4-683x1024.jpg 683w, https:\/\/www.tapasmagazine.es\/wp-content\/uploads\/2023\/10\/we-are-ona-colectivo-culinarip-4-200x300.jpg 200w, https:\/\/www.tapasmagazine.es\/wp-content\/uploads\/2023\/10\/we-are-ona-colectivo-culinarip-4-768x1152.jpg 768w, https:\/\/www.tapasmagazine.es\/wp-content\/uploads\/2023\/10\/we-are-ona-colectivo-culinarip-4-1000x1500.jpg 1000w, https:\/\/www.tapasmagazine.es\/wp-content\/uploads\/2023\/10\/we-are-ona-colectivo-culinarip-4-400x600.jpg 400w, https:\/\/www.tapasmagazine.es\/wp-content\/uploads\/2023\/10\/we-are-ona-colectivo-culinarip-4.jpg 1024w\" sizes=\"(max-width: 683px) 100vw, 683px\" \/><\/a><\/figure>\n<\/figure>\n\n\n\n<p>The set-up was assigned to architect and designer <strong>Harry Nuriev<\/strong>, who reimagined the space to present an exclusive experience in which Michelin-starred chef<strong> Mory Sacko <\/strong>showcased his gastronomic offerings on silver and stainless steel tableware at a long table for 60 guests.<\/p>\n\n\n\n<h2 class=\"wp-block-heading\">The latest installation<\/h2>\n\n\n\n<p>For their latest collaboration, <strong>We Are Ona <\/strong>once again enlisted <strong>Harry Nuriev<\/strong> to create a gastronomic experience in which the invisible scenes of a restaurant became the protagonists.<\/p>\n\n\n\n<figure class=\"wp-block-gallery has-nested-images columns-default is-cropped wp-block-gallery-3 is-layout-flex wp-block-gallery-is-layout-flex\">\n<figure class=\"wp-block-image size-large\"><a href=\"https:\/\/www.tapasmagazine.es\/wp-content\/uploads\/2023\/10\/we-are-ona-colectivo-culinarip-6.jpg\"><img decoding=\"async\" width=\"683\" height=\"1024\" data-id=\"214677\" src=\"https:\/\/www.tapasmagazine.es\/wp-content\/uploads\/2023\/10\/we-are-ona-colectivo-culinarip-6-683x1024.jpg\" alt=\"\" class=\"wp-image-214677\" srcset=\"https:\/\/www.tapasmagazine.es\/wp-content\/uploads\/2023\/10\/we-are-ona-colectivo-culinarip-6-683x1024.jpg 683w, https:\/\/www.tapasmagazine.es\/wp-content\/uploads\/2023\/10\/we-are-ona-colectivo-culinarip-6-200x300.jpg 200w, https:\/\/www.tapasmagazine.es\/wp-content\/uploads\/2023\/10\/we-are-ona-colectivo-culinarip-6-768x1152.jpg 768w, https:\/\/www.tapasmagazine.es\/wp-content\/uploads\/2023\/10\/we-are-ona-colectivo-culinarip-6-400x600.jpg 400w, https:\/\/www.tapasmagazine.es\/wp-content\/uploads\/2023\/10\/we-are-ona-colectivo-culinarip-6.jpg 800w\" sizes=\"(max-width: 683px) 100vw, 683px\" \/><\/a><\/figure>\n\n\n\n<figure class=\"wp-block-image size-large\"><a href=\"https:\/\/www.tapasmagazine.es\/wp-content\/uploads\/2023\/10\/we-are-ona-colectivo-culinarip-8.jpg\"><img decoding=\"async\" width=\"683\" height=\"1024\" data-id=\"214675\" src=\"https:\/\/www.tapasmagazine.es\/wp-content\/uploads\/2023\/10\/we-are-ona-colectivo-culinarip-8-683x1024.jpg\" alt=\"\" class=\"wp-image-214675\" srcset=\"https:\/\/www.tapasmagazine.es\/wp-content\/uploads\/2023\/10\/we-are-ona-colectivo-culinarip-8-683x1024.jpg 683w, https:\/\/www.tapasmagazine.es\/wp-content\/uploads\/2023\/10\/we-are-ona-colectivo-culinarip-8-200x300.jpg 200w, https:\/\/www.tapasmagazine.es\/wp-content\/uploads\/2023\/10\/we-are-ona-colectivo-culinarip-8-768x1152.jpg 768w, https:\/\/www.tapasmagazine.es\/wp-content\/uploads\/2023\/10\/we-are-ona-colectivo-culinarip-8-400x600.jpg 400w, https:\/\/www.tapasmagazine.es\/wp-content\/uploads\/2023\/10\/we-are-ona-colectivo-culinarip-8.jpg 800w\" sizes=\"(max-width: 683px) 100vw, 683px\" \/><\/a><\/figure>\n<\/figure>\n\n\n\n<p><strong>Nuriev <\/strong>created a design to occupy the sixth and seventh floors of an old building in Paris, on which he deployed a large-scale fountain, with a tower of sinks in the middle of a large pool of water. Around the installation, diners and other tables were placed throughout the spaces.<\/p>\n\n\n\n<figure class=\"wp-block-gallery has-nested-images columns-default is-cropped wp-block-gallery-4 is-layout-flex wp-block-gallery-is-layout-flex\">\n<figure class=\"wp-block-image size-large\"><a href=\"https:\/\/www.tapasmagazine.es\/wp-content\/uploads\/2023\/10\/we-are-ona-colectivo-culinarip-9.jpg\"><img decoding=\"async\" width=\"683\" height=\"1024\" data-id=\"214681\" src=\"https:\/\/www.tapasmagazine.es\/wp-content\/uploads\/2023\/10\/we-are-ona-colectivo-culinarip-9-683x1024.jpg\" alt=\"\" class=\"wp-image-214681\" srcset=\"https:\/\/www.tapasmagazine.es\/wp-content\/uploads\/2023\/10\/we-are-ona-colectivo-culinarip-9-683x1024.jpg 683w, https:\/\/www.tapasmagazine.es\/wp-content\/uploads\/2023\/10\/we-are-ona-colectivo-culinarip-9-200x300.jpg 200w, https:\/\/www.tapasmagazine.es\/wp-content\/uploads\/2023\/10\/we-are-ona-colectivo-culinarip-9-768x1152.jpg 768w, https:\/\/www.tapasmagazine.es\/wp-content\/uploads\/2023\/10\/we-are-ona-colectivo-culinarip-9-400x600.jpg 400w, https:\/\/www.tapasmagazine.es\/wp-content\/uploads\/2023\/10\/we-are-ona-colectivo-culinarip-9.jpg 800w\" sizes=\"(max-width: 683px) 100vw, 683px\" \/><\/a><\/figure>\n\n\n\n<figure class=\"wp-block-image size-large\"><a href=\"https:\/\/www.tapasmagazine.es\/wp-content\/uploads\/2023\/10\/we-are-ona-colectivo-culinarip-7.jpg\"><img decoding=\"async\" width=\"683\" height=\"1024\" data-id=\"214679\" src=\"https:\/\/www.tapasmagazine.es\/wp-content\/uploads\/2023\/10\/we-are-ona-colectivo-culinarip-7-683x1024.jpg\" alt=\"\" class=\"wp-image-214679\" srcset=\"https:\/\/www.tapasmagazine.es\/wp-content\/uploads\/2023\/10\/we-are-ona-colectivo-culinarip-7-683x1024.jpg 683w, https:\/\/www.tapasmagazine.es\/wp-content\/uploads\/2023\/10\/we-are-ona-colectivo-culinarip-7-200x300.jpg 200w, https:\/\/www.tapasmagazine.es\/wp-content\/uploads\/2023\/10\/we-are-ona-colectivo-culinarip-7-768x1152.jpg 768w, https:\/\/www.tapasmagazine.es\/wp-content\/uploads\/2023\/10\/we-are-ona-colectivo-culinarip-7-400x600.jpg 400w, https:\/\/www.tapasmagazine.es\/wp-content\/uploads\/2023\/10\/we-are-ona-colectivo-culinarip-7.jpg 800w\" sizes=\"(max-width: 683px) 100vw, 683px\" \/><\/a><\/figure>\n<\/figure>\n\n\n\n<p>The new pop-up shows the <strong>back of the kitchen<\/strong>, which moves towards the centre of attention, visible and accessible, as a field of artistic experimentation open to all,&#8217; We Are Ona explains. The kitchen is revealed through a minimalist installation that synchronises off-screen and real-life experiences, where elegance meets the primal&#8217;.<\/p>\n\n\n\n<p>The food was prepared by Michelin-starred chef<strong> Dalad Kambhu<\/strong>, who offered a contemporary interpretation of traditional Thai cuisine that connected perfectly with We Are Ona&#8217;s disruptive DNA.<\/p>\n","protected":false},"excerpt":{"rendered":"<p>Click here to read the Spanish version. The lines between gastronomy, fashion and contemporary art are blurred within this 360\u00ba culinary creative studio that designs ephemeral experiences, erects installations and creates emotional connections between brands and their audiences.\u00a0 Experiences can revolve around brand narrative, solo works, as well as collaborative acts that seek to explore [&hellip;]<\/p>\n","protected":false},"author":285,"featured_media":214666,"comment_status":"open","ping_status":"closed","sticky":false,"template":"single-feature.php","format":"standard","meta":{"_acf_changed":false,"footnotes":""},"categories":[16002],"tags":[17459,15824,17640],"class_list":["post-214717","post","type-post","status-publish","format-standard","has-post-thumbnail","hentry","category-reportajes-en","tag-arte-en","tag-gastronomia-en","tag-moda-en","cat-16002-id"],"acf":[],"yoast_head":"<!-- This site is optimized with the Yoast SEO plugin v27.4 - https:\/\/yoast.com\/product\/yoast-seo-wordpress\/ -->\n<title>This is WE ARE ONA, the culinary collective that serves artistic experiences around the world - Tapas<\/title>\n<meta name=\"description\" content=\"Click here to read the Spanish version. The lines between gastronomy, fashion and contemporary art are blurred within this 360\u00ba culinary creative studio\" \/>\n<meta name=\"robots\" content=\"index, follow, max-snippet:-1, max-image-preview:large, max-video-preview:-1\" \/>\n<link rel=\"canonical\" href=\"https:\/\/www.tapasmagazine.es\/en\/we-are-ona-culinary-collective-that-serves-artistic-experiences-around-the-world\/\" \/>\n<meta property=\"og:locale\" content=\"en_US\" \/>\n<meta property=\"og:type\" content=\"article\" \/>\n<meta property=\"og:title\" content=\"This is WE ARE ONA, the culinary collective that serves artistic experiences around the world - Tapas\" \/>\n<meta property=\"og:description\" content=\"Click here to read the Spanish version. The lines between gastronomy, fashion and contemporary art are blurred within this 360\u00ba culinary creative studio\" \/>\n<meta property=\"og:url\" content=\"https:\/\/www.tapasmagazine.es\/en\/we-are-ona-culinary-collective-that-serves-artistic-experiences-around-the-world\/\" \/>\n<meta property=\"og:site_name\" content=\"Tapas\" \/>\n<meta property=\"article:publisher\" content=\"https:\/\/www.facebook.com\/tapasmagazine\" \/>\n<meta property=\"article:published_time\" content=\"2023-10-24T07:37:11+00:00\" \/>\n<meta property=\"article:modified_time\" content=\"2023-10-24T07:42:18+00:00\" \/>\n<meta property=\"og:image\" content=\"https:\/\/www.tapasmagazine.es\/wp-content\/uploads\/2023\/10\/we-are-ona-colectivo-culinarip-1.jpg\" \/>\n\t<meta property=\"og:image:width\" content=\"1200\" \/>\n\t<meta property=\"og:image:height\" content=\"675\" \/>\n\t<meta property=\"og:image:type\" content=\"image\/jpeg\" \/>\n<meta name=\"author\" content=\"Laura P\u00e9rez\" \/>\n<meta name=\"twitter:card\" content=\"summary_large_image\" \/>\n<meta name=\"twitter:creator\" content=\"@TapasMagazine\" \/>\n<meta name=\"twitter:site\" content=\"@TapasMagazine\" \/>\n<meta name=\"twitter:label1\" content=\"Written by\" \/>\n\t<meta name=\"twitter:data1\" content=\"Laura P\u00e9rez\" \/>\n\t<meta name=\"twitter:label2\" content=\"Est. reading time\" \/>\n\t<meta name=\"twitter:data2\" content=\"5 minutes\" \/>\n<script type=\"application\/ld+json\" class=\"yoast-schema-graph\">{\"@context\":\"https:\\\/\\\/schema.org\",\"@graph\":[{\"@type\":\"Article\",\"@id\":\"https:\\\/\\\/www.tapasmagazine.es\\\/en\\\/we-are-ona-culinary-collective-that-serves-artistic-experiences-around-the-world\\\/#article\",\"isPartOf\":{\"@id\":\"https:\\\/\\\/www.tapasmagazine.es\\\/en\\\/we-are-ona-culinary-collective-that-serves-artistic-experiences-around-the-world\\\/\"},\"author\":{\"name\":\"Laura P\u00e9rez\",\"@id\":\"https:\\\/\\\/www.tapasmagazine.es\\\/#\\\/schema\\\/person\\\/eb46cbe76a9c8f062660eb609e3ecb4e\"},\"headline\":\"This is WE ARE ONA, the culinary collective that serves artistic experiences around the world\",\"datePublished\":\"2023-10-24T07:37:11+00:00\",\"dateModified\":\"2023-10-24T07:42:18+00:00\",\"mainEntityOfPage\":{\"@id\":\"https:\\\/\\\/www.tapasmagazine.es\\\/en\\\/we-are-ona-culinary-collective-that-serves-artistic-experiences-around-the-world\\\/\"},\"wordCount\":614,\"commentCount\":0,\"publisher\":{\"@id\":\"https:\\\/\\\/www.tapasmagazine.es\\\/#organization\"},\"image\":{\"@id\":\"https:\\\/\\\/www.tapasmagazine.es\\\/en\\\/we-are-ona-culinary-collective-that-serves-artistic-experiences-around-the-world\\\/#primaryimage\"},\"thumbnailUrl\":\"https:\\\/\\\/www.tapasmagazine.es\\\/wp-content\\\/uploads\\\/2023\\\/10\\\/we-are-ona-colectivo-culinarip-1.jpg\",\"keywords\":[\"arte\",\"gastronom\u00eda\",\"Moda\"],\"articleSection\":[\"Reportajes\"],\"inLanguage\":\"en-US\",\"potentialAction\":[{\"@type\":\"CommentAction\",\"name\":\"Comment\",\"target\":[\"https:\\\/\\\/www.tapasmagazine.es\\\/en\\\/we-are-ona-culinary-collective-that-serves-artistic-experiences-around-the-world\\\/#respond\"]}]},{\"@type\":\"WebPage\",\"@id\":\"https:\\\/\\\/www.tapasmagazine.es\\\/en\\\/we-are-ona-culinary-collective-that-serves-artistic-experiences-around-the-world\\\/\",\"url\":\"https:\\\/\\\/www.tapasmagazine.es\\\/en\\\/we-are-ona-culinary-collective-that-serves-artistic-experiences-around-the-world\\\/\",\"name\":\"This is WE ARE ONA, the culinary collective that serves artistic experiences around the world - Tapas\",\"isPartOf\":{\"@id\":\"https:\\\/\\\/www.tapasmagazine.es\\\/#website\"},\"primaryImageOfPage\":{\"@id\":\"https:\\\/\\\/www.tapasmagazine.es\\\/en\\\/we-are-ona-culinary-collective-that-serves-artistic-experiences-around-the-world\\\/#primaryimage\"},\"image\":{\"@id\":\"https:\\\/\\\/www.tapasmagazine.es\\\/en\\\/we-are-ona-culinary-collective-that-serves-artistic-experiences-around-the-world\\\/#primaryimage\"},\"thumbnailUrl\":\"https:\\\/\\\/www.tapasmagazine.es\\\/wp-content\\\/uploads\\\/2023\\\/10\\\/we-are-ona-colectivo-culinarip-1.jpg\",\"datePublished\":\"2023-10-24T07:37:11+00:00\",\"dateModified\":\"2023-10-24T07:42:18+00:00\",\"description\":\"Click here to read the Spanish version. The lines between gastronomy, fashion and contemporary art are blurred within this 360\u00ba culinary creative studio\",\"breadcrumb\":{\"@id\":\"https:\\\/\\\/www.tapasmagazine.es\\\/en\\\/we-are-ona-culinary-collective-that-serves-artistic-experiences-around-the-world\\\/#breadcrumb\"},\"inLanguage\":\"en-US\",\"potentialAction\":[{\"@type\":\"ReadAction\",\"target\":[\"https:\\\/\\\/www.tapasmagazine.es\\\/en\\\/we-are-ona-culinary-collective-that-serves-artistic-experiences-around-the-world\\\/\"]}]},{\"@type\":\"ImageObject\",\"inLanguage\":\"en-US\",\"@id\":\"https:\\\/\\\/www.tapasmagazine.es\\\/en\\\/we-are-ona-culinary-collective-that-serves-artistic-experiences-around-the-world\\\/#primaryimage\",\"url\":\"https:\\\/\\\/www.tapasmagazine.es\\\/wp-content\\\/uploads\\\/2023\\\/10\\\/we-are-ona-colectivo-culinarip-1.jpg\",\"contentUrl\":\"https:\\\/\\\/www.tapasmagazine.es\\\/wp-content\\\/uploads\\\/2023\\\/10\\\/we-are-ona-colectivo-culinarip-1.jpg\",\"width\":1200,\"height\":675},{\"@type\":\"BreadcrumbList\",\"@id\":\"https:\\\/\\\/www.tapasmagazine.es\\\/en\\\/we-are-ona-culinary-collective-that-serves-artistic-experiences-around-the-world\\\/#breadcrumb\",\"itemListElement\":[{\"@type\":\"ListItem\",\"position\":1,\"name\":\"Portada\",\"item\":\"https:\\\/\\\/www.tapasmagazine.es\\\/\"},{\"@type\":\"ListItem\",\"position\":2,\"name\":\"Sin categorizar\",\"item\":\"https:\\\/\\\/www.tapasmagazine.es\\\/categorias\\\/sin-categorizar\\\/\"},{\"@type\":\"ListItem\",\"position\":3,\"name\":\"This is WE ARE ONA, the culinary collective that serves artistic experiences around the world\"}]},{\"@type\":\"WebSite\",\"@id\":\"https:\\\/\\\/www.tapasmagazine.es\\\/#website\",\"url\":\"https:\\\/\\\/www.tapasmagazine.es\\\/\",\"name\":\"Tapas\",\"description\":\"\u00d1am \u00d1am Lifestyle. La vida a bocados. Premio Nacional de Gastronom\u00eda 2016.\",\"publisher\":{\"@id\":\"https:\\\/\\\/www.tapasmagazine.es\\\/#organization\"},\"potentialAction\":[{\"@type\":\"SearchAction\",\"target\":{\"@type\":\"EntryPoint\",\"urlTemplate\":\"https:\\\/\\\/www.tapasmagazine.es\\\/?s={search_term_string}\"},\"query-input\":{\"@type\":\"PropertyValueSpecification\",\"valueRequired\":true,\"valueName\":\"search_term_string\"}}],\"inLanguage\":\"en-US\"},{\"@type\":\"Organization\",\"@id\":\"https:\\\/\\\/www.tapasmagazine.es\\\/#organization\",\"name\":\"Tapas Magazine\",\"url\":\"https:\\\/\\\/www.tapasmagazine.es\\\/\",\"logo\":{\"@type\":\"ImageObject\",\"inLanguage\":\"en-US\",\"@id\":\"https:\\\/\\\/www.tapasmagazine.es\\\/#\\\/schema\\\/logo\\\/image\\\/\",\"url\":\"https:\\\/\\\/www.tapasmagazine.es\\\/wp-content\\\/uploads\\\/2018\\\/01\\\/logo.png\",\"contentUrl\":\"https:\\\/\\\/www.tapasmagazine.es\\\/wp-content\\\/uploads\\\/2018\\\/01\\\/logo.png\",\"width\":180,\"height\":60,\"caption\":\"Tapas Magazine\"},\"image\":{\"@id\":\"https:\\\/\\\/www.tapasmagazine.es\\\/#\\\/schema\\\/logo\\\/image\\\/\"},\"sameAs\":[\"https:\\\/\\\/www.facebook.com\\\/tapasmagazine\",\"https:\\\/\\\/x.com\\\/TapasMagazine\",\"https:\\\/\\\/www.instagram.com\\\/tapasmagazine\\\/\",\"https:\\\/\\\/www.linkedin.com\\\/company\\\/tapas-magazine\",\"https:\\\/\\\/es.pinterest.com\\\/tapasmagazine\\\/\",\"https:\\\/\\\/www.youtube.com\\\/channel\\\/UCEyxneAaACuR0lfDagrWjjg?sub_confirmation=1\"]},{\"@type\":\"Person\",\"@id\":\"https:\\\/\\\/www.tapasmagazine.es\\\/#\\\/schema\\\/person\\\/eb46cbe76a9c8f062660eb609e3ecb4e\",\"name\":\"Laura P\u00e9rez\",\"url\":\"https:\\\/\\\/www.tapasmagazine.es\\\/en\\\/author\\\/laura-perez\\\/\"}]}<\/script>\n<!-- \/ Yoast SEO plugin. -->","yoast_head_json":{"title":"This is WE ARE ONA, the culinary collective that serves artistic experiences around the world - Tapas","description":"Click here to read the Spanish version. The lines between gastronomy, fashion and contemporary art are blurred within this 360\u00ba culinary creative studio","robots":{"index":"index","follow":"follow","max-snippet":"max-snippet:-1","max-image-preview":"max-image-preview:large","max-video-preview":"max-video-preview:-1"},"canonical":"https:\/\/www.tapasmagazine.es\/en\/we-are-ona-culinary-collective-that-serves-artistic-experiences-around-the-world\/","og_locale":"en_US","og_type":"article","og_title":"This is WE ARE ONA, the culinary collective that serves artistic experiences around the world - Tapas","og_description":"Click here to read the Spanish version. The lines between gastronomy, fashion and contemporary art are blurred within this 360\u00ba culinary creative studio","og_url":"https:\/\/www.tapasmagazine.es\/en\/we-are-ona-culinary-collective-that-serves-artistic-experiences-around-the-world\/","og_site_name":"Tapas","article_publisher":"https:\/\/www.facebook.com\/tapasmagazine","article_published_time":"2023-10-24T07:37:11+00:00","article_modified_time":"2023-10-24T07:42:18+00:00","og_image":[{"width":1200,"height":675,"url":"https:\/\/www.tapasmagazine.es\/wp-content\/uploads\/2023\/10\/we-are-ona-colectivo-culinarip-1.jpg","type":"image\/jpeg"}],"author":"Laura P\u00e9rez","twitter_card":"summary_large_image","twitter_creator":"@TapasMagazine","twitter_site":"@TapasMagazine","twitter_misc":{"Written by":"Laura P\u00e9rez","Est. reading time":"5 minutes"},"schema":{"@context":"https:\/\/schema.org","@graph":[{"@type":"Article","@id":"https:\/\/www.tapasmagazine.es\/en\/we-are-ona-culinary-collective-that-serves-artistic-experiences-around-the-world\/#article","isPartOf":{"@id":"https:\/\/www.tapasmagazine.es\/en\/we-are-ona-culinary-collective-that-serves-artistic-experiences-around-the-world\/"},"author":{"name":"Laura P\u00e9rez","@id":"https:\/\/www.tapasmagazine.es\/#\/schema\/person\/eb46cbe76a9c8f062660eb609e3ecb4e"},"headline":"This is WE ARE ONA, the culinary collective that serves artistic experiences around the world","datePublished":"2023-10-24T07:37:11+00:00","dateModified":"2023-10-24T07:42:18+00:00","mainEntityOfPage":{"@id":"https:\/\/www.tapasmagazine.es\/en\/we-are-ona-culinary-collective-that-serves-artistic-experiences-around-the-world\/"},"wordCount":614,"commentCount":0,"publisher":{"@id":"https:\/\/www.tapasmagazine.es\/#organization"},"image":{"@id":"https:\/\/www.tapasmagazine.es\/en\/we-are-ona-culinary-collective-that-serves-artistic-experiences-around-the-world\/#primaryimage"},"thumbnailUrl":"https:\/\/www.tapasmagazine.es\/wp-content\/uploads\/2023\/10\/we-are-ona-colectivo-culinarip-1.jpg","keywords":["arte","gastronom\u00eda","Moda"],"articleSection":["Reportajes"],"inLanguage":"en-US","potentialAction":[{"@type":"CommentAction","name":"Comment","target":["https:\/\/www.tapasmagazine.es\/en\/we-are-ona-culinary-collective-that-serves-artistic-experiences-around-the-world\/#respond"]}]},{"@type":"WebPage","@id":"https:\/\/www.tapasmagazine.es\/en\/we-are-ona-culinary-collective-that-serves-artistic-experiences-around-the-world\/","url":"https:\/\/www.tapasmagazine.es\/en\/we-are-ona-culinary-collective-that-serves-artistic-experiences-around-the-world\/","name":"This is WE ARE ONA, the culinary collective that serves artistic experiences around the world - Tapas","isPartOf":{"@id":"https:\/\/www.tapasmagazine.es\/#website"},"primaryImageOfPage":{"@id":"https:\/\/www.tapasmagazine.es\/en\/we-are-ona-culinary-collective-that-serves-artistic-experiences-around-the-world\/#primaryimage"},"image":{"@id":"https:\/\/www.tapasmagazine.es\/en\/we-are-ona-culinary-collective-that-serves-artistic-experiences-around-the-world\/#primaryimage"},"thumbnailUrl":"https:\/\/www.tapasmagazine.es\/wp-content\/uploads\/2023\/10\/we-are-ona-colectivo-culinarip-1.jpg","datePublished":"2023-10-24T07:37:11+00:00","dateModified":"2023-10-24T07:42:18+00:00","description":"Click here to read the Spanish version. The lines between gastronomy, fashion and contemporary art are blurred within this 360\u00ba culinary creative studio","breadcrumb":{"@id":"https:\/\/www.tapasmagazine.es\/en\/we-are-ona-culinary-collective-that-serves-artistic-experiences-around-the-world\/#breadcrumb"},"inLanguage":"en-US","potentialAction":[{"@type":"ReadAction","target":["https:\/\/www.tapasmagazine.es\/en\/we-are-ona-culinary-collective-that-serves-artistic-experiences-around-the-world\/"]}]},{"@type":"ImageObject","inLanguage":"en-US","@id":"https:\/\/www.tapasmagazine.es\/en\/we-are-ona-culinary-collective-that-serves-artistic-experiences-around-the-world\/#primaryimage","url":"https:\/\/www.tapasmagazine.es\/wp-content\/uploads\/2023\/10\/we-are-ona-colectivo-culinarip-1.jpg","contentUrl":"https:\/\/www.tapasmagazine.es\/wp-content\/uploads\/2023\/10\/we-are-ona-colectivo-culinarip-1.jpg","width":1200,"height":675},{"@type":"BreadcrumbList","@id":"https:\/\/www.tapasmagazine.es\/en\/we-are-ona-culinary-collective-that-serves-artistic-experiences-around-the-world\/#breadcrumb","itemListElement":[{"@type":"ListItem","position":1,"name":"Portada","item":"https:\/\/www.tapasmagazine.es\/"},{"@type":"ListItem","position":2,"name":"Sin categorizar","item":"https:\/\/www.tapasmagazine.es\/categorias\/sin-categorizar\/"},{"@type":"ListItem","position":3,"name":"This is WE ARE ONA, the culinary collective that serves artistic experiences around the world"}]},{"@type":"WebSite","@id":"https:\/\/www.tapasmagazine.es\/#website","url":"https:\/\/www.tapasmagazine.es\/","name":"Tapas","description":"\u00d1am \u00d1am Lifestyle. La vida a bocados. Premio Nacional de Gastronom\u00eda 2016.","publisher":{"@id":"https:\/\/www.tapasmagazine.es\/#organization"},"potentialAction":[{"@type":"SearchAction","target":{"@type":"EntryPoint","urlTemplate":"https:\/\/www.tapasmagazine.es\/?s={search_term_string}"},"query-input":{"@type":"PropertyValueSpecification","valueRequired":true,"valueName":"search_term_string"}}],"inLanguage":"en-US"},{"@type":"Organization","@id":"https:\/\/www.tapasmagazine.es\/#organization","name":"Tapas Magazine","url":"https:\/\/www.tapasmagazine.es\/","logo":{"@type":"ImageObject","inLanguage":"en-US","@id":"https:\/\/www.tapasmagazine.es\/#\/schema\/logo\/image\/","url":"https:\/\/www.tapasmagazine.es\/wp-content\/uploads\/2018\/01\/logo.png","contentUrl":"https:\/\/www.tapasmagazine.es\/wp-content\/uploads\/2018\/01\/logo.png","width":180,"height":60,"caption":"Tapas Magazine"},"image":{"@id":"https:\/\/www.tapasmagazine.es\/#\/schema\/logo\/image\/"},"sameAs":["https:\/\/www.facebook.com\/tapasmagazine","https:\/\/x.com\/TapasMagazine","https:\/\/www.instagram.com\/tapasmagazine\/","https:\/\/www.linkedin.com\/company\/tapas-magazine","https:\/\/es.pinterest.com\/tapasmagazine\/","https:\/\/www.youtube.com\/channel\/UCEyxneAaACuR0lfDagrWjjg?sub_confirmation=1"]},{"@type":"Person","@id":"https:\/\/www.tapasmagazine.es\/#\/schema\/person\/eb46cbe76a9c8f062660eb609e3ecb4e","name":"Laura P\u00e9rez","url":"https:\/\/www.tapasmagazine.es\/en\/author\/laura-perez\/"}]}},"_links":{"self":[{"href":"https:\/\/www.tapasmagazine.es\/en\/wp-json\/wp\/v2\/posts\/214717","targetHints":{"allow":["GET"]}}],"collection":[{"href":"https:\/\/www.tapasmagazine.es\/en\/wp-json\/wp\/v2\/posts"}],"about":[{"href":"https:\/\/www.tapasmagazine.es\/en\/wp-json\/wp\/v2\/types\/post"}],"author":[{"embeddable":true,"href":"https:\/\/www.tapasmagazine.es\/en\/wp-json\/wp\/v2\/users\/285"}],"replies":[{"embeddable":true,"href":"https:\/\/www.tapasmagazine.es\/en\/wp-json\/wp\/v2\/comments?post=214717"}],"version-history":[{"count":4,"href":"https:\/\/www.tapasmagazine.es\/en\/wp-json\/wp\/v2\/posts\/214717\/revisions"}],"predecessor-version":[{"id":214722,"href":"https:\/\/www.tapasmagazine.es\/en\/wp-json\/wp\/v2\/posts\/214717\/revisions\/214722"}],"wp:featuredmedia":[{"embeddable":true,"href":"https:\/\/www.tapasmagazine.es\/en\/wp-json\/wp\/v2\/media\/214666"}],"wp:attachment":[{"href":"https:\/\/www.tapasmagazine.es\/en\/wp-json\/wp\/v2\/media?parent=214717"}],"wp:term":[{"taxonomy":"category","embeddable":true,"href":"https:\/\/www.tapasmagazine.es\/en\/wp-json\/wp\/v2\/categories?post=214717"},{"taxonomy":"post_tag","embeddable":true,"href":"https:\/\/www.tapasmagazine.es\/en\/wp-json\/wp\/v2\/tags?post=214717"}],"curies":[{"name":"wp","href":"https:\/\/api.w.org\/{rel}","templated":true}]}}