{"id":214361,"date":"2023-10-20T13:57:32","date_gmt":"2023-10-20T11:57:32","guid":{"rendered":"https:\/\/www.tapasmagazine.es\/llega-a-los-angeles-el-primer-festival-gastronomico-de-cadenas-de-restaurantes-de-la-historia\/"},"modified":"2023-10-20T14:00:35","modified_gmt":"2023-10-20T12:00:35","slug":"first-ever-chain-restaurant-food-festival-comes-to-los-angeles","status":"publish","type":"post","link":"https:\/\/www.tapasmagazine.es\/en\/first-ever-chain-restaurant-food-festival-comes-to-los-angeles\/","title":{"rendered":"First-ever chain restaurant food festival comes to Los Angeles"},"content":{"rendered":"\n<p><strong>Click <a href=\"https:\/\/www.tapasmagazine.es\/llega-a-los-angeles-el-primer-festival-gastronomico-de-cadenas-de-restaurantes-de-la-historia\/\" target=\"_blank\" rel=\"noreferrer noopener\">here<\/a> to read the Spanish version.<\/strong><\/p>\n\n\n\n<p><strong>Chain<\/strong>, the pop-up company co-founded by <strong>B.J. Novak<\/strong>, Michelin-starred chef <strong>Tim Hollingsworth<\/strong>, which consistently pays homage to our childhood favourite chains, is now extending its concept to take it a step further with the Chainfest festival.<\/p>\n\n\n\n<p>The <strong>first food festival<\/strong> dedicated to the chain restaurants will offer brand new and limited menus from their venues in collaboration with the iconic Chain chef, as an immersive experience that will be fused with a myriad of games and activities.<\/p>\n\n\n<div class=\"wp-block-image\">\n<figure class=\"aligncenter size-full is-resized\"><a href=\"https:\/\/www.tapasmagazine.es\/wp-content\/uploads\/2023\/10\/chain-fest-2.webp\"><img decoding=\"async\" width=\"750\" height=\"500\" src=\"https:\/\/www.tapasmagazine.es\/wp-content\/uploads\/2023\/10\/chain-fest-2.webp\" alt=\"\" class=\"wp-image-214354\" style=\"aspect-ratio:1.5;width:1002px;height:auto\" srcset=\"https:\/\/www.tapasmagazine.es\/wp-content\/uploads\/2023\/10\/chain-fest-2.webp 750w, https:\/\/www.tapasmagazine.es\/wp-content\/uploads\/2023\/10\/chain-fest-2-300x200.webp 300w, https:\/\/www.tapasmagazine.es\/wp-content\/uploads\/2023\/10\/chain-fest-2-400x267.webp 400w\" sizes=\"(max-width: 750px) 100vw, 750px\" \/><\/a><\/figure>\n<\/div>\n\n\n<p>Participating chains will include Chili&#8217;s, Dunkin&#8217;, Jack in the Box, Panda Express, Pizza Hut, Red Robin and Sonic, while liquid offerings will be served by Pepsi, Don Julio, Johnny Walker, Smirnoff and Captain Morgan.<\/p>\n\n\n\n<p><strong><a href=\"https:\/\/www.tixr.com\/groups\/chain\/events\/chainfest-2023-82139\">ChainFest<\/a><\/strong> will take place from Friday 1 December to Sunday 3 December 2023 at Nya Studios in Hollywood. There&#8217;s still time to get your ticket and flight.<\/p>\n","protected":false},"excerpt":{"rendered":"<p>Click here to read the Spanish version. Chain, the pop-up company co-founded by B.J. Novak, Michelin-starred chef Tim Hollingsworth, which consistently pays homage to our childhood favourite chains, is now extending its concept to take it a step further with the Chainfest festival. The first food festival dedicated to the chain restaurants will offer brand [&hellip;]<\/p>\n","protected":false},"author":285,"featured_media":214353,"comment_status":"open","ping_status":"closed","sticky":false,"template":"single-feature.php","format":"standard","meta":{"_acf_changed":false,"footnotes":""},"categories":[15802,15797],"tags":[18521,15824,15803],"class_list":["post-214361","post","type-post","status-publish","format-standard","has-post-thumbnail","hentry","category-news","category-planes-en","tag-festival-en","tag-gastronomia-en","tag-restaurants","cat-15802-id","cat-15797-id"],"acf":[],"yoast_head":"<!-- This site is optimized with the Yoast SEO plugin v27.4 - https:\/\/yoast.com\/product\/yoast-seo-wordpress\/ -->\n<title>First-ever chain restaurant food festival comes to Los Angeles - Tapas<\/title>\n<meta name=\"description\" content=\"Click here to read the Spanish version. Chain, the pop-up company co-founded by B.J. Novak, Michelin-starred chef Tim Hollingsworth, which consistently\" \/>\n<meta name=\"robots\" content=\"index, follow, max-snippet:-1, max-image-preview:large, max-video-preview:-1\" \/>\n<link rel=\"canonical\" href=\"https:\/\/www.tapasmagazine.es\/en\/first-ever-chain-restaurant-food-festival-comes-to-los-angeles\/\" \/>\n<meta property=\"og:locale\" content=\"en_US\" \/>\n<meta property=\"og:type\" content=\"article\" \/>\n<meta property=\"og:title\" content=\"First-ever chain restaurant food festival comes to Los Angeles - Tapas\" \/>\n<meta property=\"og:description\" content=\"Click here to read the Spanish version. Chain, the pop-up company co-founded by B.J. Novak, Michelin-starred chef Tim Hollingsworth, which consistently\" \/>\n<meta property=\"og:url\" content=\"https:\/\/www.tapasmagazine.es\/en\/first-ever-chain-restaurant-food-festival-comes-to-los-angeles\/\" \/>\n<meta property=\"og:site_name\" content=\"Tapas\" \/>\n<meta property=\"article:publisher\" content=\"https:\/\/www.facebook.com\/tapasmagazine\" \/>\n<meta property=\"article:published_time\" content=\"2023-10-20T11:57:32+00:00\" \/>\n<meta property=\"article:modified_time\" content=\"2023-10-20T12:00:35+00:00\" \/>\n<meta property=\"og:image\" content=\"https:\/\/www.tapasmagazine.es\/wp-content\/uploads\/2023\/10\/chain-fest-1.jpg\" \/>\n\t<meta property=\"og:image:width\" content=\"1200\" \/>\n\t<meta property=\"og:image:height\" content=\"675\" \/>\n\t<meta property=\"og:image:type\" content=\"image\/jpeg\" \/>\n<meta name=\"author\" content=\"Laura P\u00e9rez\" \/>\n<meta name=\"twitter:card\" content=\"summary_large_image\" \/>\n<meta name=\"twitter:creator\" content=\"@TapasMagazine\" \/>\n<meta name=\"twitter:site\" content=\"@TapasMagazine\" \/>\n<meta name=\"twitter:label1\" content=\"Written by\" \/>\n\t<meta name=\"twitter:data1\" content=\"Laura P\u00e9rez\" \/>\n\t<meta name=\"twitter:label2\" content=\"Est. reading time\" \/>\n\t<meta name=\"twitter:data2\" content=\"1 minute\" \/>\n<script type=\"application\/ld+json\" class=\"yoast-schema-graph\">{\"@context\":\"https:\\\/\\\/schema.org\",\"@graph\":[{\"@type\":\"Article\",\"@id\":\"https:\\\/\\\/www.tapasmagazine.es\\\/en\\\/first-ever-chain-restaurant-food-festival-comes-to-los-angeles\\\/#article\",\"isPartOf\":{\"@id\":\"https:\\\/\\\/www.tapasmagazine.es\\\/en\\\/first-ever-chain-restaurant-food-festival-comes-to-los-angeles\\\/\"},\"author\":{\"name\":\"Laura P\u00e9rez\",\"@id\":\"https:\\\/\\\/www.tapasmagazine.es\\\/#\\\/schema\\\/person\\\/eb46cbe76a9c8f062660eb609e3ecb4e\"},\"headline\":\"First-ever chain restaurant food festival comes to Los Angeles\",\"datePublished\":\"2023-10-20T11:57:32+00:00\",\"dateModified\":\"2023-10-20T12:00:35+00:00\",\"mainEntityOfPage\":{\"@id\":\"https:\\\/\\\/www.tapasmagazine.es\\\/en\\\/first-ever-chain-restaurant-food-festival-comes-to-los-angeles\\\/\"},\"wordCount\":154,\"commentCount\":0,\"publisher\":{\"@id\":\"https:\\\/\\\/www.tapasmagazine.es\\\/#organization\"},\"image\":{\"@id\":\"https:\\\/\\\/www.tapasmagazine.es\\\/en\\\/first-ever-chain-restaurant-food-festival-comes-to-los-angeles\\\/#primaryimage\"},\"thumbnailUrl\":\"https:\\\/\\\/www.tapasmagazine.es\\\/wp-content\\\/uploads\\\/2023\\\/10\\\/chain-fest-1.jpg\",\"keywords\":[\"Festival\",\"gastronom\u00eda\",\"restaurants\"],\"articleSection\":[\"News\",\"Planes\"],\"inLanguage\":\"en-US\",\"potentialAction\":[{\"@type\":\"CommentAction\",\"name\":\"Comment\",\"target\":[\"https:\\\/\\\/www.tapasmagazine.es\\\/en\\\/first-ever-chain-restaurant-food-festival-comes-to-los-angeles\\\/#respond\"]}]},{\"@type\":\"WebPage\",\"@id\":\"https:\\\/\\\/www.tapasmagazine.es\\\/en\\\/first-ever-chain-restaurant-food-festival-comes-to-los-angeles\\\/\",\"url\":\"https:\\\/\\\/www.tapasmagazine.es\\\/en\\\/first-ever-chain-restaurant-food-festival-comes-to-los-angeles\\\/\",\"name\":\"First-ever chain restaurant food festival comes to Los Angeles - Tapas\",\"isPartOf\":{\"@id\":\"https:\\\/\\\/www.tapasmagazine.es\\\/#website\"},\"primaryImageOfPage\":{\"@id\":\"https:\\\/\\\/www.tapasmagazine.es\\\/en\\\/first-ever-chain-restaurant-food-festival-comes-to-los-angeles\\\/#primaryimage\"},\"image\":{\"@id\":\"https:\\\/\\\/www.tapasmagazine.es\\\/en\\\/first-ever-chain-restaurant-food-festival-comes-to-los-angeles\\\/#primaryimage\"},\"thumbnailUrl\":\"https:\\\/\\\/www.tapasmagazine.es\\\/wp-content\\\/uploads\\\/2023\\\/10\\\/chain-fest-1.jpg\",\"datePublished\":\"2023-10-20T11:57:32+00:00\",\"dateModified\":\"2023-10-20T12:00:35+00:00\",\"description\":\"Click here to read the Spanish version. Chain, the pop-up company co-founded by B.J. Novak, Michelin-starred chef Tim Hollingsworth, which consistently\",\"breadcrumb\":{\"@id\":\"https:\\\/\\\/www.tapasmagazine.es\\\/en\\\/first-ever-chain-restaurant-food-festival-comes-to-los-angeles\\\/#breadcrumb\"},\"inLanguage\":\"en-US\",\"potentialAction\":[{\"@type\":\"ReadAction\",\"target\":[\"https:\\\/\\\/www.tapasmagazine.es\\\/en\\\/first-ever-chain-restaurant-food-festival-comes-to-los-angeles\\\/\"]}]},{\"@type\":\"ImageObject\",\"inLanguage\":\"en-US\",\"@id\":\"https:\\\/\\\/www.tapasmagazine.es\\\/en\\\/first-ever-chain-restaurant-food-festival-comes-to-los-angeles\\\/#primaryimage\",\"url\":\"https:\\\/\\\/www.tapasmagazine.es\\\/wp-content\\\/uploads\\\/2023\\\/10\\\/chain-fest-1.jpg\",\"contentUrl\":\"https:\\\/\\\/www.tapasmagazine.es\\\/wp-content\\\/uploads\\\/2023\\\/10\\\/chain-fest-1.jpg\",\"width\":1200,\"height\":675},{\"@type\":\"BreadcrumbList\",\"@id\":\"https:\\\/\\\/www.tapasmagazine.es\\\/en\\\/first-ever-chain-restaurant-food-festival-comes-to-los-angeles\\\/#breadcrumb\",\"itemListElement\":[{\"@type\":\"ListItem\",\"position\":1,\"name\":\"Portada\",\"item\":\"https:\\\/\\\/www.tapasmagazine.es\\\/\"},{\"@type\":\"ListItem\",\"position\":2,\"name\":\"News\",\"item\":\"https:\\\/\\\/www.tapasmagazine.es\\\/en\\\/categorias\\\/news\\\/\"},{\"@type\":\"ListItem\",\"position\":3,\"name\":\"First-ever chain restaurant food festival comes to Los Angeles\"}]},{\"@type\":\"WebSite\",\"@id\":\"https:\\\/\\\/www.tapasmagazine.es\\\/#website\",\"url\":\"https:\\\/\\\/www.tapasmagazine.es\\\/\",\"name\":\"Tapas\",\"description\":\"\u00d1am \u00d1am Lifestyle. La vida a bocados. Premio Nacional de Gastronom\u00eda 2016.\",\"publisher\":{\"@id\":\"https:\\\/\\\/www.tapasmagazine.es\\\/#organization\"},\"potentialAction\":[{\"@type\":\"SearchAction\",\"target\":{\"@type\":\"EntryPoint\",\"urlTemplate\":\"https:\\\/\\\/www.tapasmagazine.es\\\/?s={search_term_string}\"},\"query-input\":{\"@type\":\"PropertyValueSpecification\",\"valueRequired\":true,\"valueName\":\"search_term_string\"}}],\"inLanguage\":\"en-US\"},{\"@type\":\"Organization\",\"@id\":\"https:\\\/\\\/www.tapasmagazine.es\\\/#organization\",\"name\":\"Tapas Magazine\",\"url\":\"https:\\\/\\\/www.tapasmagazine.es\\\/\",\"logo\":{\"@type\":\"ImageObject\",\"inLanguage\":\"en-US\",\"@id\":\"https:\\\/\\\/www.tapasmagazine.es\\\/#\\\/schema\\\/logo\\\/image\\\/\",\"url\":\"https:\\\/\\\/www.tapasmagazine.es\\\/wp-content\\\/uploads\\\/2018\\\/01\\\/logo.png\",\"contentUrl\":\"https:\\\/\\\/www.tapasmagazine.es\\\/wp-content\\\/uploads\\\/2018\\\/01\\\/logo.png\",\"width\":180,\"height\":60,\"caption\":\"Tapas Magazine\"},\"image\":{\"@id\":\"https:\\\/\\\/www.tapasmagazine.es\\\/#\\\/schema\\\/logo\\\/image\\\/\"},\"sameAs\":[\"https:\\\/\\\/www.facebook.com\\\/tapasmagazine\",\"https:\\\/\\\/x.com\\\/TapasMagazine\",\"https:\\\/\\\/www.instagram.com\\\/tapasmagazine\\\/\",\"https:\\\/\\\/www.linkedin.com\\\/company\\\/tapas-magazine\",\"https:\\\/\\\/es.pinterest.com\\\/tapasmagazine\\\/\",\"https:\\\/\\\/www.youtube.com\\\/channel\\\/UCEyxneAaACuR0lfDagrWjjg?sub_confirmation=1\"]},{\"@type\":\"Person\",\"@id\":\"https:\\\/\\\/www.tapasmagazine.es\\\/#\\\/schema\\\/person\\\/eb46cbe76a9c8f062660eb609e3ecb4e\",\"name\":\"Laura P\u00e9rez\",\"url\":\"https:\\\/\\\/www.tapasmagazine.es\\\/en\\\/author\\\/laura-perez\\\/\"}]}<\/script>\n<!-- \/ Yoast SEO plugin. -->","yoast_head_json":{"title":"First-ever chain restaurant food festival comes to Los Angeles - Tapas","description":"Click here to read the Spanish version. Chain, the pop-up company co-founded by B.J. Novak, Michelin-starred chef Tim Hollingsworth, which consistently","robots":{"index":"index","follow":"follow","max-snippet":"max-snippet:-1","max-image-preview":"max-image-preview:large","max-video-preview":"max-video-preview:-1"},"canonical":"https:\/\/www.tapasmagazine.es\/en\/first-ever-chain-restaurant-food-festival-comes-to-los-angeles\/","og_locale":"en_US","og_type":"article","og_title":"First-ever chain restaurant food festival comes to Los Angeles - Tapas","og_description":"Click here to read the Spanish version. Chain, the pop-up company co-founded by B.J. Novak, Michelin-starred chef Tim Hollingsworth, which consistently","og_url":"https:\/\/www.tapasmagazine.es\/en\/first-ever-chain-restaurant-food-festival-comes-to-los-angeles\/","og_site_name":"Tapas","article_publisher":"https:\/\/www.facebook.com\/tapasmagazine","article_published_time":"2023-10-20T11:57:32+00:00","article_modified_time":"2023-10-20T12:00:35+00:00","og_image":[{"width":1200,"height":675,"url":"https:\/\/www.tapasmagazine.es\/wp-content\/uploads\/2023\/10\/chain-fest-1.jpg","type":"image\/jpeg"}],"author":"Laura P\u00e9rez","twitter_card":"summary_large_image","twitter_creator":"@TapasMagazine","twitter_site":"@TapasMagazine","twitter_misc":{"Written by":"Laura P\u00e9rez","Est. reading time":"1 minute"},"schema":{"@context":"https:\/\/schema.org","@graph":[{"@type":"Article","@id":"https:\/\/www.tapasmagazine.es\/en\/first-ever-chain-restaurant-food-festival-comes-to-los-angeles\/#article","isPartOf":{"@id":"https:\/\/www.tapasmagazine.es\/en\/first-ever-chain-restaurant-food-festival-comes-to-los-angeles\/"},"author":{"name":"Laura P\u00e9rez","@id":"https:\/\/www.tapasmagazine.es\/#\/schema\/person\/eb46cbe76a9c8f062660eb609e3ecb4e"},"headline":"First-ever chain restaurant food festival comes to Los Angeles","datePublished":"2023-10-20T11:57:32+00:00","dateModified":"2023-10-20T12:00:35+00:00","mainEntityOfPage":{"@id":"https:\/\/www.tapasmagazine.es\/en\/first-ever-chain-restaurant-food-festival-comes-to-los-angeles\/"},"wordCount":154,"commentCount":0,"publisher":{"@id":"https:\/\/www.tapasmagazine.es\/#organization"},"image":{"@id":"https:\/\/www.tapasmagazine.es\/en\/first-ever-chain-restaurant-food-festival-comes-to-los-angeles\/#primaryimage"},"thumbnailUrl":"https:\/\/www.tapasmagazine.es\/wp-content\/uploads\/2023\/10\/chain-fest-1.jpg","keywords":["Festival","gastronom\u00eda","restaurants"],"articleSection":["News","Planes"],"inLanguage":"en-US","potentialAction":[{"@type":"CommentAction","name":"Comment","target":["https:\/\/www.tapasmagazine.es\/en\/first-ever-chain-restaurant-food-festival-comes-to-los-angeles\/#respond"]}]},{"@type":"WebPage","@id":"https:\/\/www.tapasmagazine.es\/en\/first-ever-chain-restaurant-food-festival-comes-to-los-angeles\/","url":"https:\/\/www.tapasmagazine.es\/en\/first-ever-chain-restaurant-food-festival-comes-to-los-angeles\/","name":"First-ever chain restaurant food festival comes to Los Angeles - Tapas","isPartOf":{"@id":"https:\/\/www.tapasmagazine.es\/#website"},"primaryImageOfPage":{"@id":"https:\/\/www.tapasmagazine.es\/en\/first-ever-chain-restaurant-food-festival-comes-to-los-angeles\/#primaryimage"},"image":{"@id":"https:\/\/www.tapasmagazine.es\/en\/first-ever-chain-restaurant-food-festival-comes-to-los-angeles\/#primaryimage"},"thumbnailUrl":"https:\/\/www.tapasmagazine.es\/wp-content\/uploads\/2023\/10\/chain-fest-1.jpg","datePublished":"2023-10-20T11:57:32+00:00","dateModified":"2023-10-20T12:00:35+00:00","description":"Click here to read the Spanish version. Chain, the pop-up company co-founded by B.J. Novak, Michelin-starred chef Tim Hollingsworth, which consistently","breadcrumb":{"@id":"https:\/\/www.tapasmagazine.es\/en\/first-ever-chain-restaurant-food-festival-comes-to-los-angeles\/#breadcrumb"},"inLanguage":"en-US","potentialAction":[{"@type":"ReadAction","target":["https:\/\/www.tapasmagazine.es\/en\/first-ever-chain-restaurant-food-festival-comes-to-los-angeles\/"]}]},{"@type":"ImageObject","inLanguage":"en-US","@id":"https:\/\/www.tapasmagazine.es\/en\/first-ever-chain-restaurant-food-festival-comes-to-los-angeles\/#primaryimage","url":"https:\/\/www.tapasmagazine.es\/wp-content\/uploads\/2023\/10\/chain-fest-1.jpg","contentUrl":"https:\/\/www.tapasmagazine.es\/wp-content\/uploads\/2023\/10\/chain-fest-1.jpg","width":1200,"height":675},{"@type":"BreadcrumbList","@id":"https:\/\/www.tapasmagazine.es\/en\/first-ever-chain-restaurant-food-festival-comes-to-los-angeles\/#breadcrumb","itemListElement":[{"@type":"ListItem","position":1,"name":"Portada","item":"https:\/\/www.tapasmagazine.es\/"},{"@type":"ListItem","position":2,"name":"News","item":"https:\/\/www.tapasmagazine.es\/en\/categorias\/news\/"},{"@type":"ListItem","position":3,"name":"First-ever chain restaurant food festival comes to Los Angeles"}]},{"@type":"WebSite","@id":"https:\/\/www.tapasmagazine.es\/#website","url":"https:\/\/www.tapasmagazine.es\/","name":"Tapas","description":"\u00d1am \u00d1am Lifestyle. La vida a bocados. Premio Nacional de Gastronom\u00eda 2016.","publisher":{"@id":"https:\/\/www.tapasmagazine.es\/#organization"},"potentialAction":[{"@type":"SearchAction","target":{"@type":"EntryPoint","urlTemplate":"https:\/\/www.tapasmagazine.es\/?s={search_term_string}"},"query-input":{"@type":"PropertyValueSpecification","valueRequired":true,"valueName":"search_term_string"}}],"inLanguage":"en-US"},{"@type":"Organization","@id":"https:\/\/www.tapasmagazine.es\/#organization","name":"Tapas Magazine","url":"https:\/\/www.tapasmagazine.es\/","logo":{"@type":"ImageObject","inLanguage":"en-US","@id":"https:\/\/www.tapasmagazine.es\/#\/schema\/logo\/image\/","url":"https:\/\/www.tapasmagazine.es\/wp-content\/uploads\/2018\/01\/logo.png","contentUrl":"https:\/\/www.tapasmagazine.es\/wp-content\/uploads\/2018\/01\/logo.png","width":180,"height":60,"caption":"Tapas Magazine"},"image":{"@id":"https:\/\/www.tapasmagazine.es\/#\/schema\/logo\/image\/"},"sameAs":["https:\/\/www.facebook.com\/tapasmagazine","https:\/\/x.com\/TapasMagazine","https:\/\/www.instagram.com\/tapasmagazine\/","https:\/\/www.linkedin.com\/company\/tapas-magazine","https:\/\/es.pinterest.com\/tapasmagazine\/","https:\/\/www.youtube.com\/channel\/UCEyxneAaACuR0lfDagrWjjg?sub_confirmation=1"]},{"@type":"Person","@id":"https:\/\/www.tapasmagazine.es\/#\/schema\/person\/eb46cbe76a9c8f062660eb609e3ecb4e","name":"Laura P\u00e9rez","url":"https:\/\/www.tapasmagazine.es\/en\/author\/laura-perez\/"}]}},"_links":{"self":[{"href":"https:\/\/www.tapasmagazine.es\/en\/wp-json\/wp\/v2\/posts\/214361","targetHints":{"allow":["GET"]}}],"collection":[{"href":"https:\/\/www.tapasmagazine.es\/en\/wp-json\/wp\/v2\/posts"}],"about":[{"href":"https:\/\/www.tapasmagazine.es\/en\/wp-json\/wp\/v2\/types\/post"}],"author":[{"embeddable":true,"href":"https:\/\/www.tapasmagazine.es\/en\/wp-json\/wp\/v2\/users\/285"}],"replies":[{"embeddable":true,"href":"https:\/\/www.tapasmagazine.es\/en\/wp-json\/wp\/v2\/comments?post=214361"}],"version-history":[{"count":4,"href":"https:\/\/www.tapasmagazine.es\/en\/wp-json\/wp\/v2\/posts\/214361\/revisions"}],"predecessor-version":[{"id":214366,"href":"https:\/\/www.tapasmagazine.es\/en\/wp-json\/wp\/v2\/posts\/214361\/revisions\/214366"}],"wp:featuredmedia":[{"embeddable":true,"href":"https:\/\/www.tapasmagazine.es\/en\/wp-json\/wp\/v2\/media\/214353"}],"wp:attachment":[{"href":"https:\/\/www.tapasmagazine.es\/en\/wp-json\/wp\/v2\/media?parent=214361"}],"wp:term":[{"taxonomy":"category","embeddable":true,"href":"https:\/\/www.tapasmagazine.es\/en\/wp-json\/wp\/v2\/categories?post=214361"},{"taxonomy":"post_tag","embeddable":true,"href":"https:\/\/www.tapasmagazine.es\/en\/wp-json\/wp\/v2\/tags?post=214361"}],"curies":[{"name":"wp","href":"https:\/\/api.w.org\/{rel}","templated":true}]}}