{"id":214122,"date":"2023-10-19T15:51:33","date_gmt":"2023-10-19T13:51:33","guid":{"rendered":"https:\/\/www.tapasmagazine.es\/elkar-el-restaurante-mas-alto-de-espana-reabre-sus-puertas-en-el-cielo-de-madrid\/"},"modified":"2023-10-19T15:54:25","modified_gmt":"2023-10-19T13:54:25","slug":"elkar-highest-restaurant-spain-reopen-its-doors-in-madrid","status":"publish","type":"post","link":"https:\/\/www.tapasmagazine.es\/en\/elkar-highest-restaurant-spain-reopen-its-doors-in-madrid\/","title":{"rendered":"\u00c9lkar, the highest restaurant in Spain, reopens its doors in the skies above Madrid"},"content":{"rendered":"\n<p><strong>Click <a href=\"https:\/\/www.tapasmagazine.es\/elkar-el-restaurante-mas-alto-de-espana-reabre-sus-puertas-en-el-cielo-de-madrid\/\" target=\"_blank\" rel=\"noreferrer noopener\">here<\/a> to read the Spanish version.<\/strong><\/p>\n\n\n\n<p>Located on the <strong>33rd floor<\/strong> of the <strong>Torre Emperador Castellana <\/strong>building in Madrid, \u00c9lkar has made history in the past for many reasons. And one of them was for its height, specifically at a prominent distance of 160 m.<\/p>\n\n\n\n<p>Through its reopening, all the bases and roots of <strong>Sergio Ortiz <\/strong>and <strong>Be\u00f1at Ormaetxea<\/strong>&#8216;s project are once again coming to the fore, as is its gastronomic proposal based on Mediterranean tradition with a contemporary twist that will now be interpreted by the renowned chef <strong>Fran Vicente<\/strong>, praising the raw material and the updated techniques of fresh and sustainable cuisine.<\/p>\n\n\n\n<figure class=\"wp-block-image size-large\"><a href=\"https:\/\/www.tapasmagazine.es\/wp-content\/uploads\/2023\/10\/elkar-reabre-puertas-madrid-6.jpg\"><img decoding=\"async\" width=\"1024\" height=\"576\" src=\"https:\/\/www.tapasmagazine.es\/wp-content\/uploads\/2023\/10\/elkar-reabre-puertas-madrid-6-1024x576.jpg\" alt=\"\" class=\"wp-image-214105\" srcset=\"https:\/\/www.tapasmagazine.es\/wp-content\/uploads\/2023\/10\/elkar-reabre-puertas-madrid-6-1024x576.jpg 1024w, https:\/\/www.tapasmagazine.es\/wp-content\/uploads\/2023\/10\/elkar-reabre-puertas-madrid-6-300x169.jpg 300w, https:\/\/www.tapasmagazine.es\/wp-content\/uploads\/2023\/10\/elkar-reabre-puertas-madrid-6-768x432.jpg 768w, https:\/\/www.tapasmagazine.es\/wp-content\/uploads\/2023\/10\/elkar-reabre-puertas-madrid-6-1000x563.jpg 1000w, https:\/\/www.tapasmagazine.es\/wp-content\/uploads\/2023\/10\/elkar-reabre-puertas-madrid-6-400x225.jpg 400w, https:\/\/www.tapasmagazine.es\/wp-content\/uploads\/2023\/10\/elkar-reabre-puertas-madrid-6.jpg 1200w\" sizes=\"(max-width: 1024px) 100vw, 1024px\" \/><\/a><\/figure>\n\n\n\n<p>This benchmark project on the national culinary scene once again pays tribute to classic national recipes, incorporating contemporary twists to emblematic dishes such as its &#8216;Foie Grass Fundador 18 years accompanied by pepper and cinnamon sponge cake&#8217;, its &#8216;Seasonal stews&#8217; or its &#8216;Glazed veal sweetbread, kumquat chamoy sauce and aniseed&#8217;.<\/p>\n\n\n\n<figure class=\"wp-block-gallery has-nested-images columns-default is-cropped wp-block-gallery-1 is-layout-flex wp-block-gallery-is-layout-flex\">\n<figure class=\"wp-block-image size-large\"><a href=\"https:\/\/www.tapasmagazine.es\/wp-content\/uploads\/2023\/10\/elkar-reabre-puertas-madrid-2.jpg\"><img decoding=\"async\" width=\"819\" height=\"1024\" data-id=\"214114\" src=\"https:\/\/www.tapasmagazine.es\/wp-content\/uploads\/2023\/10\/elkar-reabre-puertas-madrid-2-819x1024.jpg\" alt=\"\" class=\"wp-image-214114\" srcset=\"https:\/\/www.tapasmagazine.es\/wp-content\/uploads\/2023\/10\/elkar-reabre-puertas-madrid-2-819x1024.jpg 819w, https:\/\/www.tapasmagazine.es\/wp-content\/uploads\/2023\/10\/elkar-reabre-puertas-madrid-2-240x300.jpg 240w, https:\/\/www.tapasmagazine.es\/wp-content\/uploads\/2023\/10\/elkar-reabre-puertas-madrid-2-768x960.jpg 768w, https:\/\/www.tapasmagazine.es\/wp-content\/uploads\/2023\/10\/elkar-reabre-puertas-madrid-2-1000x1250.jpg 1000w, https:\/\/www.tapasmagazine.es\/wp-content\/uploads\/2023\/10\/elkar-reabre-puertas-madrid-2-400x500.jpg 400w, https:\/\/www.tapasmagazine.es\/wp-content\/uploads\/2023\/10\/elkar-reabre-puertas-madrid-2.jpg 1192w\" sizes=\"(max-width: 819px) 100vw, 819px\" \/><\/a><\/figure>\n\n\n\n<figure class=\"wp-block-image size-large\"><a href=\"https:\/\/www.tapasmagazine.es\/wp-content\/uploads\/2023\/10\/elkar-reabre-puertas-madrid-3.jpg\"><img decoding=\"async\" width=\"732\" height=\"1024\" data-id=\"214116\" src=\"https:\/\/www.tapasmagazine.es\/wp-content\/uploads\/2023\/10\/elkar-reabre-puertas-madrid-3-732x1024.jpg\" alt=\"\" class=\"wp-image-214116\" srcset=\"https:\/\/www.tapasmagazine.es\/wp-content\/uploads\/2023\/10\/elkar-reabre-puertas-madrid-3-732x1024.jpg 732w, https:\/\/www.tapasmagazine.es\/wp-content\/uploads\/2023\/10\/elkar-reabre-puertas-madrid-3-214x300.jpg 214w, https:\/\/www.tapasmagazine.es\/wp-content\/uploads\/2023\/10\/elkar-reabre-puertas-madrid-3-768x1075.jpg 768w, https:\/\/www.tapasmagazine.es\/wp-content\/uploads\/2023\/10\/elkar-reabre-puertas-madrid-3-1000x1399.jpg 1000w, https:\/\/www.tapasmagazine.es\/wp-content\/uploads\/2023\/10\/elkar-reabre-puertas-madrid-3-400x560.jpg 400w, https:\/\/www.tapasmagazine.es\/wp-content\/uploads\/2023\/10\/elkar-reabre-puertas-madrid-3.jpg 1064w\" sizes=\"(max-width: 732px) 100vw, 732px\" \/><\/a><\/figure>\n<\/figure>\n\n\n\n<p>Its <strong>reinvented dessert menu<\/strong> includes creations such as &#8216;Creamy cheesecake with blueberry jam&#8217; or &#8216;Citrus lemon in textures&#8217; presented under the creative vision of the restaurant; forming a buffet of succulent avant-garde dishes designed to merge with its wide selection of wines and spirits with some of the most renowned brands of brandy and whisky.<\/p>\n","protected":false},"excerpt":{"rendered":"<p>Click here to read the Spanish version. Located on the 33rd floor of the Torre Emperador Castellana building in Madrid, \u00c9lkar has made history in the past for many reasons. And one of them was for its height, specifically at a prominent distance of 160 m. Through its reopening, all the bases and roots of [&hellip;]<\/p>\n","protected":false},"author":285,"featured_media":214104,"comment_status":"open","ping_status":"closed","sticky":false,"template":"single-feature.php","format":"standard","meta":{"_acf_changed":false,"footnotes":""},"categories":[15807,15802],"tags":[16170,15824,16033,15803],"class_list":["post-214122","post","type-post","status-publish","format-standard","has-post-thumbnail","hentry","category-gastro-en","category-news","tag-comida-en","tag-gastronomia-en","tag-madrid-en","tag-restaurants","cat-15807-id","cat-15802-id"],"acf":[],"yoast_head":"<!-- This site is optimized with the Yoast SEO plugin v27.5 - https:\/\/yoast.com\/product\/yoast-seo-wordpress\/ -->\n<title>\u00c9lkar, the highest restaurant in Spain, reopens its doors in the skies above Madrid - Tapas<\/title>\n<meta name=\"description\" content=\"Click here to read the Spanish version. Located on the 33rd floor of the Torre Emperador Castellana building in Madrid, \u00c9lkar has made history in the past\" \/>\n<meta name=\"robots\" content=\"index, follow, max-snippet:-1, max-image-preview:large, max-video-preview:-1\" \/>\n<link rel=\"canonical\" href=\"https:\/\/www.tapasmagazine.es\/en\/elkar-highest-restaurant-spain-reopen-its-doors-in-madrid\/\" \/>\n<meta property=\"og:locale\" content=\"en_US\" \/>\n<meta property=\"og:type\" content=\"article\" \/>\n<meta property=\"og:title\" content=\"\u00c9lkar, the highest restaurant in Spain, reopens its doors in the skies above Madrid - Tapas\" \/>\n<meta property=\"og:description\" content=\"Click here to read the Spanish version. Located on the 33rd floor of the Torre Emperador Castellana building in Madrid, \u00c9lkar has made history in the past\" \/>\n<meta property=\"og:url\" content=\"https:\/\/www.tapasmagazine.es\/en\/elkar-highest-restaurant-spain-reopen-its-doors-in-madrid\/\" \/>\n<meta property=\"og:site_name\" content=\"Tapas\" \/>\n<meta property=\"article:publisher\" content=\"https:\/\/www.facebook.com\/tapasmagazine\" \/>\n<meta property=\"article:published_time\" content=\"2023-10-19T13:51:33+00:00\" \/>\n<meta property=\"article:modified_time\" content=\"2023-10-19T13:54:25+00:00\" \/>\n<meta property=\"og:image\" content=\"https:\/\/www.tapasmagazine.es\/wp-content\/uploads\/2023\/10\/elkar-reabre-puertas-madrid-1.jpg\" \/>\n\t<meta property=\"og:image:width\" content=\"1200\" \/>\n\t<meta property=\"og:image:height\" content=\"675\" \/>\n\t<meta property=\"og:image:type\" content=\"image\/jpeg\" \/>\n<meta name=\"author\" content=\"Laura P\u00e9rez\" \/>\n<meta name=\"twitter:card\" content=\"summary_large_image\" \/>\n<meta name=\"twitter:creator\" content=\"@TapasMagazine\" \/>\n<meta name=\"twitter:site\" content=\"@TapasMagazine\" \/>\n<meta name=\"twitter:label1\" content=\"Written by\" \/>\n\t<meta name=\"twitter:data1\" content=\"Laura P\u00e9rez\" \/>\n\t<meta name=\"twitter:label2\" content=\"Est. reading time\" \/>\n\t<meta name=\"twitter:data2\" content=\"2 minutes\" \/>\n<script type=\"application\/ld+json\" class=\"yoast-schema-graph\">{\"@context\":\"https:\\\/\\\/schema.org\",\"@graph\":[{\"@type\":\"Article\",\"@id\":\"https:\\\/\\\/www.tapasmagazine.es\\\/en\\\/elkar-highest-restaurant-spain-reopen-its-doors-in-madrid\\\/#article\",\"isPartOf\":{\"@id\":\"https:\\\/\\\/www.tapasmagazine.es\\\/en\\\/elkar-highest-restaurant-spain-reopen-its-doors-in-madrid\\\/\"},\"author\":{\"name\":\"Laura P\u00e9rez\",\"@id\":\"https:\\\/\\\/www.tapasmagazine.es\\\/#\\\/schema\\\/person\\\/eb46cbe76a9c8f062660eb609e3ecb4e\"},\"headline\":\"\u00c9lkar, the highest restaurant in Spain, reopens its doors in the skies above Madrid\",\"datePublished\":\"2023-10-19T13:51:33+00:00\",\"dateModified\":\"2023-10-19T13:54:25+00:00\",\"mainEntityOfPage\":{\"@id\":\"https:\\\/\\\/www.tapasmagazine.es\\\/en\\\/elkar-highest-restaurant-spain-reopen-its-doors-in-madrid\\\/\"},\"wordCount\":224,\"commentCount\":0,\"publisher\":{\"@id\":\"https:\\\/\\\/www.tapasmagazine.es\\\/#organization\"},\"image\":{\"@id\":\"https:\\\/\\\/www.tapasmagazine.es\\\/en\\\/elkar-highest-restaurant-spain-reopen-its-doors-in-madrid\\\/#primaryimage\"},\"thumbnailUrl\":\"https:\\\/\\\/www.tapasmagazine.es\\\/wp-content\\\/uploads\\\/2023\\\/10\\\/elkar-reabre-puertas-madrid-1.jpg\",\"keywords\":[\"Comida\",\"gastronom\u00eda\",\"Madrid\",\"restaurants\"],\"articleSection\":[\"Gastro\",\"News\"],\"inLanguage\":\"en-US\",\"potentialAction\":[{\"@type\":\"CommentAction\",\"name\":\"Comment\",\"target\":[\"https:\\\/\\\/www.tapasmagazine.es\\\/en\\\/elkar-highest-restaurant-spain-reopen-its-doors-in-madrid\\\/#respond\"]}]},{\"@type\":\"WebPage\",\"@id\":\"https:\\\/\\\/www.tapasmagazine.es\\\/en\\\/elkar-highest-restaurant-spain-reopen-its-doors-in-madrid\\\/\",\"url\":\"https:\\\/\\\/www.tapasmagazine.es\\\/en\\\/elkar-highest-restaurant-spain-reopen-its-doors-in-madrid\\\/\",\"name\":\"\u00c9lkar, the highest restaurant in Spain, reopens its doors in the skies above Madrid - Tapas\",\"isPartOf\":{\"@id\":\"https:\\\/\\\/www.tapasmagazine.es\\\/#website\"},\"primaryImageOfPage\":{\"@id\":\"https:\\\/\\\/www.tapasmagazine.es\\\/en\\\/elkar-highest-restaurant-spain-reopen-its-doors-in-madrid\\\/#primaryimage\"},\"image\":{\"@id\":\"https:\\\/\\\/www.tapasmagazine.es\\\/en\\\/elkar-highest-restaurant-spain-reopen-its-doors-in-madrid\\\/#primaryimage\"},\"thumbnailUrl\":\"https:\\\/\\\/www.tapasmagazine.es\\\/wp-content\\\/uploads\\\/2023\\\/10\\\/elkar-reabre-puertas-madrid-1.jpg\",\"datePublished\":\"2023-10-19T13:51:33+00:00\",\"dateModified\":\"2023-10-19T13:54:25+00:00\",\"description\":\"Click here to read the Spanish version. Located on the 33rd floor of the Torre Emperador Castellana building in Madrid, \u00c9lkar has made history in the past\",\"breadcrumb\":{\"@id\":\"https:\\\/\\\/www.tapasmagazine.es\\\/en\\\/elkar-highest-restaurant-spain-reopen-its-doors-in-madrid\\\/#breadcrumb\"},\"inLanguage\":\"en-US\",\"potentialAction\":[{\"@type\":\"ReadAction\",\"target\":[\"https:\\\/\\\/www.tapasmagazine.es\\\/en\\\/elkar-highest-restaurant-spain-reopen-its-doors-in-madrid\\\/\"]}]},{\"@type\":\"ImageObject\",\"inLanguage\":\"en-US\",\"@id\":\"https:\\\/\\\/www.tapasmagazine.es\\\/en\\\/elkar-highest-restaurant-spain-reopen-its-doors-in-madrid\\\/#primaryimage\",\"url\":\"https:\\\/\\\/www.tapasmagazine.es\\\/wp-content\\\/uploads\\\/2023\\\/10\\\/elkar-reabre-puertas-madrid-1.jpg\",\"contentUrl\":\"https:\\\/\\\/www.tapasmagazine.es\\\/wp-content\\\/uploads\\\/2023\\\/10\\\/elkar-reabre-puertas-madrid-1.jpg\",\"width\":1200,\"height\":675},{\"@type\":\"BreadcrumbList\",\"@id\":\"https:\\\/\\\/www.tapasmagazine.es\\\/en\\\/elkar-highest-restaurant-spain-reopen-its-doors-in-madrid\\\/#breadcrumb\",\"itemListElement\":[{\"@type\":\"ListItem\",\"position\":1,\"name\":\"Portada\",\"item\":\"https:\\\/\\\/www.tapasmagazine.es\\\/\"},{\"@type\":\"ListItem\",\"position\":2,\"name\":\"Gastro\",\"item\":\"https:\\\/\\\/www.tapasmagazine.es\\\/en\\\/categorias\\\/gastro-en\\\/\"},{\"@type\":\"ListItem\",\"position\":3,\"name\":\"\u00c9lkar, the highest restaurant in Spain, reopens its doors in the skies above Madrid\"}]},{\"@type\":\"WebSite\",\"@id\":\"https:\\\/\\\/www.tapasmagazine.es\\\/#website\",\"url\":\"https:\\\/\\\/www.tapasmagazine.es\\\/\",\"name\":\"Tapas\",\"description\":\"\u00d1am \u00d1am Lifestyle. La vida a bocados. Premio Nacional de Gastronom\u00eda 2016.\",\"publisher\":{\"@id\":\"https:\\\/\\\/www.tapasmagazine.es\\\/#organization\"},\"potentialAction\":[{\"@type\":\"SearchAction\",\"target\":{\"@type\":\"EntryPoint\",\"urlTemplate\":\"https:\\\/\\\/www.tapasmagazine.es\\\/?s={search_term_string}\"},\"query-input\":{\"@type\":\"PropertyValueSpecification\",\"valueRequired\":true,\"valueName\":\"search_term_string\"}}],\"inLanguage\":\"en-US\"},{\"@type\":\"Organization\",\"@id\":\"https:\\\/\\\/www.tapasmagazine.es\\\/#organization\",\"name\":\"Tapas Magazine\",\"url\":\"https:\\\/\\\/www.tapasmagazine.es\\\/\",\"logo\":{\"@type\":\"ImageObject\",\"inLanguage\":\"en-US\",\"@id\":\"https:\\\/\\\/www.tapasmagazine.es\\\/#\\\/schema\\\/logo\\\/image\\\/\",\"url\":\"https:\\\/\\\/www.tapasmagazine.es\\\/wp-content\\\/uploads\\\/2018\\\/01\\\/logo.png\",\"contentUrl\":\"https:\\\/\\\/www.tapasmagazine.es\\\/wp-content\\\/uploads\\\/2018\\\/01\\\/logo.png\",\"width\":180,\"height\":60,\"caption\":\"Tapas Magazine\"},\"image\":{\"@id\":\"https:\\\/\\\/www.tapasmagazine.es\\\/#\\\/schema\\\/logo\\\/image\\\/\"},\"sameAs\":[\"https:\\\/\\\/www.facebook.com\\\/tapasmagazine\",\"https:\\\/\\\/x.com\\\/TapasMagazine\",\"https:\\\/\\\/www.instagram.com\\\/tapasmagazine\\\/\",\"https:\\\/\\\/www.linkedin.com\\\/company\\\/tapas-magazine\",\"https:\\\/\\\/es.pinterest.com\\\/tapasmagazine\\\/\",\"https:\\\/\\\/www.youtube.com\\\/channel\\\/UCEyxneAaACuR0lfDagrWjjg?sub_confirmation=1\"]},{\"@type\":\"Person\",\"@id\":\"https:\\\/\\\/www.tapasmagazine.es\\\/#\\\/schema\\\/person\\\/eb46cbe76a9c8f062660eb609e3ecb4e\",\"name\":\"Laura P\u00e9rez\",\"url\":\"https:\\\/\\\/www.tapasmagazine.es\\\/en\\\/author\\\/laura-perez\\\/\"}]}<\/script>\n<!-- \/ Yoast SEO plugin. -->","yoast_head_json":{"title":"\u00c9lkar, the highest restaurant in Spain, reopens its doors in the skies above Madrid - Tapas","description":"Click here to read the Spanish version. Located on the 33rd floor of the Torre Emperador Castellana building in Madrid, \u00c9lkar has made history in the past","robots":{"index":"index","follow":"follow","max-snippet":"max-snippet:-1","max-image-preview":"max-image-preview:large","max-video-preview":"max-video-preview:-1"},"canonical":"https:\/\/www.tapasmagazine.es\/en\/elkar-highest-restaurant-spain-reopen-its-doors-in-madrid\/","og_locale":"en_US","og_type":"article","og_title":"\u00c9lkar, the highest restaurant in Spain, reopens its doors in the skies above Madrid - Tapas","og_description":"Click here to read the Spanish version. Located on the 33rd floor of the Torre Emperador Castellana building in Madrid, \u00c9lkar has made history in the past","og_url":"https:\/\/www.tapasmagazine.es\/en\/elkar-highest-restaurant-spain-reopen-its-doors-in-madrid\/","og_site_name":"Tapas","article_publisher":"https:\/\/www.facebook.com\/tapasmagazine","article_published_time":"2023-10-19T13:51:33+00:00","article_modified_time":"2023-10-19T13:54:25+00:00","og_image":[{"width":1200,"height":675,"url":"https:\/\/www.tapasmagazine.es\/wp-content\/uploads\/2023\/10\/elkar-reabre-puertas-madrid-1.jpg","type":"image\/jpeg"}],"author":"Laura P\u00e9rez","twitter_card":"summary_large_image","twitter_creator":"@TapasMagazine","twitter_site":"@TapasMagazine","twitter_misc":{"Written by":"Laura P\u00e9rez","Est. reading time":"2 minutes"},"schema":{"@context":"https:\/\/schema.org","@graph":[{"@type":"Article","@id":"https:\/\/www.tapasmagazine.es\/en\/elkar-highest-restaurant-spain-reopen-its-doors-in-madrid\/#article","isPartOf":{"@id":"https:\/\/www.tapasmagazine.es\/en\/elkar-highest-restaurant-spain-reopen-its-doors-in-madrid\/"},"author":{"name":"Laura P\u00e9rez","@id":"https:\/\/www.tapasmagazine.es\/#\/schema\/person\/eb46cbe76a9c8f062660eb609e3ecb4e"},"headline":"\u00c9lkar, the highest restaurant in Spain, reopens its doors in the skies above Madrid","datePublished":"2023-10-19T13:51:33+00:00","dateModified":"2023-10-19T13:54:25+00:00","mainEntityOfPage":{"@id":"https:\/\/www.tapasmagazine.es\/en\/elkar-highest-restaurant-spain-reopen-its-doors-in-madrid\/"},"wordCount":224,"commentCount":0,"publisher":{"@id":"https:\/\/www.tapasmagazine.es\/#organization"},"image":{"@id":"https:\/\/www.tapasmagazine.es\/en\/elkar-highest-restaurant-spain-reopen-its-doors-in-madrid\/#primaryimage"},"thumbnailUrl":"https:\/\/www.tapasmagazine.es\/wp-content\/uploads\/2023\/10\/elkar-reabre-puertas-madrid-1.jpg","keywords":["Comida","gastronom\u00eda","Madrid","restaurants"],"articleSection":["Gastro","News"],"inLanguage":"en-US","potentialAction":[{"@type":"CommentAction","name":"Comment","target":["https:\/\/www.tapasmagazine.es\/en\/elkar-highest-restaurant-spain-reopen-its-doors-in-madrid\/#respond"]}]},{"@type":"WebPage","@id":"https:\/\/www.tapasmagazine.es\/en\/elkar-highest-restaurant-spain-reopen-its-doors-in-madrid\/","url":"https:\/\/www.tapasmagazine.es\/en\/elkar-highest-restaurant-spain-reopen-its-doors-in-madrid\/","name":"\u00c9lkar, the highest restaurant in Spain, reopens its doors in the skies above Madrid - Tapas","isPartOf":{"@id":"https:\/\/www.tapasmagazine.es\/#website"},"primaryImageOfPage":{"@id":"https:\/\/www.tapasmagazine.es\/en\/elkar-highest-restaurant-spain-reopen-its-doors-in-madrid\/#primaryimage"},"image":{"@id":"https:\/\/www.tapasmagazine.es\/en\/elkar-highest-restaurant-spain-reopen-its-doors-in-madrid\/#primaryimage"},"thumbnailUrl":"https:\/\/www.tapasmagazine.es\/wp-content\/uploads\/2023\/10\/elkar-reabre-puertas-madrid-1.jpg","datePublished":"2023-10-19T13:51:33+00:00","dateModified":"2023-10-19T13:54:25+00:00","description":"Click here to read the Spanish version. Located on the 33rd floor of the Torre Emperador Castellana building in Madrid, \u00c9lkar has made history in the past","breadcrumb":{"@id":"https:\/\/www.tapasmagazine.es\/en\/elkar-highest-restaurant-spain-reopen-its-doors-in-madrid\/#breadcrumb"},"inLanguage":"en-US","potentialAction":[{"@type":"ReadAction","target":["https:\/\/www.tapasmagazine.es\/en\/elkar-highest-restaurant-spain-reopen-its-doors-in-madrid\/"]}]},{"@type":"ImageObject","inLanguage":"en-US","@id":"https:\/\/www.tapasmagazine.es\/en\/elkar-highest-restaurant-spain-reopen-its-doors-in-madrid\/#primaryimage","url":"https:\/\/www.tapasmagazine.es\/wp-content\/uploads\/2023\/10\/elkar-reabre-puertas-madrid-1.jpg","contentUrl":"https:\/\/www.tapasmagazine.es\/wp-content\/uploads\/2023\/10\/elkar-reabre-puertas-madrid-1.jpg","width":1200,"height":675},{"@type":"BreadcrumbList","@id":"https:\/\/www.tapasmagazine.es\/en\/elkar-highest-restaurant-spain-reopen-its-doors-in-madrid\/#breadcrumb","itemListElement":[{"@type":"ListItem","position":1,"name":"Portada","item":"https:\/\/www.tapasmagazine.es\/"},{"@type":"ListItem","position":2,"name":"Gastro","item":"https:\/\/www.tapasmagazine.es\/en\/categorias\/gastro-en\/"},{"@type":"ListItem","position":3,"name":"\u00c9lkar, the highest restaurant in Spain, reopens its doors in the skies above Madrid"}]},{"@type":"WebSite","@id":"https:\/\/www.tapasmagazine.es\/#website","url":"https:\/\/www.tapasmagazine.es\/","name":"Tapas","description":"\u00d1am \u00d1am Lifestyle. La vida a bocados. Premio Nacional de Gastronom\u00eda 2016.","publisher":{"@id":"https:\/\/www.tapasmagazine.es\/#organization"},"potentialAction":[{"@type":"SearchAction","target":{"@type":"EntryPoint","urlTemplate":"https:\/\/www.tapasmagazine.es\/?s={search_term_string}"},"query-input":{"@type":"PropertyValueSpecification","valueRequired":true,"valueName":"search_term_string"}}],"inLanguage":"en-US"},{"@type":"Organization","@id":"https:\/\/www.tapasmagazine.es\/#organization","name":"Tapas Magazine","url":"https:\/\/www.tapasmagazine.es\/","logo":{"@type":"ImageObject","inLanguage":"en-US","@id":"https:\/\/www.tapasmagazine.es\/#\/schema\/logo\/image\/","url":"https:\/\/www.tapasmagazine.es\/wp-content\/uploads\/2018\/01\/logo.png","contentUrl":"https:\/\/www.tapasmagazine.es\/wp-content\/uploads\/2018\/01\/logo.png","width":180,"height":60,"caption":"Tapas Magazine"},"image":{"@id":"https:\/\/www.tapasmagazine.es\/#\/schema\/logo\/image\/"},"sameAs":["https:\/\/www.facebook.com\/tapasmagazine","https:\/\/x.com\/TapasMagazine","https:\/\/www.instagram.com\/tapasmagazine\/","https:\/\/www.linkedin.com\/company\/tapas-magazine","https:\/\/es.pinterest.com\/tapasmagazine\/","https:\/\/www.youtube.com\/channel\/UCEyxneAaACuR0lfDagrWjjg?sub_confirmation=1"]},{"@type":"Person","@id":"https:\/\/www.tapasmagazine.es\/#\/schema\/person\/eb46cbe76a9c8f062660eb609e3ecb4e","name":"Laura P\u00e9rez","url":"https:\/\/www.tapasmagazine.es\/en\/author\/laura-perez\/"}]}},"_links":{"self":[{"href":"https:\/\/www.tapasmagazine.es\/en\/wp-json\/wp\/v2\/posts\/214122","targetHints":{"allow":["GET"]}}],"collection":[{"href":"https:\/\/www.tapasmagazine.es\/en\/wp-json\/wp\/v2\/posts"}],"about":[{"href":"https:\/\/www.tapasmagazine.es\/en\/wp-json\/wp\/v2\/types\/post"}],"author":[{"embeddable":true,"href":"https:\/\/www.tapasmagazine.es\/en\/wp-json\/wp\/v2\/users\/285"}],"replies":[{"embeddable":true,"href":"https:\/\/www.tapasmagazine.es\/en\/wp-json\/wp\/v2\/comments?post=214122"}],"version-history":[{"count":4,"href":"https:\/\/www.tapasmagazine.es\/en\/wp-json\/wp\/v2\/posts\/214122\/revisions"}],"predecessor-version":[{"id":214127,"href":"https:\/\/www.tapasmagazine.es\/en\/wp-json\/wp\/v2\/posts\/214122\/revisions\/214127"}],"wp:featuredmedia":[{"embeddable":true,"href":"https:\/\/www.tapasmagazine.es\/en\/wp-json\/wp\/v2\/media\/214104"}],"wp:attachment":[{"href":"https:\/\/www.tapasmagazine.es\/en\/wp-json\/wp\/v2\/media?parent=214122"}],"wp:term":[{"taxonomy":"category","embeddable":true,"href":"https:\/\/www.tapasmagazine.es\/en\/wp-json\/wp\/v2\/categories?post=214122"},{"taxonomy":"post_tag","embeddable":true,"href":"https:\/\/www.tapasmagazine.es\/en\/wp-json\/wp\/v2\/tags?post=214122"}],"curies":[{"name":"wp","href":"https:\/\/api.w.org\/{rel}","templated":true}]}}