{"id":213651,"date":"2023-10-17T13:57:41","date_gmt":"2023-10-17T11:57:41","guid":{"rendered":"https:\/\/www.tapasmagazine.es\/la-coleccion-invernal-de-van-leeuwen-incluye-helados-totalmente-inesperados\/"},"modified":"2023-10-17T14:01:55","modified_gmt":"2023-10-17T12:01:55","slug":"van-leeuwen-winter-collection-includes-unexpected-ice-creams","status":"publish","type":"post","link":"https:\/\/www.tapasmagazine.es\/en\/van-leeuwen-winter-collection-includes-unexpected-ice-creams\/","title":{"rendered":"Van Leeuwen&#8217;s winter collection includes totally unexpected ice creams"},"content":{"rendered":"\n<p><strong>Click <a href=\"https:\/\/www.tapasmagazine.es\/la-coleccion-invernal-de-van-leeuwen-incluye-helados-totalmente-inesperados\/\" target=\"_blank\" rel=\"noreferrer noopener\">here<\/a> to read the Spanish version.<\/strong><\/p>\n\n\n\n<p><strong>Van Leeuwen<\/strong> is once again subverting the traditional ice cream parlour with new flavours that are eccentric and unusual in equal parts. Now, for the new season, it is bringing back its successful &#8216;<strong>Kraft Mac &amp; Cheese<\/strong>&#8216; flavour, which debuted in July 2021 to celebrate National Mac &amp; Cheese Day.<\/p>\n\n\n\n<p>Due to the success and virality of this iteration, it now returns for the fourth time, to coexist in the same range with other &#8216;weird&#8217; ice creams inspired by savoury foods such as the sweet and sour flavoured &#8216;<strong>Dill Pickle<\/strong>&#8216;.<\/p>\n\n\n<div class=\"wp-block-image\">\n<figure class=\"aligncenter size-full is-resized\"><a href=\"https:\/\/www.tapasmagazine.es\/wp-content\/uploads\/2023\/10\/van-leeuwen-helados-invierno-2.webp\"><img decoding=\"async\" width=\"750\" height=\"938\" src=\"https:\/\/www.tapasmagazine.es\/wp-content\/uploads\/2023\/10\/van-leeuwen-helados-invierno-2.webp\" alt=\"\" class=\"wp-image-213646\" style=\"aspect-ratio:0.7995735607675906;width:1146px;height:auto\" srcset=\"https:\/\/www.tapasmagazine.es\/wp-content\/uploads\/2023\/10\/van-leeuwen-helados-invierno-2.webp 750w, https:\/\/www.tapasmagazine.es\/wp-content\/uploads\/2023\/10\/van-leeuwen-helados-invierno-2-240x300.webp 240w, https:\/\/www.tapasmagazine.es\/wp-content\/uploads\/2023\/10\/van-leeuwen-helados-invierno-2-400x500.webp 400w\" sizes=\"(max-width: 750px) 100vw, 750px\" \/><\/a><\/figure>\n<\/div>\n\n\n<p>Beyond those ice creams, <strong>Van Leeuwen<\/strong> is offering five other limited-edition flavours this winter: <strong>Peppermint Stick<\/strong>, mint and caramel;<strong> Caramel Sticky Bun<\/strong>, cinnamon bun and caramel; <strong>Peanut Butter Fudge Pretzel <\/strong>with praline pretzel and caramel; <strong>Kettle Corn<\/strong>, corn and butter; and finally, <strong>Holiday Cookies &amp; Cream<\/strong>, a red cream-filled ice cream with green icing and dark chocolate biscuit pieces.<\/p>\n\n\n\n<p>All of these flavours will be available at <strong>Walmart<\/strong> only from 23 October to 26 December.<\/p>\n","protected":false},"excerpt":{"rendered":"<p>Click here to read the Spanish version. Van Leeuwen is once again subverting the traditional ice cream parlour with new flavours that are eccentric and unusual in equal parts. Now, for the new season, it is bringing back its successful &#8216;Kraft Mac &amp; Cheese&#8216; flavour, which debuted in July 2021 to celebrate National Mac &amp; [&hellip;]<\/p>\n","protected":false},"author":285,"featured_media":213645,"comment_status":"open","ping_status":"closed","sticky":false,"template":"single-feature.php","format":"standard","meta":{"_acf_changed":false,"footnotes":""},"categories":[15802],"tags":[17872],"class_list":["post-213651","post","type-post","status-publish","format-standard","has-post-thumbnail","hentry","category-news","tag-helado-en","cat-15802-id"],"acf":[],"yoast_head":"<!-- This site is optimized with the Yoast SEO plugin v27.4 - https:\/\/yoast.com\/product\/yoast-seo-wordpress\/ -->\n<title>Van Leeuwen&#039;s winter collection includes totally unexpected ice creams - Tapas<\/title>\n<meta name=\"description\" content=\"Click here to read the Spanish version. Van Leeuwen is once again subverting the traditional ice cream parlour with new flavours that are eccentric and\" \/>\n<meta name=\"robots\" content=\"index, follow, max-snippet:-1, max-image-preview:large, max-video-preview:-1\" \/>\n<link rel=\"canonical\" href=\"https:\/\/www.tapasmagazine.es\/en\/van-leeuwen-winter-collection-includes-unexpected-ice-creams\/\" \/>\n<meta property=\"og:locale\" content=\"en_US\" \/>\n<meta property=\"og:type\" content=\"article\" \/>\n<meta property=\"og:title\" content=\"Van Leeuwen&#039;s winter collection includes totally unexpected ice creams - Tapas\" \/>\n<meta property=\"og:description\" content=\"Click here to read the Spanish version. Van Leeuwen is once again subverting the traditional ice cream parlour with new flavours that are eccentric and\" \/>\n<meta property=\"og:url\" content=\"https:\/\/www.tapasmagazine.es\/en\/van-leeuwen-winter-collection-includes-unexpected-ice-creams\/\" \/>\n<meta property=\"og:site_name\" content=\"Tapas\" \/>\n<meta property=\"article:publisher\" content=\"https:\/\/www.facebook.com\/tapasmagazine\" \/>\n<meta property=\"article:published_time\" content=\"2023-10-17T11:57:41+00:00\" \/>\n<meta property=\"article:modified_time\" content=\"2023-10-17T12:01:55+00:00\" \/>\n<meta property=\"og:image\" content=\"https:\/\/www.tapasmagazine.es\/wp-content\/uploads\/2023\/10\/van-leeuwen-helados-invierno-1.jpg\" \/>\n\t<meta property=\"og:image:width\" content=\"1200\" \/>\n\t<meta property=\"og:image:height\" content=\"675\" \/>\n\t<meta property=\"og:image:type\" content=\"image\/jpeg\" \/>\n<meta name=\"author\" content=\"Laura P\u00e9rez\" \/>\n<meta name=\"twitter:card\" content=\"summary_large_image\" \/>\n<meta name=\"twitter:creator\" content=\"@TapasMagazine\" \/>\n<meta name=\"twitter:site\" content=\"@TapasMagazine\" \/>\n<meta name=\"twitter:label1\" content=\"Written by\" \/>\n\t<meta name=\"twitter:data1\" content=\"Laura P\u00e9rez\" \/>\n\t<meta name=\"twitter:label2\" content=\"Est. reading time\" \/>\n\t<meta name=\"twitter:data2\" content=\"1 minute\" \/>\n<script type=\"application\/ld+json\" class=\"yoast-schema-graph\">{\"@context\":\"https:\\\/\\\/schema.org\",\"@graph\":[{\"@type\":\"Article\",\"@id\":\"https:\\\/\\\/www.tapasmagazine.es\\\/en\\\/van-leeuwen-winter-collection-includes-unexpected-ice-creams\\\/#article\",\"isPartOf\":{\"@id\":\"https:\\\/\\\/www.tapasmagazine.es\\\/en\\\/van-leeuwen-winter-collection-includes-unexpected-ice-creams\\\/\"},\"author\":{\"name\":\"Laura P\u00e9rez\",\"@id\":\"https:\\\/\\\/www.tapasmagazine.es\\\/#\\\/schema\\\/person\\\/eb46cbe76a9c8f062660eb609e3ecb4e\"},\"headline\":\"Van Leeuwen&#8217;s winter collection includes totally unexpected ice creams\",\"datePublished\":\"2023-10-17T11:57:41+00:00\",\"dateModified\":\"2023-10-17T12:01:55+00:00\",\"mainEntityOfPage\":{\"@id\":\"https:\\\/\\\/www.tapasmagazine.es\\\/en\\\/van-leeuwen-winter-collection-includes-unexpected-ice-creams\\\/\"},\"wordCount\":179,\"commentCount\":0,\"publisher\":{\"@id\":\"https:\\\/\\\/www.tapasmagazine.es\\\/#organization\"},\"image\":{\"@id\":\"https:\\\/\\\/www.tapasmagazine.es\\\/en\\\/van-leeuwen-winter-collection-includes-unexpected-ice-creams\\\/#primaryimage\"},\"thumbnailUrl\":\"https:\\\/\\\/www.tapasmagazine.es\\\/wp-content\\\/uploads\\\/2023\\\/10\\\/van-leeuwen-helados-invierno-1.jpg\",\"keywords\":[\"helado\"],\"articleSection\":[\"News\"],\"inLanguage\":\"en-US\",\"potentialAction\":[{\"@type\":\"CommentAction\",\"name\":\"Comment\",\"target\":[\"https:\\\/\\\/www.tapasmagazine.es\\\/en\\\/van-leeuwen-winter-collection-includes-unexpected-ice-creams\\\/#respond\"]}]},{\"@type\":\"WebPage\",\"@id\":\"https:\\\/\\\/www.tapasmagazine.es\\\/en\\\/van-leeuwen-winter-collection-includes-unexpected-ice-creams\\\/\",\"url\":\"https:\\\/\\\/www.tapasmagazine.es\\\/en\\\/van-leeuwen-winter-collection-includes-unexpected-ice-creams\\\/\",\"name\":\"Van Leeuwen's winter collection includes totally unexpected ice creams - Tapas\",\"isPartOf\":{\"@id\":\"https:\\\/\\\/www.tapasmagazine.es\\\/#website\"},\"primaryImageOfPage\":{\"@id\":\"https:\\\/\\\/www.tapasmagazine.es\\\/en\\\/van-leeuwen-winter-collection-includes-unexpected-ice-creams\\\/#primaryimage\"},\"image\":{\"@id\":\"https:\\\/\\\/www.tapasmagazine.es\\\/en\\\/van-leeuwen-winter-collection-includes-unexpected-ice-creams\\\/#primaryimage\"},\"thumbnailUrl\":\"https:\\\/\\\/www.tapasmagazine.es\\\/wp-content\\\/uploads\\\/2023\\\/10\\\/van-leeuwen-helados-invierno-1.jpg\",\"datePublished\":\"2023-10-17T11:57:41+00:00\",\"dateModified\":\"2023-10-17T12:01:55+00:00\",\"description\":\"Click here to read the Spanish version. Van Leeuwen is once again subverting the traditional ice cream parlour with new flavours that are eccentric and\",\"breadcrumb\":{\"@id\":\"https:\\\/\\\/www.tapasmagazine.es\\\/en\\\/van-leeuwen-winter-collection-includes-unexpected-ice-creams\\\/#breadcrumb\"},\"inLanguage\":\"en-US\",\"potentialAction\":[{\"@type\":\"ReadAction\",\"target\":[\"https:\\\/\\\/www.tapasmagazine.es\\\/en\\\/van-leeuwen-winter-collection-includes-unexpected-ice-creams\\\/\"]}]},{\"@type\":\"ImageObject\",\"inLanguage\":\"en-US\",\"@id\":\"https:\\\/\\\/www.tapasmagazine.es\\\/en\\\/van-leeuwen-winter-collection-includes-unexpected-ice-creams\\\/#primaryimage\",\"url\":\"https:\\\/\\\/www.tapasmagazine.es\\\/wp-content\\\/uploads\\\/2023\\\/10\\\/van-leeuwen-helados-invierno-1.jpg\",\"contentUrl\":\"https:\\\/\\\/www.tapasmagazine.es\\\/wp-content\\\/uploads\\\/2023\\\/10\\\/van-leeuwen-helados-invierno-1.jpg\",\"width\":1200,\"height\":675},{\"@type\":\"BreadcrumbList\",\"@id\":\"https:\\\/\\\/www.tapasmagazine.es\\\/en\\\/van-leeuwen-winter-collection-includes-unexpected-ice-creams\\\/#breadcrumb\",\"itemListElement\":[{\"@type\":\"ListItem\",\"position\":1,\"name\":\"Portada\",\"item\":\"https:\\\/\\\/www.tapasmagazine.es\\\/\"},{\"@type\":\"ListItem\",\"position\":2,\"name\":\"News\",\"item\":\"https:\\\/\\\/www.tapasmagazine.es\\\/en\\\/categorias\\\/news\\\/\"},{\"@type\":\"ListItem\",\"position\":3,\"name\":\"Van Leeuwen&#8217;s winter collection includes totally unexpected ice creams\"}]},{\"@type\":\"WebSite\",\"@id\":\"https:\\\/\\\/www.tapasmagazine.es\\\/#website\",\"url\":\"https:\\\/\\\/www.tapasmagazine.es\\\/\",\"name\":\"Tapas\",\"description\":\"\u00d1am \u00d1am Lifestyle. La vida a bocados. Premio Nacional de Gastronom\u00eda 2016.\",\"publisher\":{\"@id\":\"https:\\\/\\\/www.tapasmagazine.es\\\/#organization\"},\"potentialAction\":[{\"@type\":\"SearchAction\",\"target\":{\"@type\":\"EntryPoint\",\"urlTemplate\":\"https:\\\/\\\/www.tapasmagazine.es\\\/?s={search_term_string}\"},\"query-input\":{\"@type\":\"PropertyValueSpecification\",\"valueRequired\":true,\"valueName\":\"search_term_string\"}}],\"inLanguage\":\"en-US\"},{\"@type\":\"Organization\",\"@id\":\"https:\\\/\\\/www.tapasmagazine.es\\\/#organization\",\"name\":\"Tapas Magazine\",\"url\":\"https:\\\/\\\/www.tapasmagazine.es\\\/\",\"logo\":{\"@type\":\"ImageObject\",\"inLanguage\":\"en-US\",\"@id\":\"https:\\\/\\\/www.tapasmagazine.es\\\/#\\\/schema\\\/logo\\\/image\\\/\",\"url\":\"https:\\\/\\\/www.tapasmagazine.es\\\/wp-content\\\/uploads\\\/2018\\\/01\\\/logo.png\",\"contentUrl\":\"https:\\\/\\\/www.tapasmagazine.es\\\/wp-content\\\/uploads\\\/2018\\\/01\\\/logo.png\",\"width\":180,\"height\":60,\"caption\":\"Tapas Magazine\"},\"image\":{\"@id\":\"https:\\\/\\\/www.tapasmagazine.es\\\/#\\\/schema\\\/logo\\\/image\\\/\"},\"sameAs\":[\"https:\\\/\\\/www.facebook.com\\\/tapasmagazine\",\"https:\\\/\\\/x.com\\\/TapasMagazine\",\"https:\\\/\\\/www.instagram.com\\\/tapasmagazine\\\/\",\"https:\\\/\\\/www.linkedin.com\\\/company\\\/tapas-magazine\",\"https:\\\/\\\/es.pinterest.com\\\/tapasmagazine\\\/\",\"https:\\\/\\\/www.youtube.com\\\/channel\\\/UCEyxneAaACuR0lfDagrWjjg?sub_confirmation=1\"]},{\"@type\":\"Person\",\"@id\":\"https:\\\/\\\/www.tapasmagazine.es\\\/#\\\/schema\\\/person\\\/eb46cbe76a9c8f062660eb609e3ecb4e\",\"name\":\"Laura P\u00e9rez\",\"url\":\"https:\\\/\\\/www.tapasmagazine.es\\\/en\\\/author\\\/laura-perez\\\/\"}]}<\/script>\n<!-- \/ Yoast SEO plugin. -->","yoast_head_json":{"title":"Van Leeuwen's winter collection includes totally unexpected ice creams - Tapas","description":"Click here to read the Spanish version. Van Leeuwen is once again subverting the traditional ice cream parlour with new flavours that are eccentric and","robots":{"index":"index","follow":"follow","max-snippet":"max-snippet:-1","max-image-preview":"max-image-preview:large","max-video-preview":"max-video-preview:-1"},"canonical":"https:\/\/www.tapasmagazine.es\/en\/van-leeuwen-winter-collection-includes-unexpected-ice-creams\/","og_locale":"en_US","og_type":"article","og_title":"Van Leeuwen's winter collection includes totally unexpected ice creams - Tapas","og_description":"Click here to read the Spanish version. Van Leeuwen is once again subverting the traditional ice cream parlour with new flavours that are eccentric and","og_url":"https:\/\/www.tapasmagazine.es\/en\/van-leeuwen-winter-collection-includes-unexpected-ice-creams\/","og_site_name":"Tapas","article_publisher":"https:\/\/www.facebook.com\/tapasmagazine","article_published_time":"2023-10-17T11:57:41+00:00","article_modified_time":"2023-10-17T12:01:55+00:00","og_image":[{"width":1200,"height":675,"url":"https:\/\/www.tapasmagazine.es\/wp-content\/uploads\/2023\/10\/van-leeuwen-helados-invierno-1.jpg","type":"image\/jpeg"}],"author":"Laura P\u00e9rez","twitter_card":"summary_large_image","twitter_creator":"@TapasMagazine","twitter_site":"@TapasMagazine","twitter_misc":{"Written by":"Laura P\u00e9rez","Est. reading time":"1 minute"},"schema":{"@context":"https:\/\/schema.org","@graph":[{"@type":"Article","@id":"https:\/\/www.tapasmagazine.es\/en\/van-leeuwen-winter-collection-includes-unexpected-ice-creams\/#article","isPartOf":{"@id":"https:\/\/www.tapasmagazine.es\/en\/van-leeuwen-winter-collection-includes-unexpected-ice-creams\/"},"author":{"name":"Laura P\u00e9rez","@id":"https:\/\/www.tapasmagazine.es\/#\/schema\/person\/eb46cbe76a9c8f062660eb609e3ecb4e"},"headline":"Van Leeuwen&#8217;s winter collection includes totally unexpected ice creams","datePublished":"2023-10-17T11:57:41+00:00","dateModified":"2023-10-17T12:01:55+00:00","mainEntityOfPage":{"@id":"https:\/\/www.tapasmagazine.es\/en\/van-leeuwen-winter-collection-includes-unexpected-ice-creams\/"},"wordCount":179,"commentCount":0,"publisher":{"@id":"https:\/\/www.tapasmagazine.es\/#organization"},"image":{"@id":"https:\/\/www.tapasmagazine.es\/en\/van-leeuwen-winter-collection-includes-unexpected-ice-creams\/#primaryimage"},"thumbnailUrl":"https:\/\/www.tapasmagazine.es\/wp-content\/uploads\/2023\/10\/van-leeuwen-helados-invierno-1.jpg","keywords":["helado"],"articleSection":["News"],"inLanguage":"en-US","potentialAction":[{"@type":"CommentAction","name":"Comment","target":["https:\/\/www.tapasmagazine.es\/en\/van-leeuwen-winter-collection-includes-unexpected-ice-creams\/#respond"]}]},{"@type":"WebPage","@id":"https:\/\/www.tapasmagazine.es\/en\/van-leeuwen-winter-collection-includes-unexpected-ice-creams\/","url":"https:\/\/www.tapasmagazine.es\/en\/van-leeuwen-winter-collection-includes-unexpected-ice-creams\/","name":"Van Leeuwen's winter collection includes totally unexpected ice creams - Tapas","isPartOf":{"@id":"https:\/\/www.tapasmagazine.es\/#website"},"primaryImageOfPage":{"@id":"https:\/\/www.tapasmagazine.es\/en\/van-leeuwen-winter-collection-includes-unexpected-ice-creams\/#primaryimage"},"image":{"@id":"https:\/\/www.tapasmagazine.es\/en\/van-leeuwen-winter-collection-includes-unexpected-ice-creams\/#primaryimage"},"thumbnailUrl":"https:\/\/www.tapasmagazine.es\/wp-content\/uploads\/2023\/10\/van-leeuwen-helados-invierno-1.jpg","datePublished":"2023-10-17T11:57:41+00:00","dateModified":"2023-10-17T12:01:55+00:00","description":"Click here to read the Spanish version. Van Leeuwen is once again subverting the traditional ice cream parlour with new flavours that are eccentric and","breadcrumb":{"@id":"https:\/\/www.tapasmagazine.es\/en\/van-leeuwen-winter-collection-includes-unexpected-ice-creams\/#breadcrumb"},"inLanguage":"en-US","potentialAction":[{"@type":"ReadAction","target":["https:\/\/www.tapasmagazine.es\/en\/van-leeuwen-winter-collection-includes-unexpected-ice-creams\/"]}]},{"@type":"ImageObject","inLanguage":"en-US","@id":"https:\/\/www.tapasmagazine.es\/en\/van-leeuwen-winter-collection-includes-unexpected-ice-creams\/#primaryimage","url":"https:\/\/www.tapasmagazine.es\/wp-content\/uploads\/2023\/10\/van-leeuwen-helados-invierno-1.jpg","contentUrl":"https:\/\/www.tapasmagazine.es\/wp-content\/uploads\/2023\/10\/van-leeuwen-helados-invierno-1.jpg","width":1200,"height":675},{"@type":"BreadcrumbList","@id":"https:\/\/www.tapasmagazine.es\/en\/van-leeuwen-winter-collection-includes-unexpected-ice-creams\/#breadcrumb","itemListElement":[{"@type":"ListItem","position":1,"name":"Portada","item":"https:\/\/www.tapasmagazine.es\/"},{"@type":"ListItem","position":2,"name":"News","item":"https:\/\/www.tapasmagazine.es\/en\/categorias\/news\/"},{"@type":"ListItem","position":3,"name":"Van Leeuwen&#8217;s winter collection includes totally unexpected ice creams"}]},{"@type":"WebSite","@id":"https:\/\/www.tapasmagazine.es\/#website","url":"https:\/\/www.tapasmagazine.es\/","name":"Tapas","description":"\u00d1am \u00d1am Lifestyle. La vida a bocados. Premio Nacional de Gastronom\u00eda 2016.","publisher":{"@id":"https:\/\/www.tapasmagazine.es\/#organization"},"potentialAction":[{"@type":"SearchAction","target":{"@type":"EntryPoint","urlTemplate":"https:\/\/www.tapasmagazine.es\/?s={search_term_string}"},"query-input":{"@type":"PropertyValueSpecification","valueRequired":true,"valueName":"search_term_string"}}],"inLanguage":"en-US"},{"@type":"Organization","@id":"https:\/\/www.tapasmagazine.es\/#organization","name":"Tapas Magazine","url":"https:\/\/www.tapasmagazine.es\/","logo":{"@type":"ImageObject","inLanguage":"en-US","@id":"https:\/\/www.tapasmagazine.es\/#\/schema\/logo\/image\/","url":"https:\/\/www.tapasmagazine.es\/wp-content\/uploads\/2018\/01\/logo.png","contentUrl":"https:\/\/www.tapasmagazine.es\/wp-content\/uploads\/2018\/01\/logo.png","width":180,"height":60,"caption":"Tapas Magazine"},"image":{"@id":"https:\/\/www.tapasmagazine.es\/#\/schema\/logo\/image\/"},"sameAs":["https:\/\/www.facebook.com\/tapasmagazine","https:\/\/x.com\/TapasMagazine","https:\/\/www.instagram.com\/tapasmagazine\/","https:\/\/www.linkedin.com\/company\/tapas-magazine","https:\/\/es.pinterest.com\/tapasmagazine\/","https:\/\/www.youtube.com\/channel\/UCEyxneAaACuR0lfDagrWjjg?sub_confirmation=1"]},{"@type":"Person","@id":"https:\/\/www.tapasmagazine.es\/#\/schema\/person\/eb46cbe76a9c8f062660eb609e3ecb4e","name":"Laura P\u00e9rez","url":"https:\/\/www.tapasmagazine.es\/en\/author\/laura-perez\/"}]}},"_links":{"self":[{"href":"https:\/\/www.tapasmagazine.es\/en\/wp-json\/wp\/v2\/posts\/213651","targetHints":{"allow":["GET"]}}],"collection":[{"href":"https:\/\/www.tapasmagazine.es\/en\/wp-json\/wp\/v2\/posts"}],"about":[{"href":"https:\/\/www.tapasmagazine.es\/en\/wp-json\/wp\/v2\/types\/post"}],"author":[{"embeddable":true,"href":"https:\/\/www.tapasmagazine.es\/en\/wp-json\/wp\/v2\/users\/285"}],"replies":[{"embeddable":true,"href":"https:\/\/www.tapasmagazine.es\/en\/wp-json\/wp\/v2\/comments?post=213651"}],"version-history":[{"count":4,"href":"https:\/\/www.tapasmagazine.es\/en\/wp-json\/wp\/v2\/posts\/213651\/revisions"}],"predecessor-version":[{"id":213656,"href":"https:\/\/www.tapasmagazine.es\/en\/wp-json\/wp\/v2\/posts\/213651\/revisions\/213656"}],"wp:featuredmedia":[{"embeddable":true,"href":"https:\/\/www.tapasmagazine.es\/en\/wp-json\/wp\/v2\/media\/213645"}],"wp:attachment":[{"href":"https:\/\/www.tapasmagazine.es\/en\/wp-json\/wp\/v2\/media?parent=213651"}],"wp:term":[{"taxonomy":"category","embeddable":true,"href":"https:\/\/www.tapasmagazine.es\/en\/wp-json\/wp\/v2\/categories?post=213651"},{"taxonomy":"post_tag","embeddable":true,"href":"https:\/\/www.tapasmagazine.es\/en\/wp-json\/wp\/v2\/tags?post=213651"}],"curies":[{"name":"wp","href":"https:\/\/api.w.org\/{rel}","templated":true}]}}