{"id":212866,"date":"2023-10-11T18:14:06","date_gmt":"2023-10-11T16:14:06","guid":{"rendered":"https:\/\/www.tapasmagazine.es\/la-mejor-tarta-de-manzana-de-espana-se-elabora-en-esta-pasteleria-malaguena\/"},"modified":"2023-10-11T18:20:28","modified_gmt":"2023-10-11T16:20:28","slug":"best-apple-pie-in-spain-is-made-in-this-bakery-in-malaga","status":"publish","type":"post","link":"https:\/\/www.tapasmagazine.es\/en\/best-apple-pie-in-spain-is-made-in-this-bakery-in-malaga\/","title":{"rendered":"The best apple pie in Spain is made in this bakery in Malaga"},"content":{"rendered":"\n<p><strong>Click <a href=\"https:\/\/www.tapasmagazine.es\/la-mejor-tarta-de-manzana-de-espana-se-elabora-en-esta-pasteleria-malaguena\/\">here<\/a> to read the Spanish version.<\/strong><\/p>\n\n\n\n<p>At the new edition of the <strong>San Sebastian Gastronomika congress<\/strong>, a cast of nationally renowned chefs and pastry chefs competed to win the award for the best version of the classic apple tart.<\/p>\n\n\n\n<p>The panel of judges made up of a <strong>jury<\/strong> of 30 attendees and 6 culinary professionals such as Ra\u00fal Fern\u00e1ndez (Director Arbasu), the ambassador of Landscape Cuisine Isabel P\u00e9rez (Alitier Dulcia), Tino Helguera (Restaurante Camilo de Blas), Jes\u00fas Carlos Lens (El Ideal) or Albert Boronat (Restaurante Ambassade de Llivia) had to express their final deliberation after a blind tasting.<\/p>\n\n\n<div class=\"wp-block-image\">\n<figure class=\"aligncenter size-large is-resized\"><a href=\"https:\/\/www.tapasmagazine.es\/wp-content\/uploads\/2023\/10\/mejor-tarta-manzana-espana-2.jpeg\"><img decoding=\"async\" src=\"https:\/\/www.tapasmagazine.es\/wp-content\/uploads\/2023\/10\/mejor-tarta-manzana-espana-2-1024x768.jpeg\" alt=\"\" class=\"wp-image-212857\" style=\"width:970px;height:728px\" width=\"970\" height=\"728\" srcset=\"https:\/\/www.tapasmagazine.es\/wp-content\/uploads\/2023\/10\/mejor-tarta-manzana-espana-2-1024x768.jpeg 1024w, https:\/\/www.tapasmagazine.es\/wp-content\/uploads\/2023\/10\/mejor-tarta-manzana-espana-2-300x225.jpeg 300w, https:\/\/www.tapasmagazine.es\/wp-content\/uploads\/2023\/10\/mejor-tarta-manzana-espana-2-768x576.jpeg 768w, https:\/\/www.tapasmagazine.es\/wp-content\/uploads\/2023\/10\/mejor-tarta-manzana-espana-2-1536x1152.jpeg 1536w, https:\/\/www.tapasmagazine.es\/wp-content\/uploads\/2023\/10\/mejor-tarta-manzana-espana-2-1000x750.jpeg 1000w, https:\/\/www.tapasmagazine.es\/wp-content\/uploads\/2023\/10\/mejor-tarta-manzana-espana-2-400x300.jpeg 400w, https:\/\/www.tapasmagazine.es\/wp-content\/uploads\/2023\/10\/mejor-tarta-manzana-espana-2.jpeg 2048w\" sizes=\"(max-width: 970px) 100vw, 970px\" \/><\/a><\/figure>\n<\/div>\n\n\n<h2 class=\"wp-block-heading\">Antonio Mart\u00edn&#8217;s cake<\/h2>\n\n\n\n<p>Among all the creations, the apple tart on puff pastry by the pastry chef Antonio Mart\u00edn was the big winner, standing out from other creations by bakeries and pastry chefs such as <strong>Mar\u00eda Alicia Villagr\u00e1<\/strong> (Hotel Nobu San Sebasti\u00e1n), <strong>Nilda Mar\u00eda Suarez Bernal<\/strong> (Krombol Bakery), <strong>Noelia Cantoso Vizoos<\/strong> (La Postrer\u00eda de Noe),<strong> Fco. Javier Aparicio<\/strong> (La Raquetista in Havana) or <strong>Cuisine Daniel D\u00edez<\/strong> (Hotel CoolRooms Palacio de Luces).<\/p>\n\n\n\n<p>Antonio&#8217;s apple band, made from a base of caramelised puff pastry, three lines of vanilla pastry cream and 6 apple segments, stood out for its exquisite treatment of the product that has led him to haute patisserie: the apple, an Asturian essential.<\/p>\n\n\n<div class=\"wp-block-image\">\n<figure class=\"aligncenter size-large is-resized\"><a href=\"https:\/\/www.tapasmagazine.es\/wp-content\/uploads\/2023\/10\/mejor-tarta-manzana-espana-3-scaled.jpg\"><img decoding=\"async\" src=\"https:\/\/www.tapasmagazine.es\/wp-content\/uploads\/2023\/10\/mejor-tarta-manzana-espana-3-1024x683.jpg\" alt=\"\" class=\"wp-image-212859\" style=\"width:1020px;height:681px\" width=\"1020\" height=\"681\" srcset=\"https:\/\/www.tapasmagazine.es\/wp-content\/uploads\/2023\/10\/mejor-tarta-manzana-espana-3-1024x683.jpg 1024w, https:\/\/www.tapasmagazine.es\/wp-content\/uploads\/2023\/10\/mejor-tarta-manzana-espana-3-300x200.jpg 300w, https:\/\/www.tapasmagazine.es\/wp-content\/uploads\/2023\/10\/mejor-tarta-manzana-espana-3-768x512.jpg 768w, https:\/\/www.tapasmagazine.es\/wp-content\/uploads\/2023\/10\/mejor-tarta-manzana-espana-3-1536x1024.jpg 1536w, https:\/\/www.tapasmagazine.es\/wp-content\/uploads\/2023\/10\/mejor-tarta-manzana-espana-3-2048x1365.jpg 2048w, https:\/\/www.tapasmagazine.es\/wp-content\/uploads\/2023\/10\/mejor-tarta-manzana-espana-3-1000x667.jpg 1000w, https:\/\/www.tapasmagazine.es\/wp-content\/uploads\/2023\/10\/mejor-tarta-manzana-espana-3-400x267.jpg 400w\" sizes=\"(max-width: 1020px) 100vw, 1020px\" \/><\/a><\/figure>\n<\/div>\n\n\n<p>On receiving the award, the pastry chef wanted to go into more detail about his star product: &#8220;apple puff pastry is one of the best-selling products in our shop and we have chosen to present what we make every day. An inverted butter puff pastry, the pastry cream with vanilla and the apple always in thick slices so that it is juicy&#8221;.<\/p>\n","protected":false},"excerpt":{"rendered":"<p>Click here to read the Spanish version. At the new edition of the San Sebastian Gastronomika congress, a cast of nationally renowned chefs and pastry chefs competed to win the award for the best version of the classic apple tart. The panel of judges made up of a jury of 30 attendees and 6 culinary [&hellip;]<\/p>\n","protected":false},"author":285,"featured_media":212856,"comment_status":"open","ping_status":"closed","sticky":false,"template":"single-feature.php","format":"standard","meta":{"_acf_changed":false,"footnotes":""},"categories":[15802],"tags":[18463,18464],"class_list":["post-212866","post","type-post","status-publish","format-standard","has-post-thumbnail","hentry","category-news","tag-san-sebastian-gastronomika-2-en","tag-tarta-de-manzana-en","cat-15802-id"],"acf":[],"yoast_head":"<!-- This site is optimized with the Yoast SEO plugin v27.4 - https:\/\/yoast.com\/product\/yoast-seo-wordpress\/ -->\n<title>The best apple pie in Spain is made in this bakery in Malaga - Tapas<\/title>\n<meta name=\"description\" content=\"Click here to read the Spanish version. At the new edition of the San Sebastian Gastronomika congress, a cast of nationally renowned chefs and pastry\" \/>\n<meta name=\"robots\" content=\"index, follow, max-snippet:-1, max-image-preview:large, max-video-preview:-1\" \/>\n<link rel=\"canonical\" href=\"https:\/\/www.tapasmagazine.es\/en\/best-apple-pie-in-spain-is-made-in-this-bakery-in-malaga\/\" \/>\n<meta property=\"og:locale\" content=\"en_US\" \/>\n<meta property=\"og:type\" content=\"article\" \/>\n<meta property=\"og:title\" content=\"The best apple pie in Spain is made in this bakery in Malaga - Tapas\" \/>\n<meta property=\"og:description\" content=\"Click here to read the Spanish version. At the new edition of the San Sebastian Gastronomika congress, a cast of nationally renowned chefs and pastry\" \/>\n<meta property=\"og:url\" content=\"https:\/\/www.tapasmagazine.es\/en\/best-apple-pie-in-spain-is-made-in-this-bakery-in-malaga\/\" \/>\n<meta property=\"og:site_name\" content=\"Tapas\" \/>\n<meta property=\"article:publisher\" content=\"https:\/\/www.facebook.com\/tapasmagazine\" \/>\n<meta property=\"article:published_time\" content=\"2023-10-11T16:14:06+00:00\" \/>\n<meta property=\"article:modified_time\" content=\"2023-10-11T16:20:28+00:00\" \/>\n<meta property=\"og:image\" content=\"https:\/\/www.tapasmagazine.es\/wp-content\/uploads\/2023\/10\/mejor-tarta-manzana-espana-1.jpg\" \/>\n\t<meta property=\"og:image:width\" content=\"1200\" \/>\n\t<meta property=\"og:image:height\" content=\"675\" \/>\n\t<meta property=\"og:image:type\" content=\"image\/jpeg\" \/>\n<meta name=\"author\" content=\"Laura P\u00e9rez\" \/>\n<meta name=\"twitter:card\" content=\"summary_large_image\" \/>\n<meta name=\"twitter:creator\" content=\"@TapasMagazine\" \/>\n<meta name=\"twitter:site\" content=\"@TapasMagazine\" \/>\n<meta name=\"twitter:label1\" content=\"Written by\" \/>\n\t<meta name=\"twitter:data1\" content=\"Laura P\u00e9rez\" \/>\n\t<meta name=\"twitter:label2\" content=\"Est. reading time\" \/>\n\t<meta name=\"twitter:data2\" content=\"2 minutes\" \/>\n<script type=\"application\/ld+json\" class=\"yoast-schema-graph\">{\"@context\":\"https:\\\/\\\/schema.org\",\"@graph\":[{\"@type\":\"Article\",\"@id\":\"https:\\\/\\\/www.tapasmagazine.es\\\/en\\\/best-apple-pie-in-spain-is-made-in-this-bakery-in-malaga\\\/#article\",\"isPartOf\":{\"@id\":\"https:\\\/\\\/www.tapasmagazine.es\\\/en\\\/best-apple-pie-in-spain-is-made-in-this-bakery-in-malaga\\\/\"},\"author\":{\"name\":\"Laura P\u00e9rez\",\"@id\":\"https:\\\/\\\/www.tapasmagazine.es\\\/#\\\/schema\\\/person\\\/eb46cbe76a9c8f062660eb609e3ecb4e\"},\"headline\":\"The best apple pie in Spain is made in this bakery in Malaga\",\"datePublished\":\"2023-10-11T16:14:06+00:00\",\"dateModified\":\"2023-10-11T16:20:28+00:00\",\"mainEntityOfPage\":{\"@id\":\"https:\\\/\\\/www.tapasmagazine.es\\\/en\\\/best-apple-pie-in-spain-is-made-in-this-bakery-in-malaga\\\/\"},\"wordCount\":297,\"commentCount\":0,\"publisher\":{\"@id\":\"https:\\\/\\\/www.tapasmagazine.es\\\/#organization\"},\"image\":{\"@id\":\"https:\\\/\\\/www.tapasmagazine.es\\\/en\\\/best-apple-pie-in-spain-is-made-in-this-bakery-in-malaga\\\/#primaryimage\"},\"thumbnailUrl\":\"https:\\\/\\\/www.tapasmagazine.es\\\/wp-content\\\/uploads\\\/2023\\\/10\\\/mejor-tarta-manzana-espana-1.jpg\",\"keywords\":[\"san sebastian gastronomika\",\"tarta de manzana\"],\"articleSection\":[\"News\"],\"inLanguage\":\"en-US\",\"potentialAction\":[{\"@type\":\"CommentAction\",\"name\":\"Comment\",\"target\":[\"https:\\\/\\\/www.tapasmagazine.es\\\/en\\\/best-apple-pie-in-spain-is-made-in-this-bakery-in-malaga\\\/#respond\"]}]},{\"@type\":\"WebPage\",\"@id\":\"https:\\\/\\\/www.tapasmagazine.es\\\/en\\\/best-apple-pie-in-spain-is-made-in-this-bakery-in-malaga\\\/\",\"url\":\"https:\\\/\\\/www.tapasmagazine.es\\\/en\\\/best-apple-pie-in-spain-is-made-in-this-bakery-in-malaga\\\/\",\"name\":\"The best apple pie in Spain is made in this bakery in Malaga - Tapas\",\"isPartOf\":{\"@id\":\"https:\\\/\\\/www.tapasmagazine.es\\\/#website\"},\"primaryImageOfPage\":{\"@id\":\"https:\\\/\\\/www.tapasmagazine.es\\\/en\\\/best-apple-pie-in-spain-is-made-in-this-bakery-in-malaga\\\/#primaryimage\"},\"image\":{\"@id\":\"https:\\\/\\\/www.tapasmagazine.es\\\/en\\\/best-apple-pie-in-spain-is-made-in-this-bakery-in-malaga\\\/#primaryimage\"},\"thumbnailUrl\":\"https:\\\/\\\/www.tapasmagazine.es\\\/wp-content\\\/uploads\\\/2023\\\/10\\\/mejor-tarta-manzana-espana-1.jpg\",\"datePublished\":\"2023-10-11T16:14:06+00:00\",\"dateModified\":\"2023-10-11T16:20:28+00:00\",\"description\":\"Click here to read the Spanish version. At the new edition of the San Sebastian Gastronomika congress, a cast of nationally renowned chefs and pastry\",\"breadcrumb\":{\"@id\":\"https:\\\/\\\/www.tapasmagazine.es\\\/en\\\/best-apple-pie-in-spain-is-made-in-this-bakery-in-malaga\\\/#breadcrumb\"},\"inLanguage\":\"en-US\",\"potentialAction\":[{\"@type\":\"ReadAction\",\"target\":[\"https:\\\/\\\/www.tapasmagazine.es\\\/en\\\/best-apple-pie-in-spain-is-made-in-this-bakery-in-malaga\\\/\"]}]},{\"@type\":\"ImageObject\",\"inLanguage\":\"en-US\",\"@id\":\"https:\\\/\\\/www.tapasmagazine.es\\\/en\\\/best-apple-pie-in-spain-is-made-in-this-bakery-in-malaga\\\/#primaryimage\",\"url\":\"https:\\\/\\\/www.tapasmagazine.es\\\/wp-content\\\/uploads\\\/2023\\\/10\\\/mejor-tarta-manzana-espana-1.jpg\",\"contentUrl\":\"https:\\\/\\\/www.tapasmagazine.es\\\/wp-content\\\/uploads\\\/2023\\\/10\\\/mejor-tarta-manzana-espana-1.jpg\",\"width\":1200,\"height\":675},{\"@type\":\"BreadcrumbList\",\"@id\":\"https:\\\/\\\/www.tapasmagazine.es\\\/en\\\/best-apple-pie-in-spain-is-made-in-this-bakery-in-malaga\\\/#breadcrumb\",\"itemListElement\":[{\"@type\":\"ListItem\",\"position\":1,\"name\":\"Portada\",\"item\":\"https:\\\/\\\/www.tapasmagazine.es\\\/\"},{\"@type\":\"ListItem\",\"position\":2,\"name\":\"News\",\"item\":\"https:\\\/\\\/www.tapasmagazine.es\\\/en\\\/categorias\\\/news\\\/\"},{\"@type\":\"ListItem\",\"position\":3,\"name\":\"The best apple pie in Spain is made in this bakery in Malaga\"}]},{\"@type\":\"WebSite\",\"@id\":\"https:\\\/\\\/www.tapasmagazine.es\\\/#website\",\"url\":\"https:\\\/\\\/www.tapasmagazine.es\\\/\",\"name\":\"Tapas\",\"description\":\"\u00d1am \u00d1am Lifestyle. La vida a bocados. Premio Nacional de Gastronom\u00eda 2016.\",\"publisher\":{\"@id\":\"https:\\\/\\\/www.tapasmagazine.es\\\/#organization\"},\"potentialAction\":[{\"@type\":\"SearchAction\",\"target\":{\"@type\":\"EntryPoint\",\"urlTemplate\":\"https:\\\/\\\/www.tapasmagazine.es\\\/?s={search_term_string}\"},\"query-input\":{\"@type\":\"PropertyValueSpecification\",\"valueRequired\":true,\"valueName\":\"search_term_string\"}}],\"inLanguage\":\"en-US\"},{\"@type\":\"Organization\",\"@id\":\"https:\\\/\\\/www.tapasmagazine.es\\\/#organization\",\"name\":\"Tapas Magazine\",\"url\":\"https:\\\/\\\/www.tapasmagazine.es\\\/\",\"logo\":{\"@type\":\"ImageObject\",\"inLanguage\":\"en-US\",\"@id\":\"https:\\\/\\\/www.tapasmagazine.es\\\/#\\\/schema\\\/logo\\\/image\\\/\",\"url\":\"https:\\\/\\\/www.tapasmagazine.es\\\/wp-content\\\/uploads\\\/2018\\\/01\\\/logo.png\",\"contentUrl\":\"https:\\\/\\\/www.tapasmagazine.es\\\/wp-content\\\/uploads\\\/2018\\\/01\\\/logo.png\",\"width\":180,\"height\":60,\"caption\":\"Tapas Magazine\"},\"image\":{\"@id\":\"https:\\\/\\\/www.tapasmagazine.es\\\/#\\\/schema\\\/logo\\\/image\\\/\"},\"sameAs\":[\"https:\\\/\\\/www.facebook.com\\\/tapasmagazine\",\"https:\\\/\\\/x.com\\\/TapasMagazine\",\"https:\\\/\\\/www.instagram.com\\\/tapasmagazine\\\/\",\"https:\\\/\\\/www.linkedin.com\\\/company\\\/tapas-magazine\",\"https:\\\/\\\/es.pinterest.com\\\/tapasmagazine\\\/\",\"https:\\\/\\\/www.youtube.com\\\/channel\\\/UCEyxneAaACuR0lfDagrWjjg?sub_confirmation=1\"]},{\"@type\":\"Person\",\"@id\":\"https:\\\/\\\/www.tapasmagazine.es\\\/#\\\/schema\\\/person\\\/eb46cbe76a9c8f062660eb609e3ecb4e\",\"name\":\"Laura P\u00e9rez\",\"url\":\"https:\\\/\\\/www.tapasmagazine.es\\\/en\\\/author\\\/laura-perez\\\/\"}]}<\/script>\n<!-- \/ Yoast SEO plugin. -->","yoast_head_json":{"title":"The best apple pie in Spain is made in this bakery in Malaga - Tapas","description":"Click here to read the Spanish version. At the new edition of the San Sebastian Gastronomika congress, a cast of nationally renowned chefs and pastry","robots":{"index":"index","follow":"follow","max-snippet":"max-snippet:-1","max-image-preview":"max-image-preview:large","max-video-preview":"max-video-preview:-1"},"canonical":"https:\/\/www.tapasmagazine.es\/en\/best-apple-pie-in-spain-is-made-in-this-bakery-in-malaga\/","og_locale":"en_US","og_type":"article","og_title":"The best apple pie in Spain is made in this bakery in Malaga - Tapas","og_description":"Click here to read the Spanish version. At the new edition of the San Sebastian Gastronomika congress, a cast of nationally renowned chefs and pastry","og_url":"https:\/\/www.tapasmagazine.es\/en\/best-apple-pie-in-spain-is-made-in-this-bakery-in-malaga\/","og_site_name":"Tapas","article_publisher":"https:\/\/www.facebook.com\/tapasmagazine","article_published_time":"2023-10-11T16:14:06+00:00","article_modified_time":"2023-10-11T16:20:28+00:00","og_image":[{"width":1200,"height":675,"url":"https:\/\/www.tapasmagazine.es\/wp-content\/uploads\/2023\/10\/mejor-tarta-manzana-espana-1.jpg","type":"image\/jpeg"}],"author":"Laura P\u00e9rez","twitter_card":"summary_large_image","twitter_creator":"@TapasMagazine","twitter_site":"@TapasMagazine","twitter_misc":{"Written by":"Laura P\u00e9rez","Est. reading time":"2 minutes"},"schema":{"@context":"https:\/\/schema.org","@graph":[{"@type":"Article","@id":"https:\/\/www.tapasmagazine.es\/en\/best-apple-pie-in-spain-is-made-in-this-bakery-in-malaga\/#article","isPartOf":{"@id":"https:\/\/www.tapasmagazine.es\/en\/best-apple-pie-in-spain-is-made-in-this-bakery-in-malaga\/"},"author":{"name":"Laura P\u00e9rez","@id":"https:\/\/www.tapasmagazine.es\/#\/schema\/person\/eb46cbe76a9c8f062660eb609e3ecb4e"},"headline":"The best apple pie in Spain is made in this bakery in Malaga","datePublished":"2023-10-11T16:14:06+00:00","dateModified":"2023-10-11T16:20:28+00:00","mainEntityOfPage":{"@id":"https:\/\/www.tapasmagazine.es\/en\/best-apple-pie-in-spain-is-made-in-this-bakery-in-malaga\/"},"wordCount":297,"commentCount":0,"publisher":{"@id":"https:\/\/www.tapasmagazine.es\/#organization"},"image":{"@id":"https:\/\/www.tapasmagazine.es\/en\/best-apple-pie-in-spain-is-made-in-this-bakery-in-malaga\/#primaryimage"},"thumbnailUrl":"https:\/\/www.tapasmagazine.es\/wp-content\/uploads\/2023\/10\/mejor-tarta-manzana-espana-1.jpg","keywords":["san sebastian gastronomika","tarta de manzana"],"articleSection":["News"],"inLanguage":"en-US","potentialAction":[{"@type":"CommentAction","name":"Comment","target":["https:\/\/www.tapasmagazine.es\/en\/best-apple-pie-in-spain-is-made-in-this-bakery-in-malaga\/#respond"]}]},{"@type":"WebPage","@id":"https:\/\/www.tapasmagazine.es\/en\/best-apple-pie-in-spain-is-made-in-this-bakery-in-malaga\/","url":"https:\/\/www.tapasmagazine.es\/en\/best-apple-pie-in-spain-is-made-in-this-bakery-in-malaga\/","name":"The best apple pie in Spain is made in this bakery in Malaga - Tapas","isPartOf":{"@id":"https:\/\/www.tapasmagazine.es\/#website"},"primaryImageOfPage":{"@id":"https:\/\/www.tapasmagazine.es\/en\/best-apple-pie-in-spain-is-made-in-this-bakery-in-malaga\/#primaryimage"},"image":{"@id":"https:\/\/www.tapasmagazine.es\/en\/best-apple-pie-in-spain-is-made-in-this-bakery-in-malaga\/#primaryimage"},"thumbnailUrl":"https:\/\/www.tapasmagazine.es\/wp-content\/uploads\/2023\/10\/mejor-tarta-manzana-espana-1.jpg","datePublished":"2023-10-11T16:14:06+00:00","dateModified":"2023-10-11T16:20:28+00:00","description":"Click here to read the Spanish version. At the new edition of the San Sebastian Gastronomika congress, a cast of nationally renowned chefs and pastry","breadcrumb":{"@id":"https:\/\/www.tapasmagazine.es\/en\/best-apple-pie-in-spain-is-made-in-this-bakery-in-malaga\/#breadcrumb"},"inLanguage":"en-US","potentialAction":[{"@type":"ReadAction","target":["https:\/\/www.tapasmagazine.es\/en\/best-apple-pie-in-spain-is-made-in-this-bakery-in-malaga\/"]}]},{"@type":"ImageObject","inLanguage":"en-US","@id":"https:\/\/www.tapasmagazine.es\/en\/best-apple-pie-in-spain-is-made-in-this-bakery-in-malaga\/#primaryimage","url":"https:\/\/www.tapasmagazine.es\/wp-content\/uploads\/2023\/10\/mejor-tarta-manzana-espana-1.jpg","contentUrl":"https:\/\/www.tapasmagazine.es\/wp-content\/uploads\/2023\/10\/mejor-tarta-manzana-espana-1.jpg","width":1200,"height":675},{"@type":"BreadcrumbList","@id":"https:\/\/www.tapasmagazine.es\/en\/best-apple-pie-in-spain-is-made-in-this-bakery-in-malaga\/#breadcrumb","itemListElement":[{"@type":"ListItem","position":1,"name":"Portada","item":"https:\/\/www.tapasmagazine.es\/"},{"@type":"ListItem","position":2,"name":"News","item":"https:\/\/www.tapasmagazine.es\/en\/categorias\/news\/"},{"@type":"ListItem","position":3,"name":"The best apple pie in Spain is made in this bakery in Malaga"}]},{"@type":"WebSite","@id":"https:\/\/www.tapasmagazine.es\/#website","url":"https:\/\/www.tapasmagazine.es\/","name":"Tapas","description":"\u00d1am \u00d1am Lifestyle. La vida a bocados. Premio Nacional de Gastronom\u00eda 2016.","publisher":{"@id":"https:\/\/www.tapasmagazine.es\/#organization"},"potentialAction":[{"@type":"SearchAction","target":{"@type":"EntryPoint","urlTemplate":"https:\/\/www.tapasmagazine.es\/?s={search_term_string}"},"query-input":{"@type":"PropertyValueSpecification","valueRequired":true,"valueName":"search_term_string"}}],"inLanguage":"en-US"},{"@type":"Organization","@id":"https:\/\/www.tapasmagazine.es\/#organization","name":"Tapas Magazine","url":"https:\/\/www.tapasmagazine.es\/","logo":{"@type":"ImageObject","inLanguage":"en-US","@id":"https:\/\/www.tapasmagazine.es\/#\/schema\/logo\/image\/","url":"https:\/\/www.tapasmagazine.es\/wp-content\/uploads\/2018\/01\/logo.png","contentUrl":"https:\/\/www.tapasmagazine.es\/wp-content\/uploads\/2018\/01\/logo.png","width":180,"height":60,"caption":"Tapas Magazine"},"image":{"@id":"https:\/\/www.tapasmagazine.es\/#\/schema\/logo\/image\/"},"sameAs":["https:\/\/www.facebook.com\/tapasmagazine","https:\/\/x.com\/TapasMagazine","https:\/\/www.instagram.com\/tapasmagazine\/","https:\/\/www.linkedin.com\/company\/tapas-magazine","https:\/\/es.pinterest.com\/tapasmagazine\/","https:\/\/www.youtube.com\/channel\/UCEyxneAaACuR0lfDagrWjjg?sub_confirmation=1"]},{"@type":"Person","@id":"https:\/\/www.tapasmagazine.es\/#\/schema\/person\/eb46cbe76a9c8f062660eb609e3ecb4e","name":"Laura P\u00e9rez","url":"https:\/\/www.tapasmagazine.es\/en\/author\/laura-perez\/"}]}},"_links":{"self":[{"href":"https:\/\/www.tapasmagazine.es\/en\/wp-json\/wp\/v2\/posts\/212866","targetHints":{"allow":["GET"]}}],"collection":[{"href":"https:\/\/www.tapasmagazine.es\/en\/wp-json\/wp\/v2\/posts"}],"about":[{"href":"https:\/\/www.tapasmagazine.es\/en\/wp-json\/wp\/v2\/types\/post"}],"author":[{"embeddable":true,"href":"https:\/\/www.tapasmagazine.es\/en\/wp-json\/wp\/v2\/users\/285"}],"replies":[{"embeddable":true,"href":"https:\/\/www.tapasmagazine.es\/en\/wp-json\/wp\/v2\/comments?post=212866"}],"version-history":[{"count":4,"href":"https:\/\/www.tapasmagazine.es\/en\/wp-json\/wp\/v2\/posts\/212866\/revisions"}],"predecessor-version":[{"id":212871,"href":"https:\/\/www.tapasmagazine.es\/en\/wp-json\/wp\/v2\/posts\/212866\/revisions\/212871"}],"wp:featuredmedia":[{"embeddable":true,"href":"https:\/\/www.tapasmagazine.es\/en\/wp-json\/wp\/v2\/media\/212856"}],"wp:attachment":[{"href":"https:\/\/www.tapasmagazine.es\/en\/wp-json\/wp\/v2\/media?parent=212866"}],"wp:term":[{"taxonomy":"category","embeddable":true,"href":"https:\/\/www.tapasmagazine.es\/en\/wp-json\/wp\/v2\/categories?post=212866"},{"taxonomy":"post_tag","embeddable":true,"href":"https:\/\/www.tapasmagazine.es\/en\/wp-json\/wp\/v2\/tags?post=212866"}],"curies":[{"name":"wp","href":"https:\/\/api.w.org\/{rel}","templated":true}]}}