{"id":212131,"date":"2023-10-07T18:00:58","date_gmt":"2023-10-07T16:00:58","guid":{"rendered":"https:\/\/www.tapasmagazine.es\/?p=212131"},"modified":"2023-10-07T18:10:10","modified_gmt":"2023-10-07T16:10:10","slug":"cordoban-chef-paco-morales-took-charge-of-the-dinner-for-european-leaders-in-granada","status":"publish","type":"post","link":"https:\/\/www.tapasmagazine.es\/en\/cordoban-chef-paco-morales-took-charge-of-the-dinner-for-european-leaders-in-granada\/","title":{"rendered":"Cordoban chef Paco Morales took charge of the dinner for European leaders in Granada"},"content":{"rendered":"\n<p><strong><strong>Click <a href=\"http:\/\/tapasmagazine.es\/el-chef-cordobes-paco-morales-se-hizo-cargo-de-la-cena-de-mandatarios-europeos-en-granada\/\">here<\/a> to read the Spanish version.<\/strong><\/strong><\/p>\n\n\n\n<p>The C\u00f3rdoba chef\u00a0<strong>Paco Morales<\/strong>, from the two-Michelin-star restaurant\u00a0<strong>Noor<\/strong>, was in charge of serving the food to the European leaders who were in Granada for the meeting of the European Political Community, with more than 40 leaders.\u00a0The meeting took place this Thursday and Friday in Granada.<\/p>\n\n\n\n<figure class=\"wp-block-image size-large is-resized\"><a href=\"https:\/\/www.tapasmagazine.es\/wp-content\/uploads\/2023\/10\/GettyImages-1708726888-scaled.jpg\"><img decoding=\"async\" src=\"https:\/\/www.tapasmagazine.es\/wp-content\/uploads\/2023\/10\/GettyImages-1708726888-1024x683.jpg\" alt=\"\" class=\"wp-image-212142\" style=\"width:810px;height:540px\" width=\"810\" height=\"540\" srcset=\"https:\/\/www.tapasmagazine.es\/wp-content\/uploads\/2023\/10\/GettyImages-1708726888-1024x683.jpg 1024w, https:\/\/www.tapasmagazine.es\/wp-content\/uploads\/2023\/10\/GettyImages-1708726888-300x200.jpg 300w, https:\/\/www.tapasmagazine.es\/wp-content\/uploads\/2023\/10\/GettyImages-1708726888-768x512.jpg 768w, https:\/\/www.tapasmagazine.es\/wp-content\/uploads\/2023\/10\/GettyImages-1708726888-1536x1025.jpg 1536w, https:\/\/www.tapasmagazine.es\/wp-content\/uploads\/2023\/10\/GettyImages-1708726888-2048x1366.jpg 2048w, https:\/\/www.tapasmagazine.es\/wp-content\/uploads\/2023\/10\/GettyImages-1708726888-1000x667.jpg 1000w, https:\/\/www.tapasmagazine.es\/wp-content\/uploads\/2023\/10\/GettyImages-1708726888-400x267.jpg 400w\" sizes=\"(max-width: 810px) 100vw, 810px\" \/><\/a><figcaption class=\"wp-element-caption\">GRANADA, Espa\u00f1a. (Marcelo del Pozo\/Getty Images)<\/figcaption><\/figure>\n\n\n\n<p>Nearly 1,500 small plates were served, designed, and created expressly for this event by the artisans of\u00a0<strong>Cer\u00e1mica San Jos\u00e9<\/strong>, on La Rambla, in C\u00f3rdoba.\u00a0In addition to the leaders, companions attended, in total, they served food for about fifty people.<\/p>\n\n\n\n<p>To fulfill this mission, the team was made up of more than 150 people to bring the historic food that Noor has served, since it launched in 2016, to the palates of the leaders of the European political scene.<\/p>\n\n\n\n<p>Paco Morales was the first&nbsp;<strong>Chef of the Year<\/strong>&nbsp;in 2017, an award given by&nbsp;<strong>Tapas Magazine<\/strong>&nbsp;to the best chef of the year.<a href=\"https:\/\/www.tapasmagazine.es\/wp-content\/uploads\/2023\/10\/PORTADAS-CHEF-OF-THE-YEAR-2017-1.jpg\"><\/a><\/p>\n\n\n\n<figure class=\"wp-block-image size-large\"><a href=\"https:\/\/www.tapasmagazine.es\/wp-content\/uploads\/2023\/10\/PORTADAS-CHEF-OF-THE-YEAR-2017-1.jpg\"><img decoding=\"async\" width=\"1024\" height=\"1024\" src=\"https:\/\/www.tapasmagazine.es\/wp-content\/uploads\/2023\/10\/PORTADAS-CHEF-OF-THE-YEAR-2017-1-1024x1024.jpg\" alt=\"\" class=\"wp-image-212121\" srcset=\"https:\/\/www.tapasmagazine.es\/wp-content\/uploads\/2023\/10\/PORTADAS-CHEF-OF-THE-YEAR-2017-1-1024x1024.jpg 1024w, https:\/\/www.tapasmagazine.es\/wp-content\/uploads\/2023\/10\/PORTADAS-CHEF-OF-THE-YEAR-2017-1-300x300.jpg 300w, https:\/\/www.tapasmagazine.es\/wp-content\/uploads\/2023\/10\/PORTADAS-CHEF-OF-THE-YEAR-2017-1-150x150.jpg 150w, https:\/\/www.tapasmagazine.es\/wp-content\/uploads\/2023\/10\/PORTADAS-CHEF-OF-THE-YEAR-2017-1-768x768.jpg 768w, https:\/\/www.tapasmagazine.es\/wp-content\/uploads\/2023\/10\/PORTADAS-CHEF-OF-THE-YEAR-2017-1-800x800.jpg 800w, https:\/\/www.tapasmagazine.es\/wp-content\/uploads\/2023\/10\/PORTADAS-CHEF-OF-THE-YEAR-2017-1-600x600.jpg 600w, https:\/\/www.tapasmagazine.es\/wp-content\/uploads\/2023\/10\/PORTADAS-CHEF-OF-THE-YEAR-2017-1-400x400.jpg 400w, https:\/\/www.tapasmagazine.es\/wp-content\/uploads\/2023\/10\/PORTADAS-CHEF-OF-THE-YEAR-2017-1-200x200.jpg 200w, https:\/\/www.tapasmagazine.es\/wp-content\/uploads\/2023\/10\/PORTADAS-CHEF-OF-THE-YEAR-2017-1.jpg 1200w\" sizes=\"(max-width: 1024px) 100vw, 1024px\" \/><\/a><\/figure>\n\n\n\n<p>The\u00a0<strong>menu for the evening<\/strong>\u00a0of European leaders, as reported by\u00a0<strong><a href=\"https:\/\/www.7canibales.com\/actualidad\/paco-morales-conquista-europa-con-su-cocina-andalusi\/\">7Can\u00edbales<\/a><\/strong>, was composed of the following:<\/p>\n\n\n\n<ul class=\"wp-block-list\">\n<li>Andalusian cucumber and orange mint dressing<\/li>\n\n\n\n<li>Chickpea bread toast with semi-cured bonito and anchovy mayonnaise<\/li>\n\n\n\n<li>Warm cooked oyster with tangerine pickle<\/li>\n\n\n\n<li>Breaded bun with smoked eggplant and cane honey<\/li>\n\n\n\n<li>Pistachio Karim with green apple and pine nuts<\/li>\n\n\n\n<li>Tomato salmorejo with mozzarella cloud<\/li>\n\n\n\n<li>Vegetable salad with ras-al hanout and octopus<\/li>\n\n\n\n<li>Bread with tomato and coppa Joselito<\/li>\n\n\n\n<li>Durum wheat pasta with butter and smoked eel<\/li>\n\n\n\n<li>Old beef tartare, kefir and parsley oil<\/li>\n\n\n\n<li>Orange, Motril shrimp and cheese snow<\/li>\n\n\n\n<li>Cod curd, cured quail yolk and caviar<\/li>\n\n\n\n<li>Grilled sea bass with lettuce and chocolatier pepper<\/li>\n\n\n\n<li>Roasted Andalusian beef loin and toasted brioche in sheep butter<\/li>\n\n\n\n<li>Andalusian pesti\u00f1o<\/li>\n\n\n\n<li>Saffron and cane honey pannacotta<\/li>\n\n\n\n<li>Rice with sheep&#8217;s milk, hazelnut and carob<\/li>\n<\/ul>\n\n\n\n<p>The meal was accompanied by Mercure DO Sierras de M\u00e1laga red&nbsp;<strong>wines<\/strong>&nbsp;, Markiss DO Sierras de M\u00e1laga white wines and Cloe Brut Nature Sauvignon Blanc.<\/p>\n","protected":false},"excerpt":{"rendered":"<p>Click here to read the Spanish version. The C\u00f3rdoba chef\u00a0Paco Morales, from the two-Michelin-star restaurant\u00a0Noor, was in charge of serving the food to the European leaders who were in Granada for the meeting of the European Political Community, with more than 40 leaders.\u00a0The meeting took place this Thursday and Friday in Granada. Nearly 1,500 small [&hellip;]<\/p>\n","protected":false},"author":23,"featured_media":212128,"comment_status":"open","ping_status":"closed","sticky":false,"template":"single-feature.php","format":"standard","meta":{"_acf_changed":false,"footnotes":""},"categories":[15807],"tags":[18435,18436],"class_list":["post-212131","post","type-post","status-publish","format-standard","has-post-thumbnail","hentry","category-gastro-en","tag-granada-en","tag-granda-en","cat-15807-id"],"acf":[],"yoast_head":"<!-- This site is optimized with the Yoast SEO plugin v27.4 - https:\/\/yoast.com\/product\/yoast-seo-wordpress\/ -->\n<title>Cordoban chef Paco Morales took charge of the dinner for European leaders in Granada - Tapas<\/title>\n<meta name=\"description\" content=\"Click here to read the Spanish version. The C\u00f3rdoba chef\u00a0Paco Morales, from the two-Michelin-star restaurant\u00a0Noor, was in charge of serving the food to\" \/>\n<meta name=\"robots\" content=\"index, follow, max-snippet:-1, max-image-preview:large, max-video-preview:-1\" \/>\n<link rel=\"canonical\" href=\"https:\/\/www.tapasmagazine.es\/en\/cordoban-chef-paco-morales-took-charge-of-the-dinner-for-european-leaders-in-granada\/\" \/>\n<meta property=\"og:locale\" content=\"en_US\" \/>\n<meta property=\"og:type\" content=\"article\" \/>\n<meta property=\"og:title\" content=\"Cordoban chef Paco Morales took charge of the dinner for European leaders in Granada - Tapas\" \/>\n<meta property=\"og:description\" content=\"Click here to read the Spanish version. The C\u00f3rdoba chef\u00a0Paco Morales, from the two-Michelin-star restaurant\u00a0Noor, was in charge of serving the food to\" \/>\n<meta property=\"og:url\" content=\"https:\/\/www.tapasmagazine.es\/en\/cordoban-chef-paco-morales-took-charge-of-the-dinner-for-european-leaders-in-granada\/\" \/>\n<meta property=\"og:site_name\" content=\"Tapas\" \/>\n<meta property=\"article:publisher\" content=\"https:\/\/www.facebook.com\/tapasmagazine\" \/>\n<meta property=\"article:published_time\" content=\"2023-10-07T16:00:58+00:00\" \/>\n<meta property=\"article:modified_time\" content=\"2023-10-07T16:10:10+00:00\" \/>\n<meta property=\"og:image\" content=\"https:\/\/www.tapasmagazine.es\/wp-content\/uploads\/2023\/10\/PacoMorales.jpg-1.png\" \/>\n\t<meta property=\"og:image:width\" content=\"1200\" \/>\n\t<meta property=\"og:image:height\" content=\"675\" \/>\n\t<meta property=\"og:image:type\" content=\"image\/png\" \/>\n<meta name=\"author\" content=\"Tapas\" \/>\n<meta name=\"twitter:card\" content=\"summary_large_image\" \/>\n<meta name=\"twitter:creator\" content=\"@TapasMagazine\" \/>\n<meta name=\"twitter:site\" content=\"@TapasMagazine\" \/>\n<meta name=\"twitter:label1\" content=\"Written by\" \/>\n\t<meta name=\"twitter:data1\" content=\"Tapas\" \/>\n\t<meta name=\"twitter:label2\" content=\"Est. reading time\" \/>\n\t<meta name=\"twitter:data2\" content=\"2 minutes\" \/>\n<script type=\"application\/ld+json\" class=\"yoast-schema-graph\">{\"@context\":\"https:\\\/\\\/schema.org\",\"@graph\":[{\"@type\":\"Article\",\"@id\":\"https:\\\/\\\/www.tapasmagazine.es\\\/en\\\/cordoban-chef-paco-morales-took-charge-of-the-dinner-for-european-leaders-in-granada\\\/#article\",\"isPartOf\":{\"@id\":\"https:\\\/\\\/www.tapasmagazine.es\\\/en\\\/cordoban-chef-paco-morales-took-charge-of-the-dinner-for-european-leaders-in-granada\\\/\"},\"author\":{\"name\":\"Tapas\",\"@id\":\"https:\\\/\\\/www.tapasmagazine.es\\\/#\\\/schema\\\/person\\\/8bf373b672ffa6f78a076c90acdfaf26\"},\"headline\":\"Cordoban chef Paco Morales took charge of the dinner for European leaders in Granada\",\"datePublished\":\"2023-10-07T16:00:58+00:00\",\"dateModified\":\"2023-10-07T16:10:10+00:00\",\"mainEntityOfPage\":{\"@id\":\"https:\\\/\\\/www.tapasmagazine.es\\\/en\\\/cordoban-chef-paco-morales-took-charge-of-the-dinner-for-european-leaders-in-granada\\\/\"},\"wordCount\":347,\"commentCount\":0,\"publisher\":{\"@id\":\"https:\\\/\\\/www.tapasmagazine.es\\\/#organization\"},\"image\":{\"@id\":\"https:\\\/\\\/www.tapasmagazine.es\\\/en\\\/cordoban-chef-paco-morales-took-charge-of-the-dinner-for-european-leaders-in-granada\\\/#primaryimage\"},\"thumbnailUrl\":\"https:\\\/\\\/www.tapasmagazine.es\\\/wp-content\\\/uploads\\\/2023\\\/10\\\/PacoMorales.jpg-1.png\",\"keywords\":[\"granada\",\"Granda\"],\"articleSection\":[\"Gastro\"],\"inLanguage\":\"en-US\",\"potentialAction\":[{\"@type\":\"CommentAction\",\"name\":\"Comment\",\"target\":[\"https:\\\/\\\/www.tapasmagazine.es\\\/en\\\/cordoban-chef-paco-morales-took-charge-of-the-dinner-for-european-leaders-in-granada\\\/#respond\"]}]},{\"@type\":\"WebPage\",\"@id\":\"https:\\\/\\\/www.tapasmagazine.es\\\/en\\\/cordoban-chef-paco-morales-took-charge-of-the-dinner-for-european-leaders-in-granada\\\/\",\"url\":\"https:\\\/\\\/www.tapasmagazine.es\\\/en\\\/cordoban-chef-paco-morales-took-charge-of-the-dinner-for-european-leaders-in-granada\\\/\",\"name\":\"Cordoban chef Paco Morales took charge of the dinner for European leaders in Granada - Tapas\",\"isPartOf\":{\"@id\":\"https:\\\/\\\/www.tapasmagazine.es\\\/#website\"},\"primaryImageOfPage\":{\"@id\":\"https:\\\/\\\/www.tapasmagazine.es\\\/en\\\/cordoban-chef-paco-morales-took-charge-of-the-dinner-for-european-leaders-in-granada\\\/#primaryimage\"},\"image\":{\"@id\":\"https:\\\/\\\/www.tapasmagazine.es\\\/en\\\/cordoban-chef-paco-morales-took-charge-of-the-dinner-for-european-leaders-in-granada\\\/#primaryimage\"},\"thumbnailUrl\":\"https:\\\/\\\/www.tapasmagazine.es\\\/wp-content\\\/uploads\\\/2023\\\/10\\\/PacoMorales.jpg-1.png\",\"datePublished\":\"2023-10-07T16:00:58+00:00\",\"dateModified\":\"2023-10-07T16:10:10+00:00\",\"description\":\"Click here to read the Spanish version. The C\u00f3rdoba chef\u00a0Paco Morales, from the two-Michelin-star restaurant\u00a0Noor, was in charge of serving the food to\",\"breadcrumb\":{\"@id\":\"https:\\\/\\\/www.tapasmagazine.es\\\/en\\\/cordoban-chef-paco-morales-took-charge-of-the-dinner-for-european-leaders-in-granada\\\/#breadcrumb\"},\"inLanguage\":\"en-US\",\"potentialAction\":[{\"@type\":\"ReadAction\",\"target\":[\"https:\\\/\\\/www.tapasmagazine.es\\\/en\\\/cordoban-chef-paco-morales-took-charge-of-the-dinner-for-european-leaders-in-granada\\\/\"]}]},{\"@type\":\"ImageObject\",\"inLanguage\":\"en-US\",\"@id\":\"https:\\\/\\\/www.tapasmagazine.es\\\/en\\\/cordoban-chef-paco-morales-took-charge-of-the-dinner-for-european-leaders-in-granada\\\/#primaryimage\",\"url\":\"https:\\\/\\\/www.tapasmagazine.es\\\/wp-content\\\/uploads\\\/2023\\\/10\\\/PacoMorales.jpg-1.png\",\"contentUrl\":\"https:\\\/\\\/www.tapasmagazine.es\\\/wp-content\\\/uploads\\\/2023\\\/10\\\/PacoMorales.jpg-1.png\",\"width\":1200,\"height\":675},{\"@type\":\"BreadcrumbList\",\"@id\":\"https:\\\/\\\/www.tapasmagazine.es\\\/en\\\/cordoban-chef-paco-morales-took-charge-of-the-dinner-for-european-leaders-in-granada\\\/#breadcrumb\",\"itemListElement\":[{\"@type\":\"ListItem\",\"position\":1,\"name\":\"Portada\",\"item\":\"https:\\\/\\\/www.tapasmagazine.es\\\/\"},{\"@type\":\"ListItem\",\"position\":2,\"name\":\"Gastro\",\"item\":\"https:\\\/\\\/www.tapasmagazine.es\\\/en\\\/categorias\\\/gastro-en\\\/\"},{\"@type\":\"ListItem\",\"position\":3,\"name\":\"Cordoban chef Paco Morales took charge of the dinner for European leaders in Granada\"}]},{\"@type\":\"WebSite\",\"@id\":\"https:\\\/\\\/www.tapasmagazine.es\\\/#website\",\"url\":\"https:\\\/\\\/www.tapasmagazine.es\\\/\",\"name\":\"Tapas\",\"description\":\"\u00d1am \u00d1am Lifestyle. La vida a bocados. Premio Nacional de Gastronom\u00eda 2016.\",\"publisher\":{\"@id\":\"https:\\\/\\\/www.tapasmagazine.es\\\/#organization\"},\"potentialAction\":[{\"@type\":\"SearchAction\",\"target\":{\"@type\":\"EntryPoint\",\"urlTemplate\":\"https:\\\/\\\/www.tapasmagazine.es\\\/?s={search_term_string}\"},\"query-input\":{\"@type\":\"PropertyValueSpecification\",\"valueRequired\":true,\"valueName\":\"search_term_string\"}}],\"inLanguage\":\"en-US\"},{\"@type\":\"Organization\",\"@id\":\"https:\\\/\\\/www.tapasmagazine.es\\\/#organization\",\"name\":\"Tapas Magazine\",\"url\":\"https:\\\/\\\/www.tapasmagazine.es\\\/\",\"logo\":{\"@type\":\"ImageObject\",\"inLanguage\":\"en-US\",\"@id\":\"https:\\\/\\\/www.tapasmagazine.es\\\/#\\\/schema\\\/logo\\\/image\\\/\",\"url\":\"https:\\\/\\\/www.tapasmagazine.es\\\/wp-content\\\/uploads\\\/2018\\\/01\\\/logo.png\",\"contentUrl\":\"https:\\\/\\\/www.tapasmagazine.es\\\/wp-content\\\/uploads\\\/2018\\\/01\\\/logo.png\",\"width\":180,\"height\":60,\"caption\":\"Tapas Magazine\"},\"image\":{\"@id\":\"https:\\\/\\\/www.tapasmagazine.es\\\/#\\\/schema\\\/logo\\\/image\\\/\"},\"sameAs\":[\"https:\\\/\\\/www.facebook.com\\\/tapasmagazine\",\"https:\\\/\\\/x.com\\\/TapasMagazine\",\"https:\\\/\\\/www.instagram.com\\\/tapasmagazine\\\/\",\"https:\\\/\\\/www.linkedin.com\\\/company\\\/tapas-magazine\",\"https:\\\/\\\/es.pinterest.com\\\/tapasmagazine\\\/\",\"https:\\\/\\\/www.youtube.com\\\/channel\\\/UCEyxneAaACuR0lfDagrWjjg?sub_confirmation=1\"]},{\"@type\":\"Person\",\"@id\":\"https:\\\/\\\/www.tapasmagazine.es\\\/#\\\/schema\\\/person\\\/8bf373b672ffa6f78a076c90acdfaf26\",\"name\":\"Tapas\",\"url\":\"https:\\\/\\\/www.tapasmagazine.es\\\/en\\\/author\\\/spainmediaweb-tapas\\\/\"}]}<\/script>\n<!-- \/ Yoast SEO plugin. -->","yoast_head_json":{"title":"Cordoban chef Paco Morales took charge of the dinner for European leaders in Granada - Tapas","description":"Click here to read the Spanish version. The C\u00f3rdoba chef\u00a0Paco Morales, from the two-Michelin-star restaurant\u00a0Noor, was in charge of serving the food to","robots":{"index":"index","follow":"follow","max-snippet":"max-snippet:-1","max-image-preview":"max-image-preview:large","max-video-preview":"max-video-preview:-1"},"canonical":"https:\/\/www.tapasmagazine.es\/en\/cordoban-chef-paco-morales-took-charge-of-the-dinner-for-european-leaders-in-granada\/","og_locale":"en_US","og_type":"article","og_title":"Cordoban chef Paco Morales took charge of the dinner for European leaders in Granada - Tapas","og_description":"Click here to read the Spanish version. The C\u00f3rdoba chef\u00a0Paco Morales, from the two-Michelin-star restaurant\u00a0Noor, was in charge of serving the food to","og_url":"https:\/\/www.tapasmagazine.es\/en\/cordoban-chef-paco-morales-took-charge-of-the-dinner-for-european-leaders-in-granada\/","og_site_name":"Tapas","article_publisher":"https:\/\/www.facebook.com\/tapasmagazine","article_published_time":"2023-10-07T16:00:58+00:00","article_modified_time":"2023-10-07T16:10:10+00:00","og_image":[{"width":1200,"height":675,"url":"https:\/\/www.tapasmagazine.es\/wp-content\/uploads\/2023\/10\/PacoMorales.jpg-1.png","type":"image\/png"}],"author":"Tapas","twitter_card":"summary_large_image","twitter_creator":"@TapasMagazine","twitter_site":"@TapasMagazine","twitter_misc":{"Written by":"Tapas","Est. reading time":"2 minutes"},"schema":{"@context":"https:\/\/schema.org","@graph":[{"@type":"Article","@id":"https:\/\/www.tapasmagazine.es\/en\/cordoban-chef-paco-morales-took-charge-of-the-dinner-for-european-leaders-in-granada\/#article","isPartOf":{"@id":"https:\/\/www.tapasmagazine.es\/en\/cordoban-chef-paco-morales-took-charge-of-the-dinner-for-european-leaders-in-granada\/"},"author":{"name":"Tapas","@id":"https:\/\/www.tapasmagazine.es\/#\/schema\/person\/8bf373b672ffa6f78a076c90acdfaf26"},"headline":"Cordoban chef Paco Morales took charge of the dinner for European leaders in Granada","datePublished":"2023-10-07T16:00:58+00:00","dateModified":"2023-10-07T16:10:10+00:00","mainEntityOfPage":{"@id":"https:\/\/www.tapasmagazine.es\/en\/cordoban-chef-paco-morales-took-charge-of-the-dinner-for-european-leaders-in-granada\/"},"wordCount":347,"commentCount":0,"publisher":{"@id":"https:\/\/www.tapasmagazine.es\/#organization"},"image":{"@id":"https:\/\/www.tapasmagazine.es\/en\/cordoban-chef-paco-morales-took-charge-of-the-dinner-for-european-leaders-in-granada\/#primaryimage"},"thumbnailUrl":"https:\/\/www.tapasmagazine.es\/wp-content\/uploads\/2023\/10\/PacoMorales.jpg-1.png","keywords":["granada","Granda"],"articleSection":["Gastro"],"inLanguage":"en-US","potentialAction":[{"@type":"CommentAction","name":"Comment","target":["https:\/\/www.tapasmagazine.es\/en\/cordoban-chef-paco-morales-took-charge-of-the-dinner-for-european-leaders-in-granada\/#respond"]}]},{"@type":"WebPage","@id":"https:\/\/www.tapasmagazine.es\/en\/cordoban-chef-paco-morales-took-charge-of-the-dinner-for-european-leaders-in-granada\/","url":"https:\/\/www.tapasmagazine.es\/en\/cordoban-chef-paco-morales-took-charge-of-the-dinner-for-european-leaders-in-granada\/","name":"Cordoban chef Paco Morales took charge of the dinner for European leaders in Granada - Tapas","isPartOf":{"@id":"https:\/\/www.tapasmagazine.es\/#website"},"primaryImageOfPage":{"@id":"https:\/\/www.tapasmagazine.es\/en\/cordoban-chef-paco-morales-took-charge-of-the-dinner-for-european-leaders-in-granada\/#primaryimage"},"image":{"@id":"https:\/\/www.tapasmagazine.es\/en\/cordoban-chef-paco-morales-took-charge-of-the-dinner-for-european-leaders-in-granada\/#primaryimage"},"thumbnailUrl":"https:\/\/www.tapasmagazine.es\/wp-content\/uploads\/2023\/10\/PacoMorales.jpg-1.png","datePublished":"2023-10-07T16:00:58+00:00","dateModified":"2023-10-07T16:10:10+00:00","description":"Click here to read the Spanish version. The C\u00f3rdoba chef\u00a0Paco Morales, from the two-Michelin-star restaurant\u00a0Noor, was in charge of serving the food to","breadcrumb":{"@id":"https:\/\/www.tapasmagazine.es\/en\/cordoban-chef-paco-morales-took-charge-of-the-dinner-for-european-leaders-in-granada\/#breadcrumb"},"inLanguage":"en-US","potentialAction":[{"@type":"ReadAction","target":["https:\/\/www.tapasmagazine.es\/en\/cordoban-chef-paco-morales-took-charge-of-the-dinner-for-european-leaders-in-granada\/"]}]},{"@type":"ImageObject","inLanguage":"en-US","@id":"https:\/\/www.tapasmagazine.es\/en\/cordoban-chef-paco-morales-took-charge-of-the-dinner-for-european-leaders-in-granada\/#primaryimage","url":"https:\/\/www.tapasmagazine.es\/wp-content\/uploads\/2023\/10\/PacoMorales.jpg-1.png","contentUrl":"https:\/\/www.tapasmagazine.es\/wp-content\/uploads\/2023\/10\/PacoMorales.jpg-1.png","width":1200,"height":675},{"@type":"BreadcrumbList","@id":"https:\/\/www.tapasmagazine.es\/en\/cordoban-chef-paco-morales-took-charge-of-the-dinner-for-european-leaders-in-granada\/#breadcrumb","itemListElement":[{"@type":"ListItem","position":1,"name":"Portada","item":"https:\/\/www.tapasmagazine.es\/"},{"@type":"ListItem","position":2,"name":"Gastro","item":"https:\/\/www.tapasmagazine.es\/en\/categorias\/gastro-en\/"},{"@type":"ListItem","position":3,"name":"Cordoban chef Paco Morales took charge of the dinner for European leaders in Granada"}]},{"@type":"WebSite","@id":"https:\/\/www.tapasmagazine.es\/#website","url":"https:\/\/www.tapasmagazine.es\/","name":"Tapas","description":"\u00d1am \u00d1am Lifestyle. La vida a bocados. Premio Nacional de Gastronom\u00eda 2016.","publisher":{"@id":"https:\/\/www.tapasmagazine.es\/#organization"},"potentialAction":[{"@type":"SearchAction","target":{"@type":"EntryPoint","urlTemplate":"https:\/\/www.tapasmagazine.es\/?s={search_term_string}"},"query-input":{"@type":"PropertyValueSpecification","valueRequired":true,"valueName":"search_term_string"}}],"inLanguage":"en-US"},{"@type":"Organization","@id":"https:\/\/www.tapasmagazine.es\/#organization","name":"Tapas Magazine","url":"https:\/\/www.tapasmagazine.es\/","logo":{"@type":"ImageObject","inLanguage":"en-US","@id":"https:\/\/www.tapasmagazine.es\/#\/schema\/logo\/image\/","url":"https:\/\/www.tapasmagazine.es\/wp-content\/uploads\/2018\/01\/logo.png","contentUrl":"https:\/\/www.tapasmagazine.es\/wp-content\/uploads\/2018\/01\/logo.png","width":180,"height":60,"caption":"Tapas Magazine"},"image":{"@id":"https:\/\/www.tapasmagazine.es\/#\/schema\/logo\/image\/"},"sameAs":["https:\/\/www.facebook.com\/tapasmagazine","https:\/\/x.com\/TapasMagazine","https:\/\/www.instagram.com\/tapasmagazine\/","https:\/\/www.linkedin.com\/company\/tapas-magazine","https:\/\/es.pinterest.com\/tapasmagazine\/","https:\/\/www.youtube.com\/channel\/UCEyxneAaACuR0lfDagrWjjg?sub_confirmation=1"]},{"@type":"Person","@id":"https:\/\/www.tapasmagazine.es\/#\/schema\/person\/8bf373b672ffa6f78a076c90acdfaf26","name":"Tapas","url":"https:\/\/www.tapasmagazine.es\/en\/author\/spainmediaweb-tapas\/"}]}},"_links":{"self":[{"href":"https:\/\/www.tapasmagazine.es\/en\/wp-json\/wp\/v2\/posts\/212131","targetHints":{"allow":["GET"]}}],"collection":[{"href":"https:\/\/www.tapasmagazine.es\/en\/wp-json\/wp\/v2\/posts"}],"about":[{"href":"https:\/\/www.tapasmagazine.es\/en\/wp-json\/wp\/v2\/types\/post"}],"author":[{"embeddable":true,"href":"https:\/\/www.tapasmagazine.es\/en\/wp-json\/wp\/v2\/users\/23"}],"replies":[{"embeddable":true,"href":"https:\/\/www.tapasmagazine.es\/en\/wp-json\/wp\/v2\/comments?post=212131"}],"version-history":[{"count":8,"href":"https:\/\/www.tapasmagazine.es\/en\/wp-json\/wp\/v2\/posts\/212131\/revisions"}],"predecessor-version":[{"id":212145,"href":"https:\/\/www.tapasmagazine.es\/en\/wp-json\/wp\/v2\/posts\/212131\/revisions\/212145"}],"wp:featuredmedia":[{"embeddable":true,"href":"https:\/\/www.tapasmagazine.es\/en\/wp-json\/wp\/v2\/media\/212128"}],"wp:attachment":[{"href":"https:\/\/www.tapasmagazine.es\/en\/wp-json\/wp\/v2\/media?parent=212131"}],"wp:term":[{"taxonomy":"category","embeddable":true,"href":"https:\/\/www.tapasmagazine.es\/en\/wp-json\/wp\/v2\/categories?post=212131"},{"taxonomy":"post_tag","embeddable":true,"href":"https:\/\/www.tapasmagazine.es\/en\/wp-json\/wp\/v2\/tags?post=212131"}],"curies":[{"name":"wp","href":"https:\/\/api.w.org\/{rel}","templated":true}]}}