{"id":211053,"date":"2023-10-03T11:13:36","date_gmt":"2023-10-03T09:13:36","guid":{"rendered":"https:\/\/www.tapasmagazine.es\/asi-sera-el-especial-navideno-del-cooking-show-de-selena-gomez\/"},"modified":"2023-10-03T11:28:09","modified_gmt":"2023-10-03T09:28:09","slug":"this-is-what-selena-gomez-cooking-show-christmas-special-will-look-like","status":"publish","type":"post","link":"https:\/\/www.tapasmagazine.es\/en\/this-is-what-selena-gomez-cooking-show-christmas-special-will-look-like\/","title":{"rendered":"This is what Selena Gomez&#8217;s cooking show Christmas special will look like"},"content":{"rendered":"\n<p><strong>Click <a href=\"https:\/\/www.tapasmagazine.es\/asi-sera-el-especial-navideno-del-cooking-show-de-selena-gomez\/\" target=\"_blank\" rel=\"noreferrer noopener\">here<\/a> to read the Spanish version.<\/strong><\/p>\n\n\n\n<p>Starting <strong>November 30<\/strong>, Christmas will come to the celebrity cooking show with &#8216;<strong>Selena + Chef: Home of the Holidays<\/strong>&#8216;. A special in which the actress -and now chef- will learn to prepare <strong>special dishes<\/strong> such as roast beef and mashed potatoes with Guarnaschelli, the classic steak and lobster with Symon or Zpeta&#8217;s Mexican-style Christmas tamales.<\/p>\n\n\n\n<p>The festive menu will be served by a cast of<strong> four celebrity chefs <\/strong>during this <strong>four-episode<\/strong> installment in which &#8216;Iron Chef&#8217; winner Alex Guarnaschelli, Michael Symon, Claudette Zepeta and Eric Adjepong of &#8216;Top Chef&#8217; will share screen time and culinary insight with the &#8216;Only Murders in the Building&#8217; star.<\/p>\n\n\n<div class=\"wp-block-image\">\n<figure class=\"aligncenter size-large is-resized\"><a href=\"https:\/\/www.tapasmagazine.es\/wp-content\/uploads\/2023\/10\/selena-gomez-cooking-show-navidad-2-scaled.webp\"><img decoding=\"async\" src=\"https:\/\/www.tapasmagazine.es\/wp-content\/uploads\/2023\/10\/selena-gomez-cooking-show-navidad-2-1024x683.webp\" alt=\"\" class=\"wp-image-211045\" style=\"width:1150px;height:767px\" width=\"1150\" height=\"767\" srcset=\"https:\/\/www.tapasmagazine.es\/wp-content\/uploads\/2023\/10\/selena-gomez-cooking-show-navidad-2-1024x683.webp 1024w, https:\/\/www.tapasmagazine.es\/wp-content\/uploads\/2023\/10\/selena-gomez-cooking-show-navidad-2-300x200.webp 300w, https:\/\/www.tapasmagazine.es\/wp-content\/uploads\/2023\/10\/selena-gomez-cooking-show-navidad-2-768x512.webp 768w, https:\/\/www.tapasmagazine.es\/wp-content\/uploads\/2023\/10\/selena-gomez-cooking-show-navidad-2-1536x1024.webp 1536w, https:\/\/www.tapasmagazine.es\/wp-content\/uploads\/2023\/10\/selena-gomez-cooking-show-navidad-2-2048x1366.webp 2048w, https:\/\/www.tapasmagazine.es\/wp-content\/uploads\/2023\/10\/selena-gomez-cooking-show-navidad-2-1000x667.webp 1000w, https:\/\/www.tapasmagazine.es\/wp-content\/uploads\/2023\/10\/selena-gomez-cooking-show-navidad-2-400x267.webp 400w\" sizes=\"(max-width: 1150px) 100vw, 1150px\" \/><\/a><\/figure>\n<\/div>\n\n\n<p>The [Christmas] holidays have always meant a lot to me. It was an honor to have these amazing chefs in my kitchen to introduce them to some of their favorite foods and what makes the holidays special for them,&#8217; Gomez revealed to<strong> People<\/strong>. If you&#8217;ve never seen the show and need to know what to expect from &#8216;Selena + Chef,&#8217; there&#8217;s no better time to start.<\/p>\n\n\n\n<p>The holiday special &#8216;<strong>Selena + Chef: Home for the Holidays&#8217;<\/strong> will reportedly be the first of Gomez&#8217;s two projects with<strong> Food Network<\/strong>, which will premiere Thursday, Nov. 30 at 8 p.m. on the U.S. channel as well as on the MAX platform.<\/p>\n","protected":false},"excerpt":{"rendered":"<p>Click here to read the Spanish version. Starting November 30, Christmas will come to the celebrity cooking show with &#8216;Selena + Chef: Home of the Holidays&#8216;. A special in which the actress -and now chef- will learn to prepare special dishes such as roast beef and mashed potatoes with Guarnaschelli, the classic steak and lobster [&hellip;]<\/p>\n","protected":false},"author":285,"featured_media":211043,"comment_status":"open","ping_status":"closed","sticky":false,"template":"single-feature.php","format":"standard","meta":{"_acf_changed":false,"footnotes":""},"categories":[15802,1],"tags":[18385,16575],"class_list":["post-211053","post","type-post","status-publish","format-standard","has-post-thumbnail","hentry","category-news","category-sin-categorizar","tag-programa-culinario-en","tag-selena-gomez-en","cat-15802-id","cat-1-id"],"acf":[],"yoast_head":"<!-- This site is optimized with the Yoast SEO plugin v27.4 - https:\/\/yoast.com\/product\/yoast-seo-wordpress\/ -->\n<title>This is what Selena Gomez&#039;s cooking show Christmas special will look like - Tapas<\/title>\n<meta name=\"description\" content=\"Click here to read the Spanish version. Starting November 30, Christmas will come to the celebrity cooking show with &#039;Selena + Chef: Home of the\" \/>\n<meta name=\"robots\" content=\"index, follow, max-snippet:-1, max-image-preview:large, max-video-preview:-1\" \/>\n<link rel=\"canonical\" href=\"https:\/\/www.tapasmagazine.es\/en\/this-is-what-selena-gomez-cooking-show-christmas-special-will-look-like\/\" \/>\n<meta property=\"og:locale\" content=\"en_US\" \/>\n<meta property=\"og:type\" content=\"article\" \/>\n<meta property=\"og:title\" content=\"This is what Selena Gomez&#039;s cooking show Christmas special will look like - Tapas\" \/>\n<meta property=\"og:description\" content=\"Click here to read the Spanish version. Starting November 30, Christmas will come to the celebrity cooking show with &#039;Selena + Chef: Home of the\" \/>\n<meta property=\"og:url\" content=\"https:\/\/www.tapasmagazine.es\/en\/this-is-what-selena-gomez-cooking-show-christmas-special-will-look-like\/\" \/>\n<meta property=\"og:site_name\" content=\"Tapas\" \/>\n<meta property=\"article:publisher\" content=\"https:\/\/www.facebook.com\/tapasmagazine\" \/>\n<meta property=\"article:published_time\" content=\"2023-10-03T09:13:36+00:00\" \/>\n<meta property=\"article:modified_time\" content=\"2023-10-03T09:28:09+00:00\" \/>\n<meta property=\"og:image\" content=\"https:\/\/www.tapasmagazine.es\/wp-content\/uploads\/2023\/10\/selena-gomez-cooking-show-navidad-1.jpg\" \/>\n\t<meta property=\"og:image:width\" content=\"1200\" \/>\n\t<meta property=\"og:image:height\" content=\"675\" \/>\n\t<meta property=\"og:image:type\" content=\"image\/jpeg\" \/>\n<meta name=\"author\" content=\"Laura P\u00e9rez\" \/>\n<meta name=\"twitter:card\" content=\"summary_large_image\" \/>\n<meta name=\"twitter:creator\" content=\"@TapasMagazine\" \/>\n<meta name=\"twitter:site\" content=\"@TapasMagazine\" \/>\n<meta name=\"twitter:label1\" content=\"Written by\" \/>\n\t<meta name=\"twitter:data1\" content=\"Laura P\u00e9rez\" \/>\n\t<meta name=\"twitter:label2\" content=\"Est. reading time\" \/>\n\t<meta name=\"twitter:data2\" content=\"2 minutes\" \/>\n<script type=\"application\/ld+json\" class=\"yoast-schema-graph\">{\"@context\":\"https:\\\/\\\/schema.org\",\"@graph\":[{\"@type\":\"Article\",\"@id\":\"https:\\\/\\\/www.tapasmagazine.es\\\/en\\\/this-is-what-selena-gomez-cooking-show-christmas-special-will-look-like\\\/#article\",\"isPartOf\":{\"@id\":\"https:\\\/\\\/www.tapasmagazine.es\\\/en\\\/this-is-what-selena-gomez-cooking-show-christmas-special-will-look-like\\\/\"},\"author\":{\"name\":\"Laura P\u00e9rez\",\"@id\":\"https:\\\/\\\/www.tapasmagazine.es\\\/#\\\/schema\\\/person\\\/eb46cbe76a9c8f062660eb609e3ecb4e\"},\"headline\":\"This is what Selena Gomez&#8217;s cooking show Christmas special will look like\",\"datePublished\":\"2023-10-03T09:13:36+00:00\",\"dateModified\":\"2023-10-03T09:28:09+00:00\",\"mainEntityOfPage\":{\"@id\":\"https:\\\/\\\/www.tapasmagazine.es\\\/en\\\/this-is-what-selena-gomez-cooking-show-christmas-special-will-look-like\\\/\"},\"wordCount\":232,\"commentCount\":0,\"publisher\":{\"@id\":\"https:\\\/\\\/www.tapasmagazine.es\\\/#organization\"},\"image\":{\"@id\":\"https:\\\/\\\/www.tapasmagazine.es\\\/en\\\/this-is-what-selena-gomez-cooking-show-christmas-special-will-look-like\\\/#primaryimage\"},\"thumbnailUrl\":\"https:\\\/\\\/www.tapasmagazine.es\\\/wp-content\\\/uploads\\\/2023\\\/10\\\/selena-gomez-cooking-show-navidad-1.jpg\",\"keywords\":[\"programa culinario\",\"selena gomez\"],\"articleSection\":[\"News\",\"Sin categorizar\"],\"inLanguage\":\"en-US\",\"potentialAction\":[{\"@type\":\"CommentAction\",\"name\":\"Comment\",\"target\":[\"https:\\\/\\\/www.tapasmagazine.es\\\/en\\\/this-is-what-selena-gomez-cooking-show-christmas-special-will-look-like\\\/#respond\"]}]},{\"@type\":\"WebPage\",\"@id\":\"https:\\\/\\\/www.tapasmagazine.es\\\/en\\\/this-is-what-selena-gomez-cooking-show-christmas-special-will-look-like\\\/\",\"url\":\"https:\\\/\\\/www.tapasmagazine.es\\\/en\\\/this-is-what-selena-gomez-cooking-show-christmas-special-will-look-like\\\/\",\"name\":\"This is what Selena Gomez's cooking show Christmas special will look like - Tapas\",\"isPartOf\":{\"@id\":\"https:\\\/\\\/www.tapasmagazine.es\\\/#website\"},\"primaryImageOfPage\":{\"@id\":\"https:\\\/\\\/www.tapasmagazine.es\\\/en\\\/this-is-what-selena-gomez-cooking-show-christmas-special-will-look-like\\\/#primaryimage\"},\"image\":{\"@id\":\"https:\\\/\\\/www.tapasmagazine.es\\\/en\\\/this-is-what-selena-gomez-cooking-show-christmas-special-will-look-like\\\/#primaryimage\"},\"thumbnailUrl\":\"https:\\\/\\\/www.tapasmagazine.es\\\/wp-content\\\/uploads\\\/2023\\\/10\\\/selena-gomez-cooking-show-navidad-1.jpg\",\"datePublished\":\"2023-10-03T09:13:36+00:00\",\"dateModified\":\"2023-10-03T09:28:09+00:00\",\"description\":\"Click here to read the Spanish version. Starting November 30, Christmas will come to the celebrity cooking show with 'Selena + Chef: Home of the\",\"breadcrumb\":{\"@id\":\"https:\\\/\\\/www.tapasmagazine.es\\\/en\\\/this-is-what-selena-gomez-cooking-show-christmas-special-will-look-like\\\/#breadcrumb\"},\"inLanguage\":\"en-US\",\"potentialAction\":[{\"@type\":\"ReadAction\",\"target\":[\"https:\\\/\\\/www.tapasmagazine.es\\\/en\\\/this-is-what-selena-gomez-cooking-show-christmas-special-will-look-like\\\/\"]}]},{\"@type\":\"ImageObject\",\"inLanguage\":\"en-US\",\"@id\":\"https:\\\/\\\/www.tapasmagazine.es\\\/en\\\/this-is-what-selena-gomez-cooking-show-christmas-special-will-look-like\\\/#primaryimage\",\"url\":\"https:\\\/\\\/www.tapasmagazine.es\\\/wp-content\\\/uploads\\\/2023\\\/10\\\/selena-gomez-cooking-show-navidad-1.jpg\",\"contentUrl\":\"https:\\\/\\\/www.tapasmagazine.es\\\/wp-content\\\/uploads\\\/2023\\\/10\\\/selena-gomez-cooking-show-navidad-1.jpg\",\"width\":1200,\"height\":675},{\"@type\":\"BreadcrumbList\",\"@id\":\"https:\\\/\\\/www.tapasmagazine.es\\\/en\\\/this-is-what-selena-gomez-cooking-show-christmas-special-will-look-like\\\/#breadcrumb\",\"itemListElement\":[{\"@type\":\"ListItem\",\"position\":1,\"name\":\"Portada\",\"item\":\"https:\\\/\\\/www.tapasmagazine.es\\\/\"},{\"@type\":\"ListItem\",\"position\":2,\"name\":\"Sin categorizar\",\"item\":\"https:\\\/\\\/www.tapasmagazine.es\\\/categorias\\\/sin-categorizar\\\/\"},{\"@type\":\"ListItem\",\"position\":3,\"name\":\"This is what Selena Gomez&#8217;s cooking show Christmas special will look like\"}]},{\"@type\":\"WebSite\",\"@id\":\"https:\\\/\\\/www.tapasmagazine.es\\\/#website\",\"url\":\"https:\\\/\\\/www.tapasmagazine.es\\\/\",\"name\":\"Tapas\",\"description\":\"\u00d1am \u00d1am Lifestyle. La vida a bocados. Premio Nacional de Gastronom\u00eda 2016.\",\"publisher\":{\"@id\":\"https:\\\/\\\/www.tapasmagazine.es\\\/#organization\"},\"potentialAction\":[{\"@type\":\"SearchAction\",\"target\":{\"@type\":\"EntryPoint\",\"urlTemplate\":\"https:\\\/\\\/www.tapasmagazine.es\\\/?s={search_term_string}\"},\"query-input\":{\"@type\":\"PropertyValueSpecification\",\"valueRequired\":true,\"valueName\":\"search_term_string\"}}],\"inLanguage\":\"en-US\"},{\"@type\":\"Organization\",\"@id\":\"https:\\\/\\\/www.tapasmagazine.es\\\/#organization\",\"name\":\"Tapas Magazine\",\"url\":\"https:\\\/\\\/www.tapasmagazine.es\\\/\",\"logo\":{\"@type\":\"ImageObject\",\"inLanguage\":\"en-US\",\"@id\":\"https:\\\/\\\/www.tapasmagazine.es\\\/#\\\/schema\\\/logo\\\/image\\\/\",\"url\":\"https:\\\/\\\/www.tapasmagazine.es\\\/wp-content\\\/uploads\\\/2018\\\/01\\\/logo.png\",\"contentUrl\":\"https:\\\/\\\/www.tapasmagazine.es\\\/wp-content\\\/uploads\\\/2018\\\/01\\\/logo.png\",\"width\":180,\"height\":60,\"caption\":\"Tapas Magazine\"},\"image\":{\"@id\":\"https:\\\/\\\/www.tapasmagazine.es\\\/#\\\/schema\\\/logo\\\/image\\\/\"},\"sameAs\":[\"https:\\\/\\\/www.facebook.com\\\/tapasmagazine\",\"https:\\\/\\\/x.com\\\/TapasMagazine\",\"https:\\\/\\\/www.instagram.com\\\/tapasmagazine\\\/\",\"https:\\\/\\\/www.linkedin.com\\\/company\\\/tapas-magazine\",\"https:\\\/\\\/es.pinterest.com\\\/tapasmagazine\\\/\",\"https:\\\/\\\/www.youtube.com\\\/channel\\\/UCEyxneAaACuR0lfDagrWjjg?sub_confirmation=1\"]},{\"@type\":\"Person\",\"@id\":\"https:\\\/\\\/www.tapasmagazine.es\\\/#\\\/schema\\\/person\\\/eb46cbe76a9c8f062660eb609e3ecb4e\",\"name\":\"Laura P\u00e9rez\",\"url\":\"https:\\\/\\\/www.tapasmagazine.es\\\/en\\\/author\\\/laura-perez\\\/\"}]}<\/script>\n<!-- \/ Yoast SEO plugin. -->","yoast_head_json":{"title":"This is what Selena Gomez's cooking show Christmas special will look like - Tapas","description":"Click here to read the Spanish version. Starting November 30, Christmas will come to the celebrity cooking show with 'Selena + Chef: Home of the","robots":{"index":"index","follow":"follow","max-snippet":"max-snippet:-1","max-image-preview":"max-image-preview:large","max-video-preview":"max-video-preview:-1"},"canonical":"https:\/\/www.tapasmagazine.es\/en\/this-is-what-selena-gomez-cooking-show-christmas-special-will-look-like\/","og_locale":"en_US","og_type":"article","og_title":"This is what Selena Gomez's cooking show Christmas special will look like - Tapas","og_description":"Click here to read the Spanish version. Starting November 30, Christmas will come to the celebrity cooking show with 'Selena + Chef: Home of the","og_url":"https:\/\/www.tapasmagazine.es\/en\/this-is-what-selena-gomez-cooking-show-christmas-special-will-look-like\/","og_site_name":"Tapas","article_publisher":"https:\/\/www.facebook.com\/tapasmagazine","article_published_time":"2023-10-03T09:13:36+00:00","article_modified_time":"2023-10-03T09:28:09+00:00","og_image":[{"width":1200,"height":675,"url":"https:\/\/www.tapasmagazine.es\/wp-content\/uploads\/2023\/10\/selena-gomez-cooking-show-navidad-1.jpg","type":"image\/jpeg"}],"author":"Laura P\u00e9rez","twitter_card":"summary_large_image","twitter_creator":"@TapasMagazine","twitter_site":"@TapasMagazine","twitter_misc":{"Written by":"Laura P\u00e9rez","Est. reading time":"2 minutes"},"schema":{"@context":"https:\/\/schema.org","@graph":[{"@type":"Article","@id":"https:\/\/www.tapasmagazine.es\/en\/this-is-what-selena-gomez-cooking-show-christmas-special-will-look-like\/#article","isPartOf":{"@id":"https:\/\/www.tapasmagazine.es\/en\/this-is-what-selena-gomez-cooking-show-christmas-special-will-look-like\/"},"author":{"name":"Laura P\u00e9rez","@id":"https:\/\/www.tapasmagazine.es\/#\/schema\/person\/eb46cbe76a9c8f062660eb609e3ecb4e"},"headline":"This is what Selena Gomez&#8217;s cooking show Christmas special will look like","datePublished":"2023-10-03T09:13:36+00:00","dateModified":"2023-10-03T09:28:09+00:00","mainEntityOfPage":{"@id":"https:\/\/www.tapasmagazine.es\/en\/this-is-what-selena-gomez-cooking-show-christmas-special-will-look-like\/"},"wordCount":232,"commentCount":0,"publisher":{"@id":"https:\/\/www.tapasmagazine.es\/#organization"},"image":{"@id":"https:\/\/www.tapasmagazine.es\/en\/this-is-what-selena-gomez-cooking-show-christmas-special-will-look-like\/#primaryimage"},"thumbnailUrl":"https:\/\/www.tapasmagazine.es\/wp-content\/uploads\/2023\/10\/selena-gomez-cooking-show-navidad-1.jpg","keywords":["programa culinario","selena gomez"],"articleSection":["News","Sin categorizar"],"inLanguage":"en-US","potentialAction":[{"@type":"CommentAction","name":"Comment","target":["https:\/\/www.tapasmagazine.es\/en\/this-is-what-selena-gomez-cooking-show-christmas-special-will-look-like\/#respond"]}]},{"@type":"WebPage","@id":"https:\/\/www.tapasmagazine.es\/en\/this-is-what-selena-gomez-cooking-show-christmas-special-will-look-like\/","url":"https:\/\/www.tapasmagazine.es\/en\/this-is-what-selena-gomez-cooking-show-christmas-special-will-look-like\/","name":"This is what Selena Gomez's cooking show Christmas special will look like - Tapas","isPartOf":{"@id":"https:\/\/www.tapasmagazine.es\/#website"},"primaryImageOfPage":{"@id":"https:\/\/www.tapasmagazine.es\/en\/this-is-what-selena-gomez-cooking-show-christmas-special-will-look-like\/#primaryimage"},"image":{"@id":"https:\/\/www.tapasmagazine.es\/en\/this-is-what-selena-gomez-cooking-show-christmas-special-will-look-like\/#primaryimage"},"thumbnailUrl":"https:\/\/www.tapasmagazine.es\/wp-content\/uploads\/2023\/10\/selena-gomez-cooking-show-navidad-1.jpg","datePublished":"2023-10-03T09:13:36+00:00","dateModified":"2023-10-03T09:28:09+00:00","description":"Click here to read the Spanish version. Starting November 30, Christmas will come to the celebrity cooking show with 'Selena + Chef: Home of the","breadcrumb":{"@id":"https:\/\/www.tapasmagazine.es\/en\/this-is-what-selena-gomez-cooking-show-christmas-special-will-look-like\/#breadcrumb"},"inLanguage":"en-US","potentialAction":[{"@type":"ReadAction","target":["https:\/\/www.tapasmagazine.es\/en\/this-is-what-selena-gomez-cooking-show-christmas-special-will-look-like\/"]}]},{"@type":"ImageObject","inLanguage":"en-US","@id":"https:\/\/www.tapasmagazine.es\/en\/this-is-what-selena-gomez-cooking-show-christmas-special-will-look-like\/#primaryimage","url":"https:\/\/www.tapasmagazine.es\/wp-content\/uploads\/2023\/10\/selena-gomez-cooking-show-navidad-1.jpg","contentUrl":"https:\/\/www.tapasmagazine.es\/wp-content\/uploads\/2023\/10\/selena-gomez-cooking-show-navidad-1.jpg","width":1200,"height":675},{"@type":"BreadcrumbList","@id":"https:\/\/www.tapasmagazine.es\/en\/this-is-what-selena-gomez-cooking-show-christmas-special-will-look-like\/#breadcrumb","itemListElement":[{"@type":"ListItem","position":1,"name":"Portada","item":"https:\/\/www.tapasmagazine.es\/"},{"@type":"ListItem","position":2,"name":"Sin categorizar","item":"https:\/\/www.tapasmagazine.es\/categorias\/sin-categorizar\/"},{"@type":"ListItem","position":3,"name":"This is what Selena Gomez&#8217;s cooking show Christmas special will look like"}]},{"@type":"WebSite","@id":"https:\/\/www.tapasmagazine.es\/#website","url":"https:\/\/www.tapasmagazine.es\/","name":"Tapas","description":"\u00d1am \u00d1am Lifestyle. La vida a bocados. Premio Nacional de Gastronom\u00eda 2016.","publisher":{"@id":"https:\/\/www.tapasmagazine.es\/#organization"},"potentialAction":[{"@type":"SearchAction","target":{"@type":"EntryPoint","urlTemplate":"https:\/\/www.tapasmagazine.es\/?s={search_term_string}"},"query-input":{"@type":"PropertyValueSpecification","valueRequired":true,"valueName":"search_term_string"}}],"inLanguage":"en-US"},{"@type":"Organization","@id":"https:\/\/www.tapasmagazine.es\/#organization","name":"Tapas Magazine","url":"https:\/\/www.tapasmagazine.es\/","logo":{"@type":"ImageObject","inLanguage":"en-US","@id":"https:\/\/www.tapasmagazine.es\/#\/schema\/logo\/image\/","url":"https:\/\/www.tapasmagazine.es\/wp-content\/uploads\/2018\/01\/logo.png","contentUrl":"https:\/\/www.tapasmagazine.es\/wp-content\/uploads\/2018\/01\/logo.png","width":180,"height":60,"caption":"Tapas Magazine"},"image":{"@id":"https:\/\/www.tapasmagazine.es\/#\/schema\/logo\/image\/"},"sameAs":["https:\/\/www.facebook.com\/tapasmagazine","https:\/\/x.com\/TapasMagazine","https:\/\/www.instagram.com\/tapasmagazine\/","https:\/\/www.linkedin.com\/company\/tapas-magazine","https:\/\/es.pinterest.com\/tapasmagazine\/","https:\/\/www.youtube.com\/channel\/UCEyxneAaACuR0lfDagrWjjg?sub_confirmation=1"]},{"@type":"Person","@id":"https:\/\/www.tapasmagazine.es\/#\/schema\/person\/eb46cbe76a9c8f062660eb609e3ecb4e","name":"Laura P\u00e9rez","url":"https:\/\/www.tapasmagazine.es\/en\/author\/laura-perez\/"}]}},"_links":{"self":[{"href":"https:\/\/www.tapasmagazine.es\/en\/wp-json\/wp\/v2\/posts\/211053","targetHints":{"allow":["GET"]}}],"collection":[{"href":"https:\/\/www.tapasmagazine.es\/en\/wp-json\/wp\/v2\/posts"}],"about":[{"href":"https:\/\/www.tapasmagazine.es\/en\/wp-json\/wp\/v2\/types\/post"}],"author":[{"embeddable":true,"href":"https:\/\/www.tapasmagazine.es\/en\/wp-json\/wp\/v2\/users\/285"}],"replies":[{"embeddable":true,"href":"https:\/\/www.tapasmagazine.es\/en\/wp-json\/wp\/v2\/comments?post=211053"}],"version-history":[{"count":5,"href":"https:\/\/www.tapasmagazine.es\/en\/wp-json\/wp\/v2\/posts\/211053\/revisions"}],"predecessor-version":[{"id":211061,"href":"https:\/\/www.tapasmagazine.es\/en\/wp-json\/wp\/v2\/posts\/211053\/revisions\/211061"}],"wp:featuredmedia":[{"embeddable":true,"href":"https:\/\/www.tapasmagazine.es\/en\/wp-json\/wp\/v2\/media\/211043"}],"wp:attachment":[{"href":"https:\/\/www.tapasmagazine.es\/en\/wp-json\/wp\/v2\/media?parent=211053"}],"wp:term":[{"taxonomy":"category","embeddable":true,"href":"https:\/\/www.tapasmagazine.es\/en\/wp-json\/wp\/v2\/categories?post=211053"},{"taxonomy":"post_tag","embeddable":true,"href":"https:\/\/www.tapasmagazine.es\/en\/wp-json\/wp\/v2\/tags?post=211053"}],"curies":[{"name":"wp","href":"https:\/\/api.w.org\/{rel}","templated":true}]}}