{"id":210668,"date":"2023-09-30T09:44:25","date_gmt":"2023-09-30T07:44:25","guid":{"rendered":"https:\/\/www.tapasmagazine.es\/?p=210668"},"modified":"2023-09-30T09:48:33","modified_gmt":"2023-09-30T07:48:33","slug":"el-legado-de-twin-peaks-en-la-gastronomia","status":"publish","type":"post","link":"https:\/\/www.tapasmagazine.es\/en\/el-legado-de-twin-peaks-en-la-gastronomia\/","title":{"rendered":"El legado de \u2018Twin Peaks\u2019 en la gastronom\u00eda"},"content":{"rendered":"\n<p>Tras m\u00e1s de treinta a\u00f1os, la serie de culto dirigida por<strong> David Lynch<\/strong> y <strong>Mark Frost<\/strong>, sigue proyect\u00e1ndose en la memoria colectiva y en el videoclub de las nuevas generaciones, tanto por su impactante trama como por su poderosa est\u00e9tica suspendida entre efectos visuales, personajes exc\u00e9ntricos y sue\u00f1os desconcertantes.<\/p>\n\n\n\n<p>El s\u00e9quito de devotos de esta producci\u00f3n, que conecta el misterio con el surrealismo y el humor en una misma obra audiovisual, habr\u00e1 podido observar c\u00f3mo la<strong> comida<\/strong> se presenta como el m\u00e1ximo <strong>s\u00edmbolo de virtud<\/strong>, de hedonismo y alegr\u00eda en secuencias ambientadas en lugares como el restaurante del &#8216;<strong>Great Northern Hotel<\/strong>&#8216; o en el cl\u00e1sico &#8216;<strong>Double R Dinner<\/strong>&#8216;.<\/p>\n\n\n\n<figure class=\"wp-block-image size-large is-resized\"><a href=\"https:\/\/www.tapasmagazine.es\/wp-content\/uploads\/2023\/09\/legado-twin-peaks-gastronomia-3.webp\"><img decoding=\"async\" src=\"https:\/\/www.tapasmagazine.es\/wp-content\/uploads\/2023\/09\/legado-twin-peaks-gastronomia-3-1024x576.webp\" alt=\"\" class=\"wp-image-210645\" style=\"width:1200px;height:675px\" width=\"1200\" height=\"675\" srcset=\"https:\/\/www.tapasmagazine.es\/wp-content\/uploads\/2023\/09\/legado-twin-peaks-gastronomia-3-1024x576.webp 1024w, https:\/\/www.tapasmagazine.es\/wp-content\/uploads\/2023\/09\/legado-twin-peaks-gastronomia-3-300x169.webp 300w, https:\/\/www.tapasmagazine.es\/wp-content\/uploads\/2023\/09\/legado-twin-peaks-gastronomia-3-768x432.webp 768w, https:\/\/www.tapasmagazine.es\/wp-content\/uploads\/2023\/09\/legado-twin-peaks-gastronomia-3-1200x675.webp 1200w, https:\/\/www.tapasmagazine.es\/wp-content\/uploads\/2023\/09\/legado-twin-peaks-gastronomia-3-1000x563.webp 1000w, https:\/\/www.tapasmagazine.es\/wp-content\/uploads\/2023\/09\/legado-twin-peaks-gastronomia-3-400x225.webp 400w, https:\/\/www.tapasmagazine.es\/wp-content\/uploads\/2023\/09\/legado-twin-peaks-gastronomia-3.webp 1280w\" sizes=\"(max-width: 1200px) 100vw, 1200px\" \/><\/a><\/figure>\n\n\n\n<p>En este sentido, la obsesi\u00f3n del agente <strong>Cooper <\/strong>por la comida o el caf\u00e9 podr\u00eda interpretarse como una apreciaci\u00f3n de los placeres sencillos, que incluso ilustr\u00f3 el propio <strong>Lynch<\/strong> cuando form\u00f3 parte del elenco de su propia serie, en el papel de <strong>Gordon Cole<\/strong>, devorando grandes porciones de tarta acompa\u00f1adas de altas dosis de caf\u00e9. <\/p>\n\n\n\n<p>Traspasando la pantalla, veamos c\u00f3mo el efecto e impacto que ha tenido en la cultura gastron\u00f3mica se ha manifiestado en la vida real. <\/p>\n\n\n\n<h2 class=\"wp-block-heading\">De la ficci\u00f3n a la vida real<\/h2>\n\n\n\n<p>La comunidad de fans de <strong>Twin Peaks<\/strong>, de sus mensajes incomprendidos y enigmas, contin\u00faan reivindicando su discurso y narrativa a trav\u00e9s del dise\u00f1o de <strong>bares<\/strong> y <strong>restaurantes<\/strong> repletos de referencias a la serie, como el bar neoyorquino &#8216;<strong>The Black Lodge<\/strong>&#8216;, que viste sus techos en rojo sangre y descansa sobre las geometr\u00edas psicod\u00e9licas de uno de los escenarios m\u00e1s ic\u00f3nicos de la historia del cine.<\/p>\n\n\n<div class=\"wp-block-image\">\n<figure class=\"aligncenter size-large is-resized\"><a href=\"https:\/\/www.tapasmagazine.es\/wp-content\/uploads\/2023\/09\/legado-twin-peaks-gastronomia-6.jpg\"><img decoding=\"async\" src=\"https:\/\/www.tapasmagazine.es\/wp-content\/uploads\/2023\/09\/legado-twin-peaks-gastronomia-6-1024x768.jpg\" alt=\"\" class=\"wp-image-210647\" style=\"width:1212px;height:909px\" width=\"1212\" height=\"909\" srcset=\"https:\/\/www.tapasmagazine.es\/wp-content\/uploads\/2023\/09\/legado-twin-peaks-gastronomia-6-1024x768.jpg 1024w, https:\/\/www.tapasmagazine.es\/wp-content\/uploads\/2023\/09\/legado-twin-peaks-gastronomia-6-300x225.jpg 300w, https:\/\/www.tapasmagazine.es\/wp-content\/uploads\/2023\/09\/legado-twin-peaks-gastronomia-6-768x576.jpg 768w, https:\/\/www.tapasmagazine.es\/wp-content\/uploads\/2023\/09\/legado-twin-peaks-gastronomia-6-1000x750.jpg 1000w, https:\/\/www.tapasmagazine.es\/wp-content\/uploads\/2023\/09\/legado-twin-peaks-gastronomia-6-400x300.jpg 400w, https:\/\/www.tapasmagazine.es\/wp-content\/uploads\/2023\/09\/legado-twin-peaks-gastronomia-6.jpg 1200w\" sizes=\"(max-width: 1212px) 100vw, 1212px\" \/><\/a><\/figure>\n<\/div>\n\n\n<p>La ciudad ficticia de Twin Peaks y todo el imaginario est\u00e9tico inspiran as\u00ed restaurantes, bares y cafeter\u00edas en todo el mundo, en las que poder servir el caf\u00e9, la tarta de cerezas o el sirope de arce y jam\u00f3n de Cooper.<\/p>\n\n\n\n<p>De hecho, incluso titulan sus locales con sus frases m\u00edticas, como ocurre en la cafeter\u00eda de Illinois, \u2018<strong>Damn Fine Coffe<\/strong>\u2019. Mientras tanto, en otra de las dimensiones extendidas de la serie en Copenhague existe &#8216;<strong>Log Lady Cafe<\/strong>&#8216;, llamada as\u00ed en honor de uno de los personajes m\u00e1s enigm\u00e1ticos de su universo.<\/p>\n\n\n<div class=\"wp-block-image\">\n<figure class=\"aligncenter size-large is-resized\"><a href=\"https:\/\/www.tapasmagazine.es\/wp-content\/uploads\/2023\/09\/ntstf_2.jpeg\"><img decoding=\"async\" src=\"https:\/\/www.tapasmagazine.es\/wp-content\/uploads\/2023\/09\/ntstf_2-1024x576.jpeg\" alt=\"\" class=\"wp-image-210748\" style=\"width:1280px;height:1086px\" width=\"1280\" height=\"1086\"\/><\/a><\/figure>\n<\/div>\n\n\n<p>Todos esos establecimientos que rinden homenaje a este extravagante thriller, aspiran a recrear esa sensaci\u00f3n misteriosa de su restaurante de carretera &#8216;<strong>Roadhouse<\/strong>&#8216; o de la cafeter\u00eda &#8216;<strong>Double R Diner<\/strong>&#8216;; decorados con recuerdos y obras de fans, e interiorismos ambientados en sus m\u00edticos escenarios. Los visitantes pueden adentrarse, as\u00ed, en todos esos lugares encriptados de la serie en la que muchos se quedar\u00edan a vivir para siempre.<\/p>\n\n\n\n<p>El tributo contin\u00faa materializ\u00e1ndose en infinidad de restaurantes, como el &#8216;<strong>Wyckoff Starr<\/strong>&#8216; de Brooklyn, o el &#8216;<strong>Great Nothern BBQ<\/strong>&#8216; de Rhode Island, que evoca el escenario creativo y sobrenatural del hotel &#8216;Great Northern&#8217; de la serie a trav\u00e9s de m\u00faltiples c\u00f3digos visuales.<\/p>\n\n\n<div class=\"wp-block-image\">\n<figure class=\"aligncenter size-large is-resized\"><a href=\"https:\/\/www.tapasmagazine.es\/wp-content\/uploads\/2023\/09\/legado-twin-peaks-gastronomia-4.webp\"><img decoding=\"async\" src=\"https:\/\/www.tapasmagazine.es\/wp-content\/uploads\/2023\/09\/legado-twin-peaks-gastronomia-4-1024x683.webp\" alt=\"\" class=\"wp-image-210651\" style=\"width:992px;height:662px\" width=\"992\" height=\"662\" srcset=\"https:\/\/www.tapasmagazine.es\/wp-content\/uploads\/2023\/09\/legado-twin-peaks-gastronomia-4-1024x683.webp 1024w, https:\/\/www.tapasmagazine.es\/wp-content\/uploads\/2023\/09\/legado-twin-peaks-gastronomia-4-300x200.webp 300w, https:\/\/www.tapasmagazine.es\/wp-content\/uploads\/2023\/09\/legado-twin-peaks-gastronomia-4-768x512.webp 768w, https:\/\/www.tapasmagazine.es\/wp-content\/uploads\/2023\/09\/legado-twin-peaks-gastronomia-4-1536x1024.webp 1536w, https:\/\/www.tapasmagazine.es\/wp-content\/uploads\/2023\/09\/legado-twin-peaks-gastronomia-4-1000x667.webp 1000w, https:\/\/www.tapasmagazine.es\/wp-content\/uploads\/2023\/09\/legado-twin-peaks-gastronomia-4-400x267.webp 400w, https:\/\/www.tapasmagazine.es\/wp-content\/uploads\/2023\/09\/legado-twin-peaks-gastronomia-4.webp 1600w\" sizes=\"(max-width: 992px) 100vw, 992px\" \/><\/a><\/figure>\n<\/div>\n\n\n<p>Girando el foco de la escena internacional, podemos ver c\u00f3mo en la nacional se erigen asimismo ciertos locales inspirados en el cl\u00e1sico de culto como el caf\u00e9-bar \u2018<strong>Estupenda<\/strong>\u2019 de <strong>Madrid<\/strong>, que recrea los <em>sets<\/em> m\u00e1s representativos de la serie de los noventa, como la cafeter\u00eda &#8216;RR&#8217;, el bar &#8216;Bang Bang&#8217; o la &#8216;Habitaci\u00f3n Roja&#8217;, en los que poder recrear las ic\u00f3nicas secuencias gastron\u00f3micas de la serie.<\/p>\n","protected":false},"excerpt":{"rendered":"<p>Tras m\u00e1s de treinta a\u00f1os, la serie de culto dirigida por David Lynch y Mark Frost, sigue proyect\u00e1ndose en la memoria colectiva y en el videoclub de las nuevas generaciones, tanto por su impactante trama como por su poderosa est\u00e9tica suspendida entre efectos visuales, personajes exc\u00e9ntricos y sue\u00f1os desconcertantes. El s\u00e9quito de devotos de esta [&hellip;]<\/p>\n","protected":false},"author":285,"featured_media":210747,"comment_status":"open","ping_status":"closed","sticky":false,"template":"single-feature.php","format":"standard","meta":{"_acf_changed":false,"footnotes":""},"categories":[16002],"tags":[15824,15803,17717,18375],"class_list":["post-210668","post","type-post","status-publish","format-standard","has-post-thumbnail","hentry","category-reportajes-en","tag-gastronomia-en","tag-restaurants","tag-serie-en","tag-twin-peaks-en","cat-16002-id"],"acf":[],"yoast_head":"<!-- This site is optimized with the Yoast SEO plugin v27.4 - https:\/\/yoast.com\/product\/yoast-seo-wordpress\/ -->\n<title>El legado de \u2018Twin Peaks\u2019 en la gastronom\u00eda - Tapas<\/title>\n<meta name=\"description\" content=\"Tras m\u00e1s de treinta a\u00f1os, la serie de culto dirigida por David Lynch y Mark Frost, sigue proyect\u00e1ndose en la memoria colectiva y en el videoclub de las\" \/>\n<meta name=\"robots\" content=\"index, follow, max-snippet:-1, max-image-preview:large, max-video-preview:-1\" \/>\n<link rel=\"canonical\" href=\"https:\/\/www.tapasmagazine.es\/en\/el-legado-de-twin-peaks-en-la-gastronomia\/\" \/>\n<meta property=\"og:locale\" content=\"en_US\" \/>\n<meta property=\"og:type\" content=\"article\" \/>\n<meta property=\"og:title\" content=\"El legado de \u2018Twin Peaks\u2019 en la gastronom\u00eda - Tapas\" \/>\n<meta property=\"og:description\" content=\"Tras m\u00e1s de treinta a\u00f1os, la serie de culto dirigida por David Lynch y Mark Frost, sigue proyect\u00e1ndose en la memoria colectiva y en el videoclub de las\" \/>\n<meta property=\"og:url\" content=\"https:\/\/www.tapasmagazine.es\/en\/el-legado-de-twin-peaks-en-la-gastronomia\/\" \/>\n<meta property=\"og:site_name\" content=\"Tapas\" \/>\n<meta property=\"article:publisher\" content=\"https:\/\/www.facebook.com\/tapasmagazine\" \/>\n<meta property=\"article:published_time\" content=\"2023-09-30T07:44:25+00:00\" \/>\n<meta property=\"article:modified_time\" content=\"2023-09-30T07:48:33+00:00\" \/>\n<meta property=\"og:image\" content=\"https:\/\/www.tapasmagazine.es\/wp-content\/uploads\/2023\/09\/twin_peaks_abc_archives.0-1.jpg\" \/>\n\t<meta property=\"og:image:width\" content=\"1200\" \/>\n\t<meta property=\"og:image:height\" content=\"675\" \/>\n\t<meta property=\"og:image:type\" content=\"image\/jpeg\" \/>\n<meta name=\"author\" content=\"Laura P\u00e9rez\" \/>\n<meta name=\"twitter:card\" content=\"summary_large_image\" \/>\n<meta name=\"twitter:creator\" content=\"@TapasMagazine\" \/>\n<meta name=\"twitter:site\" content=\"@TapasMagazine\" \/>\n<meta name=\"twitter:label1\" content=\"Written by\" \/>\n\t<meta name=\"twitter:data1\" content=\"Laura P\u00e9rez\" \/>\n\t<meta name=\"twitter:label2\" content=\"Est. reading time\" \/>\n\t<meta name=\"twitter:data2\" content=\"4 minutes\" \/>\n<script type=\"application\/ld+json\" class=\"yoast-schema-graph\">{\"@context\":\"https:\\\/\\\/schema.org\",\"@graph\":[{\"@type\":\"Article\",\"@id\":\"https:\\\/\\\/www.tapasmagazine.es\\\/en\\\/el-legado-de-twin-peaks-en-la-gastronomia\\\/#article\",\"isPartOf\":{\"@id\":\"https:\\\/\\\/www.tapasmagazine.es\\\/en\\\/el-legado-de-twin-peaks-en-la-gastronomia\\\/\"},\"author\":{\"name\":\"Laura P\u00e9rez\",\"@id\":\"https:\\\/\\\/www.tapasmagazine.es\\\/#\\\/schema\\\/person\\\/eb46cbe76a9c8f062660eb609e3ecb4e\"},\"headline\":\"El legado de \u2018Twin Peaks\u2019 en la gastronom\u00eda\",\"datePublished\":\"2023-09-30T07:44:25+00:00\",\"dateModified\":\"2023-09-30T07:48:33+00:00\",\"mainEntityOfPage\":{\"@id\":\"https:\\\/\\\/www.tapasmagazine.es\\\/en\\\/el-legado-de-twin-peaks-en-la-gastronomia\\\/\"},\"wordCount\":584,\"commentCount\":0,\"publisher\":{\"@id\":\"https:\\\/\\\/www.tapasmagazine.es\\\/#organization\"},\"image\":{\"@id\":\"https:\\\/\\\/www.tapasmagazine.es\\\/en\\\/el-legado-de-twin-peaks-en-la-gastronomia\\\/#primaryimage\"},\"thumbnailUrl\":\"https:\\\/\\\/www.tapasmagazine.es\\\/wp-content\\\/uploads\\\/2023\\\/09\\\/twin_peaks_abc_archives.0-1.jpg\",\"keywords\":[\"gastronom\u00eda\",\"restaurants\",\"serie\",\"Twin Peaks\"],\"articleSection\":[\"Reportajes\"],\"inLanguage\":\"en-US\",\"potentialAction\":[{\"@type\":\"CommentAction\",\"name\":\"Comment\",\"target\":[\"https:\\\/\\\/www.tapasmagazine.es\\\/en\\\/el-legado-de-twin-peaks-en-la-gastronomia\\\/#respond\"]}]},{\"@type\":\"WebPage\",\"@id\":\"https:\\\/\\\/www.tapasmagazine.es\\\/en\\\/el-legado-de-twin-peaks-en-la-gastronomia\\\/\",\"url\":\"https:\\\/\\\/www.tapasmagazine.es\\\/en\\\/el-legado-de-twin-peaks-en-la-gastronomia\\\/\",\"name\":\"El legado de \u2018Twin Peaks\u2019 en la gastronom\u00eda - Tapas\",\"isPartOf\":{\"@id\":\"https:\\\/\\\/www.tapasmagazine.es\\\/#website\"},\"primaryImageOfPage\":{\"@id\":\"https:\\\/\\\/www.tapasmagazine.es\\\/en\\\/el-legado-de-twin-peaks-en-la-gastronomia\\\/#primaryimage\"},\"image\":{\"@id\":\"https:\\\/\\\/www.tapasmagazine.es\\\/en\\\/el-legado-de-twin-peaks-en-la-gastronomia\\\/#primaryimage\"},\"thumbnailUrl\":\"https:\\\/\\\/www.tapasmagazine.es\\\/wp-content\\\/uploads\\\/2023\\\/09\\\/twin_peaks_abc_archives.0-1.jpg\",\"datePublished\":\"2023-09-30T07:44:25+00:00\",\"dateModified\":\"2023-09-30T07:48:33+00:00\",\"description\":\"Tras m\u00e1s de treinta a\u00f1os, la serie de culto dirigida por David Lynch y Mark Frost, sigue proyect\u00e1ndose en la memoria colectiva y en el videoclub de las\",\"breadcrumb\":{\"@id\":\"https:\\\/\\\/www.tapasmagazine.es\\\/en\\\/el-legado-de-twin-peaks-en-la-gastronomia\\\/#breadcrumb\"},\"inLanguage\":\"en-US\",\"potentialAction\":[{\"@type\":\"ReadAction\",\"target\":[\"https:\\\/\\\/www.tapasmagazine.es\\\/en\\\/el-legado-de-twin-peaks-en-la-gastronomia\\\/\"]}]},{\"@type\":\"ImageObject\",\"inLanguage\":\"en-US\",\"@id\":\"https:\\\/\\\/www.tapasmagazine.es\\\/en\\\/el-legado-de-twin-peaks-en-la-gastronomia\\\/#primaryimage\",\"url\":\"https:\\\/\\\/www.tapasmagazine.es\\\/wp-content\\\/uploads\\\/2023\\\/09\\\/twin_peaks_abc_archives.0-1.jpg\",\"contentUrl\":\"https:\\\/\\\/www.tapasmagazine.es\\\/wp-content\\\/uploads\\\/2023\\\/09\\\/twin_peaks_abc_archives.0-1.jpg\",\"width\":1200,\"height\":675},{\"@type\":\"BreadcrumbList\",\"@id\":\"https:\\\/\\\/www.tapasmagazine.es\\\/en\\\/el-legado-de-twin-peaks-en-la-gastronomia\\\/#breadcrumb\",\"itemListElement\":[{\"@type\":\"ListItem\",\"position\":1,\"name\":\"Portada\",\"item\":\"https:\\\/\\\/www.tapasmagazine.es\\\/\"},{\"@type\":\"ListItem\",\"position\":2,\"name\":\"Reportajes\",\"item\":\"https:\\\/\\\/www.tapasmagazine.es\\\/categorias\\\/reportajes\\\/\"},{\"@type\":\"ListItem\",\"position\":3,\"name\":\"El legado de \u2018Twin Peaks\u2019 en la gastronom\u00eda\"}]},{\"@type\":\"WebSite\",\"@id\":\"https:\\\/\\\/www.tapasmagazine.es\\\/#website\",\"url\":\"https:\\\/\\\/www.tapasmagazine.es\\\/\",\"name\":\"Tapas\",\"description\":\"\u00d1am \u00d1am Lifestyle. La vida a bocados. Premio Nacional de Gastronom\u00eda 2016.\",\"publisher\":{\"@id\":\"https:\\\/\\\/www.tapasmagazine.es\\\/#organization\"},\"potentialAction\":[{\"@type\":\"SearchAction\",\"target\":{\"@type\":\"EntryPoint\",\"urlTemplate\":\"https:\\\/\\\/www.tapasmagazine.es\\\/?s={search_term_string}\"},\"query-input\":{\"@type\":\"PropertyValueSpecification\",\"valueRequired\":true,\"valueName\":\"search_term_string\"}}],\"inLanguage\":\"en-US\"},{\"@type\":\"Organization\",\"@id\":\"https:\\\/\\\/www.tapasmagazine.es\\\/#organization\",\"name\":\"Tapas Magazine\",\"url\":\"https:\\\/\\\/www.tapasmagazine.es\\\/\",\"logo\":{\"@type\":\"ImageObject\",\"inLanguage\":\"en-US\",\"@id\":\"https:\\\/\\\/www.tapasmagazine.es\\\/#\\\/schema\\\/logo\\\/image\\\/\",\"url\":\"https:\\\/\\\/www.tapasmagazine.es\\\/wp-content\\\/uploads\\\/2018\\\/01\\\/logo.png\",\"contentUrl\":\"https:\\\/\\\/www.tapasmagazine.es\\\/wp-content\\\/uploads\\\/2018\\\/01\\\/logo.png\",\"width\":180,\"height\":60,\"caption\":\"Tapas Magazine\"},\"image\":{\"@id\":\"https:\\\/\\\/www.tapasmagazine.es\\\/#\\\/schema\\\/logo\\\/image\\\/\"},\"sameAs\":[\"https:\\\/\\\/www.facebook.com\\\/tapasmagazine\",\"https:\\\/\\\/x.com\\\/TapasMagazine\",\"https:\\\/\\\/www.instagram.com\\\/tapasmagazine\\\/\",\"https:\\\/\\\/www.linkedin.com\\\/company\\\/tapas-magazine\",\"https:\\\/\\\/es.pinterest.com\\\/tapasmagazine\\\/\",\"https:\\\/\\\/www.youtube.com\\\/channel\\\/UCEyxneAaACuR0lfDagrWjjg?sub_confirmation=1\"]},{\"@type\":\"Person\",\"@id\":\"https:\\\/\\\/www.tapasmagazine.es\\\/#\\\/schema\\\/person\\\/eb46cbe76a9c8f062660eb609e3ecb4e\",\"name\":\"Laura P\u00e9rez\",\"url\":\"https:\\\/\\\/www.tapasmagazine.es\\\/en\\\/author\\\/laura-perez\\\/\"}]}<\/script>\n<!-- \/ Yoast SEO plugin. -->","yoast_head_json":{"title":"El legado de \u2018Twin Peaks\u2019 en la gastronom\u00eda - Tapas","description":"Tras m\u00e1s de treinta a\u00f1os, la serie de culto dirigida por David Lynch y Mark Frost, sigue proyect\u00e1ndose en la memoria colectiva y en el videoclub de las","robots":{"index":"index","follow":"follow","max-snippet":"max-snippet:-1","max-image-preview":"max-image-preview:large","max-video-preview":"max-video-preview:-1"},"canonical":"https:\/\/www.tapasmagazine.es\/en\/el-legado-de-twin-peaks-en-la-gastronomia\/","og_locale":"en_US","og_type":"article","og_title":"El legado de \u2018Twin Peaks\u2019 en la gastronom\u00eda - Tapas","og_description":"Tras m\u00e1s de treinta a\u00f1os, la serie de culto dirigida por David Lynch y Mark Frost, sigue proyect\u00e1ndose en la memoria colectiva y en el videoclub de las","og_url":"https:\/\/www.tapasmagazine.es\/en\/el-legado-de-twin-peaks-en-la-gastronomia\/","og_site_name":"Tapas","article_publisher":"https:\/\/www.facebook.com\/tapasmagazine","article_published_time":"2023-09-30T07:44:25+00:00","article_modified_time":"2023-09-30T07:48:33+00:00","og_image":[{"width":1200,"height":675,"url":"https:\/\/www.tapasmagazine.es\/wp-content\/uploads\/2023\/09\/twin_peaks_abc_archives.0-1.jpg","type":"image\/jpeg"}],"author":"Laura P\u00e9rez","twitter_card":"summary_large_image","twitter_creator":"@TapasMagazine","twitter_site":"@TapasMagazine","twitter_misc":{"Written by":"Laura P\u00e9rez","Est. reading time":"4 minutes"},"schema":{"@context":"https:\/\/schema.org","@graph":[{"@type":"Article","@id":"https:\/\/www.tapasmagazine.es\/en\/el-legado-de-twin-peaks-en-la-gastronomia\/#article","isPartOf":{"@id":"https:\/\/www.tapasmagazine.es\/en\/el-legado-de-twin-peaks-en-la-gastronomia\/"},"author":{"name":"Laura P\u00e9rez","@id":"https:\/\/www.tapasmagazine.es\/#\/schema\/person\/eb46cbe76a9c8f062660eb609e3ecb4e"},"headline":"El legado de \u2018Twin Peaks\u2019 en la gastronom\u00eda","datePublished":"2023-09-30T07:44:25+00:00","dateModified":"2023-09-30T07:48:33+00:00","mainEntityOfPage":{"@id":"https:\/\/www.tapasmagazine.es\/en\/el-legado-de-twin-peaks-en-la-gastronomia\/"},"wordCount":584,"commentCount":0,"publisher":{"@id":"https:\/\/www.tapasmagazine.es\/#organization"},"image":{"@id":"https:\/\/www.tapasmagazine.es\/en\/el-legado-de-twin-peaks-en-la-gastronomia\/#primaryimage"},"thumbnailUrl":"https:\/\/www.tapasmagazine.es\/wp-content\/uploads\/2023\/09\/twin_peaks_abc_archives.0-1.jpg","keywords":["gastronom\u00eda","restaurants","serie","Twin Peaks"],"articleSection":["Reportajes"],"inLanguage":"en-US","potentialAction":[{"@type":"CommentAction","name":"Comment","target":["https:\/\/www.tapasmagazine.es\/en\/el-legado-de-twin-peaks-en-la-gastronomia\/#respond"]}]},{"@type":"WebPage","@id":"https:\/\/www.tapasmagazine.es\/en\/el-legado-de-twin-peaks-en-la-gastronomia\/","url":"https:\/\/www.tapasmagazine.es\/en\/el-legado-de-twin-peaks-en-la-gastronomia\/","name":"El legado de \u2018Twin Peaks\u2019 en la gastronom\u00eda - Tapas","isPartOf":{"@id":"https:\/\/www.tapasmagazine.es\/#website"},"primaryImageOfPage":{"@id":"https:\/\/www.tapasmagazine.es\/en\/el-legado-de-twin-peaks-en-la-gastronomia\/#primaryimage"},"image":{"@id":"https:\/\/www.tapasmagazine.es\/en\/el-legado-de-twin-peaks-en-la-gastronomia\/#primaryimage"},"thumbnailUrl":"https:\/\/www.tapasmagazine.es\/wp-content\/uploads\/2023\/09\/twin_peaks_abc_archives.0-1.jpg","datePublished":"2023-09-30T07:44:25+00:00","dateModified":"2023-09-30T07:48:33+00:00","description":"Tras m\u00e1s de treinta a\u00f1os, la serie de culto dirigida por David Lynch y Mark Frost, sigue proyect\u00e1ndose en la memoria colectiva y en el videoclub de las","breadcrumb":{"@id":"https:\/\/www.tapasmagazine.es\/en\/el-legado-de-twin-peaks-en-la-gastronomia\/#breadcrumb"},"inLanguage":"en-US","potentialAction":[{"@type":"ReadAction","target":["https:\/\/www.tapasmagazine.es\/en\/el-legado-de-twin-peaks-en-la-gastronomia\/"]}]},{"@type":"ImageObject","inLanguage":"en-US","@id":"https:\/\/www.tapasmagazine.es\/en\/el-legado-de-twin-peaks-en-la-gastronomia\/#primaryimage","url":"https:\/\/www.tapasmagazine.es\/wp-content\/uploads\/2023\/09\/twin_peaks_abc_archives.0-1.jpg","contentUrl":"https:\/\/www.tapasmagazine.es\/wp-content\/uploads\/2023\/09\/twin_peaks_abc_archives.0-1.jpg","width":1200,"height":675},{"@type":"BreadcrumbList","@id":"https:\/\/www.tapasmagazine.es\/en\/el-legado-de-twin-peaks-en-la-gastronomia\/#breadcrumb","itemListElement":[{"@type":"ListItem","position":1,"name":"Portada","item":"https:\/\/www.tapasmagazine.es\/"},{"@type":"ListItem","position":2,"name":"Reportajes","item":"https:\/\/www.tapasmagazine.es\/categorias\/reportajes\/"},{"@type":"ListItem","position":3,"name":"El legado de \u2018Twin Peaks\u2019 en la gastronom\u00eda"}]},{"@type":"WebSite","@id":"https:\/\/www.tapasmagazine.es\/#website","url":"https:\/\/www.tapasmagazine.es\/","name":"Tapas","description":"\u00d1am \u00d1am Lifestyle. La vida a bocados. Premio Nacional de Gastronom\u00eda 2016.","publisher":{"@id":"https:\/\/www.tapasmagazine.es\/#organization"},"potentialAction":[{"@type":"SearchAction","target":{"@type":"EntryPoint","urlTemplate":"https:\/\/www.tapasmagazine.es\/?s={search_term_string}"},"query-input":{"@type":"PropertyValueSpecification","valueRequired":true,"valueName":"search_term_string"}}],"inLanguage":"en-US"},{"@type":"Organization","@id":"https:\/\/www.tapasmagazine.es\/#organization","name":"Tapas Magazine","url":"https:\/\/www.tapasmagazine.es\/","logo":{"@type":"ImageObject","inLanguage":"en-US","@id":"https:\/\/www.tapasmagazine.es\/#\/schema\/logo\/image\/","url":"https:\/\/www.tapasmagazine.es\/wp-content\/uploads\/2018\/01\/logo.png","contentUrl":"https:\/\/www.tapasmagazine.es\/wp-content\/uploads\/2018\/01\/logo.png","width":180,"height":60,"caption":"Tapas Magazine"},"image":{"@id":"https:\/\/www.tapasmagazine.es\/#\/schema\/logo\/image\/"},"sameAs":["https:\/\/www.facebook.com\/tapasmagazine","https:\/\/x.com\/TapasMagazine","https:\/\/www.instagram.com\/tapasmagazine\/","https:\/\/www.linkedin.com\/company\/tapas-magazine","https:\/\/es.pinterest.com\/tapasmagazine\/","https:\/\/www.youtube.com\/channel\/UCEyxneAaACuR0lfDagrWjjg?sub_confirmation=1"]},{"@type":"Person","@id":"https:\/\/www.tapasmagazine.es\/#\/schema\/person\/eb46cbe76a9c8f062660eb609e3ecb4e","name":"Laura P\u00e9rez","url":"https:\/\/www.tapasmagazine.es\/en\/author\/laura-perez\/"}]}},"_links":{"self":[{"href":"https:\/\/www.tapasmagazine.es\/en\/wp-json\/wp\/v2\/posts\/210668","targetHints":{"allow":["GET"]}}],"collection":[{"href":"https:\/\/www.tapasmagazine.es\/en\/wp-json\/wp\/v2\/posts"}],"about":[{"href":"https:\/\/www.tapasmagazine.es\/en\/wp-json\/wp\/v2\/types\/post"}],"author":[{"embeddable":true,"href":"https:\/\/www.tapasmagazine.es\/en\/wp-json\/wp\/v2\/users\/285"}],"replies":[{"embeddable":true,"href":"https:\/\/www.tapasmagazine.es\/en\/wp-json\/wp\/v2\/comments?post=210668"}],"version-history":[{"count":12,"href":"https:\/\/www.tapasmagazine.es\/en\/wp-json\/wp\/v2\/posts\/210668\/revisions"}],"predecessor-version":[{"id":210751,"href":"https:\/\/www.tapasmagazine.es\/en\/wp-json\/wp\/v2\/posts\/210668\/revisions\/210751"}],"wp:featuredmedia":[{"embeddable":true,"href":"https:\/\/www.tapasmagazine.es\/en\/wp-json\/wp\/v2\/media\/210747"}],"wp:attachment":[{"href":"https:\/\/www.tapasmagazine.es\/en\/wp-json\/wp\/v2\/media?parent=210668"}],"wp:term":[{"taxonomy":"category","embeddable":true,"href":"https:\/\/www.tapasmagazine.es\/en\/wp-json\/wp\/v2\/categories?post=210668"},{"taxonomy":"post_tag","embeddable":true,"href":"https:\/\/www.tapasmagazine.es\/en\/wp-json\/wp\/v2\/tags?post=210668"}],"curies":[{"name":"wp","href":"https:\/\/api.w.org\/{rel}","templated":true}]}}