{"id":209466,"date":"2023-09-25T10:43:08","date_gmt":"2023-09-25T08:43:08","guid":{"rendered":"https:\/\/www.tapasmagazine.es\/la-cafeteria-central-perk-de-friends-llega-a-la-vida-real\/"},"modified":"2023-09-25T10:46:52","modified_gmt":"2023-09-25T08:46:52","slug":"central-perk-coffe-shop-from-friends-comes-to-real-life","status":"publish","type":"post","link":"https:\/\/www.tapasmagazine.es\/en\/central-perk-coffe-shop-from-friends-comes-to-real-life\/","title":{"rendered":"Central Perk coffee shop from &#8216;Friends&#8217; comes to real life"},"content":{"rendered":"\n<p><strong>Click <a href=\"https:\/\/www.tapasmagazine.es\/la-cafeteria-central-perk-de-friends-llega-a-la-vida-real\/\" target=\"_blank\" rel=\"noreferrer noopener\">here<\/a> to read the Spanish version.<\/strong><\/p>\n\n\n\n<p><strong>Friends<\/strong>, as an eternal series projected in the archive and collective memory, will continue to serve scenes from this coffee shop inspired by the series. And no, it will not be one of the infinite pop ups installed in New York or in other countries, it will be a permanent location that will recreate the entire universe of the series from the <strong>Back Bay<\/strong> of <strong>Boston<\/strong>.<\/p>\n\n\n\n<p>This caf\u00e9, which will pay tribute to the nostalgic production from a brownstone on<strong> Newbury Street<\/strong>, will feature a menu prepared by <strong>Tom Colicchio<\/strong>, head judge of Top Chef and winner of the James Beard Award.<\/p>\n\n\n<div class=\"wp-block-image\">\n<figure class=\"aligncenter size-large is-resized\"><a href=\"https:\/\/www.tapasmagazine.es\/wp-content\/uploads\/2023\/09\/central-perk-boston-3.jpg\"><img decoding=\"async\" src=\"https:\/\/www.tapasmagazine.es\/wp-content\/uploads\/2023\/09\/central-perk-boston-3-1024x682.jpg\" alt=\"\" class=\"wp-image-209436\" style=\"width:1152px;height:768px\" width=\"1152\" height=\"768\" srcset=\"https:\/\/www.tapasmagazine.es\/wp-content\/uploads\/2023\/09\/central-perk-boston-3-1024x682.jpg 1024w, https:\/\/www.tapasmagazine.es\/wp-content\/uploads\/2023\/09\/central-perk-boston-3-300x200.jpg 300w, https:\/\/www.tapasmagazine.es\/wp-content\/uploads\/2023\/09\/central-perk-boston-3-768x512.jpg 768w, https:\/\/www.tapasmagazine.es\/wp-content\/uploads\/2023\/09\/central-perk-boston-3-1000x666.jpg 1000w, https:\/\/www.tapasmagazine.es\/wp-content\/uploads\/2023\/09\/central-perk-boston-3-400x267.jpg 400w, https:\/\/www.tapasmagazine.es\/wp-content\/uploads\/2023\/09\/central-perk-boston-3.jpg 1280w\" sizes=\"(max-width: 1152px) 100vw, 1152px\" \/><\/a><\/figure>\n<\/div>\n\n\n<p>Within its <strong>menu<\/strong>, different themed food options will coexist to recreate the most memorable gastronomic sequences of the 90&#8217;s sitcom: from Pastry Chef Melissa Weller&#8217;s CP Signature Bagel to Joey&#8217;s Meatball Sandwich, Rachel&#8217;s Salad, Grandma&#8217;s Chicken Salad, Weekend at Caesars Salad or Mama&#8217;s Little Baker&#8217;s Cheesecake.<\/p>\n\n\n\n<p>The liquid menu will consist of<strong> six original coffee combinations<\/strong> in various formats: Princess Consuela&#8217;s Banana Mocha and Chandler&#8217;s Chocolate Milk Cold Foam, as well as a selection of beers, wines and spirits, including espresso martinis.<\/p>\n\n\n\n<div class=\"wp-block-jetpack-slideshow aligncenter\" data-effect=\"slide\"><div class=\"wp-block-jetpack-slideshow_container swiper-container\"><ul class=\"wp-block-jetpack-slideshow_swiper-wrapper swiper-wrapper\"><li class=\"wp-block-jetpack-slideshow_slide swiper-slide\"><figure><img decoding=\"async\" width=\"1280\" height=\"853\" alt=\"\" class=\"wp-block-jetpack-slideshow_image wp-image-209445\" data-id=\"209445\" src=\"https:\/\/www.tapasmagazine.es\/wp-content\/uploads\/2023\/09\/central-perk-boston-5.jpg\" srcset=\"https:\/\/www.tapasmagazine.es\/wp-content\/uploads\/2023\/09\/central-perk-boston-5.jpg 1280w, https:\/\/www.tapasmagazine.es\/wp-content\/uploads\/2023\/09\/central-perk-boston-5-300x200.jpg 300w, https:\/\/www.tapasmagazine.es\/wp-content\/uploads\/2023\/09\/central-perk-boston-5-1024x682.jpg 1024w, https:\/\/www.tapasmagazine.es\/wp-content\/uploads\/2023\/09\/central-perk-boston-5-768x512.jpg 768w, https:\/\/www.tapasmagazine.es\/wp-content\/uploads\/2023\/09\/central-perk-boston-5-1000x666.jpg 1000w, https:\/\/www.tapasmagazine.es\/wp-content\/uploads\/2023\/09\/central-perk-boston-5-400x267.jpg 400w\" sizes=\"(max-width: 1280px) 100vw, 1280px\" \/><\/figure><\/li><li class=\"wp-block-jetpack-slideshow_slide swiper-slide\"><figure><img decoding=\"async\" width=\"1280\" height=\"854\" alt=\"\" class=\"wp-block-jetpack-slideshow_image wp-image-209447\" data-id=\"209447\" src=\"https:\/\/www.tapasmagazine.es\/wp-content\/uploads\/2023\/09\/central-perk-boston-6.jpg\" srcset=\"https:\/\/www.tapasmagazine.es\/wp-content\/uploads\/2023\/09\/central-perk-boston-6.jpg 1280w, https:\/\/www.tapasmagazine.es\/wp-content\/uploads\/2023\/09\/central-perk-boston-6-300x200.jpg 300w, https:\/\/www.tapasmagazine.es\/wp-content\/uploads\/2023\/09\/central-perk-boston-6-1024x683.jpg 1024w, https:\/\/www.tapasmagazine.es\/wp-content\/uploads\/2023\/09\/central-perk-boston-6-768x512.jpg 768w, https:\/\/www.tapasmagazine.es\/wp-content\/uploads\/2023\/09\/central-perk-boston-6-1000x667.jpg 1000w, https:\/\/www.tapasmagazine.es\/wp-content\/uploads\/2023\/09\/central-perk-boston-6-400x267.jpg 400w\" sizes=\"(max-width: 1280px) 100vw, 1280px\" \/><\/figure><\/li><li class=\"wp-block-jetpack-slideshow_slide swiper-slide\"><figure><img decoding=\"async\" width=\"1280\" height=\"853\" alt=\"\" class=\"wp-block-jetpack-slideshow_image wp-image-209443\" data-id=\"209443\" src=\"https:\/\/www.tapasmagazine.es\/wp-content\/uploads\/2023\/09\/central-perk-boston-7.jpg\" srcset=\"https:\/\/www.tapasmagazine.es\/wp-content\/uploads\/2023\/09\/central-perk-boston-7.jpg 1280w, https:\/\/www.tapasmagazine.es\/wp-content\/uploads\/2023\/09\/central-perk-boston-7-300x200.jpg 300w, https:\/\/www.tapasmagazine.es\/wp-content\/uploads\/2023\/09\/central-perk-boston-7-1024x682.jpg 1024w, https:\/\/www.tapasmagazine.es\/wp-content\/uploads\/2023\/09\/central-perk-boston-7-768x512.jpg 768w, https:\/\/www.tapasmagazine.es\/wp-content\/uploads\/2023\/09\/central-perk-boston-7-1000x666.jpg 1000w, https:\/\/www.tapasmagazine.es\/wp-content\/uploads\/2023\/09\/central-perk-boston-7-400x267.jpg 400w\" sizes=\"(max-width: 1280px) 100vw, 1280px\" \/><\/figure><\/li><li class=\"wp-block-jetpack-slideshow_slide swiper-slide\"><figure><img decoding=\"async\" width=\"1280\" height=\"855\" alt=\"\" class=\"wp-block-jetpack-slideshow_image wp-image-209439\" data-id=\"209439\" src=\"https:\/\/www.tapasmagazine.es\/wp-content\/uploads\/2023\/09\/central-perk-boston-8.jpg\" srcset=\"https:\/\/www.tapasmagazine.es\/wp-content\/uploads\/2023\/09\/central-perk-boston-8.jpg 1280w, https:\/\/www.tapasmagazine.es\/wp-content\/uploads\/2023\/09\/central-perk-boston-8-300x200.jpg 300w, https:\/\/www.tapasmagazine.es\/wp-content\/uploads\/2023\/09\/central-perk-boston-8-1024x684.jpg 1024w, https:\/\/www.tapasmagazine.es\/wp-content\/uploads\/2023\/09\/central-perk-boston-8-768x513.jpg 768w, https:\/\/www.tapasmagazine.es\/wp-content\/uploads\/2023\/09\/central-perk-boston-8-1000x668.jpg 1000w, https:\/\/www.tapasmagazine.es\/wp-content\/uploads\/2023\/09\/central-perk-boston-8-400x267.jpg 400w\" sizes=\"(max-width: 1280px) 100vw, 1280px\" \/><\/figure><\/li><li class=\"wp-block-jetpack-slideshow_slide swiper-slide\"><figure><img decoding=\"async\" width=\"1280\" height=\"853\" alt=\"\" class=\"wp-block-jetpack-slideshow_image wp-image-209440\" data-id=\"209440\" src=\"https:\/\/www.tapasmagazine.es\/wp-content\/uploads\/2023\/09\/central-perk-boston-2.jpg\" srcset=\"https:\/\/www.tapasmagazine.es\/wp-content\/uploads\/2023\/09\/central-perk-boston-2.jpg 1280w, https:\/\/www.tapasmagazine.es\/wp-content\/uploads\/2023\/09\/central-perk-boston-2-300x200.jpg 300w, https:\/\/www.tapasmagazine.es\/wp-content\/uploads\/2023\/09\/central-perk-boston-2-1024x682.jpg 1024w, https:\/\/www.tapasmagazine.es\/wp-content\/uploads\/2023\/09\/central-perk-boston-2-768x512.jpg 768w, https:\/\/www.tapasmagazine.es\/wp-content\/uploads\/2023\/09\/central-perk-boston-2-1000x666.jpg 1000w, https:\/\/www.tapasmagazine.es\/wp-content\/uploads\/2023\/09\/central-perk-boston-2-400x267.jpg 400w\" sizes=\"(max-width: 1280px) 100vw, 1280px\" \/><\/figure><\/li><\/ul><a class=\"wp-block-jetpack-slideshow_button-prev swiper-button-prev swiper-button-white\" role=\"button\"><\/a><a class=\"wp-block-jetpack-slideshow_button-next swiper-button-next swiper-button-white\" role=\"button\"><\/a><a aria-label=\"Pause Slideshow\" class=\"wp-block-jetpack-slideshow_button-pause\" role=\"button\"><\/a><div class=\"wp-block-jetpack-slideshow_pagination swiper-pagination swiper-pagination-white\"><\/div><\/div><\/div>\n\n\n\n<p>This exciting opening for the series&#8217; infinite fandom was the result of a collaboration between<strong> Warner Bros. Discovery Global Themed Entertainment <\/strong>and renowned New York architects, <strong>Glen &amp; Co<\/strong>, who ensured that the design and interior of the space emulated that of the screen in even the most subtle details.<\/p>\n","protected":false},"excerpt":{"rendered":"<p>Click here to read the Spanish version. Friends, as an eternal series projected in the archive and collective memory, will continue to serve scenes from this coffee shop inspired by the series. And no, it will not be one of the infinite pop ups installed in New York or in other countries, it will be [&hellip;]<\/p>\n","protected":false},"author":285,"featured_media":209435,"comment_status":"open","ping_status":"closed","sticky":false,"template":"single-feature.php","format":"standard","meta":{"_acf_changed":false,"footnotes":""},"categories":[15802],"tags":[15900,15824],"class_list":["post-209466","post","type-post","status-publish","format-standard","has-post-thumbnail","hentry","category-news","tag-friends-en","tag-gastronomia-en","cat-15802-id"],"acf":[],"yoast_head":"<!-- This site is optimized with the Yoast SEO plugin v27.4 - https:\/\/yoast.com\/product\/yoast-seo-wordpress\/ -->\n<title>Central Perk coffee shop from &#039;Friends&#039; comes to real life - Tapas<\/title>\n<meta name=\"description\" content=\"Click here to read the Spanish version. Friends, as an eternal series projected in the archive and collective memory, will continue to serve scenes from\" \/>\n<meta name=\"robots\" content=\"index, follow, max-snippet:-1, max-image-preview:large, max-video-preview:-1\" \/>\n<link rel=\"canonical\" href=\"https:\/\/www.tapasmagazine.es\/en\/central-perk-coffe-shop-from-friends-comes-to-real-life\/\" \/>\n<meta property=\"og:locale\" content=\"en_US\" \/>\n<meta property=\"og:type\" content=\"article\" \/>\n<meta property=\"og:title\" content=\"Central Perk coffee shop from &#039;Friends&#039; comes to real life - Tapas\" \/>\n<meta property=\"og:description\" content=\"Click here to read the Spanish version. Friends, as an eternal series projected in the archive and collective memory, will continue to serve scenes from\" \/>\n<meta property=\"og:url\" content=\"https:\/\/www.tapasmagazine.es\/en\/central-perk-coffe-shop-from-friends-comes-to-real-life\/\" \/>\n<meta property=\"og:site_name\" content=\"Tapas\" \/>\n<meta property=\"article:publisher\" content=\"https:\/\/www.facebook.com\/tapasmagazine\" \/>\n<meta property=\"article:published_time\" content=\"2023-09-25T08:43:08+00:00\" \/>\n<meta property=\"article:modified_time\" content=\"2023-09-25T08:46:52+00:00\" \/>\n<meta property=\"og:image\" content=\"https:\/\/www.tapasmagazine.es\/wp-content\/uploads\/2023\/09\/central-perk-boston-1.jpg\" \/>\n\t<meta property=\"og:image:width\" content=\"1200\" \/>\n\t<meta property=\"og:image:height\" content=\"675\" \/>\n\t<meta property=\"og:image:type\" content=\"image\/jpeg\" \/>\n<meta name=\"author\" content=\"Laura P\u00e9rez\" \/>\n<meta name=\"twitter:card\" content=\"summary_large_image\" \/>\n<meta name=\"twitter:creator\" content=\"@TapasMagazine\" \/>\n<meta name=\"twitter:site\" content=\"@TapasMagazine\" \/>\n<meta name=\"twitter:label1\" content=\"Written by\" \/>\n\t<meta name=\"twitter:data1\" content=\"Laura P\u00e9rez\" \/>\n\t<meta name=\"twitter:label2\" content=\"Est. reading time\" \/>\n\t<meta name=\"twitter:data2\" content=\"3 minutes\" \/>\n<script type=\"application\/ld+json\" class=\"yoast-schema-graph\">{\"@context\":\"https:\\\/\\\/schema.org\",\"@graph\":[{\"@type\":\"Article\",\"@id\":\"https:\\\/\\\/www.tapasmagazine.es\\\/en\\\/central-perk-coffe-shop-from-friends-comes-to-real-life\\\/#article\",\"isPartOf\":{\"@id\":\"https:\\\/\\\/www.tapasmagazine.es\\\/en\\\/central-perk-coffe-shop-from-friends-comes-to-real-life\\\/\"},\"author\":{\"name\":\"Laura P\u00e9rez\",\"@id\":\"https:\\\/\\\/www.tapasmagazine.es\\\/#\\\/schema\\\/person\\\/eb46cbe76a9c8f062660eb609e3ecb4e\"},\"headline\":\"Central Perk coffee shop from &#8216;Friends&#8217; comes to real life\",\"datePublished\":\"2023-09-25T08:43:08+00:00\",\"dateModified\":\"2023-09-25T08:46:52+00:00\",\"mainEntityOfPage\":{\"@id\":\"https:\\\/\\\/www.tapasmagazine.es\\\/en\\\/central-perk-coffe-shop-from-friends-comes-to-real-life\\\/\"},\"wordCount\":259,\"commentCount\":0,\"publisher\":{\"@id\":\"https:\\\/\\\/www.tapasmagazine.es\\\/#organization\"},\"image\":{\"@id\":\"https:\\\/\\\/www.tapasmagazine.es\\\/en\\\/central-perk-coffe-shop-from-friends-comes-to-real-life\\\/#primaryimage\"},\"thumbnailUrl\":\"https:\\\/\\\/www.tapasmagazine.es\\\/wp-content\\\/uploads\\\/2023\\\/09\\\/central-perk-boston-1.jpg\",\"keywords\":[\"Friends\",\"gastronom\u00eda\"],\"articleSection\":[\"News\"],\"inLanguage\":\"en-US\",\"potentialAction\":[{\"@type\":\"CommentAction\",\"name\":\"Comment\",\"target\":[\"https:\\\/\\\/www.tapasmagazine.es\\\/en\\\/central-perk-coffe-shop-from-friends-comes-to-real-life\\\/#respond\"]}]},{\"@type\":\"WebPage\",\"@id\":\"https:\\\/\\\/www.tapasmagazine.es\\\/en\\\/central-perk-coffe-shop-from-friends-comes-to-real-life\\\/\",\"url\":\"https:\\\/\\\/www.tapasmagazine.es\\\/en\\\/central-perk-coffe-shop-from-friends-comes-to-real-life\\\/\",\"name\":\"Central Perk coffee shop from 'Friends' comes to real life - Tapas\",\"isPartOf\":{\"@id\":\"https:\\\/\\\/www.tapasmagazine.es\\\/#website\"},\"primaryImageOfPage\":{\"@id\":\"https:\\\/\\\/www.tapasmagazine.es\\\/en\\\/central-perk-coffe-shop-from-friends-comes-to-real-life\\\/#primaryimage\"},\"image\":{\"@id\":\"https:\\\/\\\/www.tapasmagazine.es\\\/en\\\/central-perk-coffe-shop-from-friends-comes-to-real-life\\\/#primaryimage\"},\"thumbnailUrl\":\"https:\\\/\\\/www.tapasmagazine.es\\\/wp-content\\\/uploads\\\/2023\\\/09\\\/central-perk-boston-1.jpg\",\"datePublished\":\"2023-09-25T08:43:08+00:00\",\"dateModified\":\"2023-09-25T08:46:52+00:00\",\"description\":\"Click here to read the Spanish version. Friends, as an eternal series projected in the archive and collective memory, will continue to serve scenes from\",\"breadcrumb\":{\"@id\":\"https:\\\/\\\/www.tapasmagazine.es\\\/en\\\/central-perk-coffe-shop-from-friends-comes-to-real-life\\\/#breadcrumb\"},\"inLanguage\":\"en-US\",\"potentialAction\":[{\"@type\":\"ReadAction\",\"target\":[\"https:\\\/\\\/www.tapasmagazine.es\\\/en\\\/central-perk-coffe-shop-from-friends-comes-to-real-life\\\/\"]}]},{\"@type\":\"ImageObject\",\"inLanguage\":\"en-US\",\"@id\":\"https:\\\/\\\/www.tapasmagazine.es\\\/en\\\/central-perk-coffe-shop-from-friends-comes-to-real-life\\\/#primaryimage\",\"url\":\"https:\\\/\\\/www.tapasmagazine.es\\\/wp-content\\\/uploads\\\/2023\\\/09\\\/central-perk-boston-1.jpg\",\"contentUrl\":\"https:\\\/\\\/www.tapasmagazine.es\\\/wp-content\\\/uploads\\\/2023\\\/09\\\/central-perk-boston-1.jpg\",\"width\":1200,\"height\":675},{\"@type\":\"BreadcrumbList\",\"@id\":\"https:\\\/\\\/www.tapasmagazine.es\\\/en\\\/central-perk-coffe-shop-from-friends-comes-to-real-life\\\/#breadcrumb\",\"itemListElement\":[{\"@type\":\"ListItem\",\"position\":1,\"name\":\"Portada\",\"item\":\"https:\\\/\\\/www.tapasmagazine.es\\\/\"},{\"@type\":\"ListItem\",\"position\":2,\"name\":\"News\",\"item\":\"https:\\\/\\\/www.tapasmagazine.es\\\/en\\\/categorias\\\/news\\\/\"},{\"@type\":\"ListItem\",\"position\":3,\"name\":\"Central Perk coffee shop from &#8216;Friends&#8217; comes to real life\"}]},{\"@type\":\"WebSite\",\"@id\":\"https:\\\/\\\/www.tapasmagazine.es\\\/#website\",\"url\":\"https:\\\/\\\/www.tapasmagazine.es\\\/\",\"name\":\"Tapas\",\"description\":\"\u00d1am \u00d1am Lifestyle. La vida a bocados. Premio Nacional de Gastronom\u00eda 2016.\",\"publisher\":{\"@id\":\"https:\\\/\\\/www.tapasmagazine.es\\\/#organization\"},\"potentialAction\":[{\"@type\":\"SearchAction\",\"target\":{\"@type\":\"EntryPoint\",\"urlTemplate\":\"https:\\\/\\\/www.tapasmagazine.es\\\/?s={search_term_string}\"},\"query-input\":{\"@type\":\"PropertyValueSpecification\",\"valueRequired\":true,\"valueName\":\"search_term_string\"}}],\"inLanguage\":\"en-US\"},{\"@type\":\"Organization\",\"@id\":\"https:\\\/\\\/www.tapasmagazine.es\\\/#organization\",\"name\":\"Tapas Magazine\",\"url\":\"https:\\\/\\\/www.tapasmagazine.es\\\/\",\"logo\":{\"@type\":\"ImageObject\",\"inLanguage\":\"en-US\",\"@id\":\"https:\\\/\\\/www.tapasmagazine.es\\\/#\\\/schema\\\/logo\\\/image\\\/\",\"url\":\"https:\\\/\\\/www.tapasmagazine.es\\\/wp-content\\\/uploads\\\/2018\\\/01\\\/logo.png\",\"contentUrl\":\"https:\\\/\\\/www.tapasmagazine.es\\\/wp-content\\\/uploads\\\/2018\\\/01\\\/logo.png\",\"width\":180,\"height\":60,\"caption\":\"Tapas Magazine\"},\"image\":{\"@id\":\"https:\\\/\\\/www.tapasmagazine.es\\\/#\\\/schema\\\/logo\\\/image\\\/\"},\"sameAs\":[\"https:\\\/\\\/www.facebook.com\\\/tapasmagazine\",\"https:\\\/\\\/x.com\\\/TapasMagazine\",\"https:\\\/\\\/www.instagram.com\\\/tapasmagazine\\\/\",\"https:\\\/\\\/www.linkedin.com\\\/company\\\/tapas-magazine\",\"https:\\\/\\\/es.pinterest.com\\\/tapasmagazine\\\/\",\"https:\\\/\\\/www.youtube.com\\\/channel\\\/UCEyxneAaACuR0lfDagrWjjg?sub_confirmation=1\"]},{\"@type\":\"Person\",\"@id\":\"https:\\\/\\\/www.tapasmagazine.es\\\/#\\\/schema\\\/person\\\/eb46cbe76a9c8f062660eb609e3ecb4e\",\"name\":\"Laura P\u00e9rez\",\"url\":\"https:\\\/\\\/www.tapasmagazine.es\\\/en\\\/author\\\/laura-perez\\\/\"}]}<\/script>\n<!-- \/ Yoast SEO plugin. -->","yoast_head_json":{"title":"Central Perk coffee shop from 'Friends' comes to real life - Tapas","description":"Click here to read the Spanish version. Friends, as an eternal series projected in the archive and collective memory, will continue to serve scenes from","robots":{"index":"index","follow":"follow","max-snippet":"max-snippet:-1","max-image-preview":"max-image-preview:large","max-video-preview":"max-video-preview:-1"},"canonical":"https:\/\/www.tapasmagazine.es\/en\/central-perk-coffe-shop-from-friends-comes-to-real-life\/","og_locale":"en_US","og_type":"article","og_title":"Central Perk coffee shop from 'Friends' comes to real life - Tapas","og_description":"Click here to read the Spanish version. Friends, as an eternal series projected in the archive and collective memory, will continue to serve scenes from","og_url":"https:\/\/www.tapasmagazine.es\/en\/central-perk-coffe-shop-from-friends-comes-to-real-life\/","og_site_name":"Tapas","article_publisher":"https:\/\/www.facebook.com\/tapasmagazine","article_published_time":"2023-09-25T08:43:08+00:00","article_modified_time":"2023-09-25T08:46:52+00:00","og_image":[{"width":1200,"height":675,"url":"https:\/\/www.tapasmagazine.es\/wp-content\/uploads\/2023\/09\/central-perk-boston-1.jpg","type":"image\/jpeg"}],"author":"Laura P\u00e9rez","twitter_card":"summary_large_image","twitter_creator":"@TapasMagazine","twitter_site":"@TapasMagazine","twitter_misc":{"Written by":"Laura P\u00e9rez","Est. reading time":"3 minutes"},"schema":{"@context":"https:\/\/schema.org","@graph":[{"@type":"Article","@id":"https:\/\/www.tapasmagazine.es\/en\/central-perk-coffe-shop-from-friends-comes-to-real-life\/#article","isPartOf":{"@id":"https:\/\/www.tapasmagazine.es\/en\/central-perk-coffe-shop-from-friends-comes-to-real-life\/"},"author":{"name":"Laura P\u00e9rez","@id":"https:\/\/www.tapasmagazine.es\/#\/schema\/person\/eb46cbe76a9c8f062660eb609e3ecb4e"},"headline":"Central Perk coffee shop from &#8216;Friends&#8217; comes to real life","datePublished":"2023-09-25T08:43:08+00:00","dateModified":"2023-09-25T08:46:52+00:00","mainEntityOfPage":{"@id":"https:\/\/www.tapasmagazine.es\/en\/central-perk-coffe-shop-from-friends-comes-to-real-life\/"},"wordCount":259,"commentCount":0,"publisher":{"@id":"https:\/\/www.tapasmagazine.es\/#organization"},"image":{"@id":"https:\/\/www.tapasmagazine.es\/en\/central-perk-coffe-shop-from-friends-comes-to-real-life\/#primaryimage"},"thumbnailUrl":"https:\/\/www.tapasmagazine.es\/wp-content\/uploads\/2023\/09\/central-perk-boston-1.jpg","keywords":["Friends","gastronom\u00eda"],"articleSection":["News"],"inLanguage":"en-US","potentialAction":[{"@type":"CommentAction","name":"Comment","target":["https:\/\/www.tapasmagazine.es\/en\/central-perk-coffe-shop-from-friends-comes-to-real-life\/#respond"]}]},{"@type":"WebPage","@id":"https:\/\/www.tapasmagazine.es\/en\/central-perk-coffe-shop-from-friends-comes-to-real-life\/","url":"https:\/\/www.tapasmagazine.es\/en\/central-perk-coffe-shop-from-friends-comes-to-real-life\/","name":"Central Perk coffee shop from 'Friends' comes to real life - Tapas","isPartOf":{"@id":"https:\/\/www.tapasmagazine.es\/#website"},"primaryImageOfPage":{"@id":"https:\/\/www.tapasmagazine.es\/en\/central-perk-coffe-shop-from-friends-comes-to-real-life\/#primaryimage"},"image":{"@id":"https:\/\/www.tapasmagazine.es\/en\/central-perk-coffe-shop-from-friends-comes-to-real-life\/#primaryimage"},"thumbnailUrl":"https:\/\/www.tapasmagazine.es\/wp-content\/uploads\/2023\/09\/central-perk-boston-1.jpg","datePublished":"2023-09-25T08:43:08+00:00","dateModified":"2023-09-25T08:46:52+00:00","description":"Click here to read the Spanish version. Friends, as an eternal series projected in the archive and collective memory, will continue to serve scenes from","breadcrumb":{"@id":"https:\/\/www.tapasmagazine.es\/en\/central-perk-coffe-shop-from-friends-comes-to-real-life\/#breadcrumb"},"inLanguage":"en-US","potentialAction":[{"@type":"ReadAction","target":["https:\/\/www.tapasmagazine.es\/en\/central-perk-coffe-shop-from-friends-comes-to-real-life\/"]}]},{"@type":"ImageObject","inLanguage":"en-US","@id":"https:\/\/www.tapasmagazine.es\/en\/central-perk-coffe-shop-from-friends-comes-to-real-life\/#primaryimage","url":"https:\/\/www.tapasmagazine.es\/wp-content\/uploads\/2023\/09\/central-perk-boston-1.jpg","contentUrl":"https:\/\/www.tapasmagazine.es\/wp-content\/uploads\/2023\/09\/central-perk-boston-1.jpg","width":1200,"height":675},{"@type":"BreadcrumbList","@id":"https:\/\/www.tapasmagazine.es\/en\/central-perk-coffe-shop-from-friends-comes-to-real-life\/#breadcrumb","itemListElement":[{"@type":"ListItem","position":1,"name":"Portada","item":"https:\/\/www.tapasmagazine.es\/"},{"@type":"ListItem","position":2,"name":"News","item":"https:\/\/www.tapasmagazine.es\/en\/categorias\/news\/"},{"@type":"ListItem","position":3,"name":"Central Perk coffee shop from &#8216;Friends&#8217; comes to real life"}]},{"@type":"WebSite","@id":"https:\/\/www.tapasmagazine.es\/#website","url":"https:\/\/www.tapasmagazine.es\/","name":"Tapas","description":"\u00d1am \u00d1am Lifestyle. La vida a bocados. Premio Nacional de Gastronom\u00eda 2016.","publisher":{"@id":"https:\/\/www.tapasmagazine.es\/#organization"},"potentialAction":[{"@type":"SearchAction","target":{"@type":"EntryPoint","urlTemplate":"https:\/\/www.tapasmagazine.es\/?s={search_term_string}"},"query-input":{"@type":"PropertyValueSpecification","valueRequired":true,"valueName":"search_term_string"}}],"inLanguage":"en-US"},{"@type":"Organization","@id":"https:\/\/www.tapasmagazine.es\/#organization","name":"Tapas Magazine","url":"https:\/\/www.tapasmagazine.es\/","logo":{"@type":"ImageObject","inLanguage":"en-US","@id":"https:\/\/www.tapasmagazine.es\/#\/schema\/logo\/image\/","url":"https:\/\/www.tapasmagazine.es\/wp-content\/uploads\/2018\/01\/logo.png","contentUrl":"https:\/\/www.tapasmagazine.es\/wp-content\/uploads\/2018\/01\/logo.png","width":180,"height":60,"caption":"Tapas Magazine"},"image":{"@id":"https:\/\/www.tapasmagazine.es\/#\/schema\/logo\/image\/"},"sameAs":["https:\/\/www.facebook.com\/tapasmagazine","https:\/\/x.com\/TapasMagazine","https:\/\/www.instagram.com\/tapasmagazine\/","https:\/\/www.linkedin.com\/company\/tapas-magazine","https:\/\/es.pinterest.com\/tapasmagazine\/","https:\/\/www.youtube.com\/channel\/UCEyxneAaACuR0lfDagrWjjg?sub_confirmation=1"]},{"@type":"Person","@id":"https:\/\/www.tapasmagazine.es\/#\/schema\/person\/eb46cbe76a9c8f062660eb609e3ecb4e","name":"Laura P\u00e9rez","url":"https:\/\/www.tapasmagazine.es\/en\/author\/laura-perez\/"}]}},"_links":{"self":[{"href":"https:\/\/www.tapasmagazine.es\/en\/wp-json\/wp\/v2\/posts\/209466","targetHints":{"allow":["GET"]}}],"collection":[{"href":"https:\/\/www.tapasmagazine.es\/en\/wp-json\/wp\/v2\/posts"}],"about":[{"href":"https:\/\/www.tapasmagazine.es\/en\/wp-json\/wp\/v2\/types\/post"}],"author":[{"embeddable":true,"href":"https:\/\/www.tapasmagazine.es\/en\/wp-json\/wp\/v2\/users\/285"}],"replies":[{"embeddable":true,"href":"https:\/\/www.tapasmagazine.es\/en\/wp-json\/wp\/v2\/comments?post=209466"}],"version-history":[{"count":5,"href":"https:\/\/www.tapasmagazine.es\/en\/wp-json\/wp\/v2\/posts\/209466\/revisions"}],"predecessor-version":[{"id":209473,"href":"https:\/\/www.tapasmagazine.es\/en\/wp-json\/wp\/v2\/posts\/209466\/revisions\/209473"}],"wp:featuredmedia":[{"embeddable":true,"href":"https:\/\/www.tapasmagazine.es\/en\/wp-json\/wp\/v2\/media\/209435"}],"wp:attachment":[{"href":"https:\/\/www.tapasmagazine.es\/en\/wp-json\/wp\/v2\/media?parent=209466"}],"wp:term":[{"taxonomy":"category","embeddable":true,"href":"https:\/\/www.tapasmagazine.es\/en\/wp-json\/wp\/v2\/categories?post=209466"},{"taxonomy":"post_tag","embeddable":true,"href":"https:\/\/www.tapasmagazine.es\/en\/wp-json\/wp\/v2\/tags?post=209466"}],"curies":[{"name":"wp","href":"https:\/\/api.w.org\/{rel}","templated":true}]}}