{"id":209404,"date":"2023-09-24T17:32:04","date_gmt":"2023-09-24T15:32:04","guid":{"rendered":"https:\/\/www.tapasmagazine.es\/tim-cook-visita-mo-de-movimiento-de-proyectos-conscientes-el-grupo-dueno-del-restaurante-tramo-donde-tapas-magazine-va-a-celebrar-tapas-summit-foodtech\/"},"modified":"2023-09-28T10:22:44","modified_gmt":"2023-09-28T08:22:44","slug":"tim-cook-visits-mo-de-movimiento-from-proyectos-conscientes-the-group-that-owns-the-tramo-restaurant-where-tapas-magazine-is-going-to-celebrate-tapas-summit-foodtech","status":"publish","type":"post","link":"https:\/\/www.tapasmagazine.es\/en\/tim-cook-visits-mo-de-movimiento-from-proyectos-conscientes-the-group-that-owns-the-tramo-restaurant-where-tapas-magazine-is-going-to-celebrate-tapas-summit-foodtech\/","title":{"rendered":"Tim Cook visits Mo de Movimiento, from Proyectos Conscientes, owners also of the restaurant TRAMO where Tapas Magazine is going to celebrate Tapas Summit FoodTech"},"content":{"rendered":"\n<p><strong>Click <a href=\"https:\/\/www.tapasmagazine.es\/tim-cook-visita-mo-de-movimiento-de-proyectos-conscientes-el-grupo-dueno-del-restaurante-tramo-donde-tapas-magazine-va-a-celebrar-tapas-summit-foodtech\/\">here <\/a>to read the Spanish version.<\/strong><\/p>\n\n\n\n<p>During his visit to Madrid, Apple CEO Tim Cook visited the restaurant Mo de Movimiento, the restaurant owned by Proyectos Conscientes, a company that seeks to redefine the concept of leisure in cities and promote responsible consumption through projects that bring value to society from the respect for people and the planet. It was founded in 2018 by Felipe Turell and Javier Antequera.<\/p>\n\n\n\n<figure class=\"wp-block-embed is-type-rich is-provider-twitter wp-block-embed-twitter\"><div class=\"wp-block-embed__wrapper\">\n<blockquote class=\"twitter-tweet\" data-width=\"550\" data-dnt=\"true\"><p lang=\"en\" dir=\"ltr\">Madrid&#39;s <a href=\"https:\/\/twitter.com\/modemovimiento?ref_src=twsrc%5Etfw\">@modemovimiento<\/a> restaurant is truly extraordinary. Thank you Lucas for sharing your detailed approach to sustainability and for your deep commitment to protecting the planet. And thanks <a href=\"https:\/\/twitter.com\/victor_abarca?ref_src=twsrc%5Etfw\">@victor_abarca<\/a> for joining me. <a href=\"https:\/\/t.co\/z3AFvakTCC\">pic.twitter.com\/z3AFvakTCC<\/a><\/p>&mdash; Tim Cook (@tim_cook) <a href=\"https:\/\/twitter.com\/tim_cook\/status\/1705917203126608216?ref_src=twsrc%5Etfw\">September 24, 2023<\/a><\/blockquote><script async src=\"https:\/\/platform.twitter.com\/widgets.js\" charset=\"utf-8\"><\/script>\n<\/div><\/figure>\n\n\n\n<p>The top leader of the Californian brand has been on-site at&nbsp;<strong>Mo de Movimiento<\/strong>&nbsp;and has highlighted how \u201ctruly extraordinary\u201d this place is.&nbsp;<strong>Lucas Mu\u00f1oz<\/strong>, in charge of designing the interior of the premises, has been explaining the place in detail.&nbsp;<\/p>\n\n\n\n<p>Tim Cook thanked him for bringing him closer to his &#8220;sustainability&#8221; and &#8220;deep commitment to protecting the planet&#8221;.&nbsp;The YouTuber&nbsp;<strong>Victor Arranz<\/strong>&nbsp;has accompanied Cook on this visit.<\/p>\n\n\n\n<h3 class=\"wp-block-heading\"><strong><a href=\"https:\/\/www.tapasmagazine.es\/tapas-summit-foodtech-2023\/\">Summit FoodTech Tapas<\/a><\/strong><\/h3>\n\n\n\n<p>The same company has launched another venue, TRAMO.\u00a0It is there where\u00a0<strong>the first edition of the <a href=\"https:\/\/www.tapasmagazine.es\/tapas-summit-foodtech-2023\/\">Tapas Summit FoodTech<\/a><\/strong>\u00a0will take place.\u00a0It will be\u00a0<strong>next October 30, 2023<\/strong>, in Madrid.\u00a0The restaurant is located on Eugenio Salazar Street, 56.<\/p>\n\n\n\n<p>In this new event, Tapas will bring together the&nbsp;<strong>most prominent and influential actors in the current gastronomic market<\/strong>, marked by a moment in which the business of food, technology, and innovation is constantly bubbling and changing.<\/p>\n\n\n\n<p>Tapas Summit FoodTech will become the <strong>epicenter of food innovation<\/strong>, giving attendees the unique opportunity to connect with thought leaders, network with influential professionals, and discover new business insights.<\/p>\n\n\n\n<p>There will also be <strong>opportunities to&nbsp;network and connect with other professionals who share the same challenges and objectives <\/strong>around sustainability throughout the consumption chain.<\/p>\n\n\n\n<h3 class=\"wp-block-heading\">Sign up here:<\/h3>\n\n\n\n<div class=\"wp-block-group alignfull has-background\" style=\"background-color:#e2dfd2\"><div class=\"wp-block-group__inner-container is-layout-constrained wp-block-group-is-layout-constrained\">\n<div style=\"height:12px\" aria-hidden=\"true\" class=\"wp-block-spacer\"><\/div>\n\n\n\n<h2 class=\"wp-block-heading has-text-align-center\">RESERVA TU PLAZA<\/h2>\n\n\n\n<script type=\"text\/javascript\" src=\"https:\/\/api.clientify.net\/web-marketing\/webforms\/script\/142363.js\"><\/script>\n<\/div><\/div>\n","protected":false},"excerpt":{"rendered":"<p>Click here to read the Spanish version. During his visit to Madrid, Apple CEO Tim Cook visited the restaurant Mo de Movimiento, the restaurant owned by Proyectos Conscientes, a company that seeks to redefine the concept of leisure in cities and promote responsible consumption through projects that bring value to society from the respect for [&hellip;]<\/p>\n","protected":false},"author":300,"featured_media":209402,"comment_status":"open","ping_status":"closed","sticky":false,"template":"single-feature.php","format":"standard","meta":{"_acf_changed":false,"footnotes":""},"categories":[15807,1],"tags":[18331,18342,15868,18343,18333],"class_list":["post-209404","post","type-post","status-publish","format-standard","has-post-thumbnail","hentry","category-gastro-en","category-sin-categorizar","tag-apple-en","tag-mo-de-movimiento-en","tag-restaurante-en","tag-sostenibilidad-en","tag-tim-cook-en","cat-15807-id","cat-1-id"],"acf":[],"yoast_head":"<!-- This site is optimized with the Yoast SEO plugin v27.4 - https:\/\/yoast.com\/product\/yoast-seo-wordpress\/ -->\n<title>Tim Cook visits Mo de Movimiento, from Proyectos Conscientes, owners also of the restaurant TRAMO where Tapas Magazine is going to celebrate Tapas Summit FoodTech - Tapas<\/title>\n<meta name=\"description\" content=\"Click here to read the Spanish version. During his visit to Madrid, Apple CEO Tim Cook visited the restaurant Mo de Movimiento, the restaurant owned by\" \/>\n<meta name=\"robots\" content=\"index, follow, max-snippet:-1, max-image-preview:large, max-video-preview:-1\" \/>\n<link rel=\"canonical\" href=\"https:\/\/www.tapasmagazine.es\/en\/tim-cook-visits-mo-de-movimiento-from-proyectos-conscientes-the-group-that-owns-the-tramo-restaurant-where-tapas-magazine-is-going-to-celebrate-tapas-summit-foodtech\/\" \/>\n<meta property=\"og:locale\" content=\"en_US\" \/>\n<meta property=\"og:type\" content=\"article\" \/>\n<meta property=\"og:title\" content=\"Tim Cook visits Mo de Movimiento, from Proyectos Conscientes, owners also of the restaurant TRAMO where Tapas Magazine is going to celebrate Tapas Summit FoodTech - Tapas\" \/>\n<meta property=\"og:description\" content=\"Click here to read the Spanish version. During his visit to Madrid, Apple CEO Tim Cook visited the restaurant Mo de Movimiento, the restaurant owned by\" \/>\n<meta property=\"og:url\" content=\"https:\/\/www.tapasmagazine.es\/en\/tim-cook-visits-mo-de-movimiento-from-proyectos-conscientes-the-group-that-owns-the-tramo-restaurant-where-tapas-magazine-is-going-to-celebrate-tapas-summit-foodtech\/\" \/>\n<meta property=\"og:site_name\" content=\"Tapas\" \/>\n<meta property=\"article:publisher\" content=\"https:\/\/www.facebook.com\/tapasmagazine\" \/>\n<meta property=\"article:published_time\" content=\"2023-09-24T15:32:04+00:00\" \/>\n<meta property=\"article:modified_time\" content=\"2023-09-28T08:22:44+00:00\" \/>\n<meta property=\"og:image\" content=\"https:\/\/www.tapasmagazine.es\/wp-content\/uploads\/2023\/09\/F6yio9UWAAA6evL-fotor-20230924173048.png\" \/>\n\t<meta property=\"og:image:width\" content=\"1200\" \/>\n\t<meta property=\"og:image:height\" content=\"675\" \/>\n\t<meta property=\"og:image:type\" content=\"image\/png\" \/>\n<meta name=\"author\" content=\"Rafael Molina\" \/>\n<meta name=\"twitter:card\" content=\"summary_large_image\" \/>\n<meta name=\"twitter:creator\" content=\"@TapasMagazine\" \/>\n<meta name=\"twitter:site\" content=\"@TapasMagazine\" \/>\n<meta name=\"twitter:label1\" content=\"Written by\" \/>\n\t<meta name=\"twitter:data1\" content=\"Rafael Molina\" \/>\n\t<meta name=\"twitter:label2\" content=\"Est. reading time\" \/>\n\t<meta name=\"twitter:data2\" content=\"2 minutes\" \/>\n<script type=\"application\/ld+json\" class=\"yoast-schema-graph\">{\"@context\":\"https:\\\/\\\/schema.org\",\"@graph\":[{\"@type\":\"Article\",\"@id\":\"https:\\\/\\\/www.tapasmagazine.es\\\/en\\\/tim-cook-visits-mo-de-movimiento-from-proyectos-conscientes-the-group-that-owns-the-tramo-restaurant-where-tapas-magazine-is-going-to-celebrate-tapas-summit-foodtech\\\/#article\",\"isPartOf\":{\"@id\":\"https:\\\/\\\/www.tapasmagazine.es\\\/en\\\/tim-cook-visits-mo-de-movimiento-from-proyectos-conscientes-the-group-that-owns-the-tramo-restaurant-where-tapas-magazine-is-going-to-celebrate-tapas-summit-foodtech\\\/\"},\"author\":{\"name\":\"Rafael Molina\",\"@id\":\"https:\\\/\\\/www.tapasmagazine.es\\\/#\\\/schema\\\/person\\\/c5c6a6614b65a33b652b877d1f6361b1\"},\"headline\":\"Tim Cook visits Mo de Movimiento, from Proyectos Conscientes, owners also of the restaurant TRAMO where Tapas Magazine is going to celebrate Tapas Summit FoodTech\",\"datePublished\":\"2023-09-24T15:32:04+00:00\",\"dateModified\":\"2023-09-28T08:22:44+00:00\",\"mainEntityOfPage\":{\"@id\":\"https:\\\/\\\/www.tapasmagazine.es\\\/en\\\/tim-cook-visits-mo-de-movimiento-from-proyectos-conscientes-the-group-that-owns-the-tramo-restaurant-where-tapas-magazine-is-going-to-celebrate-tapas-summit-foodtech\\\/\"},\"wordCount\":323,\"commentCount\":0,\"publisher\":{\"@id\":\"https:\\\/\\\/www.tapasmagazine.es\\\/#organization\"},\"image\":{\"@id\":\"https:\\\/\\\/www.tapasmagazine.es\\\/en\\\/tim-cook-visits-mo-de-movimiento-from-proyectos-conscientes-the-group-that-owns-the-tramo-restaurant-where-tapas-magazine-is-going-to-celebrate-tapas-summit-foodtech\\\/#primaryimage\"},\"thumbnailUrl\":\"https:\\\/\\\/www.tapasmagazine.es\\\/wp-content\\\/uploads\\\/2023\\\/09\\\/F6yio9UWAAA6evL-fotor-20230924173048.png\",\"keywords\":[\"Apple\",\"MO de Movimiento\",\"restaurante\",\"sostenibilidad\",\"Tim Cook\"],\"articleSection\":[\"Gastro\",\"Sin categorizar\"],\"inLanguage\":\"en-US\",\"potentialAction\":[{\"@type\":\"CommentAction\",\"name\":\"Comment\",\"target\":[\"https:\\\/\\\/www.tapasmagazine.es\\\/en\\\/tim-cook-visits-mo-de-movimiento-from-proyectos-conscientes-the-group-that-owns-the-tramo-restaurant-where-tapas-magazine-is-going-to-celebrate-tapas-summit-foodtech\\\/#respond\"]}]},{\"@type\":\"WebPage\",\"@id\":\"https:\\\/\\\/www.tapasmagazine.es\\\/en\\\/tim-cook-visits-mo-de-movimiento-from-proyectos-conscientes-the-group-that-owns-the-tramo-restaurant-where-tapas-magazine-is-going-to-celebrate-tapas-summit-foodtech\\\/\",\"url\":\"https:\\\/\\\/www.tapasmagazine.es\\\/en\\\/tim-cook-visits-mo-de-movimiento-from-proyectos-conscientes-the-group-that-owns-the-tramo-restaurant-where-tapas-magazine-is-going-to-celebrate-tapas-summit-foodtech\\\/\",\"name\":\"Tim Cook visits Mo de Movimiento, from Proyectos Conscientes, owners also of the restaurant TRAMO where Tapas Magazine is going to celebrate Tapas Summit FoodTech - Tapas\",\"isPartOf\":{\"@id\":\"https:\\\/\\\/www.tapasmagazine.es\\\/#website\"},\"primaryImageOfPage\":{\"@id\":\"https:\\\/\\\/www.tapasmagazine.es\\\/en\\\/tim-cook-visits-mo-de-movimiento-from-proyectos-conscientes-the-group-that-owns-the-tramo-restaurant-where-tapas-magazine-is-going-to-celebrate-tapas-summit-foodtech\\\/#primaryimage\"},\"image\":{\"@id\":\"https:\\\/\\\/www.tapasmagazine.es\\\/en\\\/tim-cook-visits-mo-de-movimiento-from-proyectos-conscientes-the-group-that-owns-the-tramo-restaurant-where-tapas-magazine-is-going-to-celebrate-tapas-summit-foodtech\\\/#primaryimage\"},\"thumbnailUrl\":\"https:\\\/\\\/www.tapasmagazine.es\\\/wp-content\\\/uploads\\\/2023\\\/09\\\/F6yio9UWAAA6evL-fotor-20230924173048.png\",\"datePublished\":\"2023-09-24T15:32:04+00:00\",\"dateModified\":\"2023-09-28T08:22:44+00:00\",\"description\":\"Click here to read the Spanish version. During his visit to Madrid, Apple CEO Tim Cook visited the restaurant Mo de Movimiento, the restaurant owned by\",\"breadcrumb\":{\"@id\":\"https:\\\/\\\/www.tapasmagazine.es\\\/en\\\/tim-cook-visits-mo-de-movimiento-from-proyectos-conscientes-the-group-that-owns-the-tramo-restaurant-where-tapas-magazine-is-going-to-celebrate-tapas-summit-foodtech\\\/#breadcrumb\"},\"inLanguage\":\"en-US\",\"potentialAction\":[{\"@type\":\"ReadAction\",\"target\":[\"https:\\\/\\\/www.tapasmagazine.es\\\/en\\\/tim-cook-visits-mo-de-movimiento-from-proyectos-conscientes-the-group-that-owns-the-tramo-restaurant-where-tapas-magazine-is-going-to-celebrate-tapas-summit-foodtech\\\/\"]}]},{\"@type\":\"ImageObject\",\"inLanguage\":\"en-US\",\"@id\":\"https:\\\/\\\/www.tapasmagazine.es\\\/en\\\/tim-cook-visits-mo-de-movimiento-from-proyectos-conscientes-the-group-that-owns-the-tramo-restaurant-where-tapas-magazine-is-going-to-celebrate-tapas-summit-foodtech\\\/#primaryimage\",\"url\":\"https:\\\/\\\/www.tapasmagazine.es\\\/wp-content\\\/uploads\\\/2023\\\/09\\\/F6yio9UWAAA6evL-fotor-20230924173048.png\",\"contentUrl\":\"https:\\\/\\\/www.tapasmagazine.es\\\/wp-content\\\/uploads\\\/2023\\\/09\\\/F6yio9UWAAA6evL-fotor-20230924173048.png\",\"width\":1200,\"height\":675},{\"@type\":\"BreadcrumbList\",\"@id\":\"https:\\\/\\\/www.tapasmagazine.es\\\/en\\\/tim-cook-visits-mo-de-movimiento-from-proyectos-conscientes-the-group-that-owns-the-tramo-restaurant-where-tapas-magazine-is-going-to-celebrate-tapas-summit-foodtech\\\/#breadcrumb\",\"itemListElement\":[{\"@type\":\"ListItem\",\"position\":1,\"name\":\"Portada\",\"item\":\"https:\\\/\\\/www.tapasmagazine.es\\\/\"},{\"@type\":\"ListItem\",\"position\":2,\"name\":\"Sin categorizar\",\"item\":\"https:\\\/\\\/www.tapasmagazine.es\\\/categorias\\\/sin-categorizar\\\/\"},{\"@type\":\"ListItem\",\"position\":3,\"name\":\"Tim Cook visits Mo de Movimiento, from Proyectos Conscientes, owners also of the restaurant TRAMO where Tapas Magazine is going to celebrate Tapas Summit FoodTech\"}]},{\"@type\":\"WebSite\",\"@id\":\"https:\\\/\\\/www.tapasmagazine.es\\\/#website\",\"url\":\"https:\\\/\\\/www.tapasmagazine.es\\\/\",\"name\":\"Tapas\",\"description\":\"\u00d1am \u00d1am Lifestyle. La vida a bocados. Premio Nacional de Gastronom\u00eda 2016.\",\"publisher\":{\"@id\":\"https:\\\/\\\/www.tapasmagazine.es\\\/#organization\"},\"potentialAction\":[{\"@type\":\"SearchAction\",\"target\":{\"@type\":\"EntryPoint\",\"urlTemplate\":\"https:\\\/\\\/www.tapasmagazine.es\\\/?s={search_term_string}\"},\"query-input\":{\"@type\":\"PropertyValueSpecification\",\"valueRequired\":true,\"valueName\":\"search_term_string\"}}],\"inLanguage\":\"en-US\"},{\"@type\":\"Organization\",\"@id\":\"https:\\\/\\\/www.tapasmagazine.es\\\/#organization\",\"name\":\"Tapas Magazine\",\"url\":\"https:\\\/\\\/www.tapasmagazine.es\\\/\",\"logo\":{\"@type\":\"ImageObject\",\"inLanguage\":\"en-US\",\"@id\":\"https:\\\/\\\/www.tapasmagazine.es\\\/#\\\/schema\\\/logo\\\/image\\\/\",\"url\":\"https:\\\/\\\/www.tapasmagazine.es\\\/wp-content\\\/uploads\\\/2018\\\/01\\\/logo.png\",\"contentUrl\":\"https:\\\/\\\/www.tapasmagazine.es\\\/wp-content\\\/uploads\\\/2018\\\/01\\\/logo.png\",\"width\":180,\"height\":60,\"caption\":\"Tapas Magazine\"},\"image\":{\"@id\":\"https:\\\/\\\/www.tapasmagazine.es\\\/#\\\/schema\\\/logo\\\/image\\\/\"},\"sameAs\":[\"https:\\\/\\\/www.facebook.com\\\/tapasmagazine\",\"https:\\\/\\\/x.com\\\/TapasMagazine\",\"https:\\\/\\\/www.instagram.com\\\/tapasmagazine\\\/\",\"https:\\\/\\\/www.linkedin.com\\\/company\\\/tapas-magazine\",\"https:\\\/\\\/es.pinterest.com\\\/tapasmagazine\\\/\",\"https:\\\/\\\/www.youtube.com\\\/channel\\\/UCEyxneAaACuR0lfDagrWjjg?sub_confirmation=1\"]},{\"@type\":\"Person\",\"@id\":\"https:\\\/\\\/www.tapasmagazine.es\\\/#\\\/schema\\\/person\\\/c5c6a6614b65a33b652b877d1f6361b1\",\"name\":\"Rafael Molina\",\"url\":\"https:\\\/\\\/www.tapasmagazine.es\\\/en\\\/author\\\/rafael-molina\\\/\"}]}<\/script>\n<!-- \/ Yoast SEO plugin. -->","yoast_head_json":{"title":"Tim Cook visits Mo de Movimiento, from Proyectos Conscientes, owners also of the restaurant TRAMO where Tapas Magazine is going to celebrate Tapas Summit FoodTech - Tapas","description":"Click here to read the Spanish version. During his visit to Madrid, Apple CEO Tim Cook visited the restaurant Mo de Movimiento, the restaurant owned by","robots":{"index":"index","follow":"follow","max-snippet":"max-snippet:-1","max-image-preview":"max-image-preview:large","max-video-preview":"max-video-preview:-1"},"canonical":"https:\/\/www.tapasmagazine.es\/en\/tim-cook-visits-mo-de-movimiento-from-proyectos-conscientes-the-group-that-owns-the-tramo-restaurant-where-tapas-magazine-is-going-to-celebrate-tapas-summit-foodtech\/","og_locale":"en_US","og_type":"article","og_title":"Tim Cook visits Mo de Movimiento, from Proyectos Conscientes, owners also of the restaurant TRAMO where Tapas Magazine is going to celebrate Tapas Summit FoodTech - Tapas","og_description":"Click here to read the Spanish version. During his visit to Madrid, Apple CEO Tim Cook visited the restaurant Mo de Movimiento, the restaurant owned by","og_url":"https:\/\/www.tapasmagazine.es\/en\/tim-cook-visits-mo-de-movimiento-from-proyectos-conscientes-the-group-that-owns-the-tramo-restaurant-where-tapas-magazine-is-going-to-celebrate-tapas-summit-foodtech\/","og_site_name":"Tapas","article_publisher":"https:\/\/www.facebook.com\/tapasmagazine","article_published_time":"2023-09-24T15:32:04+00:00","article_modified_time":"2023-09-28T08:22:44+00:00","og_image":[{"width":1200,"height":675,"url":"https:\/\/www.tapasmagazine.es\/wp-content\/uploads\/2023\/09\/F6yio9UWAAA6evL-fotor-20230924173048.png","type":"image\/png"}],"author":"Rafael Molina","twitter_card":"summary_large_image","twitter_creator":"@TapasMagazine","twitter_site":"@TapasMagazine","twitter_misc":{"Written by":"Rafael Molina","Est. reading time":"2 minutes"},"schema":{"@context":"https:\/\/schema.org","@graph":[{"@type":"Article","@id":"https:\/\/www.tapasmagazine.es\/en\/tim-cook-visits-mo-de-movimiento-from-proyectos-conscientes-the-group-that-owns-the-tramo-restaurant-where-tapas-magazine-is-going-to-celebrate-tapas-summit-foodtech\/#article","isPartOf":{"@id":"https:\/\/www.tapasmagazine.es\/en\/tim-cook-visits-mo-de-movimiento-from-proyectos-conscientes-the-group-that-owns-the-tramo-restaurant-where-tapas-magazine-is-going-to-celebrate-tapas-summit-foodtech\/"},"author":{"name":"Rafael Molina","@id":"https:\/\/www.tapasmagazine.es\/#\/schema\/person\/c5c6a6614b65a33b652b877d1f6361b1"},"headline":"Tim Cook visits Mo de Movimiento, from Proyectos Conscientes, owners also of the restaurant TRAMO where Tapas Magazine is going to celebrate Tapas Summit FoodTech","datePublished":"2023-09-24T15:32:04+00:00","dateModified":"2023-09-28T08:22:44+00:00","mainEntityOfPage":{"@id":"https:\/\/www.tapasmagazine.es\/en\/tim-cook-visits-mo-de-movimiento-from-proyectos-conscientes-the-group-that-owns-the-tramo-restaurant-where-tapas-magazine-is-going-to-celebrate-tapas-summit-foodtech\/"},"wordCount":323,"commentCount":0,"publisher":{"@id":"https:\/\/www.tapasmagazine.es\/#organization"},"image":{"@id":"https:\/\/www.tapasmagazine.es\/en\/tim-cook-visits-mo-de-movimiento-from-proyectos-conscientes-the-group-that-owns-the-tramo-restaurant-where-tapas-magazine-is-going-to-celebrate-tapas-summit-foodtech\/#primaryimage"},"thumbnailUrl":"https:\/\/www.tapasmagazine.es\/wp-content\/uploads\/2023\/09\/F6yio9UWAAA6evL-fotor-20230924173048.png","keywords":["Apple","MO de Movimiento","restaurante","sostenibilidad","Tim Cook"],"articleSection":["Gastro","Sin categorizar"],"inLanguage":"en-US","potentialAction":[{"@type":"CommentAction","name":"Comment","target":["https:\/\/www.tapasmagazine.es\/en\/tim-cook-visits-mo-de-movimiento-from-proyectos-conscientes-the-group-that-owns-the-tramo-restaurant-where-tapas-magazine-is-going-to-celebrate-tapas-summit-foodtech\/#respond"]}]},{"@type":"WebPage","@id":"https:\/\/www.tapasmagazine.es\/en\/tim-cook-visits-mo-de-movimiento-from-proyectos-conscientes-the-group-that-owns-the-tramo-restaurant-where-tapas-magazine-is-going-to-celebrate-tapas-summit-foodtech\/","url":"https:\/\/www.tapasmagazine.es\/en\/tim-cook-visits-mo-de-movimiento-from-proyectos-conscientes-the-group-that-owns-the-tramo-restaurant-where-tapas-magazine-is-going-to-celebrate-tapas-summit-foodtech\/","name":"Tim Cook visits Mo de Movimiento, from Proyectos Conscientes, owners also of the restaurant TRAMO where Tapas Magazine is going to celebrate Tapas Summit FoodTech - Tapas","isPartOf":{"@id":"https:\/\/www.tapasmagazine.es\/#website"},"primaryImageOfPage":{"@id":"https:\/\/www.tapasmagazine.es\/en\/tim-cook-visits-mo-de-movimiento-from-proyectos-conscientes-the-group-that-owns-the-tramo-restaurant-where-tapas-magazine-is-going-to-celebrate-tapas-summit-foodtech\/#primaryimage"},"image":{"@id":"https:\/\/www.tapasmagazine.es\/en\/tim-cook-visits-mo-de-movimiento-from-proyectos-conscientes-the-group-that-owns-the-tramo-restaurant-where-tapas-magazine-is-going-to-celebrate-tapas-summit-foodtech\/#primaryimage"},"thumbnailUrl":"https:\/\/www.tapasmagazine.es\/wp-content\/uploads\/2023\/09\/F6yio9UWAAA6evL-fotor-20230924173048.png","datePublished":"2023-09-24T15:32:04+00:00","dateModified":"2023-09-28T08:22:44+00:00","description":"Click here to read the Spanish version. During his visit to Madrid, Apple CEO Tim Cook visited the restaurant Mo de Movimiento, the restaurant owned by","breadcrumb":{"@id":"https:\/\/www.tapasmagazine.es\/en\/tim-cook-visits-mo-de-movimiento-from-proyectos-conscientes-the-group-that-owns-the-tramo-restaurant-where-tapas-magazine-is-going-to-celebrate-tapas-summit-foodtech\/#breadcrumb"},"inLanguage":"en-US","potentialAction":[{"@type":"ReadAction","target":["https:\/\/www.tapasmagazine.es\/en\/tim-cook-visits-mo-de-movimiento-from-proyectos-conscientes-the-group-that-owns-the-tramo-restaurant-where-tapas-magazine-is-going-to-celebrate-tapas-summit-foodtech\/"]}]},{"@type":"ImageObject","inLanguage":"en-US","@id":"https:\/\/www.tapasmagazine.es\/en\/tim-cook-visits-mo-de-movimiento-from-proyectos-conscientes-the-group-that-owns-the-tramo-restaurant-where-tapas-magazine-is-going-to-celebrate-tapas-summit-foodtech\/#primaryimage","url":"https:\/\/www.tapasmagazine.es\/wp-content\/uploads\/2023\/09\/F6yio9UWAAA6evL-fotor-20230924173048.png","contentUrl":"https:\/\/www.tapasmagazine.es\/wp-content\/uploads\/2023\/09\/F6yio9UWAAA6evL-fotor-20230924173048.png","width":1200,"height":675},{"@type":"BreadcrumbList","@id":"https:\/\/www.tapasmagazine.es\/en\/tim-cook-visits-mo-de-movimiento-from-proyectos-conscientes-the-group-that-owns-the-tramo-restaurant-where-tapas-magazine-is-going-to-celebrate-tapas-summit-foodtech\/#breadcrumb","itemListElement":[{"@type":"ListItem","position":1,"name":"Portada","item":"https:\/\/www.tapasmagazine.es\/"},{"@type":"ListItem","position":2,"name":"Sin categorizar","item":"https:\/\/www.tapasmagazine.es\/categorias\/sin-categorizar\/"},{"@type":"ListItem","position":3,"name":"Tim Cook visits Mo de Movimiento, from Proyectos Conscientes, owners also of the restaurant TRAMO where Tapas Magazine is going to celebrate Tapas Summit FoodTech"}]},{"@type":"WebSite","@id":"https:\/\/www.tapasmagazine.es\/#website","url":"https:\/\/www.tapasmagazine.es\/","name":"Tapas","description":"\u00d1am \u00d1am Lifestyle. La vida a bocados. Premio Nacional de Gastronom\u00eda 2016.","publisher":{"@id":"https:\/\/www.tapasmagazine.es\/#organization"},"potentialAction":[{"@type":"SearchAction","target":{"@type":"EntryPoint","urlTemplate":"https:\/\/www.tapasmagazine.es\/?s={search_term_string}"},"query-input":{"@type":"PropertyValueSpecification","valueRequired":true,"valueName":"search_term_string"}}],"inLanguage":"en-US"},{"@type":"Organization","@id":"https:\/\/www.tapasmagazine.es\/#organization","name":"Tapas Magazine","url":"https:\/\/www.tapasmagazine.es\/","logo":{"@type":"ImageObject","inLanguage":"en-US","@id":"https:\/\/www.tapasmagazine.es\/#\/schema\/logo\/image\/","url":"https:\/\/www.tapasmagazine.es\/wp-content\/uploads\/2018\/01\/logo.png","contentUrl":"https:\/\/www.tapasmagazine.es\/wp-content\/uploads\/2018\/01\/logo.png","width":180,"height":60,"caption":"Tapas Magazine"},"image":{"@id":"https:\/\/www.tapasmagazine.es\/#\/schema\/logo\/image\/"},"sameAs":["https:\/\/www.facebook.com\/tapasmagazine","https:\/\/x.com\/TapasMagazine","https:\/\/www.instagram.com\/tapasmagazine\/","https:\/\/www.linkedin.com\/company\/tapas-magazine","https:\/\/es.pinterest.com\/tapasmagazine\/","https:\/\/www.youtube.com\/channel\/UCEyxneAaACuR0lfDagrWjjg?sub_confirmation=1"]},{"@type":"Person","@id":"https:\/\/www.tapasmagazine.es\/#\/schema\/person\/c5c6a6614b65a33b652b877d1f6361b1","name":"Rafael Molina","url":"https:\/\/www.tapasmagazine.es\/en\/author\/rafael-molina\/"}]}},"_links":{"self":[{"href":"https:\/\/www.tapasmagazine.es\/en\/wp-json\/wp\/v2\/posts\/209404","targetHints":{"allow":["GET"]}}],"collection":[{"href":"https:\/\/www.tapasmagazine.es\/en\/wp-json\/wp\/v2\/posts"}],"about":[{"href":"https:\/\/www.tapasmagazine.es\/en\/wp-json\/wp\/v2\/types\/post"}],"author":[{"embeddable":true,"href":"https:\/\/www.tapasmagazine.es\/en\/wp-json\/wp\/v2\/users\/300"}],"replies":[{"embeddable":true,"href":"https:\/\/www.tapasmagazine.es\/en\/wp-json\/wp\/v2\/comments?post=209404"}],"version-history":[{"count":9,"href":"https:\/\/www.tapasmagazine.es\/en\/wp-json\/wp\/v2\/posts\/209404\/revisions"}],"predecessor-version":[{"id":210183,"href":"https:\/\/www.tapasmagazine.es\/en\/wp-json\/wp\/v2\/posts\/209404\/revisions\/210183"}],"wp:featuredmedia":[{"embeddable":true,"href":"https:\/\/www.tapasmagazine.es\/en\/wp-json\/wp\/v2\/media\/209402"}],"wp:attachment":[{"href":"https:\/\/www.tapasmagazine.es\/en\/wp-json\/wp\/v2\/media?parent=209404"}],"wp:term":[{"taxonomy":"category","embeddable":true,"href":"https:\/\/www.tapasmagazine.es\/en\/wp-json\/wp\/v2\/categories?post=209404"},{"taxonomy":"post_tag","embeddable":true,"href":"https:\/\/www.tapasmagazine.es\/en\/wp-json\/wp\/v2\/tags?post=209404"}],"curies":[{"name":"wp","href":"https:\/\/api.w.org\/{rel}","templated":true}]}}