{"id":209351,"date":"2023-09-24T09:35:28","date_gmt":"2023-09-24T07:35:28","guid":{"rendered":"https:\/\/www.tapasmagazine.es\/?p=209351"},"modified":"2023-09-24T09:55:33","modified_gmt":"2023-09-24T07:55:33","slug":"this-is-the-lhardy-cocido-that-tim-cook-ate-yesterday-with-david-munoz","status":"publish","type":"post","link":"https:\/\/www.tapasmagazine.es\/en\/this-is-the-lhardy-cocido-that-tim-cook-ate-yesterday-with-david-munoz\/","title":{"rendered":"This is the Lhardy &#8216;cocido&#8217; that Tim Cook ate yesterday with David Mu\u00f1oz"},"content":{"rendered":"\n<p><strong>Click <a href=\"https:\/\/www.tapasmagazine.es\/asi-es-el-cocido-de-lhardy-que-ayer-se-comio-tim-cook-con-david-diverxo\/\">here <\/a>to read the Spanish version.<\/strong><\/p>\n\n\n\n<p><strong>Tim Cook<\/strong>, the CEO of Apple, was visiting Spain after globally presenting the new\u00a0<strong>iPhone 15<\/strong>.\u00a0The main objective of his visit was to meet\u00a0<strong>with the company&#8217;s teams in our country, as well as customers<\/strong>.<\/p>\n\n\n\n<p>The top leader of the Apple brand has taken advantage of this trip to try the capital&#8217;s most famous food in Madrid,\u00a0the <strong>&#8216;cocido&#8217;<\/strong>.\u00a0He has done it together with the famous chef,\u00a0<strong>Dabiz Mu\u00f1oz, at the historic\u00a0Lhardy<\/strong>\u00a0restaurant.<\/p>\n\n\n\n<h3 class=\"wp-block-heading\">This is how stew is served in Lhardy<\/h3>\n\n\n\n<p>Cook and Mu\u00f1oz took Lhardy&#8217;s Madrid &#8216;cocido&#8217;.\u00a0This is served in\u00a0<strong>two pours<\/strong>.\u00a0First, a\u00a0<strong>soup with angel hair noodles<\/strong>\u00a0is served.\u00a0Afterwards, they have\u00a0<strong>the pico pardal chickpeas from Astorga, with cabbage, carrots, and potatoes&#8230; and with a lot of meat<\/strong>: Iberian ham, Iberian rib, blood sausage, sausage, Iberian bacon, blood sausage, Galician cow marrow, crispy ear with brava sauce.<\/p>\n\n\n\n<p>For dessert, the two diners enjoyed\u00a0<strong>a souffle<\/strong>, characteristic of Lhardy.\u00a0&#8220;Incredible food,&#8221; Cook commented on his X account (formerly Twitter), &#8220;with the incomparable chef @Dabizdiverxo in Lhardy.&#8221;\u00a0And he finished by saying: &#8220;<strong>The best Cocido Madrile\u00f1o<\/strong>&#8220;<\/p>\n\n\n\n<figure class=\"wp-block-embed is-type-rich is-provider-twitter wp-block-embed-twitter\"><div class=\"wp-block-embed__wrapper\">\n<blockquote class=\"twitter-tweet\" data-width=\"550\" data-dnt=\"true\"><p lang=\"en\" dir=\"ltr\">Amazing meal with the incomparable chef <a href=\"https:\/\/twitter.com\/Dabizdiverxo?ref_src=twsrc%5Etfw\">@Dabizdiverxo<\/a> at Lhardy in the heart of Madrid \u2014 with the best cocido madrile\u00f1o! Thanks, Dabiz, for sharing how you\u2019re using iPhone 15 Pro Max in your creative process! <a href=\"https:\/\/t.co\/39twnk5U3Y\">pic.twitter.com\/39twnk5U3Y<\/a><\/p>&mdash; Tim Cook (@tim_cook) <a href=\"https:\/\/twitter.com\/tim_cook\/status\/1705625349411807557?ref_src=twsrc%5Etfw\">September 23, 2023<\/a><\/blockquote><script async src=\"https:\/\/platform.twitter.com\/widgets.js\" charset=\"utf-8\"><\/script>\n<\/div><\/figure>\n\n\n\n<h3 class=\"wp-block-heading\">Tim Cook&#8217;s visit to Spain.<\/h3>\n\n\n\n<p>Before this meal, Cook had begun his visit at the\u00a0<strong>Real Madrid sports city<\/strong>\u00a0and at the international photography and film center\u00a0<strong>EFTI<\/strong>, which this year has introduced the iPhone into its curriculum.<\/p>\n\n\n\n<p>The CEO of Apple stated in a statement: &#8220;<strong>It&#8217;s great to be back in Spain!\u00a0<\/strong>\u201cI look forward to spending time with the dynamic community of incredibly creative developers and students, as well as world-renowned athletes and chefs&#8221;.<\/p>\n\n\n\n<h3 class=\"wp-block-heading\">The brand in our country<\/h3>\n\n\n\n<p>Apple has been present within our borders since\u00a0<strong>1985<\/strong>.\u00a0Their first store opened in Barcelona and Madrid in 2010. Since then,\u00a0<strong>a total of 11 have opened<\/strong>, among other places, in Murcia, M\u00e1laga, Valladolid, Zaragoza and Valencia.<\/p>\n\n\n\n<p>In total, the company directly employs nearly\u00a0<strong>2,000 people in Spain<\/strong>.\u00a0In the last three years, its staff has grown by 30%.\u00a0The company&#8217;s headquarters in our country is in the capital, Madrid.<\/p>\n","protected":false},"excerpt":{"rendered":"<p>Click here to read the Spanish version. Tim Cook, the CEO of Apple, was visiting Spain after globally presenting the new\u00a0iPhone 15.\u00a0The main objective of his visit was to meet\u00a0with the company&#8217;s teams in our country, as well as customers. The top leader of the Apple brand has taken advantage of this trip to try [&hellip;]<\/p>\n","protected":false},"author":23,"featured_media":209349,"comment_status":"open","ping_status":"closed","sticky":false,"template":"single-feature.php","format":"standard","meta":{"_acf_changed":false,"footnotes":""},"categories":[15807],"tags":[18331,15989,18332,18333],"class_list":["post-209351","post","type-post","status-publish","format-standard","has-post-thumbnail","hentry","category-gastro-en","tag-apple-en","tag-dabiz-munoz-en","tag-lhardy-en","tag-tim-cook-en","cat-15807-id"],"acf":[],"yoast_head":"<!-- This site is optimized with the Yoast SEO plugin v27.4 - https:\/\/yoast.com\/product\/yoast-seo-wordpress\/ -->\n<title>This is the Lhardy &#039;cocido&#039; that Tim Cook ate yesterday with David Mu\u00f1oz - Tapas<\/title>\n<meta name=\"description\" content=\"Click here to read the Spanish version. Tim Cook, the CEO of Apple, was visiting Spain after globally presenting the new\u00a0iPhone 15.\u00a0The main objective of\" \/>\n<meta name=\"robots\" content=\"index, follow, max-snippet:-1, max-image-preview:large, max-video-preview:-1\" \/>\n<link rel=\"canonical\" href=\"https:\/\/www.tapasmagazine.es\/en\/this-is-the-lhardy-cocido-that-tim-cook-ate-yesterday-with-david-munoz\/\" \/>\n<meta property=\"og:locale\" content=\"en_US\" \/>\n<meta property=\"og:type\" content=\"article\" \/>\n<meta property=\"og:title\" content=\"This is the Lhardy &#039;cocido&#039; that Tim Cook ate yesterday with David Mu\u00f1oz - Tapas\" \/>\n<meta property=\"og:description\" content=\"Click here to read the Spanish version. Tim Cook, the CEO of Apple, was visiting Spain after globally presenting the new\u00a0iPhone 15.\u00a0The main objective of\" \/>\n<meta property=\"og:url\" content=\"https:\/\/www.tapasmagazine.es\/en\/this-is-the-lhardy-cocido-that-tim-cook-ate-yesterday-with-david-munoz\/\" \/>\n<meta property=\"og:site_name\" content=\"Tapas\" \/>\n<meta property=\"article:publisher\" content=\"https:\/\/www.facebook.com\/tapasmagazine\" \/>\n<meta property=\"article:published_time\" content=\"2023-09-24T07:35:28+00:00\" \/>\n<meta property=\"article:modified_time\" content=\"2023-09-24T07:55:33+00:00\" \/>\n<meta property=\"og:image\" content=\"https:\/\/www.tapasmagazine.es\/wp-content\/uploads\/2023\/09\/F6uZMThWsAAh6Yd-fotor-2023092493410.png\" \/>\n\t<meta property=\"og:image:width\" content=\"1200\" \/>\n\t<meta property=\"og:image:height\" content=\"675\" \/>\n\t<meta property=\"og:image:type\" content=\"image\/png\" \/>\n<meta name=\"author\" content=\"Tapas\" \/>\n<meta name=\"twitter:card\" content=\"summary_large_image\" \/>\n<meta name=\"twitter:creator\" content=\"@TapasMagazine\" \/>\n<meta name=\"twitter:site\" content=\"@TapasMagazine\" \/>\n<meta name=\"twitter:label1\" content=\"Written by\" \/>\n\t<meta name=\"twitter:data1\" content=\"Tapas\" \/>\n\t<meta name=\"twitter:label2\" content=\"Est. reading time\" \/>\n\t<meta name=\"twitter:data2\" content=\"2 minutes\" \/>\n<script type=\"application\/ld+json\" class=\"yoast-schema-graph\">{\"@context\":\"https:\\\/\\\/schema.org\",\"@graph\":[{\"@type\":\"Article\",\"@id\":\"https:\\\/\\\/www.tapasmagazine.es\\\/en\\\/this-is-the-lhardy-cocido-that-tim-cook-ate-yesterday-with-david-munoz\\\/#article\",\"isPartOf\":{\"@id\":\"https:\\\/\\\/www.tapasmagazine.es\\\/en\\\/this-is-the-lhardy-cocido-that-tim-cook-ate-yesterday-with-david-munoz\\\/\"},\"author\":{\"name\":\"Tapas\",\"@id\":\"https:\\\/\\\/www.tapasmagazine.es\\\/#\\\/schema\\\/person\\\/8bf373b672ffa6f78a076c90acdfaf26\"},\"headline\":\"This is the Lhardy &#8216;cocido&#8217; that Tim Cook ate yesterday with David Mu\u00f1oz\",\"datePublished\":\"2023-09-24T07:35:28+00:00\",\"dateModified\":\"2023-09-24T07:55:33+00:00\",\"mainEntityOfPage\":{\"@id\":\"https:\\\/\\\/www.tapasmagazine.es\\\/en\\\/this-is-the-lhardy-cocido-that-tim-cook-ate-yesterday-with-david-munoz\\\/\"},\"wordCount\":365,\"commentCount\":0,\"publisher\":{\"@id\":\"https:\\\/\\\/www.tapasmagazine.es\\\/#organization\"},\"image\":{\"@id\":\"https:\\\/\\\/www.tapasmagazine.es\\\/en\\\/this-is-the-lhardy-cocido-that-tim-cook-ate-yesterday-with-david-munoz\\\/#primaryimage\"},\"thumbnailUrl\":\"https:\\\/\\\/www.tapasmagazine.es\\\/wp-content\\\/uploads\\\/2023\\\/09\\\/F6uZMThWsAAh6Yd-fotor-2023092493410.png\",\"keywords\":[\"Apple\",\"dabiz mu\u00f1oz\",\"Lhardy\",\"Tim Cook\"],\"articleSection\":[\"Gastro\"],\"inLanguage\":\"en-US\",\"potentialAction\":[{\"@type\":\"CommentAction\",\"name\":\"Comment\",\"target\":[\"https:\\\/\\\/www.tapasmagazine.es\\\/en\\\/this-is-the-lhardy-cocido-that-tim-cook-ate-yesterday-with-david-munoz\\\/#respond\"]}]},{\"@type\":\"WebPage\",\"@id\":\"https:\\\/\\\/www.tapasmagazine.es\\\/en\\\/this-is-the-lhardy-cocido-that-tim-cook-ate-yesterday-with-david-munoz\\\/\",\"url\":\"https:\\\/\\\/www.tapasmagazine.es\\\/en\\\/this-is-the-lhardy-cocido-that-tim-cook-ate-yesterday-with-david-munoz\\\/\",\"name\":\"This is the Lhardy 'cocido' that Tim Cook ate yesterday with David Mu\u00f1oz - Tapas\",\"isPartOf\":{\"@id\":\"https:\\\/\\\/www.tapasmagazine.es\\\/#website\"},\"primaryImageOfPage\":{\"@id\":\"https:\\\/\\\/www.tapasmagazine.es\\\/en\\\/this-is-the-lhardy-cocido-that-tim-cook-ate-yesterday-with-david-munoz\\\/#primaryimage\"},\"image\":{\"@id\":\"https:\\\/\\\/www.tapasmagazine.es\\\/en\\\/this-is-the-lhardy-cocido-that-tim-cook-ate-yesterday-with-david-munoz\\\/#primaryimage\"},\"thumbnailUrl\":\"https:\\\/\\\/www.tapasmagazine.es\\\/wp-content\\\/uploads\\\/2023\\\/09\\\/F6uZMThWsAAh6Yd-fotor-2023092493410.png\",\"datePublished\":\"2023-09-24T07:35:28+00:00\",\"dateModified\":\"2023-09-24T07:55:33+00:00\",\"description\":\"Click here to read the Spanish version. Tim Cook, the CEO of Apple, was visiting Spain after globally presenting the new\u00a0iPhone 15.\u00a0The main objective of\",\"breadcrumb\":{\"@id\":\"https:\\\/\\\/www.tapasmagazine.es\\\/en\\\/this-is-the-lhardy-cocido-that-tim-cook-ate-yesterday-with-david-munoz\\\/#breadcrumb\"},\"inLanguage\":\"en-US\",\"potentialAction\":[{\"@type\":\"ReadAction\",\"target\":[\"https:\\\/\\\/www.tapasmagazine.es\\\/en\\\/this-is-the-lhardy-cocido-that-tim-cook-ate-yesterday-with-david-munoz\\\/\"]}]},{\"@type\":\"ImageObject\",\"inLanguage\":\"en-US\",\"@id\":\"https:\\\/\\\/www.tapasmagazine.es\\\/en\\\/this-is-the-lhardy-cocido-that-tim-cook-ate-yesterday-with-david-munoz\\\/#primaryimage\",\"url\":\"https:\\\/\\\/www.tapasmagazine.es\\\/wp-content\\\/uploads\\\/2023\\\/09\\\/F6uZMThWsAAh6Yd-fotor-2023092493410.png\",\"contentUrl\":\"https:\\\/\\\/www.tapasmagazine.es\\\/wp-content\\\/uploads\\\/2023\\\/09\\\/F6uZMThWsAAh6Yd-fotor-2023092493410.png\",\"width\":1200,\"height\":675},{\"@type\":\"BreadcrumbList\",\"@id\":\"https:\\\/\\\/www.tapasmagazine.es\\\/en\\\/this-is-the-lhardy-cocido-that-tim-cook-ate-yesterday-with-david-munoz\\\/#breadcrumb\",\"itemListElement\":[{\"@type\":\"ListItem\",\"position\":1,\"name\":\"Portada\",\"item\":\"https:\\\/\\\/www.tapasmagazine.es\\\/\"},{\"@type\":\"ListItem\",\"position\":2,\"name\":\"Gastro\",\"item\":\"https:\\\/\\\/www.tapasmagazine.es\\\/en\\\/categorias\\\/gastro-en\\\/\"},{\"@type\":\"ListItem\",\"position\":3,\"name\":\"This is the Lhardy &#8216;cocido&#8217; that Tim Cook ate yesterday with David Mu\u00f1oz\"}]},{\"@type\":\"WebSite\",\"@id\":\"https:\\\/\\\/www.tapasmagazine.es\\\/#website\",\"url\":\"https:\\\/\\\/www.tapasmagazine.es\\\/\",\"name\":\"Tapas\",\"description\":\"\u00d1am \u00d1am Lifestyle. La vida a bocados. Premio Nacional de Gastronom\u00eda 2016.\",\"publisher\":{\"@id\":\"https:\\\/\\\/www.tapasmagazine.es\\\/#organization\"},\"potentialAction\":[{\"@type\":\"SearchAction\",\"target\":{\"@type\":\"EntryPoint\",\"urlTemplate\":\"https:\\\/\\\/www.tapasmagazine.es\\\/?s={search_term_string}\"},\"query-input\":{\"@type\":\"PropertyValueSpecification\",\"valueRequired\":true,\"valueName\":\"search_term_string\"}}],\"inLanguage\":\"en-US\"},{\"@type\":\"Organization\",\"@id\":\"https:\\\/\\\/www.tapasmagazine.es\\\/#organization\",\"name\":\"Tapas Magazine\",\"url\":\"https:\\\/\\\/www.tapasmagazine.es\\\/\",\"logo\":{\"@type\":\"ImageObject\",\"inLanguage\":\"en-US\",\"@id\":\"https:\\\/\\\/www.tapasmagazine.es\\\/#\\\/schema\\\/logo\\\/image\\\/\",\"url\":\"https:\\\/\\\/www.tapasmagazine.es\\\/wp-content\\\/uploads\\\/2018\\\/01\\\/logo.png\",\"contentUrl\":\"https:\\\/\\\/www.tapasmagazine.es\\\/wp-content\\\/uploads\\\/2018\\\/01\\\/logo.png\",\"width\":180,\"height\":60,\"caption\":\"Tapas Magazine\"},\"image\":{\"@id\":\"https:\\\/\\\/www.tapasmagazine.es\\\/#\\\/schema\\\/logo\\\/image\\\/\"},\"sameAs\":[\"https:\\\/\\\/www.facebook.com\\\/tapasmagazine\",\"https:\\\/\\\/x.com\\\/TapasMagazine\",\"https:\\\/\\\/www.instagram.com\\\/tapasmagazine\\\/\",\"https:\\\/\\\/www.linkedin.com\\\/company\\\/tapas-magazine\",\"https:\\\/\\\/es.pinterest.com\\\/tapasmagazine\\\/\",\"https:\\\/\\\/www.youtube.com\\\/channel\\\/UCEyxneAaACuR0lfDagrWjjg?sub_confirmation=1\"]},{\"@type\":\"Person\",\"@id\":\"https:\\\/\\\/www.tapasmagazine.es\\\/#\\\/schema\\\/person\\\/8bf373b672ffa6f78a076c90acdfaf26\",\"name\":\"Tapas\",\"url\":\"https:\\\/\\\/www.tapasmagazine.es\\\/en\\\/author\\\/spainmediaweb-tapas\\\/\"}]}<\/script>\n<!-- \/ Yoast SEO plugin. -->","yoast_head_json":{"title":"This is the Lhardy 'cocido' that Tim Cook ate yesterday with David Mu\u00f1oz - Tapas","description":"Click here to read the Spanish version. Tim Cook, the CEO of Apple, was visiting Spain after globally presenting the new\u00a0iPhone 15.\u00a0The main objective of","robots":{"index":"index","follow":"follow","max-snippet":"max-snippet:-1","max-image-preview":"max-image-preview:large","max-video-preview":"max-video-preview:-1"},"canonical":"https:\/\/www.tapasmagazine.es\/en\/this-is-the-lhardy-cocido-that-tim-cook-ate-yesterday-with-david-munoz\/","og_locale":"en_US","og_type":"article","og_title":"This is the Lhardy 'cocido' that Tim Cook ate yesterday with David Mu\u00f1oz - Tapas","og_description":"Click here to read the Spanish version. Tim Cook, the CEO of Apple, was visiting Spain after globally presenting the new\u00a0iPhone 15.\u00a0The main objective of","og_url":"https:\/\/www.tapasmagazine.es\/en\/this-is-the-lhardy-cocido-that-tim-cook-ate-yesterday-with-david-munoz\/","og_site_name":"Tapas","article_publisher":"https:\/\/www.facebook.com\/tapasmagazine","article_published_time":"2023-09-24T07:35:28+00:00","article_modified_time":"2023-09-24T07:55:33+00:00","og_image":[{"width":1200,"height":675,"url":"https:\/\/www.tapasmagazine.es\/wp-content\/uploads\/2023\/09\/F6uZMThWsAAh6Yd-fotor-2023092493410.png","type":"image\/png"}],"author":"Tapas","twitter_card":"summary_large_image","twitter_creator":"@TapasMagazine","twitter_site":"@TapasMagazine","twitter_misc":{"Written by":"Tapas","Est. reading time":"2 minutes"},"schema":{"@context":"https:\/\/schema.org","@graph":[{"@type":"Article","@id":"https:\/\/www.tapasmagazine.es\/en\/this-is-the-lhardy-cocido-that-tim-cook-ate-yesterday-with-david-munoz\/#article","isPartOf":{"@id":"https:\/\/www.tapasmagazine.es\/en\/this-is-the-lhardy-cocido-that-tim-cook-ate-yesterday-with-david-munoz\/"},"author":{"name":"Tapas","@id":"https:\/\/www.tapasmagazine.es\/#\/schema\/person\/8bf373b672ffa6f78a076c90acdfaf26"},"headline":"This is the Lhardy &#8216;cocido&#8217; that Tim Cook ate yesterday with David Mu\u00f1oz","datePublished":"2023-09-24T07:35:28+00:00","dateModified":"2023-09-24T07:55:33+00:00","mainEntityOfPage":{"@id":"https:\/\/www.tapasmagazine.es\/en\/this-is-the-lhardy-cocido-that-tim-cook-ate-yesterday-with-david-munoz\/"},"wordCount":365,"commentCount":0,"publisher":{"@id":"https:\/\/www.tapasmagazine.es\/#organization"},"image":{"@id":"https:\/\/www.tapasmagazine.es\/en\/this-is-the-lhardy-cocido-that-tim-cook-ate-yesterday-with-david-munoz\/#primaryimage"},"thumbnailUrl":"https:\/\/www.tapasmagazine.es\/wp-content\/uploads\/2023\/09\/F6uZMThWsAAh6Yd-fotor-2023092493410.png","keywords":["Apple","dabiz mu\u00f1oz","Lhardy","Tim Cook"],"articleSection":["Gastro"],"inLanguage":"en-US","potentialAction":[{"@type":"CommentAction","name":"Comment","target":["https:\/\/www.tapasmagazine.es\/en\/this-is-the-lhardy-cocido-that-tim-cook-ate-yesterday-with-david-munoz\/#respond"]}]},{"@type":"WebPage","@id":"https:\/\/www.tapasmagazine.es\/en\/this-is-the-lhardy-cocido-that-tim-cook-ate-yesterday-with-david-munoz\/","url":"https:\/\/www.tapasmagazine.es\/en\/this-is-the-lhardy-cocido-that-tim-cook-ate-yesterday-with-david-munoz\/","name":"This is the Lhardy 'cocido' that Tim Cook ate yesterday with David Mu\u00f1oz - Tapas","isPartOf":{"@id":"https:\/\/www.tapasmagazine.es\/#website"},"primaryImageOfPage":{"@id":"https:\/\/www.tapasmagazine.es\/en\/this-is-the-lhardy-cocido-that-tim-cook-ate-yesterday-with-david-munoz\/#primaryimage"},"image":{"@id":"https:\/\/www.tapasmagazine.es\/en\/this-is-the-lhardy-cocido-that-tim-cook-ate-yesterday-with-david-munoz\/#primaryimage"},"thumbnailUrl":"https:\/\/www.tapasmagazine.es\/wp-content\/uploads\/2023\/09\/F6uZMThWsAAh6Yd-fotor-2023092493410.png","datePublished":"2023-09-24T07:35:28+00:00","dateModified":"2023-09-24T07:55:33+00:00","description":"Click here to read the Spanish version. Tim Cook, the CEO of Apple, was visiting Spain after globally presenting the new\u00a0iPhone 15.\u00a0The main objective of","breadcrumb":{"@id":"https:\/\/www.tapasmagazine.es\/en\/this-is-the-lhardy-cocido-that-tim-cook-ate-yesterday-with-david-munoz\/#breadcrumb"},"inLanguage":"en-US","potentialAction":[{"@type":"ReadAction","target":["https:\/\/www.tapasmagazine.es\/en\/this-is-the-lhardy-cocido-that-tim-cook-ate-yesterday-with-david-munoz\/"]}]},{"@type":"ImageObject","inLanguage":"en-US","@id":"https:\/\/www.tapasmagazine.es\/en\/this-is-the-lhardy-cocido-that-tim-cook-ate-yesterday-with-david-munoz\/#primaryimage","url":"https:\/\/www.tapasmagazine.es\/wp-content\/uploads\/2023\/09\/F6uZMThWsAAh6Yd-fotor-2023092493410.png","contentUrl":"https:\/\/www.tapasmagazine.es\/wp-content\/uploads\/2023\/09\/F6uZMThWsAAh6Yd-fotor-2023092493410.png","width":1200,"height":675},{"@type":"BreadcrumbList","@id":"https:\/\/www.tapasmagazine.es\/en\/this-is-the-lhardy-cocido-that-tim-cook-ate-yesterday-with-david-munoz\/#breadcrumb","itemListElement":[{"@type":"ListItem","position":1,"name":"Portada","item":"https:\/\/www.tapasmagazine.es\/"},{"@type":"ListItem","position":2,"name":"Gastro","item":"https:\/\/www.tapasmagazine.es\/en\/categorias\/gastro-en\/"},{"@type":"ListItem","position":3,"name":"This is the Lhardy &#8216;cocido&#8217; that Tim Cook ate yesterday with David Mu\u00f1oz"}]},{"@type":"WebSite","@id":"https:\/\/www.tapasmagazine.es\/#website","url":"https:\/\/www.tapasmagazine.es\/","name":"Tapas","description":"\u00d1am \u00d1am Lifestyle. La vida a bocados. Premio Nacional de Gastronom\u00eda 2016.","publisher":{"@id":"https:\/\/www.tapasmagazine.es\/#organization"},"potentialAction":[{"@type":"SearchAction","target":{"@type":"EntryPoint","urlTemplate":"https:\/\/www.tapasmagazine.es\/?s={search_term_string}"},"query-input":{"@type":"PropertyValueSpecification","valueRequired":true,"valueName":"search_term_string"}}],"inLanguage":"en-US"},{"@type":"Organization","@id":"https:\/\/www.tapasmagazine.es\/#organization","name":"Tapas Magazine","url":"https:\/\/www.tapasmagazine.es\/","logo":{"@type":"ImageObject","inLanguage":"en-US","@id":"https:\/\/www.tapasmagazine.es\/#\/schema\/logo\/image\/","url":"https:\/\/www.tapasmagazine.es\/wp-content\/uploads\/2018\/01\/logo.png","contentUrl":"https:\/\/www.tapasmagazine.es\/wp-content\/uploads\/2018\/01\/logo.png","width":180,"height":60,"caption":"Tapas Magazine"},"image":{"@id":"https:\/\/www.tapasmagazine.es\/#\/schema\/logo\/image\/"},"sameAs":["https:\/\/www.facebook.com\/tapasmagazine","https:\/\/x.com\/TapasMagazine","https:\/\/www.instagram.com\/tapasmagazine\/","https:\/\/www.linkedin.com\/company\/tapas-magazine","https:\/\/es.pinterest.com\/tapasmagazine\/","https:\/\/www.youtube.com\/channel\/UCEyxneAaACuR0lfDagrWjjg?sub_confirmation=1"]},{"@type":"Person","@id":"https:\/\/www.tapasmagazine.es\/#\/schema\/person\/8bf373b672ffa6f78a076c90acdfaf26","name":"Tapas","url":"https:\/\/www.tapasmagazine.es\/en\/author\/spainmediaweb-tapas\/"}]}},"_links":{"self":[{"href":"https:\/\/www.tapasmagazine.es\/en\/wp-json\/wp\/v2\/posts\/209351","targetHints":{"allow":["GET"]}}],"collection":[{"href":"https:\/\/www.tapasmagazine.es\/en\/wp-json\/wp\/v2\/posts"}],"about":[{"href":"https:\/\/www.tapasmagazine.es\/en\/wp-json\/wp\/v2\/types\/post"}],"author":[{"embeddable":true,"href":"https:\/\/www.tapasmagazine.es\/en\/wp-json\/wp\/v2\/users\/23"}],"replies":[{"embeddable":true,"href":"https:\/\/www.tapasmagazine.es\/en\/wp-json\/wp\/v2\/comments?post=209351"}],"version-history":[{"count":7,"href":"https:\/\/www.tapasmagazine.es\/en\/wp-json\/wp\/v2\/posts\/209351\/revisions"}],"predecessor-version":[{"id":209363,"href":"https:\/\/www.tapasmagazine.es\/en\/wp-json\/wp\/v2\/posts\/209351\/revisions\/209363"}],"wp:featuredmedia":[{"embeddable":true,"href":"https:\/\/www.tapasmagazine.es\/en\/wp-json\/wp\/v2\/media\/209349"}],"wp:attachment":[{"href":"https:\/\/www.tapasmagazine.es\/en\/wp-json\/wp\/v2\/media?parent=209351"}],"wp:term":[{"taxonomy":"category","embeddable":true,"href":"https:\/\/www.tapasmagazine.es\/en\/wp-json\/wp\/v2\/categories?post=209351"},{"taxonomy":"post_tag","embeddable":true,"href":"https:\/\/www.tapasmagazine.es\/en\/wp-json\/wp\/v2\/tags?post=209351"}],"curies":[{"name":"wp","href":"https:\/\/api.w.org\/{rel}","templated":true}]}}