{"id":209207,"date":"2023-09-22T10:31:42","date_gmt":"2023-09-22T08:31:42","guid":{"rendered":"https:\/\/www.tapasmagazine.es\/el-meme-viral-idiot-sandwich-de-gordon-ramsay-se-convertira-en-un-programa-culinario\/"},"modified":"2023-09-22T10:40:10","modified_gmt":"2023-09-22T08:40:10","slug":"el-meme-viral-idiot-sandwich-de-gordon-ramsay-se-convertira-en-un-programa-culinario","status":"publish","type":"post","link":"https:\/\/www.tapasmagazine.es\/en\/el-meme-viral-idiot-sandwich-de-gordon-ramsay-se-convertira-en-un-programa-culinario\/","title":{"rendered":"Gordon Ramsay&#8217;s &#8216;Idiot Sandwich&#8217; viral meme to be turned into a culinary show"},"content":{"rendered":"\n<p><strong>Click <a href=\"https:\/\/www.tapasmagazine.es\/el-meme-viral-idiot-sandwich-de-gordon-ramsay-se-convertira-en-un-programa-culinario\/\" target=\"_blank\" rel=\"noreferrer noopener\">here<\/a> to read the Spanish version.<\/strong><\/p>\n\n\n\n<p>The most controversial chef on television starred in one of the most echoed gastronomic memes on the Internet. And that was the precise moment when he placed two slices of white bread over the ears of presenter <strong>Julie Chen Moonves<\/strong>, shouting at her: &#8216;What are you,&#8217; to which Moonves replied: &#8216;An idiot sandwich&#8217;.<\/p>\n\n\n\n<p>Now, <strong>Gordon Ramsay<\/strong>, will finally crown the personification of the ultimate &#8216;idiot sandwich&#8217; in a new program he revealed to <strong>PEOPLE <\/strong>exclusively.<\/p>\n\n\n\n<p>The show&#8217;s title &#8216;<strong>Idiot Sandwich<\/strong>&#8216; thus comes from that iconic sequence that Ramsay spoofed for <strong>James Corden<\/strong>&#8216;s &#8216;<strong>The Late Late Show<\/strong>&#8216; in 2015, which racked up more than 13 million plays on YouTube, and ended up going viral on the internet as one of the great memes or parody skeches of his career.<\/p>\n\n\n\n<figure class=\"wp-block-embed is-type-video is-provider-youtube wp-block-embed-youtube wp-embed-aspect-16-9 wp-has-aspect-ratio\"><div class=\"wp-block-embed__wrapper\">\n<iframe title=\"Hell&#039;s Cafeteria - Gordon Ramsay Grills Julie Chen &amp; James\" width=\"640\" height=\"360\" src=\"https:\/\/www.youtube.com\/embed\/nqY3tv-y62A?feature=oembed\" frameborder=\"0\" allow=\"accelerometer; autoplay; clipboard-write; encrypted-media; gyroscope; picture-in-picture; web-share\" referrerpolicy=\"strict-origin-when-cross-origin\" allowfullscreen><\/iframe>\n<\/div><\/figure>\n\n\n\n<h2 class=\"wp-block-heading\">Inside the show<\/h2>\n\n\n\n<p>The Michelin-starred chef shared details about the show on his Instagram profile, revealing that it will be shot in <strong>Las Vegas<\/strong> starting in November, hand-in-hand with an application form: &#8216;Are you an Idiot Sandwich? If so, can you prove it to me live,&#8217; Ramsay commented in the clip, adding that &#8216;you don&#8217;t need to be a chef to apply&#8217;.<\/p>\n\n\n\n<div class=\"wp-block-group\"><div class=\"wp-block-group__inner-container is-layout-constrained wp-block-group-is-layout-constrained\">\n<p>That same text detailed the perks of competing on the show: &#8216;The person whose sandwich impresses Chef Ramsay the most will win a cash prize and the ultimate title: being crowned Gordon Ramsay&#8217;s Idiot Sandwich!&#8217;&nbsp;<\/p>\n\n\n\n<p><strong>Ramsay<\/strong>&#8216;s upcoming series will thus follow the celebrity chef on his mission to find the<strong> best sandwich<\/strong>, once again glimpsing his media power and that of internet meme culture.<\/p>\n<\/div><\/div>\n","protected":false},"excerpt":{"rendered":"<p>Click here to read the Spanish version. The most controversial chef on television starred in one of the most echoed gastronomic memes on the Internet. And that was the precise moment when he placed two slices of white bread over the ears of presenter Julie Chen Moonves, shouting at her: &#8216;What are you,&#8217; to which [&hellip;]<\/p>\n","protected":false},"author":285,"featured_media":209194,"comment_status":"open","ping_status":"closed","sticky":false,"template":"single-feature.php","format":"standard","meta":{"_acf_changed":false,"footnotes":""},"categories":[15802],"tags":[18230,18322],"class_list":["post-209207","post","type-post","status-publish","format-standard","has-post-thumbnail","hentry","category-news","tag-gordon-ramsay-en","tag-programa-en","cat-15802-id"],"acf":[],"yoast_head":"<!-- This site is optimized with the Yoast SEO plugin v27.4 - https:\/\/yoast.com\/product\/yoast-seo-wordpress\/ -->\n<title>Gordon Ramsay&#039;s &#039;Idiot Sandwich&#039; viral meme to be turned into a culinary show - Tapas<\/title>\n<meta name=\"description\" content=\"Click here to read the Spanish version. The most controversial chef on television starred in one of the most echoed gastronomic memes on the Internet. And\" \/>\n<meta name=\"robots\" content=\"index, follow, max-snippet:-1, max-image-preview:large, max-video-preview:-1\" \/>\n<link rel=\"canonical\" href=\"https:\/\/www.tapasmagazine.es\/en\/el-meme-viral-idiot-sandwich-de-gordon-ramsay-se-convertira-en-un-programa-culinario\/\" \/>\n<meta property=\"og:locale\" content=\"en_US\" \/>\n<meta property=\"og:type\" content=\"article\" \/>\n<meta property=\"og:title\" content=\"Gordon Ramsay&#039;s &#039;Idiot Sandwich&#039; viral meme to be turned into a culinary show - Tapas\" \/>\n<meta property=\"og:description\" content=\"Click here to read the Spanish version. The most controversial chef on television starred in one of the most echoed gastronomic memes on the Internet. And\" \/>\n<meta property=\"og:url\" content=\"https:\/\/www.tapasmagazine.es\/en\/el-meme-viral-idiot-sandwich-de-gordon-ramsay-se-convertira-en-un-programa-culinario\/\" \/>\n<meta property=\"og:site_name\" content=\"Tapas\" \/>\n<meta property=\"article:publisher\" content=\"https:\/\/www.facebook.com\/tapasmagazine\" \/>\n<meta property=\"article:published_time\" content=\"2023-09-22T08:31:42+00:00\" \/>\n<meta property=\"article:modified_time\" content=\"2023-09-22T08:40:10+00:00\" \/>\n<meta property=\"og:image\" content=\"https:\/\/www.tapasmagazine.es\/wp-content\/uploads\/2023\/09\/programa-idiot-sandwich-ramsay.jpg\" \/>\n\t<meta property=\"og:image:width\" content=\"1200\" \/>\n\t<meta property=\"og:image:height\" content=\"675\" \/>\n\t<meta property=\"og:image:type\" content=\"image\/jpeg\" \/>\n<meta name=\"author\" content=\"Laura P\u00e9rez\" \/>\n<meta name=\"twitter:card\" content=\"summary_large_image\" \/>\n<meta name=\"twitter:creator\" content=\"@TapasMagazine\" \/>\n<meta name=\"twitter:site\" content=\"@TapasMagazine\" \/>\n<meta name=\"twitter:label1\" content=\"Written by\" \/>\n\t<meta name=\"twitter:data1\" content=\"Laura P\u00e9rez\" \/>\n\t<meta name=\"twitter:label2\" content=\"Est. reading time\" \/>\n\t<meta name=\"twitter:data2\" content=\"2 minutes\" \/>\n<script type=\"application\/ld+json\" class=\"yoast-schema-graph\">{\"@context\":\"https:\\\/\\\/schema.org\",\"@graph\":[{\"@type\":\"Article\",\"@id\":\"https:\\\/\\\/www.tapasmagazine.es\\\/en\\\/el-meme-viral-idiot-sandwich-de-gordon-ramsay-se-convertira-en-un-programa-culinario\\\/#article\",\"isPartOf\":{\"@id\":\"https:\\\/\\\/www.tapasmagazine.es\\\/en\\\/el-meme-viral-idiot-sandwich-de-gordon-ramsay-se-convertira-en-un-programa-culinario\\\/\"},\"author\":{\"name\":\"Laura P\u00e9rez\",\"@id\":\"https:\\\/\\\/www.tapasmagazine.es\\\/#\\\/schema\\\/person\\\/eb46cbe76a9c8f062660eb609e3ecb4e\"},\"headline\":\"Gordon Ramsay&#8217;s &#8216;Idiot Sandwich&#8217; viral meme to be turned into a culinary show\",\"datePublished\":\"2023-09-22T08:31:42+00:00\",\"dateModified\":\"2023-09-22T08:40:10+00:00\",\"mainEntityOfPage\":{\"@id\":\"https:\\\/\\\/www.tapasmagazine.es\\\/en\\\/el-meme-viral-idiot-sandwich-de-gordon-ramsay-se-convertira-en-un-programa-culinario\\\/\"},\"wordCount\":310,\"commentCount\":0,\"publisher\":{\"@id\":\"https:\\\/\\\/www.tapasmagazine.es\\\/#organization\"},\"image\":{\"@id\":\"https:\\\/\\\/www.tapasmagazine.es\\\/en\\\/el-meme-viral-idiot-sandwich-de-gordon-ramsay-se-convertira-en-un-programa-culinario\\\/#primaryimage\"},\"thumbnailUrl\":\"https:\\\/\\\/www.tapasmagazine.es\\\/wp-content\\\/uploads\\\/2023\\\/09\\\/programa-idiot-sandwich-ramsay.jpg\",\"keywords\":[\"Gordon Ramsay\",\"Programa\"],\"articleSection\":[\"News\"],\"inLanguage\":\"en-US\",\"potentialAction\":[{\"@type\":\"CommentAction\",\"name\":\"Comment\",\"target\":[\"https:\\\/\\\/www.tapasmagazine.es\\\/en\\\/el-meme-viral-idiot-sandwich-de-gordon-ramsay-se-convertira-en-un-programa-culinario\\\/#respond\"]}]},{\"@type\":\"WebPage\",\"@id\":\"https:\\\/\\\/www.tapasmagazine.es\\\/en\\\/el-meme-viral-idiot-sandwich-de-gordon-ramsay-se-convertira-en-un-programa-culinario\\\/\",\"url\":\"https:\\\/\\\/www.tapasmagazine.es\\\/en\\\/el-meme-viral-idiot-sandwich-de-gordon-ramsay-se-convertira-en-un-programa-culinario\\\/\",\"name\":\"Gordon Ramsay's 'Idiot Sandwich' viral meme to be turned into a culinary show - Tapas\",\"isPartOf\":{\"@id\":\"https:\\\/\\\/www.tapasmagazine.es\\\/#website\"},\"primaryImageOfPage\":{\"@id\":\"https:\\\/\\\/www.tapasmagazine.es\\\/en\\\/el-meme-viral-idiot-sandwich-de-gordon-ramsay-se-convertira-en-un-programa-culinario\\\/#primaryimage\"},\"image\":{\"@id\":\"https:\\\/\\\/www.tapasmagazine.es\\\/en\\\/el-meme-viral-idiot-sandwich-de-gordon-ramsay-se-convertira-en-un-programa-culinario\\\/#primaryimage\"},\"thumbnailUrl\":\"https:\\\/\\\/www.tapasmagazine.es\\\/wp-content\\\/uploads\\\/2023\\\/09\\\/programa-idiot-sandwich-ramsay.jpg\",\"datePublished\":\"2023-09-22T08:31:42+00:00\",\"dateModified\":\"2023-09-22T08:40:10+00:00\",\"description\":\"Click here to read the Spanish version. The most controversial chef on television starred in one of the most echoed gastronomic memes on the Internet. And\",\"breadcrumb\":{\"@id\":\"https:\\\/\\\/www.tapasmagazine.es\\\/en\\\/el-meme-viral-idiot-sandwich-de-gordon-ramsay-se-convertira-en-un-programa-culinario\\\/#breadcrumb\"},\"inLanguage\":\"en-US\",\"potentialAction\":[{\"@type\":\"ReadAction\",\"target\":[\"https:\\\/\\\/www.tapasmagazine.es\\\/en\\\/el-meme-viral-idiot-sandwich-de-gordon-ramsay-se-convertira-en-un-programa-culinario\\\/\"]}]},{\"@type\":\"ImageObject\",\"inLanguage\":\"en-US\",\"@id\":\"https:\\\/\\\/www.tapasmagazine.es\\\/en\\\/el-meme-viral-idiot-sandwich-de-gordon-ramsay-se-convertira-en-un-programa-culinario\\\/#primaryimage\",\"url\":\"https:\\\/\\\/www.tapasmagazine.es\\\/wp-content\\\/uploads\\\/2023\\\/09\\\/programa-idiot-sandwich-ramsay.jpg\",\"contentUrl\":\"https:\\\/\\\/www.tapasmagazine.es\\\/wp-content\\\/uploads\\\/2023\\\/09\\\/programa-idiot-sandwich-ramsay.jpg\",\"width\":1200,\"height\":675},{\"@type\":\"BreadcrumbList\",\"@id\":\"https:\\\/\\\/www.tapasmagazine.es\\\/en\\\/el-meme-viral-idiot-sandwich-de-gordon-ramsay-se-convertira-en-un-programa-culinario\\\/#breadcrumb\",\"itemListElement\":[{\"@type\":\"ListItem\",\"position\":1,\"name\":\"Portada\",\"item\":\"https:\\\/\\\/www.tapasmagazine.es\\\/\"},{\"@type\":\"ListItem\",\"position\":2,\"name\":\"News\",\"item\":\"https:\\\/\\\/www.tapasmagazine.es\\\/en\\\/categorias\\\/news\\\/\"},{\"@type\":\"ListItem\",\"position\":3,\"name\":\"Gordon Ramsay&#8217;s &#8216;Idiot Sandwich&#8217; viral meme to be turned into a culinary show\"}]},{\"@type\":\"WebSite\",\"@id\":\"https:\\\/\\\/www.tapasmagazine.es\\\/#website\",\"url\":\"https:\\\/\\\/www.tapasmagazine.es\\\/\",\"name\":\"Tapas\",\"description\":\"\u00d1am \u00d1am Lifestyle. La vida a bocados. Premio Nacional de Gastronom\u00eda 2016.\",\"publisher\":{\"@id\":\"https:\\\/\\\/www.tapasmagazine.es\\\/#organization\"},\"potentialAction\":[{\"@type\":\"SearchAction\",\"target\":{\"@type\":\"EntryPoint\",\"urlTemplate\":\"https:\\\/\\\/www.tapasmagazine.es\\\/?s={search_term_string}\"},\"query-input\":{\"@type\":\"PropertyValueSpecification\",\"valueRequired\":true,\"valueName\":\"search_term_string\"}}],\"inLanguage\":\"en-US\"},{\"@type\":\"Organization\",\"@id\":\"https:\\\/\\\/www.tapasmagazine.es\\\/#organization\",\"name\":\"Tapas Magazine\",\"url\":\"https:\\\/\\\/www.tapasmagazine.es\\\/\",\"logo\":{\"@type\":\"ImageObject\",\"inLanguage\":\"en-US\",\"@id\":\"https:\\\/\\\/www.tapasmagazine.es\\\/#\\\/schema\\\/logo\\\/image\\\/\",\"url\":\"https:\\\/\\\/www.tapasmagazine.es\\\/wp-content\\\/uploads\\\/2018\\\/01\\\/logo.png\",\"contentUrl\":\"https:\\\/\\\/www.tapasmagazine.es\\\/wp-content\\\/uploads\\\/2018\\\/01\\\/logo.png\",\"width\":180,\"height\":60,\"caption\":\"Tapas Magazine\"},\"image\":{\"@id\":\"https:\\\/\\\/www.tapasmagazine.es\\\/#\\\/schema\\\/logo\\\/image\\\/\"},\"sameAs\":[\"https:\\\/\\\/www.facebook.com\\\/tapasmagazine\",\"https:\\\/\\\/x.com\\\/TapasMagazine\",\"https:\\\/\\\/www.instagram.com\\\/tapasmagazine\\\/\",\"https:\\\/\\\/www.linkedin.com\\\/company\\\/tapas-magazine\",\"https:\\\/\\\/es.pinterest.com\\\/tapasmagazine\\\/\",\"https:\\\/\\\/www.youtube.com\\\/channel\\\/UCEyxneAaACuR0lfDagrWjjg?sub_confirmation=1\"]},{\"@type\":\"Person\",\"@id\":\"https:\\\/\\\/www.tapasmagazine.es\\\/#\\\/schema\\\/person\\\/eb46cbe76a9c8f062660eb609e3ecb4e\",\"name\":\"Laura P\u00e9rez\",\"url\":\"https:\\\/\\\/www.tapasmagazine.es\\\/en\\\/author\\\/laura-perez\\\/\"}]}<\/script>\n<!-- \/ Yoast SEO plugin. -->","yoast_head_json":{"title":"Gordon Ramsay's 'Idiot Sandwich' viral meme to be turned into a culinary show - Tapas","description":"Click here to read the Spanish version. The most controversial chef on television starred in one of the most echoed gastronomic memes on the Internet. And","robots":{"index":"index","follow":"follow","max-snippet":"max-snippet:-1","max-image-preview":"max-image-preview:large","max-video-preview":"max-video-preview:-1"},"canonical":"https:\/\/www.tapasmagazine.es\/en\/el-meme-viral-idiot-sandwich-de-gordon-ramsay-se-convertira-en-un-programa-culinario\/","og_locale":"en_US","og_type":"article","og_title":"Gordon Ramsay's 'Idiot Sandwich' viral meme to be turned into a culinary show - Tapas","og_description":"Click here to read the Spanish version. The most controversial chef on television starred in one of the most echoed gastronomic memes on the Internet. And","og_url":"https:\/\/www.tapasmagazine.es\/en\/el-meme-viral-idiot-sandwich-de-gordon-ramsay-se-convertira-en-un-programa-culinario\/","og_site_name":"Tapas","article_publisher":"https:\/\/www.facebook.com\/tapasmagazine","article_published_time":"2023-09-22T08:31:42+00:00","article_modified_time":"2023-09-22T08:40:10+00:00","og_image":[{"width":1200,"height":675,"url":"https:\/\/www.tapasmagazine.es\/wp-content\/uploads\/2023\/09\/programa-idiot-sandwich-ramsay.jpg","type":"image\/jpeg"}],"author":"Laura P\u00e9rez","twitter_card":"summary_large_image","twitter_creator":"@TapasMagazine","twitter_site":"@TapasMagazine","twitter_misc":{"Written by":"Laura P\u00e9rez","Est. reading time":"2 minutes"},"schema":{"@context":"https:\/\/schema.org","@graph":[{"@type":"Article","@id":"https:\/\/www.tapasmagazine.es\/en\/el-meme-viral-idiot-sandwich-de-gordon-ramsay-se-convertira-en-un-programa-culinario\/#article","isPartOf":{"@id":"https:\/\/www.tapasmagazine.es\/en\/el-meme-viral-idiot-sandwich-de-gordon-ramsay-se-convertira-en-un-programa-culinario\/"},"author":{"name":"Laura P\u00e9rez","@id":"https:\/\/www.tapasmagazine.es\/#\/schema\/person\/eb46cbe76a9c8f062660eb609e3ecb4e"},"headline":"Gordon Ramsay&#8217;s &#8216;Idiot Sandwich&#8217; viral meme to be turned into a culinary show","datePublished":"2023-09-22T08:31:42+00:00","dateModified":"2023-09-22T08:40:10+00:00","mainEntityOfPage":{"@id":"https:\/\/www.tapasmagazine.es\/en\/el-meme-viral-idiot-sandwich-de-gordon-ramsay-se-convertira-en-un-programa-culinario\/"},"wordCount":310,"commentCount":0,"publisher":{"@id":"https:\/\/www.tapasmagazine.es\/#organization"},"image":{"@id":"https:\/\/www.tapasmagazine.es\/en\/el-meme-viral-idiot-sandwich-de-gordon-ramsay-se-convertira-en-un-programa-culinario\/#primaryimage"},"thumbnailUrl":"https:\/\/www.tapasmagazine.es\/wp-content\/uploads\/2023\/09\/programa-idiot-sandwich-ramsay.jpg","keywords":["Gordon Ramsay","Programa"],"articleSection":["News"],"inLanguage":"en-US","potentialAction":[{"@type":"CommentAction","name":"Comment","target":["https:\/\/www.tapasmagazine.es\/en\/el-meme-viral-idiot-sandwich-de-gordon-ramsay-se-convertira-en-un-programa-culinario\/#respond"]}]},{"@type":"WebPage","@id":"https:\/\/www.tapasmagazine.es\/en\/el-meme-viral-idiot-sandwich-de-gordon-ramsay-se-convertira-en-un-programa-culinario\/","url":"https:\/\/www.tapasmagazine.es\/en\/el-meme-viral-idiot-sandwich-de-gordon-ramsay-se-convertira-en-un-programa-culinario\/","name":"Gordon Ramsay's 'Idiot Sandwich' viral meme to be turned into a culinary show - Tapas","isPartOf":{"@id":"https:\/\/www.tapasmagazine.es\/#website"},"primaryImageOfPage":{"@id":"https:\/\/www.tapasmagazine.es\/en\/el-meme-viral-idiot-sandwich-de-gordon-ramsay-se-convertira-en-un-programa-culinario\/#primaryimage"},"image":{"@id":"https:\/\/www.tapasmagazine.es\/en\/el-meme-viral-idiot-sandwich-de-gordon-ramsay-se-convertira-en-un-programa-culinario\/#primaryimage"},"thumbnailUrl":"https:\/\/www.tapasmagazine.es\/wp-content\/uploads\/2023\/09\/programa-idiot-sandwich-ramsay.jpg","datePublished":"2023-09-22T08:31:42+00:00","dateModified":"2023-09-22T08:40:10+00:00","description":"Click here to read the Spanish version. The most controversial chef on television starred in one of the most echoed gastronomic memes on the Internet. And","breadcrumb":{"@id":"https:\/\/www.tapasmagazine.es\/en\/el-meme-viral-idiot-sandwich-de-gordon-ramsay-se-convertira-en-un-programa-culinario\/#breadcrumb"},"inLanguage":"en-US","potentialAction":[{"@type":"ReadAction","target":["https:\/\/www.tapasmagazine.es\/en\/el-meme-viral-idiot-sandwich-de-gordon-ramsay-se-convertira-en-un-programa-culinario\/"]}]},{"@type":"ImageObject","inLanguage":"en-US","@id":"https:\/\/www.tapasmagazine.es\/en\/el-meme-viral-idiot-sandwich-de-gordon-ramsay-se-convertira-en-un-programa-culinario\/#primaryimage","url":"https:\/\/www.tapasmagazine.es\/wp-content\/uploads\/2023\/09\/programa-idiot-sandwich-ramsay.jpg","contentUrl":"https:\/\/www.tapasmagazine.es\/wp-content\/uploads\/2023\/09\/programa-idiot-sandwich-ramsay.jpg","width":1200,"height":675},{"@type":"BreadcrumbList","@id":"https:\/\/www.tapasmagazine.es\/en\/el-meme-viral-idiot-sandwich-de-gordon-ramsay-se-convertira-en-un-programa-culinario\/#breadcrumb","itemListElement":[{"@type":"ListItem","position":1,"name":"Portada","item":"https:\/\/www.tapasmagazine.es\/"},{"@type":"ListItem","position":2,"name":"News","item":"https:\/\/www.tapasmagazine.es\/en\/categorias\/news\/"},{"@type":"ListItem","position":3,"name":"Gordon Ramsay&#8217;s &#8216;Idiot Sandwich&#8217; viral meme to be turned into a culinary show"}]},{"@type":"WebSite","@id":"https:\/\/www.tapasmagazine.es\/#website","url":"https:\/\/www.tapasmagazine.es\/","name":"Tapas","description":"\u00d1am \u00d1am Lifestyle. La vida a bocados. Premio Nacional de Gastronom\u00eda 2016.","publisher":{"@id":"https:\/\/www.tapasmagazine.es\/#organization"},"potentialAction":[{"@type":"SearchAction","target":{"@type":"EntryPoint","urlTemplate":"https:\/\/www.tapasmagazine.es\/?s={search_term_string}"},"query-input":{"@type":"PropertyValueSpecification","valueRequired":true,"valueName":"search_term_string"}}],"inLanguage":"en-US"},{"@type":"Organization","@id":"https:\/\/www.tapasmagazine.es\/#organization","name":"Tapas Magazine","url":"https:\/\/www.tapasmagazine.es\/","logo":{"@type":"ImageObject","inLanguage":"en-US","@id":"https:\/\/www.tapasmagazine.es\/#\/schema\/logo\/image\/","url":"https:\/\/www.tapasmagazine.es\/wp-content\/uploads\/2018\/01\/logo.png","contentUrl":"https:\/\/www.tapasmagazine.es\/wp-content\/uploads\/2018\/01\/logo.png","width":180,"height":60,"caption":"Tapas Magazine"},"image":{"@id":"https:\/\/www.tapasmagazine.es\/#\/schema\/logo\/image\/"},"sameAs":["https:\/\/www.facebook.com\/tapasmagazine","https:\/\/x.com\/TapasMagazine","https:\/\/www.instagram.com\/tapasmagazine\/","https:\/\/www.linkedin.com\/company\/tapas-magazine","https:\/\/es.pinterest.com\/tapasmagazine\/","https:\/\/www.youtube.com\/channel\/UCEyxneAaACuR0lfDagrWjjg?sub_confirmation=1"]},{"@type":"Person","@id":"https:\/\/www.tapasmagazine.es\/#\/schema\/person\/eb46cbe76a9c8f062660eb609e3ecb4e","name":"Laura P\u00e9rez","url":"https:\/\/www.tapasmagazine.es\/en\/author\/laura-perez\/"}]}},"_links":{"self":[{"href":"https:\/\/www.tapasmagazine.es\/en\/wp-json\/wp\/v2\/posts\/209207","targetHints":{"allow":["GET"]}}],"collection":[{"href":"https:\/\/www.tapasmagazine.es\/en\/wp-json\/wp\/v2\/posts"}],"about":[{"href":"https:\/\/www.tapasmagazine.es\/en\/wp-json\/wp\/v2\/types\/post"}],"author":[{"embeddable":true,"href":"https:\/\/www.tapasmagazine.es\/en\/wp-json\/wp\/v2\/users\/285"}],"replies":[{"embeddable":true,"href":"https:\/\/www.tapasmagazine.es\/en\/wp-json\/wp\/v2\/comments?post=209207"}],"version-history":[{"count":4,"href":"https:\/\/www.tapasmagazine.es\/en\/wp-json\/wp\/v2\/posts\/209207\/revisions"}],"predecessor-version":[{"id":209215,"href":"https:\/\/www.tapasmagazine.es\/en\/wp-json\/wp\/v2\/posts\/209207\/revisions\/209215"}],"wp:featuredmedia":[{"embeddable":true,"href":"https:\/\/www.tapasmagazine.es\/en\/wp-json\/wp\/v2\/media\/209194"}],"wp:attachment":[{"href":"https:\/\/www.tapasmagazine.es\/en\/wp-json\/wp\/v2\/media?parent=209207"}],"wp:term":[{"taxonomy":"category","embeddable":true,"href":"https:\/\/www.tapasmagazine.es\/en\/wp-json\/wp\/v2\/categories?post=209207"},{"taxonomy":"post_tag","embeddable":true,"href":"https:\/\/www.tapasmagazine.es\/en\/wp-json\/wp\/v2\/tags?post=209207"}],"curies":[{"name":"wp","href":"https:\/\/api.w.org\/{rel}","templated":true}]}}