{"id":209094,"date":"2023-09-21T15:17:25","date_gmt":"2023-09-21T13:17:25","guid":{"rendered":"https:\/\/www.tapasmagazine.es\/paco-mendez-y-albert-adria-abriran-una-taqueria-pop-up-en-barcelona\/"},"modified":"2023-09-21T15:20:45","modified_gmt":"2023-09-21T13:20:45","slug":"paco-mendez-and-albert-adria-to-open-a-pop-up-taqueria-in-barcelona","status":"publish","type":"post","link":"https:\/\/www.tapasmagazine.es\/en\/paco-mendez-and-albert-adria-to-open-a-pop-up-taqueria-in-barcelona\/","title":{"rendered":"Paco M\u00e9ndez and Albert Adri\u00e0 to open a pop-up taqueria in Barcelona"},"content":{"rendered":"\n<p><strong>Click <a href=\"https:\/\/www.tapasmagazine.es\/paco-mendez-y-albert-adria-abriran-una-taqueria-pop-up-en-barcelona\/\" target=\"_blank\" rel=\"noreferrer noopener\">here<\/a> to read the Spanish version.<\/strong><\/p>\n\n\n\n<p><strong>Paco M\u00e9ndez <\/strong>and <strong>Albert Adri\u00e0 <\/strong>will open the doors of their joint project on <strong>October 4<\/strong>, specifically in the former space of Adri\u00e0&#8217;s iconic Bodega 1900.<\/p>\n\n\n\n<p><strong>Taco M\u00e9ndez <\/strong>will merge the gastronomic identity of the chefs in a proposal that will revolve around the <strong>Mexican taco culture<\/strong>. There they will serve traditional Mexican recipes with which they will reinterpret tradition and craftsmanship under their signature seal.<\/p>\n\n\n<div class=\"wp-block-image\">\n<figure class=\"aligncenter size-large is-resized\"><a href=\"https:\/\/www.tapasmagazine.es\/wp-content\/uploads\/2023\/09\/taco-mendez-pop-up-2-scaled.jpg\"><img decoding=\"async\" src=\"https:\/\/www.tapasmagazine.es\/wp-content\/uploads\/2023\/09\/taco-mendez-pop-up-2-1024x683.jpg\" alt=\"\" class=\"wp-image-209086\" style=\"width:954px;height:636px\" width=\"954\" height=\"636\" srcset=\"https:\/\/www.tapasmagazine.es\/wp-content\/uploads\/2023\/09\/taco-mendez-pop-up-2-1024x683.jpg 1024w, https:\/\/www.tapasmagazine.es\/wp-content\/uploads\/2023\/09\/taco-mendez-pop-up-2-300x200.jpg 300w, https:\/\/www.tapasmagazine.es\/wp-content\/uploads\/2023\/09\/taco-mendez-pop-up-2-768x512.jpg 768w, https:\/\/www.tapasmagazine.es\/wp-content\/uploads\/2023\/09\/taco-mendez-pop-up-2-1536x1024.jpg 1536w, https:\/\/www.tapasmagazine.es\/wp-content\/uploads\/2023\/09\/taco-mendez-pop-up-2-2048x1365.jpg 2048w, https:\/\/www.tapasmagazine.es\/wp-content\/uploads\/2023\/09\/taco-mendez-pop-up-2-1000x667.jpg 1000w, https:\/\/www.tapasmagazine.es\/wp-content\/uploads\/2023\/09\/taco-mendez-pop-up-2-400x267.jpg 400w\" sizes=\"(max-width: 954px) 100vw, 954px\" \/><\/a><\/figure>\n<\/div>\n\n\n<p>The proposal of this kind of &#8216;gastrobar&#8217;, run by <strong>Paco M\u00e9ndez<\/strong> and his wife <strong>Erinna Marciano<\/strong>, will feature <strong>6 savory dishes<\/strong>, such as the iconic tacos al Pastor or cochinita, as well as the classic guacamole or quesadillas, including vegan and vegetarian options. An authentic Mexican buffet that can be sweetened with desserts such as corn flan.<\/p>\n\n\n<div class=\"wp-block-image\">\n<figure class=\"aligncenter size-large is-resized\"><a href=\"https:\/\/www.tapasmagazine.es\/wp-content\/uploads\/2023\/09\/taco-mendez-pop-up-3-scaled.jpg\"><img decoding=\"async\" src=\"https:\/\/www.tapasmagazine.es\/wp-content\/uploads\/2023\/09\/taco-mendez-pop-up-3-1024x732.jpg\" alt=\"\" class=\"wp-image-209088\" style=\"width:1080px;height:772px\" width=\"1080\" height=\"772\" srcset=\"https:\/\/www.tapasmagazine.es\/wp-content\/uploads\/2023\/09\/taco-mendez-pop-up-3-1024x732.jpg 1024w, https:\/\/www.tapasmagazine.es\/wp-content\/uploads\/2023\/09\/taco-mendez-pop-up-3-300x214.jpg 300w, https:\/\/www.tapasmagazine.es\/wp-content\/uploads\/2023\/09\/taco-mendez-pop-up-3-768x549.jpg 768w, https:\/\/www.tapasmagazine.es\/wp-content\/uploads\/2023\/09\/taco-mendez-pop-up-3-1536x1097.jpg 1536w, https:\/\/www.tapasmagazine.es\/wp-content\/uploads\/2023\/09\/taco-mendez-pop-up-3-2048x1463.jpg 2048w, https:\/\/www.tapasmagazine.es\/wp-content\/uploads\/2023\/09\/taco-mendez-pop-up-3-1000x714.jpg 1000w, https:\/\/www.tapasmagazine.es\/wp-content\/uploads\/2023\/09\/taco-mendez-pop-up-3-400x286.jpg 400w\" sizes=\"(max-width: 1080px) 100vw, 1080px\" \/><\/a><\/figure>\n<\/div>\n\n\n<p>The <strong>tacos <\/strong>will have a single price of <strong>5.5 euros<\/strong>, with the peculiarity that &#8216;they will be of a larger size than usual in European Mexican restaurants, having a weight of about 100 grams each&#8217;, according to Gastroeconomy. The pairing will be served in the form of beer, soft drinks and water, but especially with Patr\u00f3n tequila margaritas.<\/p>\n\n\n<div class=\"wp-block-image\">\n<figure class=\"aligncenter size-large is-resized\"><a href=\"https:\/\/www.tapasmagazine.es\/wp-content\/uploads\/2023\/09\/taco-mendez-pop-up-5.jpg\"><img decoding=\"async\" src=\"https:\/\/www.tapasmagazine.es\/wp-content\/uploads\/2023\/09\/taco-mendez-pop-up-5-732x1024.jpg\" alt=\"\" class=\"wp-image-209090\" style=\"width:1270px;height:1777px\" width=\"1270\" height=\"1777\" srcset=\"https:\/\/www.tapasmagazine.es\/wp-content\/uploads\/2023\/09\/taco-mendez-pop-up-5-732x1024.jpg 732w, https:\/\/www.tapasmagazine.es\/wp-content\/uploads\/2023\/09\/taco-mendez-pop-up-5-214x300.jpg 214w, https:\/\/www.tapasmagazine.es\/wp-content\/uploads\/2023\/09\/taco-mendez-pop-up-5-768x1074.jpg 768w, https:\/\/www.tapasmagazine.es\/wp-content\/uploads\/2023\/09\/taco-mendez-pop-up-5-400x560.jpg 400w, https:\/\/www.tapasmagazine.es\/wp-content\/uploads\/2023\/09\/taco-mendez-pop-up-5.jpg 800w\" sizes=\"(max-width: 1270px) 100vw, 1270px\" \/><\/a><\/figure>\n<\/div>\n\n\n<p>The restaurant, which will have a capacity for <strong>60 people<\/strong> -indoor and terrace-, will not have a reservation option and will be open temporarily until March 2024 at 91 Tamarit Street.<\/p>\n","protected":false},"excerpt":{"rendered":"<p>Click here to read the Spanish version. Paco M\u00e9ndez and Albert Adri\u00e0 will open the doors of their joint project on October 4, specifically in the former space of Adri\u00e0&#8217;s iconic Bodega 1900. Taco M\u00e9ndez will merge the gastronomic identity of the chefs in a proposal that will revolve around the Mexican taco culture. There [&hellip;]<\/p>\n","protected":false},"author":285,"featured_media":209081,"comment_status":"open","ping_status":"closed","sticky":false,"template":"single-feature.php","format":"standard","meta":{"_acf_changed":false,"footnotes":""},"categories":[15807,15802,1],"tags":[17057,16260,18320],"class_list":["post-209094","post","type-post","status-publish","format-standard","has-post-thumbnail","hentry","category-gastro-en","category-news","category-sin-categorizar","tag-albert-adria-2-en","tag-barcelona-en","tag-paco-mendez-en","cat-15807-id","cat-15802-id","cat-1-id"],"acf":[],"yoast_head":"<!-- This site is optimized with the Yoast SEO plugin v27.4 - https:\/\/yoast.com\/product\/yoast-seo-wordpress\/ -->\n<title>Paco M\u00e9ndez and Albert Adri\u00e0 to open a pop-up taqueria in Barcelona - Tapas<\/title>\n<meta name=\"description\" content=\"Click here to read the Spanish version. Paco M\u00e9ndez and Albert Adri\u00e0 will open the doors of their joint project on October 4, specifically in the former\" \/>\n<meta name=\"robots\" content=\"index, follow, max-snippet:-1, max-image-preview:large, max-video-preview:-1\" \/>\n<link rel=\"canonical\" href=\"https:\/\/www.tapasmagazine.es\/en\/paco-mendez-and-albert-adria-to-open-a-pop-up-taqueria-in-barcelona\/\" \/>\n<meta property=\"og:locale\" content=\"en_US\" \/>\n<meta property=\"og:type\" content=\"article\" \/>\n<meta property=\"og:title\" content=\"Paco M\u00e9ndez and Albert Adri\u00e0 to open a pop-up taqueria in Barcelona - Tapas\" \/>\n<meta property=\"og:description\" content=\"Click here to read the Spanish version. Paco M\u00e9ndez and Albert Adri\u00e0 will open the doors of their joint project on October 4, specifically in the former\" \/>\n<meta property=\"og:url\" content=\"https:\/\/www.tapasmagazine.es\/en\/paco-mendez-and-albert-adria-to-open-a-pop-up-taqueria-in-barcelona\/\" \/>\n<meta property=\"og:site_name\" content=\"Tapas\" \/>\n<meta property=\"article:publisher\" content=\"https:\/\/www.facebook.com\/tapasmagazine\" \/>\n<meta property=\"article:published_time\" content=\"2023-09-21T13:17:25+00:00\" \/>\n<meta property=\"article:modified_time\" content=\"2023-09-21T13:20:45+00:00\" \/>\n<meta property=\"og:image\" content=\"https:\/\/www.tapasmagazine.es\/wp-content\/uploads\/2023\/09\/taco-mendez-pop-up-1.jpg\" \/>\n\t<meta property=\"og:image:width\" content=\"1200\" \/>\n\t<meta property=\"og:image:height\" content=\"675\" \/>\n\t<meta property=\"og:image:type\" content=\"image\/jpeg\" \/>\n<meta name=\"author\" content=\"Laura P\u00e9rez\" \/>\n<meta name=\"twitter:card\" content=\"summary_large_image\" \/>\n<meta name=\"twitter:creator\" content=\"@TapasMagazine\" \/>\n<meta name=\"twitter:site\" content=\"@TapasMagazine\" \/>\n<meta name=\"twitter:label1\" content=\"Written by\" \/>\n\t<meta name=\"twitter:data1\" content=\"Laura P\u00e9rez\" \/>\n\t<meta name=\"twitter:label2\" content=\"Est. reading time\" \/>\n\t<meta name=\"twitter:data2\" content=\"2 minutes\" \/>\n<script type=\"application\/ld+json\" class=\"yoast-schema-graph\">{\"@context\":\"https:\\\/\\\/schema.org\",\"@graph\":[{\"@type\":\"Article\",\"@id\":\"https:\\\/\\\/www.tapasmagazine.es\\\/en\\\/paco-mendez-and-albert-adria-to-open-a-pop-up-taqueria-in-barcelona\\\/#article\",\"isPartOf\":{\"@id\":\"https:\\\/\\\/www.tapasmagazine.es\\\/en\\\/paco-mendez-and-albert-adria-to-open-a-pop-up-taqueria-in-barcelona\\\/\"},\"author\":{\"name\":\"Laura P\u00e9rez\",\"@id\":\"https:\\\/\\\/www.tapasmagazine.es\\\/#\\\/schema\\\/person\\\/eb46cbe76a9c8f062660eb609e3ecb4e\"},\"headline\":\"Paco M\u00e9ndez and Albert Adri\u00e0 to open a pop-up taqueria in Barcelona\",\"datePublished\":\"2023-09-21T13:17:25+00:00\",\"dateModified\":\"2023-09-21T13:20:45+00:00\",\"mainEntityOfPage\":{\"@id\":\"https:\\\/\\\/www.tapasmagazine.es\\\/en\\\/paco-mendez-and-albert-adria-to-open-a-pop-up-taqueria-in-barcelona\\\/\"},\"wordCount\":229,\"commentCount\":0,\"publisher\":{\"@id\":\"https:\\\/\\\/www.tapasmagazine.es\\\/#organization\"},\"image\":{\"@id\":\"https:\\\/\\\/www.tapasmagazine.es\\\/en\\\/paco-mendez-and-albert-adria-to-open-a-pop-up-taqueria-in-barcelona\\\/#primaryimage\"},\"thumbnailUrl\":\"https:\\\/\\\/www.tapasmagazine.es\\\/wp-content\\\/uploads\\\/2023\\\/09\\\/taco-mendez-pop-up-1.jpg\",\"keywords\":[\"Albert Adri\u00e0\",\"Barcelona\",\"Paco M\u00e9ndez\"],\"articleSection\":[\"Gastro\",\"News\",\"Sin categorizar\"],\"inLanguage\":\"en-US\",\"potentialAction\":[{\"@type\":\"CommentAction\",\"name\":\"Comment\",\"target\":[\"https:\\\/\\\/www.tapasmagazine.es\\\/en\\\/paco-mendez-and-albert-adria-to-open-a-pop-up-taqueria-in-barcelona\\\/#respond\"]}]},{\"@type\":\"WebPage\",\"@id\":\"https:\\\/\\\/www.tapasmagazine.es\\\/en\\\/paco-mendez-and-albert-adria-to-open-a-pop-up-taqueria-in-barcelona\\\/\",\"url\":\"https:\\\/\\\/www.tapasmagazine.es\\\/en\\\/paco-mendez-and-albert-adria-to-open-a-pop-up-taqueria-in-barcelona\\\/\",\"name\":\"Paco M\u00e9ndez and Albert Adri\u00e0 to open a pop-up taqueria in Barcelona - Tapas\",\"isPartOf\":{\"@id\":\"https:\\\/\\\/www.tapasmagazine.es\\\/#website\"},\"primaryImageOfPage\":{\"@id\":\"https:\\\/\\\/www.tapasmagazine.es\\\/en\\\/paco-mendez-and-albert-adria-to-open-a-pop-up-taqueria-in-barcelona\\\/#primaryimage\"},\"image\":{\"@id\":\"https:\\\/\\\/www.tapasmagazine.es\\\/en\\\/paco-mendez-and-albert-adria-to-open-a-pop-up-taqueria-in-barcelona\\\/#primaryimage\"},\"thumbnailUrl\":\"https:\\\/\\\/www.tapasmagazine.es\\\/wp-content\\\/uploads\\\/2023\\\/09\\\/taco-mendez-pop-up-1.jpg\",\"datePublished\":\"2023-09-21T13:17:25+00:00\",\"dateModified\":\"2023-09-21T13:20:45+00:00\",\"description\":\"Click here to read the Spanish version. Paco M\u00e9ndez and Albert Adri\u00e0 will open the doors of their joint project on October 4, specifically in the former\",\"breadcrumb\":{\"@id\":\"https:\\\/\\\/www.tapasmagazine.es\\\/en\\\/paco-mendez-and-albert-adria-to-open-a-pop-up-taqueria-in-barcelona\\\/#breadcrumb\"},\"inLanguage\":\"en-US\",\"potentialAction\":[{\"@type\":\"ReadAction\",\"target\":[\"https:\\\/\\\/www.tapasmagazine.es\\\/en\\\/paco-mendez-and-albert-adria-to-open-a-pop-up-taqueria-in-barcelona\\\/\"]}]},{\"@type\":\"ImageObject\",\"inLanguage\":\"en-US\",\"@id\":\"https:\\\/\\\/www.tapasmagazine.es\\\/en\\\/paco-mendez-and-albert-adria-to-open-a-pop-up-taqueria-in-barcelona\\\/#primaryimage\",\"url\":\"https:\\\/\\\/www.tapasmagazine.es\\\/wp-content\\\/uploads\\\/2023\\\/09\\\/taco-mendez-pop-up-1.jpg\",\"contentUrl\":\"https:\\\/\\\/www.tapasmagazine.es\\\/wp-content\\\/uploads\\\/2023\\\/09\\\/taco-mendez-pop-up-1.jpg\",\"width\":1200,\"height\":675},{\"@type\":\"BreadcrumbList\",\"@id\":\"https:\\\/\\\/www.tapasmagazine.es\\\/en\\\/paco-mendez-and-albert-adria-to-open-a-pop-up-taqueria-in-barcelona\\\/#breadcrumb\",\"itemListElement\":[{\"@type\":\"ListItem\",\"position\":1,\"name\":\"Portada\",\"item\":\"https:\\\/\\\/www.tapasmagazine.es\\\/\"},{\"@type\":\"ListItem\",\"position\":2,\"name\":\"Sin categorizar\",\"item\":\"https:\\\/\\\/www.tapasmagazine.es\\\/categorias\\\/sin-categorizar\\\/\"},{\"@type\":\"ListItem\",\"position\":3,\"name\":\"Paco M\u00e9ndez and Albert Adri\u00e0 to open a pop-up taqueria in Barcelona\"}]},{\"@type\":\"WebSite\",\"@id\":\"https:\\\/\\\/www.tapasmagazine.es\\\/#website\",\"url\":\"https:\\\/\\\/www.tapasmagazine.es\\\/\",\"name\":\"Tapas\",\"description\":\"\u00d1am \u00d1am Lifestyle. La vida a bocados. Premio Nacional de Gastronom\u00eda 2016.\",\"publisher\":{\"@id\":\"https:\\\/\\\/www.tapasmagazine.es\\\/#organization\"},\"potentialAction\":[{\"@type\":\"SearchAction\",\"target\":{\"@type\":\"EntryPoint\",\"urlTemplate\":\"https:\\\/\\\/www.tapasmagazine.es\\\/?s={search_term_string}\"},\"query-input\":{\"@type\":\"PropertyValueSpecification\",\"valueRequired\":true,\"valueName\":\"search_term_string\"}}],\"inLanguage\":\"en-US\"},{\"@type\":\"Organization\",\"@id\":\"https:\\\/\\\/www.tapasmagazine.es\\\/#organization\",\"name\":\"Tapas Magazine\",\"url\":\"https:\\\/\\\/www.tapasmagazine.es\\\/\",\"logo\":{\"@type\":\"ImageObject\",\"inLanguage\":\"en-US\",\"@id\":\"https:\\\/\\\/www.tapasmagazine.es\\\/#\\\/schema\\\/logo\\\/image\\\/\",\"url\":\"https:\\\/\\\/www.tapasmagazine.es\\\/wp-content\\\/uploads\\\/2018\\\/01\\\/logo.png\",\"contentUrl\":\"https:\\\/\\\/www.tapasmagazine.es\\\/wp-content\\\/uploads\\\/2018\\\/01\\\/logo.png\",\"width\":180,\"height\":60,\"caption\":\"Tapas Magazine\"},\"image\":{\"@id\":\"https:\\\/\\\/www.tapasmagazine.es\\\/#\\\/schema\\\/logo\\\/image\\\/\"},\"sameAs\":[\"https:\\\/\\\/www.facebook.com\\\/tapasmagazine\",\"https:\\\/\\\/x.com\\\/TapasMagazine\",\"https:\\\/\\\/www.instagram.com\\\/tapasmagazine\\\/\",\"https:\\\/\\\/www.linkedin.com\\\/company\\\/tapas-magazine\",\"https:\\\/\\\/es.pinterest.com\\\/tapasmagazine\\\/\",\"https:\\\/\\\/www.youtube.com\\\/channel\\\/UCEyxneAaACuR0lfDagrWjjg?sub_confirmation=1\"]},{\"@type\":\"Person\",\"@id\":\"https:\\\/\\\/www.tapasmagazine.es\\\/#\\\/schema\\\/person\\\/eb46cbe76a9c8f062660eb609e3ecb4e\",\"name\":\"Laura P\u00e9rez\",\"url\":\"https:\\\/\\\/www.tapasmagazine.es\\\/en\\\/author\\\/laura-perez\\\/\"}]}<\/script>\n<!-- \/ Yoast SEO plugin. -->","yoast_head_json":{"title":"Paco M\u00e9ndez and Albert Adri\u00e0 to open a pop-up taqueria in Barcelona - Tapas","description":"Click here to read the Spanish version. Paco M\u00e9ndez and Albert Adri\u00e0 will open the doors of their joint project on October 4, specifically in the former","robots":{"index":"index","follow":"follow","max-snippet":"max-snippet:-1","max-image-preview":"max-image-preview:large","max-video-preview":"max-video-preview:-1"},"canonical":"https:\/\/www.tapasmagazine.es\/en\/paco-mendez-and-albert-adria-to-open-a-pop-up-taqueria-in-barcelona\/","og_locale":"en_US","og_type":"article","og_title":"Paco M\u00e9ndez and Albert Adri\u00e0 to open a pop-up taqueria in Barcelona - Tapas","og_description":"Click here to read the Spanish version. Paco M\u00e9ndez and Albert Adri\u00e0 will open the doors of their joint project on October 4, specifically in the former","og_url":"https:\/\/www.tapasmagazine.es\/en\/paco-mendez-and-albert-adria-to-open-a-pop-up-taqueria-in-barcelona\/","og_site_name":"Tapas","article_publisher":"https:\/\/www.facebook.com\/tapasmagazine","article_published_time":"2023-09-21T13:17:25+00:00","article_modified_time":"2023-09-21T13:20:45+00:00","og_image":[{"width":1200,"height":675,"url":"https:\/\/www.tapasmagazine.es\/wp-content\/uploads\/2023\/09\/taco-mendez-pop-up-1.jpg","type":"image\/jpeg"}],"author":"Laura P\u00e9rez","twitter_card":"summary_large_image","twitter_creator":"@TapasMagazine","twitter_site":"@TapasMagazine","twitter_misc":{"Written by":"Laura P\u00e9rez","Est. reading time":"2 minutes"},"schema":{"@context":"https:\/\/schema.org","@graph":[{"@type":"Article","@id":"https:\/\/www.tapasmagazine.es\/en\/paco-mendez-and-albert-adria-to-open-a-pop-up-taqueria-in-barcelona\/#article","isPartOf":{"@id":"https:\/\/www.tapasmagazine.es\/en\/paco-mendez-and-albert-adria-to-open-a-pop-up-taqueria-in-barcelona\/"},"author":{"name":"Laura P\u00e9rez","@id":"https:\/\/www.tapasmagazine.es\/#\/schema\/person\/eb46cbe76a9c8f062660eb609e3ecb4e"},"headline":"Paco M\u00e9ndez and Albert Adri\u00e0 to open a pop-up taqueria in Barcelona","datePublished":"2023-09-21T13:17:25+00:00","dateModified":"2023-09-21T13:20:45+00:00","mainEntityOfPage":{"@id":"https:\/\/www.tapasmagazine.es\/en\/paco-mendez-and-albert-adria-to-open-a-pop-up-taqueria-in-barcelona\/"},"wordCount":229,"commentCount":0,"publisher":{"@id":"https:\/\/www.tapasmagazine.es\/#organization"},"image":{"@id":"https:\/\/www.tapasmagazine.es\/en\/paco-mendez-and-albert-adria-to-open-a-pop-up-taqueria-in-barcelona\/#primaryimage"},"thumbnailUrl":"https:\/\/www.tapasmagazine.es\/wp-content\/uploads\/2023\/09\/taco-mendez-pop-up-1.jpg","keywords":["Albert Adri\u00e0","Barcelona","Paco M\u00e9ndez"],"articleSection":["Gastro","News","Sin categorizar"],"inLanguage":"en-US","potentialAction":[{"@type":"CommentAction","name":"Comment","target":["https:\/\/www.tapasmagazine.es\/en\/paco-mendez-and-albert-adria-to-open-a-pop-up-taqueria-in-barcelona\/#respond"]}]},{"@type":"WebPage","@id":"https:\/\/www.tapasmagazine.es\/en\/paco-mendez-and-albert-adria-to-open-a-pop-up-taqueria-in-barcelona\/","url":"https:\/\/www.tapasmagazine.es\/en\/paco-mendez-and-albert-adria-to-open-a-pop-up-taqueria-in-barcelona\/","name":"Paco M\u00e9ndez and Albert Adri\u00e0 to open a pop-up taqueria in Barcelona - Tapas","isPartOf":{"@id":"https:\/\/www.tapasmagazine.es\/#website"},"primaryImageOfPage":{"@id":"https:\/\/www.tapasmagazine.es\/en\/paco-mendez-and-albert-adria-to-open-a-pop-up-taqueria-in-barcelona\/#primaryimage"},"image":{"@id":"https:\/\/www.tapasmagazine.es\/en\/paco-mendez-and-albert-adria-to-open-a-pop-up-taqueria-in-barcelona\/#primaryimage"},"thumbnailUrl":"https:\/\/www.tapasmagazine.es\/wp-content\/uploads\/2023\/09\/taco-mendez-pop-up-1.jpg","datePublished":"2023-09-21T13:17:25+00:00","dateModified":"2023-09-21T13:20:45+00:00","description":"Click here to read the Spanish version. Paco M\u00e9ndez and Albert Adri\u00e0 will open the doors of their joint project on October 4, specifically in the former","breadcrumb":{"@id":"https:\/\/www.tapasmagazine.es\/en\/paco-mendez-and-albert-adria-to-open-a-pop-up-taqueria-in-barcelona\/#breadcrumb"},"inLanguage":"en-US","potentialAction":[{"@type":"ReadAction","target":["https:\/\/www.tapasmagazine.es\/en\/paco-mendez-and-albert-adria-to-open-a-pop-up-taqueria-in-barcelona\/"]}]},{"@type":"ImageObject","inLanguage":"en-US","@id":"https:\/\/www.tapasmagazine.es\/en\/paco-mendez-and-albert-adria-to-open-a-pop-up-taqueria-in-barcelona\/#primaryimage","url":"https:\/\/www.tapasmagazine.es\/wp-content\/uploads\/2023\/09\/taco-mendez-pop-up-1.jpg","contentUrl":"https:\/\/www.tapasmagazine.es\/wp-content\/uploads\/2023\/09\/taco-mendez-pop-up-1.jpg","width":1200,"height":675},{"@type":"BreadcrumbList","@id":"https:\/\/www.tapasmagazine.es\/en\/paco-mendez-and-albert-adria-to-open-a-pop-up-taqueria-in-barcelona\/#breadcrumb","itemListElement":[{"@type":"ListItem","position":1,"name":"Portada","item":"https:\/\/www.tapasmagazine.es\/"},{"@type":"ListItem","position":2,"name":"Sin categorizar","item":"https:\/\/www.tapasmagazine.es\/categorias\/sin-categorizar\/"},{"@type":"ListItem","position":3,"name":"Paco M\u00e9ndez and Albert Adri\u00e0 to open a pop-up taqueria in Barcelona"}]},{"@type":"WebSite","@id":"https:\/\/www.tapasmagazine.es\/#website","url":"https:\/\/www.tapasmagazine.es\/","name":"Tapas","description":"\u00d1am \u00d1am Lifestyle. La vida a bocados. Premio Nacional de Gastronom\u00eda 2016.","publisher":{"@id":"https:\/\/www.tapasmagazine.es\/#organization"},"potentialAction":[{"@type":"SearchAction","target":{"@type":"EntryPoint","urlTemplate":"https:\/\/www.tapasmagazine.es\/?s={search_term_string}"},"query-input":{"@type":"PropertyValueSpecification","valueRequired":true,"valueName":"search_term_string"}}],"inLanguage":"en-US"},{"@type":"Organization","@id":"https:\/\/www.tapasmagazine.es\/#organization","name":"Tapas Magazine","url":"https:\/\/www.tapasmagazine.es\/","logo":{"@type":"ImageObject","inLanguage":"en-US","@id":"https:\/\/www.tapasmagazine.es\/#\/schema\/logo\/image\/","url":"https:\/\/www.tapasmagazine.es\/wp-content\/uploads\/2018\/01\/logo.png","contentUrl":"https:\/\/www.tapasmagazine.es\/wp-content\/uploads\/2018\/01\/logo.png","width":180,"height":60,"caption":"Tapas Magazine"},"image":{"@id":"https:\/\/www.tapasmagazine.es\/#\/schema\/logo\/image\/"},"sameAs":["https:\/\/www.facebook.com\/tapasmagazine","https:\/\/x.com\/TapasMagazine","https:\/\/www.instagram.com\/tapasmagazine\/","https:\/\/www.linkedin.com\/company\/tapas-magazine","https:\/\/es.pinterest.com\/tapasmagazine\/","https:\/\/www.youtube.com\/channel\/UCEyxneAaACuR0lfDagrWjjg?sub_confirmation=1"]},{"@type":"Person","@id":"https:\/\/www.tapasmagazine.es\/#\/schema\/person\/eb46cbe76a9c8f062660eb609e3ecb4e","name":"Laura P\u00e9rez","url":"https:\/\/www.tapasmagazine.es\/en\/author\/laura-perez\/"}]}},"_links":{"self":[{"href":"https:\/\/www.tapasmagazine.es\/en\/wp-json\/wp\/v2\/posts\/209094","targetHints":{"allow":["GET"]}}],"collection":[{"href":"https:\/\/www.tapasmagazine.es\/en\/wp-json\/wp\/v2\/posts"}],"about":[{"href":"https:\/\/www.tapasmagazine.es\/en\/wp-json\/wp\/v2\/types\/post"}],"author":[{"embeddable":true,"href":"https:\/\/www.tapasmagazine.es\/en\/wp-json\/wp\/v2\/users\/285"}],"replies":[{"embeddable":true,"href":"https:\/\/www.tapasmagazine.es\/en\/wp-json\/wp\/v2\/comments?post=209094"}],"version-history":[{"count":4,"href":"https:\/\/www.tapasmagazine.es\/en\/wp-json\/wp\/v2\/posts\/209094\/revisions"}],"predecessor-version":[{"id":209099,"href":"https:\/\/www.tapasmagazine.es\/en\/wp-json\/wp\/v2\/posts\/209094\/revisions\/209099"}],"wp:featuredmedia":[{"embeddable":true,"href":"https:\/\/www.tapasmagazine.es\/en\/wp-json\/wp\/v2\/media\/209081"}],"wp:attachment":[{"href":"https:\/\/www.tapasmagazine.es\/en\/wp-json\/wp\/v2\/media?parent=209094"}],"wp:term":[{"taxonomy":"category","embeddable":true,"href":"https:\/\/www.tapasmagazine.es\/en\/wp-json\/wp\/v2\/categories?post=209094"},{"taxonomy":"post_tag","embeddable":true,"href":"https:\/\/www.tapasmagazine.es\/en\/wp-json\/wp\/v2\/tags?post=209094"}],"curies":[{"name":"wp","href":"https:\/\/api.w.org\/{rel}","templated":true}]}}