{"id":208831,"date":"2023-09-20T14:19:27","date_gmt":"2023-09-20T12:19:27","guid":{"rendered":"https:\/\/www.tapasmagazine.es\/brandy-fundador-sera-la-bebida-oficial-de-los-latin-grammy-2023\/"},"modified":"2023-09-20T14:24:02","modified_gmt":"2023-09-20T12:24:02","slug":"brandy-fundador-to-be-the-official-beverge-of-the-latin-grammy-awards-2023","status":"publish","type":"post","link":"https:\/\/www.tapasmagazine.es\/en\/brandy-fundador-to-be-the-official-beverge-of-the-latin-grammy-awards-2023\/","title":{"rendered":"Brandy Fundador to be the official beverage of the Latin GRAMMY\u00ae Awards 2023"},"content":{"rendered":"\n<p><strong>Click <a href=\"https:\/\/www.tapasmagazine.es\/brandy-fundador-sera-la-bebida-oficial-de-los-latin-grammy-2023\/\" target=\"_blank\" rel=\"noreferrer noopener\">here<\/a> to read the Spanish version.<\/strong><\/p>\n\n\n\n<p>The <strong>Latin Recording Academy<\/strong> and <strong>Brandy Fundado<\/strong>r will travel to Seville to jointly celebrate the <strong>Latin Grammy Awards <\/strong>on November 16.\u00a0\u00a0<\/p>\n\n\n\n<p>The first Spanish Brandy thus confirms its incorporation as official global sponsor of the event that will bring together the most prominent stars of Latin music and the music scene as Shakira, Bad Bunny or Karol G. A key event in which this liquid emblem &#8216;Fundador&#8217;, based in Jerez&#8217; since 1874, will distribute drinks throughout the gala: from the red carpet to the awards ceremony.<\/p>\n\n\n\n<figure class=\"wp-block-gallery has-nested-images columns-default is-cropped wp-block-gallery-1 is-layout-flex wp-block-gallery-is-layout-flex\">\n<figure class=\"wp-block-image size-large\"><a href=\"https:\/\/www.tapasmagazine.es\/wp-content\/uploads\/2023\/09\/brandy-fundador-latin-grammy-2.jpg\"><img decoding=\"async\" width=\"683\" height=\"1024\" data-id=\"208811\" src=\"https:\/\/www.tapasmagazine.es\/wp-content\/uploads\/2023\/09\/brandy-fundador-latin-grammy-2-683x1024.jpg\" alt=\"\" class=\"wp-image-208811\" srcset=\"https:\/\/www.tapasmagazine.es\/wp-content\/uploads\/2023\/09\/brandy-fundador-latin-grammy-2-683x1024.jpg 683w, https:\/\/www.tapasmagazine.es\/wp-content\/uploads\/2023\/09\/brandy-fundador-latin-grammy-2-200x300.jpg 200w, https:\/\/www.tapasmagazine.es\/wp-content\/uploads\/2023\/09\/brandy-fundador-latin-grammy-2-768x1151.jpg 768w, https:\/\/www.tapasmagazine.es\/wp-content\/uploads\/2023\/09\/brandy-fundador-latin-grammy-2-1025x1536.jpg 1025w, https:\/\/www.tapasmagazine.es\/wp-content\/uploads\/2023\/09\/brandy-fundador-latin-grammy-2-1000x1499.jpg 1000w, https:\/\/www.tapasmagazine.es\/wp-content\/uploads\/2023\/09\/brandy-fundador-latin-grammy-2-400x600.jpg 400w, https:\/\/www.tapasmagazine.es\/wp-content\/uploads\/2023\/09\/brandy-fundador-latin-grammy-2.jpg 1334w\" sizes=\"(max-width: 683px) 100vw, 683px\" \/><\/a><\/figure>\n\n\n\n<figure class=\"wp-block-image size-large\"><a href=\"https:\/\/www.tapasmagazine.es\/wp-content\/uploads\/2023\/09\/brandy-fundador-latin-grammy-3.jpg\"><img decoding=\"async\" width=\"680\" height=\"1024\" data-id=\"208813\" src=\"https:\/\/www.tapasmagazine.es\/wp-content\/uploads\/2023\/09\/brandy-fundador-latin-grammy-3-680x1024.jpg\" alt=\"\" class=\"wp-image-208813\" srcset=\"https:\/\/www.tapasmagazine.es\/wp-content\/uploads\/2023\/09\/brandy-fundador-latin-grammy-3-680x1024.jpg 680w, https:\/\/www.tapasmagazine.es\/wp-content\/uploads\/2023\/09\/brandy-fundador-latin-grammy-3-199x300.jpg 199w, https:\/\/www.tapasmagazine.es\/wp-content\/uploads\/2023\/09\/brandy-fundador-latin-grammy-3-768x1157.jpg 768w, https:\/\/www.tapasmagazine.es\/wp-content\/uploads\/2023\/09\/brandy-fundador-latin-grammy-3-1020x1536.jpg 1020w, https:\/\/www.tapasmagazine.es\/wp-content\/uploads\/2023\/09\/brandy-fundador-latin-grammy-3-1000x1506.jpg 1000w, https:\/\/www.tapasmagazine.es\/wp-content\/uploads\/2023\/09\/brandy-fundador-latin-grammy-3-400x602.jpg 400w, https:\/\/www.tapasmagazine.es\/wp-content\/uploads\/2023\/09\/brandy-fundador-latin-grammy-3.jpg 1328w\" sizes=\"(max-width: 680px) 100vw, 680px\" \/><\/a><\/figure>\n<\/figure>\n\n\n\n<p><strong>Brandy Fundador<\/strong> will also be the official beverage at the side events taking place during Latin GRAMMY Week November 12-16 with its own bars and themed spaces.<\/p>\n\n\n\n<h2 class=\"wp-block-heading\">Connection with music<\/h2>\n\n\n\n<p>The brand continues to strengthen its vibrant connection with music through this collaboration, as a creative synergy that had its beginnings in the 1960s, when Brandy gave away records and actions to support emerging talents. Beyond that, they have promoted concerts or cycles such as &#8216;Noches de Leyenda&#8217; and other musical events held at the Fundador wineries in Jerez.<\/p>\n\n\n<div class=\"wp-block-image\">\n<figure class=\"aligncenter size-large is-resized\"><a href=\"https:\/\/www.tapasmagazine.es\/wp-content\/uploads\/2023\/09\/brandy-fundador-latin-grammy-4.webp\"><img decoding=\"async\" src=\"https:\/\/www.tapasmagazine.es\/wp-content\/uploads\/2023\/09\/brandy-fundador-latin-grammy-4-1024x687.webp\" alt=\"\" class=\"wp-image-208815\" style=\"width:1058px;height:710px\" width=\"1058\" height=\"710\" srcset=\"https:\/\/www.tapasmagazine.es\/wp-content\/uploads\/2023\/09\/brandy-fundador-latin-grammy-4-1024x687.webp 1024w, https:\/\/www.tapasmagazine.es\/wp-content\/uploads\/2023\/09\/brandy-fundador-latin-grammy-4-300x201.webp 300w, https:\/\/www.tapasmagazine.es\/wp-content\/uploads\/2023\/09\/brandy-fundador-latin-grammy-4-768x515.webp 768w, https:\/\/www.tapasmagazine.es\/wp-content\/uploads\/2023\/09\/brandy-fundador-latin-grammy-4-1000x671.webp 1000w, https:\/\/www.tapasmagazine.es\/wp-content\/uploads\/2023\/09\/brandy-fundador-latin-grammy-4-400x268.webp 400w, https:\/\/www.tapasmagazine.es\/wp-content\/uploads\/2023\/09\/brandy-fundador-latin-grammy-4.webp 1200w\" sizes=\"(max-width: 1058px) 100vw, 1058px\" \/><\/a><\/figure>\n<\/div>\n\n\n<p>Now, through this action <strong>Brandy Fundador<\/strong> rises to the global stage, as a great opportunity of which <strong>Angel Pi\u00f1a<\/strong>, Global Chief Commercial &amp; Marketing Officer of Grupo Emperador Spain, points out: &#8216;Being present at The Most Important Night of Latin Music helps us to strengthen the link we already have with the countries from our origin in Spain and through a vehicle that unites cultures such as music&#8217;.<\/p>\n","protected":false},"excerpt":{"rendered":"<p>Click here to read the Spanish version. The Latin Recording Academy and Brandy Fundador will travel to Seville to jointly celebrate the Latin Grammy Awards on November 16.\u00a0\u00a0 The first Spanish Brandy thus confirms its incorporation as official global sponsor of the event that will bring together the most prominent stars of Latin music and [&hellip;]<\/p>\n","protected":false},"author":285,"featured_media":208829,"comment_status":"open","ping_status":"closed","sticky":false,"template":"single-feature.php","format":"standard","meta":{"_acf_changed":false,"footnotes":""},"categories":[15802,1],"tags":[18314],"class_list":["post-208831","post","type-post","status-publish","format-standard","has-post-thumbnail","hentry","category-news","category-sin-categorizar","tag-brandy-en","cat-15802-id","cat-1-id"],"acf":[],"yoast_head":"<!-- This site is optimized with the Yoast SEO plugin v27.4 - https:\/\/yoast.com\/product\/yoast-seo-wordpress\/ -->\n<title>Brandy Fundador to be the official beverage of the Latin GRAMMY\u00ae Awards 2023 - Tapas<\/title>\n<meta name=\"description\" content=\"Click here to read the Spanish version. The Latin Recording Academy and Brandy Fundador will travel to Seville to jointly celebrate the Latin Grammy\" \/>\n<meta name=\"robots\" content=\"index, follow, max-snippet:-1, max-image-preview:large, max-video-preview:-1\" \/>\n<link rel=\"canonical\" href=\"https:\/\/www.tapasmagazine.es\/en\/brandy-fundador-to-be-the-official-beverge-of-the-latin-grammy-awards-2023\/\" \/>\n<meta property=\"og:locale\" content=\"en_US\" \/>\n<meta property=\"og:type\" content=\"article\" \/>\n<meta property=\"og:title\" content=\"Brandy Fundador to be the official beverage of the Latin GRAMMY\u00ae Awards 2023 - Tapas\" \/>\n<meta property=\"og:description\" content=\"Click here to read the Spanish version. The Latin Recording Academy and Brandy Fundador will travel to Seville to jointly celebrate the Latin Grammy\" \/>\n<meta property=\"og:url\" content=\"https:\/\/www.tapasmagazine.es\/en\/brandy-fundador-to-be-the-official-beverge-of-the-latin-grammy-awards-2023\/\" \/>\n<meta property=\"og:site_name\" content=\"Tapas\" \/>\n<meta property=\"article:publisher\" content=\"https:\/\/www.facebook.com\/tapasmagazine\" \/>\n<meta property=\"article:published_time\" content=\"2023-09-20T12:19:27+00:00\" \/>\n<meta property=\"article:modified_time\" content=\"2023-09-20T12:24:02+00:00\" \/>\n<meta property=\"og:image\" content=\"https:\/\/www.tapasmagazine.es\/wp-content\/uploads\/2023\/09\/brandy-fundador-latin-grammy-5.jpg\" \/>\n\t<meta property=\"og:image:width\" content=\"1200\" \/>\n\t<meta property=\"og:image:height\" content=\"675\" \/>\n\t<meta property=\"og:image:type\" content=\"image\/jpeg\" \/>\n<meta name=\"author\" content=\"Laura P\u00e9rez\" \/>\n<meta name=\"twitter:card\" content=\"summary_large_image\" \/>\n<meta name=\"twitter:creator\" content=\"@TapasMagazine\" \/>\n<meta name=\"twitter:site\" content=\"@TapasMagazine\" \/>\n<meta name=\"twitter:label1\" content=\"Written by\" \/>\n\t<meta name=\"twitter:data1\" content=\"Laura P\u00e9rez\" \/>\n\t<meta name=\"twitter:label2\" content=\"Est. reading time\" \/>\n\t<meta name=\"twitter:data2\" content=\"2 minutes\" \/>\n<script type=\"application\/ld+json\" class=\"yoast-schema-graph\">{\"@context\":\"https:\\\/\\\/schema.org\",\"@graph\":[{\"@type\":\"Article\",\"@id\":\"https:\\\/\\\/www.tapasmagazine.es\\\/en\\\/brandy-fundador-to-be-the-official-beverge-of-the-latin-grammy-awards-2023\\\/#article\",\"isPartOf\":{\"@id\":\"https:\\\/\\\/www.tapasmagazine.es\\\/en\\\/brandy-fundador-to-be-the-official-beverge-of-the-latin-grammy-awards-2023\\\/\"},\"author\":{\"name\":\"Laura P\u00e9rez\",\"@id\":\"https:\\\/\\\/www.tapasmagazine.es\\\/#\\\/schema\\\/person\\\/eb46cbe76a9c8f062660eb609e3ecb4e\"},\"headline\":\"Brandy Fundador to be the official beverage of the Latin GRAMMY\u00ae Awards 2023\",\"datePublished\":\"2023-09-20T12:19:27+00:00\",\"dateModified\":\"2023-09-20T12:24:02+00:00\",\"mainEntityOfPage\":{\"@id\":\"https:\\\/\\\/www.tapasmagazine.es\\\/en\\\/brandy-fundador-to-be-the-official-beverge-of-the-latin-grammy-awards-2023\\\/\"},\"wordCount\":261,\"commentCount\":0,\"publisher\":{\"@id\":\"https:\\\/\\\/www.tapasmagazine.es\\\/#organization\"},\"image\":{\"@id\":\"https:\\\/\\\/www.tapasmagazine.es\\\/en\\\/brandy-fundador-to-be-the-official-beverge-of-the-latin-grammy-awards-2023\\\/#primaryimage\"},\"thumbnailUrl\":\"https:\\\/\\\/www.tapasmagazine.es\\\/wp-content\\\/uploads\\\/2023\\\/09\\\/brandy-fundador-latin-grammy-5.jpg\",\"keywords\":[\"brandy\"],\"articleSection\":[\"News\",\"Sin categorizar\"],\"inLanguage\":\"en-US\",\"potentialAction\":[{\"@type\":\"CommentAction\",\"name\":\"Comment\",\"target\":[\"https:\\\/\\\/www.tapasmagazine.es\\\/en\\\/brandy-fundador-to-be-the-official-beverge-of-the-latin-grammy-awards-2023\\\/#respond\"]}]},{\"@type\":\"WebPage\",\"@id\":\"https:\\\/\\\/www.tapasmagazine.es\\\/en\\\/brandy-fundador-to-be-the-official-beverge-of-the-latin-grammy-awards-2023\\\/\",\"url\":\"https:\\\/\\\/www.tapasmagazine.es\\\/en\\\/brandy-fundador-to-be-the-official-beverge-of-the-latin-grammy-awards-2023\\\/\",\"name\":\"Brandy Fundador to be the official beverage of the Latin GRAMMY\u00ae Awards 2023 - Tapas\",\"isPartOf\":{\"@id\":\"https:\\\/\\\/www.tapasmagazine.es\\\/#website\"},\"primaryImageOfPage\":{\"@id\":\"https:\\\/\\\/www.tapasmagazine.es\\\/en\\\/brandy-fundador-to-be-the-official-beverge-of-the-latin-grammy-awards-2023\\\/#primaryimage\"},\"image\":{\"@id\":\"https:\\\/\\\/www.tapasmagazine.es\\\/en\\\/brandy-fundador-to-be-the-official-beverge-of-the-latin-grammy-awards-2023\\\/#primaryimage\"},\"thumbnailUrl\":\"https:\\\/\\\/www.tapasmagazine.es\\\/wp-content\\\/uploads\\\/2023\\\/09\\\/brandy-fundador-latin-grammy-5.jpg\",\"datePublished\":\"2023-09-20T12:19:27+00:00\",\"dateModified\":\"2023-09-20T12:24:02+00:00\",\"description\":\"Click here to read the Spanish version. The Latin Recording Academy and Brandy Fundador will travel to Seville to jointly celebrate the Latin Grammy\",\"breadcrumb\":{\"@id\":\"https:\\\/\\\/www.tapasmagazine.es\\\/en\\\/brandy-fundador-to-be-the-official-beverge-of-the-latin-grammy-awards-2023\\\/#breadcrumb\"},\"inLanguage\":\"en-US\",\"potentialAction\":[{\"@type\":\"ReadAction\",\"target\":[\"https:\\\/\\\/www.tapasmagazine.es\\\/en\\\/brandy-fundador-to-be-the-official-beverge-of-the-latin-grammy-awards-2023\\\/\"]}]},{\"@type\":\"ImageObject\",\"inLanguage\":\"en-US\",\"@id\":\"https:\\\/\\\/www.tapasmagazine.es\\\/en\\\/brandy-fundador-to-be-the-official-beverge-of-the-latin-grammy-awards-2023\\\/#primaryimage\",\"url\":\"https:\\\/\\\/www.tapasmagazine.es\\\/wp-content\\\/uploads\\\/2023\\\/09\\\/brandy-fundador-latin-grammy-5.jpg\",\"contentUrl\":\"https:\\\/\\\/www.tapasmagazine.es\\\/wp-content\\\/uploads\\\/2023\\\/09\\\/brandy-fundador-latin-grammy-5.jpg\",\"width\":1200,\"height\":675},{\"@type\":\"BreadcrumbList\",\"@id\":\"https:\\\/\\\/www.tapasmagazine.es\\\/en\\\/brandy-fundador-to-be-the-official-beverge-of-the-latin-grammy-awards-2023\\\/#breadcrumb\",\"itemListElement\":[{\"@type\":\"ListItem\",\"position\":1,\"name\":\"Portada\",\"item\":\"https:\\\/\\\/www.tapasmagazine.es\\\/\"},{\"@type\":\"ListItem\",\"position\":2,\"name\":\"Sin categorizar\",\"item\":\"https:\\\/\\\/www.tapasmagazine.es\\\/categorias\\\/sin-categorizar\\\/\"},{\"@type\":\"ListItem\",\"position\":3,\"name\":\"Brandy Fundador to be the official beverage of the Latin GRAMMY\u00ae Awards 2023\"}]},{\"@type\":\"WebSite\",\"@id\":\"https:\\\/\\\/www.tapasmagazine.es\\\/#website\",\"url\":\"https:\\\/\\\/www.tapasmagazine.es\\\/\",\"name\":\"Tapas\",\"description\":\"\u00d1am \u00d1am Lifestyle. La vida a bocados. Premio Nacional de Gastronom\u00eda 2016.\",\"publisher\":{\"@id\":\"https:\\\/\\\/www.tapasmagazine.es\\\/#organization\"},\"potentialAction\":[{\"@type\":\"SearchAction\",\"target\":{\"@type\":\"EntryPoint\",\"urlTemplate\":\"https:\\\/\\\/www.tapasmagazine.es\\\/?s={search_term_string}\"},\"query-input\":{\"@type\":\"PropertyValueSpecification\",\"valueRequired\":true,\"valueName\":\"search_term_string\"}}],\"inLanguage\":\"en-US\"},{\"@type\":\"Organization\",\"@id\":\"https:\\\/\\\/www.tapasmagazine.es\\\/#organization\",\"name\":\"Tapas Magazine\",\"url\":\"https:\\\/\\\/www.tapasmagazine.es\\\/\",\"logo\":{\"@type\":\"ImageObject\",\"inLanguage\":\"en-US\",\"@id\":\"https:\\\/\\\/www.tapasmagazine.es\\\/#\\\/schema\\\/logo\\\/image\\\/\",\"url\":\"https:\\\/\\\/www.tapasmagazine.es\\\/wp-content\\\/uploads\\\/2018\\\/01\\\/logo.png\",\"contentUrl\":\"https:\\\/\\\/www.tapasmagazine.es\\\/wp-content\\\/uploads\\\/2018\\\/01\\\/logo.png\",\"width\":180,\"height\":60,\"caption\":\"Tapas Magazine\"},\"image\":{\"@id\":\"https:\\\/\\\/www.tapasmagazine.es\\\/#\\\/schema\\\/logo\\\/image\\\/\"},\"sameAs\":[\"https:\\\/\\\/www.facebook.com\\\/tapasmagazine\",\"https:\\\/\\\/x.com\\\/TapasMagazine\",\"https:\\\/\\\/www.instagram.com\\\/tapasmagazine\\\/\",\"https:\\\/\\\/www.linkedin.com\\\/company\\\/tapas-magazine\",\"https:\\\/\\\/es.pinterest.com\\\/tapasmagazine\\\/\",\"https:\\\/\\\/www.youtube.com\\\/channel\\\/UCEyxneAaACuR0lfDagrWjjg?sub_confirmation=1\"]},{\"@type\":\"Person\",\"@id\":\"https:\\\/\\\/www.tapasmagazine.es\\\/#\\\/schema\\\/person\\\/eb46cbe76a9c8f062660eb609e3ecb4e\",\"name\":\"Laura P\u00e9rez\",\"url\":\"https:\\\/\\\/www.tapasmagazine.es\\\/en\\\/author\\\/laura-perez\\\/\"}]}<\/script>\n<!-- \/ Yoast SEO plugin. -->","yoast_head_json":{"title":"Brandy Fundador to be the official beverage of the Latin GRAMMY\u00ae Awards 2023 - Tapas","description":"Click here to read the Spanish version. The Latin Recording Academy and Brandy Fundador will travel to Seville to jointly celebrate the Latin Grammy","robots":{"index":"index","follow":"follow","max-snippet":"max-snippet:-1","max-image-preview":"max-image-preview:large","max-video-preview":"max-video-preview:-1"},"canonical":"https:\/\/www.tapasmagazine.es\/en\/brandy-fundador-to-be-the-official-beverge-of-the-latin-grammy-awards-2023\/","og_locale":"en_US","og_type":"article","og_title":"Brandy Fundador to be the official beverage of the Latin GRAMMY\u00ae Awards 2023 - Tapas","og_description":"Click here to read the Spanish version. The Latin Recording Academy and Brandy Fundador will travel to Seville to jointly celebrate the Latin Grammy","og_url":"https:\/\/www.tapasmagazine.es\/en\/brandy-fundador-to-be-the-official-beverge-of-the-latin-grammy-awards-2023\/","og_site_name":"Tapas","article_publisher":"https:\/\/www.facebook.com\/tapasmagazine","article_published_time":"2023-09-20T12:19:27+00:00","article_modified_time":"2023-09-20T12:24:02+00:00","og_image":[{"width":1200,"height":675,"url":"https:\/\/www.tapasmagazine.es\/wp-content\/uploads\/2023\/09\/brandy-fundador-latin-grammy-5.jpg","type":"image\/jpeg"}],"author":"Laura P\u00e9rez","twitter_card":"summary_large_image","twitter_creator":"@TapasMagazine","twitter_site":"@TapasMagazine","twitter_misc":{"Written by":"Laura P\u00e9rez","Est. reading time":"2 minutes"},"schema":{"@context":"https:\/\/schema.org","@graph":[{"@type":"Article","@id":"https:\/\/www.tapasmagazine.es\/en\/brandy-fundador-to-be-the-official-beverge-of-the-latin-grammy-awards-2023\/#article","isPartOf":{"@id":"https:\/\/www.tapasmagazine.es\/en\/brandy-fundador-to-be-the-official-beverge-of-the-latin-grammy-awards-2023\/"},"author":{"name":"Laura P\u00e9rez","@id":"https:\/\/www.tapasmagazine.es\/#\/schema\/person\/eb46cbe76a9c8f062660eb609e3ecb4e"},"headline":"Brandy Fundador to be the official beverage of the Latin GRAMMY\u00ae Awards 2023","datePublished":"2023-09-20T12:19:27+00:00","dateModified":"2023-09-20T12:24:02+00:00","mainEntityOfPage":{"@id":"https:\/\/www.tapasmagazine.es\/en\/brandy-fundador-to-be-the-official-beverge-of-the-latin-grammy-awards-2023\/"},"wordCount":261,"commentCount":0,"publisher":{"@id":"https:\/\/www.tapasmagazine.es\/#organization"},"image":{"@id":"https:\/\/www.tapasmagazine.es\/en\/brandy-fundador-to-be-the-official-beverge-of-the-latin-grammy-awards-2023\/#primaryimage"},"thumbnailUrl":"https:\/\/www.tapasmagazine.es\/wp-content\/uploads\/2023\/09\/brandy-fundador-latin-grammy-5.jpg","keywords":["brandy"],"articleSection":["News","Sin categorizar"],"inLanguage":"en-US","potentialAction":[{"@type":"CommentAction","name":"Comment","target":["https:\/\/www.tapasmagazine.es\/en\/brandy-fundador-to-be-the-official-beverge-of-the-latin-grammy-awards-2023\/#respond"]}]},{"@type":"WebPage","@id":"https:\/\/www.tapasmagazine.es\/en\/brandy-fundador-to-be-the-official-beverge-of-the-latin-grammy-awards-2023\/","url":"https:\/\/www.tapasmagazine.es\/en\/brandy-fundador-to-be-the-official-beverge-of-the-latin-grammy-awards-2023\/","name":"Brandy Fundador to be the official beverage of the Latin GRAMMY\u00ae Awards 2023 - Tapas","isPartOf":{"@id":"https:\/\/www.tapasmagazine.es\/#website"},"primaryImageOfPage":{"@id":"https:\/\/www.tapasmagazine.es\/en\/brandy-fundador-to-be-the-official-beverge-of-the-latin-grammy-awards-2023\/#primaryimage"},"image":{"@id":"https:\/\/www.tapasmagazine.es\/en\/brandy-fundador-to-be-the-official-beverge-of-the-latin-grammy-awards-2023\/#primaryimage"},"thumbnailUrl":"https:\/\/www.tapasmagazine.es\/wp-content\/uploads\/2023\/09\/brandy-fundador-latin-grammy-5.jpg","datePublished":"2023-09-20T12:19:27+00:00","dateModified":"2023-09-20T12:24:02+00:00","description":"Click here to read the Spanish version. The Latin Recording Academy and Brandy Fundador will travel to Seville to jointly celebrate the Latin Grammy","breadcrumb":{"@id":"https:\/\/www.tapasmagazine.es\/en\/brandy-fundador-to-be-the-official-beverge-of-the-latin-grammy-awards-2023\/#breadcrumb"},"inLanguage":"en-US","potentialAction":[{"@type":"ReadAction","target":["https:\/\/www.tapasmagazine.es\/en\/brandy-fundador-to-be-the-official-beverge-of-the-latin-grammy-awards-2023\/"]}]},{"@type":"ImageObject","inLanguage":"en-US","@id":"https:\/\/www.tapasmagazine.es\/en\/brandy-fundador-to-be-the-official-beverge-of-the-latin-grammy-awards-2023\/#primaryimage","url":"https:\/\/www.tapasmagazine.es\/wp-content\/uploads\/2023\/09\/brandy-fundador-latin-grammy-5.jpg","contentUrl":"https:\/\/www.tapasmagazine.es\/wp-content\/uploads\/2023\/09\/brandy-fundador-latin-grammy-5.jpg","width":1200,"height":675},{"@type":"BreadcrumbList","@id":"https:\/\/www.tapasmagazine.es\/en\/brandy-fundador-to-be-the-official-beverge-of-the-latin-grammy-awards-2023\/#breadcrumb","itemListElement":[{"@type":"ListItem","position":1,"name":"Portada","item":"https:\/\/www.tapasmagazine.es\/"},{"@type":"ListItem","position":2,"name":"Sin categorizar","item":"https:\/\/www.tapasmagazine.es\/categorias\/sin-categorizar\/"},{"@type":"ListItem","position":3,"name":"Brandy Fundador to be the official beverage of the Latin GRAMMY\u00ae Awards 2023"}]},{"@type":"WebSite","@id":"https:\/\/www.tapasmagazine.es\/#website","url":"https:\/\/www.tapasmagazine.es\/","name":"Tapas","description":"\u00d1am \u00d1am Lifestyle. La vida a bocados. Premio Nacional de Gastronom\u00eda 2016.","publisher":{"@id":"https:\/\/www.tapasmagazine.es\/#organization"},"potentialAction":[{"@type":"SearchAction","target":{"@type":"EntryPoint","urlTemplate":"https:\/\/www.tapasmagazine.es\/?s={search_term_string}"},"query-input":{"@type":"PropertyValueSpecification","valueRequired":true,"valueName":"search_term_string"}}],"inLanguage":"en-US"},{"@type":"Organization","@id":"https:\/\/www.tapasmagazine.es\/#organization","name":"Tapas Magazine","url":"https:\/\/www.tapasmagazine.es\/","logo":{"@type":"ImageObject","inLanguage":"en-US","@id":"https:\/\/www.tapasmagazine.es\/#\/schema\/logo\/image\/","url":"https:\/\/www.tapasmagazine.es\/wp-content\/uploads\/2018\/01\/logo.png","contentUrl":"https:\/\/www.tapasmagazine.es\/wp-content\/uploads\/2018\/01\/logo.png","width":180,"height":60,"caption":"Tapas Magazine"},"image":{"@id":"https:\/\/www.tapasmagazine.es\/#\/schema\/logo\/image\/"},"sameAs":["https:\/\/www.facebook.com\/tapasmagazine","https:\/\/x.com\/TapasMagazine","https:\/\/www.instagram.com\/tapasmagazine\/","https:\/\/www.linkedin.com\/company\/tapas-magazine","https:\/\/es.pinterest.com\/tapasmagazine\/","https:\/\/www.youtube.com\/channel\/UCEyxneAaACuR0lfDagrWjjg?sub_confirmation=1"]},{"@type":"Person","@id":"https:\/\/www.tapasmagazine.es\/#\/schema\/person\/eb46cbe76a9c8f062660eb609e3ecb4e","name":"Laura P\u00e9rez","url":"https:\/\/www.tapasmagazine.es\/en\/author\/laura-perez\/"}]}},"_links":{"self":[{"href":"https:\/\/www.tapasmagazine.es\/en\/wp-json\/wp\/v2\/posts\/208831","targetHints":{"allow":["GET"]}}],"collection":[{"href":"https:\/\/www.tapasmagazine.es\/en\/wp-json\/wp\/v2\/posts"}],"about":[{"href":"https:\/\/www.tapasmagazine.es\/en\/wp-json\/wp\/v2\/types\/post"}],"author":[{"embeddable":true,"href":"https:\/\/www.tapasmagazine.es\/en\/wp-json\/wp\/v2\/users\/285"}],"replies":[{"embeddable":true,"href":"https:\/\/www.tapasmagazine.es\/en\/wp-json\/wp\/v2\/comments?post=208831"}],"version-history":[{"count":4,"href":"https:\/\/www.tapasmagazine.es\/en\/wp-json\/wp\/v2\/posts\/208831\/revisions"}],"predecessor-version":[{"id":208836,"href":"https:\/\/www.tapasmagazine.es\/en\/wp-json\/wp\/v2\/posts\/208831\/revisions\/208836"}],"wp:featuredmedia":[{"embeddable":true,"href":"https:\/\/www.tapasmagazine.es\/en\/wp-json\/wp\/v2\/media\/208829"}],"wp:attachment":[{"href":"https:\/\/www.tapasmagazine.es\/en\/wp-json\/wp\/v2\/media?parent=208831"}],"wp:term":[{"taxonomy":"category","embeddable":true,"href":"https:\/\/www.tapasmagazine.es\/en\/wp-json\/wp\/v2\/categories?post=208831"},{"taxonomy":"post_tag","embeddable":true,"href":"https:\/\/www.tapasmagazine.es\/en\/wp-json\/wp\/v2\/tags?post=208831"}],"curies":[{"name":"wp","href":"https:\/\/api.w.org\/{rel}","templated":true}]}}