{"id":208350,"date":"2023-09-18T10:41:12","date_gmt":"2023-09-18T08:41:12","guid":{"rendered":"https:\/\/www.tapasmagazine.es\/?p=208350"},"modified":"2023-09-18T10:45:40","modified_gmt":"2023-09-18T08:45:40","slug":"this-is-the-most-popular-recipe-that-jose-andres-serves-in-world-central-kitchen","status":"publish","type":"post","link":"https:\/\/www.tapasmagazine.es\/en\/this-is-the-most-popular-recipe-that-jose-andres-serves-in-world-central-kitchen\/","title":{"rendered":"This is the most popular recipe that Jos\u00e9 Andr\u00e9s serves in World Central Kitchen"},"content":{"rendered":"\n<p><strong>Click <a href=\"https:\/\/www.tapasmagazine.es\/esta-es-la-receta-mas-popular-que-jose-andres-sirve-en-world-central-kitchen\/\" target=\"_blank\" rel=\"noreferrer noopener\">here<\/a> to read the Spanish version.<\/strong><br>A few days ago we announced that Jos\u00e9 Andr\u00e9s launched <a href=\"https:\/\/www.tapasmagazine.es\/en\/jose-andres-publishes-a-solidarity-book-with-recipes-from-celebrities-such-as-michelle-obama-and-meghan-markle\/\" target=\"_blank\" rel=\"noreferrer noopener\">the publication of a new cookbook<\/a>, this time together with his NGO World Central Kitchen. In this work, the Asturian chef has included recipes from prestigious chefs, as well as local cooks and personalities and celebrities who support the NGO. One of World Central Kitchen&#8217;s most popular recipes is chicken with green chili. It is one of the dishes that has been served the most in the places where the organization has moved to help in various catastrophes and conflicts. In the book The World Kitchen Cookbook, Feeding humanity, Feeding Hope you can prepare this and many more dishes.<\/p>\n\n\n\n<p>To whet your appetite, here is a step-by-step guide to Jos\u00e9 Andr\u00e9s&#8217; chicken with green chili recipe.<\/p>\n\n\n\n<figure class=\"wp-block-image size-large\"><a href=\"https:\/\/www.tapasmagazine.es\/wp-content\/uploads\/2023\/09\/pollo-con-chile-verde.jpg\"><img decoding=\"async\" width=\"1024\" height=\"576\" src=\"https:\/\/www.tapasmagazine.es\/wp-content\/uploads\/2023\/09\/pollo-con-chile-verde-1024x576.jpg\" alt=\"\" class=\"wp-image-208343\" srcset=\"https:\/\/www.tapasmagazine.es\/wp-content\/uploads\/2023\/09\/pollo-con-chile-verde-1024x576.jpg 1024w, https:\/\/www.tapasmagazine.es\/wp-content\/uploads\/2023\/09\/pollo-con-chile-verde-300x169.jpg 300w, https:\/\/www.tapasmagazine.es\/wp-content\/uploads\/2023\/09\/pollo-con-chile-verde-768x432.jpg 768w, https:\/\/www.tapasmagazine.es\/wp-content\/uploads\/2023\/09\/pollo-con-chile-verde-1000x563.jpg 1000w, https:\/\/www.tapasmagazine.es\/wp-content\/uploads\/2023\/09\/pollo-con-chile-verde-400x225.jpg 400w, https:\/\/www.tapasmagazine.es\/wp-content\/uploads\/2023\/09\/pollo-con-chile-verde.jpg 1200w\" sizes=\"(max-width: 1024px) 100vw, 1024px\" \/><\/a><\/figure>\n\n\n\n<h2 class=\"wp-block-heading\">Chicken Chili verde Recipe<\/h2>\n\n\n\n<h4 class=\"wp-block-heading\">Ingredients:<\/h4>\n\n\n\n<ul class=\"wp-block-list\">\n<li>5 chopped spring onions<\/li>\n\n\n\n<li>1 can of whole peeled or crushed tomatoes<\/li>\n\n\n\n<li>1 can roasted green chiles<\/li>\n\n\n\n<li>1 jalape\u00f1o (optional, if you want it spicier)<\/li>\n\n\n\n<li>4 cloves garlic<\/li>\n\n\n\n<li>Some chopped fresh cilantro<\/li>\n\n\n\n<li>1 tablespoon of olive oil<\/li>\n\n\n\n<li>1 kg of boneless chicken breast<\/li>\n\n\n\n<li>1 onion, diced<\/li>\n\n\n\n<li>Pinch of salt<\/li>\n\n\n\n<li>Freshly ground black pepper (to taste)<\/li>\n\n\n\n<li>400 ml chicken stock<\/li>\n\n\n\n<li>1 can of chickpeas<\/li>\n\n\n\n<li>Ground cumin<\/li>\n\n\n\n<li>Dried oregano<\/li>\n\n\n\n<li>Ground coriander<\/li>\n\n\n\n<li>Lime juice<\/li>\n\n\n\n<li>Grated cheese<\/li>\n\n\n\n<li>White rice or tortillas<\/li>\n<\/ul>\n\n\n\n<h4 class=\"wp-block-heading\">Preparation:<\/h4>\n\n\n\n<ul class=\"wp-block-list\">\n<li>Place most of the scallions in a blender (reserve some for garnish at the end) along with the tomatoes, roasted chiles, jalape\u00f1o, garlic and cilantro and blend well.<\/li>\n\n\n\n<li>In a medium saucepan over medium heat, put oil and add the chicken and onion; season with salt and pepper and stir occasionally, until the onion is transparent and the chicken is lightly browned (about 10 minutes).<\/li>\n\n\n\n<li>Add the chicken broth and then the puree plus the chickpeas, cumin, oregano and coriander and stir again. Bring to a boil and then reduce to a simmer, cover and cook until the chili is flavorful and thick, approx. 2 hours.<\/li>\n\n\n\n<li>Finally, add the lime juice and garnish with the reserved chives, cilantro and cheese.<\/li>\n\n\n\n<li>Serve with rice or tortillas.<\/li>\n<\/ul>\n","protected":false},"excerpt":{"rendered":"<p>Click here to read the Spanish version.A few days ago we announced that Jos\u00e9 Andr\u00e9s launched the publication of a new cookbook, this time together with his NGO World Central Kitchen. In this work, the Asturian chef has included recipes from prestigious chefs, as well as local cooks and personalities and celebrities who support the [&hellip;]<\/p>\n","protected":false},"author":249,"featured_media":208340,"comment_status":"open","ping_status":"closed","sticky":false,"template":"single-feature.php","format":"standard","meta":{"_acf_changed":false,"footnotes":""},"categories":[15807,15965],"tags":[],"class_list":["post-208350","post","type-post","status-publish","format-standard","has-post-thumbnail","hentry","category-gastro-en","category-recetas-en","cat-15807-id","cat-15965-id"],"acf":[],"yoast_head":"<!-- This site is optimized with the Yoast SEO plugin v27.4 - https:\/\/yoast.com\/product\/yoast-seo-wordpress\/ -->\n<title>This is the most popular recipe that Jos\u00e9 Andr\u00e9s serves in World Central Kitchen<\/title>\n<meta name=\"description\" content=\"The Asturian chef is going to publish a cookbook with his NGO including some of his most popular recipes, like this one below.\" \/>\n<meta name=\"robots\" content=\"index, follow, max-snippet:-1, max-image-preview:large, max-video-preview:-1\" \/>\n<link rel=\"canonical\" href=\"https:\/\/www.tapasmagazine.es\/en\/this-is-the-most-popular-recipe-that-jose-andres-serves-in-world-central-kitchen\/\" \/>\n<meta property=\"og:locale\" content=\"en_US\" \/>\n<meta property=\"og:type\" content=\"article\" \/>\n<meta property=\"og:title\" content=\"This is the most popular recipe that Jos\u00e9 Andr\u00e9s serves in World Central Kitchen\" \/>\n<meta property=\"og:description\" content=\"The Asturian chef is going to publish a cookbook with his NGO including some of his most popular recipes, like this one below.\" \/>\n<meta property=\"og:url\" content=\"https:\/\/www.tapasmagazine.es\/en\/this-is-the-most-popular-recipe-that-jose-andres-serves-in-world-central-kitchen\/\" \/>\n<meta property=\"og:site_name\" content=\"Tapas\" \/>\n<meta property=\"article:publisher\" content=\"https:\/\/www.facebook.com\/tapasmagazine\" \/>\n<meta property=\"article:published_time\" content=\"2023-09-18T08:41:12+00:00\" \/>\n<meta property=\"article:modified_time\" content=\"2023-09-18T08:45:40+00:00\" \/>\n<meta property=\"og:image\" content=\"https:\/\/www.tapasmagazine.es\/wp-content\/uploads\/2023\/09\/jose-andres-world-central-kitchen.jpg\" \/>\n\t<meta property=\"og:image:width\" content=\"1200\" \/>\n\t<meta property=\"og:image:height\" content=\"675\" \/>\n\t<meta property=\"og:image:type\" content=\"image\/jpeg\" \/>\n<meta name=\"author\" content=\"TAPAS\" \/>\n<meta name=\"twitter:card\" content=\"summary_large_image\" \/>\n<meta name=\"twitter:creator\" content=\"@TapasMagazine\" \/>\n<meta name=\"twitter:site\" content=\"@TapasMagazine\" \/>\n<meta name=\"twitter:label1\" content=\"Written by\" \/>\n\t<meta name=\"twitter:data1\" content=\"TAPAS\" \/>\n\t<meta name=\"twitter:label2\" content=\"Est. reading time\" \/>\n\t<meta name=\"twitter:data2\" content=\"2 minutes\" \/>\n<script type=\"application\/ld+json\" class=\"yoast-schema-graph\">{\"@context\":\"https:\\\/\\\/schema.org\",\"@graph\":[{\"@type\":\"Article\",\"@id\":\"https:\\\/\\\/www.tapasmagazine.es\\\/en\\\/this-is-the-most-popular-recipe-that-jose-andres-serves-in-world-central-kitchen\\\/#article\",\"isPartOf\":{\"@id\":\"https:\\\/\\\/www.tapasmagazine.es\\\/en\\\/this-is-the-most-popular-recipe-that-jose-andres-serves-in-world-central-kitchen\\\/\"},\"author\":{\"name\":\"TAPAS\",\"@id\":\"https:\\\/\\\/www.tapasmagazine.es\\\/#\\\/schema\\\/person\\\/906ea2ea4697837608d99f4cc085cea3\"},\"headline\":\"This is the most popular recipe that Jos\u00e9 Andr\u00e9s serves in World Central Kitchen\",\"datePublished\":\"2023-09-18T08:41:12+00:00\",\"dateModified\":\"2023-09-18T08:45:40+00:00\",\"mainEntityOfPage\":{\"@id\":\"https:\\\/\\\/www.tapasmagazine.es\\\/en\\\/this-is-the-most-popular-recipe-that-jose-andres-serves-in-world-central-kitchen\\\/\"},\"wordCount\":349,\"commentCount\":0,\"publisher\":{\"@id\":\"https:\\\/\\\/www.tapasmagazine.es\\\/#organization\"},\"image\":{\"@id\":\"https:\\\/\\\/www.tapasmagazine.es\\\/en\\\/this-is-the-most-popular-recipe-that-jose-andres-serves-in-world-central-kitchen\\\/#primaryimage\"},\"thumbnailUrl\":\"https:\\\/\\\/www.tapasmagazine.es\\\/wp-content\\\/uploads\\\/2023\\\/09\\\/jose-andres-world-central-kitchen.jpg\",\"articleSection\":[\"Gastro\",\"Recetas\"],\"inLanguage\":\"en-US\",\"potentialAction\":[{\"@type\":\"CommentAction\",\"name\":\"Comment\",\"target\":[\"https:\\\/\\\/www.tapasmagazine.es\\\/en\\\/this-is-the-most-popular-recipe-that-jose-andres-serves-in-world-central-kitchen\\\/#respond\"]}]},{\"@type\":\"WebPage\",\"@id\":\"https:\\\/\\\/www.tapasmagazine.es\\\/en\\\/this-is-the-most-popular-recipe-that-jose-andres-serves-in-world-central-kitchen\\\/\",\"url\":\"https:\\\/\\\/www.tapasmagazine.es\\\/en\\\/this-is-the-most-popular-recipe-that-jose-andres-serves-in-world-central-kitchen\\\/\",\"name\":\"This is the most popular recipe that Jos\u00e9 Andr\u00e9s serves in World Central Kitchen\",\"isPartOf\":{\"@id\":\"https:\\\/\\\/www.tapasmagazine.es\\\/#website\"},\"primaryImageOfPage\":{\"@id\":\"https:\\\/\\\/www.tapasmagazine.es\\\/en\\\/this-is-the-most-popular-recipe-that-jose-andres-serves-in-world-central-kitchen\\\/#primaryimage\"},\"image\":{\"@id\":\"https:\\\/\\\/www.tapasmagazine.es\\\/en\\\/this-is-the-most-popular-recipe-that-jose-andres-serves-in-world-central-kitchen\\\/#primaryimage\"},\"thumbnailUrl\":\"https:\\\/\\\/www.tapasmagazine.es\\\/wp-content\\\/uploads\\\/2023\\\/09\\\/jose-andres-world-central-kitchen.jpg\",\"datePublished\":\"2023-09-18T08:41:12+00:00\",\"dateModified\":\"2023-09-18T08:45:40+00:00\",\"description\":\"The Asturian chef is going to publish a cookbook with his NGO including some of his most popular recipes, like this one below.\",\"breadcrumb\":{\"@id\":\"https:\\\/\\\/www.tapasmagazine.es\\\/en\\\/this-is-the-most-popular-recipe-that-jose-andres-serves-in-world-central-kitchen\\\/#breadcrumb\"},\"inLanguage\":\"en-US\",\"potentialAction\":[{\"@type\":\"ReadAction\",\"target\":[\"https:\\\/\\\/www.tapasmagazine.es\\\/en\\\/this-is-the-most-popular-recipe-that-jose-andres-serves-in-world-central-kitchen\\\/\"]}]},{\"@type\":\"ImageObject\",\"inLanguage\":\"en-US\",\"@id\":\"https:\\\/\\\/www.tapasmagazine.es\\\/en\\\/this-is-the-most-popular-recipe-that-jose-andres-serves-in-world-central-kitchen\\\/#primaryimage\",\"url\":\"https:\\\/\\\/www.tapasmagazine.es\\\/wp-content\\\/uploads\\\/2023\\\/09\\\/jose-andres-world-central-kitchen.jpg\",\"contentUrl\":\"https:\\\/\\\/www.tapasmagazine.es\\\/wp-content\\\/uploads\\\/2023\\\/09\\\/jose-andres-world-central-kitchen.jpg\",\"width\":1200,\"height\":675},{\"@type\":\"BreadcrumbList\",\"@id\":\"https:\\\/\\\/www.tapasmagazine.es\\\/en\\\/this-is-the-most-popular-recipe-that-jose-andres-serves-in-world-central-kitchen\\\/#breadcrumb\",\"itemListElement\":[{\"@type\":\"ListItem\",\"position\":1,\"name\":\"Portada\",\"item\":\"https:\\\/\\\/www.tapasmagazine.es\\\/\"},{\"@type\":\"ListItem\",\"position\":2,\"name\":\"Gastro\",\"item\":\"https:\\\/\\\/www.tapasmagazine.es\\\/en\\\/categorias\\\/gastro-en\\\/\"},{\"@type\":\"ListItem\",\"position\":3,\"name\":\"This is the most popular recipe that Jos\u00e9 Andr\u00e9s serves in World Central Kitchen\"}]},{\"@type\":\"WebSite\",\"@id\":\"https:\\\/\\\/www.tapasmagazine.es\\\/#website\",\"url\":\"https:\\\/\\\/www.tapasmagazine.es\\\/\",\"name\":\"Tapas\",\"description\":\"\u00d1am \u00d1am Lifestyle. La vida a bocados. Premio Nacional de Gastronom\u00eda 2016.\",\"publisher\":{\"@id\":\"https:\\\/\\\/www.tapasmagazine.es\\\/#organization\"},\"potentialAction\":[{\"@type\":\"SearchAction\",\"target\":{\"@type\":\"EntryPoint\",\"urlTemplate\":\"https:\\\/\\\/www.tapasmagazine.es\\\/?s={search_term_string}\"},\"query-input\":{\"@type\":\"PropertyValueSpecification\",\"valueRequired\":true,\"valueName\":\"search_term_string\"}}],\"inLanguage\":\"en-US\"},{\"@type\":\"Organization\",\"@id\":\"https:\\\/\\\/www.tapasmagazine.es\\\/#organization\",\"name\":\"Tapas Magazine\",\"url\":\"https:\\\/\\\/www.tapasmagazine.es\\\/\",\"logo\":{\"@type\":\"ImageObject\",\"inLanguage\":\"en-US\",\"@id\":\"https:\\\/\\\/www.tapasmagazine.es\\\/#\\\/schema\\\/logo\\\/image\\\/\",\"url\":\"https:\\\/\\\/www.tapasmagazine.es\\\/wp-content\\\/uploads\\\/2018\\\/01\\\/logo.png\",\"contentUrl\":\"https:\\\/\\\/www.tapasmagazine.es\\\/wp-content\\\/uploads\\\/2018\\\/01\\\/logo.png\",\"width\":180,\"height\":60,\"caption\":\"Tapas Magazine\"},\"image\":{\"@id\":\"https:\\\/\\\/www.tapasmagazine.es\\\/#\\\/schema\\\/logo\\\/image\\\/\"},\"sameAs\":[\"https:\\\/\\\/www.facebook.com\\\/tapasmagazine\",\"https:\\\/\\\/x.com\\\/TapasMagazine\",\"https:\\\/\\\/www.instagram.com\\\/tapasmagazine\\\/\",\"https:\\\/\\\/www.linkedin.com\\\/company\\\/tapas-magazine\",\"https:\\\/\\\/es.pinterest.com\\\/tapasmagazine\\\/\",\"https:\\\/\\\/www.youtube.com\\\/channel\\\/UCEyxneAaACuR0lfDagrWjjg?sub_confirmation=1\"]},{\"@type\":\"Person\",\"@id\":\"https:\\\/\\\/www.tapasmagazine.es\\\/#\\\/schema\\\/person\\\/906ea2ea4697837608d99f4cc085cea3\",\"name\":\"TAPAS\",\"url\":\"https:\\\/\\\/www.tapasmagazine.es\\\/en\\\/author\\\/tapas\\\/\"}]}<\/script>\n<!-- \/ Yoast SEO plugin. -->","yoast_head_json":{"title":"This is the most popular recipe that Jos\u00e9 Andr\u00e9s serves in World Central Kitchen","description":"The Asturian chef is going to publish a cookbook with his NGO including some of his most popular recipes, like this one below.","robots":{"index":"index","follow":"follow","max-snippet":"max-snippet:-1","max-image-preview":"max-image-preview:large","max-video-preview":"max-video-preview:-1"},"canonical":"https:\/\/www.tapasmagazine.es\/en\/this-is-the-most-popular-recipe-that-jose-andres-serves-in-world-central-kitchen\/","og_locale":"en_US","og_type":"article","og_title":"This is the most popular recipe that Jos\u00e9 Andr\u00e9s serves in World Central Kitchen","og_description":"The Asturian chef is going to publish a cookbook with his NGO including some of his most popular recipes, like this one below.","og_url":"https:\/\/www.tapasmagazine.es\/en\/this-is-the-most-popular-recipe-that-jose-andres-serves-in-world-central-kitchen\/","og_site_name":"Tapas","article_publisher":"https:\/\/www.facebook.com\/tapasmagazine","article_published_time":"2023-09-18T08:41:12+00:00","article_modified_time":"2023-09-18T08:45:40+00:00","og_image":[{"width":1200,"height":675,"url":"https:\/\/www.tapasmagazine.es\/wp-content\/uploads\/2023\/09\/jose-andres-world-central-kitchen.jpg","type":"image\/jpeg"}],"author":"TAPAS","twitter_card":"summary_large_image","twitter_creator":"@TapasMagazine","twitter_site":"@TapasMagazine","twitter_misc":{"Written by":"TAPAS","Est. reading time":"2 minutes"},"schema":{"@context":"https:\/\/schema.org","@graph":[{"@type":"Article","@id":"https:\/\/www.tapasmagazine.es\/en\/this-is-the-most-popular-recipe-that-jose-andres-serves-in-world-central-kitchen\/#article","isPartOf":{"@id":"https:\/\/www.tapasmagazine.es\/en\/this-is-the-most-popular-recipe-that-jose-andres-serves-in-world-central-kitchen\/"},"author":{"name":"TAPAS","@id":"https:\/\/www.tapasmagazine.es\/#\/schema\/person\/906ea2ea4697837608d99f4cc085cea3"},"headline":"This is the most popular recipe that Jos\u00e9 Andr\u00e9s serves in World Central Kitchen","datePublished":"2023-09-18T08:41:12+00:00","dateModified":"2023-09-18T08:45:40+00:00","mainEntityOfPage":{"@id":"https:\/\/www.tapasmagazine.es\/en\/this-is-the-most-popular-recipe-that-jose-andres-serves-in-world-central-kitchen\/"},"wordCount":349,"commentCount":0,"publisher":{"@id":"https:\/\/www.tapasmagazine.es\/#organization"},"image":{"@id":"https:\/\/www.tapasmagazine.es\/en\/this-is-the-most-popular-recipe-that-jose-andres-serves-in-world-central-kitchen\/#primaryimage"},"thumbnailUrl":"https:\/\/www.tapasmagazine.es\/wp-content\/uploads\/2023\/09\/jose-andres-world-central-kitchen.jpg","articleSection":["Gastro","Recetas"],"inLanguage":"en-US","potentialAction":[{"@type":"CommentAction","name":"Comment","target":["https:\/\/www.tapasmagazine.es\/en\/this-is-the-most-popular-recipe-that-jose-andres-serves-in-world-central-kitchen\/#respond"]}]},{"@type":"WebPage","@id":"https:\/\/www.tapasmagazine.es\/en\/this-is-the-most-popular-recipe-that-jose-andres-serves-in-world-central-kitchen\/","url":"https:\/\/www.tapasmagazine.es\/en\/this-is-the-most-popular-recipe-that-jose-andres-serves-in-world-central-kitchen\/","name":"This is the most popular recipe that Jos\u00e9 Andr\u00e9s serves in World Central Kitchen","isPartOf":{"@id":"https:\/\/www.tapasmagazine.es\/#website"},"primaryImageOfPage":{"@id":"https:\/\/www.tapasmagazine.es\/en\/this-is-the-most-popular-recipe-that-jose-andres-serves-in-world-central-kitchen\/#primaryimage"},"image":{"@id":"https:\/\/www.tapasmagazine.es\/en\/this-is-the-most-popular-recipe-that-jose-andres-serves-in-world-central-kitchen\/#primaryimage"},"thumbnailUrl":"https:\/\/www.tapasmagazine.es\/wp-content\/uploads\/2023\/09\/jose-andres-world-central-kitchen.jpg","datePublished":"2023-09-18T08:41:12+00:00","dateModified":"2023-09-18T08:45:40+00:00","description":"The Asturian chef is going to publish a cookbook with his NGO including some of his most popular recipes, like this one below.","breadcrumb":{"@id":"https:\/\/www.tapasmagazine.es\/en\/this-is-the-most-popular-recipe-that-jose-andres-serves-in-world-central-kitchen\/#breadcrumb"},"inLanguage":"en-US","potentialAction":[{"@type":"ReadAction","target":["https:\/\/www.tapasmagazine.es\/en\/this-is-the-most-popular-recipe-that-jose-andres-serves-in-world-central-kitchen\/"]}]},{"@type":"ImageObject","inLanguage":"en-US","@id":"https:\/\/www.tapasmagazine.es\/en\/this-is-the-most-popular-recipe-that-jose-andres-serves-in-world-central-kitchen\/#primaryimage","url":"https:\/\/www.tapasmagazine.es\/wp-content\/uploads\/2023\/09\/jose-andres-world-central-kitchen.jpg","contentUrl":"https:\/\/www.tapasmagazine.es\/wp-content\/uploads\/2023\/09\/jose-andres-world-central-kitchen.jpg","width":1200,"height":675},{"@type":"BreadcrumbList","@id":"https:\/\/www.tapasmagazine.es\/en\/this-is-the-most-popular-recipe-that-jose-andres-serves-in-world-central-kitchen\/#breadcrumb","itemListElement":[{"@type":"ListItem","position":1,"name":"Portada","item":"https:\/\/www.tapasmagazine.es\/"},{"@type":"ListItem","position":2,"name":"Gastro","item":"https:\/\/www.tapasmagazine.es\/en\/categorias\/gastro-en\/"},{"@type":"ListItem","position":3,"name":"This is the most popular recipe that Jos\u00e9 Andr\u00e9s serves in World Central Kitchen"}]},{"@type":"WebSite","@id":"https:\/\/www.tapasmagazine.es\/#website","url":"https:\/\/www.tapasmagazine.es\/","name":"Tapas","description":"\u00d1am \u00d1am Lifestyle. La vida a bocados. Premio Nacional de Gastronom\u00eda 2016.","publisher":{"@id":"https:\/\/www.tapasmagazine.es\/#organization"},"potentialAction":[{"@type":"SearchAction","target":{"@type":"EntryPoint","urlTemplate":"https:\/\/www.tapasmagazine.es\/?s={search_term_string}"},"query-input":{"@type":"PropertyValueSpecification","valueRequired":true,"valueName":"search_term_string"}}],"inLanguage":"en-US"},{"@type":"Organization","@id":"https:\/\/www.tapasmagazine.es\/#organization","name":"Tapas Magazine","url":"https:\/\/www.tapasmagazine.es\/","logo":{"@type":"ImageObject","inLanguage":"en-US","@id":"https:\/\/www.tapasmagazine.es\/#\/schema\/logo\/image\/","url":"https:\/\/www.tapasmagazine.es\/wp-content\/uploads\/2018\/01\/logo.png","contentUrl":"https:\/\/www.tapasmagazine.es\/wp-content\/uploads\/2018\/01\/logo.png","width":180,"height":60,"caption":"Tapas Magazine"},"image":{"@id":"https:\/\/www.tapasmagazine.es\/#\/schema\/logo\/image\/"},"sameAs":["https:\/\/www.facebook.com\/tapasmagazine","https:\/\/x.com\/TapasMagazine","https:\/\/www.instagram.com\/tapasmagazine\/","https:\/\/www.linkedin.com\/company\/tapas-magazine","https:\/\/es.pinterest.com\/tapasmagazine\/","https:\/\/www.youtube.com\/channel\/UCEyxneAaACuR0lfDagrWjjg?sub_confirmation=1"]},{"@type":"Person","@id":"https:\/\/www.tapasmagazine.es\/#\/schema\/person\/906ea2ea4697837608d99f4cc085cea3","name":"TAPAS","url":"https:\/\/www.tapasmagazine.es\/en\/author\/tapas\/"}]}},"_links":{"self":[{"href":"https:\/\/www.tapasmagazine.es\/en\/wp-json\/wp\/v2\/posts\/208350","targetHints":{"allow":["GET"]}}],"collection":[{"href":"https:\/\/www.tapasmagazine.es\/en\/wp-json\/wp\/v2\/posts"}],"about":[{"href":"https:\/\/www.tapasmagazine.es\/en\/wp-json\/wp\/v2\/types\/post"}],"author":[{"embeddable":true,"href":"https:\/\/www.tapasmagazine.es\/en\/wp-json\/wp\/v2\/users\/249"}],"replies":[{"embeddable":true,"href":"https:\/\/www.tapasmagazine.es\/en\/wp-json\/wp\/v2\/comments?post=208350"}],"version-history":[{"count":3,"href":"https:\/\/www.tapasmagazine.es\/en\/wp-json\/wp\/v2\/posts\/208350\/revisions"}],"predecessor-version":[{"id":208366,"href":"https:\/\/www.tapasmagazine.es\/en\/wp-json\/wp\/v2\/posts\/208350\/revisions\/208366"}],"wp:featuredmedia":[{"embeddable":true,"href":"https:\/\/www.tapasmagazine.es\/en\/wp-json\/wp\/v2\/media\/208340"}],"wp:attachment":[{"href":"https:\/\/www.tapasmagazine.es\/en\/wp-json\/wp\/v2\/media?parent=208350"}],"wp:term":[{"taxonomy":"category","embeddable":true,"href":"https:\/\/www.tapasmagazine.es\/en\/wp-json\/wp\/v2\/categories?post=208350"},{"taxonomy":"post_tag","embeddable":true,"href":"https:\/\/www.tapasmagazine.es\/en\/wp-json\/wp\/v2\/tags?post=208350"}],"curies":[{"name":"wp","href":"https:\/\/api.w.org\/{rel}","templated":true}]}}