{"id":208225,"date":"2023-09-15T18:24:05","date_gmt":"2023-09-15T16:24:05","guid":{"rendered":"https:\/\/www.tapasmagazine.es\/?p=208225"},"modified":"2023-09-15T18:33:31","modified_gmt":"2023-09-15T16:33:31","slug":"this-is-the-brewery-where-prince-harry-celebrated-his-birthday","status":"publish","type":"post","link":"https:\/\/www.tapasmagazine.es\/en\/this-is-the-brewery-where-prince-harry-celebrated-his-birthday\/","title":{"rendered":"This is the brewery where Prince Harry celebrated his birthday"},"content":{"rendered":"\n<p><strong>Click <a href=\"http:\/\/tapasmagazine.es\/esta-es-la-cerveceria-donde-el-principe-harry-celebro-su-cumpleanos\/\">here<\/a> to read the English version<\/strong><\/p>\n\n\n\n<p>Prince Harry\u00a0<strong>has turned\u00a039 together with his wife<\/strong>, Meghan Markle.\u00a0In the midst of the controversial relationship with his family, the British royalty, the prince enjoyed a\u00a0relaxed evening this Thursday in which he was able to have fun with his wife.<\/p>\n\n\n\n<p>The chosen place was a traditional German brewery located in\u00a0<strong>D\u00fcsseldorf<\/strong>, whose name is Schumacher.\u00a0It is the oldest brewery in the city.\u00a0It dates back to\u00a0<strong>1838<\/strong>\u00a0and they make beer in a traditional way following the centuries-old recipes with which its production began.<\/p>\n\n\n\n<p>The couple was always accompanied by the group that accompanies and protects the prince, made up of 12 people.<\/p>\n\n\n\n<p>According to what the head waiter who served the group, Frank Wackers,\u00a0told the\u00a0<em><a href=\"https:\/\/www.dailymail.co.uk\/femail\/article-12519411\/Meghan-Harry-celebrate-Duke-turning-39-German-beer-house-Dusseldorf-drank-6-lagers-sampled-local-dishes.html\">Daily Mail<\/a><\/em><strong>, Harry drank six small beers<\/strong>\u00a0and Megan only had one.<\/p>\n\n\n\n<p>The food was varied, but typical German and made with the family recipe they use at that location.\u00a0The dishes that began to take over the table ranged from\u00a0<strong>sausages, pork knuckle, and roast to mashed potatoes<\/strong>.<\/p>\n\n\n\n<p>For dessert, the owners of the establishment brought out a\u00a0<strong>white chocolate cake<\/strong>\u00a0to congratulate the prince on his birthday.<\/p>\n\n\n\n<p>The entourage members and the couple joked with the workers in good humor.\u00a0The head waiter said they were \u201c<strong>very friendly<\/strong>\u201d and Harry said he was \u201clovely\u201d.<a href=\"https:\/\/www.instagram.com\/p\/CxLs2aJtAt8\/?utm_source=ig_embed&amp;utm_campaign=loading\" target=\"_blank\" rel=\"noreferrer noopener\"><\/a><\/p>\n\n\n\n<p>He also comments that the prince left a&nbsp;<strong>good tip<\/strong>&nbsp;and before leaving, the couple posed for a photo that the restaurant uploaded to its social networks.<\/p>\n\n\n\n<p>They were there because of<strong> the celebration of the &#8220;Invictus Games<\/strong>&#8221; sports competition, an event that the prince created in 2014 together with the association of sick or injured veterans and in which adapted sports such as wheelchair basketball or sitting volleyball are played.<\/p>\n","protected":false},"excerpt":{"rendered":"<p>Click here to read the English version Prince Harry\u00a0has turned\u00a039 together with his wife, Meghan Markle.\u00a0In the midst of the controversial relationship with his family, the British royalty, the prince enjoyed a\u00a0relaxed evening this Thursday in which he was able to have fun with his wife. The chosen place was a traditional German brewery located [&hellip;]<\/p>\n","protected":false},"author":23,"featured_media":208223,"comment_status":"open","ping_status":"closed","sticky":false,"template":"single-feature.php","format":"standard","meta":{"_acf_changed":false,"footnotes":""},"categories":[15807],"tags":[18295,18296,18298,18297,15868],"class_list":["post-208225","post","type-post","status-publish","format-standard","has-post-thumbnail","hentry","category-gastro-en","tag-aleman-en","tag-cerveceria-en","tag-meghan-markle-en","tag-principe-harry-en","tag-restaurante-en","cat-15807-id"],"acf":[],"yoast_head":"<!-- This site is optimized with the Yoast SEO plugin v27.4 - https:\/\/yoast.com\/product\/yoast-seo-wordpress\/ -->\n<title>This is the brewery where Prince Harry celebrated his birthday - Tapas<\/title>\n<meta name=\"description\" content=\"Click here to read the English version Prince Harry\u00a0has turned\u00a039 together with his wife, Meghan Markle.\u00a0In the midst of the controversial relationship\" \/>\n<meta name=\"robots\" content=\"index, follow, max-snippet:-1, max-image-preview:large, max-video-preview:-1\" \/>\n<link rel=\"canonical\" href=\"https:\/\/www.tapasmagazine.es\/en\/this-is-the-brewery-where-prince-harry-celebrated-his-birthday\/\" \/>\n<meta property=\"og:locale\" content=\"en_US\" \/>\n<meta property=\"og:type\" content=\"article\" \/>\n<meta property=\"og:title\" content=\"This is the brewery where Prince Harry celebrated his birthday - Tapas\" \/>\n<meta property=\"og:description\" content=\"Click here to read the English version Prince Harry\u00a0has turned\u00a039 together with his wife, Meghan Markle.\u00a0In the midst of the controversial relationship\" \/>\n<meta property=\"og:url\" content=\"https:\/\/www.tapasmagazine.es\/en\/this-is-the-brewery-where-prince-harry-celebrated-his-birthday\/\" \/>\n<meta property=\"og:site_name\" content=\"Tapas\" \/>\n<meta property=\"article:publisher\" content=\"https:\/\/www.facebook.com\/tapasmagazine\" \/>\n<meta property=\"article:published_time\" content=\"2023-09-15T16:24:05+00:00\" \/>\n<meta property=\"article:modified_time\" content=\"2023-09-15T16:33:31+00:00\" \/>\n<meta property=\"og:image\" content=\"https:\/\/www.tapasmagazine.es\/wp-content\/uploads\/2023\/09\/NYPICHPDPICT000039582876-fotor-20230915182026.png\" \/>\n\t<meta property=\"og:image:width\" content=\"1638\" \/>\n\t<meta property=\"og:image:height\" content=\"921\" \/>\n\t<meta property=\"og:image:type\" content=\"image\/png\" \/>\n<meta name=\"author\" content=\"Tapas\" \/>\n<meta name=\"twitter:card\" content=\"summary_large_image\" \/>\n<meta name=\"twitter:creator\" content=\"@TapasMagazine\" \/>\n<meta name=\"twitter:site\" content=\"@TapasMagazine\" \/>\n<meta name=\"twitter:label1\" content=\"Written by\" \/>\n\t<meta name=\"twitter:data1\" content=\"Tapas\" \/>\n\t<meta name=\"twitter:label2\" content=\"Est. reading time\" \/>\n\t<meta name=\"twitter:data2\" content=\"2 minutes\" \/>\n<script type=\"application\/ld+json\" class=\"yoast-schema-graph\">{\"@context\":\"https:\\\/\\\/schema.org\",\"@graph\":[{\"@type\":\"Article\",\"@id\":\"https:\\\/\\\/www.tapasmagazine.es\\\/en\\\/this-is-the-brewery-where-prince-harry-celebrated-his-birthday\\\/#article\",\"isPartOf\":{\"@id\":\"https:\\\/\\\/www.tapasmagazine.es\\\/en\\\/this-is-the-brewery-where-prince-harry-celebrated-his-birthday\\\/\"},\"author\":{\"name\":\"Tapas\",\"@id\":\"https:\\\/\\\/www.tapasmagazine.es\\\/#\\\/schema\\\/person\\\/8bf373b672ffa6f78a076c90acdfaf26\"},\"headline\":\"This is the brewery where Prince Harry celebrated his birthday\",\"datePublished\":\"2023-09-15T16:24:05+00:00\",\"dateModified\":\"2023-09-15T16:33:31+00:00\",\"mainEntityOfPage\":{\"@id\":\"https:\\\/\\\/www.tapasmagazine.es\\\/en\\\/this-is-the-brewery-where-prince-harry-celebrated-his-birthday\\\/\"},\"wordCount\":304,\"commentCount\":0,\"publisher\":{\"@id\":\"https:\\\/\\\/www.tapasmagazine.es\\\/#organization\"},\"image\":{\"@id\":\"https:\\\/\\\/www.tapasmagazine.es\\\/en\\\/this-is-the-brewery-where-prince-harry-celebrated-his-birthday\\\/#primaryimage\"},\"thumbnailUrl\":\"https:\\\/\\\/www.tapasmagazine.es\\\/wp-content\\\/uploads\\\/2023\\\/09\\\/NYPICHPDPICT000039582876-fotor-20230915182026.png\",\"keywords\":[\"alem\u00e1n\",\"Cervecer\u00eda\",\"Meghan Markle\",\"pr\u00edncipe Harry\",\"restaurante\"],\"articleSection\":[\"Gastro\"],\"inLanguage\":\"en-US\",\"potentialAction\":[{\"@type\":\"CommentAction\",\"name\":\"Comment\",\"target\":[\"https:\\\/\\\/www.tapasmagazine.es\\\/en\\\/this-is-the-brewery-where-prince-harry-celebrated-his-birthday\\\/#respond\"]}]},{\"@type\":\"WebPage\",\"@id\":\"https:\\\/\\\/www.tapasmagazine.es\\\/en\\\/this-is-the-brewery-where-prince-harry-celebrated-his-birthday\\\/\",\"url\":\"https:\\\/\\\/www.tapasmagazine.es\\\/en\\\/this-is-the-brewery-where-prince-harry-celebrated-his-birthday\\\/\",\"name\":\"This is the brewery where Prince Harry celebrated his birthday - Tapas\",\"isPartOf\":{\"@id\":\"https:\\\/\\\/www.tapasmagazine.es\\\/#website\"},\"primaryImageOfPage\":{\"@id\":\"https:\\\/\\\/www.tapasmagazine.es\\\/en\\\/this-is-the-brewery-where-prince-harry-celebrated-his-birthday\\\/#primaryimage\"},\"image\":{\"@id\":\"https:\\\/\\\/www.tapasmagazine.es\\\/en\\\/this-is-the-brewery-where-prince-harry-celebrated-his-birthday\\\/#primaryimage\"},\"thumbnailUrl\":\"https:\\\/\\\/www.tapasmagazine.es\\\/wp-content\\\/uploads\\\/2023\\\/09\\\/NYPICHPDPICT000039582876-fotor-20230915182026.png\",\"datePublished\":\"2023-09-15T16:24:05+00:00\",\"dateModified\":\"2023-09-15T16:33:31+00:00\",\"description\":\"Click here to read the English version Prince Harry\u00a0has turned\u00a039 together with his wife, Meghan Markle.\u00a0In the midst of the controversial relationship\",\"breadcrumb\":{\"@id\":\"https:\\\/\\\/www.tapasmagazine.es\\\/en\\\/this-is-the-brewery-where-prince-harry-celebrated-his-birthday\\\/#breadcrumb\"},\"inLanguage\":\"en-US\",\"potentialAction\":[{\"@type\":\"ReadAction\",\"target\":[\"https:\\\/\\\/www.tapasmagazine.es\\\/en\\\/this-is-the-brewery-where-prince-harry-celebrated-his-birthday\\\/\"]}]},{\"@type\":\"ImageObject\",\"inLanguage\":\"en-US\",\"@id\":\"https:\\\/\\\/www.tapasmagazine.es\\\/en\\\/this-is-the-brewery-where-prince-harry-celebrated-his-birthday\\\/#primaryimage\",\"url\":\"https:\\\/\\\/www.tapasmagazine.es\\\/wp-content\\\/uploads\\\/2023\\\/09\\\/NYPICHPDPICT000039582876-fotor-20230915182026.png\",\"contentUrl\":\"https:\\\/\\\/www.tapasmagazine.es\\\/wp-content\\\/uploads\\\/2023\\\/09\\\/NYPICHPDPICT000039582876-fotor-20230915182026.png\",\"width\":1638,\"height\":921},{\"@type\":\"BreadcrumbList\",\"@id\":\"https:\\\/\\\/www.tapasmagazine.es\\\/en\\\/this-is-the-brewery-where-prince-harry-celebrated-his-birthday\\\/#breadcrumb\",\"itemListElement\":[{\"@type\":\"ListItem\",\"position\":1,\"name\":\"Portada\",\"item\":\"https:\\\/\\\/www.tapasmagazine.es\\\/\"},{\"@type\":\"ListItem\",\"position\":2,\"name\":\"Gastro\",\"item\":\"https:\\\/\\\/www.tapasmagazine.es\\\/en\\\/categorias\\\/gastro-en\\\/\"},{\"@type\":\"ListItem\",\"position\":3,\"name\":\"This is the brewery where Prince Harry celebrated his birthday\"}]},{\"@type\":\"WebSite\",\"@id\":\"https:\\\/\\\/www.tapasmagazine.es\\\/#website\",\"url\":\"https:\\\/\\\/www.tapasmagazine.es\\\/\",\"name\":\"Tapas\",\"description\":\"\u00d1am \u00d1am Lifestyle. La vida a bocados. Premio Nacional de Gastronom\u00eda 2016.\",\"publisher\":{\"@id\":\"https:\\\/\\\/www.tapasmagazine.es\\\/#organization\"},\"potentialAction\":[{\"@type\":\"SearchAction\",\"target\":{\"@type\":\"EntryPoint\",\"urlTemplate\":\"https:\\\/\\\/www.tapasmagazine.es\\\/?s={search_term_string}\"},\"query-input\":{\"@type\":\"PropertyValueSpecification\",\"valueRequired\":true,\"valueName\":\"search_term_string\"}}],\"inLanguage\":\"en-US\"},{\"@type\":\"Organization\",\"@id\":\"https:\\\/\\\/www.tapasmagazine.es\\\/#organization\",\"name\":\"Tapas Magazine\",\"url\":\"https:\\\/\\\/www.tapasmagazine.es\\\/\",\"logo\":{\"@type\":\"ImageObject\",\"inLanguage\":\"en-US\",\"@id\":\"https:\\\/\\\/www.tapasmagazine.es\\\/#\\\/schema\\\/logo\\\/image\\\/\",\"url\":\"https:\\\/\\\/www.tapasmagazine.es\\\/wp-content\\\/uploads\\\/2018\\\/01\\\/logo.png\",\"contentUrl\":\"https:\\\/\\\/www.tapasmagazine.es\\\/wp-content\\\/uploads\\\/2018\\\/01\\\/logo.png\",\"width\":180,\"height\":60,\"caption\":\"Tapas Magazine\"},\"image\":{\"@id\":\"https:\\\/\\\/www.tapasmagazine.es\\\/#\\\/schema\\\/logo\\\/image\\\/\"},\"sameAs\":[\"https:\\\/\\\/www.facebook.com\\\/tapasmagazine\",\"https:\\\/\\\/x.com\\\/TapasMagazine\",\"https:\\\/\\\/www.instagram.com\\\/tapasmagazine\\\/\",\"https:\\\/\\\/www.linkedin.com\\\/company\\\/tapas-magazine\",\"https:\\\/\\\/es.pinterest.com\\\/tapasmagazine\\\/\",\"https:\\\/\\\/www.youtube.com\\\/channel\\\/UCEyxneAaACuR0lfDagrWjjg?sub_confirmation=1\"]},{\"@type\":\"Person\",\"@id\":\"https:\\\/\\\/www.tapasmagazine.es\\\/#\\\/schema\\\/person\\\/8bf373b672ffa6f78a076c90acdfaf26\",\"name\":\"Tapas\",\"url\":\"https:\\\/\\\/www.tapasmagazine.es\\\/en\\\/author\\\/spainmediaweb-tapas\\\/\"}]}<\/script>\n<!-- \/ Yoast SEO plugin. -->","yoast_head_json":{"title":"This is the brewery where Prince Harry celebrated his birthday - Tapas","description":"Click here to read the English version Prince Harry\u00a0has turned\u00a039 together with his wife, Meghan Markle.\u00a0In the midst of the controversial relationship","robots":{"index":"index","follow":"follow","max-snippet":"max-snippet:-1","max-image-preview":"max-image-preview:large","max-video-preview":"max-video-preview:-1"},"canonical":"https:\/\/www.tapasmagazine.es\/en\/this-is-the-brewery-where-prince-harry-celebrated-his-birthday\/","og_locale":"en_US","og_type":"article","og_title":"This is the brewery where Prince Harry celebrated his birthday - Tapas","og_description":"Click here to read the English version Prince Harry\u00a0has turned\u00a039 together with his wife, Meghan Markle.\u00a0In the midst of the controversial relationship","og_url":"https:\/\/www.tapasmagazine.es\/en\/this-is-the-brewery-where-prince-harry-celebrated-his-birthday\/","og_site_name":"Tapas","article_publisher":"https:\/\/www.facebook.com\/tapasmagazine","article_published_time":"2023-09-15T16:24:05+00:00","article_modified_time":"2023-09-15T16:33:31+00:00","og_image":[{"width":1638,"height":921,"url":"https:\/\/www.tapasmagazine.es\/wp-content\/uploads\/2023\/09\/NYPICHPDPICT000039582876-fotor-20230915182026.png","type":"image\/png"}],"author":"Tapas","twitter_card":"summary_large_image","twitter_creator":"@TapasMagazine","twitter_site":"@TapasMagazine","twitter_misc":{"Written by":"Tapas","Est. reading time":"2 minutes"},"schema":{"@context":"https:\/\/schema.org","@graph":[{"@type":"Article","@id":"https:\/\/www.tapasmagazine.es\/en\/this-is-the-brewery-where-prince-harry-celebrated-his-birthday\/#article","isPartOf":{"@id":"https:\/\/www.tapasmagazine.es\/en\/this-is-the-brewery-where-prince-harry-celebrated-his-birthday\/"},"author":{"name":"Tapas","@id":"https:\/\/www.tapasmagazine.es\/#\/schema\/person\/8bf373b672ffa6f78a076c90acdfaf26"},"headline":"This is the brewery where Prince Harry celebrated his birthday","datePublished":"2023-09-15T16:24:05+00:00","dateModified":"2023-09-15T16:33:31+00:00","mainEntityOfPage":{"@id":"https:\/\/www.tapasmagazine.es\/en\/this-is-the-brewery-where-prince-harry-celebrated-his-birthday\/"},"wordCount":304,"commentCount":0,"publisher":{"@id":"https:\/\/www.tapasmagazine.es\/#organization"},"image":{"@id":"https:\/\/www.tapasmagazine.es\/en\/this-is-the-brewery-where-prince-harry-celebrated-his-birthday\/#primaryimage"},"thumbnailUrl":"https:\/\/www.tapasmagazine.es\/wp-content\/uploads\/2023\/09\/NYPICHPDPICT000039582876-fotor-20230915182026.png","keywords":["alem\u00e1n","Cervecer\u00eda","Meghan Markle","pr\u00edncipe Harry","restaurante"],"articleSection":["Gastro"],"inLanguage":"en-US","potentialAction":[{"@type":"CommentAction","name":"Comment","target":["https:\/\/www.tapasmagazine.es\/en\/this-is-the-brewery-where-prince-harry-celebrated-his-birthday\/#respond"]}]},{"@type":"WebPage","@id":"https:\/\/www.tapasmagazine.es\/en\/this-is-the-brewery-where-prince-harry-celebrated-his-birthday\/","url":"https:\/\/www.tapasmagazine.es\/en\/this-is-the-brewery-where-prince-harry-celebrated-his-birthday\/","name":"This is the brewery where Prince Harry celebrated his birthday - Tapas","isPartOf":{"@id":"https:\/\/www.tapasmagazine.es\/#website"},"primaryImageOfPage":{"@id":"https:\/\/www.tapasmagazine.es\/en\/this-is-the-brewery-where-prince-harry-celebrated-his-birthday\/#primaryimage"},"image":{"@id":"https:\/\/www.tapasmagazine.es\/en\/this-is-the-brewery-where-prince-harry-celebrated-his-birthday\/#primaryimage"},"thumbnailUrl":"https:\/\/www.tapasmagazine.es\/wp-content\/uploads\/2023\/09\/NYPICHPDPICT000039582876-fotor-20230915182026.png","datePublished":"2023-09-15T16:24:05+00:00","dateModified":"2023-09-15T16:33:31+00:00","description":"Click here to read the English version Prince Harry\u00a0has turned\u00a039 together with his wife, Meghan Markle.\u00a0In the midst of the controversial relationship","breadcrumb":{"@id":"https:\/\/www.tapasmagazine.es\/en\/this-is-the-brewery-where-prince-harry-celebrated-his-birthday\/#breadcrumb"},"inLanguage":"en-US","potentialAction":[{"@type":"ReadAction","target":["https:\/\/www.tapasmagazine.es\/en\/this-is-the-brewery-where-prince-harry-celebrated-his-birthday\/"]}]},{"@type":"ImageObject","inLanguage":"en-US","@id":"https:\/\/www.tapasmagazine.es\/en\/this-is-the-brewery-where-prince-harry-celebrated-his-birthday\/#primaryimage","url":"https:\/\/www.tapasmagazine.es\/wp-content\/uploads\/2023\/09\/NYPICHPDPICT000039582876-fotor-20230915182026.png","contentUrl":"https:\/\/www.tapasmagazine.es\/wp-content\/uploads\/2023\/09\/NYPICHPDPICT000039582876-fotor-20230915182026.png","width":1638,"height":921},{"@type":"BreadcrumbList","@id":"https:\/\/www.tapasmagazine.es\/en\/this-is-the-brewery-where-prince-harry-celebrated-his-birthday\/#breadcrumb","itemListElement":[{"@type":"ListItem","position":1,"name":"Portada","item":"https:\/\/www.tapasmagazine.es\/"},{"@type":"ListItem","position":2,"name":"Gastro","item":"https:\/\/www.tapasmagazine.es\/en\/categorias\/gastro-en\/"},{"@type":"ListItem","position":3,"name":"This is the brewery where Prince Harry celebrated his birthday"}]},{"@type":"WebSite","@id":"https:\/\/www.tapasmagazine.es\/#website","url":"https:\/\/www.tapasmagazine.es\/","name":"Tapas","description":"\u00d1am \u00d1am Lifestyle. La vida a bocados. Premio Nacional de Gastronom\u00eda 2016.","publisher":{"@id":"https:\/\/www.tapasmagazine.es\/#organization"},"potentialAction":[{"@type":"SearchAction","target":{"@type":"EntryPoint","urlTemplate":"https:\/\/www.tapasmagazine.es\/?s={search_term_string}"},"query-input":{"@type":"PropertyValueSpecification","valueRequired":true,"valueName":"search_term_string"}}],"inLanguage":"en-US"},{"@type":"Organization","@id":"https:\/\/www.tapasmagazine.es\/#organization","name":"Tapas Magazine","url":"https:\/\/www.tapasmagazine.es\/","logo":{"@type":"ImageObject","inLanguage":"en-US","@id":"https:\/\/www.tapasmagazine.es\/#\/schema\/logo\/image\/","url":"https:\/\/www.tapasmagazine.es\/wp-content\/uploads\/2018\/01\/logo.png","contentUrl":"https:\/\/www.tapasmagazine.es\/wp-content\/uploads\/2018\/01\/logo.png","width":180,"height":60,"caption":"Tapas Magazine"},"image":{"@id":"https:\/\/www.tapasmagazine.es\/#\/schema\/logo\/image\/"},"sameAs":["https:\/\/www.facebook.com\/tapasmagazine","https:\/\/x.com\/TapasMagazine","https:\/\/www.instagram.com\/tapasmagazine\/","https:\/\/www.linkedin.com\/company\/tapas-magazine","https:\/\/es.pinterest.com\/tapasmagazine\/","https:\/\/www.youtube.com\/channel\/UCEyxneAaACuR0lfDagrWjjg?sub_confirmation=1"]},{"@type":"Person","@id":"https:\/\/www.tapasmagazine.es\/#\/schema\/person\/8bf373b672ffa6f78a076c90acdfaf26","name":"Tapas","url":"https:\/\/www.tapasmagazine.es\/en\/author\/spainmediaweb-tapas\/"}]}},"_links":{"self":[{"href":"https:\/\/www.tapasmagazine.es\/en\/wp-json\/wp\/v2\/posts\/208225","targetHints":{"allow":["GET"]}}],"collection":[{"href":"https:\/\/www.tapasmagazine.es\/en\/wp-json\/wp\/v2\/posts"}],"about":[{"href":"https:\/\/www.tapasmagazine.es\/en\/wp-json\/wp\/v2\/types\/post"}],"author":[{"embeddable":true,"href":"https:\/\/www.tapasmagazine.es\/en\/wp-json\/wp\/v2\/users\/23"}],"replies":[{"embeddable":true,"href":"https:\/\/www.tapasmagazine.es\/en\/wp-json\/wp\/v2\/comments?post=208225"}],"version-history":[{"count":3,"href":"https:\/\/www.tapasmagazine.es\/en\/wp-json\/wp\/v2\/posts\/208225\/revisions"}],"predecessor-version":[{"id":208231,"href":"https:\/\/www.tapasmagazine.es\/en\/wp-json\/wp\/v2\/posts\/208225\/revisions\/208231"}],"wp:featuredmedia":[{"embeddable":true,"href":"https:\/\/www.tapasmagazine.es\/en\/wp-json\/wp\/v2\/media\/208223"}],"wp:attachment":[{"href":"https:\/\/www.tapasmagazine.es\/en\/wp-json\/wp\/v2\/media?parent=208225"}],"wp:term":[{"taxonomy":"category","embeddable":true,"href":"https:\/\/www.tapasmagazine.es\/en\/wp-json\/wp\/v2\/categories?post=208225"},{"taxonomy":"post_tag","embeddable":true,"href":"https:\/\/www.tapasmagazine.es\/en\/wp-json\/wp\/v2\/tags?post=208225"}],"curies":[{"name":"wp","href":"https:\/\/api.w.org\/{rel}","templated":true}]}}