{"id":207556,"date":"2023-09-13T11:43:38","date_gmt":"2023-09-13T09:43:38","guid":{"rendered":"https:\/\/www.tapasmagazine.es\/nace-spainmedia-food-business-con-jose-de-isasa-como-director-de-desarrollo-de-negocio\/"},"modified":"2023-09-13T12:15:03","modified_gmt":"2023-09-13T10:15:03","slug":"spainmedia-food-business-born-with-jose-de-isasa-as-business-development-director","status":"publish","type":"post","link":"https:\/\/www.tapasmagazine.es\/en\/spainmedia-food-business-born-with-jose-de-isasa-as-business-development-director\/","title":{"rendered":"SpainMedia &#8216;Food&amp;Business&#8217; born with Jos\u00e9 de Isasa as Business Development Director"},"content":{"rendered":"\n<p><strong>Click <a href=\"https:\/\/www.tapasmagazine.es\/nace-spainmedia-food-business-con-jose-de-isasa-como-director-de-desarrollo-de-negocio\/\" target=\"_blank\" rel=\"noreferrer noopener\">here<\/a> to read the Spanish version.<\/strong><br>SpainMedia, the publishing group behind renowned publications such as <a href=\"https:\/\/forbes.es\/\" target=\"_blank\" rel=\"noreferrer noopener\">Forbes<\/a>, Tapas Magazine and <a href=\"https:\/\/highxtar.com\/\" target=\"_blank\" rel=\"noreferrer noopener\">Highxtar<\/a>, announces the launch of its new business line SpainMedia Food &amp; Business, an initiative that fuses the company&#8217;s passion for gastronomy with its entrepreneurial vision, creating unique experiences for clients.<\/p>\n\n\n\n<p>This is a further step towards strategic expansion in the food sector, which implies that, under the umbrella of SpainMedia Food &amp; Business, new business formats will be created and developed that will change the way we interact with the sector.<\/p>\n\n\n\n<p>One of SpainMedia&#8217;s most valuable assets in this new business venture is Tapas Magazine, an established brand and a national benchmark in the lifestyle and food world. Its knowledge in the exploration of culinary trends and experiences will be a key tool in the creation of innovative models that SpainMedia Food &amp; Business will offer.<\/p>\n\n\n\n<p>With a focus on innovation, sustainability and the latest trends, Forbes Espa\u00f1a and Highxtar will also help define this new line of business. As the culinary world continues to captivate an ever-widening audience, this expansion is a natural step for SpainMedia to remain at the forefront of our country&#8217;s gastronomic industry.<\/p>\n\n\n\n<h3 class=\"wp-block-heading\">Jos\u00e9 de Isasa, new Business Development Director at SpainMedia Food &amp; Business<\/h3>\n\n\n\n<p>To lead this initiative, SpainMedia has hired Jos\u00e9 de Isasa as Business Development Director of SpainMedia Food &amp; Business.<\/p>\n\n\n\n<p>Jos\u00e9 de Isasa has more than 25 years of experience in multinational companies, mainly in media and entertainment. With a degree in Business Administration from Universidad Carlos III, he has specialized in marketing, communication and corporate diplomacy, with a Master&#8217;s degree in Marketing Management from IE Business School and a Master&#8217;s degree in Digital Business from ISDI, as well as a cooking diploma from Le Cordon Bleu.<\/p>\n\n\n\n<p>Before joining SpainMedia, he contributed to the important impact that MasterChef has had on the gastronomic industry in Spain and Portugal, from his position as Director of Communications and Digital at Shine Iberia, producer of the format. In addition, his work at TheFork as Director of Institutional Relations, and at Cuyna, as Director of Marketing and Communication, have made him an essential agent in the restaurant industry in our country.<\/p>\n\n\n\n<p>Previously, he was deputy director of communications at PRISA and has actively contributed to the development of the gastronomic entrepreneurial fabric by launching and directing Madrid Food Innovation Hub, the first center for innovation and entrepreneurship in foodtech of the Madrid City Council.<\/p>\n","protected":false},"excerpt":{"rendered":"<p>Click here to read the Spanish version.SpainMedia, the publishing group behind renowned publications such as Forbes, Tapas Magazine and Highxtar, announces the launch of its new business line SpainMedia Food &amp; Business, an initiative that fuses the company&#8217;s passion for gastronomy with its entrepreneurial vision, creating unique experiences for clients. This is a further step [&hellip;]<\/p>\n","protected":false},"author":249,"featured_media":207554,"comment_status":"open","ping_status":"closed","sticky":false,"template":"single-feature.php","format":"standard","meta":{"_acf_changed":false,"footnotes":""},"categories":[15802],"tags":[18289,18290],"class_list":["post-207556","post","type-post","status-publish","format-standard","has-post-thumbnail","hentry","category-news","tag-nombramientos-en","tag-spainmedia-en","cat-15802-id"],"acf":[],"yoast_head":"<!-- This site is optimized with the Yoast SEO plugin v27.4 - https:\/\/yoast.com\/product\/yoast-seo-wordpress\/ -->\n<title>SpainMedia &#039;Food&amp;Business&#039; born with Jos\u00e9 de Isasa as Business Development Director<\/title>\n<meta name=\"description\" content=\"SpainMedia launches its new business line &#039;Food&amp;Business&#039; aimed at promoting new formats in the food sector, with Jos\u00e9 de Isasa as business development director.\" \/>\n<meta name=\"robots\" content=\"index, follow, max-snippet:-1, max-image-preview:large, max-video-preview:-1\" \/>\n<link rel=\"canonical\" href=\"https:\/\/www.tapasmagazine.es\/en\/spainmedia-food-business-born-with-jose-de-isasa-as-business-development-director\/\" \/>\n<meta property=\"og:locale\" content=\"en_US\" \/>\n<meta property=\"og:type\" content=\"article\" \/>\n<meta property=\"og:title\" content=\"SpainMedia &#039;Food&amp;Business&#039; born with Jos\u00e9 de Isasa as Business Development Director\" \/>\n<meta property=\"og:description\" content=\"SpainMedia launches its new business line &#039;Food&amp;Business&#039; aimed at promoting new formats in the food sector, with Jos\u00e9 de Isasa as business development director.\" \/>\n<meta property=\"og:url\" content=\"https:\/\/www.tapasmagazine.es\/en\/spainmedia-food-business-born-with-jose-de-isasa-as-business-development-director\/\" \/>\n<meta property=\"og:site_name\" content=\"Tapas\" \/>\n<meta property=\"article:publisher\" content=\"https:\/\/www.facebook.com\/tapasmagazine\" \/>\n<meta property=\"article:published_time\" content=\"2023-09-13T09:43:38+00:00\" \/>\n<meta property=\"article:modified_time\" content=\"2023-09-13T10:15:03+00:00\" \/>\n<meta property=\"og:image\" content=\"https:\/\/www.tapasmagazine.es\/wp-content\/uploads\/2023\/09\/jose-isasa-spainmedia-food-business-1.jpg\" \/>\n\t<meta property=\"og:image:width\" content=\"1200\" \/>\n\t<meta property=\"og:image:height\" content=\"675\" \/>\n\t<meta property=\"og:image:type\" content=\"image\/jpeg\" \/>\n<meta name=\"author\" content=\"TAPAS\" \/>\n<meta name=\"twitter:card\" content=\"summary_large_image\" \/>\n<meta name=\"twitter:creator\" content=\"@TapasMagazine\" \/>\n<meta name=\"twitter:site\" content=\"@TapasMagazine\" \/>\n<meta name=\"twitter:label1\" content=\"Written by\" \/>\n\t<meta name=\"twitter:data1\" content=\"TAPAS\" \/>\n\t<meta name=\"twitter:label2\" content=\"Est. reading time\" \/>\n\t<meta name=\"twitter:data2\" content=\"2 minutes\" \/>\n<script type=\"application\/ld+json\" class=\"yoast-schema-graph\">{\"@context\":\"https:\\\/\\\/schema.org\",\"@graph\":[{\"@type\":\"Article\",\"@id\":\"https:\\\/\\\/www.tapasmagazine.es\\\/en\\\/spainmedia-food-business-born-with-jose-de-isasa-as-business-development-director\\\/#article\",\"isPartOf\":{\"@id\":\"https:\\\/\\\/www.tapasmagazine.es\\\/en\\\/spainmedia-food-business-born-with-jose-de-isasa-as-business-development-director\\\/\"},\"author\":{\"name\":\"TAPAS\",\"@id\":\"https:\\\/\\\/www.tapasmagazine.es\\\/#\\\/schema\\\/person\\\/906ea2ea4697837608d99f4cc085cea3\"},\"headline\":\"SpainMedia &#8216;Food&amp;Business&#8217; born with Jos\u00e9 de Isasa as Business Development Director\",\"datePublished\":\"2023-09-13T09:43:38+00:00\",\"dateModified\":\"2023-09-13T10:15:03+00:00\",\"mainEntityOfPage\":{\"@id\":\"https:\\\/\\\/www.tapasmagazine.es\\\/en\\\/spainmedia-food-business-born-with-jose-de-isasa-as-business-development-director\\\/\"},\"wordCount\":427,\"commentCount\":0,\"publisher\":{\"@id\":\"https:\\\/\\\/www.tapasmagazine.es\\\/#organization\"},\"image\":{\"@id\":\"https:\\\/\\\/www.tapasmagazine.es\\\/en\\\/spainmedia-food-business-born-with-jose-de-isasa-as-business-development-director\\\/#primaryimage\"},\"thumbnailUrl\":\"https:\\\/\\\/www.tapasmagazine.es\\\/wp-content\\\/uploads\\\/2023\\\/09\\\/jose-isasa-spainmedia-food-business-1.jpg\",\"keywords\":[\"nombramientos\",\"Spainmedia\"],\"articleSection\":[\"News\"],\"inLanguage\":\"en-US\",\"potentialAction\":[{\"@type\":\"CommentAction\",\"name\":\"Comment\",\"target\":[\"https:\\\/\\\/www.tapasmagazine.es\\\/en\\\/spainmedia-food-business-born-with-jose-de-isasa-as-business-development-director\\\/#respond\"]}]},{\"@type\":\"WebPage\",\"@id\":\"https:\\\/\\\/www.tapasmagazine.es\\\/en\\\/spainmedia-food-business-born-with-jose-de-isasa-as-business-development-director\\\/\",\"url\":\"https:\\\/\\\/www.tapasmagazine.es\\\/en\\\/spainmedia-food-business-born-with-jose-de-isasa-as-business-development-director\\\/\",\"name\":\"SpainMedia 'Food&amp;Business' born with Jos\u00e9 de Isasa as Business Development Director\",\"isPartOf\":{\"@id\":\"https:\\\/\\\/www.tapasmagazine.es\\\/#website\"},\"primaryImageOfPage\":{\"@id\":\"https:\\\/\\\/www.tapasmagazine.es\\\/en\\\/spainmedia-food-business-born-with-jose-de-isasa-as-business-development-director\\\/#primaryimage\"},\"image\":{\"@id\":\"https:\\\/\\\/www.tapasmagazine.es\\\/en\\\/spainmedia-food-business-born-with-jose-de-isasa-as-business-development-director\\\/#primaryimage\"},\"thumbnailUrl\":\"https:\\\/\\\/www.tapasmagazine.es\\\/wp-content\\\/uploads\\\/2023\\\/09\\\/jose-isasa-spainmedia-food-business-1.jpg\",\"datePublished\":\"2023-09-13T09:43:38+00:00\",\"dateModified\":\"2023-09-13T10:15:03+00:00\",\"description\":\"SpainMedia launches its new business line 'Food&Business' aimed at promoting new formats in the food sector, with Jos\u00e9 de Isasa as business development director.\",\"breadcrumb\":{\"@id\":\"https:\\\/\\\/www.tapasmagazine.es\\\/en\\\/spainmedia-food-business-born-with-jose-de-isasa-as-business-development-director\\\/#breadcrumb\"},\"inLanguage\":\"en-US\",\"potentialAction\":[{\"@type\":\"ReadAction\",\"target\":[\"https:\\\/\\\/www.tapasmagazine.es\\\/en\\\/spainmedia-food-business-born-with-jose-de-isasa-as-business-development-director\\\/\"]}]},{\"@type\":\"ImageObject\",\"inLanguage\":\"en-US\",\"@id\":\"https:\\\/\\\/www.tapasmagazine.es\\\/en\\\/spainmedia-food-business-born-with-jose-de-isasa-as-business-development-director\\\/#primaryimage\",\"url\":\"https:\\\/\\\/www.tapasmagazine.es\\\/wp-content\\\/uploads\\\/2023\\\/09\\\/jose-isasa-spainmedia-food-business-1.jpg\",\"contentUrl\":\"https:\\\/\\\/www.tapasmagazine.es\\\/wp-content\\\/uploads\\\/2023\\\/09\\\/jose-isasa-spainmedia-food-business-1.jpg\",\"width\":1200,\"height\":675},{\"@type\":\"BreadcrumbList\",\"@id\":\"https:\\\/\\\/www.tapasmagazine.es\\\/en\\\/spainmedia-food-business-born-with-jose-de-isasa-as-business-development-director\\\/#breadcrumb\",\"itemListElement\":[{\"@type\":\"ListItem\",\"position\":1,\"name\":\"Portada\",\"item\":\"https:\\\/\\\/www.tapasmagazine.es\\\/\"},{\"@type\":\"ListItem\",\"position\":2,\"name\":\"News\",\"item\":\"https:\\\/\\\/www.tapasmagazine.es\\\/en\\\/categorias\\\/news\\\/\"},{\"@type\":\"ListItem\",\"position\":3,\"name\":\"SpainMedia &#8216;Food&amp;Business&#8217; born with Jos\u00e9 de Isasa as Business Development Director\"}]},{\"@type\":\"WebSite\",\"@id\":\"https:\\\/\\\/www.tapasmagazine.es\\\/#website\",\"url\":\"https:\\\/\\\/www.tapasmagazine.es\\\/\",\"name\":\"Tapas\",\"description\":\"\u00d1am \u00d1am Lifestyle. La vida a bocados. Premio Nacional de Gastronom\u00eda 2016.\",\"publisher\":{\"@id\":\"https:\\\/\\\/www.tapasmagazine.es\\\/#organization\"},\"potentialAction\":[{\"@type\":\"SearchAction\",\"target\":{\"@type\":\"EntryPoint\",\"urlTemplate\":\"https:\\\/\\\/www.tapasmagazine.es\\\/?s={search_term_string}\"},\"query-input\":{\"@type\":\"PropertyValueSpecification\",\"valueRequired\":true,\"valueName\":\"search_term_string\"}}],\"inLanguage\":\"en-US\"},{\"@type\":\"Organization\",\"@id\":\"https:\\\/\\\/www.tapasmagazine.es\\\/#organization\",\"name\":\"Tapas Magazine\",\"url\":\"https:\\\/\\\/www.tapasmagazine.es\\\/\",\"logo\":{\"@type\":\"ImageObject\",\"inLanguage\":\"en-US\",\"@id\":\"https:\\\/\\\/www.tapasmagazine.es\\\/#\\\/schema\\\/logo\\\/image\\\/\",\"url\":\"https:\\\/\\\/www.tapasmagazine.es\\\/wp-content\\\/uploads\\\/2018\\\/01\\\/logo.png\",\"contentUrl\":\"https:\\\/\\\/www.tapasmagazine.es\\\/wp-content\\\/uploads\\\/2018\\\/01\\\/logo.png\",\"width\":180,\"height\":60,\"caption\":\"Tapas Magazine\"},\"image\":{\"@id\":\"https:\\\/\\\/www.tapasmagazine.es\\\/#\\\/schema\\\/logo\\\/image\\\/\"},\"sameAs\":[\"https:\\\/\\\/www.facebook.com\\\/tapasmagazine\",\"https:\\\/\\\/x.com\\\/TapasMagazine\",\"https:\\\/\\\/www.instagram.com\\\/tapasmagazine\\\/\",\"https:\\\/\\\/www.linkedin.com\\\/company\\\/tapas-magazine\",\"https:\\\/\\\/es.pinterest.com\\\/tapasmagazine\\\/\",\"https:\\\/\\\/www.youtube.com\\\/channel\\\/UCEyxneAaACuR0lfDagrWjjg?sub_confirmation=1\"]},{\"@type\":\"Person\",\"@id\":\"https:\\\/\\\/www.tapasmagazine.es\\\/#\\\/schema\\\/person\\\/906ea2ea4697837608d99f4cc085cea3\",\"name\":\"TAPAS\",\"url\":\"https:\\\/\\\/www.tapasmagazine.es\\\/en\\\/author\\\/tapas\\\/\"}]}<\/script>\n<!-- \/ Yoast SEO plugin. -->","yoast_head_json":{"title":"SpainMedia 'Food&amp;Business' born with Jos\u00e9 de Isasa as Business Development Director","description":"SpainMedia launches its new business line 'Food&Business' aimed at promoting new formats in the food sector, with Jos\u00e9 de Isasa as business development director.","robots":{"index":"index","follow":"follow","max-snippet":"max-snippet:-1","max-image-preview":"max-image-preview:large","max-video-preview":"max-video-preview:-1"},"canonical":"https:\/\/www.tapasmagazine.es\/en\/spainmedia-food-business-born-with-jose-de-isasa-as-business-development-director\/","og_locale":"en_US","og_type":"article","og_title":"SpainMedia 'Food&amp;Business' born with Jos\u00e9 de Isasa as Business Development Director","og_description":"SpainMedia launches its new business line 'Food&Business' aimed at promoting new formats in the food sector, with Jos\u00e9 de Isasa as business development director.","og_url":"https:\/\/www.tapasmagazine.es\/en\/spainmedia-food-business-born-with-jose-de-isasa-as-business-development-director\/","og_site_name":"Tapas","article_publisher":"https:\/\/www.facebook.com\/tapasmagazine","article_published_time":"2023-09-13T09:43:38+00:00","article_modified_time":"2023-09-13T10:15:03+00:00","og_image":[{"width":1200,"height":675,"url":"https:\/\/www.tapasmagazine.es\/wp-content\/uploads\/2023\/09\/jose-isasa-spainmedia-food-business-1.jpg","type":"image\/jpeg"}],"author":"TAPAS","twitter_card":"summary_large_image","twitter_creator":"@TapasMagazine","twitter_site":"@TapasMagazine","twitter_misc":{"Written by":"TAPAS","Est. reading time":"2 minutes"},"schema":{"@context":"https:\/\/schema.org","@graph":[{"@type":"Article","@id":"https:\/\/www.tapasmagazine.es\/en\/spainmedia-food-business-born-with-jose-de-isasa-as-business-development-director\/#article","isPartOf":{"@id":"https:\/\/www.tapasmagazine.es\/en\/spainmedia-food-business-born-with-jose-de-isasa-as-business-development-director\/"},"author":{"name":"TAPAS","@id":"https:\/\/www.tapasmagazine.es\/#\/schema\/person\/906ea2ea4697837608d99f4cc085cea3"},"headline":"SpainMedia &#8216;Food&amp;Business&#8217; born with Jos\u00e9 de Isasa as Business Development Director","datePublished":"2023-09-13T09:43:38+00:00","dateModified":"2023-09-13T10:15:03+00:00","mainEntityOfPage":{"@id":"https:\/\/www.tapasmagazine.es\/en\/spainmedia-food-business-born-with-jose-de-isasa-as-business-development-director\/"},"wordCount":427,"commentCount":0,"publisher":{"@id":"https:\/\/www.tapasmagazine.es\/#organization"},"image":{"@id":"https:\/\/www.tapasmagazine.es\/en\/spainmedia-food-business-born-with-jose-de-isasa-as-business-development-director\/#primaryimage"},"thumbnailUrl":"https:\/\/www.tapasmagazine.es\/wp-content\/uploads\/2023\/09\/jose-isasa-spainmedia-food-business-1.jpg","keywords":["nombramientos","Spainmedia"],"articleSection":["News"],"inLanguage":"en-US","potentialAction":[{"@type":"CommentAction","name":"Comment","target":["https:\/\/www.tapasmagazine.es\/en\/spainmedia-food-business-born-with-jose-de-isasa-as-business-development-director\/#respond"]}]},{"@type":"WebPage","@id":"https:\/\/www.tapasmagazine.es\/en\/spainmedia-food-business-born-with-jose-de-isasa-as-business-development-director\/","url":"https:\/\/www.tapasmagazine.es\/en\/spainmedia-food-business-born-with-jose-de-isasa-as-business-development-director\/","name":"SpainMedia 'Food&amp;Business' born with Jos\u00e9 de Isasa as Business Development Director","isPartOf":{"@id":"https:\/\/www.tapasmagazine.es\/#website"},"primaryImageOfPage":{"@id":"https:\/\/www.tapasmagazine.es\/en\/spainmedia-food-business-born-with-jose-de-isasa-as-business-development-director\/#primaryimage"},"image":{"@id":"https:\/\/www.tapasmagazine.es\/en\/spainmedia-food-business-born-with-jose-de-isasa-as-business-development-director\/#primaryimage"},"thumbnailUrl":"https:\/\/www.tapasmagazine.es\/wp-content\/uploads\/2023\/09\/jose-isasa-spainmedia-food-business-1.jpg","datePublished":"2023-09-13T09:43:38+00:00","dateModified":"2023-09-13T10:15:03+00:00","description":"SpainMedia launches its new business line 'Food&Business' aimed at promoting new formats in the food sector, with Jos\u00e9 de Isasa as business development director.","breadcrumb":{"@id":"https:\/\/www.tapasmagazine.es\/en\/spainmedia-food-business-born-with-jose-de-isasa-as-business-development-director\/#breadcrumb"},"inLanguage":"en-US","potentialAction":[{"@type":"ReadAction","target":["https:\/\/www.tapasmagazine.es\/en\/spainmedia-food-business-born-with-jose-de-isasa-as-business-development-director\/"]}]},{"@type":"ImageObject","inLanguage":"en-US","@id":"https:\/\/www.tapasmagazine.es\/en\/spainmedia-food-business-born-with-jose-de-isasa-as-business-development-director\/#primaryimage","url":"https:\/\/www.tapasmagazine.es\/wp-content\/uploads\/2023\/09\/jose-isasa-spainmedia-food-business-1.jpg","contentUrl":"https:\/\/www.tapasmagazine.es\/wp-content\/uploads\/2023\/09\/jose-isasa-spainmedia-food-business-1.jpg","width":1200,"height":675},{"@type":"BreadcrumbList","@id":"https:\/\/www.tapasmagazine.es\/en\/spainmedia-food-business-born-with-jose-de-isasa-as-business-development-director\/#breadcrumb","itemListElement":[{"@type":"ListItem","position":1,"name":"Portada","item":"https:\/\/www.tapasmagazine.es\/"},{"@type":"ListItem","position":2,"name":"News","item":"https:\/\/www.tapasmagazine.es\/en\/categorias\/news\/"},{"@type":"ListItem","position":3,"name":"SpainMedia &#8216;Food&amp;Business&#8217; born with Jos\u00e9 de Isasa as Business Development Director"}]},{"@type":"WebSite","@id":"https:\/\/www.tapasmagazine.es\/#website","url":"https:\/\/www.tapasmagazine.es\/","name":"Tapas","description":"\u00d1am \u00d1am Lifestyle. La vida a bocados. Premio Nacional de Gastronom\u00eda 2016.","publisher":{"@id":"https:\/\/www.tapasmagazine.es\/#organization"},"potentialAction":[{"@type":"SearchAction","target":{"@type":"EntryPoint","urlTemplate":"https:\/\/www.tapasmagazine.es\/?s={search_term_string}"},"query-input":{"@type":"PropertyValueSpecification","valueRequired":true,"valueName":"search_term_string"}}],"inLanguage":"en-US"},{"@type":"Organization","@id":"https:\/\/www.tapasmagazine.es\/#organization","name":"Tapas Magazine","url":"https:\/\/www.tapasmagazine.es\/","logo":{"@type":"ImageObject","inLanguage":"en-US","@id":"https:\/\/www.tapasmagazine.es\/#\/schema\/logo\/image\/","url":"https:\/\/www.tapasmagazine.es\/wp-content\/uploads\/2018\/01\/logo.png","contentUrl":"https:\/\/www.tapasmagazine.es\/wp-content\/uploads\/2018\/01\/logo.png","width":180,"height":60,"caption":"Tapas Magazine"},"image":{"@id":"https:\/\/www.tapasmagazine.es\/#\/schema\/logo\/image\/"},"sameAs":["https:\/\/www.facebook.com\/tapasmagazine","https:\/\/x.com\/TapasMagazine","https:\/\/www.instagram.com\/tapasmagazine\/","https:\/\/www.linkedin.com\/company\/tapas-magazine","https:\/\/es.pinterest.com\/tapasmagazine\/","https:\/\/www.youtube.com\/channel\/UCEyxneAaACuR0lfDagrWjjg?sub_confirmation=1"]},{"@type":"Person","@id":"https:\/\/www.tapasmagazine.es\/#\/schema\/person\/906ea2ea4697837608d99f4cc085cea3","name":"TAPAS","url":"https:\/\/www.tapasmagazine.es\/en\/author\/tapas\/"}]}},"_links":{"self":[{"href":"https:\/\/www.tapasmagazine.es\/en\/wp-json\/wp\/v2\/posts\/207556","targetHints":{"allow":["GET"]}}],"collection":[{"href":"https:\/\/www.tapasmagazine.es\/en\/wp-json\/wp\/v2\/posts"}],"about":[{"href":"https:\/\/www.tapasmagazine.es\/en\/wp-json\/wp\/v2\/types\/post"}],"author":[{"embeddable":true,"href":"https:\/\/www.tapasmagazine.es\/en\/wp-json\/wp\/v2\/users\/249"}],"replies":[{"embeddable":true,"href":"https:\/\/www.tapasmagazine.es\/en\/wp-json\/wp\/v2\/comments?post=207556"}],"version-history":[{"count":3,"href":"https:\/\/www.tapasmagazine.es\/en\/wp-json\/wp\/v2\/posts\/207556\/revisions"}],"predecessor-version":[{"id":207559,"href":"https:\/\/www.tapasmagazine.es\/en\/wp-json\/wp\/v2\/posts\/207556\/revisions\/207559"}],"wp:featuredmedia":[{"embeddable":true,"href":"https:\/\/www.tapasmagazine.es\/en\/wp-json\/wp\/v2\/media\/207554"}],"wp:attachment":[{"href":"https:\/\/www.tapasmagazine.es\/en\/wp-json\/wp\/v2\/media?parent=207556"}],"wp:term":[{"taxonomy":"category","embeddable":true,"href":"https:\/\/www.tapasmagazine.es\/en\/wp-json\/wp\/v2\/categories?post=207556"},{"taxonomy":"post_tag","embeddable":true,"href":"https:\/\/www.tapasmagazine.es\/en\/wp-json\/wp\/v2\/tags?post=207556"}],"curies":[{"name":"wp","href":"https:\/\/api.w.org\/{rel}","templated":true}]}}