{"id":207518,"date":"2023-09-13T10:33:07","date_gmt":"2023-09-13T08:33:07","guid":{"rendered":"https:\/\/www.tapasmagazine.es\/ben-affleck-y-ice-spice-protagonizan-la-nueva-campana-de-dunkin\/"},"modified":"2023-09-13T10:36:27","modified_gmt":"2023-09-13T08:36:27","slug":"ben-affleck-and-ice-spice-star-in-a-new-dunkin-campaign","status":"publish","type":"post","link":"https:\/\/www.tapasmagazine.es\/en\/ben-affleck-and-ice-spice-star-in-a-new-dunkin-campaign\/","title":{"rendered":"Ben Affleck and Ice Spice star in new Dunkin&#8217; campaign"},"content":{"rendered":"\n<p><strong>Click <a href=\"https:\/\/www.tapasmagazine.es\/ben-affleck-y-ice-spice-protagonizan-la-nueva-campana-de-dunkin\/\" target=\"_blank\" rel=\"noreferrer noopener\">here<\/a> to read the Spanish version.<\/strong><\/p>\n\n\n\n<p><strong>Dunkin&#8217;<\/strong> is now collaborating with this unexpected celebrity duo to introduce its new fall beverage in an ad that aired Tuesday night during the MTV Video Music Awards. In the clip, <strong>Ice Spice<\/strong> and <strong>Affleck<\/strong> are sitting across from each other, trying to come up with a name for Dunkin&#8217;s upcoming drink.<\/p>\n\n\n\n<p>&#8216;We have to come up with a name for a drink, but it&#8217;s not easy, is it? Nowadays, with social media and kids, it has to be authentic. How are people going to relate you to Dunkin?&#8217; asks Affleck.<\/p>\n\n\n<div class=\"wp-block-image\">\n<figure class=\"aligncenter size-large is-resized\"><a href=\"https:\/\/www.tapasmagazine.es\/wp-content\/uploads\/2023\/09\/ben-affleck-ice-spice-dunkin-2.webp\"><img decoding=\"async\" src=\"https:\/\/www.tapasmagazine.es\/wp-content\/uploads\/2023\/09\/ben-affleck-ice-spice-dunkin-2-1024x682.webp\" alt=\"\" class=\"wp-image-207509\" style=\"width:996px;height:663px\" width=\"996\" height=\"663\" srcset=\"https:\/\/www.tapasmagazine.es\/wp-content\/uploads\/2023\/09\/ben-affleck-ice-spice-dunkin-2-1024x682.webp 1024w, https:\/\/www.tapasmagazine.es\/wp-content\/uploads\/2023\/09\/ben-affleck-ice-spice-dunkin-2-300x200.webp 300w, https:\/\/www.tapasmagazine.es\/wp-content\/uploads\/2023\/09\/ben-affleck-ice-spice-dunkin-2-768x511.webp 768w, https:\/\/www.tapasmagazine.es\/wp-content\/uploads\/2023\/09\/ben-affleck-ice-spice-dunkin-2-1000x666.webp 1000w, https:\/\/www.tapasmagazine.es\/wp-content\/uploads\/2023\/09\/ben-affleck-ice-spice-dunkin-2-400x266.webp 400w, https:\/\/www.tapasmagazine.es\/wp-content\/uploads\/2023\/09\/ben-affleck-ice-spice-dunkin-2.webp 1500w\" sizes=\"(max-width: 996px) 100vw, 996px\" \/><\/a><\/figure>\n<\/div>\n\n\n<p>&#8216;<strong>I&#8217;m a Dunkin&#8217; girl<\/strong> [&#8230;] My fans are the Munchkins. Ice Spice Munchkins Drink?&#8217;, referring both to the star product on the Dunkin&#8217; menu and to the name of her fan community &#8216;Munchkins&#8217;, linked to her first viral hit. A base on which the artist has created the Ice Spice Munchkins Drink, with a texture similar to that of a cookie and cream milkshake.<\/p>\n\n\n\n<p>The new Ice Spice shake for Dunkin&#8217; is thus made with ground pumpkin spice munchkins donuts. A creation that is illustrated in the ad co-starring Ben Affleck, who has repeatedly demonstrated his undying love for the franchise, and has even been the face of some of its spots.<\/p>\n\n\n\n<figure class=\"wp-block-embed is-type-video is-provider-youtube wp-block-embed-youtube wp-embed-aspect-16-9 wp-has-aspect-ratio\"><div class=\"wp-block-embed__wrapper\">\n<iframe title=\"&#039;Ice Spice Munchkins\u00ae Drink&#039; ft. Ben Affleck &amp; Ice Spice\" width=\"640\" height=\"360\" src=\"https:\/\/www.youtube.com\/embed\/3HrQoNSDBHc?feature=oembed\" frameborder=\"0\" allow=\"accelerometer; autoplay; clipboard-write; encrypted-media; gyroscope; picture-in-picture; web-share\" referrerpolicy=\"strict-origin-when-cross-origin\" allowfullscreen><\/iframe>\n<\/div><\/figure>\n\n\n\n<p>The video ends by revealing that the &#8216;<strong>Ice Spice Munchkins<\/strong>&#8216; drink will go on sale on Wednesday, <strong>September 13<\/strong>. All that&#8217;s left for us to do is to try it.<\/p>\n","protected":false},"excerpt":{"rendered":"<p>Click here to read the Spanish version. Dunkin&#8217; is now collaborating with this unexpected celebrity duo to introduce its new fall beverage in an ad that aired Tuesday night during the MTV Video Music Awards. In the clip, Ice Spice and Affleck are sitting across from each other, trying to come up with a name [&hellip;]<\/p>\n","protected":false},"author":285,"featured_media":207508,"comment_status":"open","ping_status":"closed","sticky":false,"template":"single-feature.php","format":"standard","meta":{"_acf_changed":false,"footnotes":""},"categories":[15802],"tags":[],"class_list":["post-207518","post","type-post","status-publish","format-standard","has-post-thumbnail","hentry","category-news","cat-15802-id"],"acf":[],"yoast_head":"<!-- This site is optimized with the Yoast SEO plugin v27.4 - https:\/\/yoast.com\/product\/yoast-seo-wordpress\/ -->\n<title>Ben Affleck and Ice Spice star in new Dunkin&#039; campaign - Tapas<\/title>\n<meta name=\"description\" content=\"Click here to read the Spanish version. Dunkin&#039; is now collaborating with this unexpected celebrity duo to introduce its new fall beverage in an ad that\" \/>\n<meta name=\"robots\" content=\"index, follow, max-snippet:-1, max-image-preview:large, max-video-preview:-1\" \/>\n<link rel=\"canonical\" href=\"https:\/\/www.tapasmagazine.es\/en\/ben-affleck-and-ice-spice-star-in-a-new-dunkin-campaign\/\" \/>\n<meta property=\"og:locale\" content=\"en_US\" \/>\n<meta property=\"og:type\" content=\"article\" \/>\n<meta property=\"og:title\" content=\"Ben Affleck and Ice Spice star in new Dunkin&#039; campaign - Tapas\" \/>\n<meta property=\"og:description\" content=\"Click here to read the Spanish version. Dunkin&#039; is now collaborating with this unexpected celebrity duo to introduce its new fall beverage in an ad that\" \/>\n<meta property=\"og:url\" content=\"https:\/\/www.tapasmagazine.es\/en\/ben-affleck-and-ice-spice-star-in-a-new-dunkin-campaign\/\" \/>\n<meta property=\"og:site_name\" content=\"Tapas\" \/>\n<meta property=\"article:publisher\" content=\"https:\/\/www.facebook.com\/tapasmagazine\" \/>\n<meta property=\"article:published_time\" content=\"2023-09-13T08:33:07+00:00\" \/>\n<meta property=\"article:modified_time\" content=\"2023-09-13T08:36:27+00:00\" \/>\n<meta property=\"og:image\" content=\"https:\/\/www.tapasmagazine.es\/wp-content\/uploads\/2023\/09\/ben-affleck-ice-spice-dunkin-1.jpg\" \/>\n\t<meta property=\"og:image:width\" content=\"1200\" \/>\n\t<meta property=\"og:image:height\" content=\"675\" \/>\n\t<meta property=\"og:image:type\" content=\"image\/jpeg\" \/>\n<meta name=\"author\" content=\"Laura P\u00e9rez\" \/>\n<meta name=\"twitter:card\" content=\"summary_large_image\" \/>\n<meta name=\"twitter:creator\" content=\"@TapasMagazine\" \/>\n<meta name=\"twitter:site\" content=\"@TapasMagazine\" \/>\n<meta name=\"twitter:label1\" content=\"Written by\" \/>\n\t<meta name=\"twitter:data1\" content=\"Laura P\u00e9rez\" \/>\n\t<meta name=\"twitter:label2\" content=\"Est. reading time\" \/>\n\t<meta name=\"twitter:data2\" content=\"2 minutes\" \/>\n<script type=\"application\/ld+json\" class=\"yoast-schema-graph\">{\"@context\":\"https:\\\/\\\/schema.org\",\"@graph\":[{\"@type\":\"Article\",\"@id\":\"https:\\\/\\\/www.tapasmagazine.es\\\/en\\\/ben-affleck-and-ice-spice-star-in-a-new-dunkin-campaign\\\/#article\",\"isPartOf\":{\"@id\":\"https:\\\/\\\/www.tapasmagazine.es\\\/en\\\/ben-affleck-and-ice-spice-star-in-a-new-dunkin-campaign\\\/\"},\"author\":{\"name\":\"Laura P\u00e9rez\",\"@id\":\"https:\\\/\\\/www.tapasmagazine.es\\\/#\\\/schema\\\/person\\\/eb46cbe76a9c8f062660eb609e3ecb4e\"},\"headline\":\"Ben Affleck and Ice Spice star in new Dunkin&#8217; campaign\",\"datePublished\":\"2023-09-13T08:33:07+00:00\",\"dateModified\":\"2023-09-13T08:36:27+00:00\",\"mainEntityOfPage\":{\"@id\":\"https:\\\/\\\/www.tapasmagazine.es\\\/en\\\/ben-affleck-and-ice-spice-star-in-a-new-dunkin-campaign\\\/\"},\"wordCount\":259,\"commentCount\":0,\"publisher\":{\"@id\":\"https:\\\/\\\/www.tapasmagazine.es\\\/#organization\"},\"image\":{\"@id\":\"https:\\\/\\\/www.tapasmagazine.es\\\/en\\\/ben-affleck-and-ice-spice-star-in-a-new-dunkin-campaign\\\/#primaryimage\"},\"thumbnailUrl\":\"https:\\\/\\\/www.tapasmagazine.es\\\/wp-content\\\/uploads\\\/2023\\\/09\\\/ben-affleck-ice-spice-dunkin-1.jpg\",\"articleSection\":[\"News\"],\"inLanguage\":\"en-US\",\"potentialAction\":[{\"@type\":\"CommentAction\",\"name\":\"Comment\",\"target\":[\"https:\\\/\\\/www.tapasmagazine.es\\\/en\\\/ben-affleck-and-ice-spice-star-in-a-new-dunkin-campaign\\\/#respond\"]}]},{\"@type\":\"WebPage\",\"@id\":\"https:\\\/\\\/www.tapasmagazine.es\\\/en\\\/ben-affleck-and-ice-spice-star-in-a-new-dunkin-campaign\\\/\",\"url\":\"https:\\\/\\\/www.tapasmagazine.es\\\/en\\\/ben-affleck-and-ice-spice-star-in-a-new-dunkin-campaign\\\/\",\"name\":\"Ben Affleck and Ice Spice star in new Dunkin' campaign - Tapas\",\"isPartOf\":{\"@id\":\"https:\\\/\\\/www.tapasmagazine.es\\\/#website\"},\"primaryImageOfPage\":{\"@id\":\"https:\\\/\\\/www.tapasmagazine.es\\\/en\\\/ben-affleck-and-ice-spice-star-in-a-new-dunkin-campaign\\\/#primaryimage\"},\"image\":{\"@id\":\"https:\\\/\\\/www.tapasmagazine.es\\\/en\\\/ben-affleck-and-ice-spice-star-in-a-new-dunkin-campaign\\\/#primaryimage\"},\"thumbnailUrl\":\"https:\\\/\\\/www.tapasmagazine.es\\\/wp-content\\\/uploads\\\/2023\\\/09\\\/ben-affleck-ice-spice-dunkin-1.jpg\",\"datePublished\":\"2023-09-13T08:33:07+00:00\",\"dateModified\":\"2023-09-13T08:36:27+00:00\",\"description\":\"Click here to read the Spanish version. Dunkin' is now collaborating with this unexpected celebrity duo to introduce its new fall beverage in an ad that\",\"breadcrumb\":{\"@id\":\"https:\\\/\\\/www.tapasmagazine.es\\\/en\\\/ben-affleck-and-ice-spice-star-in-a-new-dunkin-campaign\\\/#breadcrumb\"},\"inLanguage\":\"en-US\",\"potentialAction\":[{\"@type\":\"ReadAction\",\"target\":[\"https:\\\/\\\/www.tapasmagazine.es\\\/en\\\/ben-affleck-and-ice-spice-star-in-a-new-dunkin-campaign\\\/\"]}]},{\"@type\":\"ImageObject\",\"inLanguage\":\"en-US\",\"@id\":\"https:\\\/\\\/www.tapasmagazine.es\\\/en\\\/ben-affleck-and-ice-spice-star-in-a-new-dunkin-campaign\\\/#primaryimage\",\"url\":\"https:\\\/\\\/www.tapasmagazine.es\\\/wp-content\\\/uploads\\\/2023\\\/09\\\/ben-affleck-ice-spice-dunkin-1.jpg\",\"contentUrl\":\"https:\\\/\\\/www.tapasmagazine.es\\\/wp-content\\\/uploads\\\/2023\\\/09\\\/ben-affleck-ice-spice-dunkin-1.jpg\",\"width\":1200,\"height\":675},{\"@type\":\"BreadcrumbList\",\"@id\":\"https:\\\/\\\/www.tapasmagazine.es\\\/en\\\/ben-affleck-and-ice-spice-star-in-a-new-dunkin-campaign\\\/#breadcrumb\",\"itemListElement\":[{\"@type\":\"ListItem\",\"position\":1,\"name\":\"Portada\",\"item\":\"https:\\\/\\\/www.tapasmagazine.es\\\/\"},{\"@type\":\"ListItem\",\"position\":2,\"name\":\"News\",\"item\":\"https:\\\/\\\/www.tapasmagazine.es\\\/en\\\/categorias\\\/news\\\/\"},{\"@type\":\"ListItem\",\"position\":3,\"name\":\"Ben Affleck and Ice Spice star in new Dunkin&#8217; campaign\"}]},{\"@type\":\"WebSite\",\"@id\":\"https:\\\/\\\/www.tapasmagazine.es\\\/#website\",\"url\":\"https:\\\/\\\/www.tapasmagazine.es\\\/\",\"name\":\"Tapas\",\"description\":\"\u00d1am \u00d1am Lifestyle. La vida a bocados. Premio Nacional de Gastronom\u00eda 2016.\",\"publisher\":{\"@id\":\"https:\\\/\\\/www.tapasmagazine.es\\\/#organization\"},\"potentialAction\":[{\"@type\":\"SearchAction\",\"target\":{\"@type\":\"EntryPoint\",\"urlTemplate\":\"https:\\\/\\\/www.tapasmagazine.es\\\/?s={search_term_string}\"},\"query-input\":{\"@type\":\"PropertyValueSpecification\",\"valueRequired\":true,\"valueName\":\"search_term_string\"}}],\"inLanguage\":\"en-US\"},{\"@type\":\"Organization\",\"@id\":\"https:\\\/\\\/www.tapasmagazine.es\\\/#organization\",\"name\":\"Tapas Magazine\",\"url\":\"https:\\\/\\\/www.tapasmagazine.es\\\/\",\"logo\":{\"@type\":\"ImageObject\",\"inLanguage\":\"en-US\",\"@id\":\"https:\\\/\\\/www.tapasmagazine.es\\\/#\\\/schema\\\/logo\\\/image\\\/\",\"url\":\"https:\\\/\\\/www.tapasmagazine.es\\\/wp-content\\\/uploads\\\/2018\\\/01\\\/logo.png\",\"contentUrl\":\"https:\\\/\\\/www.tapasmagazine.es\\\/wp-content\\\/uploads\\\/2018\\\/01\\\/logo.png\",\"width\":180,\"height\":60,\"caption\":\"Tapas Magazine\"},\"image\":{\"@id\":\"https:\\\/\\\/www.tapasmagazine.es\\\/#\\\/schema\\\/logo\\\/image\\\/\"},\"sameAs\":[\"https:\\\/\\\/www.facebook.com\\\/tapasmagazine\",\"https:\\\/\\\/x.com\\\/TapasMagazine\",\"https:\\\/\\\/www.instagram.com\\\/tapasmagazine\\\/\",\"https:\\\/\\\/www.linkedin.com\\\/company\\\/tapas-magazine\",\"https:\\\/\\\/es.pinterest.com\\\/tapasmagazine\\\/\",\"https:\\\/\\\/www.youtube.com\\\/channel\\\/UCEyxneAaACuR0lfDagrWjjg?sub_confirmation=1\"]},{\"@type\":\"Person\",\"@id\":\"https:\\\/\\\/www.tapasmagazine.es\\\/#\\\/schema\\\/person\\\/eb46cbe76a9c8f062660eb609e3ecb4e\",\"name\":\"Laura P\u00e9rez\",\"url\":\"https:\\\/\\\/www.tapasmagazine.es\\\/en\\\/author\\\/laura-perez\\\/\"}]}<\/script>\n<!-- \/ Yoast SEO plugin. -->","yoast_head_json":{"title":"Ben Affleck and Ice Spice star in new Dunkin' campaign - Tapas","description":"Click here to read the Spanish version. Dunkin' is now collaborating with this unexpected celebrity duo to introduce its new fall beverage in an ad that","robots":{"index":"index","follow":"follow","max-snippet":"max-snippet:-1","max-image-preview":"max-image-preview:large","max-video-preview":"max-video-preview:-1"},"canonical":"https:\/\/www.tapasmagazine.es\/en\/ben-affleck-and-ice-spice-star-in-a-new-dunkin-campaign\/","og_locale":"en_US","og_type":"article","og_title":"Ben Affleck and Ice Spice star in new Dunkin' campaign - Tapas","og_description":"Click here to read the Spanish version. Dunkin' is now collaborating with this unexpected celebrity duo to introduce its new fall beverage in an ad that","og_url":"https:\/\/www.tapasmagazine.es\/en\/ben-affleck-and-ice-spice-star-in-a-new-dunkin-campaign\/","og_site_name":"Tapas","article_publisher":"https:\/\/www.facebook.com\/tapasmagazine","article_published_time":"2023-09-13T08:33:07+00:00","article_modified_time":"2023-09-13T08:36:27+00:00","og_image":[{"width":1200,"height":675,"url":"https:\/\/www.tapasmagazine.es\/wp-content\/uploads\/2023\/09\/ben-affleck-ice-spice-dunkin-1.jpg","type":"image\/jpeg"}],"author":"Laura P\u00e9rez","twitter_card":"summary_large_image","twitter_creator":"@TapasMagazine","twitter_site":"@TapasMagazine","twitter_misc":{"Written by":"Laura P\u00e9rez","Est. reading time":"2 minutes"},"schema":{"@context":"https:\/\/schema.org","@graph":[{"@type":"Article","@id":"https:\/\/www.tapasmagazine.es\/en\/ben-affleck-and-ice-spice-star-in-a-new-dunkin-campaign\/#article","isPartOf":{"@id":"https:\/\/www.tapasmagazine.es\/en\/ben-affleck-and-ice-spice-star-in-a-new-dunkin-campaign\/"},"author":{"name":"Laura P\u00e9rez","@id":"https:\/\/www.tapasmagazine.es\/#\/schema\/person\/eb46cbe76a9c8f062660eb609e3ecb4e"},"headline":"Ben Affleck and Ice Spice star in new Dunkin&#8217; campaign","datePublished":"2023-09-13T08:33:07+00:00","dateModified":"2023-09-13T08:36:27+00:00","mainEntityOfPage":{"@id":"https:\/\/www.tapasmagazine.es\/en\/ben-affleck-and-ice-spice-star-in-a-new-dunkin-campaign\/"},"wordCount":259,"commentCount":0,"publisher":{"@id":"https:\/\/www.tapasmagazine.es\/#organization"},"image":{"@id":"https:\/\/www.tapasmagazine.es\/en\/ben-affleck-and-ice-spice-star-in-a-new-dunkin-campaign\/#primaryimage"},"thumbnailUrl":"https:\/\/www.tapasmagazine.es\/wp-content\/uploads\/2023\/09\/ben-affleck-ice-spice-dunkin-1.jpg","articleSection":["News"],"inLanguage":"en-US","potentialAction":[{"@type":"CommentAction","name":"Comment","target":["https:\/\/www.tapasmagazine.es\/en\/ben-affleck-and-ice-spice-star-in-a-new-dunkin-campaign\/#respond"]}]},{"@type":"WebPage","@id":"https:\/\/www.tapasmagazine.es\/en\/ben-affleck-and-ice-spice-star-in-a-new-dunkin-campaign\/","url":"https:\/\/www.tapasmagazine.es\/en\/ben-affleck-and-ice-spice-star-in-a-new-dunkin-campaign\/","name":"Ben Affleck and Ice Spice star in new Dunkin' campaign - Tapas","isPartOf":{"@id":"https:\/\/www.tapasmagazine.es\/#website"},"primaryImageOfPage":{"@id":"https:\/\/www.tapasmagazine.es\/en\/ben-affleck-and-ice-spice-star-in-a-new-dunkin-campaign\/#primaryimage"},"image":{"@id":"https:\/\/www.tapasmagazine.es\/en\/ben-affleck-and-ice-spice-star-in-a-new-dunkin-campaign\/#primaryimage"},"thumbnailUrl":"https:\/\/www.tapasmagazine.es\/wp-content\/uploads\/2023\/09\/ben-affleck-ice-spice-dunkin-1.jpg","datePublished":"2023-09-13T08:33:07+00:00","dateModified":"2023-09-13T08:36:27+00:00","description":"Click here to read the Spanish version. Dunkin' is now collaborating with this unexpected celebrity duo to introduce its new fall beverage in an ad that","breadcrumb":{"@id":"https:\/\/www.tapasmagazine.es\/en\/ben-affleck-and-ice-spice-star-in-a-new-dunkin-campaign\/#breadcrumb"},"inLanguage":"en-US","potentialAction":[{"@type":"ReadAction","target":["https:\/\/www.tapasmagazine.es\/en\/ben-affleck-and-ice-spice-star-in-a-new-dunkin-campaign\/"]}]},{"@type":"ImageObject","inLanguage":"en-US","@id":"https:\/\/www.tapasmagazine.es\/en\/ben-affleck-and-ice-spice-star-in-a-new-dunkin-campaign\/#primaryimage","url":"https:\/\/www.tapasmagazine.es\/wp-content\/uploads\/2023\/09\/ben-affleck-ice-spice-dunkin-1.jpg","contentUrl":"https:\/\/www.tapasmagazine.es\/wp-content\/uploads\/2023\/09\/ben-affleck-ice-spice-dunkin-1.jpg","width":1200,"height":675},{"@type":"BreadcrumbList","@id":"https:\/\/www.tapasmagazine.es\/en\/ben-affleck-and-ice-spice-star-in-a-new-dunkin-campaign\/#breadcrumb","itemListElement":[{"@type":"ListItem","position":1,"name":"Portada","item":"https:\/\/www.tapasmagazine.es\/"},{"@type":"ListItem","position":2,"name":"News","item":"https:\/\/www.tapasmagazine.es\/en\/categorias\/news\/"},{"@type":"ListItem","position":3,"name":"Ben Affleck and Ice Spice star in new Dunkin&#8217; campaign"}]},{"@type":"WebSite","@id":"https:\/\/www.tapasmagazine.es\/#website","url":"https:\/\/www.tapasmagazine.es\/","name":"Tapas","description":"\u00d1am \u00d1am Lifestyle. La vida a bocados. Premio Nacional de Gastronom\u00eda 2016.","publisher":{"@id":"https:\/\/www.tapasmagazine.es\/#organization"},"potentialAction":[{"@type":"SearchAction","target":{"@type":"EntryPoint","urlTemplate":"https:\/\/www.tapasmagazine.es\/?s={search_term_string}"},"query-input":{"@type":"PropertyValueSpecification","valueRequired":true,"valueName":"search_term_string"}}],"inLanguage":"en-US"},{"@type":"Organization","@id":"https:\/\/www.tapasmagazine.es\/#organization","name":"Tapas Magazine","url":"https:\/\/www.tapasmagazine.es\/","logo":{"@type":"ImageObject","inLanguage":"en-US","@id":"https:\/\/www.tapasmagazine.es\/#\/schema\/logo\/image\/","url":"https:\/\/www.tapasmagazine.es\/wp-content\/uploads\/2018\/01\/logo.png","contentUrl":"https:\/\/www.tapasmagazine.es\/wp-content\/uploads\/2018\/01\/logo.png","width":180,"height":60,"caption":"Tapas Magazine"},"image":{"@id":"https:\/\/www.tapasmagazine.es\/#\/schema\/logo\/image\/"},"sameAs":["https:\/\/www.facebook.com\/tapasmagazine","https:\/\/x.com\/TapasMagazine","https:\/\/www.instagram.com\/tapasmagazine\/","https:\/\/www.linkedin.com\/company\/tapas-magazine","https:\/\/es.pinterest.com\/tapasmagazine\/","https:\/\/www.youtube.com\/channel\/UCEyxneAaACuR0lfDagrWjjg?sub_confirmation=1"]},{"@type":"Person","@id":"https:\/\/www.tapasmagazine.es\/#\/schema\/person\/eb46cbe76a9c8f062660eb609e3ecb4e","name":"Laura P\u00e9rez","url":"https:\/\/www.tapasmagazine.es\/en\/author\/laura-perez\/"}]}},"_links":{"self":[{"href":"https:\/\/www.tapasmagazine.es\/en\/wp-json\/wp\/v2\/posts\/207518","targetHints":{"allow":["GET"]}}],"collection":[{"href":"https:\/\/www.tapasmagazine.es\/en\/wp-json\/wp\/v2\/posts"}],"about":[{"href":"https:\/\/www.tapasmagazine.es\/en\/wp-json\/wp\/v2\/types\/post"}],"author":[{"embeddable":true,"href":"https:\/\/www.tapasmagazine.es\/en\/wp-json\/wp\/v2\/users\/285"}],"replies":[{"embeddable":true,"href":"https:\/\/www.tapasmagazine.es\/en\/wp-json\/wp\/v2\/comments?post=207518"}],"version-history":[{"count":4,"href":"https:\/\/www.tapasmagazine.es\/en\/wp-json\/wp\/v2\/posts\/207518\/revisions"}],"predecessor-version":[{"id":207524,"href":"https:\/\/www.tapasmagazine.es\/en\/wp-json\/wp\/v2\/posts\/207518\/revisions\/207524"}],"wp:featuredmedia":[{"embeddable":true,"href":"https:\/\/www.tapasmagazine.es\/en\/wp-json\/wp\/v2\/media\/207508"}],"wp:attachment":[{"href":"https:\/\/www.tapasmagazine.es\/en\/wp-json\/wp\/v2\/media?parent=207518"}],"wp:term":[{"taxonomy":"category","embeddable":true,"href":"https:\/\/www.tapasmagazine.es\/en\/wp-json\/wp\/v2\/categories?post=207518"},{"taxonomy":"post_tag","embeddable":true,"href":"https:\/\/www.tapasmagazine.es\/en\/wp-json\/wp\/v2\/tags?post=207518"}],"curies":[{"name":"wp","href":"https:\/\/api.w.org\/{rel}","templated":true}]}}