{"id":207294,"date":"2023-09-12T11:32:06","date_gmt":"2023-09-12T09:32:06","guid":{"rendered":"https:\/\/www.tapasmagazine.es\/el-universo-de-arcteryx-se-expande-con-una-cafeteria-de-moda\/"},"modified":"2023-09-12T11:35:36","modified_gmt":"2023-09-12T09:35:36","slug":"arcteryx-universe-expands-with-a-trendy-coffe-shop","status":"publish","type":"post","link":"https:\/\/www.tapasmagazine.es\/en\/arcteryx-universe-expands-with-a-trendy-coffe-shop\/","title":{"rendered":"Arc&#8217;teryx universe expands with a trendy coffee shop"},"content":{"rendered":"\n<p><strong>Click <a href=\"https:\/\/www.tapasmagazine.es\/el-universo-de-arcteryx-se-expande-con-una-cafeteria-de-moda\/\" target=\"_blank\" rel=\"noreferrer noopener\">here<\/a> to read the Spanish version.<\/strong><\/p>\n\n\n\n<p>The Canadian brand that went beyond the niche sphere of climbers or hikers to become the it brand of fashion that now dresses all urban tribes, now climbs to another level with the opening of a cafeteria in its flagship store in the Shimsaibashi district of Osaka, the largest in Japan.<\/p>\n\n\n\n<p>These three floors dedicated to its entire imaginary and its cult pieces will now be crowned by the first Arc&#8217;teryx coffee shop, with new delights of the firm, but now in a gastronomic key.<\/p>\n\n\n\n<div class=\"wp-block-jetpack-slideshow aligncenter\" data-effect=\"slide\"><div class=\"wp-block-jetpack-slideshow_container swiper-container\"><ul class=\"wp-block-jetpack-slideshow_swiper-wrapper swiper-wrapper\"><li class=\"wp-block-jetpack-slideshow_slide swiper-slide\"><figure><img decoding=\"async\" width=\"2000\" height=\"1333\" alt=\"\" class=\"wp-block-jetpack-slideshow_image wp-image-207286\" data-id=\"207286\" src=\"https:\/\/www.tapasmagazine.es\/wp-content\/uploads\/2023\/09\/arcteryx-1.jpg\" srcset=\"https:\/\/www.tapasmagazine.es\/wp-content\/uploads\/2023\/09\/arcteryx-1.jpg 2000w, https:\/\/www.tapasmagazine.es\/wp-content\/uploads\/2023\/09\/arcteryx-1-300x200.jpg 300w, https:\/\/www.tapasmagazine.es\/wp-content\/uploads\/2023\/09\/arcteryx-1-1024x682.jpg 1024w, https:\/\/www.tapasmagazine.es\/wp-content\/uploads\/2023\/09\/arcteryx-1-768x512.jpg 768w, https:\/\/www.tapasmagazine.es\/wp-content\/uploads\/2023\/09\/arcteryx-1-1536x1024.jpg 1536w, https:\/\/www.tapasmagazine.es\/wp-content\/uploads\/2023\/09\/arcteryx-1-1000x667.jpg 1000w, https:\/\/www.tapasmagazine.es\/wp-content\/uploads\/2023\/09\/arcteryx-1-400x267.jpg 400w\" sizes=\"(max-width: 2000px) 100vw, 2000px\" \/><\/figure><\/li><li class=\"wp-block-jetpack-slideshow_slide swiper-slide\"><figure><img decoding=\"async\" width=\"2000\" height=\"1333\" alt=\"\" class=\"wp-block-jetpack-slideshow_image wp-image-207288\" data-id=\"207288\" src=\"https:\/\/www.tapasmagazine.es\/wp-content\/uploads\/2023\/09\/arcteryx-cafe-2.jpg\" srcset=\"https:\/\/www.tapasmagazine.es\/wp-content\/uploads\/2023\/09\/arcteryx-cafe-2.jpg 2000w, https:\/\/www.tapasmagazine.es\/wp-content\/uploads\/2023\/09\/arcteryx-cafe-2-300x200.jpg 300w, https:\/\/www.tapasmagazine.es\/wp-content\/uploads\/2023\/09\/arcteryx-cafe-2-1024x682.jpg 1024w, https:\/\/www.tapasmagazine.es\/wp-content\/uploads\/2023\/09\/arcteryx-cafe-2-768x512.jpg 768w, https:\/\/www.tapasmagazine.es\/wp-content\/uploads\/2023\/09\/arcteryx-cafe-2-1536x1024.jpg 1536w, https:\/\/www.tapasmagazine.es\/wp-content\/uploads\/2023\/09\/arcteryx-cafe-2-1000x667.jpg 1000w, https:\/\/www.tapasmagazine.es\/wp-content\/uploads\/2023\/09\/arcteryx-cafe-2-400x267.jpg 400w\" sizes=\"(max-width: 2000px) 100vw, 2000px\" \/><\/figure><\/li><\/ul><a class=\"wp-block-jetpack-slideshow_button-prev swiper-button-prev swiper-button-white\" role=\"button\"><\/a><a class=\"wp-block-jetpack-slideshow_button-next swiper-button-next swiper-button-white\" role=\"button\"><\/a><a aria-label=\"Pause Slideshow\" class=\"wp-block-jetpack-slideshow_button-pause\" role=\"button\"><\/a><div class=\"wp-block-jetpack-slideshow_pagination swiper-pagination swiper-pagination-white\"><\/div><\/div><\/div>\n\n\n\n<p>The caf\u00e9, named <strong>Beta Caf\u00e9<\/strong>, referencing its iconic &#8216;Beta&#8217; jacket, will be operated by local coffee shop chain <strong>ELMERS GREEN<\/strong>.<\/p>\n\n\n\n<p>The brand will serve both Canadian snacks and Japanese food in that new design space, along with a selection of specialty drinks inspired by cities near Arc&#8217;teryx&#8217;s Vancouver headquarters, such as Squamish and Whistler.<\/p>\n","protected":false},"excerpt":{"rendered":"<p>Click here to read the Spanish version. The Canadian brand that went beyond the niche sphere of climbers or hikers to become the it brand of fashion that now dresses all urban tribes, now climbs to another level with the opening of a cafeteria in its flagship store in the Shimsaibashi district of Osaka, the [&hellip;]<\/p>\n","protected":false},"author":285,"featured_media":207285,"comment_status":"open","ping_status":"closed","sticky":false,"template":"single-feature.php","format":"standard","meta":{"_acf_changed":false,"footnotes":""},"categories":[15802],"tags":[16537],"class_list":["post-207294","post","type-post","status-publish","format-standard","has-post-thumbnail","hentry","category-news","tag-cafe-en","cat-15802-id"],"acf":[],"yoast_head":"<!-- This site is optimized with the Yoast SEO plugin v27.5 - https:\/\/yoast.com\/product\/yoast-seo-wordpress\/ -->\n<title>Arc&#039;teryx universe expands with a trendy coffee shop - Tapas<\/title>\n<meta name=\"description\" content=\"Click here to read the Spanish version. The Canadian brand that went beyond the niche sphere of climbers or hikers to become the it brand of fashion that\" \/>\n<meta name=\"robots\" content=\"index, follow, max-snippet:-1, max-image-preview:large, max-video-preview:-1\" \/>\n<link rel=\"canonical\" href=\"https:\/\/www.tapasmagazine.es\/en\/arcteryx-universe-expands-with-a-trendy-coffe-shop\/\" \/>\n<meta property=\"og:locale\" content=\"en_US\" \/>\n<meta property=\"og:type\" content=\"article\" \/>\n<meta property=\"og:title\" content=\"Arc&#039;teryx universe expands with a trendy coffee shop - Tapas\" \/>\n<meta property=\"og:description\" content=\"Click here to read the Spanish version. The Canadian brand that went beyond the niche sphere of climbers or hikers to become the it brand of fashion that\" \/>\n<meta property=\"og:url\" content=\"https:\/\/www.tapasmagazine.es\/en\/arcteryx-universe-expands-with-a-trendy-coffe-shop\/\" \/>\n<meta property=\"og:site_name\" content=\"Tapas\" \/>\n<meta property=\"article:publisher\" content=\"https:\/\/www.facebook.com\/tapasmagazine\" \/>\n<meta property=\"article:published_time\" content=\"2023-09-12T09:32:06+00:00\" \/>\n<meta property=\"article:modified_time\" content=\"2023-09-12T09:35:36+00:00\" \/>\n<meta property=\"og:image\" content=\"https:\/\/www.tapasmagazine.es\/wp-content\/uploads\/2023\/09\/arcteryx-cafe-3.jpg\" \/>\n\t<meta property=\"og:image:width\" content=\"1200\" \/>\n\t<meta property=\"og:image:height\" content=\"675\" \/>\n\t<meta property=\"og:image:type\" content=\"image\/jpeg\" \/>\n<meta name=\"author\" content=\"Laura P\u00e9rez\" \/>\n<meta name=\"twitter:card\" content=\"summary_large_image\" \/>\n<meta name=\"twitter:creator\" content=\"@TapasMagazine\" \/>\n<meta name=\"twitter:site\" content=\"@TapasMagazine\" \/>\n<meta name=\"twitter:label1\" content=\"Written by\" \/>\n\t<meta name=\"twitter:data1\" content=\"Laura P\u00e9rez\" \/>\n\t<meta name=\"twitter:label2\" content=\"Est. reading time\" \/>\n\t<meta name=\"twitter:data2\" content=\"2 minutes\" \/>\n<script type=\"application\/ld+json\" class=\"yoast-schema-graph\">{\"@context\":\"https:\\\/\\\/schema.org\",\"@graph\":[{\"@type\":\"Article\",\"@id\":\"https:\\\/\\\/www.tapasmagazine.es\\\/en\\\/arcteryx-universe-expands-with-a-trendy-coffe-shop\\\/#article\",\"isPartOf\":{\"@id\":\"https:\\\/\\\/www.tapasmagazine.es\\\/en\\\/arcteryx-universe-expands-with-a-trendy-coffe-shop\\\/\"},\"author\":{\"name\":\"Laura P\u00e9rez\",\"@id\":\"https:\\\/\\\/www.tapasmagazine.es\\\/#\\\/schema\\\/person\\\/eb46cbe76a9c8f062660eb609e3ecb4e\"},\"headline\":\"Arc&#8217;teryx universe expands with a trendy coffee shop\",\"datePublished\":\"2023-09-12T09:32:06+00:00\",\"dateModified\":\"2023-09-12T09:35:36+00:00\",\"mainEntityOfPage\":{\"@id\":\"https:\\\/\\\/www.tapasmagazine.es\\\/en\\\/arcteryx-universe-expands-with-a-trendy-coffe-shop\\\/\"},\"wordCount\":158,\"commentCount\":0,\"publisher\":{\"@id\":\"https:\\\/\\\/www.tapasmagazine.es\\\/#organization\"},\"image\":{\"@id\":\"https:\\\/\\\/www.tapasmagazine.es\\\/en\\\/arcteryx-universe-expands-with-a-trendy-coffe-shop\\\/#primaryimage\"},\"thumbnailUrl\":\"https:\\\/\\\/www.tapasmagazine.es\\\/wp-content\\\/uploads\\\/2023\\\/09\\\/arcteryx-cafe-3.jpg\",\"keywords\":[\"caf\u00e9\"],\"articleSection\":[\"News\"],\"inLanguage\":\"en-US\",\"potentialAction\":[{\"@type\":\"CommentAction\",\"name\":\"Comment\",\"target\":[\"https:\\\/\\\/www.tapasmagazine.es\\\/en\\\/arcteryx-universe-expands-with-a-trendy-coffe-shop\\\/#respond\"]}]},{\"@type\":\"WebPage\",\"@id\":\"https:\\\/\\\/www.tapasmagazine.es\\\/en\\\/arcteryx-universe-expands-with-a-trendy-coffe-shop\\\/\",\"url\":\"https:\\\/\\\/www.tapasmagazine.es\\\/en\\\/arcteryx-universe-expands-with-a-trendy-coffe-shop\\\/\",\"name\":\"Arc'teryx universe expands with a trendy coffee shop - Tapas\",\"isPartOf\":{\"@id\":\"https:\\\/\\\/www.tapasmagazine.es\\\/#website\"},\"primaryImageOfPage\":{\"@id\":\"https:\\\/\\\/www.tapasmagazine.es\\\/en\\\/arcteryx-universe-expands-with-a-trendy-coffe-shop\\\/#primaryimage\"},\"image\":{\"@id\":\"https:\\\/\\\/www.tapasmagazine.es\\\/en\\\/arcteryx-universe-expands-with-a-trendy-coffe-shop\\\/#primaryimage\"},\"thumbnailUrl\":\"https:\\\/\\\/www.tapasmagazine.es\\\/wp-content\\\/uploads\\\/2023\\\/09\\\/arcteryx-cafe-3.jpg\",\"datePublished\":\"2023-09-12T09:32:06+00:00\",\"dateModified\":\"2023-09-12T09:35:36+00:00\",\"description\":\"Click here to read the Spanish version. The Canadian brand that went beyond the niche sphere of climbers or hikers to become the it brand of fashion that\",\"breadcrumb\":{\"@id\":\"https:\\\/\\\/www.tapasmagazine.es\\\/en\\\/arcteryx-universe-expands-with-a-trendy-coffe-shop\\\/#breadcrumb\"},\"inLanguage\":\"en-US\",\"potentialAction\":[{\"@type\":\"ReadAction\",\"target\":[\"https:\\\/\\\/www.tapasmagazine.es\\\/en\\\/arcteryx-universe-expands-with-a-trendy-coffe-shop\\\/\"]}]},{\"@type\":\"ImageObject\",\"inLanguage\":\"en-US\",\"@id\":\"https:\\\/\\\/www.tapasmagazine.es\\\/en\\\/arcteryx-universe-expands-with-a-trendy-coffe-shop\\\/#primaryimage\",\"url\":\"https:\\\/\\\/www.tapasmagazine.es\\\/wp-content\\\/uploads\\\/2023\\\/09\\\/arcteryx-cafe-3.jpg\",\"contentUrl\":\"https:\\\/\\\/www.tapasmagazine.es\\\/wp-content\\\/uploads\\\/2023\\\/09\\\/arcteryx-cafe-3.jpg\",\"width\":1200,\"height\":675},{\"@type\":\"BreadcrumbList\",\"@id\":\"https:\\\/\\\/www.tapasmagazine.es\\\/en\\\/arcteryx-universe-expands-with-a-trendy-coffe-shop\\\/#breadcrumb\",\"itemListElement\":[{\"@type\":\"ListItem\",\"position\":1,\"name\":\"Portada\",\"item\":\"https:\\\/\\\/www.tapasmagazine.es\\\/\"},{\"@type\":\"ListItem\",\"position\":2,\"name\":\"News\",\"item\":\"https:\\\/\\\/www.tapasmagazine.es\\\/en\\\/categorias\\\/news\\\/\"},{\"@type\":\"ListItem\",\"position\":3,\"name\":\"Arc&#8217;teryx universe expands with a trendy coffee shop\"}]},{\"@type\":\"WebSite\",\"@id\":\"https:\\\/\\\/www.tapasmagazine.es\\\/#website\",\"url\":\"https:\\\/\\\/www.tapasmagazine.es\\\/\",\"name\":\"Tapas\",\"description\":\"\u00d1am \u00d1am Lifestyle. La vida a bocados. Premio Nacional de Gastronom\u00eda 2016.\",\"publisher\":{\"@id\":\"https:\\\/\\\/www.tapasmagazine.es\\\/#organization\"},\"potentialAction\":[{\"@type\":\"SearchAction\",\"target\":{\"@type\":\"EntryPoint\",\"urlTemplate\":\"https:\\\/\\\/www.tapasmagazine.es\\\/?s={search_term_string}\"},\"query-input\":{\"@type\":\"PropertyValueSpecification\",\"valueRequired\":true,\"valueName\":\"search_term_string\"}}],\"inLanguage\":\"en-US\"},{\"@type\":\"Organization\",\"@id\":\"https:\\\/\\\/www.tapasmagazine.es\\\/#organization\",\"name\":\"Tapas Magazine\",\"url\":\"https:\\\/\\\/www.tapasmagazine.es\\\/\",\"logo\":{\"@type\":\"ImageObject\",\"inLanguage\":\"en-US\",\"@id\":\"https:\\\/\\\/www.tapasmagazine.es\\\/#\\\/schema\\\/logo\\\/image\\\/\",\"url\":\"https:\\\/\\\/www.tapasmagazine.es\\\/wp-content\\\/uploads\\\/2018\\\/01\\\/logo.png\",\"contentUrl\":\"https:\\\/\\\/www.tapasmagazine.es\\\/wp-content\\\/uploads\\\/2018\\\/01\\\/logo.png\",\"width\":180,\"height\":60,\"caption\":\"Tapas Magazine\"},\"image\":{\"@id\":\"https:\\\/\\\/www.tapasmagazine.es\\\/#\\\/schema\\\/logo\\\/image\\\/\"},\"sameAs\":[\"https:\\\/\\\/www.facebook.com\\\/tapasmagazine\",\"https:\\\/\\\/x.com\\\/TapasMagazine\",\"https:\\\/\\\/www.instagram.com\\\/tapasmagazine\\\/\",\"https:\\\/\\\/www.linkedin.com\\\/company\\\/tapas-magazine\",\"https:\\\/\\\/es.pinterest.com\\\/tapasmagazine\\\/\",\"https:\\\/\\\/www.youtube.com\\\/channel\\\/UCEyxneAaACuR0lfDagrWjjg?sub_confirmation=1\"]},{\"@type\":\"Person\",\"@id\":\"https:\\\/\\\/www.tapasmagazine.es\\\/#\\\/schema\\\/person\\\/eb46cbe76a9c8f062660eb609e3ecb4e\",\"name\":\"Laura P\u00e9rez\",\"url\":\"https:\\\/\\\/www.tapasmagazine.es\\\/en\\\/author\\\/laura-perez\\\/\"}]}<\/script>\n<!-- \/ Yoast SEO plugin. -->","yoast_head_json":{"title":"Arc'teryx universe expands with a trendy coffee shop - Tapas","description":"Click here to read the Spanish version. The Canadian brand that went beyond the niche sphere of climbers or hikers to become the it brand of fashion that","robots":{"index":"index","follow":"follow","max-snippet":"max-snippet:-1","max-image-preview":"max-image-preview:large","max-video-preview":"max-video-preview:-1"},"canonical":"https:\/\/www.tapasmagazine.es\/en\/arcteryx-universe-expands-with-a-trendy-coffe-shop\/","og_locale":"en_US","og_type":"article","og_title":"Arc'teryx universe expands with a trendy coffee shop - Tapas","og_description":"Click here to read the Spanish version. The Canadian brand that went beyond the niche sphere of climbers or hikers to become the it brand of fashion that","og_url":"https:\/\/www.tapasmagazine.es\/en\/arcteryx-universe-expands-with-a-trendy-coffe-shop\/","og_site_name":"Tapas","article_publisher":"https:\/\/www.facebook.com\/tapasmagazine","article_published_time":"2023-09-12T09:32:06+00:00","article_modified_time":"2023-09-12T09:35:36+00:00","og_image":[{"width":1200,"height":675,"url":"https:\/\/www.tapasmagazine.es\/wp-content\/uploads\/2023\/09\/arcteryx-cafe-3.jpg","type":"image\/jpeg"}],"author":"Laura P\u00e9rez","twitter_card":"summary_large_image","twitter_creator":"@TapasMagazine","twitter_site":"@TapasMagazine","twitter_misc":{"Written by":"Laura P\u00e9rez","Est. reading time":"2 minutes"},"schema":{"@context":"https:\/\/schema.org","@graph":[{"@type":"Article","@id":"https:\/\/www.tapasmagazine.es\/en\/arcteryx-universe-expands-with-a-trendy-coffe-shop\/#article","isPartOf":{"@id":"https:\/\/www.tapasmagazine.es\/en\/arcteryx-universe-expands-with-a-trendy-coffe-shop\/"},"author":{"name":"Laura P\u00e9rez","@id":"https:\/\/www.tapasmagazine.es\/#\/schema\/person\/eb46cbe76a9c8f062660eb609e3ecb4e"},"headline":"Arc&#8217;teryx universe expands with a trendy coffee shop","datePublished":"2023-09-12T09:32:06+00:00","dateModified":"2023-09-12T09:35:36+00:00","mainEntityOfPage":{"@id":"https:\/\/www.tapasmagazine.es\/en\/arcteryx-universe-expands-with-a-trendy-coffe-shop\/"},"wordCount":158,"commentCount":0,"publisher":{"@id":"https:\/\/www.tapasmagazine.es\/#organization"},"image":{"@id":"https:\/\/www.tapasmagazine.es\/en\/arcteryx-universe-expands-with-a-trendy-coffe-shop\/#primaryimage"},"thumbnailUrl":"https:\/\/www.tapasmagazine.es\/wp-content\/uploads\/2023\/09\/arcteryx-cafe-3.jpg","keywords":["caf\u00e9"],"articleSection":["News"],"inLanguage":"en-US","potentialAction":[{"@type":"CommentAction","name":"Comment","target":["https:\/\/www.tapasmagazine.es\/en\/arcteryx-universe-expands-with-a-trendy-coffe-shop\/#respond"]}]},{"@type":"WebPage","@id":"https:\/\/www.tapasmagazine.es\/en\/arcteryx-universe-expands-with-a-trendy-coffe-shop\/","url":"https:\/\/www.tapasmagazine.es\/en\/arcteryx-universe-expands-with-a-trendy-coffe-shop\/","name":"Arc'teryx universe expands with a trendy coffee shop - Tapas","isPartOf":{"@id":"https:\/\/www.tapasmagazine.es\/#website"},"primaryImageOfPage":{"@id":"https:\/\/www.tapasmagazine.es\/en\/arcteryx-universe-expands-with-a-trendy-coffe-shop\/#primaryimage"},"image":{"@id":"https:\/\/www.tapasmagazine.es\/en\/arcteryx-universe-expands-with-a-trendy-coffe-shop\/#primaryimage"},"thumbnailUrl":"https:\/\/www.tapasmagazine.es\/wp-content\/uploads\/2023\/09\/arcteryx-cafe-3.jpg","datePublished":"2023-09-12T09:32:06+00:00","dateModified":"2023-09-12T09:35:36+00:00","description":"Click here to read the Spanish version. The Canadian brand that went beyond the niche sphere of climbers or hikers to become the it brand of fashion that","breadcrumb":{"@id":"https:\/\/www.tapasmagazine.es\/en\/arcteryx-universe-expands-with-a-trendy-coffe-shop\/#breadcrumb"},"inLanguage":"en-US","potentialAction":[{"@type":"ReadAction","target":["https:\/\/www.tapasmagazine.es\/en\/arcteryx-universe-expands-with-a-trendy-coffe-shop\/"]}]},{"@type":"ImageObject","inLanguage":"en-US","@id":"https:\/\/www.tapasmagazine.es\/en\/arcteryx-universe-expands-with-a-trendy-coffe-shop\/#primaryimage","url":"https:\/\/www.tapasmagazine.es\/wp-content\/uploads\/2023\/09\/arcteryx-cafe-3.jpg","contentUrl":"https:\/\/www.tapasmagazine.es\/wp-content\/uploads\/2023\/09\/arcteryx-cafe-3.jpg","width":1200,"height":675},{"@type":"BreadcrumbList","@id":"https:\/\/www.tapasmagazine.es\/en\/arcteryx-universe-expands-with-a-trendy-coffe-shop\/#breadcrumb","itemListElement":[{"@type":"ListItem","position":1,"name":"Portada","item":"https:\/\/www.tapasmagazine.es\/"},{"@type":"ListItem","position":2,"name":"News","item":"https:\/\/www.tapasmagazine.es\/en\/categorias\/news\/"},{"@type":"ListItem","position":3,"name":"Arc&#8217;teryx universe expands with a trendy coffee shop"}]},{"@type":"WebSite","@id":"https:\/\/www.tapasmagazine.es\/#website","url":"https:\/\/www.tapasmagazine.es\/","name":"Tapas","description":"\u00d1am \u00d1am Lifestyle. La vida a bocados. Premio Nacional de Gastronom\u00eda 2016.","publisher":{"@id":"https:\/\/www.tapasmagazine.es\/#organization"},"potentialAction":[{"@type":"SearchAction","target":{"@type":"EntryPoint","urlTemplate":"https:\/\/www.tapasmagazine.es\/?s={search_term_string}"},"query-input":{"@type":"PropertyValueSpecification","valueRequired":true,"valueName":"search_term_string"}}],"inLanguage":"en-US"},{"@type":"Organization","@id":"https:\/\/www.tapasmagazine.es\/#organization","name":"Tapas Magazine","url":"https:\/\/www.tapasmagazine.es\/","logo":{"@type":"ImageObject","inLanguage":"en-US","@id":"https:\/\/www.tapasmagazine.es\/#\/schema\/logo\/image\/","url":"https:\/\/www.tapasmagazine.es\/wp-content\/uploads\/2018\/01\/logo.png","contentUrl":"https:\/\/www.tapasmagazine.es\/wp-content\/uploads\/2018\/01\/logo.png","width":180,"height":60,"caption":"Tapas Magazine"},"image":{"@id":"https:\/\/www.tapasmagazine.es\/#\/schema\/logo\/image\/"},"sameAs":["https:\/\/www.facebook.com\/tapasmagazine","https:\/\/x.com\/TapasMagazine","https:\/\/www.instagram.com\/tapasmagazine\/","https:\/\/www.linkedin.com\/company\/tapas-magazine","https:\/\/es.pinterest.com\/tapasmagazine\/","https:\/\/www.youtube.com\/channel\/UCEyxneAaACuR0lfDagrWjjg?sub_confirmation=1"]},{"@type":"Person","@id":"https:\/\/www.tapasmagazine.es\/#\/schema\/person\/eb46cbe76a9c8f062660eb609e3ecb4e","name":"Laura P\u00e9rez","url":"https:\/\/www.tapasmagazine.es\/en\/author\/laura-perez\/"}]}},"_links":{"self":[{"href":"https:\/\/www.tapasmagazine.es\/en\/wp-json\/wp\/v2\/posts\/207294","targetHints":{"allow":["GET"]}}],"collection":[{"href":"https:\/\/www.tapasmagazine.es\/en\/wp-json\/wp\/v2\/posts"}],"about":[{"href":"https:\/\/www.tapasmagazine.es\/en\/wp-json\/wp\/v2\/types\/post"}],"author":[{"embeddable":true,"href":"https:\/\/www.tapasmagazine.es\/en\/wp-json\/wp\/v2\/users\/285"}],"replies":[{"embeddable":true,"href":"https:\/\/www.tapasmagazine.es\/en\/wp-json\/wp\/v2\/comments?post=207294"}],"version-history":[{"count":3,"href":"https:\/\/www.tapasmagazine.es\/en\/wp-json\/wp\/v2\/posts\/207294\/revisions"}],"predecessor-version":[{"id":207298,"href":"https:\/\/www.tapasmagazine.es\/en\/wp-json\/wp\/v2\/posts\/207294\/revisions\/207298"}],"wp:featuredmedia":[{"embeddable":true,"href":"https:\/\/www.tapasmagazine.es\/en\/wp-json\/wp\/v2\/media\/207285"}],"wp:attachment":[{"href":"https:\/\/www.tapasmagazine.es\/en\/wp-json\/wp\/v2\/media?parent=207294"}],"wp:term":[{"taxonomy":"category","embeddable":true,"href":"https:\/\/www.tapasmagazine.es\/en\/wp-json\/wp\/v2\/categories?post=207294"},{"taxonomy":"post_tag","embeddable":true,"href":"https:\/\/www.tapasmagazine.es\/en\/wp-json\/wp\/v2\/tags?post=207294"}],"curies":[{"name":"wp","href":"https:\/\/api.w.org\/{rel}","templated":true}]}}