{"id":205662,"date":"2023-08-31T13:08:10","date_gmt":"2023-08-31T11:08:10","guid":{"rendered":"https:\/\/www.tapasmagazine.es\/el-boom-del-acai-del-desayuno-favorito-de-kim-kardashian-a-la-tendencia-global\/"},"modified":"2023-08-31T13:11:21","modified_gmt":"2023-08-31T11:11:21","slug":"acai-boom-from-kim-kardashians-favorite-breakfast-to-global-trend","status":"publish","type":"post","link":"https:\/\/www.tapasmagazine.es\/en\/acai-boom-from-kim-kardashians-favorite-breakfast-to-global-trend\/","title":{"rendered":"A\u00e7a\u00ed boom: from Kim Kardashian&#8217;s favorite breakfast to global trend"},"content":{"rendered":"\n<p><strong>Click <a href=\"https:\/\/www.tapasmagazine.es\/el-boom-del-acai-del-desayuno-favorito-de-kim-kardashian-a-la-tendencia-global\/\" target=\"_blank\" rel=\"noreferrer noopener\">here<\/a> to read the Spanish version.<\/strong><\/p>\n\n\n\n<p><strong>Kim Kardashian<\/strong> just confirmed this trend when she transmitted through <strong>Instagram<\/strong> her obsession for this small <strong>purple berry<\/strong> from the palm trees of the Amazon, which she incorporates daily in her breakfasts.<\/p>\n\n\n\n<p>A good a\u00e7a\u00ed bowl with a hot tea always makes me very happy, no matter what time of day it is&#8217;, she commented in one of her stories. As you could see in the image, Kim combined this superfood with kiwi, mango, banana and strawberries, which she sprinkled with coconut shavings and granola. An infinite number of variations that can be made based on this food that has multiple health benefits.<\/p>\n\n\n<div class=\"wp-block-image\">\n<figure class=\"aligncenter size-large is-resized\"><a href=\"https:\/\/www.tapasmagazine.es\/wp-content\/uploads\/2023\/08\/boom-acai-kim-tendencia-2.jpg\"><img decoding=\"async\" src=\"https:\/\/www.tapasmagazine.es\/wp-content\/uploads\/2023\/08\/boom-acai-kim-tendencia-2-576x1024.jpg\" alt=\"\" class=\"wp-image-205652\" style=\"width:1200px;height:2133px\" width=\"1200\" height=\"2133\" srcset=\"https:\/\/www.tapasmagazine.es\/wp-content\/uploads\/2023\/08\/boom-acai-kim-tendencia-2-576x1024.jpg 576w, https:\/\/www.tapasmagazine.es\/wp-content\/uploads\/2023\/08\/boom-acai-kim-tendencia-2-169x300.jpg 169w, https:\/\/www.tapasmagazine.es\/wp-content\/uploads\/2023\/08\/boom-acai-kim-tendencia-2-400x711.jpg 400w, https:\/\/www.tapasmagazine.es\/wp-content\/uploads\/2023\/08\/boom-acai-kim-tendencia-2.jpg 634w\" sizes=\"(max-width: 1200px) 100vw, 1200px\" \/><\/a><\/figure>\n<\/div>\n\n\n<p>The key member of the Kardashian-Jenner clan also revealed that she always ate fruit and acai for breakfast, as a habit or ritual that has not only permeated the universe of celebrities, but has transcended the whole world for all the nutritional benefits it hides.<\/p>\n\n\n\n<h2 class=\"wp-block-heading\"><strong>Health benefits<\/strong><\/h2>\n\n\n\n<p>A\u00e7a\u00ed, beyond the aesthetics it can generate, stimulates cell regeneration, energy and libido. However, it stands out most for its incomparable antioxidant action, with an ultra-concentrated ORAC (Oxygen Radical Absorbance Capacity) score, which measures the antioxidant power of a food, and which, in this case, breaks all records: 15405 compared to 1401 for blackberries.<\/p>\n\n\n\n<p>Antioxidants are essential to combat the harmful effects of free radicals, prevent premature aging of cells, cardiovascular disorders and cancer, in addition to other compounds it may contain, such as omega-3 fiber and healthy fats. In moderation, acai can become the key food in a balanced diet.<\/p>\n\n\n\n<figure class=\"wp-block-image size-large is-resized\"><a href=\"https:\/\/www.tapasmagazine.es\/wp-content\/uploads\/2023\/08\/boom-acai-kim-tendencia-3.jpg\"><img decoding=\"async\" src=\"https:\/\/www.tapasmagazine.es\/wp-content\/uploads\/2023\/08\/boom-acai-kim-tendencia-3-768x1024.jpg\" alt=\"\" class=\"wp-image-205654\" style=\"width:996px;height:1328px\" width=\"996\" height=\"1328\" srcset=\"https:\/\/www.tapasmagazine.es\/wp-content\/uploads\/2023\/08\/boom-acai-kim-tendencia-3-768x1024.jpg 768w, https:\/\/www.tapasmagazine.es\/wp-content\/uploads\/2023\/08\/boom-acai-kim-tendencia-3-225x300.jpg 225w, https:\/\/www.tapasmagazine.es\/wp-content\/uploads\/2023\/08\/boom-acai-kim-tendencia-3-1152x1536.jpg 1152w, https:\/\/www.tapasmagazine.es\/wp-content\/uploads\/2023\/08\/boom-acai-kim-tendencia-3-1536x2048.jpg 1536w, https:\/\/www.tapasmagazine.es\/wp-content\/uploads\/2023\/08\/boom-acai-kim-tendencia-3-1000x1333.jpg 1000w, https:\/\/www.tapasmagazine.es\/wp-content\/uploads\/2023\/08\/boom-acai-kim-tendencia-3-400x533.jpg 400w, https:\/\/www.tapasmagazine.es\/wp-content\/uploads\/2023\/08\/boom-acai-kim-tendencia-3.jpg 1920w\" sizes=\"(max-width: 996px) 100vw, 996px\" \/><\/a><\/figure>\n\n\n\n<p>The antioxidant anthocyanin has also been shown to reduce oxidative stress and inflammation, supporting brain health and memory improvement. Not to mention that berries can help keep bones healthy and strong due to their high levels of calcium.<\/p>\n","protected":false},"excerpt":{"rendered":"<p>Click here to read the Spanish version. Kim Kardashian just confirmed this trend when she transmitted through Instagram her obsession for this small purple berry from the palm trees of the Amazon, which she incorporates daily in her breakfasts. A good a\u00e7a\u00ed bowl with a hot tea always makes me very happy, no matter what [&hellip;]<\/p>\n","protected":false},"author":285,"featured_media":205658,"comment_status":"open","ping_status":"closed","sticky":false,"template":"single-feature.php","format":"standard","meta":{"_acf_changed":false,"footnotes":""},"categories":[15807,15802,16115,16501,1],"tags":[],"class_list":["post-205662","post","type-post","status-publish","format-standard","has-post-thumbnail","hentry","category-gastro-en","category-news","category-nutricion-en","category-saludable-en","category-sin-categorizar","cat-15807-id","cat-15802-id","cat-16115-id","cat-16501-id","cat-1-id"],"acf":[],"yoast_head":"<!-- This site is optimized with the Yoast SEO plugin v27.4 - https:\/\/yoast.com\/product\/yoast-seo-wordpress\/ -->\n<title>A\u00e7a\u00ed boom: from Kim Kardashian&#039;s favorite breakfast to global trend - Tapas<\/title>\n<meta name=\"description\" content=\"Click here to read the Spanish version. Kim Kardashian just confirmed this trend when she transmitted through Instagram her obsession for this small\" \/>\n<meta name=\"robots\" content=\"index, follow, max-snippet:-1, max-image-preview:large, max-video-preview:-1\" \/>\n<link rel=\"canonical\" href=\"https:\/\/www.tapasmagazine.es\/en\/acai-boom-from-kim-kardashians-favorite-breakfast-to-global-trend\/\" \/>\n<meta property=\"og:locale\" content=\"en_US\" \/>\n<meta property=\"og:type\" content=\"article\" \/>\n<meta property=\"og:title\" content=\"A\u00e7a\u00ed boom: from Kim Kardashian&#039;s favorite breakfast to global trend - Tapas\" \/>\n<meta property=\"og:description\" content=\"Click here to read the Spanish version. Kim Kardashian just confirmed this trend when she transmitted through Instagram her obsession for this small\" \/>\n<meta property=\"og:url\" content=\"https:\/\/www.tapasmagazine.es\/en\/acai-boom-from-kim-kardashians-favorite-breakfast-to-global-trend\/\" \/>\n<meta property=\"og:site_name\" content=\"Tapas\" \/>\n<meta property=\"article:publisher\" content=\"https:\/\/www.facebook.com\/tapasmagazine\" \/>\n<meta property=\"article:published_time\" content=\"2023-08-31T11:08:10+00:00\" \/>\n<meta property=\"article:modified_time\" content=\"2023-08-31T11:11:21+00:00\" \/>\n<meta property=\"og:image\" content=\"https:\/\/www.tapasmagazine.es\/wp-content\/uploads\/2023\/08\/boom-acai-kim-tendencia-1.jpg\" \/>\n\t<meta property=\"og:image:width\" content=\"1200\" \/>\n\t<meta property=\"og:image:height\" content=\"675\" \/>\n\t<meta property=\"og:image:type\" content=\"image\/jpeg\" \/>\n<meta name=\"author\" content=\"Laura P\u00e9rez\" \/>\n<meta name=\"twitter:card\" content=\"summary_large_image\" \/>\n<meta name=\"twitter:creator\" content=\"@TapasMagazine\" \/>\n<meta name=\"twitter:site\" content=\"@TapasMagazine\" \/>\n<meta name=\"twitter:label1\" content=\"Written by\" \/>\n\t<meta name=\"twitter:data1\" content=\"Laura P\u00e9rez\" \/>\n\t<meta name=\"twitter:label2\" content=\"Est. reading time\" \/>\n\t<meta name=\"twitter:data2\" content=\"2 minutes\" \/>\n<script type=\"application\/ld+json\" class=\"yoast-schema-graph\">{\"@context\":\"https:\\\/\\\/schema.org\",\"@graph\":[{\"@type\":\"Article\",\"@id\":\"https:\\\/\\\/www.tapasmagazine.es\\\/en\\\/acai-boom-from-kim-kardashians-favorite-breakfast-to-global-trend\\\/#article\",\"isPartOf\":{\"@id\":\"https:\\\/\\\/www.tapasmagazine.es\\\/en\\\/acai-boom-from-kim-kardashians-favorite-breakfast-to-global-trend\\\/\"},\"author\":{\"name\":\"Laura P\u00e9rez\",\"@id\":\"https:\\\/\\\/www.tapasmagazine.es\\\/#\\\/schema\\\/person\\\/eb46cbe76a9c8f062660eb609e3ecb4e\"},\"headline\":\"A\u00e7a\u00ed boom: from Kim Kardashian&#8217;s favorite breakfast to global trend\",\"datePublished\":\"2023-08-31T11:08:10+00:00\",\"dateModified\":\"2023-08-31T11:11:21+00:00\",\"mainEntityOfPage\":{\"@id\":\"https:\\\/\\\/www.tapasmagazine.es\\\/en\\\/acai-boom-from-kim-kardashians-favorite-breakfast-to-global-trend\\\/\"},\"wordCount\":308,\"commentCount\":0,\"publisher\":{\"@id\":\"https:\\\/\\\/www.tapasmagazine.es\\\/#organization\"},\"image\":{\"@id\":\"https:\\\/\\\/www.tapasmagazine.es\\\/en\\\/acai-boom-from-kim-kardashians-favorite-breakfast-to-global-trend\\\/#primaryimage\"},\"thumbnailUrl\":\"https:\\\/\\\/www.tapasmagazine.es\\\/wp-content\\\/uploads\\\/2023\\\/08\\\/boom-acai-kim-tendencia-1.jpg\",\"articleSection\":[\"Gastro\",\"News\",\"Nutrici\u00f3n\",\"Saludable\",\"Sin categorizar\"],\"inLanguage\":\"en-US\",\"potentialAction\":[{\"@type\":\"CommentAction\",\"name\":\"Comment\",\"target\":[\"https:\\\/\\\/www.tapasmagazine.es\\\/en\\\/acai-boom-from-kim-kardashians-favorite-breakfast-to-global-trend\\\/#respond\"]}]},{\"@type\":\"WebPage\",\"@id\":\"https:\\\/\\\/www.tapasmagazine.es\\\/en\\\/acai-boom-from-kim-kardashians-favorite-breakfast-to-global-trend\\\/\",\"url\":\"https:\\\/\\\/www.tapasmagazine.es\\\/en\\\/acai-boom-from-kim-kardashians-favorite-breakfast-to-global-trend\\\/\",\"name\":\"A\u00e7a\u00ed boom: from Kim Kardashian's favorite breakfast to global trend - Tapas\",\"isPartOf\":{\"@id\":\"https:\\\/\\\/www.tapasmagazine.es\\\/#website\"},\"primaryImageOfPage\":{\"@id\":\"https:\\\/\\\/www.tapasmagazine.es\\\/en\\\/acai-boom-from-kim-kardashians-favorite-breakfast-to-global-trend\\\/#primaryimage\"},\"image\":{\"@id\":\"https:\\\/\\\/www.tapasmagazine.es\\\/en\\\/acai-boom-from-kim-kardashians-favorite-breakfast-to-global-trend\\\/#primaryimage\"},\"thumbnailUrl\":\"https:\\\/\\\/www.tapasmagazine.es\\\/wp-content\\\/uploads\\\/2023\\\/08\\\/boom-acai-kim-tendencia-1.jpg\",\"datePublished\":\"2023-08-31T11:08:10+00:00\",\"dateModified\":\"2023-08-31T11:11:21+00:00\",\"description\":\"Click here to read the Spanish version. Kim Kardashian just confirmed this trend when she transmitted through Instagram her obsession for this small\",\"breadcrumb\":{\"@id\":\"https:\\\/\\\/www.tapasmagazine.es\\\/en\\\/acai-boom-from-kim-kardashians-favorite-breakfast-to-global-trend\\\/#breadcrumb\"},\"inLanguage\":\"en-US\",\"potentialAction\":[{\"@type\":\"ReadAction\",\"target\":[\"https:\\\/\\\/www.tapasmagazine.es\\\/en\\\/acai-boom-from-kim-kardashians-favorite-breakfast-to-global-trend\\\/\"]}]},{\"@type\":\"ImageObject\",\"inLanguage\":\"en-US\",\"@id\":\"https:\\\/\\\/www.tapasmagazine.es\\\/en\\\/acai-boom-from-kim-kardashians-favorite-breakfast-to-global-trend\\\/#primaryimage\",\"url\":\"https:\\\/\\\/www.tapasmagazine.es\\\/wp-content\\\/uploads\\\/2023\\\/08\\\/boom-acai-kim-tendencia-1.jpg\",\"contentUrl\":\"https:\\\/\\\/www.tapasmagazine.es\\\/wp-content\\\/uploads\\\/2023\\\/08\\\/boom-acai-kim-tendencia-1.jpg\",\"width\":1200,\"height\":675},{\"@type\":\"BreadcrumbList\",\"@id\":\"https:\\\/\\\/www.tapasmagazine.es\\\/en\\\/acai-boom-from-kim-kardashians-favorite-breakfast-to-global-trend\\\/#breadcrumb\",\"itemListElement\":[{\"@type\":\"ListItem\",\"position\":1,\"name\":\"Portada\",\"item\":\"https:\\\/\\\/www.tapasmagazine.es\\\/\"},{\"@type\":\"ListItem\",\"position\":2,\"name\":\"Sin categorizar\",\"item\":\"https:\\\/\\\/www.tapasmagazine.es\\\/categorias\\\/sin-categorizar\\\/\"},{\"@type\":\"ListItem\",\"position\":3,\"name\":\"A\u00e7a\u00ed boom: from Kim Kardashian&#8217;s favorite breakfast to global trend\"}]},{\"@type\":\"WebSite\",\"@id\":\"https:\\\/\\\/www.tapasmagazine.es\\\/#website\",\"url\":\"https:\\\/\\\/www.tapasmagazine.es\\\/\",\"name\":\"Tapas\",\"description\":\"\u00d1am \u00d1am Lifestyle. La vida a bocados. Premio Nacional de Gastronom\u00eda 2016.\",\"publisher\":{\"@id\":\"https:\\\/\\\/www.tapasmagazine.es\\\/#organization\"},\"potentialAction\":[{\"@type\":\"SearchAction\",\"target\":{\"@type\":\"EntryPoint\",\"urlTemplate\":\"https:\\\/\\\/www.tapasmagazine.es\\\/?s={search_term_string}\"},\"query-input\":{\"@type\":\"PropertyValueSpecification\",\"valueRequired\":true,\"valueName\":\"search_term_string\"}}],\"inLanguage\":\"en-US\"},{\"@type\":\"Organization\",\"@id\":\"https:\\\/\\\/www.tapasmagazine.es\\\/#organization\",\"name\":\"Tapas Magazine\",\"url\":\"https:\\\/\\\/www.tapasmagazine.es\\\/\",\"logo\":{\"@type\":\"ImageObject\",\"inLanguage\":\"en-US\",\"@id\":\"https:\\\/\\\/www.tapasmagazine.es\\\/#\\\/schema\\\/logo\\\/image\\\/\",\"url\":\"https:\\\/\\\/www.tapasmagazine.es\\\/wp-content\\\/uploads\\\/2018\\\/01\\\/logo.png\",\"contentUrl\":\"https:\\\/\\\/www.tapasmagazine.es\\\/wp-content\\\/uploads\\\/2018\\\/01\\\/logo.png\",\"width\":180,\"height\":60,\"caption\":\"Tapas Magazine\"},\"image\":{\"@id\":\"https:\\\/\\\/www.tapasmagazine.es\\\/#\\\/schema\\\/logo\\\/image\\\/\"},\"sameAs\":[\"https:\\\/\\\/www.facebook.com\\\/tapasmagazine\",\"https:\\\/\\\/x.com\\\/TapasMagazine\",\"https:\\\/\\\/www.instagram.com\\\/tapasmagazine\\\/\",\"https:\\\/\\\/www.linkedin.com\\\/company\\\/tapas-magazine\",\"https:\\\/\\\/es.pinterest.com\\\/tapasmagazine\\\/\",\"https:\\\/\\\/www.youtube.com\\\/channel\\\/UCEyxneAaACuR0lfDagrWjjg?sub_confirmation=1\"]},{\"@type\":\"Person\",\"@id\":\"https:\\\/\\\/www.tapasmagazine.es\\\/#\\\/schema\\\/person\\\/eb46cbe76a9c8f062660eb609e3ecb4e\",\"name\":\"Laura P\u00e9rez\",\"url\":\"https:\\\/\\\/www.tapasmagazine.es\\\/en\\\/author\\\/laura-perez\\\/\"}]}<\/script>\n<!-- \/ Yoast SEO plugin. -->","yoast_head_json":{"title":"A\u00e7a\u00ed boom: from Kim Kardashian's favorite breakfast to global trend - Tapas","description":"Click here to read the Spanish version. Kim Kardashian just confirmed this trend when she transmitted through Instagram her obsession for this small","robots":{"index":"index","follow":"follow","max-snippet":"max-snippet:-1","max-image-preview":"max-image-preview:large","max-video-preview":"max-video-preview:-1"},"canonical":"https:\/\/www.tapasmagazine.es\/en\/acai-boom-from-kim-kardashians-favorite-breakfast-to-global-trend\/","og_locale":"en_US","og_type":"article","og_title":"A\u00e7a\u00ed boom: from Kim Kardashian's favorite breakfast to global trend - Tapas","og_description":"Click here to read the Spanish version. Kim Kardashian just confirmed this trend when she transmitted through Instagram her obsession for this small","og_url":"https:\/\/www.tapasmagazine.es\/en\/acai-boom-from-kim-kardashians-favorite-breakfast-to-global-trend\/","og_site_name":"Tapas","article_publisher":"https:\/\/www.facebook.com\/tapasmagazine","article_published_time":"2023-08-31T11:08:10+00:00","article_modified_time":"2023-08-31T11:11:21+00:00","og_image":[{"width":1200,"height":675,"url":"https:\/\/www.tapasmagazine.es\/wp-content\/uploads\/2023\/08\/boom-acai-kim-tendencia-1.jpg","type":"image\/jpeg"}],"author":"Laura P\u00e9rez","twitter_card":"summary_large_image","twitter_creator":"@TapasMagazine","twitter_site":"@TapasMagazine","twitter_misc":{"Written by":"Laura P\u00e9rez","Est. reading time":"2 minutes"},"schema":{"@context":"https:\/\/schema.org","@graph":[{"@type":"Article","@id":"https:\/\/www.tapasmagazine.es\/en\/acai-boom-from-kim-kardashians-favorite-breakfast-to-global-trend\/#article","isPartOf":{"@id":"https:\/\/www.tapasmagazine.es\/en\/acai-boom-from-kim-kardashians-favorite-breakfast-to-global-trend\/"},"author":{"name":"Laura P\u00e9rez","@id":"https:\/\/www.tapasmagazine.es\/#\/schema\/person\/eb46cbe76a9c8f062660eb609e3ecb4e"},"headline":"A\u00e7a\u00ed boom: from Kim Kardashian&#8217;s favorite breakfast to global trend","datePublished":"2023-08-31T11:08:10+00:00","dateModified":"2023-08-31T11:11:21+00:00","mainEntityOfPage":{"@id":"https:\/\/www.tapasmagazine.es\/en\/acai-boom-from-kim-kardashians-favorite-breakfast-to-global-trend\/"},"wordCount":308,"commentCount":0,"publisher":{"@id":"https:\/\/www.tapasmagazine.es\/#organization"},"image":{"@id":"https:\/\/www.tapasmagazine.es\/en\/acai-boom-from-kim-kardashians-favorite-breakfast-to-global-trend\/#primaryimage"},"thumbnailUrl":"https:\/\/www.tapasmagazine.es\/wp-content\/uploads\/2023\/08\/boom-acai-kim-tendencia-1.jpg","articleSection":["Gastro","News","Nutrici\u00f3n","Saludable","Sin categorizar"],"inLanguage":"en-US","potentialAction":[{"@type":"CommentAction","name":"Comment","target":["https:\/\/www.tapasmagazine.es\/en\/acai-boom-from-kim-kardashians-favorite-breakfast-to-global-trend\/#respond"]}]},{"@type":"WebPage","@id":"https:\/\/www.tapasmagazine.es\/en\/acai-boom-from-kim-kardashians-favorite-breakfast-to-global-trend\/","url":"https:\/\/www.tapasmagazine.es\/en\/acai-boom-from-kim-kardashians-favorite-breakfast-to-global-trend\/","name":"A\u00e7a\u00ed boom: from Kim Kardashian's favorite breakfast to global trend - Tapas","isPartOf":{"@id":"https:\/\/www.tapasmagazine.es\/#website"},"primaryImageOfPage":{"@id":"https:\/\/www.tapasmagazine.es\/en\/acai-boom-from-kim-kardashians-favorite-breakfast-to-global-trend\/#primaryimage"},"image":{"@id":"https:\/\/www.tapasmagazine.es\/en\/acai-boom-from-kim-kardashians-favorite-breakfast-to-global-trend\/#primaryimage"},"thumbnailUrl":"https:\/\/www.tapasmagazine.es\/wp-content\/uploads\/2023\/08\/boom-acai-kim-tendencia-1.jpg","datePublished":"2023-08-31T11:08:10+00:00","dateModified":"2023-08-31T11:11:21+00:00","description":"Click here to read the Spanish version. Kim Kardashian just confirmed this trend when she transmitted through Instagram her obsession for this small","breadcrumb":{"@id":"https:\/\/www.tapasmagazine.es\/en\/acai-boom-from-kim-kardashians-favorite-breakfast-to-global-trend\/#breadcrumb"},"inLanguage":"en-US","potentialAction":[{"@type":"ReadAction","target":["https:\/\/www.tapasmagazine.es\/en\/acai-boom-from-kim-kardashians-favorite-breakfast-to-global-trend\/"]}]},{"@type":"ImageObject","inLanguage":"en-US","@id":"https:\/\/www.tapasmagazine.es\/en\/acai-boom-from-kim-kardashians-favorite-breakfast-to-global-trend\/#primaryimage","url":"https:\/\/www.tapasmagazine.es\/wp-content\/uploads\/2023\/08\/boom-acai-kim-tendencia-1.jpg","contentUrl":"https:\/\/www.tapasmagazine.es\/wp-content\/uploads\/2023\/08\/boom-acai-kim-tendencia-1.jpg","width":1200,"height":675},{"@type":"BreadcrumbList","@id":"https:\/\/www.tapasmagazine.es\/en\/acai-boom-from-kim-kardashians-favorite-breakfast-to-global-trend\/#breadcrumb","itemListElement":[{"@type":"ListItem","position":1,"name":"Portada","item":"https:\/\/www.tapasmagazine.es\/"},{"@type":"ListItem","position":2,"name":"Sin categorizar","item":"https:\/\/www.tapasmagazine.es\/categorias\/sin-categorizar\/"},{"@type":"ListItem","position":3,"name":"A\u00e7a\u00ed boom: from Kim Kardashian&#8217;s favorite breakfast to global trend"}]},{"@type":"WebSite","@id":"https:\/\/www.tapasmagazine.es\/#website","url":"https:\/\/www.tapasmagazine.es\/","name":"Tapas","description":"\u00d1am \u00d1am Lifestyle. La vida a bocados. Premio Nacional de Gastronom\u00eda 2016.","publisher":{"@id":"https:\/\/www.tapasmagazine.es\/#organization"},"potentialAction":[{"@type":"SearchAction","target":{"@type":"EntryPoint","urlTemplate":"https:\/\/www.tapasmagazine.es\/?s={search_term_string}"},"query-input":{"@type":"PropertyValueSpecification","valueRequired":true,"valueName":"search_term_string"}}],"inLanguage":"en-US"},{"@type":"Organization","@id":"https:\/\/www.tapasmagazine.es\/#organization","name":"Tapas Magazine","url":"https:\/\/www.tapasmagazine.es\/","logo":{"@type":"ImageObject","inLanguage":"en-US","@id":"https:\/\/www.tapasmagazine.es\/#\/schema\/logo\/image\/","url":"https:\/\/www.tapasmagazine.es\/wp-content\/uploads\/2018\/01\/logo.png","contentUrl":"https:\/\/www.tapasmagazine.es\/wp-content\/uploads\/2018\/01\/logo.png","width":180,"height":60,"caption":"Tapas Magazine"},"image":{"@id":"https:\/\/www.tapasmagazine.es\/#\/schema\/logo\/image\/"},"sameAs":["https:\/\/www.facebook.com\/tapasmagazine","https:\/\/x.com\/TapasMagazine","https:\/\/www.instagram.com\/tapasmagazine\/","https:\/\/www.linkedin.com\/company\/tapas-magazine","https:\/\/es.pinterest.com\/tapasmagazine\/","https:\/\/www.youtube.com\/channel\/UCEyxneAaACuR0lfDagrWjjg?sub_confirmation=1"]},{"@type":"Person","@id":"https:\/\/www.tapasmagazine.es\/#\/schema\/person\/eb46cbe76a9c8f062660eb609e3ecb4e","name":"Laura P\u00e9rez","url":"https:\/\/www.tapasmagazine.es\/en\/author\/laura-perez\/"}]}},"_links":{"self":[{"href":"https:\/\/www.tapasmagazine.es\/en\/wp-json\/wp\/v2\/posts\/205662","targetHints":{"allow":["GET"]}}],"collection":[{"href":"https:\/\/www.tapasmagazine.es\/en\/wp-json\/wp\/v2\/posts"}],"about":[{"href":"https:\/\/www.tapasmagazine.es\/en\/wp-json\/wp\/v2\/types\/post"}],"author":[{"embeddable":true,"href":"https:\/\/www.tapasmagazine.es\/en\/wp-json\/wp\/v2\/users\/285"}],"replies":[{"embeddable":true,"href":"https:\/\/www.tapasmagazine.es\/en\/wp-json\/wp\/v2\/comments?post=205662"}],"version-history":[{"count":4,"href":"https:\/\/www.tapasmagazine.es\/en\/wp-json\/wp\/v2\/posts\/205662\/revisions"}],"predecessor-version":[{"id":205667,"href":"https:\/\/www.tapasmagazine.es\/en\/wp-json\/wp\/v2\/posts\/205662\/revisions\/205667"}],"wp:featuredmedia":[{"embeddable":true,"href":"https:\/\/www.tapasmagazine.es\/en\/wp-json\/wp\/v2\/media\/205658"}],"wp:attachment":[{"href":"https:\/\/www.tapasmagazine.es\/en\/wp-json\/wp\/v2\/media?parent=205662"}],"wp:term":[{"taxonomy":"category","embeddable":true,"href":"https:\/\/www.tapasmagazine.es\/en\/wp-json\/wp\/v2\/categories?post=205662"},{"taxonomy":"post_tag","embeddable":true,"href":"https:\/\/www.tapasmagazine.es\/en\/wp-json\/wp\/v2\/tags?post=205662"}],"curies":[{"name":"wp","href":"https:\/\/api.w.org\/{rel}","templated":true}]}}