{"id":205628,"date":"2023-08-31T12:02:57","date_gmt":"2023-08-31T10:02:57","guid":{"rendered":"https:\/\/www.tapasmagazine.es\/macan-o-dacan-esta-marca-de-vinos-tendra-que-cambiar-su-nombre-por-parecerse-a-otra\/"},"modified":"2023-08-31T12:06:48","modified_gmt":"2023-08-31T10:06:48","slug":"macan-dacan-this-wine-brand-will-have-to-change-its-name-for-resambling-another-one","status":"publish","type":"post","link":"https:\/\/www.tapasmagazine.es\/en\/macan-dacan-this-wine-brand-will-have-to-change-its-name-for-resambling-another-one\/","title":{"rendered":"Mac\u00e1n or Dac\u00e1n? This wine brand will have to change its name for resembling another one"},"content":{"rendered":"\n<p><strong>Click <a href=\"https:\/\/www.tapasmagazine.es\/macan-o-dacan-esta-marca-de-vinos-tendra-que-cambiar-su-nombre-por-parecerse-a-otra\/\" target=\"_blank\" rel=\"noreferrer noopener\">here<\/a> to read the Spanish version.<\/strong><\/p>\n\n\n\n<p>Vega Sicilia&#8217;s <strong>Mac\u00e1n<\/strong> succeeds in erasing <strong>Dac\u00e1n <\/strong>from the trademark register. This has been ruled by the Supreme Court of Justice of Madrid, for calling to confusion to consumers and harming the group of bankers and winemakers of Ribera del Duero.<\/p>\n\n\n\n<p>The sentence in which these two trademarks were involved or &#8216;confronted&#8217; was resolved last July 27 before the court, in which the claim to annul the registration of the trademark Dac\u00e1n, of the Denominaci\u00f3n de Origen del Duero, which was accepted by the Spanish Patent and Trademark Office in 2022, was upheld.<\/p>\n\n\n<div class=\"wp-block-image\">\n<figure class=\"aligncenter size-large is-resized\"><a href=\"https:\/\/www.tapasmagazine.es\/wp-content\/uploads\/2023\/08\/macan-dacan-tribunal-2.jpg\"><img decoding=\"async\" src=\"https:\/\/www.tapasmagazine.es\/wp-content\/uploads\/2023\/08\/macan-dacan-tribunal-2-819x1024.jpg\" alt=\"\" class=\"wp-image-205622\" style=\"width:1228px;height:1535px\" width=\"1228\" height=\"1535\" srcset=\"https:\/\/www.tapasmagazine.es\/wp-content\/uploads\/2023\/08\/macan-dacan-tribunal-2-819x1024.jpg 819w, https:\/\/www.tapasmagazine.es\/wp-content\/uploads\/2023\/08\/macan-dacan-tribunal-2-240x300.jpg 240w, https:\/\/www.tapasmagazine.es\/wp-content\/uploads\/2023\/08\/macan-dacan-tribunal-2-768x960.jpg 768w, https:\/\/www.tapasmagazine.es\/wp-content\/uploads\/2023\/08\/macan-dacan-tribunal-2-1229x1536.jpg 1229w, https:\/\/www.tapasmagazine.es\/wp-content\/uploads\/2023\/08\/macan-dacan-tribunal-2-1000x1250.jpg 1000w, https:\/\/www.tapasmagazine.es\/wp-content\/uploads\/2023\/08\/macan-dacan-tribunal-2-400x500.jpg 400w, https:\/\/www.tapasmagazine.es\/wp-content\/uploads\/2023\/08\/macan-dacan-tribunal-2.jpg 1440w\" sizes=\"(max-width: 1228px) 100vw, 1228px\" \/><\/a><\/figure>\n<\/div>\n\n\n<p><strong>Vega Clara<\/strong>, a small boutique winery located in Valladolid, registered the trademark &#8216;Dac\u00e1n Vega Clara&#8217; with the SPTO that year. The addition of these last two words was enough to be considered as good enough for its registration, against the appeal filed by Benjamin de Rothschild &amp; Vega Sicilia, as the new trademark incorporated the surname &#8216;Vega Clara&#8217;, which provided it with the necessary distinction.<\/p>\n\n\n\n<p>Taking this context into account, the judgment has now considered conclusive a phonetic similarity between the opposing signs. Both words, Mac\u00e1n and Dac\u00e1n, can be confused in their speech, by creating a highly similar auditory impression. Not only because they have the same number of syllables, he adds, but also because they share the syllable &#8216;can&#8217;, which is the one that &#8216;has the greatest phonetic prominence in both marks&#8217;.<\/p>\n\n\n<div class=\"wp-block-image\">\n<figure class=\"aligncenter size-full is-resized\"><a href=\"https:\/\/www.tapasmagazine.es\/wp-content\/uploads\/2023\/08\/macan-dacan-tribunal-3.jpg\"><img decoding=\"async\" src=\"https:\/\/www.tapasmagazine.es\/wp-content\/uploads\/2023\/08\/macan-dacan-tribunal-3.jpg\" alt=\"\" class=\"wp-image-205624\" style=\"width:1228px;height:706px\" width=\"1228\" height=\"706\" srcset=\"https:\/\/www.tapasmagazine.es\/wp-content\/uploads\/2023\/08\/macan-dacan-tribunal-3.jpg 778w, https:\/\/www.tapasmagazine.es\/wp-content\/uploads\/2023\/08\/macan-dacan-tribunal-3-300x172.jpg 300w, https:\/\/www.tapasmagazine.es\/wp-content\/uploads\/2023\/08\/macan-dacan-tribunal-3-768x441.jpg 768w, https:\/\/www.tapasmagazine.es\/wp-content\/uploads\/2023\/08\/macan-dacan-tribunal-3-400x230.jpg 400w\" sizes=\"(max-width: 1228px) 100vw, 1228px\" \/><\/a><\/figure>\n<\/div>\n\n\n<p>Thus, the appeal was upheld and the defendant was ordered to pay the costs. Currently, on its website, the wine appears renamed as <strong>D&#8217;Acann<\/strong>, although the bottles retain the original denomination.<\/p>\n","protected":false},"excerpt":{"rendered":"<p>Click here to read the Spanish version. Vega Sicilia&#8217;s Mac\u00e1n succeeds in erasing Dac\u00e1n from the trademark register. This has been ruled by the Supreme Court of Justice of Madrid, for calling to confusion to consumers and harming the group of bankers and winemakers of Ribera del Duero. The sentence in which these two trademarks [&hellip;]<\/p>\n","protected":false},"author":285,"featured_media":205621,"comment_status":"open","ping_status":"closed","sticky":false,"template":"single-feature.php","format":"standard","meta":{"_acf_changed":false,"footnotes":""},"categories":[15802],"tags":[15907],"class_list":["post-205628","post","type-post","status-publish","format-standard","has-post-thumbnail","hentry","category-news","tag-vino-en","cat-15802-id"],"acf":[],"yoast_head":"<!-- This site is optimized with the Yoast SEO plugin v27.5 - https:\/\/yoast.com\/product\/yoast-seo-wordpress\/ -->\n<title>Mac\u00e1n or Dac\u00e1n? This wine brand will have to change its name for resembling another one - Tapas<\/title>\n<meta name=\"description\" content=\"Click here to read the Spanish version. Vega Sicilia&#039;s Mac\u00e1n succeeds in erasing Dac\u00e1n from the trademark register. This has been ruled by the Supreme\" \/>\n<meta name=\"robots\" content=\"index, follow, max-snippet:-1, max-image-preview:large, max-video-preview:-1\" \/>\n<link rel=\"canonical\" href=\"https:\/\/www.tapasmagazine.es\/en\/macan-dacan-this-wine-brand-will-have-to-change-its-name-for-resambling-another-one\/\" \/>\n<meta property=\"og:locale\" content=\"en_US\" \/>\n<meta property=\"og:type\" content=\"article\" \/>\n<meta property=\"og:title\" content=\"Mac\u00e1n or Dac\u00e1n? This wine brand will have to change its name for resembling another one - Tapas\" \/>\n<meta property=\"og:description\" content=\"Click here to read the Spanish version. Vega Sicilia&#039;s Mac\u00e1n succeeds in erasing Dac\u00e1n from the trademark register. This has been ruled by the Supreme\" \/>\n<meta property=\"og:url\" content=\"https:\/\/www.tapasmagazine.es\/en\/macan-dacan-this-wine-brand-will-have-to-change-its-name-for-resambling-another-one\/\" \/>\n<meta property=\"og:site_name\" content=\"Tapas\" \/>\n<meta property=\"article:publisher\" content=\"https:\/\/www.facebook.com\/tapasmagazine\" \/>\n<meta property=\"article:published_time\" content=\"2023-08-31T10:02:57+00:00\" \/>\n<meta property=\"article:modified_time\" content=\"2023-08-31T10:06:48+00:00\" \/>\n<meta property=\"og:image\" content=\"https:\/\/www.tapasmagazine.es\/wp-content\/uploads\/2023\/08\/macan-dacan-tribunal-1.jpg\" \/>\n\t<meta property=\"og:image:width\" content=\"1200\" \/>\n\t<meta property=\"og:image:height\" content=\"675\" \/>\n\t<meta property=\"og:image:type\" content=\"image\/jpeg\" \/>\n<meta name=\"author\" content=\"Laura P\u00e9rez\" \/>\n<meta name=\"twitter:card\" content=\"summary_large_image\" \/>\n<meta name=\"twitter:creator\" content=\"@TapasMagazine\" \/>\n<meta name=\"twitter:site\" content=\"@TapasMagazine\" \/>\n<meta name=\"twitter:label1\" content=\"Written by\" \/>\n\t<meta name=\"twitter:data1\" content=\"Laura P\u00e9rez\" \/>\n\t<meta name=\"twitter:label2\" content=\"Est. reading time\" \/>\n\t<meta name=\"twitter:data2\" content=\"2 minutes\" \/>\n<script type=\"application\/ld+json\" class=\"yoast-schema-graph\">{\"@context\":\"https:\\\/\\\/schema.org\",\"@graph\":[{\"@type\":\"Article\",\"@id\":\"https:\\\/\\\/www.tapasmagazine.es\\\/en\\\/macan-dacan-this-wine-brand-will-have-to-change-its-name-for-resambling-another-one\\\/#article\",\"isPartOf\":{\"@id\":\"https:\\\/\\\/www.tapasmagazine.es\\\/en\\\/macan-dacan-this-wine-brand-will-have-to-change-its-name-for-resambling-another-one\\\/\"},\"author\":{\"name\":\"Laura P\u00e9rez\",\"@id\":\"https:\\\/\\\/www.tapasmagazine.es\\\/#\\\/schema\\\/person\\\/eb46cbe76a9c8f062660eb609e3ecb4e\"},\"headline\":\"Mac\u00e1n or Dac\u00e1n? This wine brand will have to change its name for resembling another one\",\"datePublished\":\"2023-08-31T10:02:57+00:00\",\"dateModified\":\"2023-08-31T10:06:48+00:00\",\"mainEntityOfPage\":{\"@id\":\"https:\\\/\\\/www.tapasmagazine.es\\\/en\\\/macan-dacan-this-wine-brand-will-have-to-change-its-name-for-resambling-another-one\\\/\"},\"wordCount\":290,\"commentCount\":0,\"publisher\":{\"@id\":\"https:\\\/\\\/www.tapasmagazine.es\\\/#organization\"},\"image\":{\"@id\":\"https:\\\/\\\/www.tapasmagazine.es\\\/en\\\/macan-dacan-this-wine-brand-will-have-to-change-its-name-for-resambling-another-one\\\/#primaryimage\"},\"thumbnailUrl\":\"https:\\\/\\\/www.tapasmagazine.es\\\/wp-content\\\/uploads\\\/2023\\\/08\\\/macan-dacan-tribunal-1.jpg\",\"keywords\":[\"vino\"],\"articleSection\":[\"News\"],\"inLanguage\":\"en-US\",\"potentialAction\":[{\"@type\":\"CommentAction\",\"name\":\"Comment\",\"target\":[\"https:\\\/\\\/www.tapasmagazine.es\\\/en\\\/macan-dacan-this-wine-brand-will-have-to-change-its-name-for-resambling-another-one\\\/#respond\"]}]},{\"@type\":\"WebPage\",\"@id\":\"https:\\\/\\\/www.tapasmagazine.es\\\/en\\\/macan-dacan-this-wine-brand-will-have-to-change-its-name-for-resambling-another-one\\\/\",\"url\":\"https:\\\/\\\/www.tapasmagazine.es\\\/en\\\/macan-dacan-this-wine-brand-will-have-to-change-its-name-for-resambling-another-one\\\/\",\"name\":\"Mac\u00e1n or Dac\u00e1n? This wine brand will have to change its name for resembling another one - Tapas\",\"isPartOf\":{\"@id\":\"https:\\\/\\\/www.tapasmagazine.es\\\/#website\"},\"primaryImageOfPage\":{\"@id\":\"https:\\\/\\\/www.tapasmagazine.es\\\/en\\\/macan-dacan-this-wine-brand-will-have-to-change-its-name-for-resambling-another-one\\\/#primaryimage\"},\"image\":{\"@id\":\"https:\\\/\\\/www.tapasmagazine.es\\\/en\\\/macan-dacan-this-wine-brand-will-have-to-change-its-name-for-resambling-another-one\\\/#primaryimage\"},\"thumbnailUrl\":\"https:\\\/\\\/www.tapasmagazine.es\\\/wp-content\\\/uploads\\\/2023\\\/08\\\/macan-dacan-tribunal-1.jpg\",\"datePublished\":\"2023-08-31T10:02:57+00:00\",\"dateModified\":\"2023-08-31T10:06:48+00:00\",\"description\":\"Click here to read the Spanish version. Vega Sicilia's Mac\u00e1n succeeds in erasing Dac\u00e1n from the trademark register. This has been ruled by the Supreme\",\"breadcrumb\":{\"@id\":\"https:\\\/\\\/www.tapasmagazine.es\\\/en\\\/macan-dacan-this-wine-brand-will-have-to-change-its-name-for-resambling-another-one\\\/#breadcrumb\"},\"inLanguage\":\"en-US\",\"potentialAction\":[{\"@type\":\"ReadAction\",\"target\":[\"https:\\\/\\\/www.tapasmagazine.es\\\/en\\\/macan-dacan-this-wine-brand-will-have-to-change-its-name-for-resambling-another-one\\\/\"]}]},{\"@type\":\"ImageObject\",\"inLanguage\":\"en-US\",\"@id\":\"https:\\\/\\\/www.tapasmagazine.es\\\/en\\\/macan-dacan-this-wine-brand-will-have-to-change-its-name-for-resambling-another-one\\\/#primaryimage\",\"url\":\"https:\\\/\\\/www.tapasmagazine.es\\\/wp-content\\\/uploads\\\/2023\\\/08\\\/macan-dacan-tribunal-1.jpg\",\"contentUrl\":\"https:\\\/\\\/www.tapasmagazine.es\\\/wp-content\\\/uploads\\\/2023\\\/08\\\/macan-dacan-tribunal-1.jpg\",\"width\":1200,\"height\":675},{\"@type\":\"BreadcrumbList\",\"@id\":\"https:\\\/\\\/www.tapasmagazine.es\\\/en\\\/macan-dacan-this-wine-brand-will-have-to-change-its-name-for-resambling-another-one\\\/#breadcrumb\",\"itemListElement\":[{\"@type\":\"ListItem\",\"position\":1,\"name\":\"Portada\",\"item\":\"https:\\\/\\\/www.tapasmagazine.es\\\/\"},{\"@type\":\"ListItem\",\"position\":2,\"name\":\"News\",\"item\":\"https:\\\/\\\/www.tapasmagazine.es\\\/en\\\/categorias\\\/news\\\/\"},{\"@type\":\"ListItem\",\"position\":3,\"name\":\"Mac\u00e1n or Dac\u00e1n? This wine brand will have to change its name for resembling another one\"}]},{\"@type\":\"WebSite\",\"@id\":\"https:\\\/\\\/www.tapasmagazine.es\\\/#website\",\"url\":\"https:\\\/\\\/www.tapasmagazine.es\\\/\",\"name\":\"Tapas\",\"description\":\"\u00d1am \u00d1am Lifestyle. La vida a bocados. Premio Nacional de Gastronom\u00eda 2016.\",\"publisher\":{\"@id\":\"https:\\\/\\\/www.tapasmagazine.es\\\/#organization\"},\"potentialAction\":[{\"@type\":\"SearchAction\",\"target\":{\"@type\":\"EntryPoint\",\"urlTemplate\":\"https:\\\/\\\/www.tapasmagazine.es\\\/?s={search_term_string}\"},\"query-input\":{\"@type\":\"PropertyValueSpecification\",\"valueRequired\":true,\"valueName\":\"search_term_string\"}}],\"inLanguage\":\"en-US\"},{\"@type\":\"Organization\",\"@id\":\"https:\\\/\\\/www.tapasmagazine.es\\\/#organization\",\"name\":\"Tapas Magazine\",\"url\":\"https:\\\/\\\/www.tapasmagazine.es\\\/\",\"logo\":{\"@type\":\"ImageObject\",\"inLanguage\":\"en-US\",\"@id\":\"https:\\\/\\\/www.tapasmagazine.es\\\/#\\\/schema\\\/logo\\\/image\\\/\",\"url\":\"https:\\\/\\\/www.tapasmagazine.es\\\/wp-content\\\/uploads\\\/2018\\\/01\\\/logo.png\",\"contentUrl\":\"https:\\\/\\\/www.tapasmagazine.es\\\/wp-content\\\/uploads\\\/2018\\\/01\\\/logo.png\",\"width\":180,\"height\":60,\"caption\":\"Tapas Magazine\"},\"image\":{\"@id\":\"https:\\\/\\\/www.tapasmagazine.es\\\/#\\\/schema\\\/logo\\\/image\\\/\"},\"sameAs\":[\"https:\\\/\\\/www.facebook.com\\\/tapasmagazine\",\"https:\\\/\\\/x.com\\\/TapasMagazine\",\"https:\\\/\\\/www.instagram.com\\\/tapasmagazine\\\/\",\"https:\\\/\\\/www.linkedin.com\\\/company\\\/tapas-magazine\",\"https:\\\/\\\/es.pinterest.com\\\/tapasmagazine\\\/\",\"https:\\\/\\\/www.youtube.com\\\/channel\\\/UCEyxneAaACuR0lfDagrWjjg?sub_confirmation=1\"]},{\"@type\":\"Person\",\"@id\":\"https:\\\/\\\/www.tapasmagazine.es\\\/#\\\/schema\\\/person\\\/eb46cbe76a9c8f062660eb609e3ecb4e\",\"name\":\"Laura P\u00e9rez\",\"url\":\"https:\\\/\\\/www.tapasmagazine.es\\\/en\\\/author\\\/laura-perez\\\/\"}]}<\/script>\n<!-- \/ Yoast SEO plugin. -->","yoast_head_json":{"title":"Mac\u00e1n or Dac\u00e1n? This wine brand will have to change its name for resembling another one - Tapas","description":"Click here to read the Spanish version. Vega Sicilia's Mac\u00e1n succeeds in erasing Dac\u00e1n from the trademark register. This has been ruled by the Supreme","robots":{"index":"index","follow":"follow","max-snippet":"max-snippet:-1","max-image-preview":"max-image-preview:large","max-video-preview":"max-video-preview:-1"},"canonical":"https:\/\/www.tapasmagazine.es\/en\/macan-dacan-this-wine-brand-will-have-to-change-its-name-for-resambling-another-one\/","og_locale":"en_US","og_type":"article","og_title":"Mac\u00e1n or Dac\u00e1n? This wine brand will have to change its name for resembling another one - Tapas","og_description":"Click here to read the Spanish version. Vega Sicilia's Mac\u00e1n succeeds in erasing Dac\u00e1n from the trademark register. This has been ruled by the Supreme","og_url":"https:\/\/www.tapasmagazine.es\/en\/macan-dacan-this-wine-brand-will-have-to-change-its-name-for-resambling-another-one\/","og_site_name":"Tapas","article_publisher":"https:\/\/www.facebook.com\/tapasmagazine","article_published_time":"2023-08-31T10:02:57+00:00","article_modified_time":"2023-08-31T10:06:48+00:00","og_image":[{"width":1200,"height":675,"url":"https:\/\/www.tapasmagazine.es\/wp-content\/uploads\/2023\/08\/macan-dacan-tribunal-1.jpg","type":"image\/jpeg"}],"author":"Laura P\u00e9rez","twitter_card":"summary_large_image","twitter_creator":"@TapasMagazine","twitter_site":"@TapasMagazine","twitter_misc":{"Written by":"Laura P\u00e9rez","Est. reading time":"2 minutes"},"schema":{"@context":"https:\/\/schema.org","@graph":[{"@type":"Article","@id":"https:\/\/www.tapasmagazine.es\/en\/macan-dacan-this-wine-brand-will-have-to-change-its-name-for-resambling-another-one\/#article","isPartOf":{"@id":"https:\/\/www.tapasmagazine.es\/en\/macan-dacan-this-wine-brand-will-have-to-change-its-name-for-resambling-another-one\/"},"author":{"name":"Laura P\u00e9rez","@id":"https:\/\/www.tapasmagazine.es\/#\/schema\/person\/eb46cbe76a9c8f062660eb609e3ecb4e"},"headline":"Mac\u00e1n or Dac\u00e1n? This wine brand will have to change its name for resembling another one","datePublished":"2023-08-31T10:02:57+00:00","dateModified":"2023-08-31T10:06:48+00:00","mainEntityOfPage":{"@id":"https:\/\/www.tapasmagazine.es\/en\/macan-dacan-this-wine-brand-will-have-to-change-its-name-for-resambling-another-one\/"},"wordCount":290,"commentCount":0,"publisher":{"@id":"https:\/\/www.tapasmagazine.es\/#organization"},"image":{"@id":"https:\/\/www.tapasmagazine.es\/en\/macan-dacan-this-wine-brand-will-have-to-change-its-name-for-resambling-another-one\/#primaryimage"},"thumbnailUrl":"https:\/\/www.tapasmagazine.es\/wp-content\/uploads\/2023\/08\/macan-dacan-tribunal-1.jpg","keywords":["vino"],"articleSection":["News"],"inLanguage":"en-US","potentialAction":[{"@type":"CommentAction","name":"Comment","target":["https:\/\/www.tapasmagazine.es\/en\/macan-dacan-this-wine-brand-will-have-to-change-its-name-for-resambling-another-one\/#respond"]}]},{"@type":"WebPage","@id":"https:\/\/www.tapasmagazine.es\/en\/macan-dacan-this-wine-brand-will-have-to-change-its-name-for-resambling-another-one\/","url":"https:\/\/www.tapasmagazine.es\/en\/macan-dacan-this-wine-brand-will-have-to-change-its-name-for-resambling-another-one\/","name":"Mac\u00e1n or Dac\u00e1n? This wine brand will have to change its name for resembling another one - Tapas","isPartOf":{"@id":"https:\/\/www.tapasmagazine.es\/#website"},"primaryImageOfPage":{"@id":"https:\/\/www.tapasmagazine.es\/en\/macan-dacan-this-wine-brand-will-have-to-change-its-name-for-resambling-another-one\/#primaryimage"},"image":{"@id":"https:\/\/www.tapasmagazine.es\/en\/macan-dacan-this-wine-brand-will-have-to-change-its-name-for-resambling-another-one\/#primaryimage"},"thumbnailUrl":"https:\/\/www.tapasmagazine.es\/wp-content\/uploads\/2023\/08\/macan-dacan-tribunal-1.jpg","datePublished":"2023-08-31T10:02:57+00:00","dateModified":"2023-08-31T10:06:48+00:00","description":"Click here to read the Spanish version. Vega Sicilia's Mac\u00e1n succeeds in erasing Dac\u00e1n from the trademark register. This has been ruled by the Supreme","breadcrumb":{"@id":"https:\/\/www.tapasmagazine.es\/en\/macan-dacan-this-wine-brand-will-have-to-change-its-name-for-resambling-another-one\/#breadcrumb"},"inLanguage":"en-US","potentialAction":[{"@type":"ReadAction","target":["https:\/\/www.tapasmagazine.es\/en\/macan-dacan-this-wine-brand-will-have-to-change-its-name-for-resambling-another-one\/"]}]},{"@type":"ImageObject","inLanguage":"en-US","@id":"https:\/\/www.tapasmagazine.es\/en\/macan-dacan-this-wine-brand-will-have-to-change-its-name-for-resambling-another-one\/#primaryimage","url":"https:\/\/www.tapasmagazine.es\/wp-content\/uploads\/2023\/08\/macan-dacan-tribunal-1.jpg","contentUrl":"https:\/\/www.tapasmagazine.es\/wp-content\/uploads\/2023\/08\/macan-dacan-tribunal-1.jpg","width":1200,"height":675},{"@type":"BreadcrumbList","@id":"https:\/\/www.tapasmagazine.es\/en\/macan-dacan-this-wine-brand-will-have-to-change-its-name-for-resambling-another-one\/#breadcrumb","itemListElement":[{"@type":"ListItem","position":1,"name":"Portada","item":"https:\/\/www.tapasmagazine.es\/"},{"@type":"ListItem","position":2,"name":"News","item":"https:\/\/www.tapasmagazine.es\/en\/categorias\/news\/"},{"@type":"ListItem","position":3,"name":"Mac\u00e1n or Dac\u00e1n? This wine brand will have to change its name for resembling another one"}]},{"@type":"WebSite","@id":"https:\/\/www.tapasmagazine.es\/#website","url":"https:\/\/www.tapasmagazine.es\/","name":"Tapas","description":"\u00d1am \u00d1am Lifestyle. La vida a bocados. Premio Nacional de Gastronom\u00eda 2016.","publisher":{"@id":"https:\/\/www.tapasmagazine.es\/#organization"},"potentialAction":[{"@type":"SearchAction","target":{"@type":"EntryPoint","urlTemplate":"https:\/\/www.tapasmagazine.es\/?s={search_term_string}"},"query-input":{"@type":"PropertyValueSpecification","valueRequired":true,"valueName":"search_term_string"}}],"inLanguage":"en-US"},{"@type":"Organization","@id":"https:\/\/www.tapasmagazine.es\/#organization","name":"Tapas Magazine","url":"https:\/\/www.tapasmagazine.es\/","logo":{"@type":"ImageObject","inLanguage":"en-US","@id":"https:\/\/www.tapasmagazine.es\/#\/schema\/logo\/image\/","url":"https:\/\/www.tapasmagazine.es\/wp-content\/uploads\/2018\/01\/logo.png","contentUrl":"https:\/\/www.tapasmagazine.es\/wp-content\/uploads\/2018\/01\/logo.png","width":180,"height":60,"caption":"Tapas Magazine"},"image":{"@id":"https:\/\/www.tapasmagazine.es\/#\/schema\/logo\/image\/"},"sameAs":["https:\/\/www.facebook.com\/tapasmagazine","https:\/\/x.com\/TapasMagazine","https:\/\/www.instagram.com\/tapasmagazine\/","https:\/\/www.linkedin.com\/company\/tapas-magazine","https:\/\/es.pinterest.com\/tapasmagazine\/","https:\/\/www.youtube.com\/channel\/UCEyxneAaACuR0lfDagrWjjg?sub_confirmation=1"]},{"@type":"Person","@id":"https:\/\/www.tapasmagazine.es\/#\/schema\/person\/eb46cbe76a9c8f062660eb609e3ecb4e","name":"Laura P\u00e9rez","url":"https:\/\/www.tapasmagazine.es\/en\/author\/laura-perez\/"}]}},"_links":{"self":[{"href":"https:\/\/www.tapasmagazine.es\/en\/wp-json\/wp\/v2\/posts\/205628","targetHints":{"allow":["GET"]}}],"collection":[{"href":"https:\/\/www.tapasmagazine.es\/en\/wp-json\/wp\/v2\/posts"}],"about":[{"href":"https:\/\/www.tapasmagazine.es\/en\/wp-json\/wp\/v2\/types\/post"}],"author":[{"embeddable":true,"href":"https:\/\/www.tapasmagazine.es\/en\/wp-json\/wp\/v2\/users\/285"}],"replies":[{"embeddable":true,"href":"https:\/\/www.tapasmagazine.es\/en\/wp-json\/wp\/v2\/comments?post=205628"}],"version-history":[{"count":4,"href":"https:\/\/www.tapasmagazine.es\/en\/wp-json\/wp\/v2\/posts\/205628\/revisions"}],"predecessor-version":[{"id":205634,"href":"https:\/\/www.tapasmagazine.es\/en\/wp-json\/wp\/v2\/posts\/205628\/revisions\/205634"}],"wp:featuredmedia":[{"embeddable":true,"href":"https:\/\/www.tapasmagazine.es\/en\/wp-json\/wp\/v2\/media\/205621"}],"wp:attachment":[{"href":"https:\/\/www.tapasmagazine.es\/en\/wp-json\/wp\/v2\/media?parent=205628"}],"wp:term":[{"taxonomy":"category","embeddable":true,"href":"https:\/\/www.tapasmagazine.es\/en\/wp-json\/wp\/v2\/categories?post=205628"},{"taxonomy":"post_tag","embeddable":true,"href":"https:\/\/www.tapasmagazine.es\/en\/wp-json\/wp\/v2\/tags?post=205628"}],"curies":[{"name":"wp","href":"https:\/\/api.w.org\/{rel}","templated":true}]}}