{"id":205273,"date":"2023-08-29T12:09:13","date_gmt":"2023-08-29T10:09:13","guid":{"rendered":"https:\/\/www.tapasmagazine.es\/jose-andres-abrira-las-puertas-de-un-nuevo-zaytinya-en-miami\/"},"modified":"2023-08-29T12:12:04","modified_gmt":"2023-08-29T10:12:04","slug":"jose-andres-to-open-the-doors-of-a-new-zaytinya-in-miami","status":"publish","type":"post","link":"https:\/\/www.tapasmagazine.es\/en\/jose-andres-to-open-the-doors-of-a-new-zaytinya-in-miami\/","title":{"rendered":"Jos\u00e9 Andr\u00e9s to open the doors of a new &#8216;Zaytinya&#8217; in Miami"},"content":{"rendered":"\n<p><strong>Click <a href=\"https:\/\/www.tapasmagazine.es\/jose-andres-abrira-las-puertas-de-un-nuevo-zaytinya-en-miami\/\" target=\"_blank\" rel=\"noreferrer noopener\">here<\/a> to read the Spanish version.<\/strong><\/p>\n\n\n\n<p>The iconic chef and founder of &#8216;<strong>World Central Kitchen<\/strong>&#8216;, returns to <strong>Miami Beach<\/strong> with a new restaurant at <strong>The Ritz-Carlton<\/strong>, South Beach.<\/p>\n\n\n\n<p>The<strong> Jos\u00e9 Andr\u00e9s Group<\/strong>, which manages more than 30 restaurants in the United States, Bahamas and United Arab Emirates, will take over all food and beverage operations at the luxury hotel, including the restaurants, lobby bar, Ritz Club lounge and in-room dining.<\/p>\n\n\n<div class=\"wp-block-image\">\n<figure class=\"aligncenter size-large is-resized\"><a href=\"https:\/\/www.tapasmagazine.es\/wp-content\/uploads\/2023\/08\/chef-jose-andres-abre-restaurante-miami-2.webp\"><img decoding=\"async\" src=\"https:\/\/www.tapasmagazine.es\/wp-content\/uploads\/2023\/08\/chef-jose-andres-abre-restaurante-miami-2-1024x576.webp\" alt=\"\" class=\"wp-image-205269\" style=\"width:956px;height:538px\" width=\"956\" height=\"538\" srcset=\"https:\/\/www.tapasmagazine.es\/wp-content\/uploads\/2023\/08\/chef-jose-andres-abre-restaurante-miami-2-1024x576.webp 1024w, https:\/\/www.tapasmagazine.es\/wp-content\/uploads\/2023\/08\/chef-jose-andres-abre-restaurante-miami-2-300x169.webp 300w, https:\/\/www.tapasmagazine.es\/wp-content\/uploads\/2023\/08\/chef-jose-andres-abre-restaurante-miami-2-768x432.webp 768w, https:\/\/www.tapasmagazine.es\/wp-content\/uploads\/2023\/08\/chef-jose-andres-abre-restaurante-miami-2-1536x864.webp 1536w, https:\/\/www.tapasmagazine.es\/wp-content\/uploads\/2023\/08\/chef-jose-andres-abre-restaurante-miami-2-2048x1152.webp 2048w, https:\/\/www.tapasmagazine.es\/wp-content\/uploads\/2023\/08\/chef-jose-andres-abre-restaurante-miami-2-1200x675.webp 1200w, https:\/\/www.tapasmagazine.es\/wp-content\/uploads\/2023\/08\/chef-jose-andres-abre-restaurante-miami-2-1000x563.webp 1000w, https:\/\/www.tapasmagazine.es\/wp-content\/uploads\/2023\/08\/chef-jose-andres-abre-restaurante-miami-2-400x225.webp 400w\" sizes=\"(max-width: 956px) 100vw, 956px\" \/><\/a><\/figure>\n<\/div>\n\n\n<p>The new Zaytinya, which will replace the space of the existing Mediterranean restaurant &#8216;<strong>Fuego y Mar<\/strong>&#8216;, will become the third location for Zaytinya, which first opened in 2002 in Washington D.C. and in 2022 in New York.<\/p>\n\n\n\n<p>Details about the menu, nor the closing date of &#8216;Fuego y Mar&#8217; have not yet been revealed, but the group expects to open Zaytinya by the end of 2023. However, in line with the restaurant, it is expected to feature an innovative menu inspired by Turkish, Greek and Lebanese cuisines served in a sleek, modern new space.<\/p>\n","protected":false},"excerpt":{"rendered":"<p>Click here to read the Spanish version. The iconic chef and founder of &#8216;World Central Kitchen&#8216;, returns to Miami Beach with a new restaurant at The Ritz-Carlton, South Beach. The Jos\u00e9 Andr\u00e9s Group, which manages more than 30 restaurants in the United States, Bahamas and United Arab Emirates, will take over all food and beverage [&hellip;]<\/p>\n","protected":false},"author":285,"featured_media":205268,"comment_status":"open","ping_status":"closed","sticky":false,"template":"single-feature.php","format":"standard","meta":{"_acf_changed":false,"footnotes":""},"categories":[15802],"tags":[15824,15905,15803],"class_list":["post-205273","post","type-post","status-publish","format-standard","has-post-thumbnail","hentry","category-news","tag-gastronomia-en","tag-jose-andres-2-en","tag-restaurants","cat-15802-id"],"acf":[],"yoast_head":"<!-- This site is optimized with the Yoast SEO plugin v27.5 - https:\/\/yoast.com\/product\/yoast-seo-wordpress\/ -->\n<title>Jos\u00e9 Andr\u00e9s to open the doors of a new &#039;Zaytinya&#039; in Miami - Tapas<\/title>\n<meta name=\"description\" content=\"Click here to read the Spanish version. The iconic chef and founder of &#039;World Central Kitchen&#039;, returns to Miami Beach with a new restaurant at The\" \/>\n<meta name=\"robots\" content=\"index, follow, max-snippet:-1, max-image-preview:large, max-video-preview:-1\" \/>\n<link rel=\"canonical\" href=\"https:\/\/www.tapasmagazine.es\/en\/jose-andres-to-open-the-doors-of-a-new-zaytinya-in-miami\/\" \/>\n<meta property=\"og:locale\" content=\"en_US\" \/>\n<meta property=\"og:type\" content=\"article\" \/>\n<meta property=\"og:title\" content=\"Jos\u00e9 Andr\u00e9s to open the doors of a new &#039;Zaytinya&#039; in Miami - Tapas\" \/>\n<meta property=\"og:description\" content=\"Click here to read the Spanish version. The iconic chef and founder of &#039;World Central Kitchen&#039;, returns to Miami Beach with a new restaurant at The\" \/>\n<meta property=\"og:url\" content=\"https:\/\/www.tapasmagazine.es\/en\/jose-andres-to-open-the-doors-of-a-new-zaytinya-in-miami\/\" \/>\n<meta property=\"og:site_name\" content=\"Tapas\" \/>\n<meta property=\"article:publisher\" content=\"https:\/\/www.facebook.com\/tapasmagazine\" \/>\n<meta property=\"article:published_time\" content=\"2023-08-29T10:09:13+00:00\" \/>\n<meta property=\"article:modified_time\" content=\"2023-08-29T10:12:04+00:00\" \/>\n<meta property=\"og:image\" content=\"https:\/\/www.tapasmagazine.es\/wp-content\/uploads\/2023\/08\/chef-jose-andres-abre-restaurante-miami-1.jpg\" \/>\n\t<meta property=\"og:image:width\" content=\"1200\" \/>\n\t<meta property=\"og:image:height\" content=\"675\" \/>\n\t<meta property=\"og:image:type\" content=\"image\/jpeg\" \/>\n<meta name=\"author\" content=\"Laura P\u00e9rez\" \/>\n<meta name=\"twitter:card\" content=\"summary_large_image\" \/>\n<meta name=\"twitter:creator\" content=\"@TapasMagazine\" \/>\n<meta name=\"twitter:site\" content=\"@TapasMagazine\" \/>\n<meta name=\"twitter:label1\" content=\"Written by\" \/>\n\t<meta name=\"twitter:data1\" content=\"Laura P\u00e9rez\" \/>\n\t<meta name=\"twitter:label2\" content=\"Est. reading time\" \/>\n\t<meta name=\"twitter:data2\" content=\"1 minute\" \/>\n<script type=\"application\/ld+json\" class=\"yoast-schema-graph\">{\"@context\":\"https:\\\/\\\/schema.org\",\"@graph\":[{\"@type\":\"Article\",\"@id\":\"https:\\\/\\\/www.tapasmagazine.es\\\/en\\\/jose-andres-to-open-the-doors-of-a-new-zaytinya-in-miami\\\/#article\",\"isPartOf\":{\"@id\":\"https:\\\/\\\/www.tapasmagazine.es\\\/en\\\/jose-andres-to-open-the-doors-of-a-new-zaytinya-in-miami\\\/\"},\"author\":{\"name\":\"Laura P\u00e9rez\",\"@id\":\"https:\\\/\\\/www.tapasmagazine.es\\\/#\\\/schema\\\/person\\\/eb46cbe76a9c8f062660eb609e3ecb4e\"},\"headline\":\"Jos\u00e9 Andr\u00e9s to open the doors of a new &#8216;Zaytinya&#8217; in Miami\",\"datePublished\":\"2023-08-29T10:09:13+00:00\",\"dateModified\":\"2023-08-29T10:12:04+00:00\",\"mainEntityOfPage\":{\"@id\":\"https:\\\/\\\/www.tapasmagazine.es\\\/en\\\/jose-andres-to-open-the-doors-of-a-new-zaytinya-in-miami\\\/\"},\"wordCount\":176,\"commentCount\":0,\"publisher\":{\"@id\":\"https:\\\/\\\/www.tapasmagazine.es\\\/#organization\"},\"image\":{\"@id\":\"https:\\\/\\\/www.tapasmagazine.es\\\/en\\\/jose-andres-to-open-the-doors-of-a-new-zaytinya-in-miami\\\/#primaryimage\"},\"thumbnailUrl\":\"https:\\\/\\\/www.tapasmagazine.es\\\/wp-content\\\/uploads\\\/2023\\\/08\\\/chef-jose-andres-abre-restaurante-miami-1.jpg\",\"keywords\":[\"gastronom\u00eda\",\"Jos\u00e9 Andr\u00e9s\",\"restaurants\"],\"articleSection\":[\"News\"],\"inLanguage\":\"en-US\",\"potentialAction\":[{\"@type\":\"CommentAction\",\"name\":\"Comment\",\"target\":[\"https:\\\/\\\/www.tapasmagazine.es\\\/en\\\/jose-andres-to-open-the-doors-of-a-new-zaytinya-in-miami\\\/#respond\"]}]},{\"@type\":\"WebPage\",\"@id\":\"https:\\\/\\\/www.tapasmagazine.es\\\/en\\\/jose-andres-to-open-the-doors-of-a-new-zaytinya-in-miami\\\/\",\"url\":\"https:\\\/\\\/www.tapasmagazine.es\\\/en\\\/jose-andres-to-open-the-doors-of-a-new-zaytinya-in-miami\\\/\",\"name\":\"Jos\u00e9 Andr\u00e9s to open the doors of a new 'Zaytinya' in Miami - Tapas\",\"isPartOf\":{\"@id\":\"https:\\\/\\\/www.tapasmagazine.es\\\/#website\"},\"primaryImageOfPage\":{\"@id\":\"https:\\\/\\\/www.tapasmagazine.es\\\/en\\\/jose-andres-to-open-the-doors-of-a-new-zaytinya-in-miami\\\/#primaryimage\"},\"image\":{\"@id\":\"https:\\\/\\\/www.tapasmagazine.es\\\/en\\\/jose-andres-to-open-the-doors-of-a-new-zaytinya-in-miami\\\/#primaryimage\"},\"thumbnailUrl\":\"https:\\\/\\\/www.tapasmagazine.es\\\/wp-content\\\/uploads\\\/2023\\\/08\\\/chef-jose-andres-abre-restaurante-miami-1.jpg\",\"datePublished\":\"2023-08-29T10:09:13+00:00\",\"dateModified\":\"2023-08-29T10:12:04+00:00\",\"description\":\"Click here to read the Spanish version. The iconic chef and founder of 'World Central Kitchen', returns to Miami Beach with a new restaurant at The\",\"breadcrumb\":{\"@id\":\"https:\\\/\\\/www.tapasmagazine.es\\\/en\\\/jose-andres-to-open-the-doors-of-a-new-zaytinya-in-miami\\\/#breadcrumb\"},\"inLanguage\":\"en-US\",\"potentialAction\":[{\"@type\":\"ReadAction\",\"target\":[\"https:\\\/\\\/www.tapasmagazine.es\\\/en\\\/jose-andres-to-open-the-doors-of-a-new-zaytinya-in-miami\\\/\"]}]},{\"@type\":\"ImageObject\",\"inLanguage\":\"en-US\",\"@id\":\"https:\\\/\\\/www.tapasmagazine.es\\\/en\\\/jose-andres-to-open-the-doors-of-a-new-zaytinya-in-miami\\\/#primaryimage\",\"url\":\"https:\\\/\\\/www.tapasmagazine.es\\\/wp-content\\\/uploads\\\/2023\\\/08\\\/chef-jose-andres-abre-restaurante-miami-1.jpg\",\"contentUrl\":\"https:\\\/\\\/www.tapasmagazine.es\\\/wp-content\\\/uploads\\\/2023\\\/08\\\/chef-jose-andres-abre-restaurante-miami-1.jpg\",\"width\":1200,\"height\":675},{\"@type\":\"BreadcrumbList\",\"@id\":\"https:\\\/\\\/www.tapasmagazine.es\\\/en\\\/jose-andres-to-open-the-doors-of-a-new-zaytinya-in-miami\\\/#breadcrumb\",\"itemListElement\":[{\"@type\":\"ListItem\",\"position\":1,\"name\":\"Portada\",\"item\":\"https:\\\/\\\/www.tapasmagazine.es\\\/\"},{\"@type\":\"ListItem\",\"position\":2,\"name\":\"News\",\"item\":\"https:\\\/\\\/www.tapasmagazine.es\\\/en\\\/categorias\\\/news\\\/\"},{\"@type\":\"ListItem\",\"position\":3,\"name\":\"Jos\u00e9 Andr\u00e9s to open the doors of a new &#8216;Zaytinya&#8217; in Miami\"}]},{\"@type\":\"WebSite\",\"@id\":\"https:\\\/\\\/www.tapasmagazine.es\\\/#website\",\"url\":\"https:\\\/\\\/www.tapasmagazine.es\\\/\",\"name\":\"Tapas\",\"description\":\"\u00d1am \u00d1am Lifestyle. La vida a bocados. Premio Nacional de Gastronom\u00eda 2016.\",\"publisher\":{\"@id\":\"https:\\\/\\\/www.tapasmagazine.es\\\/#organization\"},\"potentialAction\":[{\"@type\":\"SearchAction\",\"target\":{\"@type\":\"EntryPoint\",\"urlTemplate\":\"https:\\\/\\\/www.tapasmagazine.es\\\/?s={search_term_string}\"},\"query-input\":{\"@type\":\"PropertyValueSpecification\",\"valueRequired\":true,\"valueName\":\"search_term_string\"}}],\"inLanguage\":\"en-US\"},{\"@type\":\"Organization\",\"@id\":\"https:\\\/\\\/www.tapasmagazine.es\\\/#organization\",\"name\":\"Tapas Magazine\",\"url\":\"https:\\\/\\\/www.tapasmagazine.es\\\/\",\"logo\":{\"@type\":\"ImageObject\",\"inLanguage\":\"en-US\",\"@id\":\"https:\\\/\\\/www.tapasmagazine.es\\\/#\\\/schema\\\/logo\\\/image\\\/\",\"url\":\"https:\\\/\\\/www.tapasmagazine.es\\\/wp-content\\\/uploads\\\/2018\\\/01\\\/logo.png\",\"contentUrl\":\"https:\\\/\\\/www.tapasmagazine.es\\\/wp-content\\\/uploads\\\/2018\\\/01\\\/logo.png\",\"width\":180,\"height\":60,\"caption\":\"Tapas Magazine\"},\"image\":{\"@id\":\"https:\\\/\\\/www.tapasmagazine.es\\\/#\\\/schema\\\/logo\\\/image\\\/\"},\"sameAs\":[\"https:\\\/\\\/www.facebook.com\\\/tapasmagazine\",\"https:\\\/\\\/x.com\\\/TapasMagazine\",\"https:\\\/\\\/www.instagram.com\\\/tapasmagazine\\\/\",\"https:\\\/\\\/www.linkedin.com\\\/company\\\/tapas-magazine\",\"https:\\\/\\\/es.pinterest.com\\\/tapasmagazine\\\/\",\"https:\\\/\\\/www.youtube.com\\\/channel\\\/UCEyxneAaACuR0lfDagrWjjg?sub_confirmation=1\"]},{\"@type\":\"Person\",\"@id\":\"https:\\\/\\\/www.tapasmagazine.es\\\/#\\\/schema\\\/person\\\/eb46cbe76a9c8f062660eb609e3ecb4e\",\"name\":\"Laura P\u00e9rez\",\"url\":\"https:\\\/\\\/www.tapasmagazine.es\\\/en\\\/author\\\/laura-perez\\\/\"}]}<\/script>\n<!-- \/ Yoast SEO plugin. -->","yoast_head_json":{"title":"Jos\u00e9 Andr\u00e9s to open the doors of a new 'Zaytinya' in Miami - Tapas","description":"Click here to read the Spanish version. The iconic chef and founder of 'World Central Kitchen', returns to Miami Beach with a new restaurant at The","robots":{"index":"index","follow":"follow","max-snippet":"max-snippet:-1","max-image-preview":"max-image-preview:large","max-video-preview":"max-video-preview:-1"},"canonical":"https:\/\/www.tapasmagazine.es\/en\/jose-andres-to-open-the-doors-of-a-new-zaytinya-in-miami\/","og_locale":"en_US","og_type":"article","og_title":"Jos\u00e9 Andr\u00e9s to open the doors of a new 'Zaytinya' in Miami - Tapas","og_description":"Click here to read the Spanish version. The iconic chef and founder of 'World Central Kitchen', returns to Miami Beach with a new restaurant at The","og_url":"https:\/\/www.tapasmagazine.es\/en\/jose-andres-to-open-the-doors-of-a-new-zaytinya-in-miami\/","og_site_name":"Tapas","article_publisher":"https:\/\/www.facebook.com\/tapasmagazine","article_published_time":"2023-08-29T10:09:13+00:00","article_modified_time":"2023-08-29T10:12:04+00:00","og_image":[{"width":1200,"height":675,"url":"https:\/\/www.tapasmagazine.es\/wp-content\/uploads\/2023\/08\/chef-jose-andres-abre-restaurante-miami-1.jpg","type":"image\/jpeg"}],"author":"Laura P\u00e9rez","twitter_card":"summary_large_image","twitter_creator":"@TapasMagazine","twitter_site":"@TapasMagazine","twitter_misc":{"Written by":"Laura P\u00e9rez","Est. reading time":"1 minute"},"schema":{"@context":"https:\/\/schema.org","@graph":[{"@type":"Article","@id":"https:\/\/www.tapasmagazine.es\/en\/jose-andres-to-open-the-doors-of-a-new-zaytinya-in-miami\/#article","isPartOf":{"@id":"https:\/\/www.tapasmagazine.es\/en\/jose-andres-to-open-the-doors-of-a-new-zaytinya-in-miami\/"},"author":{"name":"Laura P\u00e9rez","@id":"https:\/\/www.tapasmagazine.es\/#\/schema\/person\/eb46cbe76a9c8f062660eb609e3ecb4e"},"headline":"Jos\u00e9 Andr\u00e9s to open the doors of a new &#8216;Zaytinya&#8217; in Miami","datePublished":"2023-08-29T10:09:13+00:00","dateModified":"2023-08-29T10:12:04+00:00","mainEntityOfPage":{"@id":"https:\/\/www.tapasmagazine.es\/en\/jose-andres-to-open-the-doors-of-a-new-zaytinya-in-miami\/"},"wordCount":176,"commentCount":0,"publisher":{"@id":"https:\/\/www.tapasmagazine.es\/#organization"},"image":{"@id":"https:\/\/www.tapasmagazine.es\/en\/jose-andres-to-open-the-doors-of-a-new-zaytinya-in-miami\/#primaryimage"},"thumbnailUrl":"https:\/\/www.tapasmagazine.es\/wp-content\/uploads\/2023\/08\/chef-jose-andres-abre-restaurante-miami-1.jpg","keywords":["gastronom\u00eda","Jos\u00e9 Andr\u00e9s","restaurants"],"articleSection":["News"],"inLanguage":"en-US","potentialAction":[{"@type":"CommentAction","name":"Comment","target":["https:\/\/www.tapasmagazine.es\/en\/jose-andres-to-open-the-doors-of-a-new-zaytinya-in-miami\/#respond"]}]},{"@type":"WebPage","@id":"https:\/\/www.tapasmagazine.es\/en\/jose-andres-to-open-the-doors-of-a-new-zaytinya-in-miami\/","url":"https:\/\/www.tapasmagazine.es\/en\/jose-andres-to-open-the-doors-of-a-new-zaytinya-in-miami\/","name":"Jos\u00e9 Andr\u00e9s to open the doors of a new 'Zaytinya' in Miami - Tapas","isPartOf":{"@id":"https:\/\/www.tapasmagazine.es\/#website"},"primaryImageOfPage":{"@id":"https:\/\/www.tapasmagazine.es\/en\/jose-andres-to-open-the-doors-of-a-new-zaytinya-in-miami\/#primaryimage"},"image":{"@id":"https:\/\/www.tapasmagazine.es\/en\/jose-andres-to-open-the-doors-of-a-new-zaytinya-in-miami\/#primaryimage"},"thumbnailUrl":"https:\/\/www.tapasmagazine.es\/wp-content\/uploads\/2023\/08\/chef-jose-andres-abre-restaurante-miami-1.jpg","datePublished":"2023-08-29T10:09:13+00:00","dateModified":"2023-08-29T10:12:04+00:00","description":"Click here to read the Spanish version. The iconic chef and founder of 'World Central Kitchen', returns to Miami Beach with a new restaurant at The","breadcrumb":{"@id":"https:\/\/www.tapasmagazine.es\/en\/jose-andres-to-open-the-doors-of-a-new-zaytinya-in-miami\/#breadcrumb"},"inLanguage":"en-US","potentialAction":[{"@type":"ReadAction","target":["https:\/\/www.tapasmagazine.es\/en\/jose-andres-to-open-the-doors-of-a-new-zaytinya-in-miami\/"]}]},{"@type":"ImageObject","inLanguage":"en-US","@id":"https:\/\/www.tapasmagazine.es\/en\/jose-andres-to-open-the-doors-of-a-new-zaytinya-in-miami\/#primaryimage","url":"https:\/\/www.tapasmagazine.es\/wp-content\/uploads\/2023\/08\/chef-jose-andres-abre-restaurante-miami-1.jpg","contentUrl":"https:\/\/www.tapasmagazine.es\/wp-content\/uploads\/2023\/08\/chef-jose-andres-abre-restaurante-miami-1.jpg","width":1200,"height":675},{"@type":"BreadcrumbList","@id":"https:\/\/www.tapasmagazine.es\/en\/jose-andres-to-open-the-doors-of-a-new-zaytinya-in-miami\/#breadcrumb","itemListElement":[{"@type":"ListItem","position":1,"name":"Portada","item":"https:\/\/www.tapasmagazine.es\/"},{"@type":"ListItem","position":2,"name":"News","item":"https:\/\/www.tapasmagazine.es\/en\/categorias\/news\/"},{"@type":"ListItem","position":3,"name":"Jos\u00e9 Andr\u00e9s to open the doors of a new &#8216;Zaytinya&#8217; in Miami"}]},{"@type":"WebSite","@id":"https:\/\/www.tapasmagazine.es\/#website","url":"https:\/\/www.tapasmagazine.es\/","name":"Tapas","description":"\u00d1am \u00d1am Lifestyle. La vida a bocados. Premio Nacional de Gastronom\u00eda 2016.","publisher":{"@id":"https:\/\/www.tapasmagazine.es\/#organization"},"potentialAction":[{"@type":"SearchAction","target":{"@type":"EntryPoint","urlTemplate":"https:\/\/www.tapasmagazine.es\/?s={search_term_string}"},"query-input":{"@type":"PropertyValueSpecification","valueRequired":true,"valueName":"search_term_string"}}],"inLanguage":"en-US"},{"@type":"Organization","@id":"https:\/\/www.tapasmagazine.es\/#organization","name":"Tapas Magazine","url":"https:\/\/www.tapasmagazine.es\/","logo":{"@type":"ImageObject","inLanguage":"en-US","@id":"https:\/\/www.tapasmagazine.es\/#\/schema\/logo\/image\/","url":"https:\/\/www.tapasmagazine.es\/wp-content\/uploads\/2018\/01\/logo.png","contentUrl":"https:\/\/www.tapasmagazine.es\/wp-content\/uploads\/2018\/01\/logo.png","width":180,"height":60,"caption":"Tapas Magazine"},"image":{"@id":"https:\/\/www.tapasmagazine.es\/#\/schema\/logo\/image\/"},"sameAs":["https:\/\/www.facebook.com\/tapasmagazine","https:\/\/x.com\/TapasMagazine","https:\/\/www.instagram.com\/tapasmagazine\/","https:\/\/www.linkedin.com\/company\/tapas-magazine","https:\/\/es.pinterest.com\/tapasmagazine\/","https:\/\/www.youtube.com\/channel\/UCEyxneAaACuR0lfDagrWjjg?sub_confirmation=1"]},{"@type":"Person","@id":"https:\/\/www.tapasmagazine.es\/#\/schema\/person\/eb46cbe76a9c8f062660eb609e3ecb4e","name":"Laura P\u00e9rez","url":"https:\/\/www.tapasmagazine.es\/en\/author\/laura-perez\/"}]}},"_links":{"self":[{"href":"https:\/\/www.tapasmagazine.es\/en\/wp-json\/wp\/v2\/posts\/205273","targetHints":{"allow":["GET"]}}],"collection":[{"href":"https:\/\/www.tapasmagazine.es\/en\/wp-json\/wp\/v2\/posts"}],"about":[{"href":"https:\/\/www.tapasmagazine.es\/en\/wp-json\/wp\/v2\/types\/post"}],"author":[{"embeddable":true,"href":"https:\/\/www.tapasmagazine.es\/en\/wp-json\/wp\/v2\/users\/285"}],"replies":[{"embeddable":true,"href":"https:\/\/www.tapasmagazine.es\/en\/wp-json\/wp\/v2\/comments?post=205273"}],"version-history":[{"count":5,"href":"https:\/\/www.tapasmagazine.es\/en\/wp-json\/wp\/v2\/posts\/205273\/revisions"}],"predecessor-version":[{"id":205280,"href":"https:\/\/www.tapasmagazine.es\/en\/wp-json\/wp\/v2\/posts\/205273\/revisions\/205280"}],"wp:featuredmedia":[{"embeddable":true,"href":"https:\/\/www.tapasmagazine.es\/en\/wp-json\/wp\/v2\/media\/205268"}],"wp:attachment":[{"href":"https:\/\/www.tapasmagazine.es\/en\/wp-json\/wp\/v2\/media?parent=205273"}],"wp:term":[{"taxonomy":"category","embeddable":true,"href":"https:\/\/www.tapasmagazine.es\/en\/wp-json\/wp\/v2\/categories?post=205273"},{"taxonomy":"post_tag","embeddable":true,"href":"https:\/\/www.tapasmagazine.es\/en\/wp-json\/wp\/v2\/tags?post=205273"}],"curies":[{"name":"wp","href":"https:\/\/api.w.org\/{rel}","templated":true}]}}