{"id":204410,"date":"2023-08-24T10:14:27","date_gmt":"2023-08-24T08:14:27","guid":{"rendered":"https:\/\/www.tapasmagazine.es\/asi-fue-el-cumpleanos-de-dua-lipa-en-ibiza-arroz-flamenco-petanca\/"},"modified":"2023-08-24T10:20:49","modified_gmt":"2023-08-24T08:20:49","slug":"dua-lipa-birthday-party-in-ibiza-rice-flamenco-and-petanque","status":"publish","type":"post","link":"https:\/\/www.tapasmagazine.es\/en\/dua-lipa-birthday-party-in-ibiza-rice-flamenco-and-petanque\/","title":{"rendered":"This was Dua Lipa&#8217;s &#8216;Spanish&#8217; birthday in Ibiza: rice, flamenco and petanca (bocce)"},"content":{"rendered":"\n<p><strong>Click <a href=\"https:\/\/www.tapasmagazine.es\/asi-fue-el-cumpleanos-de-dua-lipa-en-ibiza-arroz-flamenco-petanca\/\" target=\"_blank\" rel=\"noreferrer noopener\">here<\/a> to read the Spanish version.<\/strong><br>Dua Lipa is in love with Spain. For some time now, the singer has been visiting our country regularly and in her social networks she shows how much she loves <a href=\"https:\/\/www.tapasmagazine.es\/en\/dua-lipa-gastronomic-tour-barcelona\/\" target=\"_blank\" rel=\"noreferrer noopener\">our gastronomy<\/a> and Spanish traditions. Last August 22nd was her 28th birthday and Dua Lipa wanted to celebrate her birthday in an exclusive villa in Ibiza with a lot of friends. As expected, this celebration was full of national references: from singing happy birthday to her in flamenco version to choosing different rice dishes as the main course of the menu. We tell you all the details.<\/p>\n\n\n\n<figure class=\"wp-block-embed is-type-rich is-provider-instagram wp-block-embed-instagram\"><div class=\"wp-block-embed__wrapper\">\nhttps:\/\/www.instagram.com\/p\/CwSQr17Mi8U\/?img_index=10\n<\/div><\/figure>\n\n\n\n<p>In terms of gastronomy, Dua Lipa opted for two types of rice cooked in paella as main dishes. On the one hand, they prepared a vegetable rice with green beans, tomatoes, peppers and artichokes, among other ingredients. They also chose another rice dish with different seafood.<\/p>\n\n\n\n<figure class=\"wp-block-image size-large\"><a href=\"https:\/\/www.tapasmagazine.es\/wp-content\/uploads\/2023\/08\/paellas-dua-lipa.jpg\"><img decoding=\"async\" width=\"1024\" height=\"576\" src=\"https:\/\/www.tapasmagazine.es\/wp-content\/uploads\/2023\/08\/paellas-dua-lipa-1024x576.jpg\" alt=\"\" class=\"wp-image-204399\" srcset=\"https:\/\/www.tapasmagazine.es\/wp-content\/uploads\/2023\/08\/paellas-dua-lipa-1024x576.jpg 1024w, https:\/\/www.tapasmagazine.es\/wp-content\/uploads\/2023\/08\/paellas-dua-lipa-300x169.jpg 300w, https:\/\/www.tapasmagazine.es\/wp-content\/uploads\/2023\/08\/paellas-dua-lipa-768x432.jpg 768w, https:\/\/www.tapasmagazine.es\/wp-content\/uploads\/2023\/08\/paellas-dua-lipa-1000x563.jpg 1000w, https:\/\/www.tapasmagazine.es\/wp-content\/uploads\/2023\/08\/paellas-dua-lipa-400x225.jpg 400w, https:\/\/www.tapasmagazine.es\/wp-content\/uploads\/2023\/08\/paellas-dua-lipa.jpg 1200w\" sizes=\"(max-width: 1024px) 100vw, 1024px\" \/><\/a><\/figure>\n\n\n\n<p>Of course, there was the typical birthday cake with a message (&#8220;Happy Birthday Dua&#8221;) and decorated with flower petals. There were also cocktails to toast with during the congratulations.<\/p>\n\n\n\n<figure class=\"wp-block-image size-full\"><a href=\"https:\/\/www.tapasmagazine.es\/wp-content\/uploads\/2023\/08\/tarta-cumpleanos-dua-lipa.jpg\"><img decoding=\"async\" width=\"543\" height=\"737\" src=\"https:\/\/www.tapasmagazine.es\/wp-content\/uploads\/2023\/08\/tarta-cumpleanos-dua-lipa.jpg\" alt=\"\" class=\"wp-image-204405\" srcset=\"https:\/\/www.tapasmagazine.es\/wp-content\/uploads\/2023\/08\/tarta-cumpleanos-dua-lipa.jpg 543w, https:\/\/www.tapasmagazine.es\/wp-content\/uploads\/2023\/08\/tarta-cumpleanos-dua-lipa-221x300.jpg 221w, https:\/\/www.tapasmagazine.es\/wp-content\/uploads\/2023\/08\/tarta-cumpleanos-dua-lipa-400x543.jpg 400w\" sizes=\"(max-width: 543px) 100vw, 543px\" \/><\/a><\/figure>\n\n\n\n<h2 class=\"wp-block-heading\">Spanish references<\/h2>\n\n\n\n<p>Anecdotally, the singer organized her party with a multitude of Spanish references. During the celebration, attendees were able to enjoy a flamenco show. In addition, they also sang Happy Birthday in a flamenco version and Dua enjoyed dancing and clapping her hands. Throughout the night, there were also some other &#8220;ca\u00f1\u00eds&#8221; songs such as Bamboleo, an original song by the Gipsy Kings.<\/p>\n\n\n\n<figure class=\"wp-block-image size-full\"><a href=\"https:\/\/www.tapasmagazine.es\/wp-content\/uploads\/2023\/08\/dua-lipa-petanca.jpg\"><img decoding=\"async\" width=\"800\" height=\"1000\" src=\"https:\/\/www.tapasmagazine.es\/wp-content\/uploads\/2023\/08\/dua-lipa-petanca.jpg\" alt=\"\" class=\"wp-image-204401\" srcset=\"https:\/\/www.tapasmagazine.es\/wp-content\/uploads\/2023\/08\/dua-lipa-petanca.jpg 800w, https:\/\/www.tapasmagazine.es\/wp-content\/uploads\/2023\/08\/dua-lipa-petanca-240x300.jpg 240w, https:\/\/www.tapasmagazine.es\/wp-content\/uploads\/2023\/08\/dua-lipa-petanca-768x960.jpg 768w, https:\/\/www.tapasmagazine.es\/wp-content\/uploads\/2023\/08\/dua-lipa-petanca-400x500.jpg 400w\" sizes=\"(max-width: 800px) 100vw, 800px\" \/><\/a><\/figure>\n\n\n\n<p>In the afternoon, they also had fun with other activities such as a big trampoline. And perhaps the highlight of the whole birthday day was the afternoon of bocce that Dua Lipa enjoyed with her friends and family. And, like any good party, there&#8217;s also the hangover the day after. Both on the singer&#8217;s social networks and those of her friends, we could see the ravages of the morning after the birthday. The Brit took an ice bath to regain strength, while the designer <a href=\"https:\/\/www.instagram.com\/p\/CwSRhtxsSfS\/\" target=\"_blank\" rel=\"noreferrer noopener\">Jacquemus<\/a> &#8211; one of her inseparable &#8211; decided to take a dip in the pool while tasting a pizza.<\/p>\n\n\n\n<figure class=\"wp-block-image size-full\"><a href=\"https:\/\/www.tapasmagazine.es\/wp-content\/uploads\/2023\/08\/jacquemus-pizza.jpg\"><img decoding=\"async\" width=\"543\" height=\"737\" src=\"https:\/\/www.tapasmagazine.es\/wp-content\/uploads\/2023\/08\/jacquemus-pizza.jpg\" alt=\"\" class=\"wp-image-204403\" srcset=\"https:\/\/www.tapasmagazine.es\/wp-content\/uploads\/2023\/08\/jacquemus-pizza.jpg 543w, https:\/\/www.tapasmagazine.es\/wp-content\/uploads\/2023\/08\/jacquemus-pizza-221x300.jpg 221w, https:\/\/www.tapasmagazine.es\/wp-content\/uploads\/2023\/08\/jacquemus-pizza-400x543.jpg 400w\" sizes=\"(max-width: 543px) 100vw, 543px\" \/><\/a><\/figure>\n\n\n\n<p>What did you think of Dua Lipa&#8217;s fun birthday in Ibiza?<\/p>\n","protected":false},"excerpt":{"rendered":"<p>Click here to read the Spanish version.Dua Lipa is in love with Spain. For some time now, the singer has been visiting our country regularly and in her social networks she shows how much she loves our gastronomy and Spanish traditions. Last August 22nd was her 28th birthday and Dua Lipa wanted to celebrate her [&hellip;]<\/p>\n","protected":false},"author":249,"featured_media":204408,"comment_status":"open","ping_status":"closed","sticky":false,"template":"single-feature.php","format":"standard","meta":{"_acf_changed":false,"footnotes":""},"categories":[15802,15851,15910],"tags":[],"class_list":["post-204410","post","type-post","status-publish","format-standard","has-post-thumbnail","hentry","category-news","category-nombres-propios-en","category-personajes-en","cat-15802-id","cat-15851-id","cat-15910-id"],"acf":[],"yoast_head":"<!-- This site is optimized with the Yoast SEO plugin v27.5 - https:\/\/yoast.com\/product\/yoast-seo-wordpress\/ -->\n<title>This was Dua Lipa&#039;s &#039;Spanish&#039; birthday in Ibiza: rice, flamenco and petanca (bocce)<\/title>\n<meta name=\"description\" content=\"Dua Lipa celebrated her birthday in an exclusive villa in Ibiza with Spanish references everywhere. We tell you all the details.\" \/>\n<meta name=\"robots\" content=\"index, follow, max-snippet:-1, max-image-preview:large, max-video-preview:-1\" \/>\n<link rel=\"canonical\" href=\"https:\/\/www.tapasmagazine.es\/en\/dua-lipa-birthday-party-in-ibiza-rice-flamenco-and-petanque\/\" \/>\n<meta property=\"og:locale\" content=\"en_US\" \/>\n<meta property=\"og:type\" content=\"article\" \/>\n<meta property=\"og:title\" content=\"This was Dua Lipa&#039;s &#039;Spanish&#039; birthday in Ibiza: rice, flamenco and petanca (bocce)\" \/>\n<meta property=\"og:description\" content=\"Dua Lipa celebrated her birthday in an exclusive villa in Ibiza with Spanish references everywhere. We tell you all the details.\" \/>\n<meta property=\"og:url\" content=\"https:\/\/www.tapasmagazine.es\/en\/dua-lipa-birthday-party-in-ibiza-rice-flamenco-and-petanque\/\" \/>\n<meta property=\"og:site_name\" content=\"Tapas\" \/>\n<meta property=\"article:publisher\" content=\"https:\/\/www.facebook.com\/tapasmagazine\" \/>\n<meta property=\"article:published_time\" content=\"2023-08-24T08:14:27+00:00\" \/>\n<meta property=\"article:modified_time\" content=\"2023-08-24T08:20:49+00:00\" \/>\n<meta property=\"og:image\" content=\"https:\/\/www.tapasmagazine.es\/wp-content\/uploads\/2023\/08\/cumpleanos-dua-lipa-1.jpg\" \/>\n\t<meta property=\"og:image:width\" content=\"1200\" \/>\n\t<meta property=\"og:image:height\" content=\"675\" \/>\n\t<meta property=\"og:image:type\" content=\"image\/jpeg\" \/>\n<meta name=\"author\" content=\"TAPAS\" \/>\n<meta name=\"twitter:card\" content=\"summary_large_image\" \/>\n<meta name=\"twitter:creator\" content=\"@TapasMagazine\" \/>\n<meta name=\"twitter:site\" content=\"@TapasMagazine\" \/>\n<meta name=\"twitter:label1\" content=\"Written by\" \/>\n\t<meta name=\"twitter:data1\" content=\"TAPAS\" \/>\n\t<meta name=\"twitter:label2\" content=\"Est. reading time\" \/>\n\t<meta name=\"twitter:data2\" content=\"3 minutes\" \/>\n<script type=\"application\/ld+json\" class=\"yoast-schema-graph\">{\"@context\":\"https:\\\/\\\/schema.org\",\"@graph\":[{\"@type\":\"Article\",\"@id\":\"https:\\\/\\\/www.tapasmagazine.es\\\/en\\\/dua-lipa-birthday-party-in-ibiza-rice-flamenco-and-petanque\\\/#article\",\"isPartOf\":{\"@id\":\"https:\\\/\\\/www.tapasmagazine.es\\\/en\\\/dua-lipa-birthday-party-in-ibiza-rice-flamenco-and-petanque\\\/\"},\"author\":{\"name\":\"TAPAS\",\"@id\":\"https:\\\/\\\/www.tapasmagazine.es\\\/#\\\/schema\\\/person\\\/906ea2ea4697837608d99f4cc085cea3\"},\"headline\":\"This was Dua Lipa&#8217;s &#8216;Spanish&#8217; birthday in Ibiza: rice, flamenco and petanca (bocce)\",\"datePublished\":\"2023-08-24T08:14:27+00:00\",\"dateModified\":\"2023-08-24T08:20:49+00:00\",\"mainEntityOfPage\":{\"@id\":\"https:\\\/\\\/www.tapasmagazine.es\\\/en\\\/dua-lipa-birthday-party-in-ibiza-rice-flamenco-and-petanque\\\/\"},\"wordCount\":385,\"commentCount\":0,\"publisher\":{\"@id\":\"https:\\\/\\\/www.tapasmagazine.es\\\/#organization\"},\"image\":{\"@id\":\"https:\\\/\\\/www.tapasmagazine.es\\\/en\\\/dua-lipa-birthday-party-in-ibiza-rice-flamenco-and-petanque\\\/#primaryimage\"},\"thumbnailUrl\":\"https:\\\/\\\/www.tapasmagazine.es\\\/wp-content\\\/uploads\\\/2023\\\/08\\\/cumpleanos-dua-lipa-1.jpg\",\"articleSection\":[\"News\",\"Nombres propios\",\"Personajes\"],\"inLanguage\":\"en-US\",\"potentialAction\":[{\"@type\":\"CommentAction\",\"name\":\"Comment\",\"target\":[\"https:\\\/\\\/www.tapasmagazine.es\\\/en\\\/dua-lipa-birthday-party-in-ibiza-rice-flamenco-and-petanque\\\/#respond\"]}]},{\"@type\":\"WebPage\",\"@id\":\"https:\\\/\\\/www.tapasmagazine.es\\\/en\\\/dua-lipa-birthday-party-in-ibiza-rice-flamenco-and-petanque\\\/\",\"url\":\"https:\\\/\\\/www.tapasmagazine.es\\\/en\\\/dua-lipa-birthday-party-in-ibiza-rice-flamenco-and-petanque\\\/\",\"name\":\"This was Dua Lipa's 'Spanish' birthday in Ibiza: rice, flamenco and petanca (bocce)\",\"isPartOf\":{\"@id\":\"https:\\\/\\\/www.tapasmagazine.es\\\/#website\"},\"primaryImageOfPage\":{\"@id\":\"https:\\\/\\\/www.tapasmagazine.es\\\/en\\\/dua-lipa-birthday-party-in-ibiza-rice-flamenco-and-petanque\\\/#primaryimage\"},\"image\":{\"@id\":\"https:\\\/\\\/www.tapasmagazine.es\\\/en\\\/dua-lipa-birthday-party-in-ibiza-rice-flamenco-and-petanque\\\/#primaryimage\"},\"thumbnailUrl\":\"https:\\\/\\\/www.tapasmagazine.es\\\/wp-content\\\/uploads\\\/2023\\\/08\\\/cumpleanos-dua-lipa-1.jpg\",\"datePublished\":\"2023-08-24T08:14:27+00:00\",\"dateModified\":\"2023-08-24T08:20:49+00:00\",\"description\":\"Dua Lipa celebrated her birthday in an exclusive villa in Ibiza with Spanish references everywhere. We tell you all the details.\",\"breadcrumb\":{\"@id\":\"https:\\\/\\\/www.tapasmagazine.es\\\/en\\\/dua-lipa-birthday-party-in-ibiza-rice-flamenco-and-petanque\\\/#breadcrumb\"},\"inLanguage\":\"en-US\",\"potentialAction\":[{\"@type\":\"ReadAction\",\"target\":[\"https:\\\/\\\/www.tapasmagazine.es\\\/en\\\/dua-lipa-birthday-party-in-ibiza-rice-flamenco-and-petanque\\\/\"]}]},{\"@type\":\"ImageObject\",\"inLanguage\":\"en-US\",\"@id\":\"https:\\\/\\\/www.tapasmagazine.es\\\/en\\\/dua-lipa-birthday-party-in-ibiza-rice-flamenco-and-petanque\\\/#primaryimage\",\"url\":\"https:\\\/\\\/www.tapasmagazine.es\\\/wp-content\\\/uploads\\\/2023\\\/08\\\/cumpleanos-dua-lipa-1.jpg\",\"contentUrl\":\"https:\\\/\\\/www.tapasmagazine.es\\\/wp-content\\\/uploads\\\/2023\\\/08\\\/cumpleanos-dua-lipa-1.jpg\",\"width\":1200,\"height\":675},{\"@type\":\"BreadcrumbList\",\"@id\":\"https:\\\/\\\/www.tapasmagazine.es\\\/en\\\/dua-lipa-birthday-party-in-ibiza-rice-flamenco-and-petanque\\\/#breadcrumb\",\"itemListElement\":[{\"@type\":\"ListItem\",\"position\":1,\"name\":\"Portada\",\"item\":\"https:\\\/\\\/www.tapasmagazine.es\\\/\"},{\"@type\":\"ListItem\",\"position\":2,\"name\":\"News\",\"item\":\"https:\\\/\\\/www.tapasmagazine.es\\\/en\\\/categorias\\\/news\\\/\"},{\"@type\":\"ListItem\",\"position\":3,\"name\":\"This was Dua Lipa&#8217;s &#8216;Spanish&#8217; birthday in Ibiza: rice, flamenco and petanca (bocce)\"}]},{\"@type\":\"WebSite\",\"@id\":\"https:\\\/\\\/www.tapasmagazine.es\\\/#website\",\"url\":\"https:\\\/\\\/www.tapasmagazine.es\\\/\",\"name\":\"Tapas\",\"description\":\"\u00d1am \u00d1am Lifestyle. La vida a bocados. Premio Nacional de Gastronom\u00eda 2016.\",\"publisher\":{\"@id\":\"https:\\\/\\\/www.tapasmagazine.es\\\/#organization\"},\"potentialAction\":[{\"@type\":\"SearchAction\",\"target\":{\"@type\":\"EntryPoint\",\"urlTemplate\":\"https:\\\/\\\/www.tapasmagazine.es\\\/?s={search_term_string}\"},\"query-input\":{\"@type\":\"PropertyValueSpecification\",\"valueRequired\":true,\"valueName\":\"search_term_string\"}}],\"inLanguage\":\"en-US\"},{\"@type\":\"Organization\",\"@id\":\"https:\\\/\\\/www.tapasmagazine.es\\\/#organization\",\"name\":\"Tapas Magazine\",\"url\":\"https:\\\/\\\/www.tapasmagazine.es\\\/\",\"logo\":{\"@type\":\"ImageObject\",\"inLanguage\":\"en-US\",\"@id\":\"https:\\\/\\\/www.tapasmagazine.es\\\/#\\\/schema\\\/logo\\\/image\\\/\",\"url\":\"https:\\\/\\\/www.tapasmagazine.es\\\/wp-content\\\/uploads\\\/2018\\\/01\\\/logo.png\",\"contentUrl\":\"https:\\\/\\\/www.tapasmagazine.es\\\/wp-content\\\/uploads\\\/2018\\\/01\\\/logo.png\",\"width\":180,\"height\":60,\"caption\":\"Tapas Magazine\"},\"image\":{\"@id\":\"https:\\\/\\\/www.tapasmagazine.es\\\/#\\\/schema\\\/logo\\\/image\\\/\"},\"sameAs\":[\"https:\\\/\\\/www.facebook.com\\\/tapasmagazine\",\"https:\\\/\\\/x.com\\\/TapasMagazine\",\"https:\\\/\\\/www.instagram.com\\\/tapasmagazine\\\/\",\"https:\\\/\\\/www.linkedin.com\\\/company\\\/tapas-magazine\",\"https:\\\/\\\/es.pinterest.com\\\/tapasmagazine\\\/\",\"https:\\\/\\\/www.youtube.com\\\/channel\\\/UCEyxneAaACuR0lfDagrWjjg?sub_confirmation=1\"]},{\"@type\":\"Person\",\"@id\":\"https:\\\/\\\/www.tapasmagazine.es\\\/#\\\/schema\\\/person\\\/906ea2ea4697837608d99f4cc085cea3\",\"name\":\"TAPAS\",\"url\":\"https:\\\/\\\/www.tapasmagazine.es\\\/en\\\/author\\\/tapas\\\/\"}]}<\/script>\n<!-- \/ Yoast SEO plugin. -->","yoast_head_json":{"title":"This was Dua Lipa's 'Spanish' birthday in Ibiza: rice, flamenco and petanca (bocce)","description":"Dua Lipa celebrated her birthday in an exclusive villa in Ibiza with Spanish references everywhere. We tell you all the details.","robots":{"index":"index","follow":"follow","max-snippet":"max-snippet:-1","max-image-preview":"max-image-preview:large","max-video-preview":"max-video-preview:-1"},"canonical":"https:\/\/www.tapasmagazine.es\/en\/dua-lipa-birthday-party-in-ibiza-rice-flamenco-and-petanque\/","og_locale":"en_US","og_type":"article","og_title":"This was Dua Lipa's 'Spanish' birthday in Ibiza: rice, flamenco and petanca (bocce)","og_description":"Dua Lipa celebrated her birthday in an exclusive villa in Ibiza with Spanish references everywhere. We tell you all the details.","og_url":"https:\/\/www.tapasmagazine.es\/en\/dua-lipa-birthday-party-in-ibiza-rice-flamenco-and-petanque\/","og_site_name":"Tapas","article_publisher":"https:\/\/www.facebook.com\/tapasmagazine","article_published_time":"2023-08-24T08:14:27+00:00","article_modified_time":"2023-08-24T08:20:49+00:00","og_image":[{"width":1200,"height":675,"url":"https:\/\/www.tapasmagazine.es\/wp-content\/uploads\/2023\/08\/cumpleanos-dua-lipa-1.jpg","type":"image\/jpeg"}],"author":"TAPAS","twitter_card":"summary_large_image","twitter_creator":"@TapasMagazine","twitter_site":"@TapasMagazine","twitter_misc":{"Written by":"TAPAS","Est. reading time":"3 minutes"},"schema":{"@context":"https:\/\/schema.org","@graph":[{"@type":"Article","@id":"https:\/\/www.tapasmagazine.es\/en\/dua-lipa-birthday-party-in-ibiza-rice-flamenco-and-petanque\/#article","isPartOf":{"@id":"https:\/\/www.tapasmagazine.es\/en\/dua-lipa-birthday-party-in-ibiza-rice-flamenco-and-petanque\/"},"author":{"name":"TAPAS","@id":"https:\/\/www.tapasmagazine.es\/#\/schema\/person\/906ea2ea4697837608d99f4cc085cea3"},"headline":"This was Dua Lipa&#8217;s &#8216;Spanish&#8217; birthday in Ibiza: rice, flamenco and petanca (bocce)","datePublished":"2023-08-24T08:14:27+00:00","dateModified":"2023-08-24T08:20:49+00:00","mainEntityOfPage":{"@id":"https:\/\/www.tapasmagazine.es\/en\/dua-lipa-birthday-party-in-ibiza-rice-flamenco-and-petanque\/"},"wordCount":385,"commentCount":0,"publisher":{"@id":"https:\/\/www.tapasmagazine.es\/#organization"},"image":{"@id":"https:\/\/www.tapasmagazine.es\/en\/dua-lipa-birthday-party-in-ibiza-rice-flamenco-and-petanque\/#primaryimage"},"thumbnailUrl":"https:\/\/www.tapasmagazine.es\/wp-content\/uploads\/2023\/08\/cumpleanos-dua-lipa-1.jpg","articleSection":["News","Nombres propios","Personajes"],"inLanguage":"en-US","potentialAction":[{"@type":"CommentAction","name":"Comment","target":["https:\/\/www.tapasmagazine.es\/en\/dua-lipa-birthday-party-in-ibiza-rice-flamenco-and-petanque\/#respond"]}]},{"@type":"WebPage","@id":"https:\/\/www.tapasmagazine.es\/en\/dua-lipa-birthday-party-in-ibiza-rice-flamenco-and-petanque\/","url":"https:\/\/www.tapasmagazine.es\/en\/dua-lipa-birthday-party-in-ibiza-rice-flamenco-and-petanque\/","name":"This was Dua Lipa's 'Spanish' birthday in Ibiza: rice, flamenco and petanca (bocce)","isPartOf":{"@id":"https:\/\/www.tapasmagazine.es\/#website"},"primaryImageOfPage":{"@id":"https:\/\/www.tapasmagazine.es\/en\/dua-lipa-birthday-party-in-ibiza-rice-flamenco-and-petanque\/#primaryimage"},"image":{"@id":"https:\/\/www.tapasmagazine.es\/en\/dua-lipa-birthday-party-in-ibiza-rice-flamenco-and-petanque\/#primaryimage"},"thumbnailUrl":"https:\/\/www.tapasmagazine.es\/wp-content\/uploads\/2023\/08\/cumpleanos-dua-lipa-1.jpg","datePublished":"2023-08-24T08:14:27+00:00","dateModified":"2023-08-24T08:20:49+00:00","description":"Dua Lipa celebrated her birthday in an exclusive villa in Ibiza with Spanish references everywhere. We tell you all the details.","breadcrumb":{"@id":"https:\/\/www.tapasmagazine.es\/en\/dua-lipa-birthday-party-in-ibiza-rice-flamenco-and-petanque\/#breadcrumb"},"inLanguage":"en-US","potentialAction":[{"@type":"ReadAction","target":["https:\/\/www.tapasmagazine.es\/en\/dua-lipa-birthday-party-in-ibiza-rice-flamenco-and-petanque\/"]}]},{"@type":"ImageObject","inLanguage":"en-US","@id":"https:\/\/www.tapasmagazine.es\/en\/dua-lipa-birthday-party-in-ibiza-rice-flamenco-and-petanque\/#primaryimage","url":"https:\/\/www.tapasmagazine.es\/wp-content\/uploads\/2023\/08\/cumpleanos-dua-lipa-1.jpg","contentUrl":"https:\/\/www.tapasmagazine.es\/wp-content\/uploads\/2023\/08\/cumpleanos-dua-lipa-1.jpg","width":1200,"height":675},{"@type":"BreadcrumbList","@id":"https:\/\/www.tapasmagazine.es\/en\/dua-lipa-birthday-party-in-ibiza-rice-flamenco-and-petanque\/#breadcrumb","itemListElement":[{"@type":"ListItem","position":1,"name":"Portada","item":"https:\/\/www.tapasmagazine.es\/"},{"@type":"ListItem","position":2,"name":"News","item":"https:\/\/www.tapasmagazine.es\/en\/categorias\/news\/"},{"@type":"ListItem","position":3,"name":"This was Dua Lipa&#8217;s &#8216;Spanish&#8217; birthday in Ibiza: rice, flamenco and petanca (bocce)"}]},{"@type":"WebSite","@id":"https:\/\/www.tapasmagazine.es\/#website","url":"https:\/\/www.tapasmagazine.es\/","name":"Tapas","description":"\u00d1am \u00d1am Lifestyle. La vida a bocados. Premio Nacional de Gastronom\u00eda 2016.","publisher":{"@id":"https:\/\/www.tapasmagazine.es\/#organization"},"potentialAction":[{"@type":"SearchAction","target":{"@type":"EntryPoint","urlTemplate":"https:\/\/www.tapasmagazine.es\/?s={search_term_string}"},"query-input":{"@type":"PropertyValueSpecification","valueRequired":true,"valueName":"search_term_string"}}],"inLanguage":"en-US"},{"@type":"Organization","@id":"https:\/\/www.tapasmagazine.es\/#organization","name":"Tapas Magazine","url":"https:\/\/www.tapasmagazine.es\/","logo":{"@type":"ImageObject","inLanguage":"en-US","@id":"https:\/\/www.tapasmagazine.es\/#\/schema\/logo\/image\/","url":"https:\/\/www.tapasmagazine.es\/wp-content\/uploads\/2018\/01\/logo.png","contentUrl":"https:\/\/www.tapasmagazine.es\/wp-content\/uploads\/2018\/01\/logo.png","width":180,"height":60,"caption":"Tapas Magazine"},"image":{"@id":"https:\/\/www.tapasmagazine.es\/#\/schema\/logo\/image\/"},"sameAs":["https:\/\/www.facebook.com\/tapasmagazine","https:\/\/x.com\/TapasMagazine","https:\/\/www.instagram.com\/tapasmagazine\/","https:\/\/www.linkedin.com\/company\/tapas-magazine","https:\/\/es.pinterest.com\/tapasmagazine\/","https:\/\/www.youtube.com\/channel\/UCEyxneAaACuR0lfDagrWjjg?sub_confirmation=1"]},{"@type":"Person","@id":"https:\/\/www.tapasmagazine.es\/#\/schema\/person\/906ea2ea4697837608d99f4cc085cea3","name":"TAPAS","url":"https:\/\/www.tapasmagazine.es\/en\/author\/tapas\/"}]}},"_links":{"self":[{"href":"https:\/\/www.tapasmagazine.es\/en\/wp-json\/wp\/v2\/posts\/204410","targetHints":{"allow":["GET"]}}],"collection":[{"href":"https:\/\/www.tapasmagazine.es\/en\/wp-json\/wp\/v2\/posts"}],"about":[{"href":"https:\/\/www.tapasmagazine.es\/en\/wp-json\/wp\/v2\/types\/post"}],"author":[{"embeddable":true,"href":"https:\/\/www.tapasmagazine.es\/en\/wp-json\/wp\/v2\/users\/249"}],"replies":[{"embeddable":true,"href":"https:\/\/www.tapasmagazine.es\/en\/wp-json\/wp\/v2\/comments?post=204410"}],"version-history":[{"count":4,"href":"https:\/\/www.tapasmagazine.es\/en\/wp-json\/wp\/v2\/posts\/204410\/revisions"}],"predecessor-version":[{"id":204418,"href":"https:\/\/www.tapasmagazine.es\/en\/wp-json\/wp\/v2\/posts\/204410\/revisions\/204418"}],"wp:featuredmedia":[{"embeddable":true,"href":"https:\/\/www.tapasmagazine.es\/en\/wp-json\/wp\/v2\/media\/204408"}],"wp:attachment":[{"href":"https:\/\/www.tapasmagazine.es\/en\/wp-json\/wp\/v2\/media?parent=204410"}],"wp:term":[{"taxonomy":"category","embeddable":true,"href":"https:\/\/www.tapasmagazine.es\/en\/wp-json\/wp\/v2\/categories?post=204410"},{"taxonomy":"post_tag","embeddable":true,"href":"https:\/\/www.tapasmagazine.es\/en\/wp-json\/wp\/v2\/tags?post=204410"}],"curies":[{"name":"wp","href":"https:\/\/api.w.org\/{rel}","templated":true}]}}