{"id":203204,"date":"2023-08-17T11:16:00","date_gmt":"2023-08-17T09:16:00","guid":{"rendered":"https:\/\/www.tapasmagazine.es\/?p=203204"},"modified":"2023-08-17T11:23:02","modified_gmt":"2023-08-17T09:23:02","slug":"this-is-the-breakfast-that-michelle-obama-ate-almost-every-day","status":"publish","type":"post","link":"https:\/\/www.tapasmagazine.es\/en\/this-is-the-breakfast-that-michelle-obama-ate-almost-every-day\/","title":{"rendered":"This is the breakfast Michelle Obama ate almost every day when she was a child"},"content":{"rendered":"\n<p><strong>Click <a href=\"https:\/\/www.tapasmagazine.es\/este-es-el-desayuno-que-michelle-obama-comia-casi-todos-los-dias\/\" target=\"_blank\" rel=\"noreferrer noopener\">here<\/a> to read the Spanish version.<\/strong><br>Michelle Obama is very involved in healthy eating, especially in children. A few months ago she launched a <a href=\"https:\/\/www.tapasmagazine.es\/en\/michelle-obama-launches-healthy-food-brand\/\" target=\"_blank\" rel=\"noreferrer noopener\">food brand<\/a> with this objective, and already during her husband&#8217;s term she launched Let&#8217;s Move, a project on healthy nutrition to combat childhood obesity. Now she has just visited the podcast Your Mama&#8217;s Kitchen, hosted by <a href=\"https:\/\/www.instagram.com\/Michele__Norris\/\" target=\"_blank\" rel=\"noreferrer noopener\">Michele Norris<\/a>, which, as its title suggests, addresses issues related to food and Michelle Obama talked about her typical childhood breakfast, among other issues.<\/p>\n\n\n\n<p>During the conversation, <strong>Michelle revealed that as a child she hated breakfast time<\/strong> and that while her household had culinary feasts to start the day, including cereal, scrambled or fried eggs, toast, bacon and sausage &#8211; her brother was an athlete &#8211; she was quite picky about food.<\/p>\n\n\n\n<figure class=\"wp-block-image size-large\"><a href=\"https:\/\/www.tapasmagazine.es\/wp-content\/uploads\/2023\/08\/sandwich-mantequilla-de-cacahuete-mermelada.jpg\"><img decoding=\"async\" width=\"1024\" height=\"576\" src=\"https:\/\/www.tapasmagazine.es\/wp-content\/uploads\/2023\/08\/sandwich-mantequilla-de-cacahuete-mermelada-1024x576.jpg\" alt=\"\" class=\"wp-image-203192\" srcset=\"https:\/\/www.tapasmagazine.es\/wp-content\/uploads\/2023\/08\/sandwich-mantequilla-de-cacahuete-mermelada-1024x576.jpg 1024w, https:\/\/www.tapasmagazine.es\/wp-content\/uploads\/2023\/08\/sandwich-mantequilla-de-cacahuete-mermelada-300x169.jpg 300w, https:\/\/www.tapasmagazine.es\/wp-content\/uploads\/2023\/08\/sandwich-mantequilla-de-cacahuete-mermelada-768x432.jpg 768w, https:\/\/www.tapasmagazine.es\/wp-content\/uploads\/2023\/08\/sandwich-mantequilla-de-cacahuete-mermelada-1000x563.jpg 1000w, https:\/\/www.tapasmagazine.es\/wp-content\/uploads\/2023\/08\/sandwich-mantequilla-de-cacahuete-mermelada-400x225.jpg 400w, https:\/\/www.tapasmagazine.es\/wp-content\/uploads\/2023\/08\/sandwich-mantequilla-de-cacahuete-mermelada.jpg 1200w\" sizes=\"(max-width: 1024px) 100vw, 1024px\" \/><\/a><\/figure>\n\n\n\n<p>In the end, she &#8220;negotiated&#8221; with her parents a more conventional gastro routine consisting of a <strong>classic peanut butter and jelly sandwich<\/strong>. And <strong>that&#8217;s the breakfast Michelle Obama ate almost every day until she went to college<\/strong>. It was &#8220;the only thing I liked,&#8221; she said in the podcast.<\/p>\n\n\n\n<h2 class=\"wp-block-heading\">Change her breakfast when she arrived at the university<\/h2>\n\n\n\n<p>The former first lady of the United States went on to talk about her morning meals and said that when she went to college her breakfasts changed. She began to like eggs and even stated: &#8220;Now I like them all. Give me eggs Benedict. Any egg, any way.<\/p>\n\n\n\n<p>Norris wanted to know if she had ever eaten that childhood sandwich again, to which Michelle replied no because, in addition to the fact that it had saturated her, her daughter Amalia was allergic to peanut butter as a child.<\/p>\n\n\n\n<p>Other gastronomic aspects Obama recounted in the talk were the foods that reminded him of home, such as his mother&#8217;s homemade pies or the &#8220;recipe inherited from our elders in South Carolina,&#8221; a kind of red rice that was made with rice, thick tomato, bacon, spicy sausage and shrimp, similar to jambalaya.<\/p>\n","protected":false},"excerpt":{"rendered":"<p>Click here to read the Spanish version.Michelle Obama is very involved in healthy eating, especially in children. A few months ago she launched a food brand with this objective, and already during her husband&#8217;s term she launched Let&#8217;s Move, a project on healthy nutrition to combat childhood obesity. Now she has just visited the podcast [&hellip;]<\/p>\n","protected":false},"author":249,"featured_media":203200,"comment_status":"open","ping_status":"closed","sticky":false,"template":"single-feature.php","format":"standard","meta":{"_acf_changed":false,"footnotes":""},"categories":[15807,15851,15910,1],"tags":[16479,16938,16487,18194],"class_list":["post-203204","post","type-post","status-publish","format-standard","has-post-thumbnail","hentry","category-gastro-en","category-nombres-propios-en","category-personajes-en","category-sin-categorizar","tag-celebrities-en","tag-desayunos-en","tag-famosos-en","tag-obama-en","cat-15807-id","cat-15851-id","cat-15910-id","cat-1-id"],"acf":[],"yoast_head":"<!-- This site is optimized with the Yoast SEO plugin v27.4 - https:\/\/yoast.com\/product\/yoast-seo-wordpress\/ -->\n<title>This is the breakfast Michelle Obama ate almost every day<\/title>\n<meta name=\"description\" content=\"Michelle Obama gave an interview in which she told what breakfast she ate almost every day as a child. Which one do you think it was?\" \/>\n<meta name=\"robots\" content=\"index, follow, max-snippet:-1, max-image-preview:large, max-video-preview:-1\" \/>\n<link rel=\"canonical\" href=\"https:\/\/www.tapasmagazine.es\/en\/this-is-the-breakfast-that-michelle-obama-ate-almost-every-day\/\" \/>\n<meta property=\"og:locale\" content=\"en_US\" \/>\n<meta property=\"og:type\" content=\"article\" \/>\n<meta property=\"og:title\" content=\"This is the breakfast Michelle Obama ate almost every day\" \/>\n<meta property=\"og:description\" content=\"Michelle Obama gave an interview in which she told what breakfast she ate almost every day as a child. Which one do you think it was?\" \/>\n<meta property=\"og:url\" content=\"https:\/\/www.tapasmagazine.es\/en\/this-is-the-breakfast-that-michelle-obama-ate-almost-every-day\/\" \/>\n<meta property=\"og:site_name\" content=\"Tapas\" \/>\n<meta property=\"article:publisher\" content=\"https:\/\/www.facebook.com\/tapasmagazine\" \/>\n<meta property=\"article:published_time\" content=\"2023-08-17T09:16:00+00:00\" \/>\n<meta property=\"article:modified_time\" content=\"2023-08-17T09:23:02+00:00\" \/>\n<meta property=\"og:image\" content=\"https:\/\/www.tapasmagazine.es\/wp-content\/uploads\/2023\/08\/michelle-obama-instagram-desayuno-infancia.jpg\" \/>\n\t<meta property=\"og:image:width\" content=\"1200\" \/>\n\t<meta property=\"og:image:height\" content=\"675\" \/>\n\t<meta property=\"og:image:type\" content=\"image\/jpeg\" \/>\n<meta name=\"author\" content=\"TAPAS\" \/>\n<meta name=\"twitter:card\" content=\"summary_large_image\" \/>\n<meta name=\"twitter:creator\" content=\"@TapasMagazine\" \/>\n<meta name=\"twitter:site\" content=\"@TapasMagazine\" \/>\n<meta name=\"twitter:label1\" content=\"Written by\" \/>\n\t<meta name=\"twitter:data1\" content=\"TAPAS\" \/>\n\t<meta name=\"twitter:label2\" content=\"Est. reading time\" \/>\n\t<meta name=\"twitter:data2\" content=\"2 minutes\" \/>\n<script type=\"application\/ld+json\" class=\"yoast-schema-graph\">{\"@context\":\"https:\\\/\\\/schema.org\",\"@graph\":[{\"@type\":\"Article\",\"@id\":\"https:\\\/\\\/www.tapasmagazine.es\\\/en\\\/this-is-the-breakfast-that-michelle-obama-ate-almost-every-day\\\/#article\",\"isPartOf\":{\"@id\":\"https:\\\/\\\/www.tapasmagazine.es\\\/en\\\/this-is-the-breakfast-that-michelle-obama-ate-almost-every-day\\\/\"},\"author\":{\"name\":\"TAPAS\",\"@id\":\"https:\\\/\\\/www.tapasmagazine.es\\\/#\\\/schema\\\/person\\\/906ea2ea4697837608d99f4cc085cea3\"},\"headline\":\"This is the breakfast Michelle Obama ate almost every day when she was a child\",\"datePublished\":\"2023-08-17T09:16:00+00:00\",\"dateModified\":\"2023-08-17T09:23:02+00:00\",\"mainEntityOfPage\":{\"@id\":\"https:\\\/\\\/www.tapasmagazine.es\\\/en\\\/this-is-the-breakfast-that-michelle-obama-ate-almost-every-day\\\/\"},\"wordCount\":351,\"commentCount\":0,\"publisher\":{\"@id\":\"https:\\\/\\\/www.tapasmagazine.es\\\/#organization\"},\"image\":{\"@id\":\"https:\\\/\\\/www.tapasmagazine.es\\\/en\\\/this-is-the-breakfast-that-michelle-obama-ate-almost-every-day\\\/#primaryimage\"},\"thumbnailUrl\":\"https:\\\/\\\/www.tapasmagazine.es\\\/wp-content\\\/uploads\\\/2023\\\/08\\\/michelle-obama-instagram-desayuno-infancia.jpg\",\"keywords\":[\"celebrities\",\"desayunos\",\"famosos\",\"obama\"],\"articleSection\":[\"Gastro\",\"Nombres propios\",\"Personajes\",\"Sin categorizar\"],\"inLanguage\":\"en-US\",\"potentialAction\":[{\"@type\":\"CommentAction\",\"name\":\"Comment\",\"target\":[\"https:\\\/\\\/www.tapasmagazine.es\\\/en\\\/this-is-the-breakfast-that-michelle-obama-ate-almost-every-day\\\/#respond\"]}]},{\"@type\":\"WebPage\",\"@id\":\"https:\\\/\\\/www.tapasmagazine.es\\\/en\\\/this-is-the-breakfast-that-michelle-obama-ate-almost-every-day\\\/\",\"url\":\"https:\\\/\\\/www.tapasmagazine.es\\\/en\\\/this-is-the-breakfast-that-michelle-obama-ate-almost-every-day\\\/\",\"name\":\"This is the breakfast Michelle Obama ate almost every day\",\"isPartOf\":{\"@id\":\"https:\\\/\\\/www.tapasmagazine.es\\\/#website\"},\"primaryImageOfPage\":{\"@id\":\"https:\\\/\\\/www.tapasmagazine.es\\\/en\\\/this-is-the-breakfast-that-michelle-obama-ate-almost-every-day\\\/#primaryimage\"},\"image\":{\"@id\":\"https:\\\/\\\/www.tapasmagazine.es\\\/en\\\/this-is-the-breakfast-that-michelle-obama-ate-almost-every-day\\\/#primaryimage\"},\"thumbnailUrl\":\"https:\\\/\\\/www.tapasmagazine.es\\\/wp-content\\\/uploads\\\/2023\\\/08\\\/michelle-obama-instagram-desayuno-infancia.jpg\",\"datePublished\":\"2023-08-17T09:16:00+00:00\",\"dateModified\":\"2023-08-17T09:23:02+00:00\",\"description\":\"Michelle Obama gave an interview in which she told what breakfast she ate almost every day as a child. Which one do you think it was?\",\"breadcrumb\":{\"@id\":\"https:\\\/\\\/www.tapasmagazine.es\\\/en\\\/this-is-the-breakfast-that-michelle-obama-ate-almost-every-day\\\/#breadcrumb\"},\"inLanguage\":\"en-US\",\"potentialAction\":[{\"@type\":\"ReadAction\",\"target\":[\"https:\\\/\\\/www.tapasmagazine.es\\\/en\\\/this-is-the-breakfast-that-michelle-obama-ate-almost-every-day\\\/\"]}]},{\"@type\":\"ImageObject\",\"inLanguage\":\"en-US\",\"@id\":\"https:\\\/\\\/www.tapasmagazine.es\\\/en\\\/this-is-the-breakfast-that-michelle-obama-ate-almost-every-day\\\/#primaryimage\",\"url\":\"https:\\\/\\\/www.tapasmagazine.es\\\/wp-content\\\/uploads\\\/2023\\\/08\\\/michelle-obama-instagram-desayuno-infancia.jpg\",\"contentUrl\":\"https:\\\/\\\/www.tapasmagazine.es\\\/wp-content\\\/uploads\\\/2023\\\/08\\\/michelle-obama-instagram-desayuno-infancia.jpg\",\"width\":1200,\"height\":675},{\"@type\":\"BreadcrumbList\",\"@id\":\"https:\\\/\\\/www.tapasmagazine.es\\\/en\\\/this-is-the-breakfast-that-michelle-obama-ate-almost-every-day\\\/#breadcrumb\",\"itemListElement\":[{\"@type\":\"ListItem\",\"position\":1,\"name\":\"Portada\",\"item\":\"https:\\\/\\\/www.tapasmagazine.es\\\/\"},{\"@type\":\"ListItem\",\"position\":2,\"name\":\"Gastro\",\"item\":\"https:\\\/\\\/www.tapasmagazine.es\\\/en\\\/categorias\\\/gastro-en\\\/\"},{\"@type\":\"ListItem\",\"position\":3,\"name\":\"This is the breakfast Michelle Obama ate almost every day when she was a child\"}]},{\"@type\":\"WebSite\",\"@id\":\"https:\\\/\\\/www.tapasmagazine.es\\\/#website\",\"url\":\"https:\\\/\\\/www.tapasmagazine.es\\\/\",\"name\":\"Tapas\",\"description\":\"\u00d1am \u00d1am Lifestyle. La vida a bocados. Premio Nacional de Gastronom\u00eda 2016.\",\"publisher\":{\"@id\":\"https:\\\/\\\/www.tapasmagazine.es\\\/#organization\"},\"potentialAction\":[{\"@type\":\"SearchAction\",\"target\":{\"@type\":\"EntryPoint\",\"urlTemplate\":\"https:\\\/\\\/www.tapasmagazine.es\\\/?s={search_term_string}\"},\"query-input\":{\"@type\":\"PropertyValueSpecification\",\"valueRequired\":true,\"valueName\":\"search_term_string\"}}],\"inLanguage\":\"en-US\"},{\"@type\":\"Organization\",\"@id\":\"https:\\\/\\\/www.tapasmagazine.es\\\/#organization\",\"name\":\"Tapas Magazine\",\"url\":\"https:\\\/\\\/www.tapasmagazine.es\\\/\",\"logo\":{\"@type\":\"ImageObject\",\"inLanguage\":\"en-US\",\"@id\":\"https:\\\/\\\/www.tapasmagazine.es\\\/#\\\/schema\\\/logo\\\/image\\\/\",\"url\":\"https:\\\/\\\/www.tapasmagazine.es\\\/wp-content\\\/uploads\\\/2018\\\/01\\\/logo.png\",\"contentUrl\":\"https:\\\/\\\/www.tapasmagazine.es\\\/wp-content\\\/uploads\\\/2018\\\/01\\\/logo.png\",\"width\":180,\"height\":60,\"caption\":\"Tapas Magazine\"},\"image\":{\"@id\":\"https:\\\/\\\/www.tapasmagazine.es\\\/#\\\/schema\\\/logo\\\/image\\\/\"},\"sameAs\":[\"https:\\\/\\\/www.facebook.com\\\/tapasmagazine\",\"https:\\\/\\\/x.com\\\/TapasMagazine\",\"https:\\\/\\\/www.instagram.com\\\/tapasmagazine\\\/\",\"https:\\\/\\\/www.linkedin.com\\\/company\\\/tapas-magazine\",\"https:\\\/\\\/es.pinterest.com\\\/tapasmagazine\\\/\",\"https:\\\/\\\/www.youtube.com\\\/channel\\\/UCEyxneAaACuR0lfDagrWjjg?sub_confirmation=1\"]},{\"@type\":\"Person\",\"@id\":\"https:\\\/\\\/www.tapasmagazine.es\\\/#\\\/schema\\\/person\\\/906ea2ea4697837608d99f4cc085cea3\",\"name\":\"TAPAS\",\"url\":\"https:\\\/\\\/www.tapasmagazine.es\\\/en\\\/author\\\/tapas\\\/\"}]}<\/script>\n<!-- \/ Yoast SEO plugin. -->","yoast_head_json":{"title":"This is the breakfast Michelle Obama ate almost every day","description":"Michelle Obama gave an interview in which she told what breakfast she ate almost every day as a child. Which one do you think it was?","robots":{"index":"index","follow":"follow","max-snippet":"max-snippet:-1","max-image-preview":"max-image-preview:large","max-video-preview":"max-video-preview:-1"},"canonical":"https:\/\/www.tapasmagazine.es\/en\/this-is-the-breakfast-that-michelle-obama-ate-almost-every-day\/","og_locale":"en_US","og_type":"article","og_title":"This is the breakfast Michelle Obama ate almost every day","og_description":"Michelle Obama gave an interview in which she told what breakfast she ate almost every day as a child. Which one do you think it was?","og_url":"https:\/\/www.tapasmagazine.es\/en\/this-is-the-breakfast-that-michelle-obama-ate-almost-every-day\/","og_site_name":"Tapas","article_publisher":"https:\/\/www.facebook.com\/tapasmagazine","article_published_time":"2023-08-17T09:16:00+00:00","article_modified_time":"2023-08-17T09:23:02+00:00","og_image":[{"width":1200,"height":675,"url":"https:\/\/www.tapasmagazine.es\/wp-content\/uploads\/2023\/08\/michelle-obama-instagram-desayuno-infancia.jpg","type":"image\/jpeg"}],"author":"TAPAS","twitter_card":"summary_large_image","twitter_creator":"@TapasMagazine","twitter_site":"@TapasMagazine","twitter_misc":{"Written by":"TAPAS","Est. reading time":"2 minutes"},"schema":{"@context":"https:\/\/schema.org","@graph":[{"@type":"Article","@id":"https:\/\/www.tapasmagazine.es\/en\/this-is-the-breakfast-that-michelle-obama-ate-almost-every-day\/#article","isPartOf":{"@id":"https:\/\/www.tapasmagazine.es\/en\/this-is-the-breakfast-that-michelle-obama-ate-almost-every-day\/"},"author":{"name":"TAPAS","@id":"https:\/\/www.tapasmagazine.es\/#\/schema\/person\/906ea2ea4697837608d99f4cc085cea3"},"headline":"This is the breakfast Michelle Obama ate almost every day when she was a child","datePublished":"2023-08-17T09:16:00+00:00","dateModified":"2023-08-17T09:23:02+00:00","mainEntityOfPage":{"@id":"https:\/\/www.tapasmagazine.es\/en\/this-is-the-breakfast-that-michelle-obama-ate-almost-every-day\/"},"wordCount":351,"commentCount":0,"publisher":{"@id":"https:\/\/www.tapasmagazine.es\/#organization"},"image":{"@id":"https:\/\/www.tapasmagazine.es\/en\/this-is-the-breakfast-that-michelle-obama-ate-almost-every-day\/#primaryimage"},"thumbnailUrl":"https:\/\/www.tapasmagazine.es\/wp-content\/uploads\/2023\/08\/michelle-obama-instagram-desayuno-infancia.jpg","keywords":["celebrities","desayunos","famosos","obama"],"articleSection":["Gastro","Nombres propios","Personajes","Sin categorizar"],"inLanguage":"en-US","potentialAction":[{"@type":"CommentAction","name":"Comment","target":["https:\/\/www.tapasmagazine.es\/en\/this-is-the-breakfast-that-michelle-obama-ate-almost-every-day\/#respond"]}]},{"@type":"WebPage","@id":"https:\/\/www.tapasmagazine.es\/en\/this-is-the-breakfast-that-michelle-obama-ate-almost-every-day\/","url":"https:\/\/www.tapasmagazine.es\/en\/this-is-the-breakfast-that-michelle-obama-ate-almost-every-day\/","name":"This is the breakfast Michelle Obama ate almost every day","isPartOf":{"@id":"https:\/\/www.tapasmagazine.es\/#website"},"primaryImageOfPage":{"@id":"https:\/\/www.tapasmagazine.es\/en\/this-is-the-breakfast-that-michelle-obama-ate-almost-every-day\/#primaryimage"},"image":{"@id":"https:\/\/www.tapasmagazine.es\/en\/this-is-the-breakfast-that-michelle-obama-ate-almost-every-day\/#primaryimage"},"thumbnailUrl":"https:\/\/www.tapasmagazine.es\/wp-content\/uploads\/2023\/08\/michelle-obama-instagram-desayuno-infancia.jpg","datePublished":"2023-08-17T09:16:00+00:00","dateModified":"2023-08-17T09:23:02+00:00","description":"Michelle Obama gave an interview in which she told what breakfast she ate almost every day as a child. Which one do you think it was?","breadcrumb":{"@id":"https:\/\/www.tapasmagazine.es\/en\/this-is-the-breakfast-that-michelle-obama-ate-almost-every-day\/#breadcrumb"},"inLanguage":"en-US","potentialAction":[{"@type":"ReadAction","target":["https:\/\/www.tapasmagazine.es\/en\/this-is-the-breakfast-that-michelle-obama-ate-almost-every-day\/"]}]},{"@type":"ImageObject","inLanguage":"en-US","@id":"https:\/\/www.tapasmagazine.es\/en\/this-is-the-breakfast-that-michelle-obama-ate-almost-every-day\/#primaryimage","url":"https:\/\/www.tapasmagazine.es\/wp-content\/uploads\/2023\/08\/michelle-obama-instagram-desayuno-infancia.jpg","contentUrl":"https:\/\/www.tapasmagazine.es\/wp-content\/uploads\/2023\/08\/michelle-obama-instagram-desayuno-infancia.jpg","width":1200,"height":675},{"@type":"BreadcrumbList","@id":"https:\/\/www.tapasmagazine.es\/en\/this-is-the-breakfast-that-michelle-obama-ate-almost-every-day\/#breadcrumb","itemListElement":[{"@type":"ListItem","position":1,"name":"Portada","item":"https:\/\/www.tapasmagazine.es\/"},{"@type":"ListItem","position":2,"name":"Gastro","item":"https:\/\/www.tapasmagazine.es\/en\/categorias\/gastro-en\/"},{"@type":"ListItem","position":3,"name":"This is the breakfast Michelle Obama ate almost every day when she was a child"}]},{"@type":"WebSite","@id":"https:\/\/www.tapasmagazine.es\/#website","url":"https:\/\/www.tapasmagazine.es\/","name":"Tapas","description":"\u00d1am \u00d1am Lifestyle. La vida a bocados. Premio Nacional de Gastronom\u00eda 2016.","publisher":{"@id":"https:\/\/www.tapasmagazine.es\/#organization"},"potentialAction":[{"@type":"SearchAction","target":{"@type":"EntryPoint","urlTemplate":"https:\/\/www.tapasmagazine.es\/?s={search_term_string}"},"query-input":{"@type":"PropertyValueSpecification","valueRequired":true,"valueName":"search_term_string"}}],"inLanguage":"en-US"},{"@type":"Organization","@id":"https:\/\/www.tapasmagazine.es\/#organization","name":"Tapas Magazine","url":"https:\/\/www.tapasmagazine.es\/","logo":{"@type":"ImageObject","inLanguage":"en-US","@id":"https:\/\/www.tapasmagazine.es\/#\/schema\/logo\/image\/","url":"https:\/\/www.tapasmagazine.es\/wp-content\/uploads\/2018\/01\/logo.png","contentUrl":"https:\/\/www.tapasmagazine.es\/wp-content\/uploads\/2018\/01\/logo.png","width":180,"height":60,"caption":"Tapas Magazine"},"image":{"@id":"https:\/\/www.tapasmagazine.es\/#\/schema\/logo\/image\/"},"sameAs":["https:\/\/www.facebook.com\/tapasmagazine","https:\/\/x.com\/TapasMagazine","https:\/\/www.instagram.com\/tapasmagazine\/","https:\/\/www.linkedin.com\/company\/tapas-magazine","https:\/\/es.pinterest.com\/tapasmagazine\/","https:\/\/www.youtube.com\/channel\/UCEyxneAaACuR0lfDagrWjjg?sub_confirmation=1"]},{"@type":"Person","@id":"https:\/\/www.tapasmagazine.es\/#\/schema\/person\/906ea2ea4697837608d99f4cc085cea3","name":"TAPAS","url":"https:\/\/www.tapasmagazine.es\/en\/author\/tapas\/"}]}},"_links":{"self":[{"href":"https:\/\/www.tapasmagazine.es\/en\/wp-json\/wp\/v2\/posts\/203204","targetHints":{"allow":["GET"]}}],"collection":[{"href":"https:\/\/www.tapasmagazine.es\/en\/wp-json\/wp\/v2\/posts"}],"about":[{"href":"https:\/\/www.tapasmagazine.es\/en\/wp-json\/wp\/v2\/types\/post"}],"author":[{"embeddable":true,"href":"https:\/\/www.tapasmagazine.es\/en\/wp-json\/wp\/v2\/users\/249"}],"replies":[{"embeddable":true,"href":"https:\/\/www.tapasmagazine.es\/en\/wp-json\/wp\/v2\/comments?post=203204"}],"version-history":[{"count":3,"href":"https:\/\/www.tapasmagazine.es\/en\/wp-json\/wp\/v2\/posts\/203204\/revisions"}],"predecessor-version":[{"id":203209,"href":"https:\/\/www.tapasmagazine.es\/en\/wp-json\/wp\/v2\/posts\/203204\/revisions\/203209"}],"wp:featuredmedia":[{"embeddable":true,"href":"https:\/\/www.tapasmagazine.es\/en\/wp-json\/wp\/v2\/media\/203200"}],"wp:attachment":[{"href":"https:\/\/www.tapasmagazine.es\/en\/wp-json\/wp\/v2\/media?parent=203204"}],"wp:term":[{"taxonomy":"category","embeddable":true,"href":"https:\/\/www.tapasmagazine.es\/en\/wp-json\/wp\/v2\/categories?post=203204"},{"taxonomy":"post_tag","embeddable":true,"href":"https:\/\/www.tapasmagazine.es\/en\/wp-json\/wp\/v2\/tags?post=203204"}],"curies":[{"name":"wp","href":"https:\/\/api.w.org\/{rel}","templated":true}]}}