{"id":203148,"date":"2023-08-17T09:58:05","date_gmt":"2023-08-17T07:58:05","guid":{"rendered":"https:\/\/www.tapasmagazine.es\/?p=203148"},"modified":"2023-08-17T10:11:33","modified_gmt":"2023-08-17T08:11:33","slug":"jose-andres-recipe-for-the-most-refreshing-popsicles-this-summer","status":"publish","type":"post","link":"https:\/\/www.tapasmagazine.es\/en\/jose-andres-recipe-for-the-most-refreshing-popsicles-this-summer\/","title":{"rendered":"Jos\u00e9 Andr\u00e9s&#8217; recipe for the most refreshing popsicles this summer"},"content":{"rendered":"\n<p><strong>Click <a href=\"https:\/\/www.tapasmagazine.es\/la-receta-de-jose-andres-para-preparar-los-polos-mas-refrescantes-de-este-verano\/\" target=\"_blank\" rel=\"noreferrer noopener\">here<\/a> to read the Spanish version.<\/strong><br>Jos\u00e9 Andr\u00e9s has the perfect remedy to combat the heat. And it is something as simple as the typical Latin American popsicles. We know them directly as popsicles and they are ice creams made with fruit. The Asturian chef thinks fruit is sexy, especially for its sour and sweet taste. So in <a href=\"https:\/\/joseandres.substack.com\/\" target=\"_blank\" rel=\"noreferrer noopener\">his blog<\/a> Jos\u00e9 Andr\u00e9s has shared two popsicles recipe that have that refreshing touch needed for the summer heat, and on top of that they are healthy because they are made with natural fruit. Take note!<\/p>\n\n\n\n<h2 class=\"wp-block-heading\">Mango, chili and lime popsicles recipe of Jos\u00e9 Andr\u00e9s<\/h2>\n\n\n\n<h4 class=\"wp-block-heading\">Ingredients:<\/h4>\n\n\n\n<ul class=\"wp-block-list\">\n<li>Mango puree<\/li>\n\n\n\n<li>Fresh lime juice<\/li>\n\n\n\n<li>Chile de \u00e1rbol powder<\/li>\n\n\n\n<li>1\/4 cup of water<\/li>\n\n\n\n<li>Pinch of salt<\/li>\n<\/ul>\n\n\n\n<h4 class=\"wp-block-heading\">Preparation:<\/h4>\n\n\n\n<ul class=\"wp-block-list\">\n<li>Mix all ingredients in a small pitcher and stir well.<\/li>\n\n\n\n<li>Take the popsicle molds and carefully fill them. Place in the freezer, ideally overnight. And enjoy this refreshing and very tart popsicle.<\/li>\n<\/ul>\n\n\n\n<h2 class=\"wp-block-heading\">Key Lime paleta recipe<\/h2>\n\n\n\n<h4 class=\"wp-block-heading\">Ingredients:<\/h4>\n\n\n\n<ul class=\"wp-block-list\">\n<li>Lime juice<\/li>\n\n\n\n<li>Condensed milk<\/li>\n\n\n\n<li>Lime<\/li>\n\n\n\n<li>Salt<\/li>\n<\/ul>\n\n\n\n<h4 class=\"wp-block-heading\">Preparation:<\/h4>\n\n\n\n<ul class=\"wp-block-list\">\n<li>In a bowl, pour half and half of the condensed milk and the lime juice and a touch of salt. Mix well.<\/li>\n\n\n\n<li>Pour the contents into the molds and place in the freezer for about 8 hours.<\/li>\n\n\n\n<li>You can enjoy them just like this, or add some toppings such as nuts or crackers to give them even more flavor and a crunchy touch.<\/li>\n<\/ul>\n","protected":false},"excerpt":{"rendered":"<p>Click here to read the Spanish version.Jos\u00e9 Andr\u00e9s has the perfect remedy to combat the heat. And it is something as simple as the typical Latin American popsicles. We know them directly as popsicles and they are ice creams made with fruit. The Asturian chef thinks fruit is sexy, especially for its sour and sweet [&hellip;]<\/p>\n","protected":false},"author":249,"featured_media":203140,"comment_status":"open","ping_status":"closed","sticky":false,"template":"single-feature.php","format":"standard","meta":{"_acf_changed":false,"footnotes":""},"categories":[15848,15851,15965],"tags":[15829,15905,18192,18193,18066],"class_list":["post-203148","post","type-post","status-publish","format-standard","has-post-thumbnail","hentry","category-chefs-en","category-nombres-propios-en","category-recetas-en","tag-helados-en","tag-jose-andres-2-en","tag-polos-en","tag-receta-helado-en","tag-verano-en","cat-15848-id","cat-15851-id","cat-15965-id"],"acf":[],"yoast_head":"<!-- This site is optimized with the Yoast SEO plugin v27.4 - https:\/\/yoast.com\/product\/yoast-seo-wordpress\/ -->\n<title>Jos\u00e9 Andr\u00e9s&#039; recipe for the most refreshing popsicles this summer<\/title>\n<meta name=\"description\" content=\"Jos\u00e9 Andr\u00e9s has shared this recipe with two sour popsicles flavors to add a refreshing touch for this summer. Take note!\" \/>\n<meta name=\"robots\" content=\"index, follow, max-snippet:-1, max-image-preview:large, max-video-preview:-1\" \/>\n<link rel=\"canonical\" href=\"https:\/\/www.tapasmagazine.es\/en\/jose-andres-recipe-for-the-most-refreshing-popsicles-this-summer\/\" \/>\n<meta property=\"og:locale\" content=\"en_US\" \/>\n<meta property=\"og:type\" content=\"article\" \/>\n<meta property=\"og:title\" content=\"Jos\u00e9 Andr\u00e9s&#039; recipe for the most refreshing popsicles this summer\" \/>\n<meta property=\"og:description\" content=\"Jos\u00e9 Andr\u00e9s has shared this recipe with two sour popsicles flavors to add a refreshing touch for this summer. Take note!\" \/>\n<meta property=\"og:url\" content=\"https:\/\/www.tapasmagazine.es\/en\/jose-andres-recipe-for-the-most-refreshing-popsicles-this-summer\/\" \/>\n<meta property=\"og:site_name\" content=\"Tapas\" \/>\n<meta property=\"article:publisher\" content=\"https:\/\/www.facebook.com\/tapasmagazine\" \/>\n<meta property=\"article:published_time\" content=\"2023-08-17T07:58:05+00:00\" \/>\n<meta property=\"article:modified_time\" content=\"2023-08-17T08:11:33+00:00\" \/>\n<meta property=\"og:image\" content=\"https:\/\/www.tapasmagazine.es\/wp-content\/uploads\/2023\/08\/receta-helados-paletas-jose-andres.jpg\" \/>\n\t<meta property=\"og:image:width\" content=\"1200\" \/>\n\t<meta property=\"og:image:height\" content=\"675\" \/>\n\t<meta property=\"og:image:type\" content=\"image\/jpeg\" \/>\n<meta name=\"author\" content=\"TAPAS\" \/>\n<meta name=\"twitter:card\" content=\"summary_large_image\" \/>\n<meta name=\"twitter:creator\" content=\"@TapasMagazine\" \/>\n<meta name=\"twitter:site\" content=\"@TapasMagazine\" \/>\n<meta name=\"twitter:label1\" content=\"Written by\" \/>\n\t<meta name=\"twitter:data1\" content=\"TAPAS\" \/>\n\t<meta name=\"twitter:label2\" content=\"Est. reading time\" \/>\n\t<meta name=\"twitter:data2\" content=\"2 minutes\" \/>\n<script type=\"application\/ld+json\" class=\"yoast-schema-graph\">{\"@context\":\"https:\\\/\\\/schema.org\",\"@graph\":[{\"@type\":\"Article\",\"@id\":\"https:\\\/\\\/www.tapasmagazine.es\\\/en\\\/jose-andres-recipe-for-the-most-refreshing-popsicles-this-summer\\\/#article\",\"isPartOf\":{\"@id\":\"https:\\\/\\\/www.tapasmagazine.es\\\/en\\\/jose-andres-recipe-for-the-most-refreshing-popsicles-this-summer\\\/\"},\"author\":{\"name\":\"TAPAS\",\"@id\":\"https:\\\/\\\/www.tapasmagazine.es\\\/#\\\/schema\\\/person\\\/906ea2ea4697837608d99f4cc085cea3\"},\"headline\":\"Jos\u00e9 Andr\u00e9s&#8217; recipe for the most refreshing popsicles this summer\",\"datePublished\":\"2023-08-17T07:58:05+00:00\",\"dateModified\":\"2023-08-17T08:11:33+00:00\",\"mainEntityOfPage\":{\"@id\":\"https:\\\/\\\/www.tapasmagazine.es\\\/en\\\/jose-andres-recipe-for-the-most-refreshing-popsicles-this-summer\\\/\"},\"wordCount\":241,\"commentCount\":0,\"publisher\":{\"@id\":\"https:\\\/\\\/www.tapasmagazine.es\\\/#organization\"},\"image\":{\"@id\":\"https:\\\/\\\/www.tapasmagazine.es\\\/en\\\/jose-andres-recipe-for-the-most-refreshing-popsicles-this-summer\\\/#primaryimage\"},\"thumbnailUrl\":\"https:\\\/\\\/www.tapasmagazine.es\\\/wp-content\\\/uploads\\\/2023\\\/08\\\/receta-helados-paletas-jose-andres.jpg\",\"keywords\":[\"helados\",\"Jos\u00e9 Andr\u00e9s\",\"polos\",\"Receta helado\",\"verano\"],\"articleSection\":[\"Chefs\",\"Nombres propios\",\"Recetas\"],\"inLanguage\":\"en-US\",\"potentialAction\":[{\"@type\":\"CommentAction\",\"name\":\"Comment\",\"target\":[\"https:\\\/\\\/www.tapasmagazine.es\\\/en\\\/jose-andres-recipe-for-the-most-refreshing-popsicles-this-summer\\\/#respond\"]}]},{\"@type\":\"WebPage\",\"@id\":\"https:\\\/\\\/www.tapasmagazine.es\\\/en\\\/jose-andres-recipe-for-the-most-refreshing-popsicles-this-summer\\\/\",\"url\":\"https:\\\/\\\/www.tapasmagazine.es\\\/en\\\/jose-andres-recipe-for-the-most-refreshing-popsicles-this-summer\\\/\",\"name\":\"Jos\u00e9 Andr\u00e9s' recipe for the most refreshing popsicles this summer\",\"isPartOf\":{\"@id\":\"https:\\\/\\\/www.tapasmagazine.es\\\/#website\"},\"primaryImageOfPage\":{\"@id\":\"https:\\\/\\\/www.tapasmagazine.es\\\/en\\\/jose-andres-recipe-for-the-most-refreshing-popsicles-this-summer\\\/#primaryimage\"},\"image\":{\"@id\":\"https:\\\/\\\/www.tapasmagazine.es\\\/en\\\/jose-andres-recipe-for-the-most-refreshing-popsicles-this-summer\\\/#primaryimage\"},\"thumbnailUrl\":\"https:\\\/\\\/www.tapasmagazine.es\\\/wp-content\\\/uploads\\\/2023\\\/08\\\/receta-helados-paletas-jose-andres.jpg\",\"datePublished\":\"2023-08-17T07:58:05+00:00\",\"dateModified\":\"2023-08-17T08:11:33+00:00\",\"description\":\"Jos\u00e9 Andr\u00e9s has shared this recipe with two sour popsicles flavors to add a refreshing touch for this summer. Take note!\",\"breadcrumb\":{\"@id\":\"https:\\\/\\\/www.tapasmagazine.es\\\/en\\\/jose-andres-recipe-for-the-most-refreshing-popsicles-this-summer\\\/#breadcrumb\"},\"inLanguage\":\"en-US\",\"potentialAction\":[{\"@type\":\"ReadAction\",\"target\":[\"https:\\\/\\\/www.tapasmagazine.es\\\/en\\\/jose-andres-recipe-for-the-most-refreshing-popsicles-this-summer\\\/\"]}]},{\"@type\":\"ImageObject\",\"inLanguage\":\"en-US\",\"@id\":\"https:\\\/\\\/www.tapasmagazine.es\\\/en\\\/jose-andres-recipe-for-the-most-refreshing-popsicles-this-summer\\\/#primaryimage\",\"url\":\"https:\\\/\\\/www.tapasmagazine.es\\\/wp-content\\\/uploads\\\/2023\\\/08\\\/receta-helados-paletas-jose-andres.jpg\",\"contentUrl\":\"https:\\\/\\\/www.tapasmagazine.es\\\/wp-content\\\/uploads\\\/2023\\\/08\\\/receta-helados-paletas-jose-andres.jpg\",\"width\":1200,\"height\":675},{\"@type\":\"BreadcrumbList\",\"@id\":\"https:\\\/\\\/www.tapasmagazine.es\\\/en\\\/jose-andres-recipe-for-the-most-refreshing-popsicles-this-summer\\\/#breadcrumb\",\"itemListElement\":[{\"@type\":\"ListItem\",\"position\":1,\"name\":\"Portada\",\"item\":\"https:\\\/\\\/www.tapasmagazine.es\\\/\"},{\"@type\":\"ListItem\",\"position\":2,\"name\":\"Nombres propios\",\"item\":\"https:\\\/\\\/www.tapasmagazine.es\\\/en\\\/categorias\\\/nombres-propios-en\\\/\"},{\"@type\":\"ListItem\",\"position\":3,\"name\":\"Jos\u00e9 Andr\u00e9s&#8217; recipe for the most refreshing popsicles this summer\"}]},{\"@type\":\"WebSite\",\"@id\":\"https:\\\/\\\/www.tapasmagazine.es\\\/#website\",\"url\":\"https:\\\/\\\/www.tapasmagazine.es\\\/\",\"name\":\"Tapas\",\"description\":\"\u00d1am \u00d1am Lifestyle. La vida a bocados. Premio Nacional de Gastronom\u00eda 2016.\",\"publisher\":{\"@id\":\"https:\\\/\\\/www.tapasmagazine.es\\\/#organization\"},\"potentialAction\":[{\"@type\":\"SearchAction\",\"target\":{\"@type\":\"EntryPoint\",\"urlTemplate\":\"https:\\\/\\\/www.tapasmagazine.es\\\/?s={search_term_string}\"},\"query-input\":{\"@type\":\"PropertyValueSpecification\",\"valueRequired\":true,\"valueName\":\"search_term_string\"}}],\"inLanguage\":\"en-US\"},{\"@type\":\"Organization\",\"@id\":\"https:\\\/\\\/www.tapasmagazine.es\\\/#organization\",\"name\":\"Tapas Magazine\",\"url\":\"https:\\\/\\\/www.tapasmagazine.es\\\/\",\"logo\":{\"@type\":\"ImageObject\",\"inLanguage\":\"en-US\",\"@id\":\"https:\\\/\\\/www.tapasmagazine.es\\\/#\\\/schema\\\/logo\\\/image\\\/\",\"url\":\"https:\\\/\\\/www.tapasmagazine.es\\\/wp-content\\\/uploads\\\/2018\\\/01\\\/logo.png\",\"contentUrl\":\"https:\\\/\\\/www.tapasmagazine.es\\\/wp-content\\\/uploads\\\/2018\\\/01\\\/logo.png\",\"width\":180,\"height\":60,\"caption\":\"Tapas Magazine\"},\"image\":{\"@id\":\"https:\\\/\\\/www.tapasmagazine.es\\\/#\\\/schema\\\/logo\\\/image\\\/\"},\"sameAs\":[\"https:\\\/\\\/www.facebook.com\\\/tapasmagazine\",\"https:\\\/\\\/x.com\\\/TapasMagazine\",\"https:\\\/\\\/www.instagram.com\\\/tapasmagazine\\\/\",\"https:\\\/\\\/www.linkedin.com\\\/company\\\/tapas-magazine\",\"https:\\\/\\\/es.pinterest.com\\\/tapasmagazine\\\/\",\"https:\\\/\\\/www.youtube.com\\\/channel\\\/UCEyxneAaACuR0lfDagrWjjg?sub_confirmation=1\"]},{\"@type\":\"Person\",\"@id\":\"https:\\\/\\\/www.tapasmagazine.es\\\/#\\\/schema\\\/person\\\/906ea2ea4697837608d99f4cc085cea3\",\"name\":\"TAPAS\",\"url\":\"https:\\\/\\\/www.tapasmagazine.es\\\/en\\\/author\\\/tapas\\\/\"}]}<\/script>\n<!-- \/ Yoast SEO plugin. -->","yoast_head_json":{"title":"Jos\u00e9 Andr\u00e9s' recipe for the most refreshing popsicles this summer","description":"Jos\u00e9 Andr\u00e9s has shared this recipe with two sour popsicles flavors to add a refreshing touch for this summer. Take note!","robots":{"index":"index","follow":"follow","max-snippet":"max-snippet:-1","max-image-preview":"max-image-preview:large","max-video-preview":"max-video-preview:-1"},"canonical":"https:\/\/www.tapasmagazine.es\/en\/jose-andres-recipe-for-the-most-refreshing-popsicles-this-summer\/","og_locale":"en_US","og_type":"article","og_title":"Jos\u00e9 Andr\u00e9s' recipe for the most refreshing popsicles this summer","og_description":"Jos\u00e9 Andr\u00e9s has shared this recipe with two sour popsicles flavors to add a refreshing touch for this summer. Take note!","og_url":"https:\/\/www.tapasmagazine.es\/en\/jose-andres-recipe-for-the-most-refreshing-popsicles-this-summer\/","og_site_name":"Tapas","article_publisher":"https:\/\/www.facebook.com\/tapasmagazine","article_published_time":"2023-08-17T07:58:05+00:00","article_modified_time":"2023-08-17T08:11:33+00:00","og_image":[{"width":1200,"height":675,"url":"https:\/\/www.tapasmagazine.es\/wp-content\/uploads\/2023\/08\/receta-helados-paletas-jose-andres.jpg","type":"image\/jpeg"}],"author":"TAPAS","twitter_card":"summary_large_image","twitter_creator":"@TapasMagazine","twitter_site":"@TapasMagazine","twitter_misc":{"Written by":"TAPAS","Est. reading time":"2 minutes"},"schema":{"@context":"https:\/\/schema.org","@graph":[{"@type":"Article","@id":"https:\/\/www.tapasmagazine.es\/en\/jose-andres-recipe-for-the-most-refreshing-popsicles-this-summer\/#article","isPartOf":{"@id":"https:\/\/www.tapasmagazine.es\/en\/jose-andres-recipe-for-the-most-refreshing-popsicles-this-summer\/"},"author":{"name":"TAPAS","@id":"https:\/\/www.tapasmagazine.es\/#\/schema\/person\/906ea2ea4697837608d99f4cc085cea3"},"headline":"Jos\u00e9 Andr\u00e9s&#8217; recipe for the most refreshing popsicles this summer","datePublished":"2023-08-17T07:58:05+00:00","dateModified":"2023-08-17T08:11:33+00:00","mainEntityOfPage":{"@id":"https:\/\/www.tapasmagazine.es\/en\/jose-andres-recipe-for-the-most-refreshing-popsicles-this-summer\/"},"wordCount":241,"commentCount":0,"publisher":{"@id":"https:\/\/www.tapasmagazine.es\/#organization"},"image":{"@id":"https:\/\/www.tapasmagazine.es\/en\/jose-andres-recipe-for-the-most-refreshing-popsicles-this-summer\/#primaryimage"},"thumbnailUrl":"https:\/\/www.tapasmagazine.es\/wp-content\/uploads\/2023\/08\/receta-helados-paletas-jose-andres.jpg","keywords":["helados","Jos\u00e9 Andr\u00e9s","polos","Receta helado","verano"],"articleSection":["Chefs","Nombres propios","Recetas"],"inLanguage":"en-US","potentialAction":[{"@type":"CommentAction","name":"Comment","target":["https:\/\/www.tapasmagazine.es\/en\/jose-andres-recipe-for-the-most-refreshing-popsicles-this-summer\/#respond"]}]},{"@type":"WebPage","@id":"https:\/\/www.tapasmagazine.es\/en\/jose-andres-recipe-for-the-most-refreshing-popsicles-this-summer\/","url":"https:\/\/www.tapasmagazine.es\/en\/jose-andres-recipe-for-the-most-refreshing-popsicles-this-summer\/","name":"Jos\u00e9 Andr\u00e9s' recipe for the most refreshing popsicles this summer","isPartOf":{"@id":"https:\/\/www.tapasmagazine.es\/#website"},"primaryImageOfPage":{"@id":"https:\/\/www.tapasmagazine.es\/en\/jose-andres-recipe-for-the-most-refreshing-popsicles-this-summer\/#primaryimage"},"image":{"@id":"https:\/\/www.tapasmagazine.es\/en\/jose-andres-recipe-for-the-most-refreshing-popsicles-this-summer\/#primaryimage"},"thumbnailUrl":"https:\/\/www.tapasmagazine.es\/wp-content\/uploads\/2023\/08\/receta-helados-paletas-jose-andres.jpg","datePublished":"2023-08-17T07:58:05+00:00","dateModified":"2023-08-17T08:11:33+00:00","description":"Jos\u00e9 Andr\u00e9s has shared this recipe with two sour popsicles flavors to add a refreshing touch for this summer. Take note!","breadcrumb":{"@id":"https:\/\/www.tapasmagazine.es\/en\/jose-andres-recipe-for-the-most-refreshing-popsicles-this-summer\/#breadcrumb"},"inLanguage":"en-US","potentialAction":[{"@type":"ReadAction","target":["https:\/\/www.tapasmagazine.es\/en\/jose-andres-recipe-for-the-most-refreshing-popsicles-this-summer\/"]}]},{"@type":"ImageObject","inLanguage":"en-US","@id":"https:\/\/www.tapasmagazine.es\/en\/jose-andres-recipe-for-the-most-refreshing-popsicles-this-summer\/#primaryimage","url":"https:\/\/www.tapasmagazine.es\/wp-content\/uploads\/2023\/08\/receta-helados-paletas-jose-andres.jpg","contentUrl":"https:\/\/www.tapasmagazine.es\/wp-content\/uploads\/2023\/08\/receta-helados-paletas-jose-andres.jpg","width":1200,"height":675},{"@type":"BreadcrumbList","@id":"https:\/\/www.tapasmagazine.es\/en\/jose-andres-recipe-for-the-most-refreshing-popsicles-this-summer\/#breadcrumb","itemListElement":[{"@type":"ListItem","position":1,"name":"Portada","item":"https:\/\/www.tapasmagazine.es\/"},{"@type":"ListItem","position":2,"name":"Nombres propios","item":"https:\/\/www.tapasmagazine.es\/en\/categorias\/nombres-propios-en\/"},{"@type":"ListItem","position":3,"name":"Jos\u00e9 Andr\u00e9s&#8217; recipe for the most refreshing popsicles this summer"}]},{"@type":"WebSite","@id":"https:\/\/www.tapasmagazine.es\/#website","url":"https:\/\/www.tapasmagazine.es\/","name":"Tapas","description":"\u00d1am \u00d1am Lifestyle. La vida a bocados. Premio Nacional de Gastronom\u00eda 2016.","publisher":{"@id":"https:\/\/www.tapasmagazine.es\/#organization"},"potentialAction":[{"@type":"SearchAction","target":{"@type":"EntryPoint","urlTemplate":"https:\/\/www.tapasmagazine.es\/?s={search_term_string}"},"query-input":{"@type":"PropertyValueSpecification","valueRequired":true,"valueName":"search_term_string"}}],"inLanguage":"en-US"},{"@type":"Organization","@id":"https:\/\/www.tapasmagazine.es\/#organization","name":"Tapas Magazine","url":"https:\/\/www.tapasmagazine.es\/","logo":{"@type":"ImageObject","inLanguage":"en-US","@id":"https:\/\/www.tapasmagazine.es\/#\/schema\/logo\/image\/","url":"https:\/\/www.tapasmagazine.es\/wp-content\/uploads\/2018\/01\/logo.png","contentUrl":"https:\/\/www.tapasmagazine.es\/wp-content\/uploads\/2018\/01\/logo.png","width":180,"height":60,"caption":"Tapas Magazine"},"image":{"@id":"https:\/\/www.tapasmagazine.es\/#\/schema\/logo\/image\/"},"sameAs":["https:\/\/www.facebook.com\/tapasmagazine","https:\/\/x.com\/TapasMagazine","https:\/\/www.instagram.com\/tapasmagazine\/","https:\/\/www.linkedin.com\/company\/tapas-magazine","https:\/\/es.pinterest.com\/tapasmagazine\/","https:\/\/www.youtube.com\/channel\/UCEyxneAaACuR0lfDagrWjjg?sub_confirmation=1"]},{"@type":"Person","@id":"https:\/\/www.tapasmagazine.es\/#\/schema\/person\/906ea2ea4697837608d99f4cc085cea3","name":"TAPAS","url":"https:\/\/www.tapasmagazine.es\/en\/author\/tapas\/"}]}},"_links":{"self":[{"href":"https:\/\/www.tapasmagazine.es\/en\/wp-json\/wp\/v2\/posts\/203148","targetHints":{"allow":["GET"]}}],"collection":[{"href":"https:\/\/www.tapasmagazine.es\/en\/wp-json\/wp\/v2\/posts"}],"about":[{"href":"https:\/\/www.tapasmagazine.es\/en\/wp-json\/wp\/v2\/types\/post"}],"author":[{"embeddable":true,"href":"https:\/\/www.tapasmagazine.es\/en\/wp-json\/wp\/v2\/users\/249"}],"replies":[{"embeddable":true,"href":"https:\/\/www.tapasmagazine.es\/en\/wp-json\/wp\/v2\/comments?post=203148"}],"version-history":[{"count":5,"href":"https:\/\/www.tapasmagazine.es\/en\/wp-json\/wp\/v2\/posts\/203148\/revisions"}],"predecessor-version":[{"id":203175,"href":"https:\/\/www.tapasmagazine.es\/en\/wp-json\/wp\/v2\/posts\/203148\/revisions\/203175"}],"wp:featuredmedia":[{"embeddable":true,"href":"https:\/\/www.tapasmagazine.es\/en\/wp-json\/wp\/v2\/media\/203140"}],"wp:attachment":[{"href":"https:\/\/www.tapasmagazine.es\/en\/wp-json\/wp\/v2\/media?parent=203148"}],"wp:term":[{"taxonomy":"category","embeddable":true,"href":"https:\/\/www.tapasmagazine.es\/en\/wp-json\/wp\/v2\/categories?post=203148"},{"taxonomy":"post_tag","embeddable":true,"href":"https:\/\/www.tapasmagazine.es\/en\/wp-json\/wp\/v2\/tags?post=203148"}],"curies":[{"name":"wp","href":"https:\/\/api.w.org\/{rel}","templated":true}]}}