{"id":202525,"date":"2023-08-10T14:43:24","date_gmt":"2023-08-10T12:43:24","guid":{"rendered":"https:\/\/www.tapasmagazine.es\/el-calimocho-ya-tiene-calle-en-espana-y-esta-es-su-curiosa-historia\/"},"modified":"2023-08-10T15:13:09","modified_gmt":"2023-08-10T13:13:09","slug":"calimocho-now-has-a-street-in-spain","status":"publish","type":"post","link":"https:\/\/www.tapasmagazine.es\/en\/calimocho-now-has-a-street-in-spain\/","title":{"rendered":"Calimocho now has a street in Spain (and this is its curious history)"},"content":{"rendered":"\n<p><strong>Click <a href=\"https:\/\/www.tapasmagazine.es\/el-calimocho-ya-tiene-calle-en-espana-y-esta-es-su-curiosa-historia\/\" target=\"_blank\" rel=\"noreferrer noopener\">here<\/a> to read the Spanish version.<\/strong><br>A street in the municipality of Tacoronte, in Tenerife, was officially named for the first time at the beginning of the summer, after the acting mayor at that time, Daniel D\u00edaz Armas, took one of the last steps of his term of office. <strong>On June 19, the City Council baptized a small road in the north of the island as Calle del Calimocho<\/strong>, although the neighbors of the area had already been calling it that for some time.<\/p>\n\n\n\n<p>The reason is that <strong>on one side of the street is the Bodega Comarcal de Tacoronte and, just at the other end<\/strong>, <strong>a Coca-Cola factory<\/strong>. These two ingredients, wine and Coca Cola, are precisely the basic ingredients of calimocho, so it was a natural occurrence. It was a neighbor who first noticed the coincidence, and who came up with the name in the first place. As it was so well received by the inhabitants of the municipality and the factories themselves, the matter reached the ears of the administrations and the rest is history.<\/p>\n\n\n\n<h2 class=\"wp-block-heading\">The wine<\/h2>\n\n\n\n<p>Established in 1992, <strong>the Bodega Comarcal de Tacoronte is one of the three that make up the Bodegas Insulares de Tenerife<\/strong>. With wines of the Designation of Origin Tacoronte-Acentejo, the company has a wide range of awards, among which is the Grand Gold Medal of the National Competition of Wines of Small D.O.&#8217;s 2023 and the Silver Medal in the most recent Vinespa\u00f1a contest, organized by the Spanish Federation of Oenology.<\/p>\n\n\n\n<p>The wines of the <a href=\"http:\/\/tacovin.com\/\" target=\"_blank\" rel=\"noreferrer noopener\">Designation of Origin Tacoronte-Acentejo<\/a>, named after the region located on the northern slope of Tenerife, are full in the mouth, with volume and soft tannins, as explained from the D.O.. These properties are largely due to <strong>the soil in which the vineyards grow, of volcanic and vegetal origin and in transformation due to the effect of basaltic ashes<\/strong>. It is the area with the highest density of vineyards in the whole archipelago, with 2,422 hectares of vineyards cultivated along the 23 kilometers of the region.<\/p>\n\n\n\n<figure class=\"wp-block-embed is-type-rich is-provider-instagram wp-block-embed-instagram\"><div class=\"wp-block-embed__wrapper\">\n<div class=\"sbi-embed-wrap\"><blockquote class=\"instagram-media sbi-embed\" data-instgrm-captioned data-instgrm-permalink=\"https:\/\/www.instagram.com\/p\/Cr2wcpYstin\/?utm_source=ig_embed&amp;utm_campaign=loading\" data-instgrm-version=\"14\" style=\" background:#FFF; border:0; border-radius:3px; box-shadow:0 0 1px 0 rgba(0,0,0,0.5),0 1px 10px 0 rgba(0,0,0,0.15); margin: 1px; max-width:640px; min-width:326px; padding:0; width:99.375%; width:-webkit-calc(100% - 2px); width:calc(100% - 2px);\"><div style=\"padding:16px;\"> <a href=\"https:\/\/www.instagram.com\/p\/Cr2wcpYstin\/?utm_source=ig_embed&amp;utm_campaign=loading\" style=\" background:#FFFFFF; line-height:0; padding:0 0; text-align:center; text-decoration:none; width:100%;\" target=\"_blank\"> <div style=\" display: flex; flex-direction: row; align-items: center;\"> <div style=\"background-color: #F4F4F4; border-radius: 50%; flex-grow: 0; height: 40px; margin-right: 14px; width: 40px;\"><\/div> <div style=\"display: flex; flex-direction: column; flex-grow: 1; justify-content: center;\"> <div style=\" background-color: #F4F4F4; border-radius: 4px; flex-grow: 0; height: 14px; margin-bottom: 6px; width: 100px;\"><\/div> <div style=\" background-color: #F4F4F4; border-radius: 4px; flex-grow: 0; height: 14px; width: 60px;\"><\/div><\/div><\/div><div style=\"padding: 19% 0;\"><\/div> <div style=\"display:block; height:50px; margin:0 auto 12px; width:50px;\"><svg width=\"50px\" height=\"50px\" viewBox=\"0 0 60 60\" version=\"1.1\" xmlns=\"https:\/\/www.w3.org\/2000\/svg\" xmlns:xlink=\"https:\/\/www.w3.org\/1999\/xlink\"><g stroke=\"none\" stroke-width=\"1\" fill=\"none\" fill-rule=\"evenodd\"><g transform=\"translate(-511.000000, -20.000000)\" fill=\"#000000\"><g><path d=\"M556.869,30.41 C554.814,30.41 553.148,32.076 553.148,34.131 C553.148,36.186 554.814,37.852 556.869,37.852 C558.924,37.852 560.59,36.186 560.59,34.131 C560.59,32.076 558.924,30.41 556.869,30.41 M541,60.657 C535.114,60.657 530.342,55.887 530.342,50 C530.342,44.114 535.114,39.342 541,39.342 C546.887,39.342 551.658,44.114 551.658,50 C551.658,55.887 546.887,60.657 541,60.657 M541,33.886 C532.1,33.886 524.886,41.1 524.886,50 C524.886,58.899 532.1,66.113 541,66.113 C549.9,66.113 557.115,58.899 557.115,50 C557.115,41.1 549.9,33.886 541,33.886 M565.378,62.101 C565.244,65.022 564.756,66.606 564.346,67.663 C563.803,69.06 563.154,70.057 562.106,71.106 C561.058,72.155 560.06,72.803 558.662,73.347 C557.607,73.757 556.021,74.244 553.102,74.378 C549.944,74.521 548.997,74.552 541,74.552 C533.003,74.552 532.056,74.521 528.898,74.378 C525.979,74.244 524.393,73.757 523.338,73.347 C521.94,72.803 520.942,72.155 519.894,71.106 C518.846,70.057 518.197,69.06 517.654,67.663 C517.244,66.606 516.755,65.022 516.623,62.101 C516.479,58.943 516.448,57.996 516.448,50 C516.448,42.003 516.479,41.056 516.623,37.899 C516.755,34.978 517.244,33.391 517.654,32.338 C518.197,30.938 518.846,29.942 519.894,28.894 C520.942,27.846 521.94,27.196 523.338,26.654 C524.393,26.244 525.979,25.756 528.898,25.623 C532.057,25.479 533.004,25.448 541,25.448 C548.997,25.448 549.943,25.479 553.102,25.623 C556.021,25.756 557.607,26.244 558.662,26.654 C560.06,27.196 561.058,27.846 562.106,28.894 C563.154,29.942 563.803,30.938 564.346,32.338 C564.756,33.391 565.244,34.978 565.378,37.899 C565.522,41.056 565.552,42.003 565.552,50 C565.552,57.996 565.522,58.943 565.378,62.101 M570.82,37.631 C570.674,34.438 570.167,32.258 569.425,30.349 C568.659,28.377 567.633,26.702 565.965,25.035 C564.297,23.368 562.623,22.342 560.652,21.575 C558.743,20.834 556.562,20.326 553.369,20.18 C550.169,20.033 549.148,20 541,20 C532.853,20 531.831,20.033 528.631,20.18 C525.438,20.326 523.257,20.834 521.349,21.575 C519.376,22.342 517.703,23.368 516.035,25.035 C514.368,26.702 513.342,28.377 512.574,30.349 C511.834,32.258 511.326,34.438 511.181,37.631 C511.035,40.831 511,41.851 511,50 C511,58.147 511.035,59.17 511.181,62.369 C511.326,65.562 511.834,67.743 512.574,69.651 C513.342,71.625 514.368,73.296 516.035,74.965 C517.703,76.634 519.376,77.658 521.349,78.425 C523.257,79.167 525.438,79.673 528.631,79.82 C531.831,79.965 532.853,80.001 541,80.001 C549.148,80.001 550.169,79.965 553.369,79.82 C556.562,79.673 558.743,79.167 560.652,78.425 C562.623,77.658 564.297,76.634 565.965,74.965 C567.633,73.296 568.659,71.625 569.425,69.651 C570.167,67.743 570.674,65.562 570.82,62.369 C570.966,59.17 571,58.147 571,50 C571,41.851 570.966,40.831 570.82,37.631\"><\/path><\/g><\/g><\/g><\/svg><\/div><div style=\"padding-top: 8px;\"> <div style=\" color:#3897f0; font-family:Arial,sans-serif; font-size:14px; font-style:normal; font-weight:550; line-height:18px;\">View this post on Instagram<\/div><\/div><div style=\"padding: 12.5% 0;\"><\/div> <div style=\"display: flex; flex-direction: row; margin-bottom: 14px; align-items: center;\"><div> <div style=\"background-color: #F4F4F4; border-radius: 50%; height: 12.5px; width: 12.5px; transform: translateX(0px) translateY(7px);\"><\/div> <div style=\"background-color: #F4F4F4; height: 12.5px; transform: rotate(-45deg) translateX(3px) translateY(1px); width: 12.5px; flex-grow: 0; margin-right: 14px; margin-left: 2px;\"><\/div> <div style=\"background-color: #F4F4F4; border-radius: 50%; height: 12.5px; width: 12.5px; transform: translateX(9px) translateY(-18px);\"><\/div><\/div><div style=\"margin-left: 8px;\"> <div style=\" background-color: #F4F4F4; border-radius: 50%; flex-grow: 0; height: 20px; width: 20px;\"><\/div> <div style=\" width: 0; height: 0; border-top: 2px solid transparent; border-left: 6px solid #f4f4f4; border-bottom: 2px solid transparent; transform: translateX(16px) translateY(-4px) rotate(30deg)\"><\/div><\/div><div style=\"margin-left: auto;\"> <div style=\" width: 0px; border-top: 8px solid #F4F4F4; border-right: 8px solid transparent; transform: translateY(16px);\"><\/div> <div style=\" background-color: #F4F4F4; flex-grow: 0; height: 12px; width: 16px; transform: translateY(-4px);\"><\/div> <div style=\" width: 0; height: 0; border-top: 8px solid #F4F4F4; border-left: 8px solid transparent; transform: translateY(-4px) translateX(8px);\"><\/div><\/div><\/div> <div style=\"display: flex; flex-direction: column; flex-grow: 1; justify-content: center; margin-bottom: 24px;\"> <div style=\" background-color: #F4F4F4; border-radius: 4px; flex-grow: 0; height: 14px; margin-bottom: 6px; width: 224px;\"><\/div> <div style=\" background-color: #F4F4F4; border-radius: 4px; flex-grow: 0; height: 14px; width: 144px;\"><\/div><\/div><\/a><p style=\" color:#c9c8cd; font-family:Arial,sans-serif; font-size:14px; line-height:17px; margin-bottom:0; margin-top:8px; overflow:hidden; padding:8px 0 7px; text-align:center; text-overflow:ellipsis; white-space:nowrap;\"><a href=\"https:\/\/www.instagram.com\/p\/Cr2wcpYstin\/?utm_source=ig_embed&amp;utm_campaign=loading\" style=\" color:#c9c8cd; font-family:Arial,sans-serif; font-size:14px; font-style:normal; font-weight:normal; line-height:17px; text-decoration:none;\" target=\"_blank\">A post shared by DO Tacoronte-Acentejo (@dotacoronteacentejo)<\/a><\/p><\/div><\/blockquote><script async src=\"\/\/platform.instagram.com\/en_US\/embeds.js\"><\/script><\/div>\n<\/div><\/figure>\n\n\n\n<h2 class=\"wp-block-heading\">Coke<\/h2>\n\n\n\n<p>The Coca-Cola factory was inaugurated in Tacoronte in 1997 and produces 120 million liters of soft drink a year. <strong>The entire production process is carried out there<\/strong>, from the mixing of concentrate and water, extracted from its own 410-meter deep well, to waste management, bottling, quality control and distribution.<\/p>\n\n\n\n<p>The building is surrounded by <strong>&#8220;a plantation of green bush, with plants endemic to the area, which acts as an audiovisual screen and as a call for ecological awareness,&#8221;<\/strong> explains V\u00edctor Morales, head of communications, public affairs and sustainability at Coca-Cola Canarias. As a sign of the importance they attach to this issue, the factory has managed to ensure that more than 99% of its waste can be reused for new processes.<\/p>\n\n\n\n<figure class=\"wp-block-image size-large is-resized\"><a href=\"https:\/\/www.tapasmagazine.es\/wp-content\/uploads\/2023\/08\/PlantaTenerife1210x1080.jpg\"><img decoding=\"async\" src=\"https:\/\/www.tapasmagazine.es\/wp-content\/uploads\/2023\/08\/PlantaTenerife1210x1080-edited-1.jpg\" alt=\"\" class=\"wp-image-202510\" style=\"width:739px;height:555px\" width=\"739\" height=\"555\" srcset=\"https:\/\/www.tapasmagazine.es\/wp-content\/uploads\/2023\/08\/PlantaTenerife1210x1080-edited-1.jpg 1008w, https:\/\/www.tapasmagazine.es\/wp-content\/uploads\/2023\/08\/PlantaTenerife1210x1080-edited-1-300x225.jpg 300w, https:\/\/www.tapasmagazine.es\/wp-content\/uploads\/2023\/08\/PlantaTenerife1210x1080-edited-1-768x576.jpg 768w, https:\/\/www.tapasmagazine.es\/wp-content\/uploads\/2023\/08\/PlantaTenerife1210x1080-edited-1-1000x750.jpg 1000w, https:\/\/www.tapasmagazine.es\/wp-content\/uploads\/2023\/08\/PlantaTenerife1210x1080-edited-1-400x300.jpg 400w\" sizes=\"(max-width: 739px) 100vw, 739px\" \/><\/a><figcaption class=\"wp-element-caption\">Interior de la f\u00e1brica de Coca-Cola en Tacoronte. Foto: Coca-Cola<\/figcaption><\/figure>\n\n\n\n<h2 class=\"wp-block-heading\">The &#8216;Kalimotxo&#8217;<\/h2>\n\n\n\n<p>The Calimocho street also <strong>includes in its sign the Basque name, Katimotcho<\/strong>, despite the disenchantment of the only inhabitant of the street that they have included the translation of the term.<\/p>\n\n\n\n<p>The drink was baptized as such in 1972, during the festivities of the Old Port of Algorta, in Getxo, although it had already been consumed in Spain since the 1920&#8217;s. The combination of wine and Coca-Cola, however, was not very common, since there were very few establishments that sold the American soft drink at that time. <strong>With the arrival of the first factory in Spain in 1953, the mixture began to become popular under different names, according to the Getxo Tourist Office<\/strong>.<\/p>\n\n\n\n<figure class=\"wp-block-image size-large\"><a href=\"https:\/\/www.tapasmagazine.es\/wp-content\/uploads\/2023\/08\/cabecera-que-ver.jpeg\"><img decoding=\"async\" width=\"1024\" height=\"399\" src=\"https:\/\/www.tapasmagazine.es\/wp-content\/uploads\/2023\/08\/cabecera-que-ver-1024x399.jpeg\" alt=\"\" class=\"wp-image-202507\" srcset=\"https:\/\/www.tapasmagazine.es\/wp-content\/uploads\/2023\/08\/cabecera-que-ver-1024x399.jpeg 1024w, https:\/\/www.tapasmagazine.es\/wp-content\/uploads\/2023\/08\/cabecera-que-ver-300x117.jpeg 300w, https:\/\/www.tapasmagazine.es\/wp-content\/uploads\/2023\/08\/cabecera-que-ver-768x300.jpeg 768w, https:\/\/www.tapasmagazine.es\/wp-content\/uploads\/2023\/08\/cabecera-que-ver-1000x390.jpeg 1000w, https:\/\/www.tapasmagazine.es\/wp-content\/uploads\/2023\/08\/cabecera-que-ver-400x156.jpeg 400w, https:\/\/www.tapasmagazine.es\/wp-content\/uploads\/2023\/08\/cabecera-que-ver.jpeg 1200w\" sizes=\"(max-width: 1024px) 100vw, 1024px\" \/><\/a><figcaption class=\"wp-element-caption\">Purto Vuejo de Algorta. Foto: Oficina de Turismo de Getxo<\/figcaption><\/figure>\n\n\n\n<p>It was in 1972 when the gang in charge of organizing that year&#8217;s festivities in the Old Port of Algorta bought <strong>2,000 liters of red wine that ended up being spiked<\/strong>. In order to be able to dispose of the liquid, they decided to disguise the taste with the same amount of soft drink and, in an attempt to prevent customers from discovering what was really happening, they wanted to give a new name to the concoction, selling it as something new and attractive.<\/p>\n\n\n\n<p>As they continue narrating from the Tourist Office, one of the members of the gang nicknamed &#8216;Kali&#8217; had an &#8220;ungraceful appearance&#8221; and, as in Basque &#8220;ugly&#8221; is said &#8220;motxo&#8221;, <strong>one of those present came up with the idea of combining both names for the drink<\/strong>, Kalimotxo, being the idea enthusiastically welcomed by those present.<\/p>\n\n\n\n<p>The mixture of ingredients is for some a delicacy and for others an aberration, but the truth is that it is <strong>a recurrent in the popular celebrations of different parts of Spain<\/strong>, and already has variations. One of them, the &#8216;pitilingorri&#8217;, is prepared by mixing wine with lemon soda, and also delights lovers of verbenas.<\/p>\n","protected":false},"excerpt":{"rendered":"<p>Click here to read the Spanish version.A street in the municipality of Tacoronte, in Tenerife, was officially named for the first time at the beginning of the summer, after the acting mayor at that time, Daniel D\u00edaz Armas, took one of the last steps of his term of office. On June 19, the City Council [&hellip;]<\/p>\n","protected":false},"author":289,"featured_media":202500,"comment_status":"open","ping_status":"closed","sticky":false,"template":"single-feature.php","format":"standard","meta":{"_acf_changed":false,"footnotes":""},"categories":[15802,1],"tags":[],"class_list":["post-202525","post","type-post","status-publish","format-standard","has-post-thumbnail","hentry","category-news","category-sin-categorizar","cat-15802-id","cat-1-id"],"acf":[],"yoast_head":"<!-- This site is optimized with the Yoast SEO plugin v27.4 - https:\/\/yoast.com\/product\/yoast-seo-wordpress\/ -->\n<title>Calimocho now has a street in Spain (and this is its curious history) - Tapas<\/title>\n<meta name=\"description\" content=\"Click here to read the Spanish version.A street in the municipality of Tacoronte, in Tenerife, was officially named for the first time at the beginning of\" \/>\n<meta name=\"robots\" content=\"index, follow, max-snippet:-1, max-image-preview:large, max-video-preview:-1\" \/>\n<link rel=\"canonical\" href=\"https:\/\/www.tapasmagazine.es\/en\/calimocho-now-has-a-street-in-spain\/\" \/>\n<meta property=\"og:locale\" content=\"en_US\" \/>\n<meta property=\"og:type\" content=\"article\" \/>\n<meta property=\"og:title\" content=\"Calimocho now has a street in Spain (and this is its curious history) - Tapas\" \/>\n<meta property=\"og:description\" content=\"Click here to read the Spanish version.A street in the municipality of Tacoronte, in Tenerife, was officially named for the first time at the beginning of\" \/>\n<meta property=\"og:url\" content=\"https:\/\/www.tapasmagazine.es\/en\/calimocho-now-has-a-street-in-spain\/\" \/>\n<meta property=\"og:site_name\" content=\"Tapas\" \/>\n<meta property=\"article:publisher\" content=\"https:\/\/www.facebook.com\/tapasmagazine\" \/>\n<meta property=\"article:published_time\" content=\"2023-08-10T12:43:24+00:00\" \/>\n<meta property=\"article:modified_time\" content=\"2023-08-10T13:13:09+00:00\" \/>\n<meta property=\"og:image\" content=\"https:\/\/www.tapasmagazine.es\/wp-content\/uploads\/2023\/08\/cd802f93-4347-4b20-87d3-671b79c7fd53_16-9-discover-aspect-ratio_default_1075489-gigapixel-art-scale-4_00x-scaled.jpg\" \/>\n\t<meta property=\"og:image:width\" content=\"2560\" \/>\n\t<meta property=\"og:image:height\" content=\"1440\" \/>\n\t<meta property=\"og:image:type\" content=\"image\/jpeg\" \/>\n<meta name=\"author\" content=\"Carlota Miguel\" \/>\n<meta name=\"twitter:card\" content=\"summary_large_image\" \/>\n<meta name=\"twitter:creator\" content=\"@TapasMagazine\" \/>\n<meta name=\"twitter:site\" content=\"@TapasMagazine\" \/>\n<meta name=\"twitter:label1\" content=\"Written by\" \/>\n\t<meta name=\"twitter:data1\" content=\"Carlota Miguel\" \/>\n\t<meta name=\"twitter:label2\" content=\"Est. reading time\" \/>\n\t<meta name=\"twitter:data2\" content=\"5 minutes\" \/>\n<script type=\"application\/ld+json\" class=\"yoast-schema-graph\">{\"@context\":\"https:\\\/\\\/schema.org\",\"@graph\":[{\"@type\":\"Article\",\"@id\":\"https:\\\/\\\/www.tapasmagazine.es\\\/en\\\/calimocho-now-has-a-street-in-spain\\\/#article\",\"isPartOf\":{\"@id\":\"https:\\\/\\\/www.tapasmagazine.es\\\/en\\\/calimocho-now-has-a-street-in-spain\\\/\"},\"author\":{\"name\":\"Carlota Miguel\",\"@id\":\"https:\\\/\\\/www.tapasmagazine.es\\\/#\\\/schema\\\/person\\\/01eff67b4a0c1d4bd526a2543d741593\"},\"headline\":\"Calimocho now has a street in Spain (and this is its curious history)\",\"datePublished\":\"2023-08-10T12:43:24+00:00\",\"dateModified\":\"2023-08-10T13:13:09+00:00\",\"mainEntityOfPage\":{\"@id\":\"https:\\\/\\\/www.tapasmagazine.es\\\/en\\\/calimocho-now-has-a-street-in-spain\\\/\"},\"wordCount\":816,\"commentCount\":0,\"publisher\":{\"@id\":\"https:\\\/\\\/www.tapasmagazine.es\\\/#organization\"},\"image\":{\"@id\":\"https:\\\/\\\/www.tapasmagazine.es\\\/en\\\/calimocho-now-has-a-street-in-spain\\\/#primaryimage\"},\"thumbnailUrl\":\"https:\\\/\\\/www.tapasmagazine.es\\\/wp-content\\\/uploads\\\/2023\\\/08\\\/cd802f93-4347-4b20-87d3-671b79c7fd53_16-9-discover-aspect-ratio_default_1075489-gigapixel-art-scale-4_00x-scaled.jpg\",\"articleSection\":[\"News\",\"Sin categorizar\"],\"inLanguage\":\"en-US\",\"potentialAction\":[{\"@type\":\"CommentAction\",\"name\":\"Comment\",\"target\":[\"https:\\\/\\\/www.tapasmagazine.es\\\/en\\\/calimocho-now-has-a-street-in-spain\\\/#respond\"]}]},{\"@type\":\"WebPage\",\"@id\":\"https:\\\/\\\/www.tapasmagazine.es\\\/en\\\/calimocho-now-has-a-street-in-spain\\\/\",\"url\":\"https:\\\/\\\/www.tapasmagazine.es\\\/en\\\/calimocho-now-has-a-street-in-spain\\\/\",\"name\":\"Calimocho now has a street in Spain (and this is its curious history) - Tapas\",\"isPartOf\":{\"@id\":\"https:\\\/\\\/www.tapasmagazine.es\\\/#website\"},\"primaryImageOfPage\":{\"@id\":\"https:\\\/\\\/www.tapasmagazine.es\\\/en\\\/calimocho-now-has-a-street-in-spain\\\/#primaryimage\"},\"image\":{\"@id\":\"https:\\\/\\\/www.tapasmagazine.es\\\/en\\\/calimocho-now-has-a-street-in-spain\\\/#primaryimage\"},\"thumbnailUrl\":\"https:\\\/\\\/www.tapasmagazine.es\\\/wp-content\\\/uploads\\\/2023\\\/08\\\/cd802f93-4347-4b20-87d3-671b79c7fd53_16-9-discover-aspect-ratio_default_1075489-gigapixel-art-scale-4_00x-scaled.jpg\",\"datePublished\":\"2023-08-10T12:43:24+00:00\",\"dateModified\":\"2023-08-10T13:13:09+00:00\",\"description\":\"Click here to read the Spanish version.A street in the municipality of Tacoronte, in Tenerife, was officially named for the first time at the beginning of\",\"breadcrumb\":{\"@id\":\"https:\\\/\\\/www.tapasmagazine.es\\\/en\\\/calimocho-now-has-a-street-in-spain\\\/#breadcrumb\"},\"inLanguage\":\"en-US\",\"potentialAction\":[{\"@type\":\"ReadAction\",\"target\":[\"https:\\\/\\\/www.tapasmagazine.es\\\/en\\\/calimocho-now-has-a-street-in-spain\\\/\"]}]},{\"@type\":\"ImageObject\",\"inLanguage\":\"en-US\",\"@id\":\"https:\\\/\\\/www.tapasmagazine.es\\\/en\\\/calimocho-now-has-a-street-in-spain\\\/#primaryimage\",\"url\":\"https:\\\/\\\/www.tapasmagazine.es\\\/wp-content\\\/uploads\\\/2023\\\/08\\\/cd802f93-4347-4b20-87d3-671b79c7fd53_16-9-discover-aspect-ratio_default_1075489-gigapixel-art-scale-4_00x-scaled.jpg\",\"contentUrl\":\"https:\\\/\\\/www.tapasmagazine.es\\\/wp-content\\\/uploads\\\/2023\\\/08\\\/cd802f93-4347-4b20-87d3-671b79c7fd53_16-9-discover-aspect-ratio_default_1075489-gigapixel-art-scale-4_00x-scaled.jpg\",\"width\":2560,\"height\":1440},{\"@type\":\"BreadcrumbList\",\"@id\":\"https:\\\/\\\/www.tapasmagazine.es\\\/en\\\/calimocho-now-has-a-street-in-spain\\\/#breadcrumb\",\"itemListElement\":[{\"@type\":\"ListItem\",\"position\":1,\"name\":\"Portada\",\"item\":\"https:\\\/\\\/www.tapasmagazine.es\\\/\"},{\"@type\":\"ListItem\",\"position\":2,\"name\":\"News\",\"item\":\"https:\\\/\\\/www.tapasmagazine.es\\\/en\\\/categorias\\\/news\\\/\"},{\"@type\":\"ListItem\",\"position\":3,\"name\":\"Calimocho now has a street in Spain (and this is its curious history)\"}]},{\"@type\":\"WebSite\",\"@id\":\"https:\\\/\\\/www.tapasmagazine.es\\\/#website\",\"url\":\"https:\\\/\\\/www.tapasmagazine.es\\\/\",\"name\":\"Tapas\",\"description\":\"\u00d1am \u00d1am Lifestyle. La vida a bocados. Premio Nacional de Gastronom\u00eda 2016.\",\"publisher\":{\"@id\":\"https:\\\/\\\/www.tapasmagazine.es\\\/#organization\"},\"potentialAction\":[{\"@type\":\"SearchAction\",\"target\":{\"@type\":\"EntryPoint\",\"urlTemplate\":\"https:\\\/\\\/www.tapasmagazine.es\\\/?s={search_term_string}\"},\"query-input\":{\"@type\":\"PropertyValueSpecification\",\"valueRequired\":true,\"valueName\":\"search_term_string\"}}],\"inLanguage\":\"en-US\"},{\"@type\":\"Organization\",\"@id\":\"https:\\\/\\\/www.tapasmagazine.es\\\/#organization\",\"name\":\"Tapas Magazine\",\"url\":\"https:\\\/\\\/www.tapasmagazine.es\\\/\",\"logo\":{\"@type\":\"ImageObject\",\"inLanguage\":\"en-US\",\"@id\":\"https:\\\/\\\/www.tapasmagazine.es\\\/#\\\/schema\\\/logo\\\/image\\\/\",\"url\":\"https:\\\/\\\/www.tapasmagazine.es\\\/wp-content\\\/uploads\\\/2018\\\/01\\\/logo.png\",\"contentUrl\":\"https:\\\/\\\/www.tapasmagazine.es\\\/wp-content\\\/uploads\\\/2018\\\/01\\\/logo.png\",\"width\":180,\"height\":60,\"caption\":\"Tapas Magazine\"},\"image\":{\"@id\":\"https:\\\/\\\/www.tapasmagazine.es\\\/#\\\/schema\\\/logo\\\/image\\\/\"},\"sameAs\":[\"https:\\\/\\\/www.facebook.com\\\/tapasmagazine\",\"https:\\\/\\\/x.com\\\/TapasMagazine\",\"https:\\\/\\\/www.instagram.com\\\/tapasmagazine\\\/\",\"https:\\\/\\\/www.linkedin.com\\\/company\\\/tapas-magazine\",\"https:\\\/\\\/es.pinterest.com\\\/tapasmagazine\\\/\",\"https:\\\/\\\/www.youtube.com\\\/channel\\\/UCEyxneAaACuR0lfDagrWjjg?sub_confirmation=1\"]},{\"@type\":\"Person\",\"@id\":\"https:\\\/\\\/www.tapasmagazine.es\\\/#\\\/schema\\\/person\\\/01eff67b4a0c1d4bd526a2543d741593\",\"name\":\"Carlota Miguel\",\"url\":\"https:\\\/\\\/www.tapasmagazine.es\\\/en\\\/author\\\/carlota-miguel\\\/\"}]}<\/script>\n<!-- \/ Yoast SEO plugin. -->","yoast_head_json":{"title":"Calimocho now has a street in Spain (and this is its curious history) - Tapas","description":"Click here to read the Spanish version.A street in the municipality of Tacoronte, in Tenerife, was officially named for the first time at the beginning of","robots":{"index":"index","follow":"follow","max-snippet":"max-snippet:-1","max-image-preview":"max-image-preview:large","max-video-preview":"max-video-preview:-1"},"canonical":"https:\/\/www.tapasmagazine.es\/en\/calimocho-now-has-a-street-in-spain\/","og_locale":"en_US","og_type":"article","og_title":"Calimocho now has a street in Spain (and this is its curious history) - Tapas","og_description":"Click here to read the Spanish version.A street in the municipality of Tacoronte, in Tenerife, was officially named for the first time at the beginning of","og_url":"https:\/\/www.tapasmagazine.es\/en\/calimocho-now-has-a-street-in-spain\/","og_site_name":"Tapas","article_publisher":"https:\/\/www.facebook.com\/tapasmagazine","article_published_time":"2023-08-10T12:43:24+00:00","article_modified_time":"2023-08-10T13:13:09+00:00","og_image":[{"width":2560,"height":1440,"url":"https:\/\/www.tapasmagazine.es\/wp-content\/uploads\/2023\/08\/cd802f93-4347-4b20-87d3-671b79c7fd53_16-9-discover-aspect-ratio_default_1075489-gigapixel-art-scale-4_00x-scaled.jpg","type":"image\/jpeg"}],"author":"Carlota Miguel","twitter_card":"summary_large_image","twitter_creator":"@TapasMagazine","twitter_site":"@TapasMagazine","twitter_misc":{"Written by":"Carlota Miguel","Est. reading time":"5 minutes"},"schema":{"@context":"https:\/\/schema.org","@graph":[{"@type":"Article","@id":"https:\/\/www.tapasmagazine.es\/en\/calimocho-now-has-a-street-in-spain\/#article","isPartOf":{"@id":"https:\/\/www.tapasmagazine.es\/en\/calimocho-now-has-a-street-in-spain\/"},"author":{"name":"Carlota Miguel","@id":"https:\/\/www.tapasmagazine.es\/#\/schema\/person\/01eff67b4a0c1d4bd526a2543d741593"},"headline":"Calimocho now has a street in Spain (and this is its curious history)","datePublished":"2023-08-10T12:43:24+00:00","dateModified":"2023-08-10T13:13:09+00:00","mainEntityOfPage":{"@id":"https:\/\/www.tapasmagazine.es\/en\/calimocho-now-has-a-street-in-spain\/"},"wordCount":816,"commentCount":0,"publisher":{"@id":"https:\/\/www.tapasmagazine.es\/#organization"},"image":{"@id":"https:\/\/www.tapasmagazine.es\/en\/calimocho-now-has-a-street-in-spain\/#primaryimage"},"thumbnailUrl":"https:\/\/www.tapasmagazine.es\/wp-content\/uploads\/2023\/08\/cd802f93-4347-4b20-87d3-671b79c7fd53_16-9-discover-aspect-ratio_default_1075489-gigapixel-art-scale-4_00x-scaled.jpg","articleSection":["News","Sin categorizar"],"inLanguage":"en-US","potentialAction":[{"@type":"CommentAction","name":"Comment","target":["https:\/\/www.tapasmagazine.es\/en\/calimocho-now-has-a-street-in-spain\/#respond"]}]},{"@type":"WebPage","@id":"https:\/\/www.tapasmagazine.es\/en\/calimocho-now-has-a-street-in-spain\/","url":"https:\/\/www.tapasmagazine.es\/en\/calimocho-now-has-a-street-in-spain\/","name":"Calimocho now has a street in Spain (and this is its curious history) - Tapas","isPartOf":{"@id":"https:\/\/www.tapasmagazine.es\/#website"},"primaryImageOfPage":{"@id":"https:\/\/www.tapasmagazine.es\/en\/calimocho-now-has-a-street-in-spain\/#primaryimage"},"image":{"@id":"https:\/\/www.tapasmagazine.es\/en\/calimocho-now-has-a-street-in-spain\/#primaryimage"},"thumbnailUrl":"https:\/\/www.tapasmagazine.es\/wp-content\/uploads\/2023\/08\/cd802f93-4347-4b20-87d3-671b79c7fd53_16-9-discover-aspect-ratio_default_1075489-gigapixel-art-scale-4_00x-scaled.jpg","datePublished":"2023-08-10T12:43:24+00:00","dateModified":"2023-08-10T13:13:09+00:00","description":"Click here to read the Spanish version.A street in the municipality of Tacoronte, in Tenerife, was officially named for the first time at the beginning of","breadcrumb":{"@id":"https:\/\/www.tapasmagazine.es\/en\/calimocho-now-has-a-street-in-spain\/#breadcrumb"},"inLanguage":"en-US","potentialAction":[{"@type":"ReadAction","target":["https:\/\/www.tapasmagazine.es\/en\/calimocho-now-has-a-street-in-spain\/"]}]},{"@type":"ImageObject","inLanguage":"en-US","@id":"https:\/\/www.tapasmagazine.es\/en\/calimocho-now-has-a-street-in-spain\/#primaryimage","url":"https:\/\/www.tapasmagazine.es\/wp-content\/uploads\/2023\/08\/cd802f93-4347-4b20-87d3-671b79c7fd53_16-9-discover-aspect-ratio_default_1075489-gigapixel-art-scale-4_00x-scaled.jpg","contentUrl":"https:\/\/www.tapasmagazine.es\/wp-content\/uploads\/2023\/08\/cd802f93-4347-4b20-87d3-671b79c7fd53_16-9-discover-aspect-ratio_default_1075489-gigapixel-art-scale-4_00x-scaled.jpg","width":2560,"height":1440},{"@type":"BreadcrumbList","@id":"https:\/\/www.tapasmagazine.es\/en\/calimocho-now-has-a-street-in-spain\/#breadcrumb","itemListElement":[{"@type":"ListItem","position":1,"name":"Portada","item":"https:\/\/www.tapasmagazine.es\/"},{"@type":"ListItem","position":2,"name":"News","item":"https:\/\/www.tapasmagazine.es\/en\/categorias\/news\/"},{"@type":"ListItem","position":3,"name":"Calimocho now has a street in Spain (and this is its curious history)"}]},{"@type":"WebSite","@id":"https:\/\/www.tapasmagazine.es\/#website","url":"https:\/\/www.tapasmagazine.es\/","name":"Tapas","description":"\u00d1am \u00d1am Lifestyle. La vida a bocados. Premio Nacional de Gastronom\u00eda 2016.","publisher":{"@id":"https:\/\/www.tapasmagazine.es\/#organization"},"potentialAction":[{"@type":"SearchAction","target":{"@type":"EntryPoint","urlTemplate":"https:\/\/www.tapasmagazine.es\/?s={search_term_string}"},"query-input":{"@type":"PropertyValueSpecification","valueRequired":true,"valueName":"search_term_string"}}],"inLanguage":"en-US"},{"@type":"Organization","@id":"https:\/\/www.tapasmagazine.es\/#organization","name":"Tapas Magazine","url":"https:\/\/www.tapasmagazine.es\/","logo":{"@type":"ImageObject","inLanguage":"en-US","@id":"https:\/\/www.tapasmagazine.es\/#\/schema\/logo\/image\/","url":"https:\/\/www.tapasmagazine.es\/wp-content\/uploads\/2018\/01\/logo.png","contentUrl":"https:\/\/www.tapasmagazine.es\/wp-content\/uploads\/2018\/01\/logo.png","width":180,"height":60,"caption":"Tapas Magazine"},"image":{"@id":"https:\/\/www.tapasmagazine.es\/#\/schema\/logo\/image\/"},"sameAs":["https:\/\/www.facebook.com\/tapasmagazine","https:\/\/x.com\/TapasMagazine","https:\/\/www.instagram.com\/tapasmagazine\/","https:\/\/www.linkedin.com\/company\/tapas-magazine","https:\/\/es.pinterest.com\/tapasmagazine\/","https:\/\/www.youtube.com\/channel\/UCEyxneAaACuR0lfDagrWjjg?sub_confirmation=1"]},{"@type":"Person","@id":"https:\/\/www.tapasmagazine.es\/#\/schema\/person\/01eff67b4a0c1d4bd526a2543d741593","name":"Carlota Miguel","url":"https:\/\/www.tapasmagazine.es\/en\/author\/carlota-miguel\/"}]}},"_links":{"self":[{"href":"https:\/\/www.tapasmagazine.es\/en\/wp-json\/wp\/v2\/posts\/202525","targetHints":{"allow":["GET"]}}],"collection":[{"href":"https:\/\/www.tapasmagazine.es\/en\/wp-json\/wp\/v2\/posts"}],"about":[{"href":"https:\/\/www.tapasmagazine.es\/en\/wp-json\/wp\/v2\/types\/post"}],"author":[{"embeddable":true,"href":"https:\/\/www.tapasmagazine.es\/en\/wp-json\/wp\/v2\/users\/289"}],"replies":[{"embeddable":true,"href":"https:\/\/www.tapasmagazine.es\/en\/wp-json\/wp\/v2\/comments?post=202525"}],"version-history":[{"count":4,"href":"https:\/\/www.tapasmagazine.es\/en\/wp-json\/wp\/v2\/posts\/202525\/revisions"}],"predecessor-version":[{"id":202530,"href":"https:\/\/www.tapasmagazine.es\/en\/wp-json\/wp\/v2\/posts\/202525\/revisions\/202530"}],"wp:featuredmedia":[{"embeddable":true,"href":"https:\/\/www.tapasmagazine.es\/en\/wp-json\/wp\/v2\/media\/202500"}],"wp:attachment":[{"href":"https:\/\/www.tapasmagazine.es\/en\/wp-json\/wp\/v2\/media?parent=202525"}],"wp:term":[{"taxonomy":"category","embeddable":true,"href":"https:\/\/www.tapasmagazine.es\/en\/wp-json\/wp\/v2\/categories?post=202525"},{"taxonomy":"post_tag","embeddable":true,"href":"https:\/\/www.tapasmagazine.es\/en\/wp-json\/wp\/v2\/tags?post=202525"}],"curies":[{"name":"wp","href":"https:\/\/api.w.org\/{rel}","templated":true}]}}