{"id":202399,"date":"2023-08-10T08:26:18","date_gmt":"2023-08-10T06:26:18","guid":{"rendered":"https:\/\/www.tapasmagazine.es\/estos-son-los-premiados-del-ano-por-la-academia-de-gastronomia-de-ibiza-y-formentera\/"},"modified":"2023-08-10T09:06:15","modified_gmt":"2023-08-10T07:06:15","slug":"these-are-the-winners-of-the-year-by-the-academy-of-gastronomy-of-ibiza-and-formentera","status":"publish","type":"post","link":"https:\/\/www.tapasmagazine.es\/en\/these-are-the-winners-of-the-year-by-the-academy-of-gastronomy-of-ibiza-and-formentera\/","title":{"rendered":"These are the winners of the year by the Academy of Gastronomy of Ibiza and Formentera"},"content":{"rendered":"\n<p><strong>Click here to read the Spanish version.<\/strong><br>The <a href=\"https:\/\/gastroibiza-formentera.org\/\" target=\"_blank\" rel=\"noreferrer noopener\">Academy of Gastronomy of Ibiza and Formentera<\/a> will deliver on Monday, August 21 (10:30 am, Ebusus Cultural Center) its <strong>gastronomic awards<\/strong> this year, where it recognizes the professionalism and work in the field of restoration of Paco Budia, \u00cd\u00f1igo Rodr\u00edguez and the restaurants Nudo, S&#8217;Espartar and Sa Caleta.<\/p>\n\n\n\n<p>The prestigious award for gastronomic relevance will go to <strong>Paco Budia<\/strong>, chef of Mart\u00edn Berasategui&#8217;s acclaimed Etxeko restaurant in Santa Eul\u00e0ria. At 33, Budia has elevated Ibiza&#8217;s culinary experience by earning the first Michelin star for Berasategui&#8217;s restaurant on the island. The academy praises his dedication and passion, establishing Etxeko as a must stop for local and international gourmets.<\/p>\n\n\n\n<p><strong>I\u00f1igo Rodr\u00edguez<\/strong>, executive chef behind the innovative and traditional fusion at Mario Sandoval&#8217;s Asal in Ibiza, will be crowned Best Chef of the Year. With more than a decade of experience, Rodr\u00edguez has perfected the art of combining Ibiza&#8217;s rich culinary heritage with creativity, achieving dishes that tell unique stories with every bite.<\/p>\n\n\n\n<p>Venerable culinary tradition finds its home at the award-winning <strong>S&#8217;Espartar<\/strong>, crowned Best Traditional Cuisine Restaurant. Celebrating 39 years of culinary excellence, this iconic establishment has captivated palates with its unwavering commitment to quality and masterful execution, taking diners on an authentic journey through flavors.<\/p>\n\n\n\n<p>This year&#8217;s culinary surprise is <strong>Nudo<\/strong>, the award-winning restaurant that has caused a stir on the local gastronomic scene since its opening this season. Its approach to cuisine is based on simplicity and freshness. Nudo has proven to be one of the crown jewels of the island&#8217;s gastronomic offerings.<\/p>\n\n\n\n<p>The academics also wanted to reward the service offered by Jordi Cardona and his team at <strong>Sa Caleta<\/strong>. This restaurant of traditional seafood cuisine, which remains open all year round, is a testament to their tireless dedication to gastronomic excellence and authenticity, embodying the very essence of the island in every dish.<\/p>\n\n\n\n<p>The ceremony will also pay tribute to the primitive <strong>Cofrad\u00eda de Pescadores de las Pitiusas<\/strong>, whose sustainable work in local fishing has enriched the culinary offerings of the region. With its century-old legacy and its commitment to quality through the &#8220;Peix Nostrum&#8221; seal, the confraternity offers a local product of the highest quality and sustainable fishing with the Mediterranean.<\/p>\n\n\n\n<p>These awards of the Academy of Ibiza and Formentera not only honor the masters behind the exquisite flavors, but also celebrate the rich diversity of the local culinary heritage. A meeting, by the way, that will be used by the organization to appoint the <strong>new mayors of Ibiza, Sant Josep and Sant Joan as Named Academicians<\/strong>.<\/p>\n","protected":false},"excerpt":{"rendered":"<p>Click here to read the Spanish version.The Academy of Gastronomy of Ibiza and Formentera will deliver on Monday, August 21 (10:30 am, Ebusus Cultural Center) its gastronomic awards this year, where it recognizes the professionalism and work in the field of restoration of Paco Budia, \u00cd\u00f1igo Rodr\u00edguez and the restaurants Nudo, S&#8217;Espartar and Sa Caleta. [&hellip;]<\/p>\n","protected":false},"author":288,"featured_media":202204,"comment_status":"open","ping_status":"closed","sticky":false,"template":"single-feature.php","format":"standard","meta":{"_acf_changed":false,"footnotes":""},"categories":[15802],"tags":[],"class_list":["post-202399","post","type-post","status-publish","format-standard","has-post-thumbnail","hentry","category-news","cat-15802-id"],"acf":[],"yoast_head":"<!-- This site is optimized with the Yoast SEO plugin v27.4 - https:\/\/yoast.com\/product\/yoast-seo-wordpress\/ -->\n<title>These are the winners of the year by the Academy of Gastronomy of Ibiza and Formentera<\/title>\n<meta name=\"description\" content=\"Click here to read the Spanish version.The Academy of Gastronomy of Ibiza and Formentera will deliver on Monday, August 21 (10:30 am, Ebusus Cultural\" \/>\n<meta name=\"robots\" content=\"index, follow, max-snippet:-1, max-image-preview:large, max-video-preview:-1\" \/>\n<link rel=\"canonical\" href=\"https:\/\/www.tapasmagazine.es\/en\/these-are-the-winners-of-the-year-by-the-academy-of-gastronomy-of-ibiza-and-formentera\/\" \/>\n<meta property=\"og:locale\" content=\"en_US\" \/>\n<meta property=\"og:type\" content=\"article\" \/>\n<meta property=\"og:title\" content=\"These are the winners of the year by the Academy of Gastronomy of Ibiza and Formentera\" \/>\n<meta property=\"og:description\" content=\"Click here to read the Spanish version.The Academy of Gastronomy of Ibiza and Formentera will deliver on Monday, August 21 (10:30 am, Ebusus Cultural\" \/>\n<meta property=\"og:url\" content=\"https:\/\/www.tapasmagazine.es\/en\/these-are-the-winners-of-the-year-by-the-academy-of-gastronomy-of-ibiza-and-formentera\/\" \/>\n<meta property=\"og:site_name\" content=\"Tapas\" \/>\n<meta property=\"article:publisher\" content=\"https:\/\/www.facebook.com\/tapasmagazine\" \/>\n<meta property=\"article:published_time\" content=\"2023-08-10T06:26:18+00:00\" \/>\n<meta property=\"article:modified_time\" content=\"2023-08-10T07:06:15+00:00\" \/>\n<meta property=\"og:image\" content=\"https:\/\/www.tapasmagazine.es\/wp-content\/uploads\/2023\/08\/Ibiza_Premios-2023.jpg\" \/>\n\t<meta property=\"og:image:width\" content=\"1200\" \/>\n\t<meta property=\"og:image:height\" content=\"675\" \/>\n\t<meta property=\"og:image:type\" content=\"image\/jpeg\" \/>\n<meta name=\"author\" content=\"Joaqu\u00edn Torreblanca\" \/>\n<meta name=\"twitter:card\" content=\"summary_large_image\" \/>\n<meta name=\"twitter:creator\" content=\"@TapasMagazine\" \/>\n<meta name=\"twitter:site\" content=\"@TapasMagazine\" \/>\n<meta name=\"twitter:label1\" content=\"Written by\" \/>\n\t<meta name=\"twitter:data1\" content=\"Joaqu\u00edn Torreblanca\" \/>\n\t<meta name=\"twitter:label2\" content=\"Est. reading time\" \/>\n\t<meta name=\"twitter:data2\" content=\"2 minutes\" \/>\n<script type=\"application\/ld+json\" class=\"yoast-schema-graph\">{\"@context\":\"https:\\\/\\\/schema.org\",\"@graph\":[{\"@type\":\"Article\",\"@id\":\"https:\\\/\\\/www.tapasmagazine.es\\\/en\\\/these-are-the-winners-of-the-year-by-the-academy-of-gastronomy-of-ibiza-and-formentera\\\/#article\",\"isPartOf\":{\"@id\":\"https:\\\/\\\/www.tapasmagazine.es\\\/en\\\/these-are-the-winners-of-the-year-by-the-academy-of-gastronomy-of-ibiza-and-formentera\\\/\"},\"author\":{\"name\":\"Joaqu\u00edn Torreblanca\",\"@id\":\"https:\\\/\\\/www.tapasmagazine.es\\\/#\\\/schema\\\/person\\\/2f5147c304ef0de7fe422f44ede271de\"},\"headline\":\"These are the winners of the year by the Academy of Gastronomy of Ibiza and Formentera\",\"datePublished\":\"2023-08-10T06:26:18+00:00\",\"dateModified\":\"2023-08-10T07:06:15+00:00\",\"mainEntityOfPage\":{\"@id\":\"https:\\\/\\\/www.tapasmagazine.es\\\/en\\\/these-are-the-winners-of-the-year-by-the-academy-of-gastronomy-of-ibiza-and-formentera\\\/\"},\"wordCount\":456,\"commentCount\":0,\"publisher\":{\"@id\":\"https:\\\/\\\/www.tapasmagazine.es\\\/#organization\"},\"image\":{\"@id\":\"https:\\\/\\\/www.tapasmagazine.es\\\/en\\\/these-are-the-winners-of-the-year-by-the-academy-of-gastronomy-of-ibiza-and-formentera\\\/#primaryimage\"},\"thumbnailUrl\":\"https:\\\/\\\/www.tapasmagazine.es\\\/wp-content\\\/uploads\\\/2023\\\/08\\\/Ibiza_Premios-2023.jpg\",\"articleSection\":[\"News\"],\"inLanguage\":\"en-US\",\"potentialAction\":[{\"@type\":\"CommentAction\",\"name\":\"Comment\",\"target\":[\"https:\\\/\\\/www.tapasmagazine.es\\\/en\\\/these-are-the-winners-of-the-year-by-the-academy-of-gastronomy-of-ibiza-and-formentera\\\/#respond\"]}]},{\"@type\":\"WebPage\",\"@id\":\"https:\\\/\\\/www.tapasmagazine.es\\\/en\\\/these-are-the-winners-of-the-year-by-the-academy-of-gastronomy-of-ibiza-and-formentera\\\/\",\"url\":\"https:\\\/\\\/www.tapasmagazine.es\\\/en\\\/these-are-the-winners-of-the-year-by-the-academy-of-gastronomy-of-ibiza-and-formentera\\\/\",\"name\":\"These are the winners of the year by the Academy of Gastronomy of Ibiza and Formentera\",\"isPartOf\":{\"@id\":\"https:\\\/\\\/www.tapasmagazine.es\\\/#website\"},\"primaryImageOfPage\":{\"@id\":\"https:\\\/\\\/www.tapasmagazine.es\\\/en\\\/these-are-the-winners-of-the-year-by-the-academy-of-gastronomy-of-ibiza-and-formentera\\\/#primaryimage\"},\"image\":{\"@id\":\"https:\\\/\\\/www.tapasmagazine.es\\\/en\\\/these-are-the-winners-of-the-year-by-the-academy-of-gastronomy-of-ibiza-and-formentera\\\/#primaryimage\"},\"thumbnailUrl\":\"https:\\\/\\\/www.tapasmagazine.es\\\/wp-content\\\/uploads\\\/2023\\\/08\\\/Ibiza_Premios-2023.jpg\",\"datePublished\":\"2023-08-10T06:26:18+00:00\",\"dateModified\":\"2023-08-10T07:06:15+00:00\",\"description\":\"Click here to read the Spanish version.The Academy of Gastronomy of Ibiza and Formentera will deliver on Monday, August 21 (10:30 am, Ebusus Cultural\",\"breadcrumb\":{\"@id\":\"https:\\\/\\\/www.tapasmagazine.es\\\/en\\\/these-are-the-winners-of-the-year-by-the-academy-of-gastronomy-of-ibiza-and-formentera\\\/#breadcrumb\"},\"inLanguage\":\"en-US\",\"potentialAction\":[{\"@type\":\"ReadAction\",\"target\":[\"https:\\\/\\\/www.tapasmagazine.es\\\/en\\\/these-are-the-winners-of-the-year-by-the-academy-of-gastronomy-of-ibiza-and-formentera\\\/\"]}]},{\"@type\":\"ImageObject\",\"inLanguage\":\"en-US\",\"@id\":\"https:\\\/\\\/www.tapasmagazine.es\\\/en\\\/these-are-the-winners-of-the-year-by-the-academy-of-gastronomy-of-ibiza-and-formentera\\\/#primaryimage\",\"url\":\"https:\\\/\\\/www.tapasmagazine.es\\\/wp-content\\\/uploads\\\/2023\\\/08\\\/Ibiza_Premios-2023.jpg\",\"contentUrl\":\"https:\\\/\\\/www.tapasmagazine.es\\\/wp-content\\\/uploads\\\/2023\\\/08\\\/Ibiza_Premios-2023.jpg\",\"width\":1200,\"height\":675},{\"@type\":\"BreadcrumbList\",\"@id\":\"https:\\\/\\\/www.tapasmagazine.es\\\/en\\\/these-are-the-winners-of-the-year-by-the-academy-of-gastronomy-of-ibiza-and-formentera\\\/#breadcrumb\",\"itemListElement\":[{\"@type\":\"ListItem\",\"position\":1,\"name\":\"Portada\",\"item\":\"https:\\\/\\\/www.tapasmagazine.es\\\/\"},{\"@type\":\"ListItem\",\"position\":2,\"name\":\"News\",\"item\":\"https:\\\/\\\/www.tapasmagazine.es\\\/en\\\/categorias\\\/news\\\/\"},{\"@type\":\"ListItem\",\"position\":3,\"name\":\"These are the winners of the year by the Academy of Gastronomy of Ibiza and Formentera\"}]},{\"@type\":\"WebSite\",\"@id\":\"https:\\\/\\\/www.tapasmagazine.es\\\/#website\",\"url\":\"https:\\\/\\\/www.tapasmagazine.es\\\/\",\"name\":\"Tapas\",\"description\":\"\u00d1am \u00d1am Lifestyle. La vida a bocados. Premio Nacional de Gastronom\u00eda 2016.\",\"publisher\":{\"@id\":\"https:\\\/\\\/www.tapasmagazine.es\\\/#organization\"},\"potentialAction\":[{\"@type\":\"SearchAction\",\"target\":{\"@type\":\"EntryPoint\",\"urlTemplate\":\"https:\\\/\\\/www.tapasmagazine.es\\\/?s={search_term_string}\"},\"query-input\":{\"@type\":\"PropertyValueSpecification\",\"valueRequired\":true,\"valueName\":\"search_term_string\"}}],\"inLanguage\":\"en-US\"},{\"@type\":\"Organization\",\"@id\":\"https:\\\/\\\/www.tapasmagazine.es\\\/#organization\",\"name\":\"Tapas Magazine\",\"url\":\"https:\\\/\\\/www.tapasmagazine.es\\\/\",\"logo\":{\"@type\":\"ImageObject\",\"inLanguage\":\"en-US\",\"@id\":\"https:\\\/\\\/www.tapasmagazine.es\\\/#\\\/schema\\\/logo\\\/image\\\/\",\"url\":\"https:\\\/\\\/www.tapasmagazine.es\\\/wp-content\\\/uploads\\\/2018\\\/01\\\/logo.png\",\"contentUrl\":\"https:\\\/\\\/www.tapasmagazine.es\\\/wp-content\\\/uploads\\\/2018\\\/01\\\/logo.png\",\"width\":180,\"height\":60,\"caption\":\"Tapas Magazine\"},\"image\":{\"@id\":\"https:\\\/\\\/www.tapasmagazine.es\\\/#\\\/schema\\\/logo\\\/image\\\/\"},\"sameAs\":[\"https:\\\/\\\/www.facebook.com\\\/tapasmagazine\",\"https:\\\/\\\/x.com\\\/TapasMagazine\",\"https:\\\/\\\/www.instagram.com\\\/tapasmagazine\\\/\",\"https:\\\/\\\/www.linkedin.com\\\/company\\\/tapas-magazine\",\"https:\\\/\\\/es.pinterest.com\\\/tapasmagazine\\\/\",\"https:\\\/\\\/www.youtube.com\\\/channel\\\/UCEyxneAaACuR0lfDagrWjjg?sub_confirmation=1\"]},{\"@type\":\"Person\",\"@id\":\"https:\\\/\\\/www.tapasmagazine.es\\\/#\\\/schema\\\/person\\\/2f5147c304ef0de7fe422f44ede271de\",\"name\":\"Joaqu\u00edn Torreblanca\",\"url\":\"https:\\\/\\\/www.tapasmagazine.es\\\/en\\\/author\\\/joaquin-torreblanca\\\/\"}]}<\/script>\n<!-- \/ Yoast SEO plugin. -->","yoast_head_json":{"title":"These are the winners of the year by the Academy of Gastronomy of Ibiza and Formentera","description":"Click here to read the Spanish version.The Academy of Gastronomy of Ibiza and Formentera will deliver on Monday, August 21 (10:30 am, Ebusus Cultural","robots":{"index":"index","follow":"follow","max-snippet":"max-snippet:-1","max-image-preview":"max-image-preview:large","max-video-preview":"max-video-preview:-1"},"canonical":"https:\/\/www.tapasmagazine.es\/en\/these-are-the-winners-of-the-year-by-the-academy-of-gastronomy-of-ibiza-and-formentera\/","og_locale":"en_US","og_type":"article","og_title":"These are the winners of the year by the Academy of Gastronomy of Ibiza and Formentera","og_description":"Click here to read the Spanish version.The Academy of Gastronomy of Ibiza and Formentera will deliver on Monday, August 21 (10:30 am, Ebusus Cultural","og_url":"https:\/\/www.tapasmagazine.es\/en\/these-are-the-winners-of-the-year-by-the-academy-of-gastronomy-of-ibiza-and-formentera\/","og_site_name":"Tapas","article_publisher":"https:\/\/www.facebook.com\/tapasmagazine","article_published_time":"2023-08-10T06:26:18+00:00","article_modified_time":"2023-08-10T07:06:15+00:00","og_image":[{"width":1200,"height":675,"url":"https:\/\/www.tapasmagazine.es\/wp-content\/uploads\/2023\/08\/Ibiza_Premios-2023.jpg","type":"image\/jpeg"}],"author":"Joaqu\u00edn Torreblanca","twitter_card":"summary_large_image","twitter_creator":"@TapasMagazine","twitter_site":"@TapasMagazine","twitter_misc":{"Written by":"Joaqu\u00edn Torreblanca","Est. reading time":"2 minutes"},"schema":{"@context":"https:\/\/schema.org","@graph":[{"@type":"Article","@id":"https:\/\/www.tapasmagazine.es\/en\/these-are-the-winners-of-the-year-by-the-academy-of-gastronomy-of-ibiza-and-formentera\/#article","isPartOf":{"@id":"https:\/\/www.tapasmagazine.es\/en\/these-are-the-winners-of-the-year-by-the-academy-of-gastronomy-of-ibiza-and-formentera\/"},"author":{"name":"Joaqu\u00edn Torreblanca","@id":"https:\/\/www.tapasmagazine.es\/#\/schema\/person\/2f5147c304ef0de7fe422f44ede271de"},"headline":"These are the winners of the year by the Academy of Gastronomy of Ibiza and Formentera","datePublished":"2023-08-10T06:26:18+00:00","dateModified":"2023-08-10T07:06:15+00:00","mainEntityOfPage":{"@id":"https:\/\/www.tapasmagazine.es\/en\/these-are-the-winners-of-the-year-by-the-academy-of-gastronomy-of-ibiza-and-formentera\/"},"wordCount":456,"commentCount":0,"publisher":{"@id":"https:\/\/www.tapasmagazine.es\/#organization"},"image":{"@id":"https:\/\/www.tapasmagazine.es\/en\/these-are-the-winners-of-the-year-by-the-academy-of-gastronomy-of-ibiza-and-formentera\/#primaryimage"},"thumbnailUrl":"https:\/\/www.tapasmagazine.es\/wp-content\/uploads\/2023\/08\/Ibiza_Premios-2023.jpg","articleSection":["News"],"inLanguage":"en-US","potentialAction":[{"@type":"CommentAction","name":"Comment","target":["https:\/\/www.tapasmagazine.es\/en\/these-are-the-winners-of-the-year-by-the-academy-of-gastronomy-of-ibiza-and-formentera\/#respond"]}]},{"@type":"WebPage","@id":"https:\/\/www.tapasmagazine.es\/en\/these-are-the-winners-of-the-year-by-the-academy-of-gastronomy-of-ibiza-and-formentera\/","url":"https:\/\/www.tapasmagazine.es\/en\/these-are-the-winners-of-the-year-by-the-academy-of-gastronomy-of-ibiza-and-formentera\/","name":"These are the winners of the year by the Academy of Gastronomy of Ibiza and Formentera","isPartOf":{"@id":"https:\/\/www.tapasmagazine.es\/#website"},"primaryImageOfPage":{"@id":"https:\/\/www.tapasmagazine.es\/en\/these-are-the-winners-of-the-year-by-the-academy-of-gastronomy-of-ibiza-and-formentera\/#primaryimage"},"image":{"@id":"https:\/\/www.tapasmagazine.es\/en\/these-are-the-winners-of-the-year-by-the-academy-of-gastronomy-of-ibiza-and-formentera\/#primaryimage"},"thumbnailUrl":"https:\/\/www.tapasmagazine.es\/wp-content\/uploads\/2023\/08\/Ibiza_Premios-2023.jpg","datePublished":"2023-08-10T06:26:18+00:00","dateModified":"2023-08-10T07:06:15+00:00","description":"Click here to read the Spanish version.The Academy of Gastronomy of Ibiza and Formentera will deliver on Monday, August 21 (10:30 am, Ebusus Cultural","breadcrumb":{"@id":"https:\/\/www.tapasmagazine.es\/en\/these-are-the-winners-of-the-year-by-the-academy-of-gastronomy-of-ibiza-and-formentera\/#breadcrumb"},"inLanguage":"en-US","potentialAction":[{"@type":"ReadAction","target":["https:\/\/www.tapasmagazine.es\/en\/these-are-the-winners-of-the-year-by-the-academy-of-gastronomy-of-ibiza-and-formentera\/"]}]},{"@type":"ImageObject","inLanguage":"en-US","@id":"https:\/\/www.tapasmagazine.es\/en\/these-are-the-winners-of-the-year-by-the-academy-of-gastronomy-of-ibiza-and-formentera\/#primaryimage","url":"https:\/\/www.tapasmagazine.es\/wp-content\/uploads\/2023\/08\/Ibiza_Premios-2023.jpg","contentUrl":"https:\/\/www.tapasmagazine.es\/wp-content\/uploads\/2023\/08\/Ibiza_Premios-2023.jpg","width":1200,"height":675},{"@type":"BreadcrumbList","@id":"https:\/\/www.tapasmagazine.es\/en\/these-are-the-winners-of-the-year-by-the-academy-of-gastronomy-of-ibiza-and-formentera\/#breadcrumb","itemListElement":[{"@type":"ListItem","position":1,"name":"Portada","item":"https:\/\/www.tapasmagazine.es\/"},{"@type":"ListItem","position":2,"name":"News","item":"https:\/\/www.tapasmagazine.es\/en\/categorias\/news\/"},{"@type":"ListItem","position":3,"name":"These are the winners of the year by the Academy of Gastronomy of Ibiza and Formentera"}]},{"@type":"WebSite","@id":"https:\/\/www.tapasmagazine.es\/#website","url":"https:\/\/www.tapasmagazine.es\/","name":"Tapas","description":"\u00d1am \u00d1am Lifestyle. La vida a bocados. Premio Nacional de Gastronom\u00eda 2016.","publisher":{"@id":"https:\/\/www.tapasmagazine.es\/#organization"},"potentialAction":[{"@type":"SearchAction","target":{"@type":"EntryPoint","urlTemplate":"https:\/\/www.tapasmagazine.es\/?s={search_term_string}"},"query-input":{"@type":"PropertyValueSpecification","valueRequired":true,"valueName":"search_term_string"}}],"inLanguage":"en-US"},{"@type":"Organization","@id":"https:\/\/www.tapasmagazine.es\/#organization","name":"Tapas Magazine","url":"https:\/\/www.tapasmagazine.es\/","logo":{"@type":"ImageObject","inLanguage":"en-US","@id":"https:\/\/www.tapasmagazine.es\/#\/schema\/logo\/image\/","url":"https:\/\/www.tapasmagazine.es\/wp-content\/uploads\/2018\/01\/logo.png","contentUrl":"https:\/\/www.tapasmagazine.es\/wp-content\/uploads\/2018\/01\/logo.png","width":180,"height":60,"caption":"Tapas Magazine"},"image":{"@id":"https:\/\/www.tapasmagazine.es\/#\/schema\/logo\/image\/"},"sameAs":["https:\/\/www.facebook.com\/tapasmagazine","https:\/\/x.com\/TapasMagazine","https:\/\/www.instagram.com\/tapasmagazine\/","https:\/\/www.linkedin.com\/company\/tapas-magazine","https:\/\/es.pinterest.com\/tapasmagazine\/","https:\/\/www.youtube.com\/channel\/UCEyxneAaACuR0lfDagrWjjg?sub_confirmation=1"]},{"@type":"Person","@id":"https:\/\/www.tapasmagazine.es\/#\/schema\/person\/2f5147c304ef0de7fe422f44ede271de","name":"Joaqu\u00edn Torreblanca","url":"https:\/\/www.tapasmagazine.es\/en\/author\/joaquin-torreblanca\/"}]}},"_links":{"self":[{"href":"https:\/\/www.tapasmagazine.es\/en\/wp-json\/wp\/v2\/posts\/202399","targetHints":{"allow":["GET"]}}],"collection":[{"href":"https:\/\/www.tapasmagazine.es\/en\/wp-json\/wp\/v2\/posts"}],"about":[{"href":"https:\/\/www.tapasmagazine.es\/en\/wp-json\/wp\/v2\/types\/post"}],"author":[{"embeddable":true,"href":"https:\/\/www.tapasmagazine.es\/en\/wp-json\/wp\/v2\/users\/288"}],"replies":[{"embeddable":true,"href":"https:\/\/www.tapasmagazine.es\/en\/wp-json\/wp\/v2\/comments?post=202399"}],"version-history":[{"count":3,"href":"https:\/\/www.tapasmagazine.es\/en\/wp-json\/wp\/v2\/posts\/202399\/revisions"}],"predecessor-version":[{"id":202404,"href":"https:\/\/www.tapasmagazine.es\/en\/wp-json\/wp\/v2\/posts\/202399\/revisions\/202404"}],"wp:featuredmedia":[{"embeddable":true,"href":"https:\/\/www.tapasmagazine.es\/en\/wp-json\/wp\/v2\/media\/202204"}],"wp:attachment":[{"href":"https:\/\/www.tapasmagazine.es\/en\/wp-json\/wp\/v2\/media?parent=202399"}],"wp:term":[{"taxonomy":"category","embeddable":true,"href":"https:\/\/www.tapasmagazine.es\/en\/wp-json\/wp\/v2\/categories?post=202399"},{"taxonomy":"post_tag","embeddable":true,"href":"https:\/\/www.tapasmagazine.es\/en\/wp-json\/wp\/v2\/tags?post=202399"}],"curies":[{"name":"wp","href":"https:\/\/api.w.org\/{rel}","templated":true}]}}