{"id":202019,"date":"2023-08-08T09:44:04","date_gmt":"2023-08-08T07:44:04","guid":{"rendered":"https:\/\/www.tapasmagazine.es\/la-historia-del-ladron-de-pasta-de-minnesota\/"},"modified":"2023-08-08T09:52:31","modified_gmt":"2023-08-08T07:52:31","slug":"the-story-of-the-minnesota-pasta-thief","status":"publish","type":"post","link":"https:\/\/www.tapasmagazine.es\/en\/the-story-of-the-minnesota-pasta-thief\/","title":{"rendered":"The story of the Minnesota pasta thief"},"content":{"rendered":"\n<p><strong>Click <a href=\"https:\/\/www.tapasmagazine.es\/la-rapera-stefflon-don-colabora-con-chivas-regal-para-lanzar-el-whisky-del-verano\/\" target=\"_blank\" rel=\"noreferrer noopener\">her<\/a><a href=\"https:\/\/www.tapasmagazine.es\/la-historia-del-ladron-de-pasta-de-minnesota\/\" target=\"_blank\" rel=\"noreferrer noopener\">e<\/a> to read the Spanish version.<\/strong><\/p>\n\n\n\n<p>The annual <strong>Benton County Fair <\/strong>(Minnesota) took place last week, during six days in which visitors could enjoy activities, monster trucks exhibitions or free food based on corn.<\/p>\n\n\n\n<p>Within this festive scenario, the darkness came when several bags of pasta were stolen from a food vendor, and a second robbery took place at one of the fair&#8217;s booths. Cases that the <strong>Benton County Sheriff&#8217;s Office <\/strong>had to investigate, following the events that took place between Wednesday night&#8217;s closing and Thursday morning&#8217;s reopening.<\/p>\n\n\n\n<p>At that instant, an unknown person entered the Epicure&#8217;s stand and helped himself to several bags of pasta. A same time period in which someone forced their way into<strong> Ubetcha&#8217;s MN Grill<\/strong>, then broke into the Maid-Rite building &#8211; the &#8216;Home of the Loose Meat Sandwich&#8217; &#8211; and stole &#8216;the seed money&#8217; inside.<\/p>\n\n\n\n<p>Although that robbery of Epicure&#8217;s owners was not as massive a heist as the one that happened at a Brooklyn restaurant the night before Christmas Eve 2020. A grand theft of pasta that took place at<strong> Borsalia<\/strong> restaurant, where someone climbed into their kitchen and made off with about <strong>15 kilos of cooked pasta <\/strong>cappelletti, gnocchi, ravioli and tagliatelle.\u00a0\u00a0<\/p>\n\n\n\n<p>The restaurant was forced to close on Christmas Eve because it had no pasta to serve its customers, revealing that the stolen carbohydrates amounted to a sum of about <strong>4,500 dollars<\/strong>. A very strange case that was then added to the immensity of mysterious stories surrounding culinary heists.<\/p>\n","protected":false},"excerpt":{"rendered":"<p>Click here to read the Spanish version. The annual Benton County Fair (Minnesota) took place last week, during six days in which visitors could enjoy activities, monster trucks exhibitions or free food based on corn. Within this festive scenario, the darkness came when several bags of pasta were stolen from a food vendor, and a [&hellip;]<\/p>\n","protected":false},"author":285,"featured_media":202003,"comment_status":"open","ping_status":"closed","sticky":false,"template":"single-feature.php","format":"standard","meta":{"_acf_changed":false,"footnotes":""},"categories":[15802],"tags":[15923],"class_list":["post-202019","post","type-post","status-publish","format-standard","has-post-thumbnail","hentry","category-news","tag-pasta-en","cat-15802-id"],"acf":[],"yoast_head":"<!-- This site is optimized with the Yoast SEO plugin v27.4 - https:\/\/yoast.com\/product\/yoast-seo-wordpress\/ -->\n<title>The story of the Minnesota pasta thief - Tapas<\/title>\n<meta name=\"description\" content=\"Click here to read the Spanish version. The annual Benton County Fair (Minnesota) took place last week, during six days in which visitors could enjoy\" \/>\n<meta name=\"robots\" content=\"index, follow, max-snippet:-1, max-image-preview:large, max-video-preview:-1\" \/>\n<link rel=\"canonical\" href=\"https:\/\/www.tapasmagazine.es\/en\/the-story-of-the-minnesota-pasta-thief\/\" \/>\n<meta property=\"og:locale\" content=\"en_US\" \/>\n<meta property=\"og:type\" content=\"article\" \/>\n<meta property=\"og:title\" content=\"The story of the Minnesota pasta thief - Tapas\" \/>\n<meta property=\"og:description\" content=\"Click here to read the Spanish version. The annual Benton County Fair (Minnesota) took place last week, during six days in which visitors could enjoy\" \/>\n<meta property=\"og:url\" content=\"https:\/\/www.tapasmagazine.es\/en\/the-story-of-the-minnesota-pasta-thief\/\" \/>\n<meta property=\"og:site_name\" content=\"Tapas\" \/>\n<meta property=\"article:publisher\" content=\"https:\/\/www.facebook.com\/tapasmagazine\" \/>\n<meta property=\"article:published_time\" content=\"2023-08-08T07:44:04+00:00\" \/>\n<meta property=\"article:modified_time\" content=\"2023-08-08T07:52:31+00:00\" \/>\n<meta property=\"og:image\" content=\"https:\/\/www.tapasmagazine.es\/wp-content\/uploads\/2023\/08\/historia-ladron-pasta-minnesota.jpg\" \/>\n\t<meta property=\"og:image:width\" content=\"1200\" \/>\n\t<meta property=\"og:image:height\" content=\"675\" \/>\n\t<meta property=\"og:image:type\" content=\"image\/jpeg\" \/>\n<meta name=\"author\" content=\"Laura P\u00e9rez\" \/>\n<meta name=\"twitter:card\" content=\"summary_large_image\" \/>\n<meta name=\"twitter:creator\" content=\"@TapasMagazine\" \/>\n<meta name=\"twitter:site\" content=\"@TapasMagazine\" \/>\n<meta name=\"twitter:label1\" content=\"Written by\" \/>\n\t<meta name=\"twitter:data1\" content=\"Laura P\u00e9rez\" \/>\n\t<meta name=\"twitter:label2\" content=\"Est. reading time\" \/>\n\t<meta name=\"twitter:data2\" content=\"2 minutes\" \/>\n<script type=\"application\/ld+json\" class=\"yoast-schema-graph\">{\"@context\":\"https:\\\/\\\/schema.org\",\"@graph\":[{\"@type\":\"Article\",\"@id\":\"https:\\\/\\\/www.tapasmagazine.es\\\/en\\\/the-story-of-the-minnesota-pasta-thief\\\/#article\",\"isPartOf\":{\"@id\":\"https:\\\/\\\/www.tapasmagazine.es\\\/en\\\/the-story-of-the-minnesota-pasta-thief\\\/\"},\"author\":{\"name\":\"Laura P\u00e9rez\",\"@id\":\"https:\\\/\\\/www.tapasmagazine.es\\\/#\\\/schema\\\/person\\\/eb46cbe76a9c8f062660eb609e3ecb4e\"},\"headline\":\"The story of the Minnesota pasta thief\",\"datePublished\":\"2023-08-08T07:44:04+00:00\",\"dateModified\":\"2023-08-08T07:52:31+00:00\",\"mainEntityOfPage\":{\"@id\":\"https:\\\/\\\/www.tapasmagazine.es\\\/en\\\/the-story-of-the-minnesota-pasta-thief\\\/\"},\"wordCount\":261,\"commentCount\":0,\"publisher\":{\"@id\":\"https:\\\/\\\/www.tapasmagazine.es\\\/#organization\"},\"image\":{\"@id\":\"https:\\\/\\\/www.tapasmagazine.es\\\/en\\\/the-story-of-the-minnesota-pasta-thief\\\/#primaryimage\"},\"thumbnailUrl\":\"https:\\\/\\\/www.tapasmagazine.es\\\/wp-content\\\/uploads\\\/2023\\\/08\\\/historia-ladron-pasta-minnesota.jpg\",\"keywords\":[\"Pasta\"],\"articleSection\":[\"News\"],\"inLanguage\":\"en-US\",\"potentialAction\":[{\"@type\":\"CommentAction\",\"name\":\"Comment\",\"target\":[\"https:\\\/\\\/www.tapasmagazine.es\\\/en\\\/the-story-of-the-minnesota-pasta-thief\\\/#respond\"]}]},{\"@type\":\"WebPage\",\"@id\":\"https:\\\/\\\/www.tapasmagazine.es\\\/en\\\/the-story-of-the-minnesota-pasta-thief\\\/\",\"url\":\"https:\\\/\\\/www.tapasmagazine.es\\\/en\\\/the-story-of-the-minnesota-pasta-thief\\\/\",\"name\":\"The story of the Minnesota pasta thief - Tapas\",\"isPartOf\":{\"@id\":\"https:\\\/\\\/www.tapasmagazine.es\\\/#website\"},\"primaryImageOfPage\":{\"@id\":\"https:\\\/\\\/www.tapasmagazine.es\\\/en\\\/the-story-of-the-minnesota-pasta-thief\\\/#primaryimage\"},\"image\":{\"@id\":\"https:\\\/\\\/www.tapasmagazine.es\\\/en\\\/the-story-of-the-minnesota-pasta-thief\\\/#primaryimage\"},\"thumbnailUrl\":\"https:\\\/\\\/www.tapasmagazine.es\\\/wp-content\\\/uploads\\\/2023\\\/08\\\/historia-ladron-pasta-minnesota.jpg\",\"datePublished\":\"2023-08-08T07:44:04+00:00\",\"dateModified\":\"2023-08-08T07:52:31+00:00\",\"description\":\"Click here to read the Spanish version. The annual Benton County Fair (Minnesota) took place last week, during six days in which visitors could enjoy\",\"breadcrumb\":{\"@id\":\"https:\\\/\\\/www.tapasmagazine.es\\\/en\\\/the-story-of-the-minnesota-pasta-thief\\\/#breadcrumb\"},\"inLanguage\":\"en-US\",\"potentialAction\":[{\"@type\":\"ReadAction\",\"target\":[\"https:\\\/\\\/www.tapasmagazine.es\\\/en\\\/the-story-of-the-minnesota-pasta-thief\\\/\"]}]},{\"@type\":\"ImageObject\",\"inLanguage\":\"en-US\",\"@id\":\"https:\\\/\\\/www.tapasmagazine.es\\\/en\\\/the-story-of-the-minnesota-pasta-thief\\\/#primaryimage\",\"url\":\"https:\\\/\\\/www.tapasmagazine.es\\\/wp-content\\\/uploads\\\/2023\\\/08\\\/historia-ladron-pasta-minnesota.jpg\",\"contentUrl\":\"https:\\\/\\\/www.tapasmagazine.es\\\/wp-content\\\/uploads\\\/2023\\\/08\\\/historia-ladron-pasta-minnesota.jpg\",\"width\":1200,\"height\":675},{\"@type\":\"BreadcrumbList\",\"@id\":\"https:\\\/\\\/www.tapasmagazine.es\\\/en\\\/the-story-of-the-minnesota-pasta-thief\\\/#breadcrumb\",\"itemListElement\":[{\"@type\":\"ListItem\",\"position\":1,\"name\":\"Portada\",\"item\":\"https:\\\/\\\/www.tapasmagazine.es\\\/\"},{\"@type\":\"ListItem\",\"position\":2,\"name\":\"News\",\"item\":\"https:\\\/\\\/www.tapasmagazine.es\\\/en\\\/categorias\\\/news\\\/\"},{\"@type\":\"ListItem\",\"position\":3,\"name\":\"The story of the Minnesota pasta thief\"}]},{\"@type\":\"WebSite\",\"@id\":\"https:\\\/\\\/www.tapasmagazine.es\\\/#website\",\"url\":\"https:\\\/\\\/www.tapasmagazine.es\\\/\",\"name\":\"Tapas\",\"description\":\"\u00d1am \u00d1am Lifestyle. La vida a bocados. Premio Nacional de Gastronom\u00eda 2016.\",\"publisher\":{\"@id\":\"https:\\\/\\\/www.tapasmagazine.es\\\/#organization\"},\"potentialAction\":[{\"@type\":\"SearchAction\",\"target\":{\"@type\":\"EntryPoint\",\"urlTemplate\":\"https:\\\/\\\/www.tapasmagazine.es\\\/?s={search_term_string}\"},\"query-input\":{\"@type\":\"PropertyValueSpecification\",\"valueRequired\":true,\"valueName\":\"search_term_string\"}}],\"inLanguage\":\"en-US\"},{\"@type\":\"Organization\",\"@id\":\"https:\\\/\\\/www.tapasmagazine.es\\\/#organization\",\"name\":\"Tapas Magazine\",\"url\":\"https:\\\/\\\/www.tapasmagazine.es\\\/\",\"logo\":{\"@type\":\"ImageObject\",\"inLanguage\":\"en-US\",\"@id\":\"https:\\\/\\\/www.tapasmagazine.es\\\/#\\\/schema\\\/logo\\\/image\\\/\",\"url\":\"https:\\\/\\\/www.tapasmagazine.es\\\/wp-content\\\/uploads\\\/2018\\\/01\\\/logo.png\",\"contentUrl\":\"https:\\\/\\\/www.tapasmagazine.es\\\/wp-content\\\/uploads\\\/2018\\\/01\\\/logo.png\",\"width\":180,\"height\":60,\"caption\":\"Tapas Magazine\"},\"image\":{\"@id\":\"https:\\\/\\\/www.tapasmagazine.es\\\/#\\\/schema\\\/logo\\\/image\\\/\"},\"sameAs\":[\"https:\\\/\\\/www.facebook.com\\\/tapasmagazine\",\"https:\\\/\\\/x.com\\\/TapasMagazine\",\"https:\\\/\\\/www.instagram.com\\\/tapasmagazine\\\/\",\"https:\\\/\\\/www.linkedin.com\\\/company\\\/tapas-magazine\",\"https:\\\/\\\/es.pinterest.com\\\/tapasmagazine\\\/\",\"https:\\\/\\\/www.youtube.com\\\/channel\\\/UCEyxneAaACuR0lfDagrWjjg?sub_confirmation=1\"]},{\"@type\":\"Person\",\"@id\":\"https:\\\/\\\/www.tapasmagazine.es\\\/#\\\/schema\\\/person\\\/eb46cbe76a9c8f062660eb609e3ecb4e\",\"name\":\"Laura P\u00e9rez\",\"url\":\"https:\\\/\\\/www.tapasmagazine.es\\\/en\\\/author\\\/laura-perez\\\/\"}]}<\/script>\n<!-- \/ Yoast SEO plugin. -->","yoast_head_json":{"title":"The story of the Minnesota pasta thief - Tapas","description":"Click here to read the Spanish version. The annual Benton County Fair (Minnesota) took place last week, during six days in which visitors could enjoy","robots":{"index":"index","follow":"follow","max-snippet":"max-snippet:-1","max-image-preview":"max-image-preview:large","max-video-preview":"max-video-preview:-1"},"canonical":"https:\/\/www.tapasmagazine.es\/en\/the-story-of-the-minnesota-pasta-thief\/","og_locale":"en_US","og_type":"article","og_title":"The story of the Minnesota pasta thief - Tapas","og_description":"Click here to read the Spanish version. The annual Benton County Fair (Minnesota) took place last week, during six days in which visitors could enjoy","og_url":"https:\/\/www.tapasmagazine.es\/en\/the-story-of-the-minnesota-pasta-thief\/","og_site_name":"Tapas","article_publisher":"https:\/\/www.facebook.com\/tapasmagazine","article_published_time":"2023-08-08T07:44:04+00:00","article_modified_time":"2023-08-08T07:52:31+00:00","og_image":[{"width":1200,"height":675,"url":"https:\/\/www.tapasmagazine.es\/wp-content\/uploads\/2023\/08\/historia-ladron-pasta-minnesota.jpg","type":"image\/jpeg"}],"author":"Laura P\u00e9rez","twitter_card":"summary_large_image","twitter_creator":"@TapasMagazine","twitter_site":"@TapasMagazine","twitter_misc":{"Written by":"Laura P\u00e9rez","Est. reading time":"2 minutes"},"schema":{"@context":"https:\/\/schema.org","@graph":[{"@type":"Article","@id":"https:\/\/www.tapasmagazine.es\/en\/the-story-of-the-minnesota-pasta-thief\/#article","isPartOf":{"@id":"https:\/\/www.tapasmagazine.es\/en\/the-story-of-the-minnesota-pasta-thief\/"},"author":{"name":"Laura P\u00e9rez","@id":"https:\/\/www.tapasmagazine.es\/#\/schema\/person\/eb46cbe76a9c8f062660eb609e3ecb4e"},"headline":"The story of the Minnesota pasta thief","datePublished":"2023-08-08T07:44:04+00:00","dateModified":"2023-08-08T07:52:31+00:00","mainEntityOfPage":{"@id":"https:\/\/www.tapasmagazine.es\/en\/the-story-of-the-minnesota-pasta-thief\/"},"wordCount":261,"commentCount":0,"publisher":{"@id":"https:\/\/www.tapasmagazine.es\/#organization"},"image":{"@id":"https:\/\/www.tapasmagazine.es\/en\/the-story-of-the-minnesota-pasta-thief\/#primaryimage"},"thumbnailUrl":"https:\/\/www.tapasmagazine.es\/wp-content\/uploads\/2023\/08\/historia-ladron-pasta-minnesota.jpg","keywords":["Pasta"],"articleSection":["News"],"inLanguage":"en-US","potentialAction":[{"@type":"CommentAction","name":"Comment","target":["https:\/\/www.tapasmagazine.es\/en\/the-story-of-the-minnesota-pasta-thief\/#respond"]}]},{"@type":"WebPage","@id":"https:\/\/www.tapasmagazine.es\/en\/the-story-of-the-minnesota-pasta-thief\/","url":"https:\/\/www.tapasmagazine.es\/en\/the-story-of-the-minnesota-pasta-thief\/","name":"The story of the Minnesota pasta thief - Tapas","isPartOf":{"@id":"https:\/\/www.tapasmagazine.es\/#website"},"primaryImageOfPage":{"@id":"https:\/\/www.tapasmagazine.es\/en\/the-story-of-the-minnesota-pasta-thief\/#primaryimage"},"image":{"@id":"https:\/\/www.tapasmagazine.es\/en\/the-story-of-the-minnesota-pasta-thief\/#primaryimage"},"thumbnailUrl":"https:\/\/www.tapasmagazine.es\/wp-content\/uploads\/2023\/08\/historia-ladron-pasta-minnesota.jpg","datePublished":"2023-08-08T07:44:04+00:00","dateModified":"2023-08-08T07:52:31+00:00","description":"Click here to read the Spanish version. The annual Benton County Fair (Minnesota) took place last week, during six days in which visitors could enjoy","breadcrumb":{"@id":"https:\/\/www.tapasmagazine.es\/en\/the-story-of-the-minnesota-pasta-thief\/#breadcrumb"},"inLanguage":"en-US","potentialAction":[{"@type":"ReadAction","target":["https:\/\/www.tapasmagazine.es\/en\/the-story-of-the-minnesota-pasta-thief\/"]}]},{"@type":"ImageObject","inLanguage":"en-US","@id":"https:\/\/www.tapasmagazine.es\/en\/the-story-of-the-minnesota-pasta-thief\/#primaryimage","url":"https:\/\/www.tapasmagazine.es\/wp-content\/uploads\/2023\/08\/historia-ladron-pasta-minnesota.jpg","contentUrl":"https:\/\/www.tapasmagazine.es\/wp-content\/uploads\/2023\/08\/historia-ladron-pasta-minnesota.jpg","width":1200,"height":675},{"@type":"BreadcrumbList","@id":"https:\/\/www.tapasmagazine.es\/en\/the-story-of-the-minnesota-pasta-thief\/#breadcrumb","itemListElement":[{"@type":"ListItem","position":1,"name":"Portada","item":"https:\/\/www.tapasmagazine.es\/"},{"@type":"ListItem","position":2,"name":"News","item":"https:\/\/www.tapasmagazine.es\/en\/categorias\/news\/"},{"@type":"ListItem","position":3,"name":"The story of the Minnesota pasta thief"}]},{"@type":"WebSite","@id":"https:\/\/www.tapasmagazine.es\/#website","url":"https:\/\/www.tapasmagazine.es\/","name":"Tapas","description":"\u00d1am \u00d1am Lifestyle. La vida a bocados. Premio Nacional de Gastronom\u00eda 2016.","publisher":{"@id":"https:\/\/www.tapasmagazine.es\/#organization"},"potentialAction":[{"@type":"SearchAction","target":{"@type":"EntryPoint","urlTemplate":"https:\/\/www.tapasmagazine.es\/?s={search_term_string}"},"query-input":{"@type":"PropertyValueSpecification","valueRequired":true,"valueName":"search_term_string"}}],"inLanguage":"en-US"},{"@type":"Organization","@id":"https:\/\/www.tapasmagazine.es\/#organization","name":"Tapas Magazine","url":"https:\/\/www.tapasmagazine.es\/","logo":{"@type":"ImageObject","inLanguage":"en-US","@id":"https:\/\/www.tapasmagazine.es\/#\/schema\/logo\/image\/","url":"https:\/\/www.tapasmagazine.es\/wp-content\/uploads\/2018\/01\/logo.png","contentUrl":"https:\/\/www.tapasmagazine.es\/wp-content\/uploads\/2018\/01\/logo.png","width":180,"height":60,"caption":"Tapas Magazine"},"image":{"@id":"https:\/\/www.tapasmagazine.es\/#\/schema\/logo\/image\/"},"sameAs":["https:\/\/www.facebook.com\/tapasmagazine","https:\/\/x.com\/TapasMagazine","https:\/\/www.instagram.com\/tapasmagazine\/","https:\/\/www.linkedin.com\/company\/tapas-magazine","https:\/\/es.pinterest.com\/tapasmagazine\/","https:\/\/www.youtube.com\/channel\/UCEyxneAaACuR0lfDagrWjjg?sub_confirmation=1"]},{"@type":"Person","@id":"https:\/\/www.tapasmagazine.es\/#\/schema\/person\/eb46cbe76a9c8f062660eb609e3ecb4e","name":"Laura P\u00e9rez","url":"https:\/\/www.tapasmagazine.es\/en\/author\/laura-perez\/"}]}},"_links":{"self":[{"href":"https:\/\/www.tapasmagazine.es\/en\/wp-json\/wp\/v2\/posts\/202019","targetHints":{"allow":["GET"]}}],"collection":[{"href":"https:\/\/www.tapasmagazine.es\/en\/wp-json\/wp\/v2\/posts"}],"about":[{"href":"https:\/\/www.tapasmagazine.es\/en\/wp-json\/wp\/v2\/types\/post"}],"author":[{"embeddable":true,"href":"https:\/\/www.tapasmagazine.es\/en\/wp-json\/wp\/v2\/users\/285"}],"replies":[{"embeddable":true,"href":"https:\/\/www.tapasmagazine.es\/en\/wp-json\/wp\/v2\/comments?post=202019"}],"version-history":[{"count":4,"href":"https:\/\/www.tapasmagazine.es\/en\/wp-json\/wp\/v2\/posts\/202019\/revisions"}],"predecessor-version":[{"id":202023,"href":"https:\/\/www.tapasmagazine.es\/en\/wp-json\/wp\/v2\/posts\/202019\/revisions\/202023"}],"wp:featuredmedia":[{"embeddable":true,"href":"https:\/\/www.tapasmagazine.es\/en\/wp-json\/wp\/v2\/media\/202003"}],"wp:attachment":[{"href":"https:\/\/www.tapasmagazine.es\/en\/wp-json\/wp\/v2\/media?parent=202019"}],"wp:term":[{"taxonomy":"category","embeddable":true,"href":"https:\/\/www.tapasmagazine.es\/en\/wp-json\/wp\/v2\/categories?post=202019"},{"taxonomy":"post_tag","embeddable":true,"href":"https:\/\/www.tapasmagazine.es\/en\/wp-json\/wp\/v2\/tags?post=202019"}],"curies":[{"name":"wp","href":"https:\/\/api.w.org\/{rel}","templated":true}]}}