{"id":201804,"date":"2023-08-07T09:31:52","date_gmt":"2023-08-07T07:31:52","guid":{"rendered":"https:\/\/www.tapasmagazine.es\/louis-vuitton-abre-las-puertas-de-su-primer-cafe-italiano-en-sicilia\/"},"modified":"2023-08-07T09:36:10","modified_gmt":"2023-08-07T07:36:10","slug":"louis-vuitton-opens-the-doors-of-its-first-italian-cafe-in-sicily","status":"publish","type":"post","link":"https:\/\/www.tapasmagazine.es\/en\/louis-vuitton-opens-the-doors-of-its-first-italian-cafe-in-sicily\/","title":{"rendered":"Louis Vuitton opens the doors of its first Italian caf\u00e9 in Sicily"},"content":{"rendered":"\n<p><strong>Click <a href=\"https:\/\/www.tapasmagazine.es\/louis-vuitton-abre-las-puertas-de-su-primer-cafe-italiano-en-sicilia\/\" target=\"_blank\" rel=\"noreferrer noopener\">here<\/a> to read the Spanish version.<\/strong><\/p>\n\n\n\n<p><strong>Louis Vuitton<\/strong> continues to masterfully explore the intersection between fashion and gastronomy, after the opening of a summer pop-up in Saint-Tropez. Now, the luxury brand lands in Italy with a concept synchronized with that aesthetic trail of evocative blue tones of Mediterranean inspiration with which it reinforces the heritage and the traveling essence of the house.\u00a0\u00a0<\/p>\n\n\n\n<p>The &#8216;<strong>Louis Vuitton Caf\u00e9 by Timeo<\/strong>&#8216; is presented as a fashion concept store that will also offer food, entertainment or technology, beyond the sartorial collection of Louis Vuitton stores.<\/p>\n\n\n\n<div class=\"wp-block-jetpack-slideshow aligncenter\" data-effect=\"slide\"><div class=\"wp-block-jetpack-slideshow_container swiper-container\"><ul class=\"wp-block-jetpack-slideshow_swiper-wrapper swiper-wrapper\"><li class=\"wp-block-jetpack-slideshow_slide swiper-slide\"><figure><img decoding=\"async\" width=\"1400\" height=\"933\" alt=\"\" class=\"wp-block-jetpack-slideshow_image wp-image-201781\" data-id=\"201781\" src=\"https:\/\/www.tapasmagazine.es\/wp-content\/uploads\/2023\/08\/louis-vuitton-cafe-store-taormina-6.jpg\" srcset=\"https:\/\/www.tapasmagazine.es\/wp-content\/uploads\/2023\/08\/louis-vuitton-cafe-store-taormina-6.jpg 1400w, https:\/\/www.tapasmagazine.es\/wp-content\/uploads\/2023\/08\/louis-vuitton-cafe-store-taormina-6-300x200.jpg 300w, https:\/\/www.tapasmagazine.es\/wp-content\/uploads\/2023\/08\/louis-vuitton-cafe-store-taormina-6-1024x682.jpg 1024w, https:\/\/www.tapasmagazine.es\/wp-content\/uploads\/2023\/08\/louis-vuitton-cafe-store-taormina-6-768x512.jpg 768w, https:\/\/www.tapasmagazine.es\/wp-content\/uploads\/2023\/08\/louis-vuitton-cafe-store-taormina-6-1000x666.jpg 1000w, https:\/\/www.tapasmagazine.es\/wp-content\/uploads\/2023\/08\/louis-vuitton-cafe-store-taormina-6-400x267.jpg 400w\" sizes=\"(max-width: 1400px) 100vw, 1400px\" \/><\/figure><\/li><li class=\"wp-block-jetpack-slideshow_slide swiper-slide\"><figure><img decoding=\"async\" width=\"1400\" height=\"933\" alt=\"\" class=\"wp-block-jetpack-slideshow_image wp-image-201783\" data-id=\"201783\" src=\"https:\/\/www.tapasmagazine.es\/wp-content\/uploads\/2023\/08\/louis-vuitton-cafe-store-taormina-8.jpg\" srcset=\"https:\/\/www.tapasmagazine.es\/wp-content\/uploads\/2023\/08\/louis-vuitton-cafe-store-taormina-8.jpg 1400w, https:\/\/www.tapasmagazine.es\/wp-content\/uploads\/2023\/08\/louis-vuitton-cafe-store-taormina-8-300x200.jpg 300w, https:\/\/www.tapasmagazine.es\/wp-content\/uploads\/2023\/08\/louis-vuitton-cafe-store-taormina-8-1024x682.jpg 1024w, https:\/\/www.tapasmagazine.es\/wp-content\/uploads\/2023\/08\/louis-vuitton-cafe-store-taormina-8-768x512.jpg 768w, https:\/\/www.tapasmagazine.es\/wp-content\/uploads\/2023\/08\/louis-vuitton-cafe-store-taormina-8-1000x666.jpg 1000w, https:\/\/www.tapasmagazine.es\/wp-content\/uploads\/2023\/08\/louis-vuitton-cafe-store-taormina-8-400x267.jpg 400w\" sizes=\"(max-width: 1400px) 100vw, 1400px\" \/><\/figure><\/li><li class=\"wp-block-jetpack-slideshow_slide swiper-slide\"><figure><img decoding=\"async\" width=\"1400\" height=\"933\" alt=\"\" class=\"wp-block-jetpack-slideshow_image wp-image-201795\" data-id=\"201795\" src=\"https:\/\/www.tapasmagazine.es\/wp-content\/uploads\/2023\/08\/louis-vuitton-cafe-store-taormina-9.jpg\" srcset=\"https:\/\/www.tapasmagazine.es\/wp-content\/uploads\/2023\/08\/louis-vuitton-cafe-store-taormina-9.jpg 1400w, https:\/\/www.tapasmagazine.es\/wp-content\/uploads\/2023\/08\/louis-vuitton-cafe-store-taormina-9-300x200.jpg 300w, https:\/\/www.tapasmagazine.es\/wp-content\/uploads\/2023\/08\/louis-vuitton-cafe-store-taormina-9-1024x682.jpg 1024w, https:\/\/www.tapasmagazine.es\/wp-content\/uploads\/2023\/08\/louis-vuitton-cafe-store-taormina-9-768x512.jpg 768w, https:\/\/www.tapasmagazine.es\/wp-content\/uploads\/2023\/08\/louis-vuitton-cafe-store-taormina-9-1000x666.jpg 1000w, https:\/\/www.tapasmagazine.es\/wp-content\/uploads\/2023\/08\/louis-vuitton-cafe-store-taormina-9-400x267.jpg 400w\" sizes=\"(max-width: 1400px) 100vw, 1400px\" \/><\/figure><\/li><li class=\"wp-block-jetpack-slideshow_slide swiper-slide\"><figure><img decoding=\"async\" width=\"1400\" height=\"933\" alt=\"\" class=\"wp-block-jetpack-slideshow_image wp-image-201797\" data-id=\"201797\" src=\"https:\/\/www.tapasmagazine.es\/wp-content\/uploads\/2023\/08\/louis-vuitton-cafe-store-taormina-10.jpg\" srcset=\"https:\/\/www.tapasmagazine.es\/wp-content\/uploads\/2023\/08\/louis-vuitton-cafe-store-taormina-10.jpg 1400w, https:\/\/www.tapasmagazine.es\/wp-content\/uploads\/2023\/08\/louis-vuitton-cafe-store-taormina-10-300x200.jpg 300w, https:\/\/www.tapasmagazine.es\/wp-content\/uploads\/2023\/08\/louis-vuitton-cafe-store-taormina-10-1024x682.jpg 1024w, https:\/\/www.tapasmagazine.es\/wp-content\/uploads\/2023\/08\/louis-vuitton-cafe-store-taormina-10-768x512.jpg 768w, https:\/\/www.tapasmagazine.es\/wp-content\/uploads\/2023\/08\/louis-vuitton-cafe-store-taormina-10-1000x666.jpg 1000w, https:\/\/www.tapasmagazine.es\/wp-content\/uploads\/2023\/08\/louis-vuitton-cafe-store-taormina-10-400x267.jpg 400w\" sizes=\"(max-width: 1400px) 100vw, 1400px\" \/><\/figure><\/li><\/ul><a class=\"wp-block-jetpack-slideshow_button-prev swiper-button-prev swiper-button-white\" role=\"button\"><\/a><a class=\"wp-block-jetpack-slideshow_button-next swiper-button-next swiper-button-white\" role=\"button\"><\/a><a aria-label=\"Pause Slideshow\" class=\"wp-block-jetpack-slideshow_button-pause\" role=\"button\"><\/a><div class=\"wp-block-jetpack-slideshow_pagination swiper-pagination swiper-pagination-white\"><\/div><\/div><\/div>\n\n\n\n<p>The coffee shop is located on the second floor of the<strong> Grand Hotel Timeo store<\/strong>, located in the central <strong>Corso Umberto<\/strong>, under the reins of Belmond, who will be in charge of all its operations.<\/p>\n\n\n\n<h2 class=\"wp-block-heading\">LV&#8217;S CULINARY JOURNEY<\/h2>\n\n\n\n<p>In this design space composed of Bulbo armchairs by Fernando and Humberto Campana, among ceramic tiles matching the Mediterranean color scheme, breakfast, lunch and appetizers will be served, as well as the menu directed and supervised by chef <strong>Roberto Toro<\/strong>, who will reflect his vision of the most characteristic Sicilian delicacies.<\/p>\n\n\n\n<div class=\"wp-block-jetpack-slideshow aligncenter\" data-effect=\"slide\"><div class=\"wp-block-jetpack-slideshow_container swiper-container\"><ul class=\"wp-block-jetpack-slideshow_swiper-wrapper swiper-wrapper\"><li class=\"wp-block-jetpack-slideshow_slide swiper-slide\"><figure><img decoding=\"async\" width=\"1400\" height=\"933\" alt=\"\" class=\"wp-block-jetpack-slideshow_image wp-image-201785\" data-id=\"201785\" src=\"https:\/\/www.tapasmagazine.es\/wp-content\/uploads\/2023\/08\/louis-vuitton-cafe-store-taormina-1.jpg\" srcset=\"https:\/\/www.tapasmagazine.es\/wp-content\/uploads\/2023\/08\/louis-vuitton-cafe-store-taormina-1.jpg 1400w, https:\/\/www.tapasmagazine.es\/wp-content\/uploads\/2023\/08\/louis-vuitton-cafe-store-taormina-1-300x200.jpg 300w, https:\/\/www.tapasmagazine.es\/wp-content\/uploads\/2023\/08\/louis-vuitton-cafe-store-taormina-1-1024x682.jpg 1024w, https:\/\/www.tapasmagazine.es\/wp-content\/uploads\/2023\/08\/louis-vuitton-cafe-store-taormina-1-768x512.jpg 768w, https:\/\/www.tapasmagazine.es\/wp-content\/uploads\/2023\/08\/louis-vuitton-cafe-store-taormina-1-1000x666.jpg 1000w, https:\/\/www.tapasmagazine.es\/wp-content\/uploads\/2023\/08\/louis-vuitton-cafe-store-taormina-1-400x267.jpg 400w\" sizes=\"(max-width: 1400px) 100vw, 1400px\" \/><\/figure><\/li><li class=\"wp-block-jetpack-slideshow_slide swiper-slide\"><figure><img decoding=\"async\" width=\"1400\" height=\"933\" alt=\"\" class=\"wp-block-jetpack-slideshow_image wp-image-201786\" data-id=\"201786\" src=\"https:\/\/www.tapasmagazine.es\/wp-content\/uploads\/2023\/08\/louis-vuitton-cafe-store-taormina-2.jpg\" srcset=\"https:\/\/www.tapasmagazine.es\/wp-content\/uploads\/2023\/08\/louis-vuitton-cafe-store-taormina-2.jpg 1400w, https:\/\/www.tapasmagazine.es\/wp-content\/uploads\/2023\/08\/louis-vuitton-cafe-store-taormina-2-300x200.jpg 300w, https:\/\/www.tapasmagazine.es\/wp-content\/uploads\/2023\/08\/louis-vuitton-cafe-store-taormina-2-1024x682.jpg 1024w, https:\/\/www.tapasmagazine.es\/wp-content\/uploads\/2023\/08\/louis-vuitton-cafe-store-taormina-2-768x512.jpg 768w, https:\/\/www.tapasmagazine.es\/wp-content\/uploads\/2023\/08\/louis-vuitton-cafe-store-taormina-2-1000x666.jpg 1000w, https:\/\/www.tapasmagazine.es\/wp-content\/uploads\/2023\/08\/louis-vuitton-cafe-store-taormina-2-400x267.jpg 400w\" sizes=\"(max-width: 1400px) 100vw, 1400px\" \/><\/figure><\/li><\/ul><a class=\"wp-block-jetpack-slideshow_button-prev swiper-button-prev swiper-button-white\" role=\"button\"><\/a><a class=\"wp-block-jetpack-slideshow_button-next swiper-button-next swiper-button-white\" role=\"button\"><\/a><a aria-label=\"Pause Slideshow\" class=\"wp-block-jetpack-slideshow_button-pause\" role=\"button\"><\/a><div class=\"wp-block-jetpack-slideshow_pagination swiper-pagination swiper-pagination-white\"><\/div><\/div><\/div>\n\n\n\n<p>The new <strong>menu<\/strong> notes describe the <strong>dining experience <\/strong>as &#8216;an authentic and joyful culinary journey that stays true to the traveling spirit of Louis Vuitton&#8217; that will feature some dishes such as arancini, also known as stuffed fried rice balls, and drinks such as Taormina Spritz.<\/p>\n\n\n\n<div class=\"wp-block-jetpack-slideshow aligncenter\" data-effect=\"slide\"><div class=\"wp-block-jetpack-slideshow_container swiper-container\"><ul class=\"wp-block-jetpack-slideshow_swiper-wrapper swiper-wrapper\"><li class=\"wp-block-jetpack-slideshow_slide swiper-slide\"><figure><img decoding=\"async\" width=\"1400\" height=\"933\" alt=\"\" class=\"wp-block-jetpack-slideshow_image wp-image-201791\" data-id=\"201791\" src=\"https:\/\/www.tapasmagazine.es\/wp-content\/uploads\/2023\/08\/louis-vuitton-cafe-store-taormina-3.jpg\" srcset=\"https:\/\/www.tapasmagazine.es\/wp-content\/uploads\/2023\/08\/louis-vuitton-cafe-store-taormina-3.jpg 1400w, https:\/\/www.tapasmagazine.es\/wp-content\/uploads\/2023\/08\/louis-vuitton-cafe-store-taormina-3-300x200.jpg 300w, https:\/\/www.tapasmagazine.es\/wp-content\/uploads\/2023\/08\/louis-vuitton-cafe-store-taormina-3-1024x682.jpg 1024w, https:\/\/www.tapasmagazine.es\/wp-content\/uploads\/2023\/08\/louis-vuitton-cafe-store-taormina-3-768x512.jpg 768w, https:\/\/www.tapasmagazine.es\/wp-content\/uploads\/2023\/08\/louis-vuitton-cafe-store-taormina-3-1000x666.jpg 1000w, https:\/\/www.tapasmagazine.es\/wp-content\/uploads\/2023\/08\/louis-vuitton-cafe-store-taormina-3-400x267.jpg 400w\" sizes=\"(max-width: 1400px) 100vw, 1400px\" \/><\/figure><\/li><li class=\"wp-block-jetpack-slideshow_slide swiper-slide\"><figure><img decoding=\"async\" width=\"1400\" height=\"933\" alt=\"\" class=\"wp-block-jetpack-slideshow_image wp-image-201789\" data-id=\"201789\" src=\"https:\/\/www.tapasmagazine.es\/wp-content\/uploads\/2023\/08\/louis-vuitton-cafe-store-taormina-4.jpg\" srcset=\"https:\/\/www.tapasmagazine.es\/wp-content\/uploads\/2023\/08\/louis-vuitton-cafe-store-taormina-4.jpg 1400w, https:\/\/www.tapasmagazine.es\/wp-content\/uploads\/2023\/08\/louis-vuitton-cafe-store-taormina-4-300x200.jpg 300w, https:\/\/www.tapasmagazine.es\/wp-content\/uploads\/2023\/08\/louis-vuitton-cafe-store-taormina-4-1024x682.jpg 1024w, https:\/\/www.tapasmagazine.es\/wp-content\/uploads\/2023\/08\/louis-vuitton-cafe-store-taormina-4-768x512.jpg 768w, https:\/\/www.tapasmagazine.es\/wp-content\/uploads\/2023\/08\/louis-vuitton-cafe-store-taormina-4-1000x666.jpg 1000w, https:\/\/www.tapasmagazine.es\/wp-content\/uploads\/2023\/08\/louis-vuitton-cafe-store-taormina-4-400x267.jpg 400w\" sizes=\"(max-width: 1400px) 100vw, 1400px\" \/><\/figure><\/li><li class=\"wp-block-jetpack-slideshow_slide swiper-slide\"><figure><img decoding=\"async\" width=\"1400\" height=\"933\" alt=\"\" class=\"wp-block-jetpack-slideshow_image wp-image-201793\" data-id=\"201793\" src=\"https:\/\/www.tapasmagazine.es\/wp-content\/uploads\/2023\/08\/louis-vuitton-cafe-store-taormina-5.jpg\" srcset=\"https:\/\/www.tapasmagazine.es\/wp-content\/uploads\/2023\/08\/louis-vuitton-cafe-store-taormina-5.jpg 1400w, https:\/\/www.tapasmagazine.es\/wp-content\/uploads\/2023\/08\/louis-vuitton-cafe-store-taormina-5-300x200.jpg 300w, https:\/\/www.tapasmagazine.es\/wp-content\/uploads\/2023\/08\/louis-vuitton-cafe-store-taormina-5-1024x682.jpg 1024w, https:\/\/www.tapasmagazine.es\/wp-content\/uploads\/2023\/08\/louis-vuitton-cafe-store-taormina-5-768x512.jpg 768w, https:\/\/www.tapasmagazine.es\/wp-content\/uploads\/2023\/08\/louis-vuitton-cafe-store-taormina-5-1000x666.jpg 1000w, https:\/\/www.tapasmagazine.es\/wp-content\/uploads\/2023\/08\/louis-vuitton-cafe-store-taormina-5-400x267.jpg 400w\" sizes=\"(max-width: 1400px) 100vw, 1400px\" \/><\/figure><\/li><\/ul><a class=\"wp-block-jetpack-slideshow_button-prev swiper-button-prev swiper-button-white\" role=\"button\"><\/a><a class=\"wp-block-jetpack-slideshow_button-next swiper-button-next swiper-button-white\" role=\"button\"><\/a><a aria-label=\"Pause Slideshow\" class=\"wp-block-jetpack-slideshow_button-pause\" role=\"button\"><\/a><div class=\"wp-block-jetpack-slideshow_pagination swiper-pagination swiper-pagination-white\"><\/div><\/div><\/div>\n\n\n\n<p><strong>Toarmina&#8217;s store<\/strong> will once again showcase its &#8216;<strong>The Pool<\/strong>&#8216;<strong> collection<\/strong> of ready-to-wear, handbags, footwear and accessories, as well as a special edition of the iconic &#8216;Neverfull&#8217; bag sheathed in the concept&#8217;s color palette throughout.<\/p>\n","protected":false},"excerpt":{"rendered":"<p>Click here to read the Spanish version. Louis Vuitton continues to masterfully explore the intersection between fashion and gastronomy, after the opening of a summer pop-up in Saint-Tropez. Now, the luxury brand lands in Italy with a concept synchronized with that aesthetic trail of evocative blue tones of Mediterranean inspiration with which it reinforces the [&hellip;]<\/p>\n","protected":false},"author":285,"featured_media":201777,"comment_status":"open","ping_status":"closed","sticky":false,"template":"single-feature.php","format":"standard","meta":{"_acf_changed":false,"footnotes":""},"categories":[15802],"tags":[17711,18023],"class_list":["post-201804","post","type-post","status-publish","format-standard","has-post-thumbnail","hentry","category-news","tag-cafeterias-en","tag-louis-vuitton-en","cat-15802-id"],"acf":[],"yoast_head":"<!-- This site is optimized with the Yoast SEO plugin v27.4 - https:\/\/yoast.com\/product\/yoast-seo-wordpress\/ -->\n<title>Louis Vuitton opens the doors of its first Italian caf\u00e9 in Sicily - Tapas<\/title>\n<meta name=\"description\" content=\"Click here to read the Spanish version. Louis Vuitton continues to masterfully explore the intersection between fashion and gastronomy, after the opening\" \/>\n<meta name=\"robots\" content=\"index, follow, max-snippet:-1, max-image-preview:large, max-video-preview:-1\" \/>\n<link rel=\"canonical\" href=\"https:\/\/www.tapasmagazine.es\/en\/louis-vuitton-opens-the-doors-of-its-first-italian-cafe-in-sicily\/\" \/>\n<meta property=\"og:locale\" content=\"en_US\" \/>\n<meta property=\"og:type\" content=\"article\" \/>\n<meta property=\"og:title\" content=\"Louis Vuitton opens the doors of its first Italian caf\u00e9 in Sicily - Tapas\" \/>\n<meta property=\"og:description\" content=\"Click here to read the Spanish version. Louis Vuitton continues to masterfully explore the intersection between fashion and gastronomy, after the opening\" \/>\n<meta property=\"og:url\" content=\"https:\/\/www.tapasmagazine.es\/en\/louis-vuitton-opens-the-doors-of-its-first-italian-cafe-in-sicily\/\" \/>\n<meta property=\"og:site_name\" content=\"Tapas\" \/>\n<meta property=\"article:publisher\" content=\"https:\/\/www.facebook.com\/tapasmagazine\" \/>\n<meta property=\"article:published_time\" content=\"2023-08-07T07:31:52+00:00\" \/>\n<meta property=\"article:modified_time\" content=\"2023-08-07T07:36:10+00:00\" \/>\n<meta property=\"og:image\" content=\"https:\/\/www.tapasmagazine.es\/wp-content\/uploads\/2023\/08\/louis-vuitton-cafe-store-taormina-11.jpg\" \/>\n\t<meta property=\"og:image:width\" content=\"1268\" \/>\n\t<meta property=\"og:image:height\" content=\"805\" \/>\n\t<meta property=\"og:image:type\" content=\"image\/jpeg\" \/>\n<meta name=\"author\" content=\"Laura P\u00e9rez\" \/>\n<meta name=\"twitter:card\" content=\"summary_large_image\" \/>\n<meta name=\"twitter:creator\" content=\"@TapasMagazine\" \/>\n<meta name=\"twitter:site\" content=\"@TapasMagazine\" \/>\n<meta name=\"twitter:label1\" content=\"Written by\" \/>\n\t<meta name=\"twitter:data1\" content=\"Laura P\u00e9rez\" \/>\n\t<meta name=\"twitter:label2\" content=\"Est. reading time\" \/>\n\t<meta name=\"twitter:data2\" content=\"3 minutes\" \/>\n<script type=\"application\/ld+json\" class=\"yoast-schema-graph\">{\"@context\":\"https:\\\/\\\/schema.org\",\"@graph\":[{\"@type\":\"Article\",\"@id\":\"https:\\\/\\\/www.tapasmagazine.es\\\/en\\\/louis-vuitton-opens-the-doors-of-its-first-italian-cafe-in-sicily\\\/#article\",\"isPartOf\":{\"@id\":\"https:\\\/\\\/www.tapasmagazine.es\\\/en\\\/louis-vuitton-opens-the-doors-of-its-first-italian-cafe-in-sicily\\\/\"},\"author\":{\"name\":\"Laura P\u00e9rez\",\"@id\":\"https:\\\/\\\/www.tapasmagazine.es\\\/#\\\/schema\\\/person\\\/eb46cbe76a9c8f062660eb609e3ecb4e\"},\"headline\":\"Louis Vuitton opens the doors of its first Italian caf\u00e9 in Sicily\",\"datePublished\":\"2023-08-07T07:31:52+00:00\",\"dateModified\":\"2023-08-07T07:36:10+00:00\",\"mainEntityOfPage\":{\"@id\":\"https:\\\/\\\/www.tapasmagazine.es\\\/en\\\/louis-vuitton-opens-the-doors-of-its-first-italian-cafe-in-sicily\\\/\"},\"wordCount\":276,\"commentCount\":0,\"publisher\":{\"@id\":\"https:\\\/\\\/www.tapasmagazine.es\\\/#organization\"},\"image\":{\"@id\":\"https:\\\/\\\/www.tapasmagazine.es\\\/en\\\/louis-vuitton-opens-the-doors-of-its-first-italian-cafe-in-sicily\\\/#primaryimage\"},\"thumbnailUrl\":\"https:\\\/\\\/www.tapasmagazine.es\\\/wp-content\\\/uploads\\\/2023\\\/08\\\/louis-vuitton-cafe-store-taormina-11.jpg\",\"keywords\":[\"cafeter\u00edas\",\"Louis Vuitton\"],\"articleSection\":[\"News\"],\"inLanguage\":\"en-US\",\"potentialAction\":[{\"@type\":\"CommentAction\",\"name\":\"Comment\",\"target\":[\"https:\\\/\\\/www.tapasmagazine.es\\\/en\\\/louis-vuitton-opens-the-doors-of-its-first-italian-cafe-in-sicily\\\/#respond\"]}]},{\"@type\":\"WebPage\",\"@id\":\"https:\\\/\\\/www.tapasmagazine.es\\\/en\\\/louis-vuitton-opens-the-doors-of-its-first-italian-cafe-in-sicily\\\/\",\"url\":\"https:\\\/\\\/www.tapasmagazine.es\\\/en\\\/louis-vuitton-opens-the-doors-of-its-first-italian-cafe-in-sicily\\\/\",\"name\":\"Louis Vuitton opens the doors of its first Italian caf\u00e9 in Sicily - Tapas\",\"isPartOf\":{\"@id\":\"https:\\\/\\\/www.tapasmagazine.es\\\/#website\"},\"primaryImageOfPage\":{\"@id\":\"https:\\\/\\\/www.tapasmagazine.es\\\/en\\\/louis-vuitton-opens-the-doors-of-its-first-italian-cafe-in-sicily\\\/#primaryimage\"},\"image\":{\"@id\":\"https:\\\/\\\/www.tapasmagazine.es\\\/en\\\/louis-vuitton-opens-the-doors-of-its-first-italian-cafe-in-sicily\\\/#primaryimage\"},\"thumbnailUrl\":\"https:\\\/\\\/www.tapasmagazine.es\\\/wp-content\\\/uploads\\\/2023\\\/08\\\/louis-vuitton-cafe-store-taormina-11.jpg\",\"datePublished\":\"2023-08-07T07:31:52+00:00\",\"dateModified\":\"2023-08-07T07:36:10+00:00\",\"description\":\"Click here to read the Spanish version. Louis Vuitton continues to masterfully explore the intersection between fashion and gastronomy, after the opening\",\"breadcrumb\":{\"@id\":\"https:\\\/\\\/www.tapasmagazine.es\\\/en\\\/louis-vuitton-opens-the-doors-of-its-first-italian-cafe-in-sicily\\\/#breadcrumb\"},\"inLanguage\":\"en-US\",\"potentialAction\":[{\"@type\":\"ReadAction\",\"target\":[\"https:\\\/\\\/www.tapasmagazine.es\\\/en\\\/louis-vuitton-opens-the-doors-of-its-first-italian-cafe-in-sicily\\\/\"]}]},{\"@type\":\"ImageObject\",\"inLanguage\":\"en-US\",\"@id\":\"https:\\\/\\\/www.tapasmagazine.es\\\/en\\\/louis-vuitton-opens-the-doors-of-its-first-italian-cafe-in-sicily\\\/#primaryimage\",\"url\":\"https:\\\/\\\/www.tapasmagazine.es\\\/wp-content\\\/uploads\\\/2023\\\/08\\\/louis-vuitton-cafe-store-taormina-11.jpg\",\"contentUrl\":\"https:\\\/\\\/www.tapasmagazine.es\\\/wp-content\\\/uploads\\\/2023\\\/08\\\/louis-vuitton-cafe-store-taormina-11.jpg\",\"width\":1268,\"height\":805},{\"@type\":\"BreadcrumbList\",\"@id\":\"https:\\\/\\\/www.tapasmagazine.es\\\/en\\\/louis-vuitton-opens-the-doors-of-its-first-italian-cafe-in-sicily\\\/#breadcrumb\",\"itemListElement\":[{\"@type\":\"ListItem\",\"position\":1,\"name\":\"Portada\",\"item\":\"https:\\\/\\\/www.tapasmagazine.es\\\/\"},{\"@type\":\"ListItem\",\"position\":2,\"name\":\"News\",\"item\":\"https:\\\/\\\/www.tapasmagazine.es\\\/en\\\/categorias\\\/news\\\/\"},{\"@type\":\"ListItem\",\"position\":3,\"name\":\"Louis Vuitton opens the doors of its first Italian caf\u00e9 in Sicily\"}]},{\"@type\":\"WebSite\",\"@id\":\"https:\\\/\\\/www.tapasmagazine.es\\\/#website\",\"url\":\"https:\\\/\\\/www.tapasmagazine.es\\\/\",\"name\":\"Tapas\",\"description\":\"\u00d1am \u00d1am Lifestyle. La vida a bocados. Premio Nacional de Gastronom\u00eda 2016.\",\"publisher\":{\"@id\":\"https:\\\/\\\/www.tapasmagazine.es\\\/#organization\"},\"potentialAction\":[{\"@type\":\"SearchAction\",\"target\":{\"@type\":\"EntryPoint\",\"urlTemplate\":\"https:\\\/\\\/www.tapasmagazine.es\\\/?s={search_term_string}\"},\"query-input\":{\"@type\":\"PropertyValueSpecification\",\"valueRequired\":true,\"valueName\":\"search_term_string\"}}],\"inLanguage\":\"en-US\"},{\"@type\":\"Organization\",\"@id\":\"https:\\\/\\\/www.tapasmagazine.es\\\/#organization\",\"name\":\"Tapas Magazine\",\"url\":\"https:\\\/\\\/www.tapasmagazine.es\\\/\",\"logo\":{\"@type\":\"ImageObject\",\"inLanguage\":\"en-US\",\"@id\":\"https:\\\/\\\/www.tapasmagazine.es\\\/#\\\/schema\\\/logo\\\/image\\\/\",\"url\":\"https:\\\/\\\/www.tapasmagazine.es\\\/wp-content\\\/uploads\\\/2018\\\/01\\\/logo.png\",\"contentUrl\":\"https:\\\/\\\/www.tapasmagazine.es\\\/wp-content\\\/uploads\\\/2018\\\/01\\\/logo.png\",\"width\":180,\"height\":60,\"caption\":\"Tapas Magazine\"},\"image\":{\"@id\":\"https:\\\/\\\/www.tapasmagazine.es\\\/#\\\/schema\\\/logo\\\/image\\\/\"},\"sameAs\":[\"https:\\\/\\\/www.facebook.com\\\/tapasmagazine\",\"https:\\\/\\\/x.com\\\/TapasMagazine\",\"https:\\\/\\\/www.instagram.com\\\/tapasmagazine\\\/\",\"https:\\\/\\\/www.linkedin.com\\\/company\\\/tapas-magazine\",\"https:\\\/\\\/es.pinterest.com\\\/tapasmagazine\\\/\",\"https:\\\/\\\/www.youtube.com\\\/channel\\\/UCEyxneAaACuR0lfDagrWjjg?sub_confirmation=1\"]},{\"@type\":\"Person\",\"@id\":\"https:\\\/\\\/www.tapasmagazine.es\\\/#\\\/schema\\\/person\\\/eb46cbe76a9c8f062660eb609e3ecb4e\",\"name\":\"Laura P\u00e9rez\",\"url\":\"https:\\\/\\\/www.tapasmagazine.es\\\/en\\\/author\\\/laura-perez\\\/\"}]}<\/script>\n<!-- \/ Yoast SEO plugin. -->","yoast_head_json":{"title":"Louis Vuitton opens the doors of its first Italian caf\u00e9 in Sicily - Tapas","description":"Click here to read the Spanish version. Louis Vuitton continues to masterfully explore the intersection between fashion and gastronomy, after the opening","robots":{"index":"index","follow":"follow","max-snippet":"max-snippet:-1","max-image-preview":"max-image-preview:large","max-video-preview":"max-video-preview:-1"},"canonical":"https:\/\/www.tapasmagazine.es\/en\/louis-vuitton-opens-the-doors-of-its-first-italian-cafe-in-sicily\/","og_locale":"en_US","og_type":"article","og_title":"Louis Vuitton opens the doors of its first Italian caf\u00e9 in Sicily - Tapas","og_description":"Click here to read the Spanish version. Louis Vuitton continues to masterfully explore the intersection between fashion and gastronomy, after the opening","og_url":"https:\/\/www.tapasmagazine.es\/en\/louis-vuitton-opens-the-doors-of-its-first-italian-cafe-in-sicily\/","og_site_name":"Tapas","article_publisher":"https:\/\/www.facebook.com\/tapasmagazine","article_published_time":"2023-08-07T07:31:52+00:00","article_modified_time":"2023-08-07T07:36:10+00:00","og_image":[{"width":1268,"height":805,"url":"https:\/\/www.tapasmagazine.es\/wp-content\/uploads\/2023\/08\/louis-vuitton-cafe-store-taormina-11.jpg","type":"image\/jpeg"}],"author":"Laura P\u00e9rez","twitter_card":"summary_large_image","twitter_creator":"@TapasMagazine","twitter_site":"@TapasMagazine","twitter_misc":{"Written by":"Laura P\u00e9rez","Est. reading time":"3 minutes"},"schema":{"@context":"https:\/\/schema.org","@graph":[{"@type":"Article","@id":"https:\/\/www.tapasmagazine.es\/en\/louis-vuitton-opens-the-doors-of-its-first-italian-cafe-in-sicily\/#article","isPartOf":{"@id":"https:\/\/www.tapasmagazine.es\/en\/louis-vuitton-opens-the-doors-of-its-first-italian-cafe-in-sicily\/"},"author":{"name":"Laura P\u00e9rez","@id":"https:\/\/www.tapasmagazine.es\/#\/schema\/person\/eb46cbe76a9c8f062660eb609e3ecb4e"},"headline":"Louis Vuitton opens the doors of its first Italian caf\u00e9 in Sicily","datePublished":"2023-08-07T07:31:52+00:00","dateModified":"2023-08-07T07:36:10+00:00","mainEntityOfPage":{"@id":"https:\/\/www.tapasmagazine.es\/en\/louis-vuitton-opens-the-doors-of-its-first-italian-cafe-in-sicily\/"},"wordCount":276,"commentCount":0,"publisher":{"@id":"https:\/\/www.tapasmagazine.es\/#organization"},"image":{"@id":"https:\/\/www.tapasmagazine.es\/en\/louis-vuitton-opens-the-doors-of-its-first-italian-cafe-in-sicily\/#primaryimage"},"thumbnailUrl":"https:\/\/www.tapasmagazine.es\/wp-content\/uploads\/2023\/08\/louis-vuitton-cafe-store-taormina-11.jpg","keywords":["cafeter\u00edas","Louis Vuitton"],"articleSection":["News"],"inLanguage":"en-US","potentialAction":[{"@type":"CommentAction","name":"Comment","target":["https:\/\/www.tapasmagazine.es\/en\/louis-vuitton-opens-the-doors-of-its-first-italian-cafe-in-sicily\/#respond"]}]},{"@type":"WebPage","@id":"https:\/\/www.tapasmagazine.es\/en\/louis-vuitton-opens-the-doors-of-its-first-italian-cafe-in-sicily\/","url":"https:\/\/www.tapasmagazine.es\/en\/louis-vuitton-opens-the-doors-of-its-first-italian-cafe-in-sicily\/","name":"Louis Vuitton opens the doors of its first Italian caf\u00e9 in Sicily - Tapas","isPartOf":{"@id":"https:\/\/www.tapasmagazine.es\/#website"},"primaryImageOfPage":{"@id":"https:\/\/www.tapasmagazine.es\/en\/louis-vuitton-opens-the-doors-of-its-first-italian-cafe-in-sicily\/#primaryimage"},"image":{"@id":"https:\/\/www.tapasmagazine.es\/en\/louis-vuitton-opens-the-doors-of-its-first-italian-cafe-in-sicily\/#primaryimage"},"thumbnailUrl":"https:\/\/www.tapasmagazine.es\/wp-content\/uploads\/2023\/08\/louis-vuitton-cafe-store-taormina-11.jpg","datePublished":"2023-08-07T07:31:52+00:00","dateModified":"2023-08-07T07:36:10+00:00","description":"Click here to read the Spanish version. Louis Vuitton continues to masterfully explore the intersection between fashion and gastronomy, after the opening","breadcrumb":{"@id":"https:\/\/www.tapasmagazine.es\/en\/louis-vuitton-opens-the-doors-of-its-first-italian-cafe-in-sicily\/#breadcrumb"},"inLanguage":"en-US","potentialAction":[{"@type":"ReadAction","target":["https:\/\/www.tapasmagazine.es\/en\/louis-vuitton-opens-the-doors-of-its-first-italian-cafe-in-sicily\/"]}]},{"@type":"ImageObject","inLanguage":"en-US","@id":"https:\/\/www.tapasmagazine.es\/en\/louis-vuitton-opens-the-doors-of-its-first-italian-cafe-in-sicily\/#primaryimage","url":"https:\/\/www.tapasmagazine.es\/wp-content\/uploads\/2023\/08\/louis-vuitton-cafe-store-taormina-11.jpg","contentUrl":"https:\/\/www.tapasmagazine.es\/wp-content\/uploads\/2023\/08\/louis-vuitton-cafe-store-taormina-11.jpg","width":1268,"height":805},{"@type":"BreadcrumbList","@id":"https:\/\/www.tapasmagazine.es\/en\/louis-vuitton-opens-the-doors-of-its-first-italian-cafe-in-sicily\/#breadcrumb","itemListElement":[{"@type":"ListItem","position":1,"name":"Portada","item":"https:\/\/www.tapasmagazine.es\/"},{"@type":"ListItem","position":2,"name":"News","item":"https:\/\/www.tapasmagazine.es\/en\/categorias\/news\/"},{"@type":"ListItem","position":3,"name":"Louis Vuitton opens the doors of its first Italian caf\u00e9 in Sicily"}]},{"@type":"WebSite","@id":"https:\/\/www.tapasmagazine.es\/#website","url":"https:\/\/www.tapasmagazine.es\/","name":"Tapas","description":"\u00d1am \u00d1am Lifestyle. La vida a bocados. Premio Nacional de Gastronom\u00eda 2016.","publisher":{"@id":"https:\/\/www.tapasmagazine.es\/#organization"},"potentialAction":[{"@type":"SearchAction","target":{"@type":"EntryPoint","urlTemplate":"https:\/\/www.tapasmagazine.es\/?s={search_term_string}"},"query-input":{"@type":"PropertyValueSpecification","valueRequired":true,"valueName":"search_term_string"}}],"inLanguage":"en-US"},{"@type":"Organization","@id":"https:\/\/www.tapasmagazine.es\/#organization","name":"Tapas Magazine","url":"https:\/\/www.tapasmagazine.es\/","logo":{"@type":"ImageObject","inLanguage":"en-US","@id":"https:\/\/www.tapasmagazine.es\/#\/schema\/logo\/image\/","url":"https:\/\/www.tapasmagazine.es\/wp-content\/uploads\/2018\/01\/logo.png","contentUrl":"https:\/\/www.tapasmagazine.es\/wp-content\/uploads\/2018\/01\/logo.png","width":180,"height":60,"caption":"Tapas Magazine"},"image":{"@id":"https:\/\/www.tapasmagazine.es\/#\/schema\/logo\/image\/"},"sameAs":["https:\/\/www.facebook.com\/tapasmagazine","https:\/\/x.com\/TapasMagazine","https:\/\/www.instagram.com\/tapasmagazine\/","https:\/\/www.linkedin.com\/company\/tapas-magazine","https:\/\/es.pinterest.com\/tapasmagazine\/","https:\/\/www.youtube.com\/channel\/UCEyxneAaACuR0lfDagrWjjg?sub_confirmation=1"]},{"@type":"Person","@id":"https:\/\/www.tapasmagazine.es\/#\/schema\/person\/eb46cbe76a9c8f062660eb609e3ecb4e","name":"Laura P\u00e9rez","url":"https:\/\/www.tapasmagazine.es\/en\/author\/laura-perez\/"}]}},"_links":{"self":[{"href":"https:\/\/www.tapasmagazine.es\/en\/wp-json\/wp\/v2\/posts\/201804","targetHints":{"allow":["GET"]}}],"collection":[{"href":"https:\/\/www.tapasmagazine.es\/en\/wp-json\/wp\/v2\/posts"}],"about":[{"href":"https:\/\/www.tapasmagazine.es\/en\/wp-json\/wp\/v2\/types\/post"}],"author":[{"embeddable":true,"href":"https:\/\/www.tapasmagazine.es\/en\/wp-json\/wp\/v2\/users\/285"}],"replies":[{"embeddable":true,"href":"https:\/\/www.tapasmagazine.es\/en\/wp-json\/wp\/v2\/comments?post=201804"}],"version-history":[{"count":4,"href":"https:\/\/www.tapasmagazine.es\/en\/wp-json\/wp\/v2\/posts\/201804\/revisions"}],"predecessor-version":[{"id":201810,"href":"https:\/\/www.tapasmagazine.es\/en\/wp-json\/wp\/v2\/posts\/201804\/revisions\/201810"}],"wp:featuredmedia":[{"embeddable":true,"href":"https:\/\/www.tapasmagazine.es\/en\/wp-json\/wp\/v2\/media\/201777"}],"wp:attachment":[{"href":"https:\/\/www.tapasmagazine.es\/en\/wp-json\/wp\/v2\/media?parent=201804"}],"wp:term":[{"taxonomy":"category","embeddable":true,"href":"https:\/\/www.tapasmagazine.es\/en\/wp-json\/wp\/v2\/categories?post=201804"},{"taxonomy":"post_tag","embeddable":true,"href":"https:\/\/www.tapasmagazine.es\/en\/wp-json\/wp\/v2\/tags?post=201804"}],"curies":[{"name":"wp","href":"https:\/\/api.w.org\/{rel}","templated":true}]}}