{"id":201580,"date":"2023-08-04T08:53:41","date_gmt":"2023-08-04T06:53:41","guid":{"rendered":"https:\/\/www.tapasmagazine.es\/la-historia-de-ghetto-gastro-el-colectivo-culinario-que-empodera-a-la-comunidad-negra-a-traves-de-la-gastronomia\/"},"modified":"2023-08-04T09:00:53","modified_gmt":"2023-08-04T07:00:53","slug":"the-story-of-ghetto-gastro-the-culinary-collective-that-empowers-the-black-community-through-cuisine","status":"publish","type":"post","link":"https:\/\/www.tapasmagazine.es\/en\/the-story-of-ghetto-gastro-the-culinary-collective-that-empowers-the-black-community-through-cuisine\/","title":{"rendered":"The story of Ghetto Gastro: the culinary collective that empowers the black community through cuisine"},"content":{"rendered":"\n<p><strong>Click <a href=\"https:\/\/www.tapasmagazine.es\/la-historia-de-ghetto-gastro-el-colectivo-culinario-que-empodera-a-la-comunidad-negra-a-traves-de-la-gastronomia\/\" target=\"_blank\" rel=\"noreferrer noopener\">here<\/a> to read the Spanish version.<\/strong><\/p>\n\n\n\n<p>Based on an imaginary of ideas with which to nurture freedom and a collective movement of racial struggle shaped by chefs <strong>Jon Gray<\/strong>, <strong>Pierre Serrao<\/strong> and <strong>Lester Walker<\/strong>, this gastronomic ghetto has reinvented the cultural scene through the nexus of food, fashion, political activism and community engagement.<\/p>\n\n\n\n<p>The founding of <strong>Ghetto Gastro <\/strong>as a political act in a gastro key had its roots in the <strong>Bronx<\/strong> in 2012. The trio then began cooking up their identity and expanding their community through hosting clandestine dinner parties in their apartments. Supper clubs in the form of activism that gradually spread by fusing chef-created food with hip hop culture and performances by New York&#8217;s best DJs.<\/p>\n\n\n\n<figure class=\"wp-block-gallery has-nested-images columns-default is-cropped wp-block-gallery-1 is-layout-flex wp-block-gallery-is-layout-flex\">\n<figure class=\"wp-block-image size-large\"><a href=\"https:\/\/www.tapasmagazine.es\/wp-content\/uploads\/2023\/08\/ghetto-gastro-2.webp\"><img decoding=\"async\" width=\"819\" height=\"1024\" data-id=\"201128\" src=\"https:\/\/www.tapasmagazine.es\/wp-content\/uploads\/2023\/08\/ghetto-gastro-2-819x1024.webp\" alt=\"\" class=\"wp-image-201128\" srcset=\"https:\/\/www.tapasmagazine.es\/wp-content\/uploads\/2023\/08\/ghetto-gastro-2-819x1024.webp 819w, https:\/\/www.tapasmagazine.es\/wp-content\/uploads\/2023\/08\/ghetto-gastro-2-240x300.webp 240w, https:\/\/www.tapasmagazine.es\/wp-content\/uploads\/2023\/08\/ghetto-gastro-2-768x961.webp 768w, https:\/\/www.tapasmagazine.es\/wp-content\/uploads\/2023\/08\/ghetto-gastro-2-1228x1536.webp 1228w, https:\/\/www.tapasmagazine.es\/wp-content\/uploads\/2023\/08\/ghetto-gastro-2-1637x2048.webp 1637w, https:\/\/www.tapasmagazine.es\/wp-content\/uploads\/2023\/08\/ghetto-gastro-2-1000x1251.webp 1000w, https:\/\/www.tapasmagazine.es\/wp-content\/uploads\/2023\/08\/ghetto-gastro-2-400x500.webp 400w, https:\/\/www.tapasmagazine.es\/wp-content\/uploads\/2023\/08\/ghetto-gastro-2.webp 1906w\" sizes=\"(max-width: 819px) 100vw, 819px\" \/><\/a><\/figure>\n\n\n\n<figure class=\"wp-block-image size-large\"><a href=\"https:\/\/www.tapasmagazine.es\/wp-content\/uploads\/2023\/08\/ghetto-gastro-3.webp\"><img decoding=\"async\" width=\"997\" height=\"1024\" data-id=\"201126\" src=\"https:\/\/www.tapasmagazine.es\/wp-content\/uploads\/2023\/08\/ghetto-gastro-3-997x1024.webp\" alt=\"\" class=\"wp-image-201126\" srcset=\"https:\/\/www.tapasmagazine.es\/wp-content\/uploads\/2023\/08\/ghetto-gastro-3-997x1024.webp 997w, https:\/\/www.tapasmagazine.es\/wp-content\/uploads\/2023\/08\/ghetto-gastro-3-292x300.webp 292w, https:\/\/www.tapasmagazine.es\/wp-content\/uploads\/2023\/08\/ghetto-gastro-3-768x788.webp 768w, https:\/\/www.tapasmagazine.es\/wp-content\/uploads\/2023\/08\/ghetto-gastro-3-1496x1536.webp 1496w, https:\/\/www.tapasmagazine.es\/wp-content\/uploads\/2023\/08\/ghetto-gastro-3-1000x1027.webp 1000w, https:\/\/www.tapasmagazine.es\/wp-content\/uploads\/2023\/08\/ghetto-gastro-3-400x411.webp 400w, https:\/\/www.tapasmagazine.es\/wp-content\/uploads\/2023\/08\/ghetto-gastro-3.webp 1876w\" sizes=\"(max-width: 997px) 100vw, 997px\" \/><\/a><\/figure>\n<\/figure>\n\n\n\n<p>Since then, the New York collective has empowered<strong> black communities<\/strong> through a <strong>cultural movement<\/strong> of culinary creations with different backgrounds and meanings, such as a deconstructed apple pie that addresses the <strong>Black Lives Matter <\/strong>theme -titled &#8216;Black Bodies&#8217;- as well as other creative or aesthetic expressions translated into clothing. In this sense, they are totally immersed in the fashion system through their constant collaborations and\/or actions such as designing caterings for firms like Rick Owens and muse Mich\u00e8le Lamy.<\/p>\n\n\n<div class=\"wp-block-image\">\n<figure class=\"aligncenter size-large is-resized\"><a href=\"https:\/\/www.tapasmagazine.es\/wp-content\/uploads\/2023\/08\/ghetto-gastro-7.jpg\"><img decoding=\"async\" src=\"https:\/\/www.tapasmagazine.es\/wp-content\/uploads\/2023\/08\/ghetto-gastro-7-1024x764.jpg\" alt=\"\" class=\"wp-image-201130\" width=\"1236\" height=\"921\" srcset=\"https:\/\/www.tapasmagazine.es\/wp-content\/uploads\/2023\/08\/ghetto-gastro-7-1024x764.jpg 1024w, https:\/\/www.tapasmagazine.es\/wp-content\/uploads\/2023\/08\/ghetto-gastro-7-300x224.jpg 300w, https:\/\/www.tapasmagazine.es\/wp-content\/uploads\/2023\/08\/ghetto-gastro-7-768x573.jpg 768w, https:\/\/www.tapasmagazine.es\/wp-content\/uploads\/2023\/08\/ghetto-gastro-7-1536x1146.jpg 1536w, https:\/\/www.tapasmagazine.es\/wp-content\/uploads\/2023\/08\/ghetto-gastro-7-1000x746.jpg 1000w, https:\/\/www.tapasmagazine.es\/wp-content\/uploads\/2023\/08\/ghetto-gastro-7-400x299.jpg 400w, https:\/\/www.tapasmagazine.es\/wp-content\/uploads\/2023\/08\/ghetto-gastro-7.jpg 1600w\" sizes=\"(max-width: 1236px) 100vw, 1236px\" \/><\/a><\/figure>\n<\/div>\n\n\n<p>Beyond fashion, the collective has organized events for countless brands around the world, from Cartier to Nike, Timberland to Apple, and even created menus directly inspired by works such as Basquiat&#8217;s and\/or other contemporary artists. That is, as long as they are in sync with the values of this artistic movement designed to inspire others and elevate historically undervalued groups.<\/p>\n\n\n\n<h2 class=\"wp-block-heading\">&#8216;BLACK POWER KITCHEN&#8217;<\/h2>\n\n\n\n<p><strong>Food<\/strong> then becomes a <strong>weapon<\/strong> for this collective that aims to enhance the cultural heritage behind some of the most cherished dishes of the black diaspora. A gastronomic religion that they have even immortalized in their own cookbook entitled &#8216;<strong>Black Power Kitchen<\/strong>&#8216;, which serves as both a cooking manual and a manifesto of their mission and narratives: to consider food as a form of survival and a source of luxury at the same time.<\/p>\n\n\n<div class=\"wp-block-image\">\n<figure class=\"aligncenter size-large is-resized\"><a href=\"https:\/\/www.tapasmagazine.es\/wp-content\/uploads\/2023\/08\/ghetto-gastro-4.webp\"><img decoding=\"async\" src=\"https:\/\/www.tapasmagazine.es\/wp-content\/uploads\/2023\/08\/ghetto-gastro-4-782x1024.webp\" alt=\"\" class=\"wp-image-201132\" width=\"992\" height=\"1299\" srcset=\"https:\/\/www.tapasmagazine.es\/wp-content\/uploads\/2023\/08\/ghetto-gastro-4-782x1024.webp 782w, https:\/\/www.tapasmagazine.es\/wp-content\/uploads\/2023\/08\/ghetto-gastro-4-229x300.webp 229w, https:\/\/www.tapasmagazine.es\/wp-content\/uploads\/2023\/08\/ghetto-gastro-4-768x1006.webp 768w, https:\/\/www.tapasmagazine.es\/wp-content\/uploads\/2023\/08\/ghetto-gastro-4-1173x1536.webp 1173w, https:\/\/www.tapasmagazine.es\/wp-content\/uploads\/2023\/08\/ghetto-gastro-4-1564x2048.webp 1564w, https:\/\/www.tapasmagazine.es\/wp-content\/uploads\/2023\/08\/ghetto-gastro-4-1000x1309.webp 1000w, https:\/\/www.tapasmagazine.es\/wp-content\/uploads\/2023\/08\/ghetto-gastro-4-400x524.webp 400w, https:\/\/www.tapasmagazine.es\/wp-content\/uploads\/2023\/08\/ghetto-gastro-4.webp 1600w\" sizes=\"(max-width: 992px) 100vw, 992px\" \/><\/a><\/figure>\n<\/div>\n\n\n<p>In the <strong>book<\/strong> we can also find recipes such as salted fish takoyaki interspersed with poems, paintings and interviews -such as with rapper A$AP Ferg- essays on social exclusion and the tensions between Chinese American restaurants and their black customers, as well as portraits of the street ice cream makers and counter workers who form the basis of the Bronx food economy.<\/p>\n\n\n\n<h2 class=\"wp-block-heading\">FOOD AS A POLITICAL ACT<\/h2>\n\n\n\n<p>During this decade of existence, in which they began in a clandestine and abstract way, they have been making themselves known globally, especially since their incursion into the world of fashion and art, and the planning of events and caterings. Creative actions with which they have managed to grow in wider spheres, and even create kitchen utensils such as air fryers or a line of CruxGG with products such as waffle makers, syrup mixes and waffles.<\/p>\n\n\n\n<figure class=\"wp-block-gallery has-nested-images columns-default is-cropped wp-block-gallery-2 is-layout-flex wp-block-gallery-is-layout-flex\">\n<figure class=\"wp-block-image size-large\"><a href=\"https:\/\/www.tapasmagazine.es\/wp-content\/uploads\/2023\/08\/ghetto-gastro-5.webp\"><img decoding=\"async\" width=\"683\" height=\"1024\" data-id=\"201139\" src=\"https:\/\/www.tapasmagazine.es\/wp-content\/uploads\/2023\/08\/ghetto-gastro-5-683x1024.webp\" alt=\"\" class=\"wp-image-201139\" srcset=\"https:\/\/www.tapasmagazine.es\/wp-content\/uploads\/2023\/08\/ghetto-gastro-5-683x1024.webp 683w, https:\/\/www.tapasmagazine.es\/wp-content\/uploads\/2023\/08\/ghetto-gastro-5-200x300.webp 200w, https:\/\/www.tapasmagazine.es\/wp-content\/uploads\/2023\/08\/ghetto-gastro-5-400x600.webp 400w, https:\/\/www.tapasmagazine.es\/wp-content\/uploads\/2023\/08\/ghetto-gastro-5.webp 720w\" sizes=\"(max-width: 683px) 100vw, 683px\" \/><\/a><\/figure>\n\n\n\n<figure class=\"wp-block-image size-large\"><a href=\"https:\/\/www.tapasmagazine.es\/wp-content\/uploads\/2023\/08\/ghetto-gastro.jpg\"><img decoding=\"async\" width=\"1024\" height=\"1024\" data-id=\"201134\" src=\"https:\/\/www.tapasmagazine.es\/wp-content\/uploads\/2023\/08\/ghetto-gastro-1024x1024.jpg\" alt=\"\" class=\"wp-image-201134\" srcset=\"https:\/\/www.tapasmagazine.es\/wp-content\/uploads\/2023\/08\/ghetto-gastro-1024x1024.jpg 1024w, https:\/\/www.tapasmagazine.es\/wp-content\/uploads\/2023\/08\/ghetto-gastro-300x300.jpg 300w, https:\/\/www.tapasmagazine.es\/wp-content\/uploads\/2023\/08\/ghetto-gastro-150x150.jpg 150w, https:\/\/www.tapasmagazine.es\/wp-content\/uploads\/2023\/08\/ghetto-gastro-768x768.jpg 768w, https:\/\/www.tapasmagazine.es\/wp-content\/uploads\/2023\/08\/ghetto-gastro-1000x1000.jpg 1000w, https:\/\/www.tapasmagazine.es\/wp-content\/uploads\/2023\/08\/ghetto-gastro-400x400.jpg 400w, https:\/\/www.tapasmagazine.es\/wp-content\/uploads\/2023\/08\/ghetto-gastro.jpg 1240w\" sizes=\"(max-width: 1024px) 100vw, 1024px\" \/><\/a><\/figure>\n<\/figure>\n\n\n\n<p>In the display where Ghetto illustrates food as a tool to tell stories and culinary traditions of the black community, we can find highlights such as <strong>spicy maple syrup<\/strong> for pancakes that tells the story of the struggle for racial justice. For, according to the collective, abolitionists turned to maple as a sweetener to boycott the sugar plantations that enslaved so many people. They learned to extract maple from indigenous communities that had been doing so for centuries. The maple represents the fight against slavery.<\/p>\n\n\n<div class=\"wp-block-image\">\n<figure class=\"aligncenter size-large is-resized\"><a href=\"https:\/\/www.tapasmagazine.es\/wp-content\/uploads\/2023\/08\/ghetto-gastro-8.jpg\"><img decoding=\"async\" src=\"https:\/\/www.tapasmagazine.es\/wp-content\/uploads\/2023\/08\/ghetto-gastro-8-1024x683.jpg\" alt=\"\" class=\"wp-image-201136\" width=\"994\" height=\"663\" srcset=\"https:\/\/www.tapasmagazine.es\/wp-content\/uploads\/2023\/08\/ghetto-gastro-8-1024x683.jpg 1024w, https:\/\/www.tapasmagazine.es\/wp-content\/uploads\/2023\/08\/ghetto-gastro-8-300x200.jpg 300w, https:\/\/www.tapasmagazine.es\/wp-content\/uploads\/2023\/08\/ghetto-gastro-8-768x512.jpg 768w, https:\/\/www.tapasmagazine.es\/wp-content\/uploads\/2023\/08\/ghetto-gastro-8-1000x667.jpg 1000w, https:\/\/www.tapasmagazine.es\/wp-content\/uploads\/2023\/08\/ghetto-gastro-8-400x267.jpg 400w, https:\/\/www.tapasmagazine.es\/wp-content\/uploads\/2023\/08\/ghetto-gastro-8.jpg 1366w\" sizes=\"(max-width: 994px) 100vw, 994px\" \/><\/a><\/figure>\n<\/div>\n\n\n<p>The depth that food takes on here is also represented in other pancake and waffle mixes, as well as toaster pastries or healthier versions of Pop Tarts with flavors like maple, apple, cinnamon and raspberry chocolate.&nbsp;<\/p>\n\n\n\n<p><strong>Ghetto Gastro<\/strong>&#8216;s expansion now continues to influence universal gastronomy by the hand of its powerful narrative: feeding the world based on cultural collision and the amplification of the art, creativity and brilliance of the Global South&#8217;s food culture.<\/p>\n","protected":false},"excerpt":{"rendered":"<p>Click here to read the Spanish version. Based on an imaginary of ideas with which to nurture freedom and a collective movement of racial struggle shaped by chefs Jon Gray, Pierre Serrao and Lester Walker, this gastronomic ghetto has reinvented the cultural scene through the nexus of food, fashion, political activism and community engagement. The [&hellip;]<\/p>\n","protected":false},"author":285,"featured_media":201124,"comment_status":"open","ping_status":"closed","sticky":false,"template":"single-feature.php","format":"standard","meta":{"_acf_changed":false,"footnotes":""},"categories":[16002,1],"tags":[15824,17109],"class_list":["post-201580","post","type-post","status-publish","format-standard","has-post-thumbnail","hentry","category-reportajes-en","category-sin-categorizar","tag-gastronomia-en","tag-nueva-york-en","cat-16002-id","cat-1-id"],"acf":[],"yoast_head":"<!-- This site is optimized with the Yoast SEO plugin v27.5 - https:\/\/yoast.com\/product\/yoast-seo-wordpress\/ -->\n<title>The story of Ghetto Gastro: the culinary collective that empowers the black community through cuisine - Tapas<\/title>\n<meta name=\"description\" content=\"Click here to read the Spanish version. Based on an imaginary of ideas with which to nurture freedom and a collective movement of racial struggle shaped\" \/>\n<meta name=\"robots\" content=\"index, follow, max-snippet:-1, max-image-preview:large, max-video-preview:-1\" \/>\n<link rel=\"canonical\" href=\"https:\/\/www.tapasmagazine.es\/en\/the-story-of-ghetto-gastro-the-culinary-collective-that-empowers-the-black-community-through-cuisine\/\" \/>\n<meta property=\"og:locale\" content=\"en_US\" \/>\n<meta property=\"og:type\" content=\"article\" \/>\n<meta property=\"og:title\" content=\"The story of Ghetto Gastro: the culinary collective that empowers the black community through cuisine - Tapas\" \/>\n<meta property=\"og:description\" content=\"Click here to read the Spanish version. Based on an imaginary of ideas with which to nurture freedom and a collective movement of racial struggle shaped\" \/>\n<meta property=\"og:url\" content=\"https:\/\/www.tapasmagazine.es\/en\/the-story-of-ghetto-gastro-the-culinary-collective-that-empowers-the-black-community-through-cuisine\/\" \/>\n<meta property=\"og:site_name\" content=\"Tapas\" \/>\n<meta property=\"article:publisher\" content=\"https:\/\/www.facebook.com\/tapasmagazine\" \/>\n<meta property=\"article:published_time\" content=\"2023-08-04T06:53:41+00:00\" \/>\n<meta property=\"article:modified_time\" content=\"2023-08-04T07:00:53+00:00\" \/>\n<meta property=\"og:image\" content=\"https:\/\/www.tapasmagazine.es\/wp-content\/uploads\/2023\/08\/ghetto-gastro-1.jpg\" \/>\n\t<meta property=\"og:image:width\" content=\"1200\" \/>\n\t<meta property=\"og:image:height\" content=\"675\" \/>\n\t<meta property=\"og:image:type\" content=\"image\/jpeg\" \/>\n<meta name=\"author\" content=\"Laura P\u00e9rez\" \/>\n<meta name=\"twitter:card\" content=\"summary_large_image\" \/>\n<meta name=\"twitter:creator\" content=\"@TapasMagazine\" \/>\n<meta name=\"twitter:site\" content=\"@TapasMagazine\" \/>\n<meta name=\"twitter:label1\" content=\"Written by\" \/>\n\t<meta name=\"twitter:data1\" content=\"Laura P\u00e9rez\" \/>\n\t<meta name=\"twitter:label2\" content=\"Est. reading time\" \/>\n\t<meta name=\"twitter:data2\" content=\"5 minutes\" \/>\n<script type=\"application\/ld+json\" class=\"yoast-schema-graph\">{\"@context\":\"https:\\\/\\\/schema.org\",\"@graph\":[{\"@type\":\"Article\",\"@id\":\"https:\\\/\\\/www.tapasmagazine.es\\\/en\\\/the-story-of-ghetto-gastro-the-culinary-collective-that-empowers-the-black-community-through-cuisine\\\/#article\",\"isPartOf\":{\"@id\":\"https:\\\/\\\/www.tapasmagazine.es\\\/en\\\/the-story-of-ghetto-gastro-the-culinary-collective-that-empowers-the-black-community-through-cuisine\\\/\"},\"author\":{\"name\":\"Laura P\u00e9rez\",\"@id\":\"https:\\\/\\\/www.tapasmagazine.es\\\/#\\\/schema\\\/person\\\/eb46cbe76a9c8f062660eb609e3ecb4e\"},\"headline\":\"The story of Ghetto Gastro: the culinary collective that empowers the black community through cuisine\",\"datePublished\":\"2023-08-04T06:53:41+00:00\",\"dateModified\":\"2023-08-04T07:00:53+00:00\",\"mainEntityOfPage\":{\"@id\":\"https:\\\/\\\/www.tapasmagazine.es\\\/en\\\/the-story-of-ghetto-gastro-the-culinary-collective-that-empowers-the-black-community-through-cuisine\\\/\"},\"wordCount\":662,\"commentCount\":0,\"publisher\":{\"@id\":\"https:\\\/\\\/www.tapasmagazine.es\\\/#organization\"},\"image\":{\"@id\":\"https:\\\/\\\/www.tapasmagazine.es\\\/en\\\/the-story-of-ghetto-gastro-the-culinary-collective-that-empowers-the-black-community-through-cuisine\\\/#primaryimage\"},\"thumbnailUrl\":\"https:\\\/\\\/www.tapasmagazine.es\\\/wp-content\\\/uploads\\\/2023\\\/08\\\/ghetto-gastro-1.jpg\",\"keywords\":[\"gastronom\u00eda\",\"Nueva York\"],\"articleSection\":[\"Reportajes\",\"Sin categorizar\"],\"inLanguage\":\"en-US\",\"potentialAction\":[{\"@type\":\"CommentAction\",\"name\":\"Comment\",\"target\":[\"https:\\\/\\\/www.tapasmagazine.es\\\/en\\\/the-story-of-ghetto-gastro-the-culinary-collective-that-empowers-the-black-community-through-cuisine\\\/#respond\"]}]},{\"@type\":\"WebPage\",\"@id\":\"https:\\\/\\\/www.tapasmagazine.es\\\/en\\\/the-story-of-ghetto-gastro-the-culinary-collective-that-empowers-the-black-community-through-cuisine\\\/\",\"url\":\"https:\\\/\\\/www.tapasmagazine.es\\\/en\\\/the-story-of-ghetto-gastro-the-culinary-collective-that-empowers-the-black-community-through-cuisine\\\/\",\"name\":\"The story of Ghetto Gastro: the culinary collective that empowers the black community through cuisine - Tapas\",\"isPartOf\":{\"@id\":\"https:\\\/\\\/www.tapasmagazine.es\\\/#website\"},\"primaryImageOfPage\":{\"@id\":\"https:\\\/\\\/www.tapasmagazine.es\\\/en\\\/the-story-of-ghetto-gastro-the-culinary-collective-that-empowers-the-black-community-through-cuisine\\\/#primaryimage\"},\"image\":{\"@id\":\"https:\\\/\\\/www.tapasmagazine.es\\\/en\\\/the-story-of-ghetto-gastro-the-culinary-collective-that-empowers-the-black-community-through-cuisine\\\/#primaryimage\"},\"thumbnailUrl\":\"https:\\\/\\\/www.tapasmagazine.es\\\/wp-content\\\/uploads\\\/2023\\\/08\\\/ghetto-gastro-1.jpg\",\"datePublished\":\"2023-08-04T06:53:41+00:00\",\"dateModified\":\"2023-08-04T07:00:53+00:00\",\"description\":\"Click here to read the Spanish version. Based on an imaginary of ideas with which to nurture freedom and a collective movement of racial struggle shaped\",\"breadcrumb\":{\"@id\":\"https:\\\/\\\/www.tapasmagazine.es\\\/en\\\/the-story-of-ghetto-gastro-the-culinary-collective-that-empowers-the-black-community-through-cuisine\\\/#breadcrumb\"},\"inLanguage\":\"en-US\",\"potentialAction\":[{\"@type\":\"ReadAction\",\"target\":[\"https:\\\/\\\/www.tapasmagazine.es\\\/en\\\/the-story-of-ghetto-gastro-the-culinary-collective-that-empowers-the-black-community-through-cuisine\\\/\"]}]},{\"@type\":\"ImageObject\",\"inLanguage\":\"en-US\",\"@id\":\"https:\\\/\\\/www.tapasmagazine.es\\\/en\\\/the-story-of-ghetto-gastro-the-culinary-collective-that-empowers-the-black-community-through-cuisine\\\/#primaryimage\",\"url\":\"https:\\\/\\\/www.tapasmagazine.es\\\/wp-content\\\/uploads\\\/2023\\\/08\\\/ghetto-gastro-1.jpg\",\"contentUrl\":\"https:\\\/\\\/www.tapasmagazine.es\\\/wp-content\\\/uploads\\\/2023\\\/08\\\/ghetto-gastro-1.jpg\",\"width\":1200,\"height\":675},{\"@type\":\"BreadcrumbList\",\"@id\":\"https:\\\/\\\/www.tapasmagazine.es\\\/en\\\/the-story-of-ghetto-gastro-the-culinary-collective-that-empowers-the-black-community-through-cuisine\\\/#breadcrumb\",\"itemListElement\":[{\"@type\":\"ListItem\",\"position\":1,\"name\":\"Portada\",\"item\":\"https:\\\/\\\/www.tapasmagazine.es\\\/\"},{\"@type\":\"ListItem\",\"position\":2,\"name\":\"Sin categorizar\",\"item\":\"https:\\\/\\\/www.tapasmagazine.es\\\/categorias\\\/sin-categorizar\\\/\"},{\"@type\":\"ListItem\",\"position\":3,\"name\":\"The story of Ghetto Gastro: the culinary collective that empowers the black community through cuisine\"}]},{\"@type\":\"WebSite\",\"@id\":\"https:\\\/\\\/www.tapasmagazine.es\\\/#website\",\"url\":\"https:\\\/\\\/www.tapasmagazine.es\\\/\",\"name\":\"Tapas\",\"description\":\"\u00d1am \u00d1am Lifestyle. La vida a bocados. Premio Nacional de Gastronom\u00eda 2016.\",\"publisher\":{\"@id\":\"https:\\\/\\\/www.tapasmagazine.es\\\/#organization\"},\"potentialAction\":[{\"@type\":\"SearchAction\",\"target\":{\"@type\":\"EntryPoint\",\"urlTemplate\":\"https:\\\/\\\/www.tapasmagazine.es\\\/?s={search_term_string}\"},\"query-input\":{\"@type\":\"PropertyValueSpecification\",\"valueRequired\":true,\"valueName\":\"search_term_string\"}}],\"inLanguage\":\"en-US\"},{\"@type\":\"Organization\",\"@id\":\"https:\\\/\\\/www.tapasmagazine.es\\\/#organization\",\"name\":\"Tapas Magazine\",\"url\":\"https:\\\/\\\/www.tapasmagazine.es\\\/\",\"logo\":{\"@type\":\"ImageObject\",\"inLanguage\":\"en-US\",\"@id\":\"https:\\\/\\\/www.tapasmagazine.es\\\/#\\\/schema\\\/logo\\\/image\\\/\",\"url\":\"https:\\\/\\\/www.tapasmagazine.es\\\/wp-content\\\/uploads\\\/2018\\\/01\\\/logo.png\",\"contentUrl\":\"https:\\\/\\\/www.tapasmagazine.es\\\/wp-content\\\/uploads\\\/2018\\\/01\\\/logo.png\",\"width\":180,\"height\":60,\"caption\":\"Tapas Magazine\"},\"image\":{\"@id\":\"https:\\\/\\\/www.tapasmagazine.es\\\/#\\\/schema\\\/logo\\\/image\\\/\"},\"sameAs\":[\"https:\\\/\\\/www.facebook.com\\\/tapasmagazine\",\"https:\\\/\\\/x.com\\\/TapasMagazine\",\"https:\\\/\\\/www.instagram.com\\\/tapasmagazine\\\/\",\"https:\\\/\\\/www.linkedin.com\\\/company\\\/tapas-magazine\",\"https:\\\/\\\/es.pinterest.com\\\/tapasmagazine\\\/\",\"https:\\\/\\\/www.youtube.com\\\/channel\\\/UCEyxneAaACuR0lfDagrWjjg?sub_confirmation=1\"]},{\"@type\":\"Person\",\"@id\":\"https:\\\/\\\/www.tapasmagazine.es\\\/#\\\/schema\\\/person\\\/eb46cbe76a9c8f062660eb609e3ecb4e\",\"name\":\"Laura P\u00e9rez\",\"url\":\"https:\\\/\\\/www.tapasmagazine.es\\\/en\\\/author\\\/laura-perez\\\/\"}]}<\/script>\n<!-- \/ Yoast SEO plugin. -->","yoast_head_json":{"title":"The story of Ghetto Gastro: the culinary collective that empowers the black community through cuisine - Tapas","description":"Click here to read the Spanish version. Based on an imaginary of ideas with which to nurture freedom and a collective movement of racial struggle shaped","robots":{"index":"index","follow":"follow","max-snippet":"max-snippet:-1","max-image-preview":"max-image-preview:large","max-video-preview":"max-video-preview:-1"},"canonical":"https:\/\/www.tapasmagazine.es\/en\/the-story-of-ghetto-gastro-the-culinary-collective-that-empowers-the-black-community-through-cuisine\/","og_locale":"en_US","og_type":"article","og_title":"The story of Ghetto Gastro: the culinary collective that empowers the black community through cuisine - Tapas","og_description":"Click here to read the Spanish version. Based on an imaginary of ideas with which to nurture freedom and a collective movement of racial struggle shaped","og_url":"https:\/\/www.tapasmagazine.es\/en\/the-story-of-ghetto-gastro-the-culinary-collective-that-empowers-the-black-community-through-cuisine\/","og_site_name":"Tapas","article_publisher":"https:\/\/www.facebook.com\/tapasmagazine","article_published_time":"2023-08-04T06:53:41+00:00","article_modified_time":"2023-08-04T07:00:53+00:00","og_image":[{"width":1200,"height":675,"url":"https:\/\/www.tapasmagazine.es\/wp-content\/uploads\/2023\/08\/ghetto-gastro-1.jpg","type":"image\/jpeg"}],"author":"Laura P\u00e9rez","twitter_card":"summary_large_image","twitter_creator":"@TapasMagazine","twitter_site":"@TapasMagazine","twitter_misc":{"Written by":"Laura P\u00e9rez","Est. reading time":"5 minutes"},"schema":{"@context":"https:\/\/schema.org","@graph":[{"@type":"Article","@id":"https:\/\/www.tapasmagazine.es\/en\/the-story-of-ghetto-gastro-the-culinary-collective-that-empowers-the-black-community-through-cuisine\/#article","isPartOf":{"@id":"https:\/\/www.tapasmagazine.es\/en\/the-story-of-ghetto-gastro-the-culinary-collective-that-empowers-the-black-community-through-cuisine\/"},"author":{"name":"Laura P\u00e9rez","@id":"https:\/\/www.tapasmagazine.es\/#\/schema\/person\/eb46cbe76a9c8f062660eb609e3ecb4e"},"headline":"The story of Ghetto Gastro: the culinary collective that empowers the black community through cuisine","datePublished":"2023-08-04T06:53:41+00:00","dateModified":"2023-08-04T07:00:53+00:00","mainEntityOfPage":{"@id":"https:\/\/www.tapasmagazine.es\/en\/the-story-of-ghetto-gastro-the-culinary-collective-that-empowers-the-black-community-through-cuisine\/"},"wordCount":662,"commentCount":0,"publisher":{"@id":"https:\/\/www.tapasmagazine.es\/#organization"},"image":{"@id":"https:\/\/www.tapasmagazine.es\/en\/the-story-of-ghetto-gastro-the-culinary-collective-that-empowers-the-black-community-through-cuisine\/#primaryimage"},"thumbnailUrl":"https:\/\/www.tapasmagazine.es\/wp-content\/uploads\/2023\/08\/ghetto-gastro-1.jpg","keywords":["gastronom\u00eda","Nueva York"],"articleSection":["Reportajes","Sin categorizar"],"inLanguage":"en-US","potentialAction":[{"@type":"CommentAction","name":"Comment","target":["https:\/\/www.tapasmagazine.es\/en\/the-story-of-ghetto-gastro-the-culinary-collective-that-empowers-the-black-community-through-cuisine\/#respond"]}]},{"@type":"WebPage","@id":"https:\/\/www.tapasmagazine.es\/en\/the-story-of-ghetto-gastro-the-culinary-collective-that-empowers-the-black-community-through-cuisine\/","url":"https:\/\/www.tapasmagazine.es\/en\/the-story-of-ghetto-gastro-the-culinary-collective-that-empowers-the-black-community-through-cuisine\/","name":"The story of Ghetto Gastro: the culinary collective that empowers the black community through cuisine - Tapas","isPartOf":{"@id":"https:\/\/www.tapasmagazine.es\/#website"},"primaryImageOfPage":{"@id":"https:\/\/www.tapasmagazine.es\/en\/the-story-of-ghetto-gastro-the-culinary-collective-that-empowers-the-black-community-through-cuisine\/#primaryimage"},"image":{"@id":"https:\/\/www.tapasmagazine.es\/en\/the-story-of-ghetto-gastro-the-culinary-collective-that-empowers-the-black-community-through-cuisine\/#primaryimage"},"thumbnailUrl":"https:\/\/www.tapasmagazine.es\/wp-content\/uploads\/2023\/08\/ghetto-gastro-1.jpg","datePublished":"2023-08-04T06:53:41+00:00","dateModified":"2023-08-04T07:00:53+00:00","description":"Click here to read the Spanish version. Based on an imaginary of ideas with which to nurture freedom and a collective movement of racial struggle shaped","breadcrumb":{"@id":"https:\/\/www.tapasmagazine.es\/en\/the-story-of-ghetto-gastro-the-culinary-collective-that-empowers-the-black-community-through-cuisine\/#breadcrumb"},"inLanguage":"en-US","potentialAction":[{"@type":"ReadAction","target":["https:\/\/www.tapasmagazine.es\/en\/the-story-of-ghetto-gastro-the-culinary-collective-that-empowers-the-black-community-through-cuisine\/"]}]},{"@type":"ImageObject","inLanguage":"en-US","@id":"https:\/\/www.tapasmagazine.es\/en\/the-story-of-ghetto-gastro-the-culinary-collective-that-empowers-the-black-community-through-cuisine\/#primaryimage","url":"https:\/\/www.tapasmagazine.es\/wp-content\/uploads\/2023\/08\/ghetto-gastro-1.jpg","contentUrl":"https:\/\/www.tapasmagazine.es\/wp-content\/uploads\/2023\/08\/ghetto-gastro-1.jpg","width":1200,"height":675},{"@type":"BreadcrumbList","@id":"https:\/\/www.tapasmagazine.es\/en\/the-story-of-ghetto-gastro-the-culinary-collective-that-empowers-the-black-community-through-cuisine\/#breadcrumb","itemListElement":[{"@type":"ListItem","position":1,"name":"Portada","item":"https:\/\/www.tapasmagazine.es\/"},{"@type":"ListItem","position":2,"name":"Sin categorizar","item":"https:\/\/www.tapasmagazine.es\/categorias\/sin-categorizar\/"},{"@type":"ListItem","position":3,"name":"The story of Ghetto Gastro: the culinary collective that empowers the black community through cuisine"}]},{"@type":"WebSite","@id":"https:\/\/www.tapasmagazine.es\/#website","url":"https:\/\/www.tapasmagazine.es\/","name":"Tapas","description":"\u00d1am \u00d1am Lifestyle. La vida a bocados. Premio Nacional de Gastronom\u00eda 2016.","publisher":{"@id":"https:\/\/www.tapasmagazine.es\/#organization"},"potentialAction":[{"@type":"SearchAction","target":{"@type":"EntryPoint","urlTemplate":"https:\/\/www.tapasmagazine.es\/?s={search_term_string}"},"query-input":{"@type":"PropertyValueSpecification","valueRequired":true,"valueName":"search_term_string"}}],"inLanguage":"en-US"},{"@type":"Organization","@id":"https:\/\/www.tapasmagazine.es\/#organization","name":"Tapas Magazine","url":"https:\/\/www.tapasmagazine.es\/","logo":{"@type":"ImageObject","inLanguage":"en-US","@id":"https:\/\/www.tapasmagazine.es\/#\/schema\/logo\/image\/","url":"https:\/\/www.tapasmagazine.es\/wp-content\/uploads\/2018\/01\/logo.png","contentUrl":"https:\/\/www.tapasmagazine.es\/wp-content\/uploads\/2018\/01\/logo.png","width":180,"height":60,"caption":"Tapas Magazine"},"image":{"@id":"https:\/\/www.tapasmagazine.es\/#\/schema\/logo\/image\/"},"sameAs":["https:\/\/www.facebook.com\/tapasmagazine","https:\/\/x.com\/TapasMagazine","https:\/\/www.instagram.com\/tapasmagazine\/","https:\/\/www.linkedin.com\/company\/tapas-magazine","https:\/\/es.pinterest.com\/tapasmagazine\/","https:\/\/www.youtube.com\/channel\/UCEyxneAaACuR0lfDagrWjjg?sub_confirmation=1"]},{"@type":"Person","@id":"https:\/\/www.tapasmagazine.es\/#\/schema\/person\/eb46cbe76a9c8f062660eb609e3ecb4e","name":"Laura P\u00e9rez","url":"https:\/\/www.tapasmagazine.es\/en\/author\/laura-perez\/"}]}},"_links":{"self":[{"href":"https:\/\/www.tapasmagazine.es\/en\/wp-json\/wp\/v2\/posts\/201580","targetHints":{"allow":["GET"]}}],"collection":[{"href":"https:\/\/www.tapasmagazine.es\/en\/wp-json\/wp\/v2\/posts"}],"about":[{"href":"https:\/\/www.tapasmagazine.es\/en\/wp-json\/wp\/v2\/types\/post"}],"author":[{"embeddable":true,"href":"https:\/\/www.tapasmagazine.es\/en\/wp-json\/wp\/v2\/users\/285"}],"replies":[{"embeddable":true,"href":"https:\/\/www.tapasmagazine.es\/en\/wp-json\/wp\/v2\/comments?post=201580"}],"version-history":[{"count":4,"href":"https:\/\/www.tapasmagazine.es\/en\/wp-json\/wp\/v2\/posts\/201580\/revisions"}],"predecessor-version":[{"id":201586,"href":"https:\/\/www.tapasmagazine.es\/en\/wp-json\/wp\/v2\/posts\/201580\/revisions\/201586"}],"wp:featuredmedia":[{"embeddable":true,"href":"https:\/\/www.tapasmagazine.es\/en\/wp-json\/wp\/v2\/media\/201124"}],"wp:attachment":[{"href":"https:\/\/www.tapasmagazine.es\/en\/wp-json\/wp\/v2\/media?parent=201580"}],"wp:term":[{"taxonomy":"category","embeddable":true,"href":"https:\/\/www.tapasmagazine.es\/en\/wp-json\/wp\/v2\/categories?post=201580"},{"taxonomy":"post_tag","embeddable":true,"href":"https:\/\/www.tapasmagazine.es\/en\/wp-json\/wp\/v2\/tags?post=201580"}],"curies":[{"name":"wp","href":"https:\/\/api.w.org\/{rel}","templated":true}]}}