{"id":201474,"date":"2023-08-03T13:23:33","date_gmt":"2023-08-03T11:23:33","guid":{"rendered":"https:\/\/www.tapasmagazine.es\/sala-de-despiece-x-antonyo-marest-presentan-una-coleccion-de-piezas-artisticas-inspiradas-en-el-restaurante\/"},"modified":"2023-08-03T13:27:46","modified_gmt":"2023-08-03T11:27:46","slug":"sala-de-despiece-x-antonyo-marest-present-a-collection-of-artistic-pieces-inspired-by-the-restaurant","status":"publish","type":"post","link":"https:\/\/www.tapasmagazine.es\/en\/sala-de-despiece-x-antonyo-marest-present-a-collection-of-artistic-pieces-inspired-by-the-restaurant\/","title":{"rendered":"SALA DE DESPIECE x Antonyo Marest present a collection of artistic pieces inspired by the restaurant"},"content":{"rendered":"\n<p><strong>Click <a href=\"https:\/\/www.tapasmagazine.es\/sala-de-despiece-x-antonyo-marest-presentan-una-coleccion-de-piezas-artisticas-inspiradas-en-el-restaurante\/\" target=\"_blank\" rel=\"noreferrer noopener\">here<\/a> to read the Spanish version.<\/strong><\/p>\n\n\n\n<p><strong>SALA DE DESPIECE<\/strong> and <strong>Antonyo Marest <\/strong>now join forces to cook up a collection, piece by piece, of placemats, tablecloths, T-shirts and caps with aesthetic and conceptual references to the imaginary of the iconic restaurant that represents an ode to cutting rooms and central markets.<\/p>\n\n\n\n<p>The gastronomic project thus expands its experience through artistic exploration with this limited edition collaboration with which<strong> GALER\u00cdA COMERCIAL <\/strong>consolidates its role as a hub of creativity in the capital as a multifunctional and collaborative space with different artists.<\/p>\n\n\n\n<div class=\"wp-block-jetpack-slideshow aligncenter\" data-effect=\"slide\"><div class=\"wp-block-jetpack-slideshow_container swiper-container\"><ul class=\"wp-block-jetpack-slideshow_swiper-wrapper swiper-wrapper\"><li class=\"wp-block-jetpack-slideshow_slide swiper-slide\"><figure><img decoding=\"async\" width=\"2560\" height=\"1707\" alt=\"\" class=\"wp-block-jetpack-slideshow_image wp-image-201459\" data-id=\"201459\" src=\"https:\/\/www.tapasmagazine.es\/wp-content\/uploads\/2023\/08\/sala-de-despiece-antonyo-marest-coleccion-2-scaled.jpeg\" srcset=\"https:\/\/www.tapasmagazine.es\/wp-content\/uploads\/2023\/08\/sala-de-despiece-antonyo-marest-coleccion-2-scaled.jpeg 2560w, https:\/\/www.tapasmagazine.es\/wp-content\/uploads\/2023\/08\/sala-de-despiece-antonyo-marest-coleccion-2-300x200.jpeg 300w, https:\/\/www.tapasmagazine.es\/wp-content\/uploads\/2023\/08\/sala-de-despiece-antonyo-marest-coleccion-2-1024x683.jpeg 1024w, https:\/\/www.tapasmagazine.es\/wp-content\/uploads\/2023\/08\/sala-de-despiece-antonyo-marest-coleccion-2-768x512.jpeg 768w, https:\/\/www.tapasmagazine.es\/wp-content\/uploads\/2023\/08\/sala-de-despiece-antonyo-marest-coleccion-2-1536x1024.jpeg 1536w, https:\/\/www.tapasmagazine.es\/wp-content\/uploads\/2023\/08\/sala-de-despiece-antonyo-marest-coleccion-2-2048x1365.jpeg 2048w, https:\/\/www.tapasmagazine.es\/wp-content\/uploads\/2023\/08\/sala-de-despiece-antonyo-marest-coleccion-2-1000x667.jpeg 1000w, https:\/\/www.tapasmagazine.es\/wp-content\/uploads\/2023\/08\/sala-de-despiece-antonyo-marest-coleccion-2-400x267.jpeg 400w\" sizes=\"(max-width: 2560px) 100vw, 2560px\" \/><\/figure><\/li><li class=\"wp-block-jetpack-slideshow_slide swiper-slide\"><figure><img decoding=\"async\" width=\"2560\" height=\"1707\" alt=\"\" class=\"wp-block-jetpack-slideshow_image wp-image-201455\" data-id=\"201455\" src=\"https:\/\/www.tapasmagazine.es\/wp-content\/uploads\/2023\/08\/sala-de-despiece-antonyo-marest-coleccion-3-scaled.jpeg\" srcset=\"https:\/\/www.tapasmagazine.es\/wp-content\/uploads\/2023\/08\/sala-de-despiece-antonyo-marest-coleccion-3-scaled.jpeg 2560w, https:\/\/www.tapasmagazine.es\/wp-content\/uploads\/2023\/08\/sala-de-despiece-antonyo-marest-coleccion-3-300x200.jpeg 300w, https:\/\/www.tapasmagazine.es\/wp-content\/uploads\/2023\/08\/sala-de-despiece-antonyo-marest-coleccion-3-1024x683.jpeg 1024w, https:\/\/www.tapasmagazine.es\/wp-content\/uploads\/2023\/08\/sala-de-despiece-antonyo-marest-coleccion-3-768x512.jpeg 768w, https:\/\/www.tapasmagazine.es\/wp-content\/uploads\/2023\/08\/sala-de-despiece-antonyo-marest-coleccion-3-1536x1024.jpeg 1536w, https:\/\/www.tapasmagazine.es\/wp-content\/uploads\/2023\/08\/sala-de-despiece-antonyo-marest-coleccion-3-2048x1365.jpeg 2048w, https:\/\/www.tapasmagazine.es\/wp-content\/uploads\/2023\/08\/sala-de-despiece-antonyo-marest-coleccion-3-1000x667.jpeg 1000w, https:\/\/www.tapasmagazine.es\/wp-content\/uploads\/2023\/08\/sala-de-despiece-antonyo-marest-coleccion-3-400x267.jpeg 400w\" sizes=\"(max-width: 2560px) 100vw, 2560px\" \/><\/figure><\/li><li class=\"wp-block-jetpack-slideshow_slide swiper-slide\"><figure><img decoding=\"async\" width=\"2560\" height=\"1707\" alt=\"\" class=\"wp-block-jetpack-slideshow_image wp-image-201457\" data-id=\"201457\" src=\"https:\/\/www.tapasmagazine.es\/wp-content\/uploads\/2023\/08\/sala-de-despiece-antonyo-marest-coleccion-4-scaled.jpeg\" srcset=\"https:\/\/www.tapasmagazine.es\/wp-content\/uploads\/2023\/08\/sala-de-despiece-antonyo-marest-coleccion-4-scaled.jpeg 2560w, https:\/\/www.tapasmagazine.es\/wp-content\/uploads\/2023\/08\/sala-de-despiece-antonyo-marest-coleccion-4-300x200.jpeg 300w, https:\/\/www.tapasmagazine.es\/wp-content\/uploads\/2023\/08\/sala-de-despiece-antonyo-marest-coleccion-4-1024x683.jpeg 1024w, https:\/\/www.tapasmagazine.es\/wp-content\/uploads\/2023\/08\/sala-de-despiece-antonyo-marest-coleccion-4-768x512.jpeg 768w, https:\/\/www.tapasmagazine.es\/wp-content\/uploads\/2023\/08\/sala-de-despiece-antonyo-marest-coleccion-4-1536x1024.jpeg 1536w, https:\/\/www.tapasmagazine.es\/wp-content\/uploads\/2023\/08\/sala-de-despiece-antonyo-marest-coleccion-4-2048x1365.jpeg 2048w, https:\/\/www.tapasmagazine.es\/wp-content\/uploads\/2023\/08\/sala-de-despiece-antonyo-marest-coleccion-4-1000x667.jpeg 1000w, https:\/\/www.tapasmagazine.es\/wp-content\/uploads\/2023\/08\/sala-de-despiece-antonyo-marest-coleccion-4-400x267.jpeg 400w\" sizes=\"(max-width: 2560px) 100vw, 2560px\" \/><\/figure><\/li><li class=\"wp-block-jetpack-slideshow_slide swiper-slide\"><figure><img decoding=\"async\" width=\"2560\" height=\"1707\" alt=\"\" class=\"wp-block-jetpack-slideshow_image wp-image-201453\" data-id=\"201453\" src=\"https:\/\/www.tapasmagazine.es\/wp-content\/uploads\/2023\/08\/sala-de-despiece-antonyo-marest-coleccion-5-scaled.jpeg\" srcset=\"https:\/\/www.tapasmagazine.es\/wp-content\/uploads\/2023\/08\/sala-de-despiece-antonyo-marest-coleccion-5-scaled.jpeg 2560w, https:\/\/www.tapasmagazine.es\/wp-content\/uploads\/2023\/08\/sala-de-despiece-antonyo-marest-coleccion-5-300x200.jpeg 300w, https:\/\/www.tapasmagazine.es\/wp-content\/uploads\/2023\/08\/sala-de-despiece-antonyo-marest-coleccion-5-1024x683.jpeg 1024w, https:\/\/www.tapasmagazine.es\/wp-content\/uploads\/2023\/08\/sala-de-despiece-antonyo-marest-coleccion-5-768x512.jpeg 768w, https:\/\/www.tapasmagazine.es\/wp-content\/uploads\/2023\/08\/sala-de-despiece-antonyo-marest-coleccion-5-1536x1024.jpeg 1536w, https:\/\/www.tapasmagazine.es\/wp-content\/uploads\/2023\/08\/sala-de-despiece-antonyo-marest-coleccion-5-2048x1365.jpeg 2048w, https:\/\/www.tapasmagazine.es\/wp-content\/uploads\/2023\/08\/sala-de-despiece-antonyo-marest-coleccion-5-1000x667.jpeg 1000w, https:\/\/www.tapasmagazine.es\/wp-content\/uploads\/2023\/08\/sala-de-despiece-antonyo-marest-coleccion-5-400x267.jpeg 400w\" sizes=\"(max-width: 2560px) 100vw, 2560px\" \/><\/figure><\/li><\/ul><a class=\"wp-block-jetpack-slideshow_button-prev swiper-button-prev swiper-button-white\" role=\"button\"><\/a><a class=\"wp-block-jetpack-slideshow_button-next swiper-button-next swiper-button-white\" role=\"button\"><\/a><a aria-label=\"Pause Slideshow\" class=\"wp-block-jetpack-slideshow_button-pause\" role=\"button\"><\/a><div class=\"wp-block-jetpack-slideshow_pagination swiper-pagination swiper-pagination-white\"><\/div><\/div><\/div>\n\n\n\n<h2 class=\"wp-block-heading\">ART, FASHION AND GASTRONOMY<\/h2>\n\n\n\n<p>Now the work of the artist <strong>Antonyo Marest<\/strong> is already installed in the space attached to<strong> SSD2<\/strong> -located in Virgen de los Peligros Street-, displayed in its large real coolers that serve as product displays: both of his textile garments and of the accessories that recreate his favorite dishes from the store.<\/p>\n\n\n\n<p>The inspiration came from the desire to recreate my favorite dishes from the menu within a visual and minimalist space, in which through patterns and the use of color we could tell a story,&#8217; says Marest, who let himself be &#8216;counter-influenced&#8217; by SALA DE DESPIECE for the conceptualization of his creations. In SDD no tablecloths are used and, for me, a good table or a good meal is one that has an after-dinner table. One where you know when you start, but not when you finish. Important meals are dressed with tablecloths and plates and that is the reason for this game of creating pieces that, in turn, are the anti-thought of what is lived in SDD&#8217;.<\/p>\n\n\n\n<div class=\"wp-block-jetpack-slideshow aligncenter\" data-effect=\"slide\"><div class=\"wp-block-jetpack-slideshow_container swiper-container\"><ul class=\"wp-block-jetpack-slideshow_swiper-wrapper swiper-wrapper\"><li class=\"wp-block-jetpack-slideshow_slide swiper-slide\"><figure><img decoding=\"async\" width=\"683\" height=\"1024\" alt=\"\" class=\"wp-block-jetpack-slideshow_image wp-image-201465\" data-id=\"201465\" src=\"https:\/\/www.tapasmagazine.es\/wp-content\/uploads\/2023\/08\/sala-de-despiece-antonyo-marest-coleccion-7-683x1024.jpeg\" srcset=\"https:\/\/www.tapasmagazine.es\/wp-content\/uploads\/2023\/08\/sala-de-despiece-antonyo-marest-coleccion-7-683x1024.jpeg 683w, https:\/\/www.tapasmagazine.es\/wp-content\/uploads\/2023\/08\/sala-de-despiece-antonyo-marest-coleccion-7-200x300.jpeg 200w, https:\/\/www.tapasmagazine.es\/wp-content\/uploads\/2023\/08\/sala-de-despiece-antonyo-marest-coleccion-7-768x1152.jpeg 768w, https:\/\/www.tapasmagazine.es\/wp-content\/uploads\/2023\/08\/sala-de-despiece-antonyo-marest-coleccion-7-1024x1536.jpeg 1024w, https:\/\/www.tapasmagazine.es\/wp-content\/uploads\/2023\/08\/sala-de-despiece-antonyo-marest-coleccion-7-1365x2048.jpeg 1365w, https:\/\/www.tapasmagazine.es\/wp-content\/uploads\/2023\/08\/sala-de-despiece-antonyo-marest-coleccion-7-1000x1500.jpeg 1000w, https:\/\/www.tapasmagazine.es\/wp-content\/uploads\/2023\/08\/sala-de-despiece-antonyo-marest-coleccion-7-400x600.jpeg 400w, https:\/\/www.tapasmagazine.es\/wp-content\/uploads\/2023\/08\/sala-de-despiece-antonyo-marest-coleccion-7-scaled.jpeg 1707w\" sizes=\"(max-width: 683px) 100vw, 683px\" \/><\/figure><\/li><li class=\"wp-block-jetpack-slideshow_slide swiper-slide\"><figure><img decoding=\"async\" width=\"683\" height=\"1024\" alt=\"\" class=\"wp-block-jetpack-slideshow_image wp-image-201463\" data-id=\"201463\" src=\"https:\/\/www.tapasmagazine.es\/wp-content\/uploads\/2023\/08\/sala-de-despiece-antonyo-marest-coleccion-9-683x1024.jpeg\" srcset=\"https:\/\/www.tapasmagazine.es\/wp-content\/uploads\/2023\/08\/sala-de-despiece-antonyo-marest-coleccion-9-683x1024.jpeg 683w, https:\/\/www.tapasmagazine.es\/wp-content\/uploads\/2023\/08\/sala-de-despiece-antonyo-marest-coleccion-9-200x300.jpeg 200w, https:\/\/www.tapasmagazine.es\/wp-content\/uploads\/2023\/08\/sala-de-despiece-antonyo-marest-coleccion-9-768x1152.jpeg 768w, https:\/\/www.tapasmagazine.es\/wp-content\/uploads\/2023\/08\/sala-de-despiece-antonyo-marest-coleccion-9-1024x1536.jpeg 1024w, https:\/\/www.tapasmagazine.es\/wp-content\/uploads\/2023\/08\/sala-de-despiece-antonyo-marest-coleccion-9-1365x2048.jpeg 1365w, https:\/\/www.tapasmagazine.es\/wp-content\/uploads\/2023\/08\/sala-de-despiece-antonyo-marest-coleccion-9-1000x1500.jpeg 1000w, https:\/\/www.tapasmagazine.es\/wp-content\/uploads\/2023\/08\/sala-de-despiece-antonyo-marest-coleccion-9-400x600.jpeg 400w, https:\/\/www.tapasmagazine.es\/wp-content\/uploads\/2023\/08\/sala-de-despiece-antonyo-marest-coleccion-9-scaled.jpeg 1707w\" sizes=\"(max-width: 683px) 100vw, 683px\" \/><\/figure><\/li><li class=\"wp-block-jetpack-slideshow_slide swiper-slide\"><figure><img decoding=\"async\" width=\"683\" height=\"1024\" alt=\"\" class=\"wp-block-jetpack-slideshow_image wp-image-201461\" data-id=\"201461\" src=\"https:\/\/www.tapasmagazine.es\/wp-content\/uploads\/2023\/08\/sala-de-despiece-antonyo-marest-coleccion-8-683x1024.jpeg\" srcset=\"https:\/\/www.tapasmagazine.es\/wp-content\/uploads\/2023\/08\/sala-de-despiece-antonyo-marest-coleccion-8-683x1024.jpeg 683w, https:\/\/www.tapasmagazine.es\/wp-content\/uploads\/2023\/08\/sala-de-despiece-antonyo-marest-coleccion-8-200x300.jpeg 200w, https:\/\/www.tapasmagazine.es\/wp-content\/uploads\/2023\/08\/sala-de-despiece-antonyo-marest-coleccion-8-768x1152.jpeg 768w, https:\/\/www.tapasmagazine.es\/wp-content\/uploads\/2023\/08\/sala-de-despiece-antonyo-marest-coleccion-8-1024x1536.jpeg 1024w, https:\/\/www.tapasmagazine.es\/wp-content\/uploads\/2023\/08\/sala-de-despiece-antonyo-marest-coleccion-8-1365x2048.jpeg 1365w, https:\/\/www.tapasmagazine.es\/wp-content\/uploads\/2023\/08\/sala-de-despiece-antonyo-marest-coleccion-8-1000x1500.jpeg 1000w, https:\/\/www.tapasmagazine.es\/wp-content\/uploads\/2023\/08\/sala-de-despiece-antonyo-marest-coleccion-8-400x600.jpeg 400w, https:\/\/www.tapasmagazine.es\/wp-content\/uploads\/2023\/08\/sala-de-despiece-antonyo-marest-coleccion-8-scaled.jpeg 1707w\" sizes=\"(max-width: 683px) 100vw, 683px\" \/><\/figure><\/li><\/ul><a class=\"wp-block-jetpack-slideshow_button-prev swiper-button-prev swiper-button-white\" role=\"button\"><\/a><a class=\"wp-block-jetpack-slideshow_button-next swiper-button-next swiper-button-white\" role=\"button\"><\/a><a aria-label=\"Pause Slideshow\" class=\"wp-block-jetpack-slideshow_button-pause\" role=\"button\"><\/a><div class=\"wp-block-jetpack-slideshow_pagination swiper-pagination swiper-pagination-white\"><\/div><\/div><\/div>\n\n\n\n<p><strong>Marest<\/strong> has thus designed for GC a tablecloth, a napkin, placemats, a T-shirt -which reflects the design of the space, also intervened by his stroke- and a cap. In addition, he has created an open collection of hand-painted caps with the same materials that were used to create the work that is also represented on the ceiling.<\/p>\n","protected":false},"excerpt":{"rendered":"<p>Click here to read the Spanish version. SALA DE DESPIECE and Antonyo Marest now join forces to cook up a collection, piece by piece, of placemats, tablecloths, T-shirts and caps with aesthetic and conceptual references to the imaginary of the iconic restaurant that represents an ode to cutting rooms and central markets. The gastronomic project [&hellip;]<\/p>\n","protected":false},"author":285,"featured_media":201444,"comment_status":"open","ping_status":"closed","sticky":false,"template":"single-feature.php","format":"standard","meta":{"_acf_changed":false,"footnotes":""},"categories":[15807,15802,1],"tags":[17459,15824,18168],"class_list":["post-201474","post","type-post","status-publish","format-standard","has-post-thumbnail","hentry","category-gastro-en","category-news","category-sin-categorizar","tag-arte-en","tag-gastronomia-en","tag-sala-de-despiece-en","cat-15807-id","cat-15802-id","cat-1-id"],"acf":[],"yoast_head":"<!-- This site is optimized with the Yoast SEO plugin v27.4 - https:\/\/yoast.com\/product\/yoast-seo-wordpress\/ -->\n<title>SALA DE DESPIECE x Antonyo Marest present a collection of artistic pieces inspired by the restaurant - Tapas<\/title>\n<meta name=\"description\" content=\"Click here to read the Spanish version. SALA DE DESPIECE and Antonyo Marest now join forces to cook up a collection, piece by piece, of placemats,\" \/>\n<meta name=\"robots\" content=\"index, follow, max-snippet:-1, max-image-preview:large, max-video-preview:-1\" \/>\n<link rel=\"canonical\" href=\"https:\/\/www.tapasmagazine.es\/en\/sala-de-despiece-x-antonyo-marest-present-a-collection-of-artistic-pieces-inspired-by-the-restaurant\/\" \/>\n<meta property=\"og:locale\" content=\"en_US\" \/>\n<meta property=\"og:type\" content=\"article\" \/>\n<meta property=\"og:title\" content=\"SALA DE DESPIECE x Antonyo Marest present a collection of artistic pieces inspired by the restaurant - Tapas\" \/>\n<meta property=\"og:description\" content=\"Click here to read the Spanish version. SALA DE DESPIECE and Antonyo Marest now join forces to cook up a collection, piece by piece, of placemats,\" \/>\n<meta property=\"og:url\" content=\"https:\/\/www.tapasmagazine.es\/en\/sala-de-despiece-x-antonyo-marest-present-a-collection-of-artistic-pieces-inspired-by-the-restaurant\/\" \/>\n<meta property=\"og:site_name\" content=\"Tapas\" \/>\n<meta property=\"article:publisher\" content=\"https:\/\/www.facebook.com\/tapasmagazine\" \/>\n<meta property=\"article:published_time\" content=\"2023-08-03T11:23:33+00:00\" \/>\n<meta property=\"article:modified_time\" content=\"2023-08-03T11:27:46+00:00\" \/>\n<meta property=\"og:image\" content=\"https:\/\/www.tapasmagazine.es\/wp-content\/uploads\/2023\/08\/sala-de-despiece-antonyo-marest-coleccion-1.jpg\" \/>\n\t<meta property=\"og:image:width\" content=\"1200\" \/>\n\t<meta property=\"og:image:height\" content=\"675\" \/>\n\t<meta property=\"og:image:type\" content=\"image\/jpeg\" \/>\n<meta name=\"author\" content=\"Laura P\u00e9rez\" \/>\n<meta name=\"twitter:card\" content=\"summary_large_image\" \/>\n<meta name=\"twitter:creator\" content=\"@TapasMagazine\" \/>\n<meta name=\"twitter:site\" content=\"@TapasMagazine\" \/>\n<meta name=\"twitter:label1\" content=\"Written by\" \/>\n\t<meta name=\"twitter:data1\" content=\"Laura P\u00e9rez\" \/>\n\t<meta name=\"twitter:label2\" content=\"Est. reading time\" \/>\n\t<meta name=\"twitter:data2\" content=\"3 minutes\" \/>\n<script type=\"application\/ld+json\" class=\"yoast-schema-graph\">{\"@context\":\"https:\\\/\\\/schema.org\",\"@graph\":[{\"@type\":\"Article\",\"@id\":\"https:\\\/\\\/www.tapasmagazine.es\\\/en\\\/sala-de-despiece-x-antonyo-marest-present-a-collection-of-artistic-pieces-inspired-by-the-restaurant\\\/#article\",\"isPartOf\":{\"@id\":\"https:\\\/\\\/www.tapasmagazine.es\\\/en\\\/sala-de-despiece-x-antonyo-marest-present-a-collection-of-artistic-pieces-inspired-by-the-restaurant\\\/\"},\"author\":{\"name\":\"Laura P\u00e9rez\",\"@id\":\"https:\\\/\\\/www.tapasmagazine.es\\\/#\\\/schema\\\/person\\\/eb46cbe76a9c8f062660eb609e3ecb4e\"},\"headline\":\"SALA DE DESPIECE x Antonyo Marest present a collection of artistic pieces inspired by the restaurant\",\"datePublished\":\"2023-08-03T11:23:33+00:00\",\"dateModified\":\"2023-08-03T11:27:46+00:00\",\"mainEntityOfPage\":{\"@id\":\"https:\\\/\\\/www.tapasmagazine.es\\\/en\\\/sala-de-despiece-x-antonyo-marest-present-a-collection-of-artistic-pieces-inspired-by-the-restaurant\\\/\"},\"wordCount\":338,\"commentCount\":0,\"publisher\":{\"@id\":\"https:\\\/\\\/www.tapasmagazine.es\\\/#organization\"},\"image\":{\"@id\":\"https:\\\/\\\/www.tapasmagazine.es\\\/en\\\/sala-de-despiece-x-antonyo-marest-present-a-collection-of-artistic-pieces-inspired-by-the-restaurant\\\/#primaryimage\"},\"thumbnailUrl\":\"https:\\\/\\\/www.tapasmagazine.es\\\/wp-content\\\/uploads\\\/2023\\\/08\\\/sala-de-despiece-antonyo-marest-coleccion-1.jpg\",\"keywords\":[\"arte\",\"gastronom\u00eda\",\"SALA DE DESPIECE\"],\"articleSection\":[\"Gastro\",\"News\",\"Sin categorizar\"],\"inLanguage\":\"en-US\",\"potentialAction\":[{\"@type\":\"CommentAction\",\"name\":\"Comment\",\"target\":[\"https:\\\/\\\/www.tapasmagazine.es\\\/en\\\/sala-de-despiece-x-antonyo-marest-present-a-collection-of-artistic-pieces-inspired-by-the-restaurant\\\/#respond\"]}]},{\"@type\":\"WebPage\",\"@id\":\"https:\\\/\\\/www.tapasmagazine.es\\\/en\\\/sala-de-despiece-x-antonyo-marest-present-a-collection-of-artistic-pieces-inspired-by-the-restaurant\\\/\",\"url\":\"https:\\\/\\\/www.tapasmagazine.es\\\/en\\\/sala-de-despiece-x-antonyo-marest-present-a-collection-of-artistic-pieces-inspired-by-the-restaurant\\\/\",\"name\":\"SALA DE DESPIECE x Antonyo Marest present a collection of artistic pieces inspired by the restaurant - Tapas\",\"isPartOf\":{\"@id\":\"https:\\\/\\\/www.tapasmagazine.es\\\/#website\"},\"primaryImageOfPage\":{\"@id\":\"https:\\\/\\\/www.tapasmagazine.es\\\/en\\\/sala-de-despiece-x-antonyo-marest-present-a-collection-of-artistic-pieces-inspired-by-the-restaurant\\\/#primaryimage\"},\"image\":{\"@id\":\"https:\\\/\\\/www.tapasmagazine.es\\\/en\\\/sala-de-despiece-x-antonyo-marest-present-a-collection-of-artistic-pieces-inspired-by-the-restaurant\\\/#primaryimage\"},\"thumbnailUrl\":\"https:\\\/\\\/www.tapasmagazine.es\\\/wp-content\\\/uploads\\\/2023\\\/08\\\/sala-de-despiece-antonyo-marest-coleccion-1.jpg\",\"datePublished\":\"2023-08-03T11:23:33+00:00\",\"dateModified\":\"2023-08-03T11:27:46+00:00\",\"description\":\"Click here to read the Spanish version. SALA DE DESPIECE and Antonyo Marest now join forces to cook up a collection, piece by piece, of placemats,\",\"breadcrumb\":{\"@id\":\"https:\\\/\\\/www.tapasmagazine.es\\\/en\\\/sala-de-despiece-x-antonyo-marest-present-a-collection-of-artistic-pieces-inspired-by-the-restaurant\\\/#breadcrumb\"},\"inLanguage\":\"en-US\",\"potentialAction\":[{\"@type\":\"ReadAction\",\"target\":[\"https:\\\/\\\/www.tapasmagazine.es\\\/en\\\/sala-de-despiece-x-antonyo-marest-present-a-collection-of-artistic-pieces-inspired-by-the-restaurant\\\/\"]}]},{\"@type\":\"ImageObject\",\"inLanguage\":\"en-US\",\"@id\":\"https:\\\/\\\/www.tapasmagazine.es\\\/en\\\/sala-de-despiece-x-antonyo-marest-present-a-collection-of-artistic-pieces-inspired-by-the-restaurant\\\/#primaryimage\",\"url\":\"https:\\\/\\\/www.tapasmagazine.es\\\/wp-content\\\/uploads\\\/2023\\\/08\\\/sala-de-despiece-antonyo-marest-coleccion-1.jpg\",\"contentUrl\":\"https:\\\/\\\/www.tapasmagazine.es\\\/wp-content\\\/uploads\\\/2023\\\/08\\\/sala-de-despiece-antonyo-marest-coleccion-1.jpg\",\"width\":1200,\"height\":675},{\"@type\":\"BreadcrumbList\",\"@id\":\"https:\\\/\\\/www.tapasmagazine.es\\\/en\\\/sala-de-despiece-x-antonyo-marest-present-a-collection-of-artistic-pieces-inspired-by-the-restaurant\\\/#breadcrumb\",\"itemListElement\":[{\"@type\":\"ListItem\",\"position\":1,\"name\":\"Portada\",\"item\":\"https:\\\/\\\/www.tapasmagazine.es\\\/\"},{\"@type\":\"ListItem\",\"position\":2,\"name\":\"Sin categorizar\",\"item\":\"https:\\\/\\\/www.tapasmagazine.es\\\/categorias\\\/sin-categorizar\\\/\"},{\"@type\":\"ListItem\",\"position\":3,\"name\":\"SALA DE DESPIECE x Antonyo Marest present a collection of artistic pieces inspired by the restaurant\"}]},{\"@type\":\"WebSite\",\"@id\":\"https:\\\/\\\/www.tapasmagazine.es\\\/#website\",\"url\":\"https:\\\/\\\/www.tapasmagazine.es\\\/\",\"name\":\"Tapas\",\"description\":\"\u00d1am \u00d1am Lifestyle. La vida a bocados. Premio Nacional de Gastronom\u00eda 2016.\",\"publisher\":{\"@id\":\"https:\\\/\\\/www.tapasmagazine.es\\\/#organization\"},\"potentialAction\":[{\"@type\":\"SearchAction\",\"target\":{\"@type\":\"EntryPoint\",\"urlTemplate\":\"https:\\\/\\\/www.tapasmagazine.es\\\/?s={search_term_string}\"},\"query-input\":{\"@type\":\"PropertyValueSpecification\",\"valueRequired\":true,\"valueName\":\"search_term_string\"}}],\"inLanguage\":\"en-US\"},{\"@type\":\"Organization\",\"@id\":\"https:\\\/\\\/www.tapasmagazine.es\\\/#organization\",\"name\":\"Tapas Magazine\",\"url\":\"https:\\\/\\\/www.tapasmagazine.es\\\/\",\"logo\":{\"@type\":\"ImageObject\",\"inLanguage\":\"en-US\",\"@id\":\"https:\\\/\\\/www.tapasmagazine.es\\\/#\\\/schema\\\/logo\\\/image\\\/\",\"url\":\"https:\\\/\\\/www.tapasmagazine.es\\\/wp-content\\\/uploads\\\/2018\\\/01\\\/logo.png\",\"contentUrl\":\"https:\\\/\\\/www.tapasmagazine.es\\\/wp-content\\\/uploads\\\/2018\\\/01\\\/logo.png\",\"width\":180,\"height\":60,\"caption\":\"Tapas Magazine\"},\"image\":{\"@id\":\"https:\\\/\\\/www.tapasmagazine.es\\\/#\\\/schema\\\/logo\\\/image\\\/\"},\"sameAs\":[\"https:\\\/\\\/www.facebook.com\\\/tapasmagazine\",\"https:\\\/\\\/x.com\\\/TapasMagazine\",\"https:\\\/\\\/www.instagram.com\\\/tapasmagazine\\\/\",\"https:\\\/\\\/www.linkedin.com\\\/company\\\/tapas-magazine\",\"https:\\\/\\\/es.pinterest.com\\\/tapasmagazine\\\/\",\"https:\\\/\\\/www.youtube.com\\\/channel\\\/UCEyxneAaACuR0lfDagrWjjg?sub_confirmation=1\"]},{\"@type\":\"Person\",\"@id\":\"https:\\\/\\\/www.tapasmagazine.es\\\/#\\\/schema\\\/person\\\/eb46cbe76a9c8f062660eb609e3ecb4e\",\"name\":\"Laura P\u00e9rez\",\"url\":\"https:\\\/\\\/www.tapasmagazine.es\\\/en\\\/author\\\/laura-perez\\\/\"}]}<\/script>\n<!-- \/ Yoast SEO plugin. -->","yoast_head_json":{"title":"SALA DE DESPIECE x Antonyo Marest present a collection of artistic pieces inspired by the restaurant - Tapas","description":"Click here to read the Spanish version. SALA DE DESPIECE and Antonyo Marest now join forces to cook up a collection, piece by piece, of placemats,","robots":{"index":"index","follow":"follow","max-snippet":"max-snippet:-1","max-image-preview":"max-image-preview:large","max-video-preview":"max-video-preview:-1"},"canonical":"https:\/\/www.tapasmagazine.es\/en\/sala-de-despiece-x-antonyo-marest-present-a-collection-of-artistic-pieces-inspired-by-the-restaurant\/","og_locale":"en_US","og_type":"article","og_title":"SALA DE DESPIECE x Antonyo Marest present a collection of artistic pieces inspired by the restaurant - Tapas","og_description":"Click here to read the Spanish version. SALA DE DESPIECE and Antonyo Marest now join forces to cook up a collection, piece by piece, of placemats,","og_url":"https:\/\/www.tapasmagazine.es\/en\/sala-de-despiece-x-antonyo-marest-present-a-collection-of-artistic-pieces-inspired-by-the-restaurant\/","og_site_name":"Tapas","article_publisher":"https:\/\/www.facebook.com\/tapasmagazine","article_published_time":"2023-08-03T11:23:33+00:00","article_modified_time":"2023-08-03T11:27:46+00:00","og_image":[{"width":1200,"height":675,"url":"https:\/\/www.tapasmagazine.es\/wp-content\/uploads\/2023\/08\/sala-de-despiece-antonyo-marest-coleccion-1.jpg","type":"image\/jpeg"}],"author":"Laura P\u00e9rez","twitter_card":"summary_large_image","twitter_creator":"@TapasMagazine","twitter_site":"@TapasMagazine","twitter_misc":{"Written by":"Laura P\u00e9rez","Est. reading time":"3 minutes"},"schema":{"@context":"https:\/\/schema.org","@graph":[{"@type":"Article","@id":"https:\/\/www.tapasmagazine.es\/en\/sala-de-despiece-x-antonyo-marest-present-a-collection-of-artistic-pieces-inspired-by-the-restaurant\/#article","isPartOf":{"@id":"https:\/\/www.tapasmagazine.es\/en\/sala-de-despiece-x-antonyo-marest-present-a-collection-of-artistic-pieces-inspired-by-the-restaurant\/"},"author":{"name":"Laura P\u00e9rez","@id":"https:\/\/www.tapasmagazine.es\/#\/schema\/person\/eb46cbe76a9c8f062660eb609e3ecb4e"},"headline":"SALA DE DESPIECE x Antonyo Marest present a collection of artistic pieces inspired by the restaurant","datePublished":"2023-08-03T11:23:33+00:00","dateModified":"2023-08-03T11:27:46+00:00","mainEntityOfPage":{"@id":"https:\/\/www.tapasmagazine.es\/en\/sala-de-despiece-x-antonyo-marest-present-a-collection-of-artistic-pieces-inspired-by-the-restaurant\/"},"wordCount":338,"commentCount":0,"publisher":{"@id":"https:\/\/www.tapasmagazine.es\/#organization"},"image":{"@id":"https:\/\/www.tapasmagazine.es\/en\/sala-de-despiece-x-antonyo-marest-present-a-collection-of-artistic-pieces-inspired-by-the-restaurant\/#primaryimage"},"thumbnailUrl":"https:\/\/www.tapasmagazine.es\/wp-content\/uploads\/2023\/08\/sala-de-despiece-antonyo-marest-coleccion-1.jpg","keywords":["arte","gastronom\u00eda","SALA DE DESPIECE"],"articleSection":["Gastro","News","Sin categorizar"],"inLanguage":"en-US","potentialAction":[{"@type":"CommentAction","name":"Comment","target":["https:\/\/www.tapasmagazine.es\/en\/sala-de-despiece-x-antonyo-marest-present-a-collection-of-artistic-pieces-inspired-by-the-restaurant\/#respond"]}]},{"@type":"WebPage","@id":"https:\/\/www.tapasmagazine.es\/en\/sala-de-despiece-x-antonyo-marest-present-a-collection-of-artistic-pieces-inspired-by-the-restaurant\/","url":"https:\/\/www.tapasmagazine.es\/en\/sala-de-despiece-x-antonyo-marest-present-a-collection-of-artistic-pieces-inspired-by-the-restaurant\/","name":"SALA DE DESPIECE x Antonyo Marest present a collection of artistic pieces inspired by the restaurant - Tapas","isPartOf":{"@id":"https:\/\/www.tapasmagazine.es\/#website"},"primaryImageOfPage":{"@id":"https:\/\/www.tapasmagazine.es\/en\/sala-de-despiece-x-antonyo-marest-present-a-collection-of-artistic-pieces-inspired-by-the-restaurant\/#primaryimage"},"image":{"@id":"https:\/\/www.tapasmagazine.es\/en\/sala-de-despiece-x-antonyo-marest-present-a-collection-of-artistic-pieces-inspired-by-the-restaurant\/#primaryimage"},"thumbnailUrl":"https:\/\/www.tapasmagazine.es\/wp-content\/uploads\/2023\/08\/sala-de-despiece-antonyo-marest-coleccion-1.jpg","datePublished":"2023-08-03T11:23:33+00:00","dateModified":"2023-08-03T11:27:46+00:00","description":"Click here to read the Spanish version. SALA DE DESPIECE and Antonyo Marest now join forces to cook up a collection, piece by piece, of placemats,","breadcrumb":{"@id":"https:\/\/www.tapasmagazine.es\/en\/sala-de-despiece-x-antonyo-marest-present-a-collection-of-artistic-pieces-inspired-by-the-restaurant\/#breadcrumb"},"inLanguage":"en-US","potentialAction":[{"@type":"ReadAction","target":["https:\/\/www.tapasmagazine.es\/en\/sala-de-despiece-x-antonyo-marest-present-a-collection-of-artistic-pieces-inspired-by-the-restaurant\/"]}]},{"@type":"ImageObject","inLanguage":"en-US","@id":"https:\/\/www.tapasmagazine.es\/en\/sala-de-despiece-x-antonyo-marest-present-a-collection-of-artistic-pieces-inspired-by-the-restaurant\/#primaryimage","url":"https:\/\/www.tapasmagazine.es\/wp-content\/uploads\/2023\/08\/sala-de-despiece-antonyo-marest-coleccion-1.jpg","contentUrl":"https:\/\/www.tapasmagazine.es\/wp-content\/uploads\/2023\/08\/sala-de-despiece-antonyo-marest-coleccion-1.jpg","width":1200,"height":675},{"@type":"BreadcrumbList","@id":"https:\/\/www.tapasmagazine.es\/en\/sala-de-despiece-x-antonyo-marest-present-a-collection-of-artistic-pieces-inspired-by-the-restaurant\/#breadcrumb","itemListElement":[{"@type":"ListItem","position":1,"name":"Portada","item":"https:\/\/www.tapasmagazine.es\/"},{"@type":"ListItem","position":2,"name":"Sin categorizar","item":"https:\/\/www.tapasmagazine.es\/categorias\/sin-categorizar\/"},{"@type":"ListItem","position":3,"name":"SALA DE DESPIECE x Antonyo Marest present a collection of artistic pieces inspired by the restaurant"}]},{"@type":"WebSite","@id":"https:\/\/www.tapasmagazine.es\/#website","url":"https:\/\/www.tapasmagazine.es\/","name":"Tapas","description":"\u00d1am \u00d1am Lifestyle. La vida a bocados. Premio Nacional de Gastronom\u00eda 2016.","publisher":{"@id":"https:\/\/www.tapasmagazine.es\/#organization"},"potentialAction":[{"@type":"SearchAction","target":{"@type":"EntryPoint","urlTemplate":"https:\/\/www.tapasmagazine.es\/?s={search_term_string}"},"query-input":{"@type":"PropertyValueSpecification","valueRequired":true,"valueName":"search_term_string"}}],"inLanguage":"en-US"},{"@type":"Organization","@id":"https:\/\/www.tapasmagazine.es\/#organization","name":"Tapas Magazine","url":"https:\/\/www.tapasmagazine.es\/","logo":{"@type":"ImageObject","inLanguage":"en-US","@id":"https:\/\/www.tapasmagazine.es\/#\/schema\/logo\/image\/","url":"https:\/\/www.tapasmagazine.es\/wp-content\/uploads\/2018\/01\/logo.png","contentUrl":"https:\/\/www.tapasmagazine.es\/wp-content\/uploads\/2018\/01\/logo.png","width":180,"height":60,"caption":"Tapas Magazine"},"image":{"@id":"https:\/\/www.tapasmagazine.es\/#\/schema\/logo\/image\/"},"sameAs":["https:\/\/www.facebook.com\/tapasmagazine","https:\/\/x.com\/TapasMagazine","https:\/\/www.instagram.com\/tapasmagazine\/","https:\/\/www.linkedin.com\/company\/tapas-magazine","https:\/\/es.pinterest.com\/tapasmagazine\/","https:\/\/www.youtube.com\/channel\/UCEyxneAaACuR0lfDagrWjjg?sub_confirmation=1"]},{"@type":"Person","@id":"https:\/\/www.tapasmagazine.es\/#\/schema\/person\/eb46cbe76a9c8f062660eb609e3ecb4e","name":"Laura P\u00e9rez","url":"https:\/\/www.tapasmagazine.es\/en\/author\/laura-perez\/"}]}},"_links":{"self":[{"href":"https:\/\/www.tapasmagazine.es\/en\/wp-json\/wp\/v2\/posts\/201474","targetHints":{"allow":["GET"]}}],"collection":[{"href":"https:\/\/www.tapasmagazine.es\/en\/wp-json\/wp\/v2\/posts"}],"about":[{"href":"https:\/\/www.tapasmagazine.es\/en\/wp-json\/wp\/v2\/types\/post"}],"author":[{"embeddable":true,"href":"https:\/\/www.tapasmagazine.es\/en\/wp-json\/wp\/v2\/users\/285"}],"replies":[{"embeddable":true,"href":"https:\/\/www.tapasmagazine.es\/en\/wp-json\/wp\/v2\/comments?post=201474"}],"version-history":[{"count":4,"href":"https:\/\/www.tapasmagazine.es\/en\/wp-json\/wp\/v2\/posts\/201474\/revisions"}],"predecessor-version":[{"id":201479,"href":"https:\/\/www.tapasmagazine.es\/en\/wp-json\/wp\/v2\/posts\/201474\/revisions\/201479"}],"wp:featuredmedia":[{"embeddable":true,"href":"https:\/\/www.tapasmagazine.es\/en\/wp-json\/wp\/v2\/media\/201444"}],"wp:attachment":[{"href":"https:\/\/www.tapasmagazine.es\/en\/wp-json\/wp\/v2\/media?parent=201474"}],"wp:term":[{"taxonomy":"category","embeddable":true,"href":"https:\/\/www.tapasmagazine.es\/en\/wp-json\/wp\/v2\/categories?post=201474"},{"taxonomy":"post_tag","embeddable":true,"href":"https:\/\/www.tapasmagazine.es\/en\/wp-json\/wp\/v2\/tags?post=201474"}],"curies":[{"name":"wp","href":"https:\/\/api.w.org\/{rel}","templated":true}]}}