{"id":200976,"date":"2023-08-01T09:09:20","date_gmt":"2023-08-01T07:09:20","guid":{"rendered":"https:\/\/www.tapasmagazine.es\/la-maldicion-de-los-chefs-de-la-casa-blanca\/"},"modified":"2023-08-01T09:17:44","modified_gmt":"2023-08-01T07:17:44","slug":"the-curse-of-the-white-house-chefs","status":"publish","type":"post","link":"https:\/\/www.tapasmagazine.es\/en\/the-curse-of-the-white-house-chefs\/","title":{"rendered":"The Curse of the White House chefs"},"content":{"rendered":"\n<p><strong>Click <a href=\"https:\/\/www.tapasmagazine.es\/la-maldicion-de-los-chefs-de-la-casa-blanca\/\" target=\"_blank\" rel=\"noreferrer noopener\">here<\/a> to read the Spanish version.<\/strong><\/p>\n\n\n\n<p>Like a true crime story, the tragic death of the Obamas&#8217; personal chef, <strong>Tafari Campbell<\/strong>, is now rekindling a flame that never seemed to be extinguished: that of the enigmatic death of chef Walter Scheib in 2015.<\/p>\n\n\n\n<p>The suspended theories between these two events with the White House as a backdrop, are connected through certain parallels that could end up being deciphered now by the authorities, the media or the internet, or fall into the virtual abyss.<\/p>\n\n\n\n<figure class=\"wp-block-image size-large is-resized\"><a href=\"https:\/\/www.tapasmagazine.es\/wp-content\/uploads\/2023\/07\/maldicion-chefs-casa-blanca-3.jpg\"><img decoding=\"async\" src=\"https:\/\/www.tapasmagazine.es\/wp-content\/uploads\/2023\/07\/maldicion-chefs-casa-blanca-3-1024x751.jpg\" alt=\"\" class=\"wp-image-200934\" width=\"958\" height=\"703\" srcset=\"https:\/\/www.tapasmagazine.es\/wp-content\/uploads\/2023\/07\/maldicion-chefs-casa-blanca-3-1024x751.jpg 1024w, https:\/\/www.tapasmagazine.es\/wp-content\/uploads\/2023\/07\/maldicion-chefs-casa-blanca-3-300x220.jpg 300w, https:\/\/www.tapasmagazine.es\/wp-content\/uploads\/2023\/07\/maldicion-chefs-casa-blanca-3-768x563.jpg 768w, https:\/\/www.tapasmagazine.es\/wp-content\/uploads\/2023\/07\/maldicion-chefs-casa-blanca-3-1536x1126.jpg 1536w, https:\/\/www.tapasmagazine.es\/wp-content\/uploads\/2023\/07\/maldicion-chefs-casa-blanca-3-2048x1502.jpg 2048w, https:\/\/www.tapasmagazine.es\/wp-content\/uploads\/2023\/07\/maldicion-chefs-casa-blanca-3-1000x733.jpg 1000w, https:\/\/www.tapasmagazine.es\/wp-content\/uploads\/2023\/07\/maldicion-chefs-casa-blanca-3-400x293.jpg 400w\" sizes=\"(max-width: 958px) 100vw, 958px\" \/><\/a><\/figure>\n\n\n\n<h2 class=\"wp-block-heading\">TAFARI CAMPBELL<\/h2>\n\n\n\n<p>The <strong>45-year-old former White House chef<\/strong>, who continued after the presidential term at the Obamas&#8217; side as a personal chef, disappeared Sunday night, July 23, near his residence on Martha&#8217;s Vineyard, an exclusive enclave off the coast of Massachusetts, while paddleboarding.&nbsp;<\/p>\n\n\n\n<p>Tafari Campbell&#8217;s body was found by a surfer on Monday in Edgartown Great Pond, about 100 feet from shore at a depth of eight feet. Currently, the Massachusetts State Police Department is still investigating the death, but they claim it was just an &#8216;unfortunate accident&#8217; and nothing more. However, netizens have since unearthed evidence that disproves this narrative, including evidence that Tafari could not have drowned, as he was an experienced swimmer.<\/p>\n\n\n\n<p>This strange event has given rise to a series of similes and speculative theories about his enigmatic death, resurrecting the past to bring to the surface the case of chef Walter Scheib, who also drowned in New Mexico. At the time, he was the head chef -hired by First Lady Hillary Clinton- who served both the Clintons and Bush.<\/p>\n\n\n\n<h2 class=\"wp-block-heading\">WALTER SCHEIB<\/h2>\n\n\n\n<p><strong>Walter Scheib<\/strong> worked at the White House for 11 years, from 1994 to 2005, during which he reinterpreted its cuisine through his contemporary vision of American gastronomy based on seasonal ingredients.<\/p>\n\n\n\n<p>The executive chef remained with the Clinton family at the White House until 2000, when President George Bush&#8217;s administration entered. At that time, <strong>Bush<\/strong>&#8216;s culinary tastes changed from those of his predecessors, generating controversy and leading to his dismissal, both by himself and by First Lady Laura Bush and her daughters.<\/p>\n\n\n<div class=\"wp-block-image\">\n<figure class=\"aligncenter size-large is-resized\"><a href=\"https:\/\/www.tapasmagazine.es\/wp-content\/uploads\/2023\/07\/maldicion-chefs-casa-blanca-2.webp\"><img decoding=\"async\" src=\"https:\/\/www.tapasmagazine.es\/wp-content\/uploads\/2023\/07\/maldicion-chefs-casa-blanca-2-1024x576.webp\" alt=\"\" class=\"wp-image-200931\" width=\"980\" height=\"551\" srcset=\"https:\/\/www.tapasmagazine.es\/wp-content\/uploads\/2023\/07\/maldicion-chefs-casa-blanca-2-1024x576.webp 1024w, https:\/\/www.tapasmagazine.es\/wp-content\/uploads\/2023\/07\/maldicion-chefs-casa-blanca-2-300x169.webp 300w, https:\/\/www.tapasmagazine.es\/wp-content\/uploads\/2023\/07\/maldicion-chefs-casa-blanca-2-768x432.webp 768w, https:\/\/www.tapasmagazine.es\/wp-content\/uploads\/2023\/07\/maldicion-chefs-casa-blanca-2-1536x864.webp 1536w, https:\/\/www.tapasmagazine.es\/wp-content\/uploads\/2023\/07\/maldicion-chefs-casa-blanca-2-1200x675.webp 1200w, https:\/\/www.tapasmagazine.es\/wp-content\/uploads\/2023\/07\/maldicion-chefs-casa-blanca-2-1000x563.webp 1000w, https:\/\/www.tapasmagazine.es\/wp-content\/uploads\/2023\/07\/maldicion-chefs-casa-blanca-2-400x225.webp 400w, https:\/\/www.tapasmagazine.es\/wp-content\/uploads\/2023\/07\/maldicion-chefs-casa-blanca-2.webp 1900w\" sizes=\"(max-width: 980px) 100vw, 980px\" \/><\/a><\/figure>\n<\/div>\n\n\n<p>Scheib was found dead that same year while hiking in New Mexico (USA). After several days of searching, state police found Scheib&#8217;s body in the Taos area, near where his vehicle had previously been located.<\/p>\n\n\n\n<p>According to the authorities, he was found submerged in an icy mountain river, making it difficult to define his date of death. However, they ruled out finding signs of violence on his body, so so far it is thought that it was an accident while hiking. A misunderstood death that has unleashed an infinity of questions, enigmas and conspiracies that try to solve it.<\/p>\n","protected":false},"excerpt":{"rendered":"<p>Click here to read the Spanish version. Like a true crime story, the tragic death of the Obamas&#8217; personal chef, Tafari Campbell, is now rekindling a flame that never seemed to be extinguished: that of the enigmatic death of chef Walter Scheib in 2015. The suspended theories between these two events with the White House [&hellip;]<\/p>\n","protected":false},"author":285,"featured_media":200930,"comment_status":"open","ping_status":"closed","sticky":false,"template":"single-feature.php","format":"standard","meta":{"_acf_changed":false,"footnotes":""},"categories":[15802,1],"tags":[18164,16152],"class_list":["post-200976","post","type-post","status-publish","format-standard","has-post-thumbnail","hentry","category-news","category-sin-categorizar","tag-casa-blanca-en","tag-chefs-en","cat-15802-id","cat-1-id"],"acf":[],"yoast_head":"<!-- This site is optimized with the Yoast SEO plugin v27.4 - https:\/\/yoast.com\/product\/yoast-seo-wordpress\/ -->\n<title>The Curse of the White House chefs - Tapas<\/title>\n<meta name=\"description\" content=\"Click here to read the Spanish version. Like a true crime story, the tragic death of the Obamas&#039; personal chef, Tafari Campbell, is now rekindling a flame\" \/>\n<meta name=\"robots\" content=\"index, follow, max-snippet:-1, max-image-preview:large, max-video-preview:-1\" \/>\n<link rel=\"canonical\" href=\"https:\/\/www.tapasmagazine.es\/en\/the-curse-of-the-white-house-chefs\/\" \/>\n<meta property=\"og:locale\" content=\"en_US\" \/>\n<meta property=\"og:type\" content=\"article\" \/>\n<meta property=\"og:title\" content=\"The Curse of the White House chefs - Tapas\" \/>\n<meta property=\"og:description\" content=\"Click here to read the Spanish version. Like a true crime story, the tragic death of the Obamas&#039; personal chef, Tafari Campbell, is now rekindling a flame\" \/>\n<meta property=\"og:url\" content=\"https:\/\/www.tapasmagazine.es\/en\/the-curse-of-the-white-house-chefs\/\" \/>\n<meta property=\"og:site_name\" content=\"Tapas\" \/>\n<meta property=\"article:publisher\" content=\"https:\/\/www.facebook.com\/tapasmagazine\" \/>\n<meta property=\"article:published_time\" content=\"2023-08-01T07:09:20+00:00\" \/>\n<meta property=\"article:modified_time\" content=\"2023-08-01T07:17:44+00:00\" \/>\n<meta property=\"og:image\" content=\"https:\/\/www.tapasmagazine.es\/wp-content\/uploads\/2023\/07\/maldicion-chefs-casa-blanca-1.jpg\" \/>\n\t<meta property=\"og:image:width\" content=\"1200\" \/>\n\t<meta property=\"og:image:height\" content=\"675\" \/>\n\t<meta property=\"og:image:type\" content=\"image\/jpeg\" \/>\n<meta name=\"author\" content=\"Laura P\u00e9rez\" \/>\n<meta name=\"twitter:card\" content=\"summary_large_image\" \/>\n<meta name=\"twitter:creator\" content=\"@TapasMagazine\" \/>\n<meta name=\"twitter:site\" content=\"@TapasMagazine\" \/>\n<meta name=\"twitter:label1\" content=\"Written by\" \/>\n\t<meta name=\"twitter:data1\" content=\"Laura P\u00e9rez\" \/>\n\t<meta name=\"twitter:label2\" content=\"Est. reading time\" \/>\n\t<meta name=\"twitter:data2\" content=\"3 minutes\" \/>\n<script type=\"application\/ld+json\" class=\"yoast-schema-graph\">{\"@context\":\"https:\\\/\\\/schema.org\",\"@graph\":[{\"@type\":\"Article\",\"@id\":\"https:\\\/\\\/www.tapasmagazine.es\\\/en\\\/the-curse-of-the-white-house-chefs\\\/#article\",\"isPartOf\":{\"@id\":\"https:\\\/\\\/www.tapasmagazine.es\\\/en\\\/the-curse-of-the-white-house-chefs\\\/\"},\"author\":{\"name\":\"Laura P\u00e9rez\",\"@id\":\"https:\\\/\\\/www.tapasmagazine.es\\\/#\\\/schema\\\/person\\\/eb46cbe76a9c8f062660eb609e3ecb4e\"},\"headline\":\"The Curse of the White House chefs\",\"datePublished\":\"2023-08-01T07:09:20+00:00\",\"dateModified\":\"2023-08-01T07:17:44+00:00\",\"mainEntityOfPage\":{\"@id\":\"https:\\\/\\\/www.tapasmagazine.es\\\/en\\\/the-curse-of-the-white-house-chefs\\\/\"},\"wordCount\":447,\"commentCount\":0,\"publisher\":{\"@id\":\"https:\\\/\\\/www.tapasmagazine.es\\\/#organization\"},\"image\":{\"@id\":\"https:\\\/\\\/www.tapasmagazine.es\\\/en\\\/the-curse-of-the-white-house-chefs\\\/#primaryimage\"},\"thumbnailUrl\":\"https:\\\/\\\/www.tapasmagazine.es\\\/wp-content\\\/uploads\\\/2023\\\/07\\\/maldicion-chefs-casa-blanca-1.jpg\",\"keywords\":[\"Casa Blanca\",\"Chefs\"],\"articleSection\":[\"News\",\"Sin categorizar\"],\"inLanguage\":\"en-US\",\"potentialAction\":[{\"@type\":\"CommentAction\",\"name\":\"Comment\",\"target\":[\"https:\\\/\\\/www.tapasmagazine.es\\\/en\\\/the-curse-of-the-white-house-chefs\\\/#respond\"]}]},{\"@type\":\"WebPage\",\"@id\":\"https:\\\/\\\/www.tapasmagazine.es\\\/en\\\/the-curse-of-the-white-house-chefs\\\/\",\"url\":\"https:\\\/\\\/www.tapasmagazine.es\\\/en\\\/the-curse-of-the-white-house-chefs\\\/\",\"name\":\"The Curse of the White House chefs - Tapas\",\"isPartOf\":{\"@id\":\"https:\\\/\\\/www.tapasmagazine.es\\\/#website\"},\"primaryImageOfPage\":{\"@id\":\"https:\\\/\\\/www.tapasmagazine.es\\\/en\\\/the-curse-of-the-white-house-chefs\\\/#primaryimage\"},\"image\":{\"@id\":\"https:\\\/\\\/www.tapasmagazine.es\\\/en\\\/the-curse-of-the-white-house-chefs\\\/#primaryimage\"},\"thumbnailUrl\":\"https:\\\/\\\/www.tapasmagazine.es\\\/wp-content\\\/uploads\\\/2023\\\/07\\\/maldicion-chefs-casa-blanca-1.jpg\",\"datePublished\":\"2023-08-01T07:09:20+00:00\",\"dateModified\":\"2023-08-01T07:17:44+00:00\",\"description\":\"Click here to read the Spanish version. Like a true crime story, the tragic death of the Obamas' personal chef, Tafari Campbell, is now rekindling a flame\",\"breadcrumb\":{\"@id\":\"https:\\\/\\\/www.tapasmagazine.es\\\/en\\\/the-curse-of-the-white-house-chefs\\\/#breadcrumb\"},\"inLanguage\":\"en-US\",\"potentialAction\":[{\"@type\":\"ReadAction\",\"target\":[\"https:\\\/\\\/www.tapasmagazine.es\\\/en\\\/the-curse-of-the-white-house-chefs\\\/\"]}]},{\"@type\":\"ImageObject\",\"inLanguage\":\"en-US\",\"@id\":\"https:\\\/\\\/www.tapasmagazine.es\\\/en\\\/the-curse-of-the-white-house-chefs\\\/#primaryimage\",\"url\":\"https:\\\/\\\/www.tapasmagazine.es\\\/wp-content\\\/uploads\\\/2023\\\/07\\\/maldicion-chefs-casa-blanca-1.jpg\",\"contentUrl\":\"https:\\\/\\\/www.tapasmagazine.es\\\/wp-content\\\/uploads\\\/2023\\\/07\\\/maldicion-chefs-casa-blanca-1.jpg\",\"width\":1200,\"height\":675},{\"@type\":\"BreadcrumbList\",\"@id\":\"https:\\\/\\\/www.tapasmagazine.es\\\/en\\\/the-curse-of-the-white-house-chefs\\\/#breadcrumb\",\"itemListElement\":[{\"@type\":\"ListItem\",\"position\":1,\"name\":\"Portada\",\"item\":\"https:\\\/\\\/www.tapasmagazine.es\\\/\"},{\"@type\":\"ListItem\",\"position\":2,\"name\":\"Sin categorizar\",\"item\":\"https:\\\/\\\/www.tapasmagazine.es\\\/categorias\\\/sin-categorizar\\\/\"},{\"@type\":\"ListItem\",\"position\":3,\"name\":\"The Curse of the White House chefs\"}]},{\"@type\":\"WebSite\",\"@id\":\"https:\\\/\\\/www.tapasmagazine.es\\\/#website\",\"url\":\"https:\\\/\\\/www.tapasmagazine.es\\\/\",\"name\":\"Tapas\",\"description\":\"\u00d1am \u00d1am Lifestyle. La vida a bocados. Premio Nacional de Gastronom\u00eda 2016.\",\"publisher\":{\"@id\":\"https:\\\/\\\/www.tapasmagazine.es\\\/#organization\"},\"potentialAction\":[{\"@type\":\"SearchAction\",\"target\":{\"@type\":\"EntryPoint\",\"urlTemplate\":\"https:\\\/\\\/www.tapasmagazine.es\\\/?s={search_term_string}\"},\"query-input\":{\"@type\":\"PropertyValueSpecification\",\"valueRequired\":true,\"valueName\":\"search_term_string\"}}],\"inLanguage\":\"en-US\"},{\"@type\":\"Organization\",\"@id\":\"https:\\\/\\\/www.tapasmagazine.es\\\/#organization\",\"name\":\"Tapas Magazine\",\"url\":\"https:\\\/\\\/www.tapasmagazine.es\\\/\",\"logo\":{\"@type\":\"ImageObject\",\"inLanguage\":\"en-US\",\"@id\":\"https:\\\/\\\/www.tapasmagazine.es\\\/#\\\/schema\\\/logo\\\/image\\\/\",\"url\":\"https:\\\/\\\/www.tapasmagazine.es\\\/wp-content\\\/uploads\\\/2018\\\/01\\\/logo.png\",\"contentUrl\":\"https:\\\/\\\/www.tapasmagazine.es\\\/wp-content\\\/uploads\\\/2018\\\/01\\\/logo.png\",\"width\":180,\"height\":60,\"caption\":\"Tapas Magazine\"},\"image\":{\"@id\":\"https:\\\/\\\/www.tapasmagazine.es\\\/#\\\/schema\\\/logo\\\/image\\\/\"},\"sameAs\":[\"https:\\\/\\\/www.facebook.com\\\/tapasmagazine\",\"https:\\\/\\\/x.com\\\/TapasMagazine\",\"https:\\\/\\\/www.instagram.com\\\/tapasmagazine\\\/\",\"https:\\\/\\\/www.linkedin.com\\\/company\\\/tapas-magazine\",\"https:\\\/\\\/es.pinterest.com\\\/tapasmagazine\\\/\",\"https:\\\/\\\/www.youtube.com\\\/channel\\\/UCEyxneAaACuR0lfDagrWjjg?sub_confirmation=1\"]},{\"@type\":\"Person\",\"@id\":\"https:\\\/\\\/www.tapasmagazine.es\\\/#\\\/schema\\\/person\\\/eb46cbe76a9c8f062660eb609e3ecb4e\",\"name\":\"Laura P\u00e9rez\",\"url\":\"https:\\\/\\\/www.tapasmagazine.es\\\/en\\\/author\\\/laura-perez\\\/\"}]}<\/script>\n<!-- \/ Yoast SEO plugin. -->","yoast_head_json":{"title":"The Curse of the White House chefs - Tapas","description":"Click here to read the Spanish version. Like a true crime story, the tragic death of the Obamas' personal chef, Tafari Campbell, is now rekindling a flame","robots":{"index":"index","follow":"follow","max-snippet":"max-snippet:-1","max-image-preview":"max-image-preview:large","max-video-preview":"max-video-preview:-1"},"canonical":"https:\/\/www.tapasmagazine.es\/en\/the-curse-of-the-white-house-chefs\/","og_locale":"en_US","og_type":"article","og_title":"The Curse of the White House chefs - Tapas","og_description":"Click here to read the Spanish version. Like a true crime story, the tragic death of the Obamas' personal chef, Tafari Campbell, is now rekindling a flame","og_url":"https:\/\/www.tapasmagazine.es\/en\/the-curse-of-the-white-house-chefs\/","og_site_name":"Tapas","article_publisher":"https:\/\/www.facebook.com\/tapasmagazine","article_published_time":"2023-08-01T07:09:20+00:00","article_modified_time":"2023-08-01T07:17:44+00:00","og_image":[{"width":1200,"height":675,"url":"https:\/\/www.tapasmagazine.es\/wp-content\/uploads\/2023\/07\/maldicion-chefs-casa-blanca-1.jpg","type":"image\/jpeg"}],"author":"Laura P\u00e9rez","twitter_card":"summary_large_image","twitter_creator":"@TapasMagazine","twitter_site":"@TapasMagazine","twitter_misc":{"Written by":"Laura P\u00e9rez","Est. reading time":"3 minutes"},"schema":{"@context":"https:\/\/schema.org","@graph":[{"@type":"Article","@id":"https:\/\/www.tapasmagazine.es\/en\/the-curse-of-the-white-house-chefs\/#article","isPartOf":{"@id":"https:\/\/www.tapasmagazine.es\/en\/the-curse-of-the-white-house-chefs\/"},"author":{"name":"Laura P\u00e9rez","@id":"https:\/\/www.tapasmagazine.es\/#\/schema\/person\/eb46cbe76a9c8f062660eb609e3ecb4e"},"headline":"The Curse of the White House chefs","datePublished":"2023-08-01T07:09:20+00:00","dateModified":"2023-08-01T07:17:44+00:00","mainEntityOfPage":{"@id":"https:\/\/www.tapasmagazine.es\/en\/the-curse-of-the-white-house-chefs\/"},"wordCount":447,"commentCount":0,"publisher":{"@id":"https:\/\/www.tapasmagazine.es\/#organization"},"image":{"@id":"https:\/\/www.tapasmagazine.es\/en\/the-curse-of-the-white-house-chefs\/#primaryimage"},"thumbnailUrl":"https:\/\/www.tapasmagazine.es\/wp-content\/uploads\/2023\/07\/maldicion-chefs-casa-blanca-1.jpg","keywords":["Casa Blanca","Chefs"],"articleSection":["News","Sin categorizar"],"inLanguage":"en-US","potentialAction":[{"@type":"CommentAction","name":"Comment","target":["https:\/\/www.tapasmagazine.es\/en\/the-curse-of-the-white-house-chefs\/#respond"]}]},{"@type":"WebPage","@id":"https:\/\/www.tapasmagazine.es\/en\/the-curse-of-the-white-house-chefs\/","url":"https:\/\/www.tapasmagazine.es\/en\/the-curse-of-the-white-house-chefs\/","name":"The Curse of the White House chefs - Tapas","isPartOf":{"@id":"https:\/\/www.tapasmagazine.es\/#website"},"primaryImageOfPage":{"@id":"https:\/\/www.tapasmagazine.es\/en\/the-curse-of-the-white-house-chefs\/#primaryimage"},"image":{"@id":"https:\/\/www.tapasmagazine.es\/en\/the-curse-of-the-white-house-chefs\/#primaryimage"},"thumbnailUrl":"https:\/\/www.tapasmagazine.es\/wp-content\/uploads\/2023\/07\/maldicion-chefs-casa-blanca-1.jpg","datePublished":"2023-08-01T07:09:20+00:00","dateModified":"2023-08-01T07:17:44+00:00","description":"Click here to read the Spanish version. Like a true crime story, the tragic death of the Obamas' personal chef, Tafari Campbell, is now rekindling a flame","breadcrumb":{"@id":"https:\/\/www.tapasmagazine.es\/en\/the-curse-of-the-white-house-chefs\/#breadcrumb"},"inLanguage":"en-US","potentialAction":[{"@type":"ReadAction","target":["https:\/\/www.tapasmagazine.es\/en\/the-curse-of-the-white-house-chefs\/"]}]},{"@type":"ImageObject","inLanguage":"en-US","@id":"https:\/\/www.tapasmagazine.es\/en\/the-curse-of-the-white-house-chefs\/#primaryimage","url":"https:\/\/www.tapasmagazine.es\/wp-content\/uploads\/2023\/07\/maldicion-chefs-casa-blanca-1.jpg","contentUrl":"https:\/\/www.tapasmagazine.es\/wp-content\/uploads\/2023\/07\/maldicion-chefs-casa-blanca-1.jpg","width":1200,"height":675},{"@type":"BreadcrumbList","@id":"https:\/\/www.tapasmagazine.es\/en\/the-curse-of-the-white-house-chefs\/#breadcrumb","itemListElement":[{"@type":"ListItem","position":1,"name":"Portada","item":"https:\/\/www.tapasmagazine.es\/"},{"@type":"ListItem","position":2,"name":"Sin categorizar","item":"https:\/\/www.tapasmagazine.es\/categorias\/sin-categorizar\/"},{"@type":"ListItem","position":3,"name":"The Curse of the White House chefs"}]},{"@type":"WebSite","@id":"https:\/\/www.tapasmagazine.es\/#website","url":"https:\/\/www.tapasmagazine.es\/","name":"Tapas","description":"\u00d1am \u00d1am Lifestyle. La vida a bocados. Premio Nacional de Gastronom\u00eda 2016.","publisher":{"@id":"https:\/\/www.tapasmagazine.es\/#organization"},"potentialAction":[{"@type":"SearchAction","target":{"@type":"EntryPoint","urlTemplate":"https:\/\/www.tapasmagazine.es\/?s={search_term_string}"},"query-input":{"@type":"PropertyValueSpecification","valueRequired":true,"valueName":"search_term_string"}}],"inLanguage":"en-US"},{"@type":"Organization","@id":"https:\/\/www.tapasmagazine.es\/#organization","name":"Tapas Magazine","url":"https:\/\/www.tapasmagazine.es\/","logo":{"@type":"ImageObject","inLanguage":"en-US","@id":"https:\/\/www.tapasmagazine.es\/#\/schema\/logo\/image\/","url":"https:\/\/www.tapasmagazine.es\/wp-content\/uploads\/2018\/01\/logo.png","contentUrl":"https:\/\/www.tapasmagazine.es\/wp-content\/uploads\/2018\/01\/logo.png","width":180,"height":60,"caption":"Tapas Magazine"},"image":{"@id":"https:\/\/www.tapasmagazine.es\/#\/schema\/logo\/image\/"},"sameAs":["https:\/\/www.facebook.com\/tapasmagazine","https:\/\/x.com\/TapasMagazine","https:\/\/www.instagram.com\/tapasmagazine\/","https:\/\/www.linkedin.com\/company\/tapas-magazine","https:\/\/es.pinterest.com\/tapasmagazine\/","https:\/\/www.youtube.com\/channel\/UCEyxneAaACuR0lfDagrWjjg?sub_confirmation=1"]},{"@type":"Person","@id":"https:\/\/www.tapasmagazine.es\/#\/schema\/person\/eb46cbe76a9c8f062660eb609e3ecb4e","name":"Laura P\u00e9rez","url":"https:\/\/www.tapasmagazine.es\/en\/author\/laura-perez\/"}]}},"_links":{"self":[{"href":"https:\/\/www.tapasmagazine.es\/en\/wp-json\/wp\/v2\/posts\/200976","targetHints":{"allow":["GET"]}}],"collection":[{"href":"https:\/\/www.tapasmagazine.es\/en\/wp-json\/wp\/v2\/posts"}],"about":[{"href":"https:\/\/www.tapasmagazine.es\/en\/wp-json\/wp\/v2\/types\/post"}],"author":[{"embeddable":true,"href":"https:\/\/www.tapasmagazine.es\/en\/wp-json\/wp\/v2\/users\/285"}],"replies":[{"embeddable":true,"href":"https:\/\/www.tapasmagazine.es\/en\/wp-json\/wp\/v2\/comments?post=200976"}],"version-history":[{"count":4,"href":"https:\/\/www.tapasmagazine.es\/en\/wp-json\/wp\/v2\/posts\/200976\/revisions"}],"predecessor-version":[{"id":200985,"href":"https:\/\/www.tapasmagazine.es\/en\/wp-json\/wp\/v2\/posts\/200976\/revisions\/200985"}],"wp:featuredmedia":[{"embeddable":true,"href":"https:\/\/www.tapasmagazine.es\/en\/wp-json\/wp\/v2\/media\/200930"}],"wp:attachment":[{"href":"https:\/\/www.tapasmagazine.es\/en\/wp-json\/wp\/v2\/media?parent=200976"}],"wp:term":[{"taxonomy":"category","embeddable":true,"href":"https:\/\/www.tapasmagazine.es\/en\/wp-json\/wp\/v2\/categories?post=200976"},{"taxonomy":"post_tag","embeddable":true,"href":"https:\/\/www.tapasmagazine.es\/en\/wp-json\/wp\/v2\/tags?post=200976"}],"curies":[{"name":"wp","href":"https:\/\/api.w.org\/{rel}","templated":true}]}}