{"id":199937,"date":"2023-07-24T10:00:03","date_gmt":"2023-07-24T08:00:03","guid":{"rendered":"https:\/\/www.tapasmagazine.es\/?p=199937"},"modified":"2023-07-24T10:07:15","modified_gmt":"2023-07-24T08:07:15","slug":"this-is-the-worst-paella-in-history-according-to-jose-andres","status":"publish","type":"post","link":"https:\/\/www.tapasmagazine.es\/en\/this-is-the-worst-paella-in-history-according-to-jose-andres\/","title":{"rendered":"This is the &#8220;worst paella in history&#8221;, according to Jos\u00e9 Andr\u00e9s"},"content":{"rendered":"\n<p><strong>Click <a href=\"https:\/\/www.tapasmagazine.es\/esta-es-la-peor-paella-de-la-historia-segun-jose-andres\/\" target=\"_blank\" rel=\"noreferrer noopener\">here<\/a> to read the Spanish version.<\/strong><br>Jos\u00e9 Andr\u00e9s is a standard bearer of Spanish gastronomy and whenever he can he praises and promotes the culinary tradition of our country. A clear example is the Valencian paella, which in recent months has emphasized several times the ingredients that an authentic Valencian paella should have. Therefore, it is not surprising that he has taken his hands to his head when he discovered a &#8220;paella&#8221; cooked by an English chef in a television program recorded in London. The <a href=\"https:\/\/www.instagram.com\/chefjoseandres\/\" target=\"_blank\" rel=\"noreferrer noopener\">Asturian chef<\/a> has even said that &#8220;it is probably the worst paella in the history of mankind&#8221;. Jos\u00e9 Andr\u00e9s has also sent a message to the people of England advising them that if they visit Spain and see a dish like this, which they call &#8220;paella&#8221;, do not order it. But, what ingredients are in this culinary disaster?<\/p>\n\n\n\n<p>First of all, the paella itself is a set of apparently Valencian gastronomic proposals. On the one hand, we find something that the program labels as black rice paella with baby squid. Also a paella of chicken, chorizo and smoked bell pepper. And finally, on the same plate, there is room for a seafood paella. The judges who are going to taste this preparation seem to be delighted with the recipe, judging by phrases like &#8220;So many colors! It&#8217;s hearty and elegant. Just what we asked for&#8221;.<\/p>\n\n\n\n<p>Below, you can see what this &#8220;paella&#8221; consisted of. Do you also think it is the worst paella in history, as Jos\u00e9 Andr\u00e9s describes it? Would you try it?<\/p>\n\n\n\n<figure class=\"wp-block-embed is-type-rich is-provider-twitter wp-block-embed-twitter\"><div class=\"wp-block-embed__wrapper\">\n<blockquote class=\"twitter-tweet\" data-width=\"550\" data-dnt=\"true\"><p lang=\"en\" dir=\"ltr\">People of England. When you visit Spain don\u2019t look for disasters like that \u201cPaella\u201d\u2026..if it looks like that\u2026..don\u2019t order it\u2026..Probably the worst Paella in the history of mankind\u2026\ud83d\ude02\ud83d\ude02\ud83d\ude02\ud83d\ude0e\ud83d\ude07<a href=\"https:\/\/twitter.com\/wikipaella?ref_src=twsrc%5Etfw\">@wikipaella<\/a> <a href=\"https:\/\/t.co\/jtoMEOZGRQ\">https:\/\/t.co\/jtoMEOZGRQ<\/a><\/p>&mdash; Chef Jos\u00e9 Andr\u00e9s \ud83d\udd4a\ufe0f\ud83e\udd58\ud83c\udf73 (@chefjoseandres) <a href=\"https:\/\/twitter.com\/chefjoseandres\/status\/1682281838230814720?ref_src=twsrc%5Etfw\">July 21, 2023<\/a><\/blockquote><script async src=\"https:\/\/platform.twitter.com\/widgets.js\" charset=\"utf-8\"><\/script>\n<\/div><\/figure>\n","protected":false},"excerpt":{"rendered":"<p>Click here to read the Spanish version.Jos\u00e9 Andr\u00e9s is a standard bearer of Spanish gastronomy and whenever he can he praises and promotes the culinary tradition of our country. A clear example is the Valencian paella, which in recent months has emphasized several times the ingredients that an authentic Valencian paella should have. Therefore, it [&hellip;]<\/p>\n","protected":false},"author":249,"featured_media":199935,"comment_status":"open","ping_status":"closed","sticky":false,"template":"single-feature.php","format":"standard","meta":{"_acf_changed":false,"footnotes":""},"categories":[15848,15807,15851],"tags":[16270,15915,15916,15917],"class_list":["post-199937","post","type-post","status-publish","format-standard","has-post-thumbnail","hentry","category-chefs-en","category-gastro-en","category-nombres-propios-en","tag-chef-jose-andres-en","tag-jose-andres-en","tag-paella-en","tag-paella-valenciana-en","cat-15848-id","cat-15807-id","cat-15851-id"],"acf":[],"yoast_head":"<!-- This site is optimized with the Yoast SEO plugin v27.4 - https:\/\/yoast.com\/product\/yoast-seo-wordpress\/ -->\n<title>This is the &quot;worst paella in history&quot;, according to Jos\u00e9 Andr\u00e9s<\/title>\n<meta name=\"description\" content=\"Jos\u00e9 Andr\u00e9s, defender of traditional Valencian paella, has described this London creation as the worst paella in history.\" \/>\n<meta name=\"robots\" content=\"index, follow, max-snippet:-1, max-image-preview:large, max-video-preview:-1\" \/>\n<link rel=\"canonical\" href=\"https:\/\/www.tapasmagazine.es\/en\/this-is-the-worst-paella-in-history-according-to-jose-andres\/\" \/>\n<meta property=\"og:locale\" content=\"en_US\" \/>\n<meta property=\"og:type\" content=\"article\" \/>\n<meta property=\"og:title\" content=\"This is the &quot;worst paella in history&quot;, according to Jos\u00e9 Andr\u00e9s\" \/>\n<meta property=\"og:description\" content=\"Jos\u00e9 Andr\u00e9s, defender of traditional Valencian paella, has described this London creation as the worst paella in history.\" \/>\n<meta property=\"og:url\" content=\"https:\/\/www.tapasmagazine.es\/en\/this-is-the-worst-paella-in-history-according-to-jose-andres\/\" \/>\n<meta property=\"og:site_name\" content=\"Tapas\" \/>\n<meta property=\"article:publisher\" content=\"https:\/\/www.facebook.com\/tapasmagazine\" \/>\n<meta property=\"article:published_time\" content=\"2023-07-24T08:00:03+00:00\" \/>\n<meta property=\"article:modified_time\" content=\"2023-07-24T08:07:15+00:00\" \/>\n<meta property=\"og:image\" content=\"https:\/\/www.tapasmagazine.es\/wp-content\/uploads\/2023\/07\/paella-jose-andres.jpg\" \/>\n\t<meta property=\"og:image:width\" content=\"1200\" \/>\n\t<meta property=\"og:image:height\" content=\"675\" \/>\n\t<meta property=\"og:image:type\" content=\"image\/jpeg\" \/>\n<meta name=\"author\" content=\"TAPAS\" \/>\n<meta name=\"twitter:card\" content=\"summary_large_image\" \/>\n<meta name=\"twitter:creator\" content=\"@TapasMagazine\" \/>\n<meta name=\"twitter:site\" content=\"@TapasMagazine\" \/>\n<meta name=\"twitter:label1\" content=\"Written by\" \/>\n\t<meta name=\"twitter:data1\" content=\"TAPAS\" \/>\n\t<meta name=\"twitter:label2\" content=\"Est. reading time\" \/>\n\t<meta name=\"twitter:data2\" content=\"2 minutes\" \/>\n<script type=\"application\/ld+json\" class=\"yoast-schema-graph\">{\"@context\":\"https:\\\/\\\/schema.org\",\"@graph\":[{\"@type\":\"Article\",\"@id\":\"https:\\\/\\\/www.tapasmagazine.es\\\/en\\\/this-is-the-worst-paella-in-history-according-to-jose-andres\\\/#article\",\"isPartOf\":{\"@id\":\"https:\\\/\\\/www.tapasmagazine.es\\\/en\\\/this-is-the-worst-paella-in-history-according-to-jose-andres\\\/\"},\"author\":{\"name\":\"TAPAS\",\"@id\":\"https:\\\/\\\/www.tapasmagazine.es\\\/#\\\/schema\\\/person\\\/906ea2ea4697837608d99f4cc085cea3\"},\"headline\":\"This is the &#8220;worst paella in history&#8221;, according to Jos\u00e9 Andr\u00e9s\",\"datePublished\":\"2023-07-24T08:00:03+00:00\",\"dateModified\":\"2023-07-24T08:07:15+00:00\",\"mainEntityOfPage\":{\"@id\":\"https:\\\/\\\/www.tapasmagazine.es\\\/en\\\/this-is-the-worst-paella-in-history-according-to-jose-andres\\\/\"},\"wordCount\":282,\"commentCount\":0,\"publisher\":{\"@id\":\"https:\\\/\\\/www.tapasmagazine.es\\\/#organization\"},\"image\":{\"@id\":\"https:\\\/\\\/www.tapasmagazine.es\\\/en\\\/this-is-the-worst-paella-in-history-according-to-jose-andres\\\/#primaryimage\"},\"thumbnailUrl\":\"https:\\\/\\\/www.tapasmagazine.es\\\/wp-content\\\/uploads\\\/2023\\\/07\\\/paella-jose-andres.jpg\",\"keywords\":[\"chef Jos\u00e9 Andr\u00e9s\",\"Jose Andr\u00e9s\",\"paella\",\"paella valenciana\"],\"articleSection\":[\"Chefs\",\"Gastro\",\"Nombres propios\"],\"inLanguage\":\"en-US\",\"potentialAction\":[{\"@type\":\"CommentAction\",\"name\":\"Comment\",\"target\":[\"https:\\\/\\\/www.tapasmagazine.es\\\/en\\\/this-is-the-worst-paella-in-history-according-to-jose-andres\\\/#respond\"]}]},{\"@type\":\"WebPage\",\"@id\":\"https:\\\/\\\/www.tapasmagazine.es\\\/en\\\/this-is-the-worst-paella-in-history-according-to-jose-andres\\\/\",\"url\":\"https:\\\/\\\/www.tapasmagazine.es\\\/en\\\/this-is-the-worst-paella-in-history-according-to-jose-andres\\\/\",\"name\":\"This is the \\\"worst paella in history\\\", according to Jos\u00e9 Andr\u00e9s\",\"isPartOf\":{\"@id\":\"https:\\\/\\\/www.tapasmagazine.es\\\/#website\"},\"primaryImageOfPage\":{\"@id\":\"https:\\\/\\\/www.tapasmagazine.es\\\/en\\\/this-is-the-worst-paella-in-history-according-to-jose-andres\\\/#primaryimage\"},\"image\":{\"@id\":\"https:\\\/\\\/www.tapasmagazine.es\\\/en\\\/this-is-the-worst-paella-in-history-according-to-jose-andres\\\/#primaryimage\"},\"thumbnailUrl\":\"https:\\\/\\\/www.tapasmagazine.es\\\/wp-content\\\/uploads\\\/2023\\\/07\\\/paella-jose-andres.jpg\",\"datePublished\":\"2023-07-24T08:00:03+00:00\",\"dateModified\":\"2023-07-24T08:07:15+00:00\",\"description\":\"Jos\u00e9 Andr\u00e9s, defender of traditional Valencian paella, has described this London creation as the worst paella in history.\",\"breadcrumb\":{\"@id\":\"https:\\\/\\\/www.tapasmagazine.es\\\/en\\\/this-is-the-worst-paella-in-history-according-to-jose-andres\\\/#breadcrumb\"},\"inLanguage\":\"en-US\",\"potentialAction\":[{\"@type\":\"ReadAction\",\"target\":[\"https:\\\/\\\/www.tapasmagazine.es\\\/en\\\/this-is-the-worst-paella-in-history-according-to-jose-andres\\\/\"]}]},{\"@type\":\"ImageObject\",\"inLanguage\":\"en-US\",\"@id\":\"https:\\\/\\\/www.tapasmagazine.es\\\/en\\\/this-is-the-worst-paella-in-history-according-to-jose-andres\\\/#primaryimage\",\"url\":\"https:\\\/\\\/www.tapasmagazine.es\\\/wp-content\\\/uploads\\\/2023\\\/07\\\/paella-jose-andres.jpg\",\"contentUrl\":\"https:\\\/\\\/www.tapasmagazine.es\\\/wp-content\\\/uploads\\\/2023\\\/07\\\/paella-jose-andres.jpg\",\"width\":1200,\"height\":675},{\"@type\":\"BreadcrumbList\",\"@id\":\"https:\\\/\\\/www.tapasmagazine.es\\\/en\\\/this-is-the-worst-paella-in-history-according-to-jose-andres\\\/#breadcrumb\",\"itemListElement\":[{\"@type\":\"ListItem\",\"position\":1,\"name\":\"Portada\",\"item\":\"https:\\\/\\\/www.tapasmagazine.es\\\/\"},{\"@type\":\"ListItem\",\"position\":2,\"name\":\"Gastro\",\"item\":\"https:\\\/\\\/www.tapasmagazine.es\\\/en\\\/categorias\\\/gastro-en\\\/\"},{\"@type\":\"ListItem\",\"position\":3,\"name\":\"This is the \u00abworst paella in history\u00bb, according to Jos\u00e9 Andr\u00e9s\"}]},{\"@type\":\"WebSite\",\"@id\":\"https:\\\/\\\/www.tapasmagazine.es\\\/#website\",\"url\":\"https:\\\/\\\/www.tapasmagazine.es\\\/\",\"name\":\"Tapas\",\"description\":\"\u00d1am \u00d1am Lifestyle. La vida a bocados. Premio Nacional de Gastronom\u00eda 2016.\",\"publisher\":{\"@id\":\"https:\\\/\\\/www.tapasmagazine.es\\\/#organization\"},\"potentialAction\":[{\"@type\":\"SearchAction\",\"target\":{\"@type\":\"EntryPoint\",\"urlTemplate\":\"https:\\\/\\\/www.tapasmagazine.es\\\/?s={search_term_string}\"},\"query-input\":{\"@type\":\"PropertyValueSpecification\",\"valueRequired\":true,\"valueName\":\"search_term_string\"}}],\"inLanguage\":\"en-US\"},{\"@type\":\"Organization\",\"@id\":\"https:\\\/\\\/www.tapasmagazine.es\\\/#organization\",\"name\":\"Tapas Magazine\",\"url\":\"https:\\\/\\\/www.tapasmagazine.es\\\/\",\"logo\":{\"@type\":\"ImageObject\",\"inLanguage\":\"en-US\",\"@id\":\"https:\\\/\\\/www.tapasmagazine.es\\\/#\\\/schema\\\/logo\\\/image\\\/\",\"url\":\"https:\\\/\\\/www.tapasmagazine.es\\\/wp-content\\\/uploads\\\/2018\\\/01\\\/logo.png\",\"contentUrl\":\"https:\\\/\\\/www.tapasmagazine.es\\\/wp-content\\\/uploads\\\/2018\\\/01\\\/logo.png\",\"width\":180,\"height\":60,\"caption\":\"Tapas Magazine\"},\"image\":{\"@id\":\"https:\\\/\\\/www.tapasmagazine.es\\\/#\\\/schema\\\/logo\\\/image\\\/\"},\"sameAs\":[\"https:\\\/\\\/www.facebook.com\\\/tapasmagazine\",\"https:\\\/\\\/x.com\\\/TapasMagazine\",\"https:\\\/\\\/www.instagram.com\\\/tapasmagazine\\\/\",\"https:\\\/\\\/www.linkedin.com\\\/company\\\/tapas-magazine\",\"https:\\\/\\\/es.pinterest.com\\\/tapasmagazine\\\/\",\"https:\\\/\\\/www.youtube.com\\\/channel\\\/UCEyxneAaACuR0lfDagrWjjg?sub_confirmation=1\"]},{\"@type\":\"Person\",\"@id\":\"https:\\\/\\\/www.tapasmagazine.es\\\/#\\\/schema\\\/person\\\/906ea2ea4697837608d99f4cc085cea3\",\"name\":\"TAPAS\",\"url\":\"https:\\\/\\\/www.tapasmagazine.es\\\/en\\\/author\\\/tapas\\\/\"}]}<\/script>\n<!-- \/ Yoast SEO plugin. -->","yoast_head_json":{"title":"This is the \"worst paella in history\", according to Jos\u00e9 Andr\u00e9s","description":"Jos\u00e9 Andr\u00e9s, defender of traditional Valencian paella, has described this London creation as the worst paella in history.","robots":{"index":"index","follow":"follow","max-snippet":"max-snippet:-1","max-image-preview":"max-image-preview:large","max-video-preview":"max-video-preview:-1"},"canonical":"https:\/\/www.tapasmagazine.es\/en\/this-is-the-worst-paella-in-history-according-to-jose-andres\/","og_locale":"en_US","og_type":"article","og_title":"This is the \"worst paella in history\", according to Jos\u00e9 Andr\u00e9s","og_description":"Jos\u00e9 Andr\u00e9s, defender of traditional Valencian paella, has described this London creation as the worst paella in history.","og_url":"https:\/\/www.tapasmagazine.es\/en\/this-is-the-worst-paella-in-history-according-to-jose-andres\/","og_site_name":"Tapas","article_publisher":"https:\/\/www.facebook.com\/tapasmagazine","article_published_time":"2023-07-24T08:00:03+00:00","article_modified_time":"2023-07-24T08:07:15+00:00","og_image":[{"width":1200,"height":675,"url":"https:\/\/www.tapasmagazine.es\/wp-content\/uploads\/2023\/07\/paella-jose-andres.jpg","type":"image\/jpeg"}],"author":"TAPAS","twitter_card":"summary_large_image","twitter_creator":"@TapasMagazine","twitter_site":"@TapasMagazine","twitter_misc":{"Written by":"TAPAS","Est. reading time":"2 minutes"},"schema":{"@context":"https:\/\/schema.org","@graph":[{"@type":"Article","@id":"https:\/\/www.tapasmagazine.es\/en\/this-is-the-worst-paella-in-history-according-to-jose-andres\/#article","isPartOf":{"@id":"https:\/\/www.tapasmagazine.es\/en\/this-is-the-worst-paella-in-history-according-to-jose-andres\/"},"author":{"name":"TAPAS","@id":"https:\/\/www.tapasmagazine.es\/#\/schema\/person\/906ea2ea4697837608d99f4cc085cea3"},"headline":"This is the &#8220;worst paella in history&#8221;, according to Jos\u00e9 Andr\u00e9s","datePublished":"2023-07-24T08:00:03+00:00","dateModified":"2023-07-24T08:07:15+00:00","mainEntityOfPage":{"@id":"https:\/\/www.tapasmagazine.es\/en\/this-is-the-worst-paella-in-history-according-to-jose-andres\/"},"wordCount":282,"commentCount":0,"publisher":{"@id":"https:\/\/www.tapasmagazine.es\/#organization"},"image":{"@id":"https:\/\/www.tapasmagazine.es\/en\/this-is-the-worst-paella-in-history-according-to-jose-andres\/#primaryimage"},"thumbnailUrl":"https:\/\/www.tapasmagazine.es\/wp-content\/uploads\/2023\/07\/paella-jose-andres.jpg","keywords":["chef Jos\u00e9 Andr\u00e9s","Jose Andr\u00e9s","paella","paella valenciana"],"articleSection":["Chefs","Gastro","Nombres propios"],"inLanguage":"en-US","potentialAction":[{"@type":"CommentAction","name":"Comment","target":["https:\/\/www.tapasmagazine.es\/en\/this-is-the-worst-paella-in-history-according-to-jose-andres\/#respond"]}]},{"@type":"WebPage","@id":"https:\/\/www.tapasmagazine.es\/en\/this-is-the-worst-paella-in-history-according-to-jose-andres\/","url":"https:\/\/www.tapasmagazine.es\/en\/this-is-the-worst-paella-in-history-according-to-jose-andres\/","name":"This is the \"worst paella in history\", according to Jos\u00e9 Andr\u00e9s","isPartOf":{"@id":"https:\/\/www.tapasmagazine.es\/#website"},"primaryImageOfPage":{"@id":"https:\/\/www.tapasmagazine.es\/en\/this-is-the-worst-paella-in-history-according-to-jose-andres\/#primaryimage"},"image":{"@id":"https:\/\/www.tapasmagazine.es\/en\/this-is-the-worst-paella-in-history-according-to-jose-andres\/#primaryimage"},"thumbnailUrl":"https:\/\/www.tapasmagazine.es\/wp-content\/uploads\/2023\/07\/paella-jose-andres.jpg","datePublished":"2023-07-24T08:00:03+00:00","dateModified":"2023-07-24T08:07:15+00:00","description":"Jos\u00e9 Andr\u00e9s, defender of traditional Valencian paella, has described this London creation as the worst paella in history.","breadcrumb":{"@id":"https:\/\/www.tapasmagazine.es\/en\/this-is-the-worst-paella-in-history-according-to-jose-andres\/#breadcrumb"},"inLanguage":"en-US","potentialAction":[{"@type":"ReadAction","target":["https:\/\/www.tapasmagazine.es\/en\/this-is-the-worst-paella-in-history-according-to-jose-andres\/"]}]},{"@type":"ImageObject","inLanguage":"en-US","@id":"https:\/\/www.tapasmagazine.es\/en\/this-is-the-worst-paella-in-history-according-to-jose-andres\/#primaryimage","url":"https:\/\/www.tapasmagazine.es\/wp-content\/uploads\/2023\/07\/paella-jose-andres.jpg","contentUrl":"https:\/\/www.tapasmagazine.es\/wp-content\/uploads\/2023\/07\/paella-jose-andres.jpg","width":1200,"height":675},{"@type":"BreadcrumbList","@id":"https:\/\/www.tapasmagazine.es\/en\/this-is-the-worst-paella-in-history-according-to-jose-andres\/#breadcrumb","itemListElement":[{"@type":"ListItem","position":1,"name":"Portada","item":"https:\/\/www.tapasmagazine.es\/"},{"@type":"ListItem","position":2,"name":"Gastro","item":"https:\/\/www.tapasmagazine.es\/en\/categorias\/gastro-en\/"},{"@type":"ListItem","position":3,"name":"This is the \u00abworst paella in history\u00bb, according to Jos\u00e9 Andr\u00e9s"}]},{"@type":"WebSite","@id":"https:\/\/www.tapasmagazine.es\/#website","url":"https:\/\/www.tapasmagazine.es\/","name":"Tapas","description":"\u00d1am \u00d1am Lifestyle. La vida a bocados. Premio Nacional de Gastronom\u00eda 2016.","publisher":{"@id":"https:\/\/www.tapasmagazine.es\/#organization"},"potentialAction":[{"@type":"SearchAction","target":{"@type":"EntryPoint","urlTemplate":"https:\/\/www.tapasmagazine.es\/?s={search_term_string}"},"query-input":{"@type":"PropertyValueSpecification","valueRequired":true,"valueName":"search_term_string"}}],"inLanguage":"en-US"},{"@type":"Organization","@id":"https:\/\/www.tapasmagazine.es\/#organization","name":"Tapas Magazine","url":"https:\/\/www.tapasmagazine.es\/","logo":{"@type":"ImageObject","inLanguage":"en-US","@id":"https:\/\/www.tapasmagazine.es\/#\/schema\/logo\/image\/","url":"https:\/\/www.tapasmagazine.es\/wp-content\/uploads\/2018\/01\/logo.png","contentUrl":"https:\/\/www.tapasmagazine.es\/wp-content\/uploads\/2018\/01\/logo.png","width":180,"height":60,"caption":"Tapas Magazine"},"image":{"@id":"https:\/\/www.tapasmagazine.es\/#\/schema\/logo\/image\/"},"sameAs":["https:\/\/www.facebook.com\/tapasmagazine","https:\/\/x.com\/TapasMagazine","https:\/\/www.instagram.com\/tapasmagazine\/","https:\/\/www.linkedin.com\/company\/tapas-magazine","https:\/\/es.pinterest.com\/tapasmagazine\/","https:\/\/www.youtube.com\/channel\/UCEyxneAaACuR0lfDagrWjjg?sub_confirmation=1"]},{"@type":"Person","@id":"https:\/\/www.tapasmagazine.es\/#\/schema\/person\/906ea2ea4697837608d99f4cc085cea3","name":"TAPAS","url":"https:\/\/www.tapasmagazine.es\/en\/author\/tapas\/"}]}},"_links":{"self":[{"href":"https:\/\/www.tapasmagazine.es\/en\/wp-json\/wp\/v2\/posts\/199937","targetHints":{"allow":["GET"]}}],"collection":[{"href":"https:\/\/www.tapasmagazine.es\/en\/wp-json\/wp\/v2\/posts"}],"about":[{"href":"https:\/\/www.tapasmagazine.es\/en\/wp-json\/wp\/v2\/types\/post"}],"author":[{"embeddable":true,"href":"https:\/\/www.tapasmagazine.es\/en\/wp-json\/wp\/v2\/users\/249"}],"replies":[{"embeddable":true,"href":"https:\/\/www.tapasmagazine.es\/en\/wp-json\/wp\/v2\/comments?post=199937"}],"version-history":[{"count":3,"href":"https:\/\/www.tapasmagazine.es\/en\/wp-json\/wp\/v2\/posts\/199937\/revisions"}],"predecessor-version":[{"id":199940,"href":"https:\/\/www.tapasmagazine.es\/en\/wp-json\/wp\/v2\/posts\/199937\/revisions\/199940"}],"wp:featuredmedia":[{"embeddable":true,"href":"https:\/\/www.tapasmagazine.es\/en\/wp-json\/wp\/v2\/media\/199935"}],"wp:attachment":[{"href":"https:\/\/www.tapasmagazine.es\/en\/wp-json\/wp\/v2\/media?parent=199937"}],"wp:term":[{"taxonomy":"category","embeddable":true,"href":"https:\/\/www.tapasmagazine.es\/en\/wp-json\/wp\/v2\/categories?post=199937"},{"taxonomy":"post_tag","embeddable":true,"href":"https:\/\/www.tapasmagazine.es\/en\/wp-json\/wp\/v2\/tags?post=199937"}],"curies":[{"name":"wp","href":"https:\/\/api.w.org\/{rel}","templated":true}]}}