{"id":199250,"date":"2023-07-20T11:58:59","date_gmt":"2023-07-20T09:58:59","guid":{"rendered":"https:\/\/www.tapasmagazine.es\/tapas-weekend-que-hacer-en-ibiza\/"},"modified":"2023-07-20T12:16:48","modified_gmt":"2023-07-20T10:16:48","slug":"tapas-weekend-what-to-do-in-ibiza","status":"publish","type":"post","link":"https:\/\/www.tapasmagazine.es\/en\/tapas-weekend-what-to-do-in-ibiza\/","title":{"rendered":"Tapas Weekend: what to do in Ibiza?"},"content":{"rendered":"\n<p><strong>Click <a href=\"https:\/\/www.tapasmagazine.es\/tapas-weekend-que-hacer-en-ibiza\/\" target=\"_blank\" rel=\"noreferrer noopener\">here<\/a> to read the Spanish version.<\/strong><\/p>\n\n\n\n<p>From Tapas we compile the best plans with which to enjoy the most of the weekend in Ibiza, and relegate ourselves to hedonism between cultural and gastronomic experiences, parties, events and museums. Take the agenda and take note of our weekly proposal.<\/p>\n\n\n\n<h2 class=\"wp-block-heading\">FRIDAY 21ST<\/h2>\n\n\n\n<p>Ibiza could be an artistic expression in itself. A concept that perfectly represents both the <strong>Grand Paradiso<\/strong> hotel, where we will be staying on this occasion, and the whole constellation of hospitality projects that encompasses Concept Hotel Group.<\/p>\n\n\n\n<figure class=\"wp-block-image size-large is-resized\"><a href=\"https:\/\/www.tapasmagazine.es\/wp-content\/uploads\/2023\/07\/tapas-weekend-ibiza-3.webp\"><img decoding=\"async\" src=\"https:\/\/www.tapasmagazine.es\/wp-content\/uploads\/2023\/07\/tapas-weekend-ibiza-3-1024x768.webp\" alt=\"\" class=\"wp-image-199207\" width=\"1000\" height=\"750\" srcset=\"https:\/\/www.tapasmagazine.es\/wp-content\/uploads\/2023\/07\/tapas-weekend-ibiza-3-1024x768.webp 1024w, https:\/\/www.tapasmagazine.es\/wp-content\/uploads\/2023\/07\/tapas-weekend-ibiza-3-300x225.webp 300w, https:\/\/www.tapasmagazine.es\/wp-content\/uploads\/2023\/07\/tapas-weekend-ibiza-3-768x576.webp 768w, https:\/\/www.tapasmagazine.es\/wp-content\/uploads\/2023\/07\/tapas-weekend-ibiza-3-1000x750.webp 1000w, https:\/\/www.tapasmagazine.es\/wp-content\/uploads\/2023\/07\/tapas-weekend-ibiza-3-400x300.webp 400w, https:\/\/www.tapasmagazine.es\/wp-content\/uploads\/2023\/07\/tapas-weekend-ibiza-3.webp 1200w\" sizes=\"(max-width: 1000px) 100vw, 1000px\" \/><\/a><\/figure>\n\n\n\n<p><strong>Grand Paradiso<\/strong> is a hotel dedicated to audiovisual art in all its forms: cinema, video art or video clips, which pays tribute to the seventh art and its most inspiring references that give name to its four large suites: David Lynch, Wes Anderson, Pedro Almodovar and Quentin Tarantino.<\/p>\n\n\n\n<p>This ode to cinema materialized over the bay of San Antonio, has an interior design in which IlmioDesign studio follows the aesthetic canons of art deco, such as pastel colors, geometrization or contrasts of light and textures that erect a work of architectural art as a whole.<\/p>\n\n\n<div class=\"wp-block-image\">\n<figure class=\"aligncenter size-large is-resized\"><a href=\"https:\/\/www.tapasmagazine.es\/wp-content\/uploads\/2023\/07\/tapas-weekend-ibiza-2.webp\"><img decoding=\"async\" src=\"https:\/\/www.tapasmagazine.es\/wp-content\/uploads\/2023\/07\/tapas-weekend-ibiza-2-1024x1024.webp\" alt=\"\" class=\"wp-image-199209\" width=\"1450\" height=\"1450\" srcset=\"https:\/\/www.tapasmagazine.es\/wp-content\/uploads\/2023\/07\/tapas-weekend-ibiza-2-1024x1024.webp 1024w, https:\/\/www.tapasmagazine.es\/wp-content\/uploads\/2023\/07\/tapas-weekend-ibiza-2-300x300.webp 300w, https:\/\/www.tapasmagazine.es\/wp-content\/uploads\/2023\/07\/tapas-weekend-ibiza-2-150x150.webp 150w, https:\/\/www.tapasmagazine.es\/wp-content\/uploads\/2023\/07\/tapas-weekend-ibiza-2-768x768.webp 768w, https:\/\/www.tapasmagazine.es\/wp-content\/uploads\/2023\/07\/tapas-weekend-ibiza-2-1536x1536.webp 1536w, https:\/\/www.tapasmagazine.es\/wp-content\/uploads\/2023\/07\/tapas-weekend-ibiza-2-1000x1000.webp 1000w, https:\/\/www.tapasmagazine.es\/wp-content\/uploads\/2023\/07\/tapas-weekend-ibiza-2-400x400.webp 400w, https:\/\/www.tapasmagazine.es\/wp-content\/uploads\/2023\/07\/tapas-weekend-ibiza-2.webp 1600w\" sizes=\"(max-width: 1450px) 100vw, 1450px\" \/><\/a><\/figure>\n<\/div>\n\n\n<p>The sun having already set over the sea, we will head to one of the new trendy restaurants that welcomes the White Island, called <strong>Tigre Morado<\/strong>. In this spot, characterized essentially by the Mediterranean identity, between elements of local craftsmanship and natural materials, we will dine some of the dishes that displays its gastronomic proposal in which fuses the Mediterranean cuisine with Peruvian cuisine.<\/p>\n\n\n<div class=\"wp-block-image\">\n<figure class=\"aligncenter size-large is-resized\"><a href=\"https:\/\/www.tapasmagazine.es\/wp-content\/uploads\/2023\/07\/tapas-weekend-ibiza-4-scaled.jpg\"><img decoding=\"async\" src=\"https:\/\/www.tapasmagazine.es\/wp-content\/uploads\/2023\/07\/tapas-weekend-ibiza-4-1024x683.jpg\" alt=\"\" class=\"wp-image-199211\" width=\"1116\" height=\"744\" srcset=\"https:\/\/www.tapasmagazine.es\/wp-content\/uploads\/2023\/07\/tapas-weekend-ibiza-4-1024x683.jpg 1024w, https:\/\/www.tapasmagazine.es\/wp-content\/uploads\/2023\/07\/tapas-weekend-ibiza-4-300x200.jpg 300w, https:\/\/www.tapasmagazine.es\/wp-content\/uploads\/2023\/07\/tapas-weekend-ibiza-4-768x512.jpg 768w, https:\/\/www.tapasmagazine.es\/wp-content\/uploads\/2023\/07\/tapas-weekend-ibiza-4-1536x1024.jpg 1536w, https:\/\/www.tapasmagazine.es\/wp-content\/uploads\/2023\/07\/tapas-weekend-ibiza-4-2048x1365.jpg 2048w, https:\/\/www.tapasmagazine.es\/wp-content\/uploads\/2023\/07\/tapas-weekend-ibiza-4-1000x667.jpg 1000w, https:\/\/www.tapasmagazine.es\/wp-content\/uploads\/2023\/07\/tapas-weekend-ibiza-4-400x267.jpg 400w\" sizes=\"(max-width: 1116px) 100vw, 1116px\" \/><\/a><\/figure>\n<\/div>\n\n\n<p>Flavorful preparations that play with textures and explosive combinations on the palate, such as the octopus anticullego, the island tomato carpaccio with acevichada sauce or the sea and mountain paellas with aji amarillo.<\/p>\n\n\n<div class=\"wp-block-image\">\n<figure class=\"aligncenter size-large is-resized\"><a href=\"https:\/\/www.tapasmagazine.es\/wp-content\/uploads\/2023\/07\/tapas-weekend-ibiza-5-scaled.jpg\"><img decoding=\"async\" src=\"https:\/\/www.tapasmagazine.es\/wp-content\/uploads\/2023\/07\/tapas-weekend-ibiza-5-1024x683.jpg\" alt=\"\" class=\"wp-image-199213\" width=\"1076\" height=\"717\"\/><\/a><\/figure>\n<\/div>\n\n\n<p>If you like sushi, you can&#8217;t miss their nigiri, especially the red tuna with yellow chili or truffled salmon, or their sashimi cuts with different types of fish.<\/p>\n\n\n\n<h2 class=\"wp-block-heading\">SATURDAY 22ND<\/h2>\n\n\n\n<p>On Saturday morning, after having activated all our senses in the Grand Paradiso pool, we will visit the <strong>Ksar Living <\/strong>gallery that currently houses the masterpiece of Ibiza-based artist<strong> Miranda Makaroff<\/strong>, in which she depicts a realm where colors collide, boundaries disintegrate and art and design merge into a symphony of visual pleasure.<\/p>\n\n\n<div class=\"wp-block-image\">\n<figure class=\"aligncenter size-large is-resized\"><a href=\"https:\/\/www.tapasmagazine.es\/wp-content\/uploads\/2023\/07\/tapas-weekend-ibiza-6.jpg\"><img decoding=\"async\" src=\"https:\/\/www.tapasmagazine.es\/wp-content\/uploads\/2023\/07\/tapas-weekend-ibiza-6-1024x682.jpg\" alt=\"\" class=\"wp-image-199216\" width=\"1126\" height=\"751\" srcset=\"https:\/\/www.tapasmagazine.es\/wp-content\/uploads\/2023\/07\/tapas-weekend-ibiza-6-1024x682.jpg 1024w, https:\/\/www.tapasmagazine.es\/wp-content\/uploads\/2023\/07\/tapas-weekend-ibiza-6-300x200.jpg 300w, https:\/\/www.tapasmagazine.es\/wp-content\/uploads\/2023\/07\/tapas-weekend-ibiza-6-768x512.jpg 768w, https:\/\/www.tapasmagazine.es\/wp-content\/uploads\/2023\/07\/tapas-weekend-ibiza-6-1536x1024.jpg 1536w, https:\/\/www.tapasmagazine.es\/wp-content\/uploads\/2023\/07\/tapas-weekend-ibiza-6-1000x667.jpg 1000w, https:\/\/www.tapasmagazine.es\/wp-content\/uploads\/2023\/07\/tapas-weekend-ibiza-6-400x267.jpg 400w, https:\/\/www.tapasmagazine.es\/wp-content\/uploads\/2023\/07\/tapas-weekend-ibiza-6.jpg 2000w\" sizes=\"(max-width: 1126px) 100vw, 1126px\" \/><\/a><\/figure>\n<\/div>\n\n\n<p>&#8216;This work represents deep and heavy feelings that I always carry inside. It is the feeling that my existence is worthless and that, if I ever disappear, no one will notice. The sad faces form a circle that represents the endless loop of thoughts. I wanted to break this loop with a vibrant and degraded sunset in the form of a flower. Suddenly, this darkness can turn into something vibrant, beautiful and full of joy,&#8217; expresses the artist on Instagram about the work.<\/p>\n\n\n\n<p>After delving into Makaroff&#8217;s universe of abstraction and color, we will eat at <strong>LADO<\/strong>, another of the gastronomic projects that has just emerged from the depths of the island, by the hand of renowned entrepreneur Jordan Rocca.<\/p>\n\n\n\n<figure class=\"wp-block-gallery has-nested-images columns-default is-cropped wp-block-gallery-1 is-layout-flex wp-block-gallery-is-layout-flex\">\n<figure class=\"wp-block-image size-large\"><a href=\"https:\/\/www.tapasmagazine.es\/wp-content\/uploads\/2023\/07\/tapas-weekend-ibiza-8-scaled.jpg\"><img decoding=\"async\" width=\"683\" height=\"1024\" data-id=\"199218\" src=\"https:\/\/www.tapasmagazine.es\/wp-content\/uploads\/2023\/07\/tapas-weekend-ibiza-8-683x1024.jpg\" alt=\"\" class=\"wp-image-199218\" srcset=\"https:\/\/www.tapasmagazine.es\/wp-content\/uploads\/2023\/07\/tapas-weekend-ibiza-8-683x1024.jpg 683w, https:\/\/www.tapasmagazine.es\/wp-content\/uploads\/2023\/07\/tapas-weekend-ibiza-8-200x300.jpg 200w, https:\/\/www.tapasmagazine.es\/wp-content\/uploads\/2023\/07\/tapas-weekend-ibiza-8-768x1152.jpg 768w, https:\/\/www.tapasmagazine.es\/wp-content\/uploads\/2023\/07\/tapas-weekend-ibiza-8-1024x1536.jpg 1024w, https:\/\/www.tapasmagazine.es\/wp-content\/uploads\/2023\/07\/tapas-weekend-ibiza-8-1365x2048.jpg 1365w, https:\/\/www.tapasmagazine.es\/wp-content\/uploads\/2023\/07\/tapas-weekend-ibiza-8-1000x1500.jpg 1000w, https:\/\/www.tapasmagazine.es\/wp-content\/uploads\/2023\/07\/tapas-weekend-ibiza-8-400x600.jpg 400w, https:\/\/www.tapasmagazine.es\/wp-content\/uploads\/2023\/07\/tapas-weekend-ibiza-8-scaled.jpg 1707w\" sizes=\"(max-width: 683px) 100vw, 683px\" \/><\/a><\/figure>\n\n\n\n<figure class=\"wp-block-image size-large\"><a href=\"https:\/\/www.tapasmagazine.es\/wp-content\/uploads\/2023\/07\/tapas-weekend-ibiza-7-scaled.jpg\"><img decoding=\"async\" width=\"683\" height=\"1024\" data-id=\"199220\" src=\"https:\/\/www.tapasmagazine.es\/wp-content\/uploads\/2023\/07\/tapas-weekend-ibiza-7-683x1024.jpg\" alt=\"\" class=\"wp-image-199220\" srcset=\"https:\/\/www.tapasmagazine.es\/wp-content\/uploads\/2023\/07\/tapas-weekend-ibiza-7-683x1024.jpg 683w, https:\/\/www.tapasmagazine.es\/wp-content\/uploads\/2023\/07\/tapas-weekend-ibiza-7-200x300.jpg 200w, https:\/\/www.tapasmagazine.es\/wp-content\/uploads\/2023\/07\/tapas-weekend-ibiza-7-768x1152.jpg 768w, https:\/\/www.tapasmagazine.es\/wp-content\/uploads\/2023\/07\/tapas-weekend-ibiza-7-1024x1536.jpg 1024w, https:\/\/www.tapasmagazine.es\/wp-content\/uploads\/2023\/07\/tapas-weekend-ibiza-7-1365x2048.jpg 1365w, https:\/\/www.tapasmagazine.es\/wp-content\/uploads\/2023\/07\/tapas-weekend-ibiza-7-1000x1500.jpg 1000w, https:\/\/www.tapasmagazine.es\/wp-content\/uploads\/2023\/07\/tapas-weekend-ibiza-7-400x600.jpg 400w, https:\/\/www.tapasmagazine.es\/wp-content\/uploads\/2023\/07\/tapas-weekend-ibiza-7-scaled.jpg 1707w\" sizes=\"(max-width: 683px) 100vw, 683px\" \/><\/a><\/figure>\n<\/figure>\n\n\n\n<p>This Spanish cuisine restaurant in <strong>Marina Botafoch<\/strong>, which is destined to become one of the meeting points of the social and cultural elite, presents a culinary proposal signed by chef <strong>\u00c1ngel Zapata<\/strong>; offering traditional recipes fused with modernity such as tuna steak carpaccio, truffle and reblochon bikini, Iberian ham croquettes or grilled fish and meats.<\/p>\n\n\n\n<figure class=\"wp-block-image size-full is-resized\"><a href=\"https:\/\/www.tapasmagazine.es\/wp-content\/uploads\/2023\/07\/tapas-weekend-ibiza-9.jpg\"><img decoding=\"async\" src=\"https:\/\/www.tapasmagazine.es\/wp-content\/uploads\/2023\/07\/tapas-weekend-ibiza-9.jpg\" alt=\"\" class=\"wp-image-199222\" width=\"967\" height=\"645\" srcset=\"https:\/\/www.tapasmagazine.es\/wp-content\/uploads\/2023\/07\/tapas-weekend-ibiza-9.jpg 800w, https:\/\/www.tapasmagazine.es\/wp-content\/uploads\/2023\/07\/tapas-weekend-ibiza-9-300x200.jpg 300w, https:\/\/www.tapasmagazine.es\/wp-content\/uploads\/2023\/07\/tapas-weekend-ibiza-9-768x513.jpg 768w, https:\/\/www.tapasmagazine.es\/wp-content\/uploads\/2023\/07\/tapas-weekend-ibiza-9-400x267.jpg 400w\" sizes=\"(max-width: 967px) 100vw, 967px\" \/><\/a><\/figure>\n\n\n\n<p>The afternoon plan will be simple: sunbathe and enjoy the sea of<strong> Cala Conta<\/strong>, one of the most crystal clear beaches of the island, surrounded by beauty and vegetation.<\/p>\n\n\n\n<h2 class=\"wp-block-heading\">SUNDAY 23RD<\/h2>\n\n\n\n<p>Sunday&#8217;s gastro ritual will take place in <strong>Silencio Ibiza<\/strong>, the trendy beach bar designed by David Lynch located in the heart of Cala Mol\u00ed. A place that connects nature and art in a new version designed by the architecture studio Moredesign.<\/p>\n\n\n\n<figure class=\"wp-block-image size-large\"><a href=\"https:\/\/www.tapasmagazine.es\/wp-content\/uploads\/2023\/05\/silencio-ibiza-mauro-colagreco-2-scaled.jpg\"><img decoding=\"async\" width=\"1024\" height=\"699\" src=\"https:\/\/www.tapasmagazine.es\/wp-content\/uploads\/2023\/05\/silencio-ibiza-mauro-colagreco-2-1024x699.jpg\" alt=\"\" class=\"wp-image-185619\" srcset=\"https:\/\/www.tapasmagazine.es\/wp-content\/uploads\/2023\/05\/silencio-ibiza-mauro-colagreco-2-1024x699.jpg 1024w, https:\/\/www.tapasmagazine.es\/wp-content\/uploads\/2023\/05\/silencio-ibiza-mauro-colagreco-2-300x205.jpg 300w, https:\/\/www.tapasmagazine.es\/wp-content\/uploads\/2023\/05\/silencio-ibiza-mauro-colagreco-2-768x524.jpg 768w, https:\/\/www.tapasmagazine.es\/wp-content\/uploads\/2023\/05\/silencio-ibiza-mauro-colagreco-2-1536x1048.jpg 1536w, https:\/\/www.tapasmagazine.es\/wp-content\/uploads\/2023\/05\/silencio-ibiza-mauro-colagreco-2-2048x1398.jpg 2048w, https:\/\/www.tapasmagazine.es\/wp-content\/uploads\/2023\/05\/silencio-ibiza-mauro-colagreco-2-1000x682.jpg 1000w, https:\/\/www.tapasmagazine.es\/wp-content\/uploads\/2023\/05\/silencio-ibiza-mauro-colagreco-2-400x273.jpg 400w\" sizes=\"(max-width: 1024px) 100vw, 1024px\" \/><\/a><\/figure>\n\n\n\n<p>In this space by the sea, we can taste the Mediterranean-inspired menu designed by Argentine chef <strong>Mauro Colagreco<\/strong>, in which he reflects his vision of the island through dishes such as stuffed piquillo peppers, grilled crab, Galician-style octopus or grilled Iberian pork feather. A proposal that also includes avant-garde interpretations of salads or vegetarian dishes such as lasagna, as well as wood-fired delicacies such as Saint Pierre a la ligure.<\/p>\n\n\n\n<figure class=\"wp-block-gallery has-nested-images columns-default is-cropped wp-block-gallery-2 is-layout-flex wp-block-gallery-is-layout-flex\">\n<figure class=\"wp-block-image size-large\"><a href=\"https:\/\/www.tapasmagazine.es\/wp-content\/uploads\/2023\/05\/silencio-ibiza-mauro-colagreco-6-scaled.jpg\"><img decoding=\"async\" data-id=\"185627\" src=\"https:\/\/www.tapasmagazine.es\/wp-content\/uploads\/2023\/05\/silencio-ibiza-mauro-colagreco-6-683x1024.jpg\" alt=\"\" class=\"wp-image-185627\"\/><\/a><\/figure>\n\n\n\n<figure class=\"wp-block-image size-large\"><a href=\"https:\/\/www.tapasmagazine.es\/wp-content\/uploads\/2023\/05\/silencio-ibiza-mauro-colagreco-7-scaled.jpg\"><img decoding=\"async\" data-id=\"185629\" src=\"https:\/\/www.tapasmagazine.es\/wp-content\/uploads\/2023\/05\/silencio-ibiza-mauro-colagreco-7-683x1024.jpg\" alt=\"\" class=\"wp-image-185629\"\/><\/a><\/figure>\n<\/figure>\n\n\n\n<p>To close the weekend in style, what better than a <strong><a href=\"https:\/\/www.clubtickets.com\/es\/clubbing\/ushuaia-ibiza\/swedish-house-mafia\/2023-07-23\" target=\"_blank\" rel=\"noreferrer noopener\">Swedish House Mafia<\/a><\/strong> session at Ushua\u00efa Ibiza? In this emblematic club of the island we can dance until late at night with the house and electro mixes of the trio formed by Axwell, Steve Angello and Sebastian Ingrosso, who have altered the global electronic scene.<\/p>\n\n\n<div class=\"wp-block-image\">\n<figure class=\"aligncenter size-full is-resized\"><a href=\"https:\/\/www.tapasmagazine.es\/wp-content\/uploads\/2023\/07\/tapas-weekend-ibiza-11.jpg\"><img decoding=\"async\" src=\"https:\/\/www.tapasmagazine.es\/wp-content\/uploads\/2023\/07\/tapas-weekend-ibiza-11.jpg\" alt=\"\" class=\"wp-image-199226\" width=\"1010\" height=\"1010\" srcset=\"https:\/\/www.tapasmagazine.es\/wp-content\/uploads\/2023\/07\/tapas-weekend-ibiza-11.jpg 600w, https:\/\/www.tapasmagazine.es\/wp-content\/uploads\/2023\/07\/tapas-weekend-ibiza-11-300x300.jpg 300w, https:\/\/www.tapasmagazine.es\/wp-content\/uploads\/2023\/07\/tapas-weekend-ibiza-11-150x150.jpg 150w, https:\/\/www.tapasmagazine.es\/wp-content\/uploads\/2023\/07\/tapas-weekend-ibiza-11-400x400.jpg 400w\" sizes=\"(max-width: 1010px) 100vw, 1010px\" \/><\/a><\/figure>\n<\/div>\n\n\n<p>Its oversized sounds and the incendiary levels of light and sensorially stimulating visuals projected by this club will make this party one of the highlights of the summer.<\/p>\n","protected":false},"excerpt":{"rendered":"<p>Click here to read the Spanish version. From Tapas we compile the best plans with which to enjoy the most of the weekend in Ibiza, and relegate ourselves to hedonism between cultural and gastronomic experiences, parties, events and museums. Take the agenda and take note of our weekly proposal. FRIDAY 21ST Ibiza could be an [&hellip;]<\/p>\n","protected":false},"author":285,"featured_media":199206,"comment_status":"open","ping_status":"closed","sticky":false,"template":"single-feature.php","format":"standard","meta":{"_acf_changed":false,"footnotes":""},"categories":[15802,15797,1],"tags":[16170,15824,17777,15803],"class_list":["post-199250","post","type-post","status-publish","format-standard","has-post-thumbnail","hentry","category-news","category-planes-en","category-sin-categorizar","tag-comida-en","tag-gastronomia-en","tag-ibiza-en","tag-restaurants","cat-15802-id","cat-15797-id","cat-1-id"],"acf":[],"yoast_head":"<!-- This site is optimized with the Yoast SEO plugin v27.4 - https:\/\/yoast.com\/product\/yoast-seo-wordpress\/ -->\n<title>Tapas Weekend: what to do in Ibiza? - Tapas<\/title>\n<meta name=\"description\" content=\"Click here to read the Spanish version. From Tapas we compile the best plans with which to enjoy the most of the weekend in Ibiza, and relegate ourselves\" \/>\n<meta name=\"robots\" content=\"index, follow, max-snippet:-1, max-image-preview:large, max-video-preview:-1\" \/>\n<link rel=\"canonical\" href=\"https:\/\/www.tapasmagazine.es\/en\/tapas-weekend-what-to-do-in-ibiza\/\" \/>\n<meta property=\"og:locale\" content=\"en_US\" \/>\n<meta property=\"og:type\" content=\"article\" \/>\n<meta property=\"og:title\" content=\"Tapas Weekend: what to do in Ibiza? - Tapas\" \/>\n<meta property=\"og:description\" content=\"Click here to read the Spanish version. From Tapas we compile the best plans with which to enjoy the most of the weekend in Ibiza, and relegate ourselves\" \/>\n<meta property=\"og:url\" content=\"https:\/\/www.tapasmagazine.es\/en\/tapas-weekend-what-to-do-in-ibiza\/\" \/>\n<meta property=\"og:site_name\" content=\"Tapas\" \/>\n<meta property=\"article:publisher\" content=\"https:\/\/www.facebook.com\/tapasmagazine\" \/>\n<meta property=\"article:published_time\" content=\"2023-07-20T09:58:59+00:00\" \/>\n<meta property=\"article:modified_time\" content=\"2023-07-20T10:16:48+00:00\" \/>\n<meta property=\"og:image\" content=\"https:\/\/www.tapasmagazine.es\/wp-content\/uploads\/2023\/07\/tapas-weekend-ibiza-1.jpg\" \/>\n\t<meta property=\"og:image:width\" content=\"1200\" \/>\n\t<meta property=\"og:image:height\" content=\"675\" \/>\n\t<meta property=\"og:image:type\" content=\"image\/jpeg\" \/>\n<meta name=\"author\" content=\"Laura P\u00e9rez\" \/>\n<meta name=\"twitter:card\" content=\"summary_large_image\" \/>\n<meta name=\"twitter:creator\" content=\"@TapasMagazine\" \/>\n<meta name=\"twitter:site\" content=\"@TapasMagazine\" \/>\n<meta name=\"twitter:label1\" content=\"Written by\" \/>\n\t<meta name=\"twitter:data1\" content=\"Laura P\u00e9rez\" \/>\n\t<meta name=\"twitter:label2\" content=\"Est. reading time\" \/>\n\t<meta name=\"twitter:data2\" content=\"6 minutes\" \/>\n<script type=\"application\/ld+json\" class=\"yoast-schema-graph\">{\"@context\":\"https:\\\/\\\/schema.org\",\"@graph\":[{\"@type\":\"Article\",\"@id\":\"https:\\\/\\\/www.tapasmagazine.es\\\/en\\\/tapas-weekend-what-to-do-in-ibiza\\\/#article\",\"isPartOf\":{\"@id\":\"https:\\\/\\\/www.tapasmagazine.es\\\/en\\\/tapas-weekend-what-to-do-in-ibiza\\\/\"},\"author\":{\"name\":\"Laura P\u00e9rez\",\"@id\":\"https:\\\/\\\/www.tapasmagazine.es\\\/#\\\/schema\\\/person\\\/eb46cbe76a9c8f062660eb609e3ecb4e\"},\"headline\":\"Tapas Weekend: what to do in Ibiza?\",\"datePublished\":\"2023-07-20T09:58:59+00:00\",\"dateModified\":\"2023-07-20T10:16:48+00:00\",\"mainEntityOfPage\":{\"@id\":\"https:\\\/\\\/www.tapasmagazine.es\\\/en\\\/tapas-weekend-what-to-do-in-ibiza\\\/\"},\"wordCount\":775,\"commentCount\":0,\"publisher\":{\"@id\":\"https:\\\/\\\/www.tapasmagazine.es\\\/#organization\"},\"image\":{\"@id\":\"https:\\\/\\\/www.tapasmagazine.es\\\/en\\\/tapas-weekend-what-to-do-in-ibiza\\\/#primaryimage\"},\"thumbnailUrl\":\"https:\\\/\\\/www.tapasmagazine.es\\\/wp-content\\\/uploads\\\/2023\\\/07\\\/tapas-weekend-ibiza-1.jpg\",\"keywords\":[\"Comida\",\"gastronom\u00eda\",\"Ibiza\",\"restaurants\"],\"articleSection\":[\"News\",\"Planes\",\"Sin categorizar\"],\"inLanguage\":\"en-US\",\"potentialAction\":[{\"@type\":\"CommentAction\",\"name\":\"Comment\",\"target\":[\"https:\\\/\\\/www.tapasmagazine.es\\\/en\\\/tapas-weekend-what-to-do-in-ibiza\\\/#respond\"]}]},{\"@type\":\"WebPage\",\"@id\":\"https:\\\/\\\/www.tapasmagazine.es\\\/en\\\/tapas-weekend-what-to-do-in-ibiza\\\/\",\"url\":\"https:\\\/\\\/www.tapasmagazine.es\\\/en\\\/tapas-weekend-what-to-do-in-ibiza\\\/\",\"name\":\"Tapas Weekend: what to do in Ibiza? - Tapas\",\"isPartOf\":{\"@id\":\"https:\\\/\\\/www.tapasmagazine.es\\\/#website\"},\"primaryImageOfPage\":{\"@id\":\"https:\\\/\\\/www.tapasmagazine.es\\\/en\\\/tapas-weekend-what-to-do-in-ibiza\\\/#primaryimage\"},\"image\":{\"@id\":\"https:\\\/\\\/www.tapasmagazine.es\\\/en\\\/tapas-weekend-what-to-do-in-ibiza\\\/#primaryimage\"},\"thumbnailUrl\":\"https:\\\/\\\/www.tapasmagazine.es\\\/wp-content\\\/uploads\\\/2023\\\/07\\\/tapas-weekend-ibiza-1.jpg\",\"datePublished\":\"2023-07-20T09:58:59+00:00\",\"dateModified\":\"2023-07-20T10:16:48+00:00\",\"description\":\"Click here to read the Spanish version. From Tapas we compile the best plans with which to enjoy the most of the weekend in Ibiza, and relegate ourselves\",\"breadcrumb\":{\"@id\":\"https:\\\/\\\/www.tapasmagazine.es\\\/en\\\/tapas-weekend-what-to-do-in-ibiza\\\/#breadcrumb\"},\"inLanguage\":\"en-US\",\"potentialAction\":[{\"@type\":\"ReadAction\",\"target\":[\"https:\\\/\\\/www.tapasmagazine.es\\\/en\\\/tapas-weekend-what-to-do-in-ibiza\\\/\"]}]},{\"@type\":\"ImageObject\",\"inLanguage\":\"en-US\",\"@id\":\"https:\\\/\\\/www.tapasmagazine.es\\\/en\\\/tapas-weekend-what-to-do-in-ibiza\\\/#primaryimage\",\"url\":\"https:\\\/\\\/www.tapasmagazine.es\\\/wp-content\\\/uploads\\\/2023\\\/07\\\/tapas-weekend-ibiza-1.jpg\",\"contentUrl\":\"https:\\\/\\\/www.tapasmagazine.es\\\/wp-content\\\/uploads\\\/2023\\\/07\\\/tapas-weekend-ibiza-1.jpg\",\"width\":1200,\"height\":675},{\"@type\":\"BreadcrumbList\",\"@id\":\"https:\\\/\\\/www.tapasmagazine.es\\\/en\\\/tapas-weekend-what-to-do-in-ibiza\\\/#breadcrumb\",\"itemListElement\":[{\"@type\":\"ListItem\",\"position\":1,\"name\":\"Portada\",\"item\":\"https:\\\/\\\/www.tapasmagazine.es\\\/\"},{\"@type\":\"ListItem\",\"position\":2,\"name\":\"Sin categorizar\",\"item\":\"https:\\\/\\\/www.tapasmagazine.es\\\/categorias\\\/sin-categorizar\\\/\"},{\"@type\":\"ListItem\",\"position\":3,\"name\":\"Tapas Weekend: what to do in Ibiza?\"}]},{\"@type\":\"WebSite\",\"@id\":\"https:\\\/\\\/www.tapasmagazine.es\\\/#website\",\"url\":\"https:\\\/\\\/www.tapasmagazine.es\\\/\",\"name\":\"Tapas\",\"description\":\"\u00d1am \u00d1am Lifestyle. La vida a bocados. Premio Nacional de Gastronom\u00eda 2016.\",\"publisher\":{\"@id\":\"https:\\\/\\\/www.tapasmagazine.es\\\/#organization\"},\"potentialAction\":[{\"@type\":\"SearchAction\",\"target\":{\"@type\":\"EntryPoint\",\"urlTemplate\":\"https:\\\/\\\/www.tapasmagazine.es\\\/?s={search_term_string}\"},\"query-input\":{\"@type\":\"PropertyValueSpecification\",\"valueRequired\":true,\"valueName\":\"search_term_string\"}}],\"inLanguage\":\"en-US\"},{\"@type\":\"Organization\",\"@id\":\"https:\\\/\\\/www.tapasmagazine.es\\\/#organization\",\"name\":\"Tapas Magazine\",\"url\":\"https:\\\/\\\/www.tapasmagazine.es\\\/\",\"logo\":{\"@type\":\"ImageObject\",\"inLanguage\":\"en-US\",\"@id\":\"https:\\\/\\\/www.tapasmagazine.es\\\/#\\\/schema\\\/logo\\\/image\\\/\",\"url\":\"https:\\\/\\\/www.tapasmagazine.es\\\/wp-content\\\/uploads\\\/2018\\\/01\\\/logo.png\",\"contentUrl\":\"https:\\\/\\\/www.tapasmagazine.es\\\/wp-content\\\/uploads\\\/2018\\\/01\\\/logo.png\",\"width\":180,\"height\":60,\"caption\":\"Tapas Magazine\"},\"image\":{\"@id\":\"https:\\\/\\\/www.tapasmagazine.es\\\/#\\\/schema\\\/logo\\\/image\\\/\"},\"sameAs\":[\"https:\\\/\\\/www.facebook.com\\\/tapasmagazine\",\"https:\\\/\\\/x.com\\\/TapasMagazine\",\"https:\\\/\\\/www.instagram.com\\\/tapasmagazine\\\/\",\"https:\\\/\\\/www.linkedin.com\\\/company\\\/tapas-magazine\",\"https:\\\/\\\/es.pinterest.com\\\/tapasmagazine\\\/\",\"https:\\\/\\\/www.youtube.com\\\/channel\\\/UCEyxneAaACuR0lfDagrWjjg?sub_confirmation=1\"]},{\"@type\":\"Person\",\"@id\":\"https:\\\/\\\/www.tapasmagazine.es\\\/#\\\/schema\\\/person\\\/eb46cbe76a9c8f062660eb609e3ecb4e\",\"name\":\"Laura P\u00e9rez\",\"url\":\"https:\\\/\\\/www.tapasmagazine.es\\\/en\\\/author\\\/laura-perez\\\/\"}]}<\/script>\n<!-- \/ Yoast SEO plugin. -->","yoast_head_json":{"title":"Tapas Weekend: what to do in Ibiza? - Tapas","description":"Click here to read the Spanish version. From Tapas we compile the best plans with which to enjoy the most of the weekend in Ibiza, and relegate ourselves","robots":{"index":"index","follow":"follow","max-snippet":"max-snippet:-1","max-image-preview":"max-image-preview:large","max-video-preview":"max-video-preview:-1"},"canonical":"https:\/\/www.tapasmagazine.es\/en\/tapas-weekend-what-to-do-in-ibiza\/","og_locale":"en_US","og_type":"article","og_title":"Tapas Weekend: what to do in Ibiza? - Tapas","og_description":"Click here to read the Spanish version. From Tapas we compile the best plans with which to enjoy the most of the weekend in Ibiza, and relegate ourselves","og_url":"https:\/\/www.tapasmagazine.es\/en\/tapas-weekend-what-to-do-in-ibiza\/","og_site_name":"Tapas","article_publisher":"https:\/\/www.facebook.com\/tapasmagazine","article_published_time":"2023-07-20T09:58:59+00:00","article_modified_time":"2023-07-20T10:16:48+00:00","og_image":[{"width":1200,"height":675,"url":"https:\/\/www.tapasmagazine.es\/wp-content\/uploads\/2023\/07\/tapas-weekend-ibiza-1.jpg","type":"image\/jpeg"}],"author":"Laura P\u00e9rez","twitter_card":"summary_large_image","twitter_creator":"@TapasMagazine","twitter_site":"@TapasMagazine","twitter_misc":{"Written by":"Laura P\u00e9rez","Est. reading time":"6 minutes"},"schema":{"@context":"https:\/\/schema.org","@graph":[{"@type":"Article","@id":"https:\/\/www.tapasmagazine.es\/en\/tapas-weekend-what-to-do-in-ibiza\/#article","isPartOf":{"@id":"https:\/\/www.tapasmagazine.es\/en\/tapas-weekend-what-to-do-in-ibiza\/"},"author":{"name":"Laura P\u00e9rez","@id":"https:\/\/www.tapasmagazine.es\/#\/schema\/person\/eb46cbe76a9c8f062660eb609e3ecb4e"},"headline":"Tapas Weekend: what to do in Ibiza?","datePublished":"2023-07-20T09:58:59+00:00","dateModified":"2023-07-20T10:16:48+00:00","mainEntityOfPage":{"@id":"https:\/\/www.tapasmagazine.es\/en\/tapas-weekend-what-to-do-in-ibiza\/"},"wordCount":775,"commentCount":0,"publisher":{"@id":"https:\/\/www.tapasmagazine.es\/#organization"},"image":{"@id":"https:\/\/www.tapasmagazine.es\/en\/tapas-weekend-what-to-do-in-ibiza\/#primaryimage"},"thumbnailUrl":"https:\/\/www.tapasmagazine.es\/wp-content\/uploads\/2023\/07\/tapas-weekend-ibiza-1.jpg","keywords":["Comida","gastronom\u00eda","Ibiza","restaurants"],"articleSection":["News","Planes","Sin categorizar"],"inLanguage":"en-US","potentialAction":[{"@type":"CommentAction","name":"Comment","target":["https:\/\/www.tapasmagazine.es\/en\/tapas-weekend-what-to-do-in-ibiza\/#respond"]}]},{"@type":"WebPage","@id":"https:\/\/www.tapasmagazine.es\/en\/tapas-weekend-what-to-do-in-ibiza\/","url":"https:\/\/www.tapasmagazine.es\/en\/tapas-weekend-what-to-do-in-ibiza\/","name":"Tapas Weekend: what to do in Ibiza? - Tapas","isPartOf":{"@id":"https:\/\/www.tapasmagazine.es\/#website"},"primaryImageOfPage":{"@id":"https:\/\/www.tapasmagazine.es\/en\/tapas-weekend-what-to-do-in-ibiza\/#primaryimage"},"image":{"@id":"https:\/\/www.tapasmagazine.es\/en\/tapas-weekend-what-to-do-in-ibiza\/#primaryimage"},"thumbnailUrl":"https:\/\/www.tapasmagazine.es\/wp-content\/uploads\/2023\/07\/tapas-weekend-ibiza-1.jpg","datePublished":"2023-07-20T09:58:59+00:00","dateModified":"2023-07-20T10:16:48+00:00","description":"Click here to read the Spanish version. From Tapas we compile the best plans with which to enjoy the most of the weekend in Ibiza, and relegate ourselves","breadcrumb":{"@id":"https:\/\/www.tapasmagazine.es\/en\/tapas-weekend-what-to-do-in-ibiza\/#breadcrumb"},"inLanguage":"en-US","potentialAction":[{"@type":"ReadAction","target":["https:\/\/www.tapasmagazine.es\/en\/tapas-weekend-what-to-do-in-ibiza\/"]}]},{"@type":"ImageObject","inLanguage":"en-US","@id":"https:\/\/www.tapasmagazine.es\/en\/tapas-weekend-what-to-do-in-ibiza\/#primaryimage","url":"https:\/\/www.tapasmagazine.es\/wp-content\/uploads\/2023\/07\/tapas-weekend-ibiza-1.jpg","contentUrl":"https:\/\/www.tapasmagazine.es\/wp-content\/uploads\/2023\/07\/tapas-weekend-ibiza-1.jpg","width":1200,"height":675},{"@type":"BreadcrumbList","@id":"https:\/\/www.tapasmagazine.es\/en\/tapas-weekend-what-to-do-in-ibiza\/#breadcrumb","itemListElement":[{"@type":"ListItem","position":1,"name":"Portada","item":"https:\/\/www.tapasmagazine.es\/"},{"@type":"ListItem","position":2,"name":"Sin categorizar","item":"https:\/\/www.tapasmagazine.es\/categorias\/sin-categorizar\/"},{"@type":"ListItem","position":3,"name":"Tapas Weekend: what to do in Ibiza?"}]},{"@type":"WebSite","@id":"https:\/\/www.tapasmagazine.es\/#website","url":"https:\/\/www.tapasmagazine.es\/","name":"Tapas","description":"\u00d1am \u00d1am Lifestyle. La vida a bocados. Premio Nacional de Gastronom\u00eda 2016.","publisher":{"@id":"https:\/\/www.tapasmagazine.es\/#organization"},"potentialAction":[{"@type":"SearchAction","target":{"@type":"EntryPoint","urlTemplate":"https:\/\/www.tapasmagazine.es\/?s={search_term_string}"},"query-input":{"@type":"PropertyValueSpecification","valueRequired":true,"valueName":"search_term_string"}}],"inLanguage":"en-US"},{"@type":"Organization","@id":"https:\/\/www.tapasmagazine.es\/#organization","name":"Tapas Magazine","url":"https:\/\/www.tapasmagazine.es\/","logo":{"@type":"ImageObject","inLanguage":"en-US","@id":"https:\/\/www.tapasmagazine.es\/#\/schema\/logo\/image\/","url":"https:\/\/www.tapasmagazine.es\/wp-content\/uploads\/2018\/01\/logo.png","contentUrl":"https:\/\/www.tapasmagazine.es\/wp-content\/uploads\/2018\/01\/logo.png","width":180,"height":60,"caption":"Tapas Magazine"},"image":{"@id":"https:\/\/www.tapasmagazine.es\/#\/schema\/logo\/image\/"},"sameAs":["https:\/\/www.facebook.com\/tapasmagazine","https:\/\/x.com\/TapasMagazine","https:\/\/www.instagram.com\/tapasmagazine\/","https:\/\/www.linkedin.com\/company\/tapas-magazine","https:\/\/es.pinterest.com\/tapasmagazine\/","https:\/\/www.youtube.com\/channel\/UCEyxneAaACuR0lfDagrWjjg?sub_confirmation=1"]},{"@type":"Person","@id":"https:\/\/www.tapasmagazine.es\/#\/schema\/person\/eb46cbe76a9c8f062660eb609e3ecb4e","name":"Laura P\u00e9rez","url":"https:\/\/www.tapasmagazine.es\/en\/author\/laura-perez\/"}]}},"_links":{"self":[{"href":"https:\/\/www.tapasmagazine.es\/en\/wp-json\/wp\/v2\/posts\/199250","targetHints":{"allow":["GET"]}}],"collection":[{"href":"https:\/\/www.tapasmagazine.es\/en\/wp-json\/wp\/v2\/posts"}],"about":[{"href":"https:\/\/www.tapasmagazine.es\/en\/wp-json\/wp\/v2\/types\/post"}],"author":[{"embeddable":true,"href":"https:\/\/www.tapasmagazine.es\/en\/wp-json\/wp\/v2\/users\/285"}],"replies":[{"embeddable":true,"href":"https:\/\/www.tapasmagazine.es\/en\/wp-json\/wp\/v2\/comments?post=199250"}],"version-history":[{"count":5,"href":"https:\/\/www.tapasmagazine.es\/en\/wp-json\/wp\/v2\/posts\/199250\/revisions"}],"predecessor-version":[{"id":199261,"href":"https:\/\/www.tapasmagazine.es\/en\/wp-json\/wp\/v2\/posts\/199250\/revisions\/199261"}],"wp:featuredmedia":[{"embeddable":true,"href":"https:\/\/www.tapasmagazine.es\/en\/wp-json\/wp\/v2\/media\/199206"}],"wp:attachment":[{"href":"https:\/\/www.tapasmagazine.es\/en\/wp-json\/wp\/v2\/media?parent=199250"}],"wp:term":[{"taxonomy":"category","embeddable":true,"href":"https:\/\/www.tapasmagazine.es\/en\/wp-json\/wp\/v2\/categories?post=199250"},{"taxonomy":"post_tag","embeddable":true,"href":"https:\/\/www.tapasmagazine.es\/en\/wp-json\/wp\/v2\/tags?post=199250"}],"curies":[{"name":"wp","href":"https:\/\/api.w.org\/{rel}","templated":true}]}}