{"id":198492,"date":"2023-07-17T11:22:23","date_gmt":"2023-07-17T09:22:23","guid":{"rendered":"https:\/\/www.tapasmagazine.es\/marques-de-riscal-se-erige-de-nuevo-como-segundo-mejor-vinedo-del-mundo\/"},"modified":"2023-07-17T11:29:39","modified_gmt":"2023-07-17T09:29:39","slug":"marques-de-riscal-is-once-again-the-worlds-second-best-vineyard","status":"publish","type":"post","link":"https:\/\/www.tapasmagazine.es\/en\/marques-de-riscal-is-once-again-the-worlds-second-best-vineyard\/","title":{"rendered":"Marqu\u00e9s de Riscal is once again the world&#8217;s second best vineyard"},"content":{"rendered":"\n<p><strong>Click\u00a0<a href=\"https:\/\/www.tapasmagazine.es\/marques-de-riscal-se-erige-de-nuevo-como-segundo-mejor-vinedo-del-mundo\/\" target=\"_blank\" rel=\"noreferrer noopener\">here<\/a>\u00a0to read the Spanish version.<\/strong><\/p>\n\n\n\n<p>The <strong>century-old winery<\/strong>, a benchmark in the wine industry since 1858, which inaugurated the <strong>City of Wine<\/strong> in 2006 with a building designed by architect Frank O. Gehry, now reaffirms its high reputation in the wine industry, being awarded the second prize for the best vineyard in the world.<\/p>\n\n\n\n<p>In the 2021 and 2022 editions, <strong>Marqu\u00e9s de Riscal<\/strong> was also chosen as the second best vineyard and winery in the world in the prestigious ranking of the best wine tourism destinations in the world. A recognition of the powerful heritage of this winery, and the continuous effort of its entire team that, beyond its wines, offers visitors a universe of innovative wine tourism experiences of the highest level.<\/p>\n\n\n<div class=\"wp-block-image\">\n<figure class=\"aligncenter size-large is-resized\"><a href=\"https:\/\/www.tapasmagazine.es\/wp-content\/uploads\/2023\/07\/marques-de-riscal-segundo-mejor-vinedo-mundo-2.jpg\"><img decoding=\"async\" src=\"https:\/\/www.tapasmagazine.es\/wp-content\/uploads\/2023\/07\/marques-de-riscal-segundo-mejor-vinedo-mundo-2-1024x576.jpg\" alt=\"\" class=\"wp-image-198480\" width=\"1054\" height=\"592\" srcset=\"https:\/\/www.tapasmagazine.es\/wp-content\/uploads\/2023\/07\/marques-de-riscal-segundo-mejor-vinedo-mundo-2-1024x576.jpg 1024w, https:\/\/www.tapasmagazine.es\/wp-content\/uploads\/2023\/07\/marques-de-riscal-segundo-mejor-vinedo-mundo-2-300x169.jpg 300w, https:\/\/www.tapasmagazine.es\/wp-content\/uploads\/2023\/07\/marques-de-riscal-segundo-mejor-vinedo-mundo-2-768x432.jpg 768w, https:\/\/www.tapasmagazine.es\/wp-content\/uploads\/2023\/07\/marques-de-riscal-segundo-mejor-vinedo-mundo-2-1536x864.jpg 1536w, https:\/\/www.tapasmagazine.es\/wp-content\/uploads\/2023\/07\/marques-de-riscal-segundo-mejor-vinedo-mundo-2-1200x675.jpg 1200w, https:\/\/www.tapasmagazine.es\/wp-content\/uploads\/2023\/07\/marques-de-riscal-segundo-mejor-vinedo-mundo-2-1000x563.jpg 1000w, https:\/\/www.tapasmagazine.es\/wp-content\/uploads\/2023\/07\/marques-de-riscal-segundo-mejor-vinedo-mundo-2-400x225.jpg 400w, https:\/\/www.tapasmagazine.es\/wp-content\/uploads\/2023\/07\/marques-de-riscal-segundo-mejor-vinedo-mundo-2.jpg 1920w\" sizes=\"(max-width: 1054px) 100vw, 1054px\" \/><\/a><\/figure>\n<\/div>\n\n\n<h2 class=\"wp-block-heading\">WORLD&#8217;S BEST VINEYARDS 2023<\/h2>\n\n\n\n<p>In this particular edition in which <strong>Rioja<\/strong> has hosted the celebration of the World&#8217;s Best Vineyards 2023, <strong>Alejandro Aznar<\/strong>, president of the company, attended the ceremony and collected the award from the organizer of the event, Andrew Reed.<\/p>\n\n\n\n<p>During the ceremony, Marqu\u00e9s de Riscal wished to congratulate<strong> Bodegas Beronia<\/strong>, host of the gala where the list of the 50 wineries included in the competition was announced, as well as the other Spanish wineries included in the prestigious ranking.<\/p>\n\n\n<div class=\"wp-block-image\">\n<figure class=\"aligncenter size-large is-resized\"><a href=\"https:\/\/www.tapasmagazine.es\/wp-content\/uploads\/2023\/07\/marques-de-riscal-segundo-mejor-vinedo-mundo-3-scaled.jpg\"><img decoding=\"async\" src=\"https:\/\/www.tapasmagazine.es\/wp-content\/uploads\/2023\/07\/marques-de-riscal-segundo-mejor-vinedo-mundo-3-1024x682.jpg\" alt=\"\" class=\"wp-image-198476\" width=\"1054\" height=\"702\" srcset=\"https:\/\/www.tapasmagazine.es\/wp-content\/uploads\/2023\/07\/marques-de-riscal-segundo-mejor-vinedo-mundo-3-1024x682.jpg 1024w, https:\/\/www.tapasmagazine.es\/wp-content\/uploads\/2023\/07\/marques-de-riscal-segundo-mejor-vinedo-mundo-3-300x200.jpg 300w, https:\/\/www.tapasmagazine.es\/wp-content\/uploads\/2023\/07\/marques-de-riscal-segundo-mejor-vinedo-mundo-3-768x512.jpg 768w, https:\/\/www.tapasmagazine.es\/wp-content\/uploads\/2023\/07\/marques-de-riscal-segundo-mejor-vinedo-mundo-3-1536x1023.jpg 1536w, https:\/\/www.tapasmagazine.es\/wp-content\/uploads\/2023\/07\/marques-de-riscal-segundo-mejor-vinedo-mundo-3-2048x1364.jpg 2048w, https:\/\/www.tapasmagazine.es\/wp-content\/uploads\/2023\/07\/marques-de-riscal-segundo-mejor-vinedo-mundo-3-1000x666.jpg 1000w, https:\/\/www.tapasmagazine.es\/wp-content\/uploads\/2023\/07\/marques-de-riscal-segundo-mejor-vinedo-mundo-3-400x266.jpg 400w\" sizes=\"(max-width: 1054px) 100vw, 1054px\" \/><\/a><\/figure>\n<\/div>\n\n\n<p>The company extended its congratulations to the rest of the participating wineries and, in particular, to Argentina&#8217;s <strong>Catena Zapata<\/strong>, which came first in the ranking. Finally, it congratulated the Rioja Designation of Origin for its great organization of the event.<\/p>\n","protected":false},"excerpt":{"rendered":"<p>Click\u00a0here\u00a0to read the Spanish version. The century-old winery, a benchmark in the wine industry since 1858, which inaugurated the City of Wine in 2006 with a building designed by architect Frank O. Gehry, now reaffirms its high reputation in the wine industry, being awarded the second prize for the best vineyard in the world. In [&hellip;]<\/p>\n","protected":false},"author":285,"featured_media":198458,"comment_status":"open","ping_status":"closed","sticky":false,"template":"single-feature.php","format":"standard","meta":{"_acf_changed":false,"footnotes":""},"categories":[15802,1],"tags":[18129,15907],"class_list":["post-198492","post","type-post","status-publish","format-standard","has-post-thumbnail","hentry","category-news","category-sin-categorizar","tag-marques-de-riscal-en","tag-vino-en","cat-15802-id","cat-1-id"],"acf":[],"yoast_head":"<!-- This site is optimized with the Yoast SEO plugin v27.5 - https:\/\/yoast.com\/product\/yoast-seo-wordpress\/ -->\n<title>Marqu\u00e9s de Riscal is once again the world&#039;s second best vineyard - Tapas<\/title>\n<meta name=\"description\" content=\"Click\u00a0here\u00a0to read the Spanish version. The century-old winery, a benchmark in the wine industry since 1858, which inaugurated the City of Wine in 2006\" \/>\n<meta name=\"robots\" content=\"index, follow, max-snippet:-1, max-image-preview:large, max-video-preview:-1\" \/>\n<link rel=\"canonical\" href=\"https:\/\/www.tapasmagazine.es\/en\/marques-de-riscal-is-once-again-the-worlds-second-best-vineyard\/\" \/>\n<meta property=\"og:locale\" content=\"en_US\" \/>\n<meta property=\"og:type\" content=\"article\" \/>\n<meta property=\"og:title\" content=\"Marqu\u00e9s de Riscal is once again the world&#039;s second best vineyard - Tapas\" \/>\n<meta property=\"og:description\" content=\"Click\u00a0here\u00a0to read the Spanish version. The century-old winery, a benchmark in the wine industry since 1858, which inaugurated the City of Wine in 2006\" \/>\n<meta property=\"og:url\" content=\"https:\/\/www.tapasmagazine.es\/en\/marques-de-riscal-is-once-again-the-worlds-second-best-vineyard\/\" \/>\n<meta property=\"og:site_name\" content=\"Tapas\" \/>\n<meta property=\"article:publisher\" content=\"https:\/\/www.facebook.com\/tapasmagazine\" \/>\n<meta property=\"article:published_time\" content=\"2023-07-17T09:22:23+00:00\" \/>\n<meta property=\"article:modified_time\" content=\"2023-07-17T09:29:39+00:00\" \/>\n<meta property=\"og:image\" content=\"https:\/\/www.tapasmagazine.es\/wp-content\/uploads\/2023\/07\/marques-de-riscal-segundo-mejor-vinedo-mundo-1.jpg\" \/>\n\t<meta property=\"og:image:width\" content=\"1200\" \/>\n\t<meta property=\"og:image:height\" content=\"675\" \/>\n\t<meta property=\"og:image:type\" content=\"image\/jpeg\" \/>\n<meta name=\"author\" content=\"Laura P\u00e9rez\" \/>\n<meta name=\"twitter:card\" content=\"summary_large_image\" \/>\n<meta name=\"twitter:creator\" content=\"@TapasMagazine\" \/>\n<meta name=\"twitter:site\" content=\"@TapasMagazine\" \/>\n<meta name=\"twitter:label1\" content=\"Written by\" \/>\n\t<meta name=\"twitter:data1\" content=\"Laura P\u00e9rez\" \/>\n\t<meta name=\"twitter:label2\" content=\"Est. reading time\" \/>\n\t<meta name=\"twitter:data2\" content=\"2 minutes\" \/>\n<script type=\"application\/ld+json\" class=\"yoast-schema-graph\">{\"@context\":\"https:\\\/\\\/schema.org\",\"@graph\":[{\"@type\":\"Article\",\"@id\":\"https:\\\/\\\/www.tapasmagazine.es\\\/en\\\/marques-de-riscal-is-once-again-the-worlds-second-best-vineyard\\\/#article\",\"isPartOf\":{\"@id\":\"https:\\\/\\\/www.tapasmagazine.es\\\/en\\\/marques-de-riscal-is-once-again-the-worlds-second-best-vineyard\\\/\"},\"author\":{\"name\":\"Laura P\u00e9rez\",\"@id\":\"https:\\\/\\\/www.tapasmagazine.es\\\/#\\\/schema\\\/person\\\/eb46cbe76a9c8f062660eb609e3ecb4e\"},\"headline\":\"Marqu\u00e9s de Riscal is once again the world&#8217;s second best vineyard\",\"datePublished\":\"2023-07-17T09:22:23+00:00\",\"dateModified\":\"2023-07-17T09:29:39+00:00\",\"mainEntityOfPage\":{\"@id\":\"https:\\\/\\\/www.tapasmagazine.es\\\/en\\\/marques-de-riscal-is-once-again-the-worlds-second-best-vineyard\\\/\"},\"wordCount\":258,\"commentCount\":0,\"publisher\":{\"@id\":\"https:\\\/\\\/www.tapasmagazine.es\\\/#organization\"},\"image\":{\"@id\":\"https:\\\/\\\/www.tapasmagazine.es\\\/en\\\/marques-de-riscal-is-once-again-the-worlds-second-best-vineyard\\\/#primaryimage\"},\"thumbnailUrl\":\"https:\\\/\\\/www.tapasmagazine.es\\\/wp-content\\\/uploads\\\/2023\\\/07\\\/marques-de-riscal-segundo-mejor-vinedo-mundo-1.jpg\",\"keywords\":[\"Marqu\u00e9s de Riscal\",\"vino\"],\"articleSection\":[\"News\",\"Sin categorizar\"],\"inLanguage\":\"en-US\",\"potentialAction\":[{\"@type\":\"CommentAction\",\"name\":\"Comment\",\"target\":[\"https:\\\/\\\/www.tapasmagazine.es\\\/en\\\/marques-de-riscal-is-once-again-the-worlds-second-best-vineyard\\\/#respond\"]}]},{\"@type\":\"WebPage\",\"@id\":\"https:\\\/\\\/www.tapasmagazine.es\\\/en\\\/marques-de-riscal-is-once-again-the-worlds-second-best-vineyard\\\/\",\"url\":\"https:\\\/\\\/www.tapasmagazine.es\\\/en\\\/marques-de-riscal-is-once-again-the-worlds-second-best-vineyard\\\/\",\"name\":\"Marqu\u00e9s de Riscal is once again the world's second best vineyard - Tapas\",\"isPartOf\":{\"@id\":\"https:\\\/\\\/www.tapasmagazine.es\\\/#website\"},\"primaryImageOfPage\":{\"@id\":\"https:\\\/\\\/www.tapasmagazine.es\\\/en\\\/marques-de-riscal-is-once-again-the-worlds-second-best-vineyard\\\/#primaryimage\"},\"image\":{\"@id\":\"https:\\\/\\\/www.tapasmagazine.es\\\/en\\\/marques-de-riscal-is-once-again-the-worlds-second-best-vineyard\\\/#primaryimage\"},\"thumbnailUrl\":\"https:\\\/\\\/www.tapasmagazine.es\\\/wp-content\\\/uploads\\\/2023\\\/07\\\/marques-de-riscal-segundo-mejor-vinedo-mundo-1.jpg\",\"datePublished\":\"2023-07-17T09:22:23+00:00\",\"dateModified\":\"2023-07-17T09:29:39+00:00\",\"description\":\"Click\u00a0here\u00a0to read the Spanish version. The century-old winery, a benchmark in the wine industry since 1858, which inaugurated the City of Wine in 2006\",\"breadcrumb\":{\"@id\":\"https:\\\/\\\/www.tapasmagazine.es\\\/en\\\/marques-de-riscal-is-once-again-the-worlds-second-best-vineyard\\\/#breadcrumb\"},\"inLanguage\":\"en-US\",\"potentialAction\":[{\"@type\":\"ReadAction\",\"target\":[\"https:\\\/\\\/www.tapasmagazine.es\\\/en\\\/marques-de-riscal-is-once-again-the-worlds-second-best-vineyard\\\/\"]}]},{\"@type\":\"ImageObject\",\"inLanguage\":\"en-US\",\"@id\":\"https:\\\/\\\/www.tapasmagazine.es\\\/en\\\/marques-de-riscal-is-once-again-the-worlds-second-best-vineyard\\\/#primaryimage\",\"url\":\"https:\\\/\\\/www.tapasmagazine.es\\\/wp-content\\\/uploads\\\/2023\\\/07\\\/marques-de-riscal-segundo-mejor-vinedo-mundo-1.jpg\",\"contentUrl\":\"https:\\\/\\\/www.tapasmagazine.es\\\/wp-content\\\/uploads\\\/2023\\\/07\\\/marques-de-riscal-segundo-mejor-vinedo-mundo-1.jpg\",\"width\":1200,\"height\":675},{\"@type\":\"BreadcrumbList\",\"@id\":\"https:\\\/\\\/www.tapasmagazine.es\\\/en\\\/marques-de-riscal-is-once-again-the-worlds-second-best-vineyard\\\/#breadcrumb\",\"itemListElement\":[{\"@type\":\"ListItem\",\"position\":1,\"name\":\"Portada\",\"item\":\"https:\\\/\\\/www.tapasmagazine.es\\\/\"},{\"@type\":\"ListItem\",\"position\":2,\"name\":\"Sin categorizar\",\"item\":\"https:\\\/\\\/www.tapasmagazine.es\\\/categorias\\\/sin-categorizar\\\/\"},{\"@type\":\"ListItem\",\"position\":3,\"name\":\"Marqu\u00e9s de Riscal is once again the world&#8217;s second best vineyard\"}]},{\"@type\":\"WebSite\",\"@id\":\"https:\\\/\\\/www.tapasmagazine.es\\\/#website\",\"url\":\"https:\\\/\\\/www.tapasmagazine.es\\\/\",\"name\":\"Tapas\",\"description\":\"\u00d1am \u00d1am Lifestyle. La vida a bocados. Premio Nacional de Gastronom\u00eda 2016.\",\"publisher\":{\"@id\":\"https:\\\/\\\/www.tapasmagazine.es\\\/#organization\"},\"potentialAction\":[{\"@type\":\"SearchAction\",\"target\":{\"@type\":\"EntryPoint\",\"urlTemplate\":\"https:\\\/\\\/www.tapasmagazine.es\\\/?s={search_term_string}\"},\"query-input\":{\"@type\":\"PropertyValueSpecification\",\"valueRequired\":true,\"valueName\":\"search_term_string\"}}],\"inLanguage\":\"en-US\"},{\"@type\":\"Organization\",\"@id\":\"https:\\\/\\\/www.tapasmagazine.es\\\/#organization\",\"name\":\"Tapas Magazine\",\"url\":\"https:\\\/\\\/www.tapasmagazine.es\\\/\",\"logo\":{\"@type\":\"ImageObject\",\"inLanguage\":\"en-US\",\"@id\":\"https:\\\/\\\/www.tapasmagazine.es\\\/#\\\/schema\\\/logo\\\/image\\\/\",\"url\":\"https:\\\/\\\/www.tapasmagazine.es\\\/wp-content\\\/uploads\\\/2018\\\/01\\\/logo.png\",\"contentUrl\":\"https:\\\/\\\/www.tapasmagazine.es\\\/wp-content\\\/uploads\\\/2018\\\/01\\\/logo.png\",\"width\":180,\"height\":60,\"caption\":\"Tapas Magazine\"},\"image\":{\"@id\":\"https:\\\/\\\/www.tapasmagazine.es\\\/#\\\/schema\\\/logo\\\/image\\\/\"},\"sameAs\":[\"https:\\\/\\\/www.facebook.com\\\/tapasmagazine\",\"https:\\\/\\\/x.com\\\/TapasMagazine\",\"https:\\\/\\\/www.instagram.com\\\/tapasmagazine\\\/\",\"https:\\\/\\\/www.linkedin.com\\\/company\\\/tapas-magazine\",\"https:\\\/\\\/es.pinterest.com\\\/tapasmagazine\\\/\",\"https:\\\/\\\/www.youtube.com\\\/channel\\\/UCEyxneAaACuR0lfDagrWjjg?sub_confirmation=1\"]},{\"@type\":\"Person\",\"@id\":\"https:\\\/\\\/www.tapasmagazine.es\\\/#\\\/schema\\\/person\\\/eb46cbe76a9c8f062660eb609e3ecb4e\",\"name\":\"Laura P\u00e9rez\",\"url\":\"https:\\\/\\\/www.tapasmagazine.es\\\/en\\\/author\\\/laura-perez\\\/\"}]}<\/script>\n<!-- \/ Yoast SEO plugin. -->","yoast_head_json":{"title":"Marqu\u00e9s de Riscal is once again the world's second best vineyard - Tapas","description":"Click\u00a0here\u00a0to read the Spanish version. The century-old winery, a benchmark in the wine industry since 1858, which inaugurated the City of Wine in 2006","robots":{"index":"index","follow":"follow","max-snippet":"max-snippet:-1","max-image-preview":"max-image-preview:large","max-video-preview":"max-video-preview:-1"},"canonical":"https:\/\/www.tapasmagazine.es\/en\/marques-de-riscal-is-once-again-the-worlds-second-best-vineyard\/","og_locale":"en_US","og_type":"article","og_title":"Marqu\u00e9s de Riscal is once again the world's second best vineyard - Tapas","og_description":"Click\u00a0here\u00a0to read the Spanish version. The century-old winery, a benchmark in the wine industry since 1858, which inaugurated the City of Wine in 2006","og_url":"https:\/\/www.tapasmagazine.es\/en\/marques-de-riscal-is-once-again-the-worlds-second-best-vineyard\/","og_site_name":"Tapas","article_publisher":"https:\/\/www.facebook.com\/tapasmagazine","article_published_time":"2023-07-17T09:22:23+00:00","article_modified_time":"2023-07-17T09:29:39+00:00","og_image":[{"width":1200,"height":675,"url":"https:\/\/www.tapasmagazine.es\/wp-content\/uploads\/2023\/07\/marques-de-riscal-segundo-mejor-vinedo-mundo-1.jpg","type":"image\/jpeg"}],"author":"Laura P\u00e9rez","twitter_card":"summary_large_image","twitter_creator":"@TapasMagazine","twitter_site":"@TapasMagazine","twitter_misc":{"Written by":"Laura P\u00e9rez","Est. reading time":"2 minutes"},"schema":{"@context":"https:\/\/schema.org","@graph":[{"@type":"Article","@id":"https:\/\/www.tapasmagazine.es\/en\/marques-de-riscal-is-once-again-the-worlds-second-best-vineyard\/#article","isPartOf":{"@id":"https:\/\/www.tapasmagazine.es\/en\/marques-de-riscal-is-once-again-the-worlds-second-best-vineyard\/"},"author":{"name":"Laura P\u00e9rez","@id":"https:\/\/www.tapasmagazine.es\/#\/schema\/person\/eb46cbe76a9c8f062660eb609e3ecb4e"},"headline":"Marqu\u00e9s de Riscal is once again the world&#8217;s second best vineyard","datePublished":"2023-07-17T09:22:23+00:00","dateModified":"2023-07-17T09:29:39+00:00","mainEntityOfPage":{"@id":"https:\/\/www.tapasmagazine.es\/en\/marques-de-riscal-is-once-again-the-worlds-second-best-vineyard\/"},"wordCount":258,"commentCount":0,"publisher":{"@id":"https:\/\/www.tapasmagazine.es\/#organization"},"image":{"@id":"https:\/\/www.tapasmagazine.es\/en\/marques-de-riscal-is-once-again-the-worlds-second-best-vineyard\/#primaryimage"},"thumbnailUrl":"https:\/\/www.tapasmagazine.es\/wp-content\/uploads\/2023\/07\/marques-de-riscal-segundo-mejor-vinedo-mundo-1.jpg","keywords":["Marqu\u00e9s de Riscal","vino"],"articleSection":["News","Sin categorizar"],"inLanguage":"en-US","potentialAction":[{"@type":"CommentAction","name":"Comment","target":["https:\/\/www.tapasmagazine.es\/en\/marques-de-riscal-is-once-again-the-worlds-second-best-vineyard\/#respond"]}]},{"@type":"WebPage","@id":"https:\/\/www.tapasmagazine.es\/en\/marques-de-riscal-is-once-again-the-worlds-second-best-vineyard\/","url":"https:\/\/www.tapasmagazine.es\/en\/marques-de-riscal-is-once-again-the-worlds-second-best-vineyard\/","name":"Marqu\u00e9s de Riscal is once again the world's second best vineyard - Tapas","isPartOf":{"@id":"https:\/\/www.tapasmagazine.es\/#website"},"primaryImageOfPage":{"@id":"https:\/\/www.tapasmagazine.es\/en\/marques-de-riscal-is-once-again-the-worlds-second-best-vineyard\/#primaryimage"},"image":{"@id":"https:\/\/www.tapasmagazine.es\/en\/marques-de-riscal-is-once-again-the-worlds-second-best-vineyard\/#primaryimage"},"thumbnailUrl":"https:\/\/www.tapasmagazine.es\/wp-content\/uploads\/2023\/07\/marques-de-riscal-segundo-mejor-vinedo-mundo-1.jpg","datePublished":"2023-07-17T09:22:23+00:00","dateModified":"2023-07-17T09:29:39+00:00","description":"Click\u00a0here\u00a0to read the Spanish version. The century-old winery, a benchmark in the wine industry since 1858, which inaugurated the City of Wine in 2006","breadcrumb":{"@id":"https:\/\/www.tapasmagazine.es\/en\/marques-de-riscal-is-once-again-the-worlds-second-best-vineyard\/#breadcrumb"},"inLanguage":"en-US","potentialAction":[{"@type":"ReadAction","target":["https:\/\/www.tapasmagazine.es\/en\/marques-de-riscal-is-once-again-the-worlds-second-best-vineyard\/"]}]},{"@type":"ImageObject","inLanguage":"en-US","@id":"https:\/\/www.tapasmagazine.es\/en\/marques-de-riscal-is-once-again-the-worlds-second-best-vineyard\/#primaryimage","url":"https:\/\/www.tapasmagazine.es\/wp-content\/uploads\/2023\/07\/marques-de-riscal-segundo-mejor-vinedo-mundo-1.jpg","contentUrl":"https:\/\/www.tapasmagazine.es\/wp-content\/uploads\/2023\/07\/marques-de-riscal-segundo-mejor-vinedo-mundo-1.jpg","width":1200,"height":675},{"@type":"BreadcrumbList","@id":"https:\/\/www.tapasmagazine.es\/en\/marques-de-riscal-is-once-again-the-worlds-second-best-vineyard\/#breadcrumb","itemListElement":[{"@type":"ListItem","position":1,"name":"Portada","item":"https:\/\/www.tapasmagazine.es\/"},{"@type":"ListItem","position":2,"name":"Sin categorizar","item":"https:\/\/www.tapasmagazine.es\/categorias\/sin-categorizar\/"},{"@type":"ListItem","position":3,"name":"Marqu\u00e9s de Riscal is once again the world&#8217;s second best vineyard"}]},{"@type":"WebSite","@id":"https:\/\/www.tapasmagazine.es\/#website","url":"https:\/\/www.tapasmagazine.es\/","name":"Tapas","description":"\u00d1am \u00d1am Lifestyle. La vida a bocados. Premio Nacional de Gastronom\u00eda 2016.","publisher":{"@id":"https:\/\/www.tapasmagazine.es\/#organization"},"potentialAction":[{"@type":"SearchAction","target":{"@type":"EntryPoint","urlTemplate":"https:\/\/www.tapasmagazine.es\/?s={search_term_string}"},"query-input":{"@type":"PropertyValueSpecification","valueRequired":true,"valueName":"search_term_string"}}],"inLanguage":"en-US"},{"@type":"Organization","@id":"https:\/\/www.tapasmagazine.es\/#organization","name":"Tapas Magazine","url":"https:\/\/www.tapasmagazine.es\/","logo":{"@type":"ImageObject","inLanguage":"en-US","@id":"https:\/\/www.tapasmagazine.es\/#\/schema\/logo\/image\/","url":"https:\/\/www.tapasmagazine.es\/wp-content\/uploads\/2018\/01\/logo.png","contentUrl":"https:\/\/www.tapasmagazine.es\/wp-content\/uploads\/2018\/01\/logo.png","width":180,"height":60,"caption":"Tapas Magazine"},"image":{"@id":"https:\/\/www.tapasmagazine.es\/#\/schema\/logo\/image\/"},"sameAs":["https:\/\/www.facebook.com\/tapasmagazine","https:\/\/x.com\/TapasMagazine","https:\/\/www.instagram.com\/tapasmagazine\/","https:\/\/www.linkedin.com\/company\/tapas-magazine","https:\/\/es.pinterest.com\/tapasmagazine\/","https:\/\/www.youtube.com\/channel\/UCEyxneAaACuR0lfDagrWjjg?sub_confirmation=1"]},{"@type":"Person","@id":"https:\/\/www.tapasmagazine.es\/#\/schema\/person\/eb46cbe76a9c8f062660eb609e3ecb4e","name":"Laura P\u00e9rez","url":"https:\/\/www.tapasmagazine.es\/en\/author\/laura-perez\/"}]}},"_links":{"self":[{"href":"https:\/\/www.tapasmagazine.es\/en\/wp-json\/wp\/v2\/posts\/198492","targetHints":{"allow":["GET"]}}],"collection":[{"href":"https:\/\/www.tapasmagazine.es\/en\/wp-json\/wp\/v2\/posts"}],"about":[{"href":"https:\/\/www.tapasmagazine.es\/en\/wp-json\/wp\/v2\/types\/post"}],"author":[{"embeddable":true,"href":"https:\/\/www.tapasmagazine.es\/en\/wp-json\/wp\/v2\/users\/285"}],"replies":[{"embeddable":true,"href":"https:\/\/www.tapasmagazine.es\/en\/wp-json\/wp\/v2\/comments?post=198492"}],"version-history":[{"count":4,"href":"https:\/\/www.tapasmagazine.es\/en\/wp-json\/wp\/v2\/posts\/198492\/revisions"}],"predecessor-version":[{"id":198497,"href":"https:\/\/www.tapasmagazine.es\/en\/wp-json\/wp\/v2\/posts\/198492\/revisions\/198497"}],"wp:featuredmedia":[{"embeddable":true,"href":"https:\/\/www.tapasmagazine.es\/en\/wp-json\/wp\/v2\/media\/198458"}],"wp:attachment":[{"href":"https:\/\/www.tapasmagazine.es\/en\/wp-json\/wp\/v2\/media?parent=198492"}],"wp:term":[{"taxonomy":"category","embeddable":true,"href":"https:\/\/www.tapasmagazine.es\/en\/wp-json\/wp\/v2\/categories?post=198492"},{"taxonomy":"post_tag","embeddable":true,"href":"https:\/\/www.tapasmagazine.es\/en\/wp-json\/wp\/v2\/tags?post=198492"}],"curies":[{"name":"wp","href":"https:\/\/api.w.org\/{rel}","templated":true}]}}