{"id":198429,"date":"2023-07-17T10:30:23","date_gmt":"2023-07-17T08:30:23","guid":{"rendered":"https:\/\/www.tapasmagazine.es\/starbucks-anuncia-una-nueva-colaboracion-de-estilo-k-pop-con-blackpink\/"},"modified":"2023-07-17T10:33:42","modified_gmt":"2023-07-17T08:33:42","slug":"starbucks-announces-new-k-pop-collaboration-with-blackpink","status":"publish","type":"post","link":"https:\/\/www.tapasmagazine.es\/en\/starbucks-announces-new-k-pop-collaboration-with-blackpink\/","title":{"rendered":"Starbucks announces new K-pop collaboration with BLACKPINK"},"content":{"rendered":"\n<p><strong>Click\u00a0<a href=\"https:\/\/www.tapasmagazine.es\/starbucks-anuncia-una-nueva-colaboracion-de-estilo-k-pop-con-blackpink\/\" target=\"_blank\" rel=\"noreferrer noopener\">here<\/a>\u00a0to read the Spanish version.<\/strong><\/p>\n\n\n\n<p>South Korean culture and the K-pop music trend continue to thrive, fusing genres and inspiring an aesthetic movement that now takes the Starbucks stage with BLACKPINK.<\/p>\n\n\n\n<p>After debuting a joint collaboration in 2021, exclusive to <strong>Thailand<\/strong>, which included a collection of beverages and lifestyle accessories inspired by the dynamic and playful designs that represent the band&#8217;s personalities, now the coffee chain and the K-pop girl group are bringing their identities back together to offer a new <strong>merchandising collection<\/strong> represented by the <strong>BLACKPINK universe<\/strong>.<\/p>\n\n\n<div class=\"wp-block-image\">\n<figure class=\"aligncenter size-full is-resized\"><a href=\"https:\/\/www.tapasmagazine.es\/wp-content\/uploads\/2023\/07\/starbucks-blackpink-2.png\"><img decoding=\"async\" src=\"https:\/\/www.tapasmagazine.es\/wp-content\/uploads\/2023\/07\/starbucks-blackpink-2.png\" alt=\"\" class=\"wp-image-198402\" width=\"1046\" height=\"785\" srcset=\"https:\/\/www.tapasmagazine.es\/wp-content\/uploads\/2023\/07\/starbucks-blackpink-2.png 1024w, https:\/\/www.tapasmagazine.es\/wp-content\/uploads\/2023\/07\/starbucks-blackpink-2-300x225.png 300w, https:\/\/www.tapasmagazine.es\/wp-content\/uploads\/2023\/07\/starbucks-blackpink-2-768x576.png 768w, https:\/\/www.tapasmagazine.es\/wp-content\/uploads\/2023\/07\/starbucks-blackpink-2-1000x750.png 1000w, https:\/\/www.tapasmagazine.es\/wp-content\/uploads\/2023\/07\/starbucks-blackpink-2-400x300.png 400w\" sizes=\"(max-width: 1046px) 100vw, 1046px\" \/><\/a><\/figure>\n<\/div>\n\n\n<p>This collaboration, unveiled by Korean media outlet <strong>Maeil Business Daily<\/strong>, is part of Starbucks&#8217; strategic plan to leverage the strength of BLACKPINK&#8217;s extensive international fandom.<\/p>\n\n\n\n<p>The new collection is expected to include a series of items such as mugs, key chains, bags or aprons, sheathed in the style, representative color palette, logo and aesthetic codes of the girl band.<\/p>\n\n\n\n<figure class=\"wp-block-embed aligncenter is-type-rich is-provider-twitter wp-block-embed-twitter\"><div class=\"wp-block-embed__wrapper\">\n<blockquote class=\"twitter-tweet\" data-width=\"550\" data-dnt=\"true\"><p lang=\"th\" dir=\"ltr\">\u0e08\u0e30\u0e02\u0e32\u0e22\u0e43\u0e19\u0e44\u0e17\u0e22\u0e44\u0e2b\u0e21\u0e19\u0e49\u0e2d \u0e2b\u0e23\u0e37\u0e2d\u0e27\u0e48\u0e32\u0e21\u0e35\u0e41\u0e15\u0e48\u0e40\u0e01\u0e32\u0e2b\u0e25\u0e35 <a href=\"https:\/\/t.co\/sqfkevzeB2\">pic.twitter.com\/sqfkevzeB2<\/a><\/p>&mdash; CHINGAI (@chingaishop) <a href=\"https:\/\/twitter.com\/chingaishop\/status\/1676435806041571328?ref_src=twsrc%5Etfw\">July 5, 2023<\/a><\/blockquote><script async src=\"https:\/\/platform.twitter.com\/widgets.js\" charset=\"utf-8\"><\/script>\n<\/div><\/figure>\n\n\n\n<p>However, considering that this collaboration will only be available in <strong>South Korea<\/strong>, international fans will have to fly to Korean Starbucks outlets to get their hands on items from this highly anticipated <strong>BLACKPINK 2023 collection<\/strong>.<\/p>\n","protected":false},"excerpt":{"rendered":"<p>Click\u00a0here\u00a0to read the Spanish version. South Korean culture and the K-pop music trend continue to thrive, fusing genres and inspiring an aesthetic movement that now takes the Starbucks stage with BLACKPINK. After debuting a joint collaboration in 2021, exclusive to Thailand, which included a collection of beverages and lifestyle accessories inspired by the dynamic and [&hellip;]<\/p>\n","protected":false},"author":285,"featured_media":198390,"comment_status":"open","ping_status":"closed","sticky":false,"template":"single-feature.php","format":"standard","meta":{"_acf_changed":false,"footnotes":""},"categories":[15802],"tags":[16538],"class_list":["post-198429","post","type-post","status-publish","format-standard","has-post-thumbnail","hentry","category-news","tag-starbucks-en","cat-15802-id"],"acf":[],"yoast_head":"<!-- This site is optimized with the Yoast SEO plugin v27.4 - https:\/\/yoast.com\/product\/yoast-seo-wordpress\/ -->\n<title>Starbucks announces new K-pop collaboration with BLACKPINK - Tapas<\/title>\n<meta name=\"description\" content=\"Click\u00a0here\u00a0to read the Spanish version. South Korean culture and the K-pop music trend continue to thrive, fusing genres and inspiring an aesthetic\" \/>\n<meta name=\"robots\" content=\"index, follow, max-snippet:-1, max-image-preview:large, max-video-preview:-1\" \/>\n<link rel=\"canonical\" href=\"https:\/\/www.tapasmagazine.es\/en\/starbucks-announces-new-k-pop-collaboration-with-blackpink\/\" \/>\n<meta property=\"og:locale\" content=\"en_US\" \/>\n<meta property=\"og:type\" content=\"article\" \/>\n<meta property=\"og:title\" content=\"Starbucks announces new K-pop collaboration with BLACKPINK - Tapas\" \/>\n<meta property=\"og:description\" content=\"Click\u00a0here\u00a0to read the Spanish version. South Korean culture and the K-pop music trend continue to thrive, fusing genres and inspiring an aesthetic\" \/>\n<meta property=\"og:url\" content=\"https:\/\/www.tapasmagazine.es\/en\/starbucks-announces-new-k-pop-collaboration-with-blackpink\/\" \/>\n<meta property=\"og:site_name\" content=\"Tapas\" \/>\n<meta property=\"article:publisher\" content=\"https:\/\/www.facebook.com\/tapasmagazine\" \/>\n<meta property=\"article:published_time\" content=\"2023-07-17T08:30:23+00:00\" \/>\n<meta property=\"article:modified_time\" content=\"2023-07-17T08:33:42+00:00\" \/>\n<meta property=\"og:image\" content=\"https:\/\/www.tapasmagazine.es\/wp-content\/uploads\/2023\/07\/starbucks-blackpink-1.jpg\" \/>\n\t<meta property=\"og:image:width\" content=\"1200\" \/>\n\t<meta property=\"og:image:height\" content=\"675\" \/>\n\t<meta property=\"og:image:type\" content=\"image\/jpeg\" \/>\n<meta name=\"author\" content=\"Laura P\u00e9rez\" \/>\n<meta name=\"twitter:card\" content=\"summary_large_image\" \/>\n<meta name=\"twitter:creator\" content=\"@TapasMagazine\" \/>\n<meta name=\"twitter:site\" content=\"@TapasMagazine\" \/>\n<meta name=\"twitter:label1\" content=\"Written by\" \/>\n\t<meta name=\"twitter:data1\" content=\"Laura P\u00e9rez\" \/>\n\t<meta name=\"twitter:label2\" content=\"Est. reading time\" \/>\n\t<meta name=\"twitter:data2\" content=\"2 minutes\" \/>\n<script type=\"application\/ld+json\" class=\"yoast-schema-graph\">{\"@context\":\"https:\\\/\\\/schema.org\",\"@graph\":[{\"@type\":\"Article\",\"@id\":\"https:\\\/\\\/www.tapasmagazine.es\\\/en\\\/starbucks-announces-new-k-pop-collaboration-with-blackpink\\\/#article\",\"isPartOf\":{\"@id\":\"https:\\\/\\\/www.tapasmagazine.es\\\/en\\\/starbucks-announces-new-k-pop-collaboration-with-blackpink\\\/\"},\"author\":{\"name\":\"Laura P\u00e9rez\",\"@id\":\"https:\\\/\\\/www.tapasmagazine.es\\\/#\\\/schema\\\/person\\\/eb46cbe76a9c8f062660eb609e3ecb4e\"},\"headline\":\"Starbucks announces new K-pop collaboration with BLACKPINK\",\"datePublished\":\"2023-07-17T08:30:23+00:00\",\"dateModified\":\"2023-07-17T08:33:42+00:00\",\"mainEntityOfPage\":{\"@id\":\"https:\\\/\\\/www.tapasmagazine.es\\\/en\\\/starbucks-announces-new-k-pop-collaboration-with-blackpink\\\/\"},\"wordCount\":227,\"commentCount\":0,\"publisher\":{\"@id\":\"https:\\\/\\\/www.tapasmagazine.es\\\/#organization\"},\"image\":{\"@id\":\"https:\\\/\\\/www.tapasmagazine.es\\\/en\\\/starbucks-announces-new-k-pop-collaboration-with-blackpink\\\/#primaryimage\"},\"thumbnailUrl\":\"https:\\\/\\\/www.tapasmagazine.es\\\/wp-content\\\/uploads\\\/2023\\\/07\\\/starbucks-blackpink-1.jpg\",\"keywords\":[\"starbucks\"],\"articleSection\":[\"News\"],\"inLanguage\":\"en-US\",\"potentialAction\":[{\"@type\":\"CommentAction\",\"name\":\"Comment\",\"target\":[\"https:\\\/\\\/www.tapasmagazine.es\\\/en\\\/starbucks-announces-new-k-pop-collaboration-with-blackpink\\\/#respond\"]}]},{\"@type\":\"WebPage\",\"@id\":\"https:\\\/\\\/www.tapasmagazine.es\\\/en\\\/starbucks-announces-new-k-pop-collaboration-with-blackpink\\\/\",\"url\":\"https:\\\/\\\/www.tapasmagazine.es\\\/en\\\/starbucks-announces-new-k-pop-collaboration-with-blackpink\\\/\",\"name\":\"Starbucks announces new K-pop collaboration with BLACKPINK - Tapas\",\"isPartOf\":{\"@id\":\"https:\\\/\\\/www.tapasmagazine.es\\\/#website\"},\"primaryImageOfPage\":{\"@id\":\"https:\\\/\\\/www.tapasmagazine.es\\\/en\\\/starbucks-announces-new-k-pop-collaboration-with-blackpink\\\/#primaryimage\"},\"image\":{\"@id\":\"https:\\\/\\\/www.tapasmagazine.es\\\/en\\\/starbucks-announces-new-k-pop-collaboration-with-blackpink\\\/#primaryimage\"},\"thumbnailUrl\":\"https:\\\/\\\/www.tapasmagazine.es\\\/wp-content\\\/uploads\\\/2023\\\/07\\\/starbucks-blackpink-1.jpg\",\"datePublished\":\"2023-07-17T08:30:23+00:00\",\"dateModified\":\"2023-07-17T08:33:42+00:00\",\"description\":\"Click\u00a0here\u00a0to read the Spanish version. South Korean culture and the K-pop music trend continue to thrive, fusing genres and inspiring an aesthetic\",\"breadcrumb\":{\"@id\":\"https:\\\/\\\/www.tapasmagazine.es\\\/en\\\/starbucks-announces-new-k-pop-collaboration-with-blackpink\\\/#breadcrumb\"},\"inLanguage\":\"en-US\",\"potentialAction\":[{\"@type\":\"ReadAction\",\"target\":[\"https:\\\/\\\/www.tapasmagazine.es\\\/en\\\/starbucks-announces-new-k-pop-collaboration-with-blackpink\\\/\"]}]},{\"@type\":\"ImageObject\",\"inLanguage\":\"en-US\",\"@id\":\"https:\\\/\\\/www.tapasmagazine.es\\\/en\\\/starbucks-announces-new-k-pop-collaboration-with-blackpink\\\/#primaryimage\",\"url\":\"https:\\\/\\\/www.tapasmagazine.es\\\/wp-content\\\/uploads\\\/2023\\\/07\\\/starbucks-blackpink-1.jpg\",\"contentUrl\":\"https:\\\/\\\/www.tapasmagazine.es\\\/wp-content\\\/uploads\\\/2023\\\/07\\\/starbucks-blackpink-1.jpg\",\"width\":1200,\"height\":675},{\"@type\":\"BreadcrumbList\",\"@id\":\"https:\\\/\\\/www.tapasmagazine.es\\\/en\\\/starbucks-announces-new-k-pop-collaboration-with-blackpink\\\/#breadcrumb\",\"itemListElement\":[{\"@type\":\"ListItem\",\"position\":1,\"name\":\"Portada\",\"item\":\"https:\\\/\\\/www.tapasmagazine.es\\\/\"},{\"@type\":\"ListItem\",\"position\":2,\"name\":\"News\",\"item\":\"https:\\\/\\\/www.tapasmagazine.es\\\/en\\\/categorias\\\/news\\\/\"},{\"@type\":\"ListItem\",\"position\":3,\"name\":\"Starbucks announces new K-pop collaboration with BLACKPINK\"}]},{\"@type\":\"WebSite\",\"@id\":\"https:\\\/\\\/www.tapasmagazine.es\\\/#website\",\"url\":\"https:\\\/\\\/www.tapasmagazine.es\\\/\",\"name\":\"Tapas\",\"description\":\"\u00d1am \u00d1am Lifestyle. La vida a bocados. Premio Nacional de Gastronom\u00eda 2016.\",\"publisher\":{\"@id\":\"https:\\\/\\\/www.tapasmagazine.es\\\/#organization\"},\"potentialAction\":[{\"@type\":\"SearchAction\",\"target\":{\"@type\":\"EntryPoint\",\"urlTemplate\":\"https:\\\/\\\/www.tapasmagazine.es\\\/?s={search_term_string}\"},\"query-input\":{\"@type\":\"PropertyValueSpecification\",\"valueRequired\":true,\"valueName\":\"search_term_string\"}}],\"inLanguage\":\"en-US\"},{\"@type\":\"Organization\",\"@id\":\"https:\\\/\\\/www.tapasmagazine.es\\\/#organization\",\"name\":\"Tapas Magazine\",\"url\":\"https:\\\/\\\/www.tapasmagazine.es\\\/\",\"logo\":{\"@type\":\"ImageObject\",\"inLanguage\":\"en-US\",\"@id\":\"https:\\\/\\\/www.tapasmagazine.es\\\/#\\\/schema\\\/logo\\\/image\\\/\",\"url\":\"https:\\\/\\\/www.tapasmagazine.es\\\/wp-content\\\/uploads\\\/2018\\\/01\\\/logo.png\",\"contentUrl\":\"https:\\\/\\\/www.tapasmagazine.es\\\/wp-content\\\/uploads\\\/2018\\\/01\\\/logo.png\",\"width\":180,\"height\":60,\"caption\":\"Tapas Magazine\"},\"image\":{\"@id\":\"https:\\\/\\\/www.tapasmagazine.es\\\/#\\\/schema\\\/logo\\\/image\\\/\"},\"sameAs\":[\"https:\\\/\\\/www.facebook.com\\\/tapasmagazine\",\"https:\\\/\\\/x.com\\\/TapasMagazine\",\"https:\\\/\\\/www.instagram.com\\\/tapasmagazine\\\/\",\"https:\\\/\\\/www.linkedin.com\\\/company\\\/tapas-magazine\",\"https:\\\/\\\/es.pinterest.com\\\/tapasmagazine\\\/\",\"https:\\\/\\\/www.youtube.com\\\/channel\\\/UCEyxneAaACuR0lfDagrWjjg?sub_confirmation=1\"]},{\"@type\":\"Person\",\"@id\":\"https:\\\/\\\/www.tapasmagazine.es\\\/#\\\/schema\\\/person\\\/eb46cbe76a9c8f062660eb609e3ecb4e\",\"name\":\"Laura P\u00e9rez\",\"url\":\"https:\\\/\\\/www.tapasmagazine.es\\\/en\\\/author\\\/laura-perez\\\/\"}]}<\/script>\n<!-- \/ Yoast SEO plugin. -->","yoast_head_json":{"title":"Starbucks announces new K-pop collaboration with BLACKPINK - Tapas","description":"Click\u00a0here\u00a0to read the Spanish version. South Korean culture and the K-pop music trend continue to thrive, fusing genres and inspiring an aesthetic","robots":{"index":"index","follow":"follow","max-snippet":"max-snippet:-1","max-image-preview":"max-image-preview:large","max-video-preview":"max-video-preview:-1"},"canonical":"https:\/\/www.tapasmagazine.es\/en\/starbucks-announces-new-k-pop-collaboration-with-blackpink\/","og_locale":"en_US","og_type":"article","og_title":"Starbucks announces new K-pop collaboration with BLACKPINK - Tapas","og_description":"Click\u00a0here\u00a0to read the Spanish version. South Korean culture and the K-pop music trend continue to thrive, fusing genres and inspiring an aesthetic","og_url":"https:\/\/www.tapasmagazine.es\/en\/starbucks-announces-new-k-pop-collaboration-with-blackpink\/","og_site_name":"Tapas","article_publisher":"https:\/\/www.facebook.com\/tapasmagazine","article_published_time":"2023-07-17T08:30:23+00:00","article_modified_time":"2023-07-17T08:33:42+00:00","og_image":[{"width":1200,"height":675,"url":"https:\/\/www.tapasmagazine.es\/wp-content\/uploads\/2023\/07\/starbucks-blackpink-1.jpg","type":"image\/jpeg"}],"author":"Laura P\u00e9rez","twitter_card":"summary_large_image","twitter_creator":"@TapasMagazine","twitter_site":"@TapasMagazine","twitter_misc":{"Written by":"Laura P\u00e9rez","Est. reading time":"2 minutes"},"schema":{"@context":"https:\/\/schema.org","@graph":[{"@type":"Article","@id":"https:\/\/www.tapasmagazine.es\/en\/starbucks-announces-new-k-pop-collaboration-with-blackpink\/#article","isPartOf":{"@id":"https:\/\/www.tapasmagazine.es\/en\/starbucks-announces-new-k-pop-collaboration-with-blackpink\/"},"author":{"name":"Laura P\u00e9rez","@id":"https:\/\/www.tapasmagazine.es\/#\/schema\/person\/eb46cbe76a9c8f062660eb609e3ecb4e"},"headline":"Starbucks announces new K-pop collaboration with BLACKPINK","datePublished":"2023-07-17T08:30:23+00:00","dateModified":"2023-07-17T08:33:42+00:00","mainEntityOfPage":{"@id":"https:\/\/www.tapasmagazine.es\/en\/starbucks-announces-new-k-pop-collaboration-with-blackpink\/"},"wordCount":227,"commentCount":0,"publisher":{"@id":"https:\/\/www.tapasmagazine.es\/#organization"},"image":{"@id":"https:\/\/www.tapasmagazine.es\/en\/starbucks-announces-new-k-pop-collaboration-with-blackpink\/#primaryimage"},"thumbnailUrl":"https:\/\/www.tapasmagazine.es\/wp-content\/uploads\/2023\/07\/starbucks-blackpink-1.jpg","keywords":["starbucks"],"articleSection":["News"],"inLanguage":"en-US","potentialAction":[{"@type":"CommentAction","name":"Comment","target":["https:\/\/www.tapasmagazine.es\/en\/starbucks-announces-new-k-pop-collaboration-with-blackpink\/#respond"]}]},{"@type":"WebPage","@id":"https:\/\/www.tapasmagazine.es\/en\/starbucks-announces-new-k-pop-collaboration-with-blackpink\/","url":"https:\/\/www.tapasmagazine.es\/en\/starbucks-announces-new-k-pop-collaboration-with-blackpink\/","name":"Starbucks announces new K-pop collaboration with BLACKPINK - Tapas","isPartOf":{"@id":"https:\/\/www.tapasmagazine.es\/#website"},"primaryImageOfPage":{"@id":"https:\/\/www.tapasmagazine.es\/en\/starbucks-announces-new-k-pop-collaboration-with-blackpink\/#primaryimage"},"image":{"@id":"https:\/\/www.tapasmagazine.es\/en\/starbucks-announces-new-k-pop-collaboration-with-blackpink\/#primaryimage"},"thumbnailUrl":"https:\/\/www.tapasmagazine.es\/wp-content\/uploads\/2023\/07\/starbucks-blackpink-1.jpg","datePublished":"2023-07-17T08:30:23+00:00","dateModified":"2023-07-17T08:33:42+00:00","description":"Click\u00a0here\u00a0to read the Spanish version. South Korean culture and the K-pop music trend continue to thrive, fusing genres and inspiring an aesthetic","breadcrumb":{"@id":"https:\/\/www.tapasmagazine.es\/en\/starbucks-announces-new-k-pop-collaboration-with-blackpink\/#breadcrumb"},"inLanguage":"en-US","potentialAction":[{"@type":"ReadAction","target":["https:\/\/www.tapasmagazine.es\/en\/starbucks-announces-new-k-pop-collaboration-with-blackpink\/"]}]},{"@type":"ImageObject","inLanguage":"en-US","@id":"https:\/\/www.tapasmagazine.es\/en\/starbucks-announces-new-k-pop-collaboration-with-blackpink\/#primaryimage","url":"https:\/\/www.tapasmagazine.es\/wp-content\/uploads\/2023\/07\/starbucks-blackpink-1.jpg","contentUrl":"https:\/\/www.tapasmagazine.es\/wp-content\/uploads\/2023\/07\/starbucks-blackpink-1.jpg","width":1200,"height":675},{"@type":"BreadcrumbList","@id":"https:\/\/www.tapasmagazine.es\/en\/starbucks-announces-new-k-pop-collaboration-with-blackpink\/#breadcrumb","itemListElement":[{"@type":"ListItem","position":1,"name":"Portada","item":"https:\/\/www.tapasmagazine.es\/"},{"@type":"ListItem","position":2,"name":"News","item":"https:\/\/www.tapasmagazine.es\/en\/categorias\/news\/"},{"@type":"ListItem","position":3,"name":"Starbucks announces new K-pop collaboration with BLACKPINK"}]},{"@type":"WebSite","@id":"https:\/\/www.tapasmagazine.es\/#website","url":"https:\/\/www.tapasmagazine.es\/","name":"Tapas","description":"\u00d1am \u00d1am Lifestyle. La vida a bocados. Premio Nacional de Gastronom\u00eda 2016.","publisher":{"@id":"https:\/\/www.tapasmagazine.es\/#organization"},"potentialAction":[{"@type":"SearchAction","target":{"@type":"EntryPoint","urlTemplate":"https:\/\/www.tapasmagazine.es\/?s={search_term_string}"},"query-input":{"@type":"PropertyValueSpecification","valueRequired":true,"valueName":"search_term_string"}}],"inLanguage":"en-US"},{"@type":"Organization","@id":"https:\/\/www.tapasmagazine.es\/#organization","name":"Tapas Magazine","url":"https:\/\/www.tapasmagazine.es\/","logo":{"@type":"ImageObject","inLanguage":"en-US","@id":"https:\/\/www.tapasmagazine.es\/#\/schema\/logo\/image\/","url":"https:\/\/www.tapasmagazine.es\/wp-content\/uploads\/2018\/01\/logo.png","contentUrl":"https:\/\/www.tapasmagazine.es\/wp-content\/uploads\/2018\/01\/logo.png","width":180,"height":60,"caption":"Tapas Magazine"},"image":{"@id":"https:\/\/www.tapasmagazine.es\/#\/schema\/logo\/image\/"},"sameAs":["https:\/\/www.facebook.com\/tapasmagazine","https:\/\/x.com\/TapasMagazine","https:\/\/www.instagram.com\/tapasmagazine\/","https:\/\/www.linkedin.com\/company\/tapas-magazine","https:\/\/es.pinterest.com\/tapasmagazine\/","https:\/\/www.youtube.com\/channel\/UCEyxneAaACuR0lfDagrWjjg?sub_confirmation=1"]},{"@type":"Person","@id":"https:\/\/www.tapasmagazine.es\/#\/schema\/person\/eb46cbe76a9c8f062660eb609e3ecb4e","name":"Laura P\u00e9rez","url":"https:\/\/www.tapasmagazine.es\/en\/author\/laura-perez\/"}]}},"_links":{"self":[{"href":"https:\/\/www.tapasmagazine.es\/en\/wp-json\/wp\/v2\/posts\/198429","targetHints":{"allow":["GET"]}}],"collection":[{"href":"https:\/\/www.tapasmagazine.es\/en\/wp-json\/wp\/v2\/posts"}],"about":[{"href":"https:\/\/www.tapasmagazine.es\/en\/wp-json\/wp\/v2\/types\/post"}],"author":[{"embeddable":true,"href":"https:\/\/www.tapasmagazine.es\/en\/wp-json\/wp\/v2\/users\/285"}],"replies":[{"embeddable":true,"href":"https:\/\/www.tapasmagazine.es\/en\/wp-json\/wp\/v2\/comments?post=198429"}],"version-history":[{"count":4,"href":"https:\/\/www.tapasmagazine.es\/en\/wp-json\/wp\/v2\/posts\/198429\/revisions"}],"predecessor-version":[{"id":198436,"href":"https:\/\/www.tapasmagazine.es\/en\/wp-json\/wp\/v2\/posts\/198429\/revisions\/198436"}],"wp:featuredmedia":[{"embeddable":true,"href":"https:\/\/www.tapasmagazine.es\/en\/wp-json\/wp\/v2\/media\/198390"}],"wp:attachment":[{"href":"https:\/\/www.tapasmagazine.es\/en\/wp-json\/wp\/v2\/media?parent=198429"}],"wp:term":[{"taxonomy":"category","embeddable":true,"href":"https:\/\/www.tapasmagazine.es\/en\/wp-json\/wp\/v2\/categories?post=198429"},{"taxonomy":"post_tag","embeddable":true,"href":"https:\/\/www.tapasmagazine.es\/en\/wp-json\/wp\/v2\/tags?post=198429"}],"curies":[{"name":"wp","href":"https:\/\/api.w.org\/{rel}","templated":true}]}}