{"id":196877,"date":"2023-07-06T11:07:56","date_gmt":"2023-07-06T09:07:56","guid":{"rendered":"https:\/\/www.tapasmagazine.es\/tapas-weekend-que-hacer-en-mallorca\/"},"modified":"2023-07-06T11:15:29","modified_gmt":"2023-07-06T09:15:29","slug":"tapas-weekend-what-to-do-in-mallorca","status":"publish","type":"post","link":"https:\/\/www.tapasmagazine.es\/en\/tapas-weekend-what-to-do-in-mallorca\/","title":{"rendered":"Tapas Weekend: what to do in Mallorca?"},"content":{"rendered":"\n<p><strong>Click <a href=\"https:\/\/www.tapasmagazine.es\/tapas-weekend-que-hacer-en-mallorca\/\" target=\"_blank\" rel=\"noreferrer noopener\">here<\/a> to read the Spanish version.<\/strong><\/p>\n\n\n\n<p>From Tapas we compile the best plans with which to enjoy the weekend in Mallorca to the fullest, and relegate ourselves to pure island hedonism. Take the agenda and take note of our weekly proposal.<\/p>\n\n\n\n<p>Mallorca has become one of the most magical islands of the national landscape, which, beyond being surrounded by wild coves, is structured around a local architecture with Mediterranean-style buildings and beautiful squares that have positioned it as one of the destinations in which to escape from the fervor of the city, and be stimulated by the beauty and experiences that unfolds: from the local culinary essence, to the small towns that remain relatively unspoiled.<\/p>\n\n\n\n<h2 class=\"wp-block-heading\">FRIDAY 7<\/h2>\n\n\n\n<p>We had more than enough reasons to head this weekend to this refuge in the middle of the sea, and what better way to do it than as a guest of the Hotel Coraz\u00f3n, the new artistic oasis located halfway between Dei\u00e0 and S\u00f3ller?<\/p>\n\n\n\n<figure class=\"wp-block-image size-full\"><a href=\"https:\/\/www.tapasmagazine.es\/wp-content\/uploads\/2023\/07\/tapas-weekend-mallorca-4.jpg\"><img decoding=\"async\" width=\"960\" height=\"640\" src=\"https:\/\/www.tapasmagazine.es\/wp-content\/uploads\/2023\/07\/tapas-weekend-mallorca-4.jpg\" alt=\"\" class=\"wp-image-196831\" srcset=\"https:\/\/www.tapasmagazine.es\/wp-content\/uploads\/2023\/07\/tapas-weekend-mallorca-4.jpg 960w, https:\/\/www.tapasmagazine.es\/wp-content\/uploads\/2023\/07\/tapas-weekend-mallorca-4-300x200.jpg 300w, https:\/\/www.tapasmagazine.es\/wp-content\/uploads\/2023\/07\/tapas-weekend-mallorca-4-768x512.jpg 768w, https:\/\/www.tapasmagazine.es\/wp-content\/uploads\/2023\/07\/tapas-weekend-mallorca-4-400x267.jpg 400w\" sizes=\"(max-width: 960px) 100vw, 960px\" \/><\/a><\/figure>\n\n\n\n<p><strong>Hotel Coraz\u00f3n <\/strong>is established as a renovated historic estate, run by artists, for artists, friends, as well as like-minded strangers who want to delve into that aesthetic universe composed of workshops, sound baths, guided walks, agriculture, music sessions and art exhibitions.<\/p>\n\n\n\n<p>In that place bathed in pastel pink, we will stay in one of its designer rooms called &#8216;<strong>Holy Wood<\/strong>&#8216;, a suite located on the second floor, surrounded by the creative spirit of the hotel.<\/p>\n\n\n\n<figure class=\"wp-block-gallery has-nested-images columns-default is-cropped wp-block-gallery-1 is-layout-flex wp-block-gallery-is-layout-flex\">\n<figure class=\"wp-block-image size-large\"><a href=\"https:\/\/www.tapasmagazine.es\/wp-content\/uploads\/2023\/07\/tapas-weekend-mallorca-5.jpg\"><img decoding=\"async\" width=\"427\" height=\"640\" data-id=\"196835\" src=\"https:\/\/www.tapasmagazine.es\/wp-content\/uploads\/2023\/07\/tapas-weekend-mallorca-5.jpg\" alt=\"\" class=\"wp-image-196835\" srcset=\"https:\/\/www.tapasmagazine.es\/wp-content\/uploads\/2023\/07\/tapas-weekend-mallorca-5.jpg 427w, https:\/\/www.tapasmagazine.es\/wp-content\/uploads\/2023\/07\/tapas-weekend-mallorca-5-200x300.jpg 200w, https:\/\/www.tapasmagazine.es\/wp-content\/uploads\/2023\/07\/tapas-weekend-mallorca-5-400x600.jpg 400w\" sizes=\"(max-width: 427px) 100vw, 427px\" \/><\/a><\/figure>\n\n\n\n<figure class=\"wp-block-image size-large\"><a href=\"https:\/\/www.tapasmagazine.es\/wp-content\/uploads\/2023\/07\/tapas-weekend-mallorca-6.jpg\"><img decoding=\"async\" width=\"427\" height=\"640\" data-id=\"196833\" src=\"https:\/\/www.tapasmagazine.es\/wp-content\/uploads\/2023\/07\/tapas-weekend-mallorca-6.jpg\" alt=\"\" class=\"wp-image-196833\" srcset=\"https:\/\/www.tapasmagazine.es\/wp-content\/uploads\/2023\/07\/tapas-weekend-mallorca-6.jpg 427w, https:\/\/www.tapasmagazine.es\/wp-content\/uploads\/2023\/07\/tapas-weekend-mallorca-6-200x300.jpg 200w, https:\/\/www.tapasmagazine.es\/wp-content\/uploads\/2023\/07\/tapas-weekend-mallorca-6-400x600.jpg 400w\" sizes=\"(max-width: 427px) 100vw, 427px\" \/><\/a><\/figure>\n<\/figure>\n\n\n\n<p>We will continue to stimulate that creative energy at the <strong>Fran Reus Gallery<\/strong>, which hosts this Friday the collective exhibition of<strong> Aba Art Lab<\/strong> and <strong>M77 Gallery<\/strong>. A new edition of Art Palma Summer that will bring contemporary creation to people who want to know the most current art through a guided tour of all his works, and the meaning and conceptual depth of his paintings. Where and when? Friday at 5 p.m. at Passeig de Mallorca, 4.<\/p>\n\n\n\n<figure class=\"wp-block-image size-large\"><a href=\"https:\/\/www.tapasmagazine.es\/wp-content\/uploads\/2023\/07\/tapas-weekend-mallorca-7.jpg\"><img decoding=\"async\" width=\"1024\" height=\"683\" src=\"https:\/\/www.tapasmagazine.es\/wp-content\/uploads\/2023\/07\/tapas-weekend-mallorca-7-1024x683.jpg\" alt=\"\" class=\"wp-image-196837\" srcset=\"https:\/\/www.tapasmagazine.es\/wp-content\/uploads\/2023\/07\/tapas-weekend-mallorca-7-1024x683.jpg 1024w, https:\/\/www.tapasmagazine.es\/wp-content\/uploads\/2023\/07\/tapas-weekend-mallorca-7-300x200.jpg 300w, https:\/\/www.tapasmagazine.es\/wp-content\/uploads\/2023\/07\/tapas-weekend-mallorca-7-768x512.jpg 768w, https:\/\/www.tapasmagazine.es\/wp-content\/uploads\/2023\/07\/tapas-weekend-mallorca-7-1000x667.jpg 1000w, https:\/\/www.tapasmagazine.es\/wp-content\/uploads\/2023\/07\/tapas-weekend-mallorca-7-400x267.jpg 400w, https:\/\/www.tapasmagazine.es\/wp-content\/uploads\/2023\/07\/tapas-weekend-mallorca-7.jpg 1320w\" sizes=\"(max-width: 1024px) 100vw, 1024px\" \/><\/a><\/figure>\n\n\n\n<p>Without leaving the historic center of Palma, we will walk to the iconic<strong> Beatnik <\/strong>restaurant, located inside <strong>Purohotel Palma<\/strong>. A cozy space from which we will taste the star creations of the famous chef<strong> Le\u00f3n Altamirano<\/strong>, such as his ceviche, prawns or duck breast.<\/p>\n\n\n\n<h2 class=\"wp-block-heading\"><strong>SATURDAY 8<\/strong>TH<\/h2>\n\n\n\n<p>We wake up in the northwest of the island, and we head to the <strong>Fundaci\u00f3 Joan Mir\u00f3<\/strong>: an architectural project designed by Josep Llu\u00eds Sert, which has become one of the key spots for lovers of contemporary art. There, we can enter the residence of Joan and Pilar Mir\u00f3, and contemplate the work of the Mallorcan artist, which includes more than 6000 pieces, including sketches, drawings, paintings and sculptures, as well as his two creative workshops.<\/p>\n\n\n\n<figure class=\"wp-block-image size-large\"><a href=\"https:\/\/www.tapasmagazine.es\/wp-content\/uploads\/2023\/07\/tapas-weekend-mallorca-2.jpg\"><img decoding=\"async\" width=\"1024\" height=\"561\" src=\"https:\/\/www.tapasmagazine.es\/wp-content\/uploads\/2023\/07\/tapas-weekend-mallorca-2-1024x561.jpg\" alt=\"\" class=\"wp-image-196839\" srcset=\"https:\/\/www.tapasmagazine.es\/wp-content\/uploads\/2023\/07\/tapas-weekend-mallorca-2-1024x561.jpg 1024w, https:\/\/www.tapasmagazine.es\/wp-content\/uploads\/2023\/07\/tapas-weekend-mallorca-2-300x164.jpg 300w, https:\/\/www.tapasmagazine.es\/wp-content\/uploads\/2023\/07\/tapas-weekend-mallorca-2-768x420.jpg 768w, https:\/\/www.tapasmagazine.es\/wp-content\/uploads\/2023\/07\/tapas-weekend-mallorca-2-1000x548.jpg 1000w, https:\/\/www.tapasmagazine.es\/wp-content\/uploads\/2023\/07\/tapas-weekend-mallorca-2-400x219.jpg 400w, https:\/\/www.tapasmagazine.es\/wp-content\/uploads\/2023\/07\/tapas-weekend-mallorca-2.jpg 1200w\" sizes=\"(max-width: 1024px) 100vw, 1024px\" \/><\/a><\/figure>\n\n\n\n<p>With the aim of creating a propitious creative space, Mir\u00f3 populated his studio with a heterogeneous set of elements that coexist in perfect harmony with his work tools. Still today the workshop shows this creative environment, and canvases, oils, watercolors, pencils, brushes, brushes or sponges continue to relate to his collection of objects of the most varied origins: postcards, newspaper clippings, natural elements such as stones, butterflies or shells, objects from the popular Mediterranean culture as &#8220;siurells&#8221; or nativity scene figurines, and others from distant cultures such as the &#8220;katxinas&#8221; of the Hopi Indians or the masks of Oceania. &#8216;, read the Foundation&#8217;s notes.<\/p>\n\n\n\n<figure class=\"wp-block-image size-large\"><a href=\"https:\/\/www.tapasmagazine.es\/wp-content\/uploads\/2023\/07\/tapas-weekend-mallorca-3.jpg\"><img decoding=\"async\" width=\"1024\" height=\"461\" src=\"https:\/\/www.tapasmagazine.es\/wp-content\/uploads\/2023\/07\/tapas-weekend-mallorca-3-1024x461.jpg\" alt=\"\" class=\"wp-image-196841\" srcset=\"https:\/\/www.tapasmagazine.es\/wp-content\/uploads\/2023\/07\/tapas-weekend-mallorca-3-1024x461.jpg 1024w, https:\/\/www.tapasmagazine.es\/wp-content\/uploads\/2023\/07\/tapas-weekend-mallorca-3-300x135.jpg 300w, https:\/\/www.tapasmagazine.es\/wp-content\/uploads\/2023\/07\/tapas-weekend-mallorca-3-768x346.jpg 768w, https:\/\/www.tapasmagazine.es\/wp-content\/uploads\/2023\/07\/tapas-weekend-mallorca-3-1536x691.jpg 1536w, https:\/\/www.tapasmagazine.es\/wp-content\/uploads\/2023\/07\/tapas-weekend-mallorca-3-1200x540.jpg 1200w, https:\/\/www.tapasmagazine.es\/wp-content\/uploads\/2023\/07\/tapas-weekend-mallorca-3-1000x450.jpg 1000w, https:\/\/www.tapasmagazine.es\/wp-content\/uploads\/2023\/07\/tapas-weekend-mallorca-3-400x180.jpg 400w, https:\/\/www.tapasmagazine.es\/wp-content\/uploads\/2023\/07\/tapas-weekend-mallorca-3.jpg 1920w\" sizes=\"(max-width: 1024px) 100vw, 1024px\" \/><\/a><\/figure>\n\n\n\n<p>After exploring Mir\u00f3&#8217;s work, we will head to the Santa Catalina area to visit <strong>Spot<\/strong>, from the<strong> Tragaluz group<\/strong>: a restaurant that evokes the spirit of the C\u00f4te d&#8217;Azur in the 70&#8217;s, where we can eat from its interior garden, and enjoy the fusion cuisine with Mediterranean and Japanese influences that identify it. From Japanese red tuna tacos to its crispy Peking-style duck with wafers, in the middle of a cosmopolitan atmosphere fused with the personality of the island.<\/p>\n\n\n\n<figure class=\"wp-block-gallery has-nested-images columns-default is-cropped wp-block-gallery-2 is-layout-flex wp-block-gallery-is-layout-flex\">\n<figure class=\"wp-block-image size-large\"><a href=\"https:\/\/www.tapasmagazine.es\/wp-content\/uploads\/2023\/07\/tapas-weekend-mallorca-9.jpg\"><img decoding=\"async\" width=\"600\" height=\"772\" data-id=\"196843\" src=\"https:\/\/www.tapasmagazine.es\/wp-content\/uploads\/2023\/07\/tapas-weekend-mallorca-9.jpg\" alt=\"\" class=\"wp-image-196843\" srcset=\"https:\/\/www.tapasmagazine.es\/wp-content\/uploads\/2023\/07\/tapas-weekend-mallorca-9.jpg 600w, https:\/\/www.tapasmagazine.es\/wp-content\/uploads\/2023\/07\/tapas-weekend-mallorca-9-233x300.jpg 233w, https:\/\/www.tapasmagazine.es\/wp-content\/uploads\/2023\/07\/tapas-weekend-mallorca-9-400x515.jpg 400w\" sizes=\"(max-width: 600px) 100vw, 600px\" \/><\/a><\/figure>\n\n\n\n<figure class=\"wp-block-image size-large\"><a href=\"https:\/\/www.tapasmagazine.es\/wp-content\/uploads\/2023\/07\/tapas-weekend-mallorca-8.jpg\"><img decoding=\"async\" width=\"600\" height=\"900\" data-id=\"196844\" src=\"https:\/\/www.tapasmagazine.es\/wp-content\/uploads\/2023\/07\/tapas-weekend-mallorca-8.jpg\" alt=\"\" class=\"wp-image-196844\" srcset=\"https:\/\/www.tapasmagazine.es\/wp-content\/uploads\/2023\/07\/tapas-weekend-mallorca-8.jpg 600w, https:\/\/www.tapasmagazine.es\/wp-content\/uploads\/2023\/07\/tapas-weekend-mallorca-8-200x300.jpg 200w, https:\/\/www.tapasmagazine.es\/wp-content\/uploads\/2023\/07\/tapas-weekend-mallorca-8-400x600.jpg 400w\" sizes=\"(max-width: 600px) 100vw, 600px\" \/><\/a><\/figure>\n<\/figure>\n\n\n\n<p>From this culinary scenario, we will go to another paradise located a few kilometers from the restaurant, where we will spend the whole afternoon until sunset. And we will do it in one of the most beautiful coves of the rocky area, &#8216;<strong>Cala Egos<\/strong>&#8216;, and the natural pool that hides among its rocks.<\/p>\n\n\n\n<h2 class=\"wp-block-heading\"><strong>DOMINGO<\/strong> 9<\/h2>\n\n\n\n<p>On Sunday we will move to the north of the island to pray gastronomically from the <strong>Bistro Jard\u00edn<\/strong> de <strong>Maca de Castro<\/strong>. A restaurant that flourished in 2011, and has been germinating since then the avant-garde Mediterranean haute cuisine inspired by the renowned chef&#8217;s Mallorcan product, which also transmits the essence of Nouvelle cuisine. Our recommendation? The seafood ravioli with caldereta and the grilled octopus with olive mayonnaise.<\/p>\n\n\n\n<figure class=\"wp-block-image size-large\"><a href=\"https:\/\/www.tapasmagazine.es\/wp-content\/uploads\/2023\/07\/tapas-weekend-mallorca-10-scaled.jpeg\"><img decoding=\"async\" width=\"1024\" height=\"736\" src=\"https:\/\/www.tapasmagazine.es\/wp-content\/uploads\/2023\/07\/tapas-weekend-mallorca-10-1024x736.jpeg\" alt=\"\" class=\"wp-image-196847\" srcset=\"https:\/\/www.tapasmagazine.es\/wp-content\/uploads\/2023\/07\/tapas-weekend-mallorca-10-1024x736.jpeg 1024w, https:\/\/www.tapasmagazine.es\/wp-content\/uploads\/2023\/07\/tapas-weekend-mallorca-10-300x216.jpeg 300w, https:\/\/www.tapasmagazine.es\/wp-content\/uploads\/2023\/07\/tapas-weekend-mallorca-10-768x552.jpeg 768w, https:\/\/www.tapasmagazine.es\/wp-content\/uploads\/2023\/07\/tapas-weekend-mallorca-10-1536x1104.jpeg 1536w, https:\/\/www.tapasmagazine.es\/wp-content\/uploads\/2023\/07\/tapas-weekend-mallorca-10-2048x1473.jpeg 2048w, https:\/\/www.tapasmagazine.es\/wp-content\/uploads\/2023\/07\/tapas-weekend-mallorca-10-1000x719.jpeg 1000w, https:\/\/www.tapasmagazine.es\/wp-content\/uploads\/2023\/07\/tapas-weekend-mallorca-10-400x288.jpeg 400w\" sizes=\"(max-width: 1024px) 100vw, 1024px\" \/><\/a><\/figure>\n\n\n\n<p>Without leaving the northern area of<strong> Alc\u00fadia<\/strong>, we will visit the new beach club \/ restaurant of Playas de Muro &#8216;<strong>Numa Beach<\/strong>&#8216;. An emerging project that renews the old &#8216;Royal Beach&#8217; based on sophistication and Mediterranean inspiration. There, in the middle of the beach and vegetation, we will enjoy some of their own cocktails like the Tropical Pisco or the Coco-Bora.<\/p>\n\n\n\n<figure class=\"wp-block-gallery has-nested-images columns-default is-cropped wp-block-gallery-3 is-layout-flex wp-block-gallery-is-layout-flex\">\n<figure class=\"wp-block-image size-large\"><a href=\"https:\/\/www.tapasmagazine.es\/wp-content\/uploads\/2023\/07\/tapas-weekend-mallorca-11.jpg\"><img decoding=\"async\" width=\"600\" height=\"900\" data-id=\"196850\" src=\"https:\/\/www.tapasmagazine.es\/wp-content\/uploads\/2023\/07\/tapas-weekend-mallorca-11.jpg\" alt=\"\" class=\"wp-image-196850\" srcset=\"https:\/\/www.tapasmagazine.es\/wp-content\/uploads\/2023\/07\/tapas-weekend-mallorca-11.jpg 600w, https:\/\/www.tapasmagazine.es\/wp-content\/uploads\/2023\/07\/tapas-weekend-mallorca-11-200x300.jpg 200w, https:\/\/www.tapasmagazine.es\/wp-content\/uploads\/2023\/07\/tapas-weekend-mallorca-11-400x600.jpg 400w\" sizes=\"(max-width: 600px) 100vw, 600px\" \/><\/a><\/figure>\n\n\n\n<figure class=\"wp-block-image size-large\"><a href=\"https:\/\/www.tapasmagazine.es\/wp-content\/uploads\/2023\/07\/tapas-weekend-mallorca-12.jpg\"><img decoding=\"async\" width=\"600\" height=\"900\" data-id=\"196849\" src=\"https:\/\/www.tapasmagazine.es\/wp-content\/uploads\/2023\/07\/tapas-weekend-mallorca-12.jpg\" alt=\"\" class=\"wp-image-196849\" srcset=\"https:\/\/www.tapasmagazine.es\/wp-content\/uploads\/2023\/07\/tapas-weekend-mallorca-12.jpg 600w, https:\/\/www.tapasmagazine.es\/wp-content\/uploads\/2023\/07\/tapas-weekend-mallorca-12-200x300.jpg 200w, https:\/\/www.tapasmagazine.es\/wp-content\/uploads\/2023\/07\/tapas-weekend-mallorca-12-400x600.jpg 400w\" sizes=\"(max-width: 600px) 100vw, 600px\" \/><\/a><\/figure>\n<\/figure>\n\n\n\n<p>We will continue the afternoon in hedonistic key from <strong>Na Clara<\/strong>, a virgin cove located northwest of the island that stands out for its crystal clear water and its jungle atmosphere from which to end this escapist trip.<\/p>\n","protected":false},"excerpt":{"rendered":"<p>Click here to read the Spanish version. From Tapas we compile the best plans with which to enjoy the weekend in Mallorca to the fullest, and relegate ourselves to pure island hedonism. Take the agenda and take note of our weekly proposal. Mallorca has become one of the most magical islands of the national landscape, [&hellip;]<\/p>\n","protected":false},"author":285,"featured_media":196830,"comment_status":"open","ping_status":"closed","sticky":false,"template":"single-feature.php","format":"standard","meta":{"_acf_changed":false,"footnotes":""},"categories":[15802,15797],"tags":[16170,15824,15875,15803],"class_list":["post-196877","post","type-post","status-publish","format-standard","has-post-thumbnail","hentry","category-news","category-planes-en","tag-comida-en","tag-gastronomia-en","tag-mallorca-en","tag-restaurants","cat-15802-id","cat-15797-id"],"acf":[],"yoast_head":"<!-- This site is optimized with the Yoast SEO plugin v27.4 - https:\/\/yoast.com\/product\/yoast-seo-wordpress\/ -->\n<title>Tapas Weekend: what to do in Mallorca? - Tapas<\/title>\n<meta name=\"description\" content=\"Click here to read the Spanish version. From Tapas we compile the best plans with which to enjoy the weekend in Mallorca to the fullest, and relegate\" \/>\n<meta name=\"robots\" content=\"index, follow, max-snippet:-1, max-image-preview:large, max-video-preview:-1\" \/>\n<link rel=\"canonical\" href=\"https:\/\/www.tapasmagazine.es\/en\/tapas-weekend-what-to-do-in-mallorca\/\" \/>\n<meta property=\"og:locale\" content=\"en_US\" \/>\n<meta property=\"og:type\" content=\"article\" \/>\n<meta property=\"og:title\" content=\"Tapas Weekend: what to do in Mallorca? - Tapas\" \/>\n<meta property=\"og:description\" content=\"Click here to read the Spanish version. From Tapas we compile the best plans with which to enjoy the weekend in Mallorca to the fullest, and relegate\" \/>\n<meta property=\"og:url\" content=\"https:\/\/www.tapasmagazine.es\/en\/tapas-weekend-what-to-do-in-mallorca\/\" \/>\n<meta property=\"og:site_name\" content=\"Tapas\" \/>\n<meta property=\"article:publisher\" content=\"https:\/\/www.facebook.com\/tapasmagazine\" \/>\n<meta property=\"article:published_time\" content=\"2023-07-06T09:07:56+00:00\" \/>\n<meta property=\"article:modified_time\" content=\"2023-07-06T09:15:29+00:00\" \/>\n<meta property=\"og:image\" content=\"https:\/\/www.tapasmagazine.es\/wp-content\/uploads\/2023\/07\/tapas-weekend-mallorca-1.jpg\" \/>\n\t<meta property=\"og:image:width\" content=\"1200\" \/>\n\t<meta property=\"og:image:height\" content=\"675\" \/>\n\t<meta property=\"og:image:type\" content=\"image\/jpeg\" \/>\n<meta name=\"author\" content=\"Laura P\u00e9rez\" \/>\n<meta name=\"twitter:card\" content=\"summary_large_image\" \/>\n<meta name=\"twitter:creator\" content=\"@TapasMagazine\" \/>\n<meta name=\"twitter:site\" content=\"@TapasMagazine\" \/>\n<meta name=\"twitter:label1\" content=\"Written by\" \/>\n\t<meta name=\"twitter:data1\" content=\"Laura P\u00e9rez\" \/>\n\t<meta name=\"twitter:label2\" content=\"Est. reading time\" \/>\n\t<meta name=\"twitter:data2\" content=\"7 minutes\" \/>\n<script type=\"application\/ld+json\" class=\"yoast-schema-graph\">{\"@context\":\"https:\\\/\\\/schema.org\",\"@graph\":[{\"@type\":\"Article\",\"@id\":\"https:\\\/\\\/www.tapasmagazine.es\\\/en\\\/tapas-weekend-what-to-do-in-mallorca\\\/#article\",\"isPartOf\":{\"@id\":\"https:\\\/\\\/www.tapasmagazine.es\\\/en\\\/tapas-weekend-what-to-do-in-mallorca\\\/\"},\"author\":{\"name\":\"Laura P\u00e9rez\",\"@id\":\"https:\\\/\\\/www.tapasmagazine.es\\\/#\\\/schema\\\/person\\\/eb46cbe76a9c8f062660eb609e3ecb4e\"},\"headline\":\"Tapas Weekend: what to do in Mallorca?\",\"datePublished\":\"2023-07-06T09:07:56+00:00\",\"dateModified\":\"2023-07-06T09:15:29+00:00\",\"mainEntityOfPage\":{\"@id\":\"https:\\\/\\\/www.tapasmagazine.es\\\/en\\\/tapas-weekend-what-to-do-in-mallorca\\\/\"},\"wordCount\":854,\"commentCount\":0,\"publisher\":{\"@id\":\"https:\\\/\\\/www.tapasmagazine.es\\\/#organization\"},\"image\":{\"@id\":\"https:\\\/\\\/www.tapasmagazine.es\\\/en\\\/tapas-weekend-what-to-do-in-mallorca\\\/#primaryimage\"},\"thumbnailUrl\":\"https:\\\/\\\/www.tapasmagazine.es\\\/wp-content\\\/uploads\\\/2023\\\/07\\\/tapas-weekend-mallorca-1.jpg\",\"keywords\":[\"Comida\",\"gastronom\u00eda\",\"Mallorca\",\"restaurants\"],\"articleSection\":[\"News\",\"Planes\"],\"inLanguage\":\"en-US\",\"potentialAction\":[{\"@type\":\"CommentAction\",\"name\":\"Comment\",\"target\":[\"https:\\\/\\\/www.tapasmagazine.es\\\/en\\\/tapas-weekend-what-to-do-in-mallorca\\\/#respond\"]}]},{\"@type\":\"WebPage\",\"@id\":\"https:\\\/\\\/www.tapasmagazine.es\\\/en\\\/tapas-weekend-what-to-do-in-mallorca\\\/\",\"url\":\"https:\\\/\\\/www.tapasmagazine.es\\\/en\\\/tapas-weekend-what-to-do-in-mallorca\\\/\",\"name\":\"Tapas Weekend: what to do in Mallorca? - Tapas\",\"isPartOf\":{\"@id\":\"https:\\\/\\\/www.tapasmagazine.es\\\/#website\"},\"primaryImageOfPage\":{\"@id\":\"https:\\\/\\\/www.tapasmagazine.es\\\/en\\\/tapas-weekend-what-to-do-in-mallorca\\\/#primaryimage\"},\"image\":{\"@id\":\"https:\\\/\\\/www.tapasmagazine.es\\\/en\\\/tapas-weekend-what-to-do-in-mallorca\\\/#primaryimage\"},\"thumbnailUrl\":\"https:\\\/\\\/www.tapasmagazine.es\\\/wp-content\\\/uploads\\\/2023\\\/07\\\/tapas-weekend-mallorca-1.jpg\",\"datePublished\":\"2023-07-06T09:07:56+00:00\",\"dateModified\":\"2023-07-06T09:15:29+00:00\",\"description\":\"Click here to read the Spanish version. From Tapas we compile the best plans with which to enjoy the weekend in Mallorca to the fullest, and relegate\",\"breadcrumb\":{\"@id\":\"https:\\\/\\\/www.tapasmagazine.es\\\/en\\\/tapas-weekend-what-to-do-in-mallorca\\\/#breadcrumb\"},\"inLanguage\":\"en-US\",\"potentialAction\":[{\"@type\":\"ReadAction\",\"target\":[\"https:\\\/\\\/www.tapasmagazine.es\\\/en\\\/tapas-weekend-what-to-do-in-mallorca\\\/\"]}]},{\"@type\":\"ImageObject\",\"inLanguage\":\"en-US\",\"@id\":\"https:\\\/\\\/www.tapasmagazine.es\\\/en\\\/tapas-weekend-what-to-do-in-mallorca\\\/#primaryimage\",\"url\":\"https:\\\/\\\/www.tapasmagazine.es\\\/wp-content\\\/uploads\\\/2023\\\/07\\\/tapas-weekend-mallorca-1.jpg\",\"contentUrl\":\"https:\\\/\\\/www.tapasmagazine.es\\\/wp-content\\\/uploads\\\/2023\\\/07\\\/tapas-weekend-mallorca-1.jpg\",\"width\":1200,\"height\":675},{\"@type\":\"BreadcrumbList\",\"@id\":\"https:\\\/\\\/www.tapasmagazine.es\\\/en\\\/tapas-weekend-what-to-do-in-mallorca\\\/#breadcrumb\",\"itemListElement\":[{\"@type\":\"ListItem\",\"position\":1,\"name\":\"Portada\",\"item\":\"https:\\\/\\\/www.tapasmagazine.es\\\/\"},{\"@type\":\"ListItem\",\"position\":2,\"name\":\"News\",\"item\":\"https:\\\/\\\/www.tapasmagazine.es\\\/en\\\/categorias\\\/news\\\/\"},{\"@type\":\"ListItem\",\"position\":3,\"name\":\"Tapas Weekend: what to do in Mallorca?\"}]},{\"@type\":\"WebSite\",\"@id\":\"https:\\\/\\\/www.tapasmagazine.es\\\/#website\",\"url\":\"https:\\\/\\\/www.tapasmagazine.es\\\/\",\"name\":\"Tapas\",\"description\":\"\u00d1am \u00d1am Lifestyle. La vida a bocados. Premio Nacional de Gastronom\u00eda 2016.\",\"publisher\":{\"@id\":\"https:\\\/\\\/www.tapasmagazine.es\\\/#organization\"},\"potentialAction\":[{\"@type\":\"SearchAction\",\"target\":{\"@type\":\"EntryPoint\",\"urlTemplate\":\"https:\\\/\\\/www.tapasmagazine.es\\\/?s={search_term_string}\"},\"query-input\":{\"@type\":\"PropertyValueSpecification\",\"valueRequired\":true,\"valueName\":\"search_term_string\"}}],\"inLanguage\":\"en-US\"},{\"@type\":\"Organization\",\"@id\":\"https:\\\/\\\/www.tapasmagazine.es\\\/#organization\",\"name\":\"Tapas Magazine\",\"url\":\"https:\\\/\\\/www.tapasmagazine.es\\\/\",\"logo\":{\"@type\":\"ImageObject\",\"inLanguage\":\"en-US\",\"@id\":\"https:\\\/\\\/www.tapasmagazine.es\\\/#\\\/schema\\\/logo\\\/image\\\/\",\"url\":\"https:\\\/\\\/www.tapasmagazine.es\\\/wp-content\\\/uploads\\\/2018\\\/01\\\/logo.png\",\"contentUrl\":\"https:\\\/\\\/www.tapasmagazine.es\\\/wp-content\\\/uploads\\\/2018\\\/01\\\/logo.png\",\"width\":180,\"height\":60,\"caption\":\"Tapas Magazine\"},\"image\":{\"@id\":\"https:\\\/\\\/www.tapasmagazine.es\\\/#\\\/schema\\\/logo\\\/image\\\/\"},\"sameAs\":[\"https:\\\/\\\/www.facebook.com\\\/tapasmagazine\",\"https:\\\/\\\/x.com\\\/TapasMagazine\",\"https:\\\/\\\/www.instagram.com\\\/tapasmagazine\\\/\",\"https:\\\/\\\/www.linkedin.com\\\/company\\\/tapas-magazine\",\"https:\\\/\\\/es.pinterest.com\\\/tapasmagazine\\\/\",\"https:\\\/\\\/www.youtube.com\\\/channel\\\/UCEyxneAaACuR0lfDagrWjjg?sub_confirmation=1\"]},{\"@type\":\"Person\",\"@id\":\"https:\\\/\\\/www.tapasmagazine.es\\\/#\\\/schema\\\/person\\\/eb46cbe76a9c8f062660eb609e3ecb4e\",\"name\":\"Laura P\u00e9rez\",\"url\":\"https:\\\/\\\/www.tapasmagazine.es\\\/en\\\/author\\\/laura-perez\\\/\"}]}<\/script>\n<!-- \/ Yoast SEO plugin. -->","yoast_head_json":{"title":"Tapas Weekend: what to do in Mallorca? - Tapas","description":"Click here to read the Spanish version. From Tapas we compile the best plans with which to enjoy the weekend in Mallorca to the fullest, and relegate","robots":{"index":"index","follow":"follow","max-snippet":"max-snippet:-1","max-image-preview":"max-image-preview:large","max-video-preview":"max-video-preview:-1"},"canonical":"https:\/\/www.tapasmagazine.es\/en\/tapas-weekend-what-to-do-in-mallorca\/","og_locale":"en_US","og_type":"article","og_title":"Tapas Weekend: what to do in Mallorca? - Tapas","og_description":"Click here to read the Spanish version. From Tapas we compile the best plans with which to enjoy the weekend in Mallorca to the fullest, and relegate","og_url":"https:\/\/www.tapasmagazine.es\/en\/tapas-weekend-what-to-do-in-mallorca\/","og_site_name":"Tapas","article_publisher":"https:\/\/www.facebook.com\/tapasmagazine","article_published_time":"2023-07-06T09:07:56+00:00","article_modified_time":"2023-07-06T09:15:29+00:00","og_image":[{"width":1200,"height":675,"url":"https:\/\/www.tapasmagazine.es\/wp-content\/uploads\/2023\/07\/tapas-weekend-mallorca-1.jpg","type":"image\/jpeg"}],"author":"Laura P\u00e9rez","twitter_card":"summary_large_image","twitter_creator":"@TapasMagazine","twitter_site":"@TapasMagazine","twitter_misc":{"Written by":"Laura P\u00e9rez","Est. reading time":"7 minutes"},"schema":{"@context":"https:\/\/schema.org","@graph":[{"@type":"Article","@id":"https:\/\/www.tapasmagazine.es\/en\/tapas-weekend-what-to-do-in-mallorca\/#article","isPartOf":{"@id":"https:\/\/www.tapasmagazine.es\/en\/tapas-weekend-what-to-do-in-mallorca\/"},"author":{"name":"Laura P\u00e9rez","@id":"https:\/\/www.tapasmagazine.es\/#\/schema\/person\/eb46cbe76a9c8f062660eb609e3ecb4e"},"headline":"Tapas Weekend: what to do in Mallorca?","datePublished":"2023-07-06T09:07:56+00:00","dateModified":"2023-07-06T09:15:29+00:00","mainEntityOfPage":{"@id":"https:\/\/www.tapasmagazine.es\/en\/tapas-weekend-what-to-do-in-mallorca\/"},"wordCount":854,"commentCount":0,"publisher":{"@id":"https:\/\/www.tapasmagazine.es\/#organization"},"image":{"@id":"https:\/\/www.tapasmagazine.es\/en\/tapas-weekend-what-to-do-in-mallorca\/#primaryimage"},"thumbnailUrl":"https:\/\/www.tapasmagazine.es\/wp-content\/uploads\/2023\/07\/tapas-weekend-mallorca-1.jpg","keywords":["Comida","gastronom\u00eda","Mallorca","restaurants"],"articleSection":["News","Planes"],"inLanguage":"en-US","potentialAction":[{"@type":"CommentAction","name":"Comment","target":["https:\/\/www.tapasmagazine.es\/en\/tapas-weekend-what-to-do-in-mallorca\/#respond"]}]},{"@type":"WebPage","@id":"https:\/\/www.tapasmagazine.es\/en\/tapas-weekend-what-to-do-in-mallorca\/","url":"https:\/\/www.tapasmagazine.es\/en\/tapas-weekend-what-to-do-in-mallorca\/","name":"Tapas Weekend: what to do in Mallorca? - Tapas","isPartOf":{"@id":"https:\/\/www.tapasmagazine.es\/#website"},"primaryImageOfPage":{"@id":"https:\/\/www.tapasmagazine.es\/en\/tapas-weekend-what-to-do-in-mallorca\/#primaryimage"},"image":{"@id":"https:\/\/www.tapasmagazine.es\/en\/tapas-weekend-what-to-do-in-mallorca\/#primaryimage"},"thumbnailUrl":"https:\/\/www.tapasmagazine.es\/wp-content\/uploads\/2023\/07\/tapas-weekend-mallorca-1.jpg","datePublished":"2023-07-06T09:07:56+00:00","dateModified":"2023-07-06T09:15:29+00:00","description":"Click here to read the Spanish version. From Tapas we compile the best plans with which to enjoy the weekend in Mallorca to the fullest, and relegate","breadcrumb":{"@id":"https:\/\/www.tapasmagazine.es\/en\/tapas-weekend-what-to-do-in-mallorca\/#breadcrumb"},"inLanguage":"en-US","potentialAction":[{"@type":"ReadAction","target":["https:\/\/www.tapasmagazine.es\/en\/tapas-weekend-what-to-do-in-mallorca\/"]}]},{"@type":"ImageObject","inLanguage":"en-US","@id":"https:\/\/www.tapasmagazine.es\/en\/tapas-weekend-what-to-do-in-mallorca\/#primaryimage","url":"https:\/\/www.tapasmagazine.es\/wp-content\/uploads\/2023\/07\/tapas-weekend-mallorca-1.jpg","contentUrl":"https:\/\/www.tapasmagazine.es\/wp-content\/uploads\/2023\/07\/tapas-weekend-mallorca-1.jpg","width":1200,"height":675},{"@type":"BreadcrumbList","@id":"https:\/\/www.tapasmagazine.es\/en\/tapas-weekend-what-to-do-in-mallorca\/#breadcrumb","itemListElement":[{"@type":"ListItem","position":1,"name":"Portada","item":"https:\/\/www.tapasmagazine.es\/"},{"@type":"ListItem","position":2,"name":"News","item":"https:\/\/www.tapasmagazine.es\/en\/categorias\/news\/"},{"@type":"ListItem","position":3,"name":"Tapas Weekend: what to do in Mallorca?"}]},{"@type":"WebSite","@id":"https:\/\/www.tapasmagazine.es\/#website","url":"https:\/\/www.tapasmagazine.es\/","name":"Tapas","description":"\u00d1am \u00d1am Lifestyle. La vida a bocados. Premio Nacional de Gastronom\u00eda 2016.","publisher":{"@id":"https:\/\/www.tapasmagazine.es\/#organization"},"potentialAction":[{"@type":"SearchAction","target":{"@type":"EntryPoint","urlTemplate":"https:\/\/www.tapasmagazine.es\/?s={search_term_string}"},"query-input":{"@type":"PropertyValueSpecification","valueRequired":true,"valueName":"search_term_string"}}],"inLanguage":"en-US"},{"@type":"Organization","@id":"https:\/\/www.tapasmagazine.es\/#organization","name":"Tapas Magazine","url":"https:\/\/www.tapasmagazine.es\/","logo":{"@type":"ImageObject","inLanguage":"en-US","@id":"https:\/\/www.tapasmagazine.es\/#\/schema\/logo\/image\/","url":"https:\/\/www.tapasmagazine.es\/wp-content\/uploads\/2018\/01\/logo.png","contentUrl":"https:\/\/www.tapasmagazine.es\/wp-content\/uploads\/2018\/01\/logo.png","width":180,"height":60,"caption":"Tapas Magazine"},"image":{"@id":"https:\/\/www.tapasmagazine.es\/#\/schema\/logo\/image\/"},"sameAs":["https:\/\/www.facebook.com\/tapasmagazine","https:\/\/x.com\/TapasMagazine","https:\/\/www.instagram.com\/tapasmagazine\/","https:\/\/www.linkedin.com\/company\/tapas-magazine","https:\/\/es.pinterest.com\/tapasmagazine\/","https:\/\/www.youtube.com\/channel\/UCEyxneAaACuR0lfDagrWjjg?sub_confirmation=1"]},{"@type":"Person","@id":"https:\/\/www.tapasmagazine.es\/#\/schema\/person\/eb46cbe76a9c8f062660eb609e3ecb4e","name":"Laura P\u00e9rez","url":"https:\/\/www.tapasmagazine.es\/en\/author\/laura-perez\/"}]}},"_links":{"self":[{"href":"https:\/\/www.tapasmagazine.es\/en\/wp-json\/wp\/v2\/posts\/196877","targetHints":{"allow":["GET"]}}],"collection":[{"href":"https:\/\/www.tapasmagazine.es\/en\/wp-json\/wp\/v2\/posts"}],"about":[{"href":"https:\/\/www.tapasmagazine.es\/en\/wp-json\/wp\/v2\/types\/post"}],"author":[{"embeddable":true,"href":"https:\/\/www.tapasmagazine.es\/en\/wp-json\/wp\/v2\/users\/285"}],"replies":[{"embeddable":true,"href":"https:\/\/www.tapasmagazine.es\/en\/wp-json\/wp\/v2\/comments?post=196877"}],"version-history":[{"count":4,"href":"https:\/\/www.tapasmagazine.es\/en\/wp-json\/wp\/v2\/posts\/196877\/revisions"}],"predecessor-version":[{"id":196884,"href":"https:\/\/www.tapasmagazine.es\/en\/wp-json\/wp\/v2\/posts\/196877\/revisions\/196884"}],"wp:featuredmedia":[{"embeddable":true,"href":"https:\/\/www.tapasmagazine.es\/en\/wp-json\/wp\/v2\/media\/196830"}],"wp:attachment":[{"href":"https:\/\/www.tapasmagazine.es\/en\/wp-json\/wp\/v2\/media?parent=196877"}],"wp:term":[{"taxonomy":"category","embeddable":true,"href":"https:\/\/www.tapasmagazine.es\/en\/wp-json\/wp\/v2\/categories?post=196877"},{"taxonomy":"post_tag","embeddable":true,"href":"https:\/\/www.tapasmagazine.es\/en\/wp-json\/wp\/v2\/tags?post=196877"}],"curies":[{"name":"wp","href":"https:\/\/api.w.org\/{rel}","templated":true}]}}