{"id":196560,"date":"2023-07-05T10:20:27","date_gmt":"2023-07-05T08:20:27","guid":{"rendered":"https:\/\/www.tapasmagazine.es\/como-incluso-la-moda-le-rinde-culto-al-cafe\/"},"modified":"2023-07-05T10:31:16","modified_gmt":"2023-07-05T08:31:16","slug":"how-even-fashion-worships-coffee","status":"publish","type":"post","link":"https:\/\/www.tapasmagazine.es\/en\/how-even-fashion-worships-coffee\/","title":{"rendered":"How even fashion worships coffee"},"content":{"rendered":"\n<p><strong>Click <a href=\"https:\/\/www.tapasmagazine.es\/como-incluso-la-moda-le-rinde-culto-al-cafe\/\" target=\"_blank\" rel=\"noreferrer noopener\">here<\/a> to read the Spanish version.<\/strong><\/p>\n\n\n\n<p>Considering that the world&#8217;s daily coffee consumption is around 2.6 billion cups of coffee, it is not surprising that even the fashion world constantly drinks from this daily ritual when it comes to developing and putting its designs on the catwalk.<\/p>\n\n\n\n<p>A latent concept that <strong>Fendi<\/strong> referenced through its spring-summer 2024 proposal, in which<strong> Silvia Fenturini <\/strong>served, in the middle of the factory in the Florentine countryside, <strong>coffee holders<\/strong> and <strong>coffee cups <\/strong>with which she reinforced the storytelling of the collection, and the underlying story centered on the employees of the luxury brand.<\/p>\n\n\n\n<figure class=\"wp-block-gallery has-nested-images columns-default is-cropped wp-block-gallery-1 is-layout-flex wp-block-gallery-is-layout-flex\">\n<figure class=\"wp-block-image size-large\"><a href=\"https:\/\/www.tapasmagazine.es\/wp-content\/uploads\/2023\/07\/moda-rinde-culto-cafe-4.jpg\"><img decoding=\"async\" width=\"683\" height=\"1024\" data-id=\"196500\" src=\"https:\/\/www.tapasmagazine.es\/wp-content\/uploads\/2023\/07\/moda-rinde-culto-cafe-4-683x1024.jpg\" alt=\"\" class=\"wp-image-196500\" srcset=\"https:\/\/www.tapasmagazine.es\/wp-content\/uploads\/2023\/07\/moda-rinde-culto-cafe-4-683x1024.jpg 683w, https:\/\/www.tapasmagazine.es\/wp-content\/uploads\/2023\/07\/moda-rinde-culto-cafe-4-200x300.jpg 200w, https:\/\/www.tapasmagazine.es\/wp-content\/uploads\/2023\/07\/moda-rinde-culto-cafe-4-768x1152.jpg 768w, https:\/\/www.tapasmagazine.es\/wp-content\/uploads\/2023\/07\/moda-rinde-culto-cafe-4-1024x1536.jpg 1024w, https:\/\/www.tapasmagazine.es\/wp-content\/uploads\/2023\/07\/moda-rinde-culto-cafe-4-1365x2048.jpg 1365w, https:\/\/www.tapasmagazine.es\/wp-content\/uploads\/2023\/07\/moda-rinde-culto-cafe-4-1000x1500.jpg 1000w, https:\/\/www.tapasmagazine.es\/wp-content\/uploads\/2023\/07\/moda-rinde-culto-cafe-4-400x600.jpg 400w, https:\/\/www.tapasmagazine.es\/wp-content\/uploads\/2023\/07\/moda-rinde-culto-cafe-4.jpg 1600w\" sizes=\"(max-width: 683px) 100vw, 683px\" \/><\/a><\/figure>\n\n\n\n<figure class=\"wp-block-image size-large\"><a href=\"https:\/\/www.tapasmagazine.es\/wp-content\/uploads\/2023\/07\/moda-rinde-culto-cafe-5.jpg\"><img decoding=\"async\" width=\"683\" height=\"1024\" data-id=\"196502\" src=\"https:\/\/www.tapasmagazine.es\/wp-content\/uploads\/2023\/07\/moda-rinde-culto-cafe-5-683x1024.jpg\" alt=\"\" class=\"wp-image-196502\" srcset=\"https:\/\/www.tapasmagazine.es\/wp-content\/uploads\/2023\/07\/moda-rinde-culto-cafe-5-683x1024.jpg 683w, https:\/\/www.tapasmagazine.es\/wp-content\/uploads\/2023\/07\/moda-rinde-culto-cafe-5-200x300.jpg 200w, https:\/\/www.tapasmagazine.es\/wp-content\/uploads\/2023\/07\/moda-rinde-culto-cafe-5-768x1152.jpg 768w, https:\/\/www.tapasmagazine.es\/wp-content\/uploads\/2023\/07\/moda-rinde-culto-cafe-5-1024x1536.jpg 1024w, https:\/\/www.tapasmagazine.es\/wp-content\/uploads\/2023\/07\/moda-rinde-culto-cafe-5-1365x2048.jpg 1365w, https:\/\/www.tapasmagazine.es\/wp-content\/uploads\/2023\/07\/moda-rinde-culto-cafe-5-1000x1500.jpg 1000w, https:\/\/www.tapasmagazine.es\/wp-content\/uploads\/2023\/07\/moda-rinde-culto-cafe-5-400x600.jpg 400w, https:\/\/www.tapasmagazine.es\/wp-content\/uploads\/2023\/07\/moda-rinde-culto-cafe-5.jpg 1600w\" sizes=\"(max-width: 683px) 100vw, 683px\" \/><\/a><\/figure>\n<\/figure>\n\n\n\n<p><strong>Fendi&#8217;s coffee holders <\/strong>were presented in two versions made of leather: one for carrying coffee with a folding flap with three holes sealed by the Fendi Roma logo on the sides, and another that took the shape of the classic box coffee holder dressed with the Fendi monogram.<\/p>\n\n\n\n<p>Beyond these interpretations, other contemporary reference brands such as <strong>Louis Vuitton<\/strong>, under the vision of its new creative director<strong> Pharrell Williams<\/strong>, decorated coffee cups with its new &#8216;damoflage&#8217;, the omnipresent print of its latest collection that fuses classic camouflage with the Damier of the French house.<\/p>\n\n\n\n<figure class=\"wp-block-gallery has-nested-images columns-default is-cropped wp-block-gallery-2 is-layout-flex wp-block-gallery-is-layout-flex\">\n<figure class=\"wp-block-image size-large\"><a href=\"https:\/\/www.tapasmagazine.es\/wp-content\/uploads\/2023\/07\/moda-rinde-culto-cafe-8.webp\"><img decoding=\"async\" width=\"834\" height=\"1024\" data-id=\"196504\" src=\"https:\/\/www.tapasmagazine.es\/wp-content\/uploads\/2023\/07\/moda-rinde-culto-cafe-8-834x1024.webp\" alt=\"\" class=\"wp-image-196504\" srcset=\"https:\/\/www.tapasmagazine.es\/wp-content\/uploads\/2023\/07\/moda-rinde-culto-cafe-8-834x1024.webp 834w, https:\/\/www.tapasmagazine.es\/wp-content\/uploads\/2023\/07\/moda-rinde-culto-cafe-8-244x300.webp 244w, https:\/\/www.tapasmagazine.es\/wp-content\/uploads\/2023\/07\/moda-rinde-culto-cafe-8-768x943.webp 768w, https:\/\/www.tapasmagazine.es\/wp-content\/uploads\/2023\/07\/moda-rinde-culto-cafe-8-1251x1536.webp 1251w, https:\/\/www.tapasmagazine.es\/wp-content\/uploads\/2023\/07\/moda-rinde-culto-cafe-8-1000x1228.webp 1000w, https:\/\/www.tapasmagazine.es\/wp-content\/uploads\/2023\/07\/moda-rinde-culto-cafe-8-400x491.webp 400w, https:\/\/www.tapasmagazine.es\/wp-content\/uploads\/2023\/07\/moda-rinde-culto-cafe-8.webp 1600w\" sizes=\"(max-width: 834px) 100vw, 834px\" \/><\/a><\/figure>\n\n\n\n<figure class=\"wp-block-image size-large\"><a href=\"https:\/\/www.tapasmagazine.es\/wp-content\/uploads\/2023\/07\/moda-rinde-culto-cafe-9.webp\"><img decoding=\"async\" width=\"834\" height=\"1024\" data-id=\"196506\" src=\"https:\/\/www.tapasmagazine.es\/wp-content\/uploads\/2023\/07\/moda-rinde-culto-cafe-9-834x1024.webp\" alt=\"\" class=\"wp-image-196506\" srcset=\"https:\/\/www.tapasmagazine.es\/wp-content\/uploads\/2023\/07\/moda-rinde-culto-cafe-9-834x1024.webp 834w, https:\/\/www.tapasmagazine.es\/wp-content\/uploads\/2023\/07\/moda-rinde-culto-cafe-9-244x300.webp 244w, https:\/\/www.tapasmagazine.es\/wp-content\/uploads\/2023\/07\/moda-rinde-culto-cafe-9-768x943.webp 768w, https:\/\/www.tapasmagazine.es\/wp-content\/uploads\/2023\/07\/moda-rinde-culto-cafe-9-1251x1536.webp 1251w, https:\/\/www.tapasmagazine.es\/wp-content\/uploads\/2023\/07\/moda-rinde-culto-cafe-9-1000x1228.webp 1000w, https:\/\/www.tapasmagazine.es\/wp-content\/uploads\/2023\/07\/moda-rinde-culto-cafe-9-400x491.webp 400w, https:\/\/www.tapasmagazine.es\/wp-content\/uploads\/2023\/07\/moda-rinde-culto-cafe-9.webp 1600w\" sizes=\"(max-width: 834px) 100vw, 834px\" \/><\/a><\/figure>\n<\/figure>\n\n\n\n<h2 class=\"wp-block-heading\">FASHION CAF\u00c9S<\/h2>\n\n\n\n<p>Fashion now seems to be drinking more coffee than ever, as a stimulating ritual that collides within the sartorial universe to be capitalized by brands, even through machines costing thousands of euros, which we can see projected in online catalogs on websites such as Ssense.<\/p>\n\n\n<div class=\"wp-block-image\">\n<figure class=\"aligncenter size-full is-resized\"><a href=\"https:\/\/www.tapasmagazine.es\/wp-content\/uploads\/2023\/07\/moda-rinde-culto-cafe-7.jpg\"><img decoding=\"async\" src=\"https:\/\/www.tapasmagazine.es\/wp-content\/uploads\/2023\/07\/moda-rinde-culto-cafe-7.jpg\" alt=\"\" class=\"wp-image-196508\" width=\"978\" height=\"1142\" srcset=\"https:\/\/www.tapasmagazine.es\/wp-content\/uploads\/2023\/07\/moda-rinde-culto-cafe-7.jpg 856w, https:\/\/www.tapasmagazine.es\/wp-content\/uploads\/2023\/07\/moda-rinde-culto-cafe-7-257x300.jpg 257w, https:\/\/www.tapasmagazine.es\/wp-content\/uploads\/2023\/07\/moda-rinde-culto-cafe-7-768x897.jpg 768w, https:\/\/www.tapasmagazine.es\/wp-content\/uploads\/2023\/07\/moda-rinde-culto-cafe-7-400x467.jpg 400w\" sizes=\"(max-width: 978px) 100vw, 978px\" \/><\/a><\/figure>\n<\/div>\n\n\n<p>Coffee then became a viral phenomenon that also materialized <strong>HELIOT EMIL<\/strong> in the form of a stainless steel coffee set. An iteration in which the avant-garde firm reflected its minimalist identity of industrial aesthetics, presented on its website; while other brands such as Prada did it in real life, opening a Wes Anderson-inspired coffee shop inside Harrods.<\/p>\n\n\n\n<p>But the list does not end there, and extends to the architectural designs of other firms such as Maison Kitsun\u00e9, Jacquemus, Saint Laurent, Dior or <strong>Aim\u00e9 Leon Dore<\/strong>, the New York brand of Teddis Santis that opened a coffee shop and Greek pastry shop IRL on Mulberry Street.<\/p>\n\n\n\n<figure class=\"wp-block-gallery has-nested-images columns-default is-cropped wp-block-gallery-3 is-layout-flex wp-block-gallery-is-layout-flex\">\n<figure class=\"wp-block-image size-large\"><a href=\"https:\/\/www.tapasmagazine.es\/wp-content\/uploads\/2023\/07\/moda-rinde-culto-cafe-2.webp\"><img decoding=\"async\" width=\"1024\" height=\"1024\" data-id=\"196510\" src=\"https:\/\/www.tapasmagazine.es\/wp-content\/uploads\/2023\/07\/moda-rinde-culto-cafe-2-1024x1024.webp\" alt=\"\" class=\"wp-image-196510\" srcset=\"https:\/\/www.tapasmagazine.es\/wp-content\/uploads\/2023\/07\/moda-rinde-culto-cafe-2-1024x1024.webp 1024w, https:\/\/www.tapasmagazine.es\/wp-content\/uploads\/2023\/07\/moda-rinde-culto-cafe-2-300x300.webp 300w, https:\/\/www.tapasmagazine.es\/wp-content\/uploads\/2023\/07\/moda-rinde-culto-cafe-2-150x150.webp 150w, https:\/\/www.tapasmagazine.es\/wp-content\/uploads\/2023\/07\/moda-rinde-culto-cafe-2-768x768.webp 768w, https:\/\/www.tapasmagazine.es\/wp-content\/uploads\/2023\/07\/moda-rinde-culto-cafe-2-1536x1536.webp 1536w, https:\/\/www.tapasmagazine.es\/wp-content\/uploads\/2023\/07\/moda-rinde-culto-cafe-2-1000x1000.webp 1000w, https:\/\/www.tapasmagazine.es\/wp-content\/uploads\/2023\/07\/moda-rinde-culto-cafe-2-400x400.webp 400w, https:\/\/www.tapasmagazine.es\/wp-content\/uploads\/2023\/07\/moda-rinde-culto-cafe-2.webp 2000w\" sizes=\"(max-width: 1024px) 100vw, 1024px\" \/><\/a><\/figure>\n\n\n\n<figure class=\"wp-block-image size-large\"><a href=\"https:\/\/www.tapasmagazine.es\/wp-content\/uploads\/2023\/07\/moda-rinde-culto-cafe-3.jpeg\"><img decoding=\"async\" width=\"1024\" height=\"1024\" data-id=\"196512\" src=\"https:\/\/www.tapasmagazine.es\/wp-content\/uploads\/2023\/07\/moda-rinde-culto-cafe-3-1024x1024.jpeg\" alt=\"\" class=\"wp-image-196512\" srcset=\"https:\/\/www.tapasmagazine.es\/wp-content\/uploads\/2023\/07\/moda-rinde-culto-cafe-3-1024x1024.jpeg 1024w, https:\/\/www.tapasmagazine.es\/wp-content\/uploads\/2023\/07\/moda-rinde-culto-cafe-3-300x300.jpeg 300w, https:\/\/www.tapasmagazine.es\/wp-content\/uploads\/2023\/07\/moda-rinde-culto-cafe-3-150x150.jpeg 150w, https:\/\/www.tapasmagazine.es\/wp-content\/uploads\/2023\/07\/moda-rinde-culto-cafe-3-768x768.jpeg 768w, https:\/\/www.tapasmagazine.es\/wp-content\/uploads\/2023\/07\/moda-rinde-culto-cafe-3-1000x1000.jpeg 1000w, https:\/\/www.tapasmagazine.es\/wp-content\/uploads\/2023\/07\/moda-rinde-culto-cafe-3-400x400.jpeg 400w, https:\/\/www.tapasmagazine.es\/wp-content\/uploads\/2023\/07\/moda-rinde-culto-cafe-3.jpeg 1400w\" sizes=\"(max-width: 1024px) 100vw, 1024px\" \/><\/a><\/figure>\n<\/figure>\n\n\n\n<p><strong>Ralph Lauren<\/strong>, for its part, with<strong> Ralph&#8217;s Coffee<\/strong>, expanded its universe through a dozen sophisticated stores in Europe, the United States and Asia, as well as by putting on sale a series of blends of the beverage designed by the brand, so that we can continue to worship coffee, but in a luxurious way.<\/p>\n","protected":false},"excerpt":{"rendered":"<p>Click here to read the Spanish version. Considering that the world&#8217;s daily coffee consumption is around 2.6 billion cups of coffee, it is not surprising that even the fashion world constantly drinks from this daily ritual when it comes to developing and putting its designs on the catwalk. A latent concept that Fendi referenced through [&hellip;]<\/p>\n","protected":false},"author":285,"featured_media":196499,"comment_status":"open","ping_status":"closed","sticky":false,"template":"single-feature.php","format":"standard","meta":{"_acf_changed":false,"footnotes":""},"categories":[15847,15807,15802],"tags":[16537,15824,17640],"class_list":["post-196560","post","type-post","status-publish","format-standard","has-post-thumbnail","hentry","category-bebidas-en","category-gastro-en","category-news","tag-cafe-en","tag-gastronomia-en","tag-moda-en","cat-15847-id","cat-15807-id","cat-15802-id"],"acf":[],"yoast_head":"<!-- This site is optimized with the Yoast SEO plugin v27.4 - https:\/\/yoast.com\/product\/yoast-seo-wordpress\/ -->\n<title>How even fashion worships coffee - Tapas<\/title>\n<meta name=\"description\" content=\"Click here to read the Spanish version. Considering that the world&#039;s daily coffee consumption is around 2.6 billion cups of coffee, it is not surprising\" \/>\n<meta name=\"robots\" content=\"index, follow, max-snippet:-1, max-image-preview:large, max-video-preview:-1\" \/>\n<link rel=\"canonical\" href=\"https:\/\/www.tapasmagazine.es\/en\/how-even-fashion-worships-coffee\/\" \/>\n<meta property=\"og:locale\" content=\"en_US\" \/>\n<meta property=\"og:type\" content=\"article\" \/>\n<meta property=\"og:title\" content=\"How even fashion worships coffee - Tapas\" \/>\n<meta property=\"og:description\" content=\"Click here to read the Spanish version. Considering that the world&#039;s daily coffee consumption is around 2.6 billion cups of coffee, it is not surprising\" \/>\n<meta property=\"og:url\" content=\"https:\/\/www.tapasmagazine.es\/en\/how-even-fashion-worships-coffee\/\" \/>\n<meta property=\"og:site_name\" content=\"Tapas\" \/>\n<meta property=\"article:publisher\" content=\"https:\/\/www.facebook.com\/tapasmagazine\" \/>\n<meta property=\"article:published_time\" content=\"2023-07-05T08:20:27+00:00\" \/>\n<meta property=\"article:modified_time\" content=\"2023-07-05T08:31:16+00:00\" \/>\n<meta property=\"og:image\" content=\"https:\/\/www.tapasmagazine.es\/wp-content\/uploads\/2023\/07\/moda-rinde-culto-cafe-1.jpg\" \/>\n\t<meta property=\"og:image:width\" content=\"1200\" \/>\n\t<meta property=\"og:image:height\" content=\"675\" \/>\n\t<meta property=\"og:image:type\" content=\"image\/jpeg\" \/>\n<meta name=\"author\" content=\"Laura P\u00e9rez\" \/>\n<meta name=\"twitter:card\" content=\"summary_large_image\" \/>\n<meta name=\"twitter:creator\" content=\"@TapasMagazine\" \/>\n<meta name=\"twitter:site\" content=\"@TapasMagazine\" \/>\n<meta name=\"twitter:label1\" content=\"Written by\" \/>\n\t<meta name=\"twitter:data1\" content=\"Laura P\u00e9rez\" \/>\n\t<meta name=\"twitter:label2\" content=\"Est. reading time\" \/>\n\t<meta name=\"twitter:data2\" content=\"4 minutes\" \/>\n<script type=\"application\/ld+json\" class=\"yoast-schema-graph\">{\"@context\":\"https:\\\/\\\/schema.org\",\"@graph\":[{\"@type\":\"Article\",\"@id\":\"https:\\\/\\\/www.tapasmagazine.es\\\/en\\\/how-even-fashion-worships-coffee\\\/#article\",\"isPartOf\":{\"@id\":\"https:\\\/\\\/www.tapasmagazine.es\\\/en\\\/how-even-fashion-worships-coffee\\\/\"},\"author\":{\"name\":\"Laura P\u00e9rez\",\"@id\":\"https:\\\/\\\/www.tapasmagazine.es\\\/#\\\/schema\\\/person\\\/eb46cbe76a9c8f062660eb609e3ecb4e\"},\"headline\":\"How even fashion worships coffee\",\"datePublished\":\"2023-07-05T08:20:27+00:00\",\"dateModified\":\"2023-07-05T08:31:16+00:00\",\"mainEntityOfPage\":{\"@id\":\"https:\\\/\\\/www.tapasmagazine.es\\\/en\\\/how-even-fashion-worships-coffee\\\/\"},\"wordCount\":407,\"commentCount\":0,\"publisher\":{\"@id\":\"https:\\\/\\\/www.tapasmagazine.es\\\/#organization\"},\"image\":{\"@id\":\"https:\\\/\\\/www.tapasmagazine.es\\\/en\\\/how-even-fashion-worships-coffee\\\/#primaryimage\"},\"thumbnailUrl\":\"https:\\\/\\\/www.tapasmagazine.es\\\/wp-content\\\/uploads\\\/2023\\\/07\\\/moda-rinde-culto-cafe-1.jpg\",\"keywords\":[\"caf\u00e9\",\"gastronom\u00eda\",\"Moda\"],\"articleSection\":[\"Bebidas\",\"Gastro\",\"News\"],\"inLanguage\":\"en-US\",\"potentialAction\":[{\"@type\":\"CommentAction\",\"name\":\"Comment\",\"target\":[\"https:\\\/\\\/www.tapasmagazine.es\\\/en\\\/how-even-fashion-worships-coffee\\\/#respond\"]}]},{\"@type\":\"WebPage\",\"@id\":\"https:\\\/\\\/www.tapasmagazine.es\\\/en\\\/how-even-fashion-worships-coffee\\\/\",\"url\":\"https:\\\/\\\/www.tapasmagazine.es\\\/en\\\/how-even-fashion-worships-coffee\\\/\",\"name\":\"How even fashion worships coffee - Tapas\",\"isPartOf\":{\"@id\":\"https:\\\/\\\/www.tapasmagazine.es\\\/#website\"},\"primaryImageOfPage\":{\"@id\":\"https:\\\/\\\/www.tapasmagazine.es\\\/en\\\/how-even-fashion-worships-coffee\\\/#primaryimage\"},\"image\":{\"@id\":\"https:\\\/\\\/www.tapasmagazine.es\\\/en\\\/how-even-fashion-worships-coffee\\\/#primaryimage\"},\"thumbnailUrl\":\"https:\\\/\\\/www.tapasmagazine.es\\\/wp-content\\\/uploads\\\/2023\\\/07\\\/moda-rinde-culto-cafe-1.jpg\",\"datePublished\":\"2023-07-05T08:20:27+00:00\",\"dateModified\":\"2023-07-05T08:31:16+00:00\",\"description\":\"Click here to read the Spanish version. Considering that the world's daily coffee consumption is around 2.6 billion cups of coffee, it is not surprising\",\"breadcrumb\":{\"@id\":\"https:\\\/\\\/www.tapasmagazine.es\\\/en\\\/how-even-fashion-worships-coffee\\\/#breadcrumb\"},\"inLanguage\":\"en-US\",\"potentialAction\":[{\"@type\":\"ReadAction\",\"target\":[\"https:\\\/\\\/www.tapasmagazine.es\\\/en\\\/how-even-fashion-worships-coffee\\\/\"]}]},{\"@type\":\"ImageObject\",\"inLanguage\":\"en-US\",\"@id\":\"https:\\\/\\\/www.tapasmagazine.es\\\/en\\\/how-even-fashion-worships-coffee\\\/#primaryimage\",\"url\":\"https:\\\/\\\/www.tapasmagazine.es\\\/wp-content\\\/uploads\\\/2023\\\/07\\\/moda-rinde-culto-cafe-1.jpg\",\"contentUrl\":\"https:\\\/\\\/www.tapasmagazine.es\\\/wp-content\\\/uploads\\\/2023\\\/07\\\/moda-rinde-culto-cafe-1.jpg\",\"width\":1200,\"height\":675},{\"@type\":\"BreadcrumbList\",\"@id\":\"https:\\\/\\\/www.tapasmagazine.es\\\/en\\\/how-even-fashion-worships-coffee\\\/#breadcrumb\",\"itemListElement\":[{\"@type\":\"ListItem\",\"position\":1,\"name\":\"Portada\",\"item\":\"https:\\\/\\\/www.tapasmagazine.es\\\/\"},{\"@type\":\"ListItem\",\"position\":2,\"name\":\"Gastro\",\"item\":\"https:\\\/\\\/www.tapasmagazine.es\\\/en\\\/categorias\\\/gastro-en\\\/\"},{\"@type\":\"ListItem\",\"position\":3,\"name\":\"How even fashion worships coffee\"}]},{\"@type\":\"WebSite\",\"@id\":\"https:\\\/\\\/www.tapasmagazine.es\\\/#website\",\"url\":\"https:\\\/\\\/www.tapasmagazine.es\\\/\",\"name\":\"Tapas\",\"description\":\"\u00d1am \u00d1am Lifestyle. La vida a bocados. Premio Nacional de Gastronom\u00eda 2016.\",\"publisher\":{\"@id\":\"https:\\\/\\\/www.tapasmagazine.es\\\/#organization\"},\"potentialAction\":[{\"@type\":\"SearchAction\",\"target\":{\"@type\":\"EntryPoint\",\"urlTemplate\":\"https:\\\/\\\/www.tapasmagazine.es\\\/?s={search_term_string}\"},\"query-input\":{\"@type\":\"PropertyValueSpecification\",\"valueRequired\":true,\"valueName\":\"search_term_string\"}}],\"inLanguage\":\"en-US\"},{\"@type\":\"Organization\",\"@id\":\"https:\\\/\\\/www.tapasmagazine.es\\\/#organization\",\"name\":\"Tapas Magazine\",\"url\":\"https:\\\/\\\/www.tapasmagazine.es\\\/\",\"logo\":{\"@type\":\"ImageObject\",\"inLanguage\":\"en-US\",\"@id\":\"https:\\\/\\\/www.tapasmagazine.es\\\/#\\\/schema\\\/logo\\\/image\\\/\",\"url\":\"https:\\\/\\\/www.tapasmagazine.es\\\/wp-content\\\/uploads\\\/2018\\\/01\\\/logo.png\",\"contentUrl\":\"https:\\\/\\\/www.tapasmagazine.es\\\/wp-content\\\/uploads\\\/2018\\\/01\\\/logo.png\",\"width\":180,\"height\":60,\"caption\":\"Tapas Magazine\"},\"image\":{\"@id\":\"https:\\\/\\\/www.tapasmagazine.es\\\/#\\\/schema\\\/logo\\\/image\\\/\"},\"sameAs\":[\"https:\\\/\\\/www.facebook.com\\\/tapasmagazine\",\"https:\\\/\\\/x.com\\\/TapasMagazine\",\"https:\\\/\\\/www.instagram.com\\\/tapasmagazine\\\/\",\"https:\\\/\\\/www.linkedin.com\\\/company\\\/tapas-magazine\",\"https:\\\/\\\/es.pinterest.com\\\/tapasmagazine\\\/\",\"https:\\\/\\\/www.youtube.com\\\/channel\\\/UCEyxneAaACuR0lfDagrWjjg?sub_confirmation=1\"]},{\"@type\":\"Person\",\"@id\":\"https:\\\/\\\/www.tapasmagazine.es\\\/#\\\/schema\\\/person\\\/eb46cbe76a9c8f062660eb609e3ecb4e\",\"name\":\"Laura P\u00e9rez\",\"url\":\"https:\\\/\\\/www.tapasmagazine.es\\\/en\\\/author\\\/laura-perez\\\/\"}]}<\/script>\n<!-- \/ Yoast SEO plugin. -->","yoast_head_json":{"title":"How even fashion worships coffee - Tapas","description":"Click here to read the Spanish version. Considering that the world's daily coffee consumption is around 2.6 billion cups of coffee, it is not surprising","robots":{"index":"index","follow":"follow","max-snippet":"max-snippet:-1","max-image-preview":"max-image-preview:large","max-video-preview":"max-video-preview:-1"},"canonical":"https:\/\/www.tapasmagazine.es\/en\/how-even-fashion-worships-coffee\/","og_locale":"en_US","og_type":"article","og_title":"How even fashion worships coffee - Tapas","og_description":"Click here to read the Spanish version. Considering that the world's daily coffee consumption is around 2.6 billion cups of coffee, it is not surprising","og_url":"https:\/\/www.tapasmagazine.es\/en\/how-even-fashion-worships-coffee\/","og_site_name":"Tapas","article_publisher":"https:\/\/www.facebook.com\/tapasmagazine","article_published_time":"2023-07-05T08:20:27+00:00","article_modified_time":"2023-07-05T08:31:16+00:00","og_image":[{"width":1200,"height":675,"url":"https:\/\/www.tapasmagazine.es\/wp-content\/uploads\/2023\/07\/moda-rinde-culto-cafe-1.jpg","type":"image\/jpeg"}],"author":"Laura P\u00e9rez","twitter_card":"summary_large_image","twitter_creator":"@TapasMagazine","twitter_site":"@TapasMagazine","twitter_misc":{"Written by":"Laura P\u00e9rez","Est. reading time":"4 minutes"},"schema":{"@context":"https:\/\/schema.org","@graph":[{"@type":"Article","@id":"https:\/\/www.tapasmagazine.es\/en\/how-even-fashion-worships-coffee\/#article","isPartOf":{"@id":"https:\/\/www.tapasmagazine.es\/en\/how-even-fashion-worships-coffee\/"},"author":{"name":"Laura P\u00e9rez","@id":"https:\/\/www.tapasmagazine.es\/#\/schema\/person\/eb46cbe76a9c8f062660eb609e3ecb4e"},"headline":"How even fashion worships coffee","datePublished":"2023-07-05T08:20:27+00:00","dateModified":"2023-07-05T08:31:16+00:00","mainEntityOfPage":{"@id":"https:\/\/www.tapasmagazine.es\/en\/how-even-fashion-worships-coffee\/"},"wordCount":407,"commentCount":0,"publisher":{"@id":"https:\/\/www.tapasmagazine.es\/#organization"},"image":{"@id":"https:\/\/www.tapasmagazine.es\/en\/how-even-fashion-worships-coffee\/#primaryimage"},"thumbnailUrl":"https:\/\/www.tapasmagazine.es\/wp-content\/uploads\/2023\/07\/moda-rinde-culto-cafe-1.jpg","keywords":["caf\u00e9","gastronom\u00eda","Moda"],"articleSection":["Bebidas","Gastro","News"],"inLanguage":"en-US","potentialAction":[{"@type":"CommentAction","name":"Comment","target":["https:\/\/www.tapasmagazine.es\/en\/how-even-fashion-worships-coffee\/#respond"]}]},{"@type":"WebPage","@id":"https:\/\/www.tapasmagazine.es\/en\/how-even-fashion-worships-coffee\/","url":"https:\/\/www.tapasmagazine.es\/en\/how-even-fashion-worships-coffee\/","name":"How even fashion worships coffee - Tapas","isPartOf":{"@id":"https:\/\/www.tapasmagazine.es\/#website"},"primaryImageOfPage":{"@id":"https:\/\/www.tapasmagazine.es\/en\/how-even-fashion-worships-coffee\/#primaryimage"},"image":{"@id":"https:\/\/www.tapasmagazine.es\/en\/how-even-fashion-worships-coffee\/#primaryimage"},"thumbnailUrl":"https:\/\/www.tapasmagazine.es\/wp-content\/uploads\/2023\/07\/moda-rinde-culto-cafe-1.jpg","datePublished":"2023-07-05T08:20:27+00:00","dateModified":"2023-07-05T08:31:16+00:00","description":"Click here to read the Spanish version. Considering that the world's daily coffee consumption is around 2.6 billion cups of coffee, it is not surprising","breadcrumb":{"@id":"https:\/\/www.tapasmagazine.es\/en\/how-even-fashion-worships-coffee\/#breadcrumb"},"inLanguage":"en-US","potentialAction":[{"@type":"ReadAction","target":["https:\/\/www.tapasmagazine.es\/en\/how-even-fashion-worships-coffee\/"]}]},{"@type":"ImageObject","inLanguage":"en-US","@id":"https:\/\/www.tapasmagazine.es\/en\/how-even-fashion-worships-coffee\/#primaryimage","url":"https:\/\/www.tapasmagazine.es\/wp-content\/uploads\/2023\/07\/moda-rinde-culto-cafe-1.jpg","contentUrl":"https:\/\/www.tapasmagazine.es\/wp-content\/uploads\/2023\/07\/moda-rinde-culto-cafe-1.jpg","width":1200,"height":675},{"@type":"BreadcrumbList","@id":"https:\/\/www.tapasmagazine.es\/en\/how-even-fashion-worships-coffee\/#breadcrumb","itemListElement":[{"@type":"ListItem","position":1,"name":"Portada","item":"https:\/\/www.tapasmagazine.es\/"},{"@type":"ListItem","position":2,"name":"Gastro","item":"https:\/\/www.tapasmagazine.es\/en\/categorias\/gastro-en\/"},{"@type":"ListItem","position":3,"name":"How even fashion worships coffee"}]},{"@type":"WebSite","@id":"https:\/\/www.tapasmagazine.es\/#website","url":"https:\/\/www.tapasmagazine.es\/","name":"Tapas","description":"\u00d1am \u00d1am Lifestyle. La vida a bocados. Premio Nacional de Gastronom\u00eda 2016.","publisher":{"@id":"https:\/\/www.tapasmagazine.es\/#organization"},"potentialAction":[{"@type":"SearchAction","target":{"@type":"EntryPoint","urlTemplate":"https:\/\/www.tapasmagazine.es\/?s={search_term_string}"},"query-input":{"@type":"PropertyValueSpecification","valueRequired":true,"valueName":"search_term_string"}}],"inLanguage":"en-US"},{"@type":"Organization","@id":"https:\/\/www.tapasmagazine.es\/#organization","name":"Tapas Magazine","url":"https:\/\/www.tapasmagazine.es\/","logo":{"@type":"ImageObject","inLanguage":"en-US","@id":"https:\/\/www.tapasmagazine.es\/#\/schema\/logo\/image\/","url":"https:\/\/www.tapasmagazine.es\/wp-content\/uploads\/2018\/01\/logo.png","contentUrl":"https:\/\/www.tapasmagazine.es\/wp-content\/uploads\/2018\/01\/logo.png","width":180,"height":60,"caption":"Tapas Magazine"},"image":{"@id":"https:\/\/www.tapasmagazine.es\/#\/schema\/logo\/image\/"},"sameAs":["https:\/\/www.facebook.com\/tapasmagazine","https:\/\/x.com\/TapasMagazine","https:\/\/www.instagram.com\/tapasmagazine\/","https:\/\/www.linkedin.com\/company\/tapas-magazine","https:\/\/es.pinterest.com\/tapasmagazine\/","https:\/\/www.youtube.com\/channel\/UCEyxneAaACuR0lfDagrWjjg?sub_confirmation=1"]},{"@type":"Person","@id":"https:\/\/www.tapasmagazine.es\/#\/schema\/person\/eb46cbe76a9c8f062660eb609e3ecb4e","name":"Laura P\u00e9rez","url":"https:\/\/www.tapasmagazine.es\/en\/author\/laura-perez\/"}]}},"_links":{"self":[{"href":"https:\/\/www.tapasmagazine.es\/en\/wp-json\/wp\/v2\/posts\/196560","targetHints":{"allow":["GET"]}}],"collection":[{"href":"https:\/\/www.tapasmagazine.es\/en\/wp-json\/wp\/v2\/posts"}],"about":[{"href":"https:\/\/www.tapasmagazine.es\/en\/wp-json\/wp\/v2\/types\/post"}],"author":[{"embeddable":true,"href":"https:\/\/www.tapasmagazine.es\/en\/wp-json\/wp\/v2\/users\/285"}],"replies":[{"embeddable":true,"href":"https:\/\/www.tapasmagazine.es\/en\/wp-json\/wp\/v2\/comments?post=196560"}],"version-history":[{"count":4,"href":"https:\/\/www.tapasmagazine.es\/en\/wp-json\/wp\/v2\/posts\/196560\/revisions"}],"predecessor-version":[{"id":196569,"href":"https:\/\/www.tapasmagazine.es\/en\/wp-json\/wp\/v2\/posts\/196560\/revisions\/196569"}],"wp:featuredmedia":[{"embeddable":true,"href":"https:\/\/www.tapasmagazine.es\/en\/wp-json\/wp\/v2\/media\/196499"}],"wp:attachment":[{"href":"https:\/\/www.tapasmagazine.es\/en\/wp-json\/wp\/v2\/media?parent=196560"}],"wp:term":[{"taxonomy":"category","embeddable":true,"href":"https:\/\/www.tapasmagazine.es\/en\/wp-json\/wp\/v2\/categories?post=196560"},{"taxonomy":"post_tag","embeddable":true,"href":"https:\/\/www.tapasmagazine.es\/en\/wp-json\/wp\/v2\/tags?post=196560"}],"curies":[{"name":"wp","href":"https:\/\/api.w.org\/{rel}","templated":true}]}}