{"id":196421,"date":"2024-07-06T14:36:02","date_gmt":"2024-07-06T12:36:02","guid":{"rendered":"https:\/\/www.tapasmagazine.es\/donde-comer-pamplona-san-fermin\/"},"modified":"2023-07-05T09:09:19","modified_gmt":"2023-07-05T07:09:19","slug":"where-to-eat-in-pamplona-during-san-fermin","status":"publish","type":"post","link":"https:\/\/www.tapasmagazine.es\/en\/where-to-eat-in-pamplona-during-san-fermin\/","title":{"rendered":"Where to eat in Pamplona during San Ferm\u00edn"},"content":{"rendered":"\n<p><strong>Click <a href=\"https:\/\/www.tapasmagazine.es\/donde-comer-pamplona-san-fermin\/\" target=\"_blank\" rel=\"noreferrer noopener\">here<\/a> to read the Spanish version.<\/strong><br>They say that there are as many Sanfermines as there are people who visit Pamplona during these eight magical days, and when you land in the city dressed in white and with the &#8216;pa\u00f1uelico&#8217; of the Saint around your neck, you realize that this statement could not be more true.<\/p>\n\n\n\n<p>Needless to say that our Sanfermines are gastronomic, that is what we owe ourselves to and that is what we enjoy these days, because Pamplona, from the chupinazo, is transformed and new gastronomic clues appear that are hidden during the rest of the year. Take paper and pen and write down, because this list goes far beyond the Sanferminero clich\u00e9s.<\/p>\n\n\n\n<h2 class=\"wp-block-heading\">What are those special places to eat and drink during the Sanfermines?<\/h2>\n\n\n\n<p>Let&#8217;s start with a classic, the <a href=\"https:\/\/www.instagram.com\/churrerialamanueta\/?hl=es\" target=\"_blank\" rel=\"noreferrer noopener\">churrer\u00eda de la Ma\u00f1ueta<\/a>. This place of pilgrimage is open a handful of days a year, including the Sanfermines, from July 7 to 14. During the two Saturdays prior to the festivities, the Elizalde-Fern\u00e1ndez family prepares for their big week: they leave their usual jobs in different geographical locations to gather in Pamplona during these days and rekindle the flames of family memories.<\/p>\n\n\n\n<p>What makes these churros special is that they have been made following the same procedure for more than 150 years. To heat the oil cauldrons, beech wood from Irati and Aralar is used, some 6,000 kilos are used during the Sanferminera week. The rest of the ingredients of the churros are also local: salt from the Salinas de Oro and flour from the B\u00e1rdenas Reales. Then, a lot of strength to press the mold against the chest and to draw with tact the famous donuts on the sparkling oil. They are open from 6 to 11 in the morning and queues are common, especially just after the running of the bulls.<\/p>\n\n\n\n<figure class=\"wp-block-image size-large\"><a href=\"https:\/\/www.tapasmagazine.es\/wp-content\/uploads\/2023\/07\/WhatsApp-Image-2023-07-03-at-18.48.40-1.jpeg\"><img decoding=\"async\" width=\"1024\" height=\"768\" src=\"https:\/\/www.tapasmagazine.es\/wp-content\/uploads\/2023\/07\/WhatsApp-Image-2023-07-03-at-18.48.40-1-1024x768.jpeg\" alt=\"\" class=\"wp-image-196078\" srcset=\"https:\/\/www.tapasmagazine.es\/wp-content\/uploads\/2023\/07\/WhatsApp-Image-2023-07-03-at-18.48.40-1-1024x768.jpeg 1024w, https:\/\/www.tapasmagazine.es\/wp-content\/uploads\/2023\/07\/WhatsApp-Image-2023-07-03-at-18.48.40-1-300x225.jpeg 300w, https:\/\/www.tapasmagazine.es\/wp-content\/uploads\/2023\/07\/WhatsApp-Image-2023-07-03-at-18.48.40-1-768x576.jpeg 768w, https:\/\/www.tapasmagazine.es\/wp-content\/uploads\/2023\/07\/WhatsApp-Image-2023-07-03-at-18.48.40-1-1536x1152.jpeg 1536w, https:\/\/www.tapasmagazine.es\/wp-content\/uploads\/2023\/07\/WhatsApp-Image-2023-07-03-at-18.48.40-1-1000x750.jpeg 1000w, https:\/\/www.tapasmagazine.es\/wp-content\/uploads\/2023\/07\/WhatsApp-Image-2023-07-03-at-18.48.40-1-400x300.jpeg 400w, https:\/\/www.tapasmagazine.es\/wp-content\/uploads\/2023\/07\/WhatsApp-Image-2023-07-03-at-18.48.40-1.jpeg 2048w\" sizes=\"(max-width: 1024px) 100vw, 1024px\" \/><\/a><figcaption class=\"wp-element-caption\">Churrer\u00eda La Ma\u00f1ueta. Foto por The FoodManager<\/figcaption><\/figure>\n\n\n\n<p>Near the Ma\u00f1ueta is the <a href=\"https:\/\/www.pamplona.es\/entidades\/mercado-de-santo-domingo\" target=\"_blank\" rel=\"noreferrer noopener\">Santo Domingo Market<\/a>. We do not mention it to you to go there to eat, but to load your suitcase with the best of the season of Navarre and local products. There you will be able to buy the winning txistorras of the Contest of the best Txistorra of Navarre, which is already in its 16th edition. In addition, there are two fruits of the land that are essential in Sanfermines and that we recommend you to buy there to cook them at home and prepare a nostalgic Sanfermines agape: the pochas and the piparras.<\/p>\n\n\n\n<figure class=\"wp-block-image size-large\"><a href=\"https:\/\/www.tapasmagazine.es\/wp-content\/uploads\/2023\/07\/WhatsApp-Image-2023-07-03-at-18.48.42.jpeg\"><img decoding=\"async\" width=\"1024\" height=\"768\" src=\"https:\/\/www.tapasmagazine.es\/wp-content\/uploads\/2023\/07\/WhatsApp-Image-2023-07-03-at-18.48.42-1024x768.jpeg\" alt=\"\" class=\"wp-image-196089\" srcset=\"https:\/\/www.tapasmagazine.es\/wp-content\/uploads\/2023\/07\/WhatsApp-Image-2023-07-03-at-18.48.42-1024x768.jpeg 1024w, https:\/\/www.tapasmagazine.es\/wp-content\/uploads\/2023\/07\/WhatsApp-Image-2023-07-03-at-18.48.42-300x225.jpeg 300w, https:\/\/www.tapasmagazine.es\/wp-content\/uploads\/2023\/07\/WhatsApp-Image-2023-07-03-at-18.48.42-768x576.jpeg 768w, https:\/\/www.tapasmagazine.es\/wp-content\/uploads\/2023\/07\/WhatsApp-Image-2023-07-03-at-18.48.42-1536x1152.jpeg 1536w, https:\/\/www.tapasmagazine.es\/wp-content\/uploads\/2023\/07\/WhatsApp-Image-2023-07-03-at-18.48.42-1000x750.jpeg 1000w, https:\/\/www.tapasmagazine.es\/wp-content\/uploads\/2023\/07\/WhatsApp-Image-2023-07-03-at-18.48.42-400x300.jpeg 400w, https:\/\/www.tapasmagazine.es\/wp-content\/uploads\/2023\/07\/WhatsApp-Image-2023-07-03-at-18.48.42.jpeg 2048w\" sizes=\"(max-width: 1024px) 100vw, 1024px\" \/><\/a><figcaption class=\"wp-element-caption\">Mercado de Santo Domingo. Foto por The FoodManager<\/figcaption><\/figure>\n\n\n\n<p>Margari is the queen of Plaza del Castillo. She has been cooking for more than 50 years at the <a href=\"https:\/\/barbaviera.com\/\" target=\"_blank\" rel=\"noreferrer noopener\">Baviera<\/a>, one of the least crowded and best places to eat in the area. In addition, the Baviera has different highlights throughout the day. Just after the running of the bulls, the most famous runners gather there to comment on the sensations of their races surrounded by their families with the first &#8216;pelotazo&#8217; of the day. A few hours later, you can have the famous Sanfermines lunch (or &#8216;almuercico&#8217;, as some call it) on the terrace and, finally, one of our favorite dishes during Sanfermines: chicken stewed with rice, which resuscitates any body on the verge of ruin that has just seen the light of day at lunchtime. Margari still reigns supreme although, due to her age, she can be less and less at the stove, but during the Sanfermines she cannot help but lend a hand to her sons Santos and Patxi. The latter also helps out in the family business only during this week.<\/p>\n\n\n\n<figure class=\"wp-block-image size-large\"><a href=\"https:\/\/www.tapasmagazine.es\/wp-content\/uploads\/2023\/07\/WhatsApp-Image-2023-07-03-at-18.48.50.jpeg\"><img decoding=\"async\" width=\"1536\" height=\"1152\" src=\"https:\/\/www.tapasmagazine.es\/wp-content\/uploads\/2023\/07\/WhatsApp-Image-2023-07-03-at-18.48.50-edited.jpeg\" alt=\"\" class=\"wp-image-196294\" srcset=\"https:\/\/www.tapasmagazine.es\/wp-content\/uploads\/2023\/07\/WhatsApp-Image-2023-07-03-at-18.48.50-edited.jpeg 1536w, https:\/\/www.tapasmagazine.es\/wp-content\/uploads\/2023\/07\/WhatsApp-Image-2023-07-03-at-18.48.50-edited-300x225.jpeg 300w, https:\/\/www.tapasmagazine.es\/wp-content\/uploads\/2023\/07\/WhatsApp-Image-2023-07-03-at-18.48.50-edited-1024x768.jpeg 1024w, https:\/\/www.tapasmagazine.es\/wp-content\/uploads\/2023\/07\/WhatsApp-Image-2023-07-03-at-18.48.50-edited-768x576.jpeg 768w, https:\/\/www.tapasmagazine.es\/wp-content\/uploads\/2023\/07\/WhatsApp-Image-2023-07-03-at-18.48.50-edited-1000x750.jpeg 1000w, https:\/\/www.tapasmagazine.es\/wp-content\/uploads\/2023\/07\/WhatsApp-Image-2023-07-03-at-18.48.50-edited-400x300.jpeg 400w\" sizes=\"(max-width: 1536px) 100vw, 1536px\" \/><\/a><figcaption class=\"wp-element-caption\">Gallina guisada con arroz del Baviera. Foto por The FoodManager<\/figcaption><\/figure>\n\n\n\n<h2 class=\"wp-block-heading\">Speaking of lunch\u2026 what do you eat and when is it?<\/h2>\n\n\n\n<p>We can say that the &#8220;almuercico&#8221; lasts all morning, from the end of the running of the bulls until lunchtime, and it is enjoyed at tables that the most traditional bars and the &#8220;pe\u00f1as&#8221; take out into the streets. It is a great plan to enjoy the atmosphere of camaraderie and hospitality that is experienced in the streets. The people of Pamplona are enormously hospitable and you will feel welcome from the very first moment. With them you will share the typical lunch dishes, such as lean meat with tomato, eggs with anything, bull stew, or a fantastic and comforting plate of pochas\u2026 Yes, all this around 10 a.m. Which lunch dishes do we recommend? <a href=\"https:\/\/lamandarra.com\/\" target=\"_blank\" rel=\"noreferrer noopener\">La Mandarra<\/a> de la Ramos, <a href=\"https:\/\/elredingastrobar.negocio.site\/\" target=\"_blank\" rel=\"noreferrer noopener\">El Red\u00edn<\/a> or <a href=\"https:\/\/bar-danubio.makro.bar\/?lang=es\" target=\"_blank\" rel=\"noreferrer noopener\">Bar Danubio<\/a>.<\/p>\n\n\n\n<figure class=\"wp-block-image size-large\"><a href=\"https:\/\/www.tapasmagazine.es\/wp-content\/uploads\/2023\/07\/WhatsApp-Image-2023-07-03-at-18.48.50-1.jpeg\"><img decoding=\"async\" width=\"1536\" height=\"1152\" src=\"https:\/\/www.tapasmagazine.es\/wp-content\/uploads\/2023\/07\/WhatsApp-Image-2023-07-03-at-18.48.50-1-edited-1.jpeg\" alt=\"\" class=\"wp-image-196292\" srcset=\"https:\/\/www.tapasmagazine.es\/wp-content\/uploads\/2023\/07\/WhatsApp-Image-2023-07-03-at-18.48.50-1-edited-1.jpeg 1536w, https:\/\/www.tapasmagazine.es\/wp-content\/uploads\/2023\/07\/WhatsApp-Image-2023-07-03-at-18.48.50-1-edited-1-300x225.jpeg 300w, https:\/\/www.tapasmagazine.es\/wp-content\/uploads\/2023\/07\/WhatsApp-Image-2023-07-03-at-18.48.50-1-edited-1-1024x768.jpeg 1024w, https:\/\/www.tapasmagazine.es\/wp-content\/uploads\/2023\/07\/WhatsApp-Image-2023-07-03-at-18.48.50-1-edited-1-768x576.jpeg 768w, https:\/\/www.tapasmagazine.es\/wp-content\/uploads\/2023\/07\/WhatsApp-Image-2023-07-03-at-18.48.50-1-edited-1-1000x750.jpeg 1000w, https:\/\/www.tapasmagazine.es\/wp-content\/uploads\/2023\/07\/WhatsApp-Image-2023-07-03-at-18.48.50-1-edited-1-400x300.jpeg 400w\" sizes=\"(max-width: 1536px) 100vw, 1536px\" \/><\/a><figcaption class=\"wp-element-caption\">Un almuerzo cl\u00e1sico de San Ferm\u00edn. Foto por The FoodManager<\/figcaption><\/figure>\n\n\n\n<p>Between lunch and lunch, there is something to drink\u2026 something very typical of San Fermin hangovers: the Bloody Mary at the <a href=\"https:\/\/www.hotelmaisonnave.es\/\" target=\"_blank\" rel=\"noreferrer noopener\">Maisonnave<\/a>. There is no middle ground: it either resuscitates you or gives you the laceration. It is a clear indicator of your sanferminero health. If you survive its spiciness and potency, nothing will stop you on that day of celebration.<\/p>\n\n\n\n<figure class=\"wp-block-image size-large\"><a href=\"https:\/\/www.tapasmagazine.es\/wp-content\/uploads\/2023\/07\/WhatsApp-Image-2023-07-03-at-18.48.44.jpeg\"><img decoding=\"async\" width=\"1024\" height=\"768\" src=\"https:\/\/www.tapasmagazine.es\/wp-content\/uploads\/2023\/07\/WhatsApp-Image-2023-07-03-at-18.48.44-1024x768.jpeg\" alt=\"\" class=\"wp-image-196082\" srcset=\"https:\/\/www.tapasmagazine.es\/wp-content\/uploads\/2023\/07\/WhatsApp-Image-2023-07-03-at-18.48.44-1024x768.jpeg 1024w, https:\/\/www.tapasmagazine.es\/wp-content\/uploads\/2023\/07\/WhatsApp-Image-2023-07-03-at-18.48.44-300x225.jpeg 300w, https:\/\/www.tapasmagazine.es\/wp-content\/uploads\/2023\/07\/WhatsApp-Image-2023-07-03-at-18.48.44-768x576.jpeg 768w, https:\/\/www.tapasmagazine.es\/wp-content\/uploads\/2023\/07\/WhatsApp-Image-2023-07-03-at-18.48.44-1536x1152.jpeg 1536w, https:\/\/www.tapasmagazine.es\/wp-content\/uploads\/2023\/07\/WhatsApp-Image-2023-07-03-at-18.48.44-1000x750.jpeg 1000w, https:\/\/www.tapasmagazine.es\/wp-content\/uploads\/2023\/07\/WhatsApp-Image-2023-07-03-at-18.48.44-400x300.jpeg 400w, https:\/\/www.tapasmagazine.es\/wp-content\/uploads\/2023\/07\/WhatsApp-Image-2023-07-03-at-18.48.44.jpeg 2048w\" sizes=\"(max-width: 1024px) 100vw, 1024px\" \/><\/a><figcaption class=\"wp-element-caption\">Bloody Mary del Maisonnave. Foto por The FoodManager<\/figcaption><\/figure>\n\n\n\n<p>If your thing is table and tablecloth and you like the gastro vibe, write this down: Sunday night dinner at the <a href=\"https:\/\/www.hoteleuropapamplona.com\/\" target=\"_blank\" rel=\"noreferrer noopener\">Hotel Europa<\/a>. This year marks the 30th anniversary of its brilliant Michelin Star and it is that Sunday night when more stars of the national gastronomic universe gather there\u2026 but this time without cooking, just to enjoy the enormous hospitality of the Idoate family. Joan Roca, Ferran Adri\u00e0, the Sandoval brothers or Arzak have all been to these mythical Sunday dinners (what else could it be, so that cooks from all over Spain can go). Immerse yourself in the Europa and you will end the night surrounded by stars and, of course, mariachis. Because every night of these Sanfermines, the mariachis &#8216;Imperial de Jalisco&#8217; are the guests. Of course, don&#8217;t doubt that you will also end up listening to some &#8216;jotica&#8217; at the top of your lungs late at night.<\/p>\n\n\n\n<h2 class=\"wp-block-heading\">Waiter, two &#8220;champ\u00fas&#8221;!<\/h2>\n\n\n\n<p>If you want to lighten up everything you have eaten at this time of the day, you can join the great sorbet duel that takes place in Pamplona exclusively during the Sanfermines. The most famous is that of the Gazteluleku Gastronomic Society, which prepares some 15,000 liters of its famous sorbet during San Fermin. And the gastro tapa is prepared in the bar of the <a href=\"https:\/\/www.hotelyoldi.com\/\" target=\"_blank\" rel=\"noreferrer noopener\">Hotel Yoldi<\/a> and goes by the name of &#8216;shampoo&#8217;. Don&#8217;t be embarrassed to approach the bar and ask the waiter for two &#8220;champ\u00fas&#8221;, even if you don&#8217;t see that name anywhere in the bar, because a tray will appear with a couple of dozen sherbets on which the locals will pounce.<\/p>\n\n\n\n<figure class=\"wp-block-image size-large\"><a href=\"https:\/\/www.tapasmagazine.es\/wp-content\/uploads\/2023\/07\/WhatsApp-Image-2023-07-03-at-18.48.46-1.jpeg\"><img decoding=\"async\" width=\"1024\" height=\"768\" src=\"https:\/\/www.tapasmagazine.es\/wp-content\/uploads\/2023\/07\/WhatsApp-Image-2023-07-03-at-18.48.46-1-1024x768.jpeg\" alt=\"\" class=\"wp-image-196084\" srcset=\"https:\/\/www.tapasmagazine.es\/wp-content\/uploads\/2023\/07\/WhatsApp-Image-2023-07-03-at-18.48.46-1-1024x768.jpeg 1024w, https:\/\/www.tapasmagazine.es\/wp-content\/uploads\/2023\/07\/WhatsApp-Image-2023-07-03-at-18.48.46-1-300x225.jpeg 300w, https:\/\/www.tapasmagazine.es\/wp-content\/uploads\/2023\/07\/WhatsApp-Image-2023-07-03-at-18.48.46-1-768x576.jpeg 768w, https:\/\/www.tapasmagazine.es\/wp-content\/uploads\/2023\/07\/WhatsApp-Image-2023-07-03-at-18.48.46-1-1536x1152.jpeg 1536w, https:\/\/www.tapasmagazine.es\/wp-content\/uploads\/2023\/07\/WhatsApp-Image-2023-07-03-at-18.48.46-1-1000x750.jpeg 1000w, https:\/\/www.tapasmagazine.es\/wp-content\/uploads\/2023\/07\/WhatsApp-Image-2023-07-03-at-18.48.46-1-400x300.jpeg 400w, https:\/\/www.tapasmagazine.es\/wp-content\/uploads\/2023\/07\/WhatsApp-Image-2023-07-03-at-18.48.46-1.jpeg 2048w\" sizes=\"(max-width: 1024px) 100vw, 1024px\" \/><\/a><figcaption class=\"wp-element-caption\">Champ\u00fas del Yoldi. Foto por The FoodManager<\/figcaption><\/figure>\n\n\n\n<p>Also on the backbone of the Sanfermines, Estafeta Street, is <a href=\"https:\/\/chezbelagua.com\/\" target=\"_blank\" rel=\"noreferrer noopener\">Chez Belagua<\/a>. What could this place have to attract one of the most famous and beloved groups in Pamplona these days, the shepherds of the running of the bulls, who with their traditional green polo shirts, are idols in Pamplona on these dates. They are acclaimed when they walk the route of the running of the bulls in the opposite direction half an hour before it starts, they are amulets to whom the runners must salute to activate the protection of the &#8216;capotico de San Ferm\u00edn&#8217; before the running of the bulls begins, and they finish their day with the &#8216;encierrillo&#8217;, which is an almost clandestine running of the bulls without runners that takes place every night to take the bulls from the Corrales del Gas to the Corrales de Santo Domingo, from where they start the running of the bulls every morning. Well, these Sanfermineros pop idols dine after each running of the bulls at this steakhouse. It is another of our most secret recommendations to experience the real Sanferminero atmosphere and, to top it all off, they eat spectacular meat at moderate prices. Ask for Juan Carlos or Andrea and you will feel at home.<\/p>\n\n\n\n<figure class=\"wp-block-image size-full\"><a href=\"https:\/\/www.tapasmagazine.es\/wp-content\/uploads\/2023\/07\/WhatsApp-Image-2023-07-03-at-20.26.59.jpeg\"><img decoding=\"async\" width=\"768\" height=\"576\" src=\"https:\/\/www.tapasmagazine.es\/wp-content\/uploads\/2023\/07\/WhatsApp-Image-2023-07-03-at-20.26.59-edited-1.jpeg\" alt=\"\" class=\"wp-image-196290\" srcset=\"https:\/\/www.tapasmagazine.es\/wp-content\/uploads\/2023\/07\/WhatsApp-Image-2023-07-03-at-20.26.59-edited-1.jpeg 768w, https:\/\/www.tapasmagazine.es\/wp-content\/uploads\/2023\/07\/WhatsApp-Image-2023-07-03-at-20.26.59-edited-1-300x225.jpeg 300w, https:\/\/www.tapasmagazine.es\/wp-content\/uploads\/2023\/07\/WhatsApp-Image-2023-07-03-at-20.26.59-edited-1-400x300.jpeg 400w\" sizes=\"(max-width: 768px) 100vw, 768px\" \/><\/a><figcaption class=\"wp-element-caption\">Carne a la brasa en Chez Belagua. Foto por The FoodManager<\/figcaption><\/figure>\n\n\n\n<p>That is what makes you fall in love with these festivities, &#8220;which are, in the whole world, festivities without equal&#8221;: the hospitality of the people who make you feel at home and repeat every year. That is the reason why we wanted to give you the names of the people and families that keep the gastronomic tradition of Sanferminera alive. Because, beyond the clich\u00e9s of &#8220;guiris&#8221; and drunkenness that have been exported, the Sanfermines are a family celebration, intimate, hospitable and close. And with these tips we assure you that you will leave a little piece of your heart tied to the grille of the church of the Saint on July 15th after you have sadly intornar the &#8216;Pobre de m\u00ed&#8217; (Poor me).<\/p>\n\n\n\n<p><em>*Paco Cruz, also known as The FoodManager (<a href=\"https:\/\/www.instagram.com\/the_foodmanager\/?hl=es\" target=\"_blank\" rel=\"noreferrer noopener\">@the_foodmanager<\/a>), is a restaurant &#8216;monetizer&#8217; and an unconditional lover of gastronomy.<\/em><\/p>\n","protected":false},"excerpt":{"rendered":"<p>Click here to read the Spanish version.They say that there are as many Sanfermines as there are people who visit Pamplona during these eight magical days, and when you land in the city dressed in white and with the &#8216;pa\u00f1uelico&#8217; of the Saint around your neck, you realize that this statement could not be more [&hellip;]<\/p>\n","protected":false},"author":252,"featured_media":196282,"comment_status":"open","ping_status":"closed","sticky":false,"template":"single-feature.php","format":"standard","meta":{"_acf_changed":false,"footnotes":""},"categories":[15807],"tags":[],"class_list":["post-196421","post","type-post","status-publish","format-standard","has-post-thumbnail","hentry","category-gastro-en","cat-15807-id"],"acf":[],"yoast_head":"<!-- This site is optimized with the Yoast SEO plugin v27.4 - https:\/\/yoast.com\/product\/yoast-seo-wordpress\/ -->\n<title>Where to eat in Pamplona during San Ferm\u00edn - Tapas<\/title>\n<meta name=\"description\" content=\"These are the gastro keys of the San Fermin to go beyond the typical and not miss the essential bites (and drinks) between July 6 and 14.\" \/>\n<meta name=\"robots\" content=\"index, follow, max-snippet:-1, max-image-preview:large, max-video-preview:-1\" \/>\n<link rel=\"canonical\" href=\"https:\/\/www.tapasmagazine.es\/en\/where-to-eat-in-pamplona-during-san-fermin\/\" \/>\n<meta property=\"og:locale\" content=\"en_US\" \/>\n<meta property=\"og:type\" content=\"article\" \/>\n<meta property=\"og:title\" content=\"Where to eat in Pamplona during San Ferm\u00edn - Tapas\" \/>\n<meta property=\"og:description\" content=\"These are the gastro keys of the San Fermin to go beyond the typical and not miss the essential bites (and drinks) between July 6 and 14.\" \/>\n<meta property=\"og:url\" content=\"https:\/\/www.tapasmagazine.es\/en\/where-to-eat-in-pamplona-during-san-fermin\/\" \/>\n<meta property=\"og:site_name\" content=\"Tapas\" \/>\n<meta property=\"article:publisher\" content=\"https:\/\/www.facebook.com\/tapasmagazine\" \/>\n<meta property=\"article:published_time\" content=\"2024-07-06T12:36:02+00:00\" \/>\n<meta property=\"og:image\" content=\"https:\/\/www.tapasmagazine.es\/wp-content\/uploads\/2023\/07\/WhatsApp-Image-2023-07-04-at-14.26.26-2.jpeg\" \/>\n\t<meta property=\"og:image:width\" content=\"1200\" \/>\n\t<meta property=\"og:image:height\" content=\"675\" \/>\n\t<meta property=\"og:image:type\" content=\"image\/jpeg\" \/>\n<meta name=\"author\" content=\"Paco Cruz\" \/>\n<meta name=\"twitter:card\" content=\"summary_large_image\" \/>\n<meta name=\"twitter:creator\" content=\"@TapasMagazine\" \/>\n<meta name=\"twitter:site\" content=\"@TapasMagazine\" \/>\n<meta name=\"twitter:label1\" content=\"Written by\" \/>\n\t<meta name=\"twitter:data1\" content=\"Paco Cruz\" \/>\n\t<meta name=\"twitter:label2\" content=\"Est. reading time\" \/>\n\t<meta name=\"twitter:data2\" content=\"9 minutes\" \/>\n<script type=\"application\/ld+json\" class=\"yoast-schema-graph\">{\"@context\":\"https:\\\/\\\/schema.org\",\"@graph\":[{\"@type\":\"Article\",\"@id\":\"https:\\\/\\\/www.tapasmagazine.es\\\/en\\\/where-to-eat-in-pamplona-during-san-fermin\\\/#article\",\"isPartOf\":{\"@id\":\"https:\\\/\\\/www.tapasmagazine.es\\\/en\\\/where-to-eat-in-pamplona-during-san-fermin\\\/\"},\"author\":{\"name\":\"Paco Cruz\",\"@id\":\"https:\\\/\\\/www.tapasmagazine.es\\\/#\\\/schema\\\/person\\\/613c42132149f35ea3831c91a27f6143\"},\"headline\":\"Where to eat in Pamplona during San Ferm\u00edn\",\"datePublished\":\"2024-07-06T12:36:02+00:00\",\"mainEntityOfPage\":{\"@id\":\"https:\\\/\\\/www.tapasmagazine.es\\\/en\\\/where-to-eat-in-pamplona-during-san-fermin\\\/\"},\"wordCount\":1484,\"commentCount\":0,\"publisher\":{\"@id\":\"https:\\\/\\\/www.tapasmagazine.es\\\/#organization\"},\"image\":{\"@id\":\"https:\\\/\\\/www.tapasmagazine.es\\\/en\\\/where-to-eat-in-pamplona-during-san-fermin\\\/#primaryimage\"},\"thumbnailUrl\":\"https:\\\/\\\/www.tapasmagazine.es\\\/wp-content\\\/uploads\\\/2023\\\/07\\\/WhatsApp-Image-2023-07-04-at-14.26.26-2.jpeg\",\"articleSection\":[\"Gastro\"],\"inLanguage\":\"en-US\",\"potentialAction\":[{\"@type\":\"CommentAction\",\"name\":\"Comment\",\"target\":[\"https:\\\/\\\/www.tapasmagazine.es\\\/en\\\/where-to-eat-in-pamplona-during-san-fermin\\\/#respond\"]}]},{\"@type\":\"WebPage\",\"@id\":\"https:\\\/\\\/www.tapasmagazine.es\\\/en\\\/where-to-eat-in-pamplona-during-san-fermin\\\/\",\"url\":\"https:\\\/\\\/www.tapasmagazine.es\\\/en\\\/where-to-eat-in-pamplona-during-san-fermin\\\/\",\"name\":\"Where to eat in Pamplona during San Ferm\u00edn - Tapas\",\"isPartOf\":{\"@id\":\"https:\\\/\\\/www.tapasmagazine.es\\\/#website\"},\"primaryImageOfPage\":{\"@id\":\"https:\\\/\\\/www.tapasmagazine.es\\\/en\\\/where-to-eat-in-pamplona-during-san-fermin\\\/#primaryimage\"},\"image\":{\"@id\":\"https:\\\/\\\/www.tapasmagazine.es\\\/en\\\/where-to-eat-in-pamplona-during-san-fermin\\\/#primaryimage\"},\"thumbnailUrl\":\"https:\\\/\\\/www.tapasmagazine.es\\\/wp-content\\\/uploads\\\/2023\\\/07\\\/WhatsApp-Image-2023-07-04-at-14.26.26-2.jpeg\",\"datePublished\":\"2024-07-06T12:36:02+00:00\",\"description\":\"These are the gastro keys of the San Fermin to go beyond the typical and not miss the essential bites (and drinks) between July 6 and 14.\",\"breadcrumb\":{\"@id\":\"https:\\\/\\\/www.tapasmagazine.es\\\/en\\\/where-to-eat-in-pamplona-during-san-fermin\\\/#breadcrumb\"},\"inLanguage\":\"en-US\",\"potentialAction\":[{\"@type\":\"ReadAction\",\"target\":[\"https:\\\/\\\/www.tapasmagazine.es\\\/en\\\/where-to-eat-in-pamplona-during-san-fermin\\\/\"]}]},{\"@type\":\"ImageObject\",\"inLanguage\":\"en-US\",\"@id\":\"https:\\\/\\\/www.tapasmagazine.es\\\/en\\\/where-to-eat-in-pamplona-during-san-fermin\\\/#primaryimage\",\"url\":\"https:\\\/\\\/www.tapasmagazine.es\\\/wp-content\\\/uploads\\\/2023\\\/07\\\/WhatsApp-Image-2023-07-04-at-14.26.26-2.jpeg\",\"contentUrl\":\"https:\\\/\\\/www.tapasmagazine.es\\\/wp-content\\\/uploads\\\/2023\\\/07\\\/WhatsApp-Image-2023-07-04-at-14.26.26-2.jpeg\",\"width\":1200,\"height\":675},{\"@type\":\"BreadcrumbList\",\"@id\":\"https:\\\/\\\/www.tapasmagazine.es\\\/en\\\/where-to-eat-in-pamplona-during-san-fermin\\\/#breadcrumb\",\"itemListElement\":[{\"@type\":\"ListItem\",\"position\":1,\"name\":\"Portada\",\"item\":\"https:\\\/\\\/www.tapasmagazine.es\\\/\"},{\"@type\":\"ListItem\",\"position\":2,\"name\":\"Gastro\",\"item\":\"https:\\\/\\\/www.tapasmagazine.es\\\/en\\\/categorias\\\/gastro-en\\\/\"},{\"@type\":\"ListItem\",\"position\":3,\"name\":\"Where to eat in Pamplona during San Ferm\u00edn\"}]},{\"@type\":\"WebSite\",\"@id\":\"https:\\\/\\\/www.tapasmagazine.es\\\/#website\",\"url\":\"https:\\\/\\\/www.tapasmagazine.es\\\/\",\"name\":\"Tapas\",\"description\":\"\u00d1am \u00d1am Lifestyle. La vida a bocados. Premio Nacional de Gastronom\u00eda 2016.\",\"publisher\":{\"@id\":\"https:\\\/\\\/www.tapasmagazine.es\\\/#organization\"},\"potentialAction\":[{\"@type\":\"SearchAction\",\"target\":{\"@type\":\"EntryPoint\",\"urlTemplate\":\"https:\\\/\\\/www.tapasmagazine.es\\\/?s={search_term_string}\"},\"query-input\":{\"@type\":\"PropertyValueSpecification\",\"valueRequired\":true,\"valueName\":\"search_term_string\"}}],\"inLanguage\":\"en-US\"},{\"@type\":\"Organization\",\"@id\":\"https:\\\/\\\/www.tapasmagazine.es\\\/#organization\",\"name\":\"Tapas Magazine\",\"url\":\"https:\\\/\\\/www.tapasmagazine.es\\\/\",\"logo\":{\"@type\":\"ImageObject\",\"inLanguage\":\"en-US\",\"@id\":\"https:\\\/\\\/www.tapasmagazine.es\\\/#\\\/schema\\\/logo\\\/image\\\/\",\"url\":\"https:\\\/\\\/www.tapasmagazine.es\\\/wp-content\\\/uploads\\\/2018\\\/01\\\/logo.png\",\"contentUrl\":\"https:\\\/\\\/www.tapasmagazine.es\\\/wp-content\\\/uploads\\\/2018\\\/01\\\/logo.png\",\"width\":180,\"height\":60,\"caption\":\"Tapas Magazine\"},\"image\":{\"@id\":\"https:\\\/\\\/www.tapasmagazine.es\\\/#\\\/schema\\\/logo\\\/image\\\/\"},\"sameAs\":[\"https:\\\/\\\/www.facebook.com\\\/tapasmagazine\",\"https:\\\/\\\/x.com\\\/TapasMagazine\",\"https:\\\/\\\/www.instagram.com\\\/tapasmagazine\\\/\",\"https:\\\/\\\/www.linkedin.com\\\/company\\\/tapas-magazine\",\"https:\\\/\\\/es.pinterest.com\\\/tapasmagazine\\\/\",\"https:\\\/\\\/www.youtube.com\\\/channel\\\/UCEyxneAaACuR0lfDagrWjjg?sub_confirmation=1\"]},{\"@type\":\"Person\",\"@id\":\"https:\\\/\\\/www.tapasmagazine.es\\\/#\\\/schema\\\/person\\\/613c42132149f35ea3831c91a27f6143\",\"name\":\"Paco Cruz\",\"url\":\"https:\\\/\\\/www.tapasmagazine.es\\\/en\\\/author\\\/paco-cruz\\\/\"}]}<\/script>\n<!-- \/ Yoast SEO plugin. -->","yoast_head_json":{"title":"Where to eat in Pamplona during San Ferm\u00edn - Tapas","description":"These are the gastro keys of the San Fermin to go beyond the typical and not miss the essential bites (and drinks) between July 6 and 14.","robots":{"index":"index","follow":"follow","max-snippet":"max-snippet:-1","max-image-preview":"max-image-preview:large","max-video-preview":"max-video-preview:-1"},"canonical":"https:\/\/www.tapasmagazine.es\/en\/where-to-eat-in-pamplona-during-san-fermin\/","og_locale":"en_US","og_type":"article","og_title":"Where to eat in Pamplona during San Ferm\u00edn - Tapas","og_description":"These are the gastro keys of the San Fermin to go beyond the typical and not miss the essential bites (and drinks) between July 6 and 14.","og_url":"https:\/\/www.tapasmagazine.es\/en\/where-to-eat-in-pamplona-during-san-fermin\/","og_site_name":"Tapas","article_publisher":"https:\/\/www.facebook.com\/tapasmagazine","article_published_time":"2024-07-06T12:36:02+00:00","og_image":[{"width":1200,"height":675,"url":"https:\/\/www.tapasmagazine.es\/wp-content\/uploads\/2023\/07\/WhatsApp-Image-2023-07-04-at-14.26.26-2.jpeg","type":"image\/jpeg"}],"author":"Paco Cruz","twitter_card":"summary_large_image","twitter_creator":"@TapasMagazine","twitter_site":"@TapasMagazine","twitter_misc":{"Written by":"Paco Cruz","Est. reading time":"9 minutes"},"schema":{"@context":"https:\/\/schema.org","@graph":[{"@type":"Article","@id":"https:\/\/www.tapasmagazine.es\/en\/where-to-eat-in-pamplona-during-san-fermin\/#article","isPartOf":{"@id":"https:\/\/www.tapasmagazine.es\/en\/where-to-eat-in-pamplona-during-san-fermin\/"},"author":{"name":"Paco Cruz","@id":"https:\/\/www.tapasmagazine.es\/#\/schema\/person\/613c42132149f35ea3831c91a27f6143"},"headline":"Where to eat in Pamplona during San Ferm\u00edn","datePublished":"2024-07-06T12:36:02+00:00","mainEntityOfPage":{"@id":"https:\/\/www.tapasmagazine.es\/en\/where-to-eat-in-pamplona-during-san-fermin\/"},"wordCount":1484,"commentCount":0,"publisher":{"@id":"https:\/\/www.tapasmagazine.es\/#organization"},"image":{"@id":"https:\/\/www.tapasmagazine.es\/en\/where-to-eat-in-pamplona-during-san-fermin\/#primaryimage"},"thumbnailUrl":"https:\/\/www.tapasmagazine.es\/wp-content\/uploads\/2023\/07\/WhatsApp-Image-2023-07-04-at-14.26.26-2.jpeg","articleSection":["Gastro"],"inLanguage":"en-US","potentialAction":[{"@type":"CommentAction","name":"Comment","target":["https:\/\/www.tapasmagazine.es\/en\/where-to-eat-in-pamplona-during-san-fermin\/#respond"]}]},{"@type":"WebPage","@id":"https:\/\/www.tapasmagazine.es\/en\/where-to-eat-in-pamplona-during-san-fermin\/","url":"https:\/\/www.tapasmagazine.es\/en\/where-to-eat-in-pamplona-during-san-fermin\/","name":"Where to eat in Pamplona during San Ferm\u00edn - Tapas","isPartOf":{"@id":"https:\/\/www.tapasmagazine.es\/#website"},"primaryImageOfPage":{"@id":"https:\/\/www.tapasmagazine.es\/en\/where-to-eat-in-pamplona-during-san-fermin\/#primaryimage"},"image":{"@id":"https:\/\/www.tapasmagazine.es\/en\/where-to-eat-in-pamplona-during-san-fermin\/#primaryimage"},"thumbnailUrl":"https:\/\/www.tapasmagazine.es\/wp-content\/uploads\/2023\/07\/WhatsApp-Image-2023-07-04-at-14.26.26-2.jpeg","datePublished":"2024-07-06T12:36:02+00:00","description":"These are the gastro keys of the San Fermin to go beyond the typical and not miss the essential bites (and drinks) between July 6 and 14.","breadcrumb":{"@id":"https:\/\/www.tapasmagazine.es\/en\/where-to-eat-in-pamplona-during-san-fermin\/#breadcrumb"},"inLanguage":"en-US","potentialAction":[{"@type":"ReadAction","target":["https:\/\/www.tapasmagazine.es\/en\/where-to-eat-in-pamplona-during-san-fermin\/"]}]},{"@type":"ImageObject","inLanguage":"en-US","@id":"https:\/\/www.tapasmagazine.es\/en\/where-to-eat-in-pamplona-during-san-fermin\/#primaryimage","url":"https:\/\/www.tapasmagazine.es\/wp-content\/uploads\/2023\/07\/WhatsApp-Image-2023-07-04-at-14.26.26-2.jpeg","contentUrl":"https:\/\/www.tapasmagazine.es\/wp-content\/uploads\/2023\/07\/WhatsApp-Image-2023-07-04-at-14.26.26-2.jpeg","width":1200,"height":675},{"@type":"BreadcrumbList","@id":"https:\/\/www.tapasmagazine.es\/en\/where-to-eat-in-pamplona-during-san-fermin\/#breadcrumb","itemListElement":[{"@type":"ListItem","position":1,"name":"Portada","item":"https:\/\/www.tapasmagazine.es\/"},{"@type":"ListItem","position":2,"name":"Gastro","item":"https:\/\/www.tapasmagazine.es\/en\/categorias\/gastro-en\/"},{"@type":"ListItem","position":3,"name":"Where to eat in Pamplona during San Ferm\u00edn"}]},{"@type":"WebSite","@id":"https:\/\/www.tapasmagazine.es\/#website","url":"https:\/\/www.tapasmagazine.es\/","name":"Tapas","description":"\u00d1am \u00d1am Lifestyle. La vida a bocados. Premio Nacional de Gastronom\u00eda 2016.","publisher":{"@id":"https:\/\/www.tapasmagazine.es\/#organization"},"potentialAction":[{"@type":"SearchAction","target":{"@type":"EntryPoint","urlTemplate":"https:\/\/www.tapasmagazine.es\/?s={search_term_string}"},"query-input":{"@type":"PropertyValueSpecification","valueRequired":true,"valueName":"search_term_string"}}],"inLanguage":"en-US"},{"@type":"Organization","@id":"https:\/\/www.tapasmagazine.es\/#organization","name":"Tapas Magazine","url":"https:\/\/www.tapasmagazine.es\/","logo":{"@type":"ImageObject","inLanguage":"en-US","@id":"https:\/\/www.tapasmagazine.es\/#\/schema\/logo\/image\/","url":"https:\/\/www.tapasmagazine.es\/wp-content\/uploads\/2018\/01\/logo.png","contentUrl":"https:\/\/www.tapasmagazine.es\/wp-content\/uploads\/2018\/01\/logo.png","width":180,"height":60,"caption":"Tapas Magazine"},"image":{"@id":"https:\/\/www.tapasmagazine.es\/#\/schema\/logo\/image\/"},"sameAs":["https:\/\/www.facebook.com\/tapasmagazine","https:\/\/x.com\/TapasMagazine","https:\/\/www.instagram.com\/tapasmagazine\/","https:\/\/www.linkedin.com\/company\/tapas-magazine","https:\/\/es.pinterest.com\/tapasmagazine\/","https:\/\/www.youtube.com\/channel\/UCEyxneAaACuR0lfDagrWjjg?sub_confirmation=1"]},{"@type":"Person","@id":"https:\/\/www.tapasmagazine.es\/#\/schema\/person\/613c42132149f35ea3831c91a27f6143","name":"Paco Cruz","url":"https:\/\/www.tapasmagazine.es\/en\/author\/paco-cruz\/"}]}},"_links":{"self":[{"href":"https:\/\/www.tapasmagazine.es\/en\/wp-json\/wp\/v2\/posts\/196421","targetHints":{"allow":["GET"]}}],"collection":[{"href":"https:\/\/www.tapasmagazine.es\/en\/wp-json\/wp\/v2\/posts"}],"about":[{"href":"https:\/\/www.tapasmagazine.es\/en\/wp-json\/wp\/v2\/types\/post"}],"author":[{"embeddable":true,"href":"https:\/\/www.tapasmagazine.es\/en\/wp-json\/wp\/v2\/users\/252"}],"replies":[{"embeddable":true,"href":"https:\/\/www.tapasmagazine.es\/en\/wp-json\/wp\/v2\/comments?post=196421"}],"version-history":[{"count":3,"href":"https:\/\/www.tapasmagazine.es\/en\/wp-json\/wp\/v2\/posts\/196421\/revisions"}],"predecessor-version":[{"id":196426,"href":"https:\/\/www.tapasmagazine.es\/en\/wp-json\/wp\/v2\/posts\/196421\/revisions\/196426"}],"wp:featuredmedia":[{"embeddable":true,"href":"https:\/\/www.tapasmagazine.es\/en\/wp-json\/wp\/v2\/media\/196282"}],"wp:attachment":[{"href":"https:\/\/www.tapasmagazine.es\/en\/wp-json\/wp\/v2\/media?parent=196421"}],"wp:term":[{"taxonomy":"category","embeddable":true,"href":"https:\/\/www.tapasmagazine.es\/en\/wp-json\/wp\/v2\/categories?post=196421"},{"taxonomy":"post_tag","embeddable":true,"href":"https:\/\/www.tapasmagazine.es\/en\/wp-json\/wp\/v2\/tags?post=196421"}],"curies":[{"name":"wp","href":"https:\/\/api.w.org\/{rel}","templated":true}]}}