{"id":195648,"date":"2023-06-29T12:03:06","date_gmt":"2023-06-29T10:03:06","guid":{"rendered":"https:\/\/www.tapasmagazine.es\/tapas-weekend-que-hacer-en-madrid-9\/"},"modified":"2023-06-29T12:14:45","modified_gmt":"2023-06-29T10:14:45","slug":"tapas-weekend-what-to-do-in-9","status":"publish","type":"post","link":"https:\/\/www.tapasmagazine.es\/en\/tapas-weekend-what-to-do-in-9\/","title":{"rendered":"Tapas Weekend: what to do in Madrid?"},"content":{"rendered":"\n<p><strong>Click <a href=\"https:\/\/www.tapasmagazine.es\/tapas-weekend-que-hacer-en-madrid-9\/\" target=\"_blank\" rel=\"noreferrer noopener\">here<\/a> to read the Spanish version.<\/strong><br>From Tapas we compile the best plans with which to enjoy the weekend in Madrid, and relegate ourselves to hedonism between cultural and gastronomic experiences, parties, events and museums. Take the agenda and take note of our weekly proposal.<\/p>\n\n\n\n<h2 class=\"wp-block-heading\">FRIDAY 30<\/h2>\n\n\n\n<p>This week Madrid is more proud than ever and you can feel it in the atmosphere. The <a href=\"https:\/\/www.madridorgullo.com\/\" target=\"_blank\" rel=\"noreferrer noopener\">LGTBIQ+ Pride festivities<\/a> are taking over many of the plans for this weekend. For Friday night, highlights the classic Gala Mr. Gay Spain (this year is the 16th edition) that will take place on the stage of Plaza Espa\u00f1a from 10 pm. It will be hosted by Luj\u00e1n Arg\u00fcelles and Omar Su\u00e1rez. And one of the highlights will be the special performance of Paulina Rubio, who will receive the special Mr. Gay Spain 2023 Award.<\/p>\n\n\n\n<figure class=\"wp-block-embed is-type-rich is-provider-instagram wp-block-embed-instagram\"><div class=\"wp-block-embed__wrapper\">\n<div class=\"sbi-embed-wrap\"><blockquote class=\"instagram-media sbi-embed\" data-instgrm-captioned data-instgrm-permalink=\"https:\/\/www.instagram.com\/p\/Ctv8hvNtcmA\/?utm_source=ig_embed&amp;utm_campaign=loading\" data-instgrm-version=\"14\" style=\" background:#FFF; border:0; border-radius:3px; box-shadow:0 0 1px 0 rgba(0,0,0,0.5),0 1px 10px 0 rgba(0,0,0,0.15); margin: 1px; max-width:640px; min-width:326px; padding:0; width:99.375%; width:-webkit-calc(100% - 2px); width:calc(100% - 2px);\"><div style=\"padding:16px;\"> <a href=\"https:\/\/www.instagram.com\/p\/Ctv8hvNtcmA\/?utm_source=ig_embed&amp;utm_campaign=loading\" style=\" background:#FFFFFF; line-height:0; padding:0 0; text-align:center; text-decoration:none; width:100%;\" target=\"_blank\"> <div style=\" display: flex; flex-direction: row; align-items: center;\"> <div style=\"background-color: #F4F4F4; border-radius: 50%; flex-grow: 0; height: 40px; margin-right: 14px; width: 40px;\"><\/div> <div style=\"display: flex; flex-direction: column; flex-grow: 1; justify-content: center;\"> <div style=\" background-color: #F4F4F4; border-radius: 4px; flex-grow: 0; height: 14px; margin-bottom: 6px; width: 100px;\"><\/div> <div style=\" background-color: #F4F4F4; border-radius: 4px; flex-grow: 0; height: 14px; width: 60px;\"><\/div><\/div><\/div><div style=\"padding: 19% 0;\"><\/div> <div style=\"display:block; height:50px; margin:0 auto 12px; width:50px;\"><svg width=\"50px\" height=\"50px\" viewBox=\"0 0 60 60\" version=\"1.1\" xmlns=\"https:\/\/www.w3.org\/2000\/svg\" xmlns:xlink=\"https:\/\/www.w3.org\/1999\/xlink\"><g stroke=\"none\" stroke-width=\"1\" fill=\"none\" fill-rule=\"evenodd\"><g transform=\"translate(-511.000000, -20.000000)\" fill=\"#000000\"><g><path d=\"M556.869,30.41 C554.814,30.41 553.148,32.076 553.148,34.131 C553.148,36.186 554.814,37.852 556.869,37.852 C558.924,37.852 560.59,36.186 560.59,34.131 C560.59,32.076 558.924,30.41 556.869,30.41 M541,60.657 C535.114,60.657 530.342,55.887 530.342,50 C530.342,44.114 535.114,39.342 541,39.342 C546.887,39.342 551.658,44.114 551.658,50 C551.658,55.887 546.887,60.657 541,60.657 M541,33.886 C532.1,33.886 524.886,41.1 524.886,50 C524.886,58.899 532.1,66.113 541,66.113 C549.9,66.113 557.115,58.899 557.115,50 C557.115,41.1 549.9,33.886 541,33.886 M565.378,62.101 C565.244,65.022 564.756,66.606 564.346,67.663 C563.803,69.06 563.154,70.057 562.106,71.106 C561.058,72.155 560.06,72.803 558.662,73.347 C557.607,73.757 556.021,74.244 553.102,74.378 C549.944,74.521 548.997,74.552 541,74.552 C533.003,74.552 532.056,74.521 528.898,74.378 C525.979,74.244 524.393,73.757 523.338,73.347 C521.94,72.803 520.942,72.155 519.894,71.106 C518.846,70.057 518.197,69.06 517.654,67.663 C517.244,66.606 516.755,65.022 516.623,62.101 C516.479,58.943 516.448,57.996 516.448,50 C516.448,42.003 516.479,41.056 516.623,37.899 C516.755,34.978 517.244,33.391 517.654,32.338 C518.197,30.938 518.846,29.942 519.894,28.894 C520.942,27.846 521.94,27.196 523.338,26.654 C524.393,26.244 525.979,25.756 528.898,25.623 C532.057,25.479 533.004,25.448 541,25.448 C548.997,25.448 549.943,25.479 553.102,25.623 C556.021,25.756 557.607,26.244 558.662,26.654 C560.06,27.196 561.058,27.846 562.106,28.894 C563.154,29.942 563.803,30.938 564.346,32.338 C564.756,33.391 565.244,34.978 565.378,37.899 C565.522,41.056 565.552,42.003 565.552,50 C565.552,57.996 565.522,58.943 565.378,62.101 M570.82,37.631 C570.674,34.438 570.167,32.258 569.425,30.349 C568.659,28.377 567.633,26.702 565.965,25.035 C564.297,23.368 562.623,22.342 560.652,21.575 C558.743,20.834 556.562,20.326 553.369,20.18 C550.169,20.033 549.148,20 541,20 C532.853,20 531.831,20.033 528.631,20.18 C525.438,20.326 523.257,20.834 521.349,21.575 C519.376,22.342 517.703,23.368 516.035,25.035 C514.368,26.702 513.342,28.377 512.574,30.349 C511.834,32.258 511.326,34.438 511.181,37.631 C511.035,40.831 511,41.851 511,50 C511,58.147 511.035,59.17 511.181,62.369 C511.326,65.562 511.834,67.743 512.574,69.651 C513.342,71.625 514.368,73.296 516.035,74.965 C517.703,76.634 519.376,77.658 521.349,78.425 C523.257,79.167 525.438,79.673 528.631,79.82 C531.831,79.965 532.853,80.001 541,80.001 C549.148,80.001 550.169,79.965 553.369,79.82 C556.562,79.673 558.743,79.167 560.652,78.425 C562.623,77.658 564.297,76.634 565.965,74.965 C567.633,73.296 568.659,71.625 569.425,69.651 C570.167,67.743 570.674,65.562 570.82,62.369 C570.966,59.17 571,58.147 571,50 C571,41.851 570.966,40.831 570.82,37.631\"><\/path><\/g><\/g><\/g><\/svg><\/div><div style=\"padding-top: 8px;\"> <div style=\" color:#3897f0; font-family:Arial,sans-serif; font-size:14px; font-style:normal; font-weight:550; line-height:18px;\">View this post on Instagram<\/div><\/div><div style=\"padding: 12.5% 0;\"><\/div> <div style=\"display: flex; flex-direction: row; margin-bottom: 14px; align-items: center;\"><div> <div style=\"background-color: #F4F4F4; border-radius: 50%; height: 12.5px; width: 12.5px; transform: translateX(0px) translateY(7px);\"><\/div> <div style=\"background-color: #F4F4F4; height: 12.5px; transform: rotate(-45deg) translateX(3px) translateY(1px); width: 12.5px; flex-grow: 0; margin-right: 14px; margin-left: 2px;\"><\/div> <div style=\"background-color: #F4F4F4; border-radius: 50%; height: 12.5px; width: 12.5px; transform: translateX(9px) translateY(-18px);\"><\/div><\/div><div style=\"margin-left: 8px;\"> <div style=\" background-color: #F4F4F4; border-radius: 50%; flex-grow: 0; height: 20px; width: 20px;\"><\/div> <div style=\" width: 0; height: 0; border-top: 2px solid transparent; border-left: 6px solid #f4f4f4; border-bottom: 2px solid transparent; transform: translateX(16px) translateY(-4px) rotate(30deg)\"><\/div><\/div><div style=\"margin-left: auto;\"> <div style=\" width: 0px; border-top: 8px solid #F4F4F4; border-right: 8px solid transparent; transform: translateY(16px);\"><\/div> <div style=\" background-color: #F4F4F4; flex-grow: 0; height: 12px; width: 16px; transform: translateY(-4px);\"><\/div> <div style=\" width: 0; height: 0; border-top: 8px solid #F4F4F4; border-left: 8px solid transparent; transform: translateY(-4px) translateX(8px);\"><\/div><\/div><\/div> <div style=\"display: flex; flex-direction: column; flex-grow: 1; justify-content: center; margin-bottom: 24px;\"> <div style=\" background-color: #F4F4F4; border-radius: 4px; flex-grow: 0; height: 14px; margin-bottom: 6px; width: 224px;\"><\/div> <div style=\" background-color: #F4F4F4; border-radius: 4px; flex-grow: 0; height: 14px; width: 144px;\"><\/div><\/div><\/a><p style=\" color:#c9c8cd; font-family:Arial,sans-serif; font-size:14px; line-height:17px; margin-bottom:0; margin-top:8px; overflow:hidden; padding:8px 0 7px; text-align:center; text-overflow:ellipsis; white-space:nowrap;\"><a href=\"https:\/\/www.instagram.com\/p\/Ctv8hvNtcmA\/?utm_source=ig_embed&amp;utm_campaign=loading\" style=\" color:#c9c8cd; font-family:Arial,sans-serif; font-size:14px; font-style:normal; font-weight:normal; line-height:17px; text-decoration:none;\" target=\"_blank\">A post shared by Orgullo Madrid (@madorgullo)<\/a><\/p><\/div><\/blockquote><script async src=\"\/\/platform.instagram.com\/en_US\/embeds.js\"><\/script><\/div>\n<\/div><\/figure>\n\n\n\n<p>To whet your appetite for the weekend and the pre-holiday period, we suggest a trip around Spain through the cocktails of <a href=\"https:\/\/larrumba.com\/restaurantes\/harrison\/\" target=\"_blank\" rel=\"noreferrer noopener\">Harrison 1933<\/a> and its new menu &#8220;Un pa\u00eds para beb\u00e9rselo&#8221; (A country to drink it in). This cocktail bar located at Calle de Recoletos, 16 and whose proposal is in charge of Carlos Moreno, bar and cocktail director of Grupo Larrumba, offers a menu full of cocktails that pay tribute to the different landscapes, flavors and folklore of each autonomous community.<\/p>\n\n\n\n<figure class=\"wp-block-image size-large\"><a href=\"https:\/\/www.tapasmagazine.es\/wp-content\/uploads\/2023\/06\/Harrison1933-local-barra.jpg\"><img decoding=\"async\" width=\"1024\" height=\"576\" src=\"https:\/\/www.tapasmagazine.es\/wp-content\/uploads\/2023\/06\/Harrison1933-local-barra-1024x576.jpg\" alt=\"\" class=\"wp-image-195606\" srcset=\"https:\/\/www.tapasmagazine.es\/wp-content\/uploads\/2023\/06\/Harrison1933-local-barra-1024x576.jpg 1024w, https:\/\/www.tapasmagazine.es\/wp-content\/uploads\/2023\/06\/Harrison1933-local-barra-300x169.jpg 300w, https:\/\/www.tapasmagazine.es\/wp-content\/uploads\/2023\/06\/Harrison1933-local-barra-768x432.jpg 768w, https:\/\/www.tapasmagazine.es\/wp-content\/uploads\/2023\/06\/Harrison1933-local-barra-1000x563.jpg 1000w, https:\/\/www.tapasmagazine.es\/wp-content\/uploads\/2023\/06\/Harrison1933-local-barra-400x225.jpg 400w, https:\/\/www.tapasmagazine.es\/wp-content\/uploads\/2023\/06\/Harrison1933-local-barra.jpg 1200w\" sizes=\"(max-width: 1024px) 100vw, 1024px\" \/><\/a><\/figure>\n\n\n\n<p>Through the experiences of Carlos and his team, you can taste 18 very special and representative recipes, such as a reinvention of the Bloody Mary with references to pantumaca and escalibada sauce in the cocktail of Catalonia; or the elaboration of Castilla y Le\u00f3n that includes ingredients such as cecina, almonds, verdejo cordial and pears from Bierzo; or that of the Valencian Community with its unmistakable horchata, fartons and a touch of mistela. A &#8216;Marca Espa\u00f1a&#8217; menu to review the entire Spanish geography. You will want to finish the night on the first floor, where there is a more rogue atmosphere with DJ sessions and live performances.<\/p>\n\n\n\n<div class=\"wp-block-columns is-layout-flex wp-container-core-columns-is-layout-9d6595d7 wp-block-columns-is-layout-flex\">\n<div class=\"wp-block-column is-layout-flow wp-block-column-is-layout-flow\">\n<figure class=\"wp-block-image size-large\"><a href=\"https:\/\/www.tapasmagazine.es\/wp-content\/uploads\/2023\/06\/valencia-Harrison-31.jpg\"><img decoding=\"async\" width=\"683\" height=\"1024\" src=\"https:\/\/www.tapasmagazine.es\/wp-content\/uploads\/2023\/06\/valencia-Harrison-31-683x1024.jpg\" alt=\"\" class=\"wp-image-195608\" srcset=\"https:\/\/www.tapasmagazine.es\/wp-content\/uploads\/2023\/06\/valencia-Harrison-31-683x1024.jpg 683w, https:\/\/www.tapasmagazine.es\/wp-content\/uploads\/2023\/06\/valencia-Harrison-31-200x300.jpg 200w, https:\/\/www.tapasmagazine.es\/wp-content\/uploads\/2023\/06\/valencia-Harrison-31-768x1152.jpg 768w, https:\/\/www.tapasmagazine.es\/wp-content\/uploads\/2023\/06\/valencia-Harrison-31-400x600.jpg 400w, https:\/\/www.tapasmagazine.es\/wp-content\/uploads\/2023\/06\/valencia-Harrison-31.jpg 800w\" sizes=\"(max-width: 683px) 100vw, 683px\" \/><\/a><\/figure>\n<\/div>\n\n\n\n<div class=\"wp-block-column is-layout-flow wp-block-column-is-layout-flow\">\n<figure class=\"wp-block-image size-large\"><a href=\"https:\/\/www.tapasmagazine.es\/wp-content\/uploads\/2023\/06\/Harrison-31-planta-baja.jpg\"><img decoding=\"async\" width=\"683\" height=\"1024\" src=\"https:\/\/www.tapasmagazine.es\/wp-content\/uploads\/2023\/06\/Harrison-31-planta-baja-683x1024.jpg\" alt=\"\" class=\"wp-image-195610\" srcset=\"https:\/\/www.tapasmagazine.es\/wp-content\/uploads\/2023\/06\/Harrison-31-planta-baja-683x1024.jpg 683w, https:\/\/www.tapasmagazine.es\/wp-content\/uploads\/2023\/06\/Harrison-31-planta-baja-200x300.jpg 200w, https:\/\/www.tapasmagazine.es\/wp-content\/uploads\/2023\/06\/Harrison-31-planta-baja-768x1152.jpg 768w, https:\/\/www.tapasmagazine.es\/wp-content\/uploads\/2023\/06\/Harrison-31-planta-baja-400x600.jpg 400w, https:\/\/www.tapasmagazine.es\/wp-content\/uploads\/2023\/06\/Harrison-31-planta-baja.jpg 800w\" sizes=\"(max-width: 683px) 100vw, 683px\" \/><\/a><\/figure>\n<\/div>\n<\/div>\n\n\n\n<p>And for festival-goers, this weekend there are musical events for all tastes. From June 30 to July 2 at the Caja M\u00e1gica the Festival R\u00edo Babel will be held, with artists such as Juan Lu\u00eds Guerra, Morat, Jamiroquai, Guitarricadelafuente, Bomba Est\u00e9reo, Sen Senra or Alizzz. Get tickets <a href=\"https:\/\/festivalriobabel.seetickets.com\/event\/rio-babel-2023\/caja-magica\/2489229\" target=\"_blank\" rel=\"noreferrer noopener\">here<\/a>. If you prefer a more reggaeton atmosphere, we have for you the <strong><a href=\"https:\/\/purolatino.es\/madrid\/\" target=\"_blank\" rel=\"noreferrer noopener\">Puro Latino Festival<\/a><\/strong>, at the Ciudad del Rock in Arganda del Rey, on June 30 and July 1, with Nicky Jam, Mike Towers or J Balvin, among others.<\/p>\n\n\n\n<div class=\"wp-block-columns is-layout-flex wp-container-core-columns-is-layout-9d6595d7 wp-block-columns-is-layout-flex\">\n<div class=\"wp-block-column is-layout-flow wp-block-column-is-layout-flow\">\n<figure class=\"wp-block-image size-large\"><a href=\"https:\/\/www.tapasmagazine.es\/wp-content\/uploads\/2023\/06\/rio-babel.jpg\"><img decoding=\"async\" width=\"1024\" height=\"576\" src=\"https:\/\/www.tapasmagazine.es\/wp-content\/uploads\/2023\/06\/rio-babel-1024x576.jpg\" alt=\"\" class=\"wp-image-195612\" srcset=\"https:\/\/www.tapasmagazine.es\/wp-content\/uploads\/2023\/06\/rio-babel-1024x576.jpg 1024w, https:\/\/www.tapasmagazine.es\/wp-content\/uploads\/2023\/06\/rio-babel-300x169.jpg 300w, https:\/\/www.tapasmagazine.es\/wp-content\/uploads\/2023\/06\/rio-babel-768x432.jpg 768w, https:\/\/www.tapasmagazine.es\/wp-content\/uploads\/2023\/06\/rio-babel-1000x563.jpg 1000w, https:\/\/www.tapasmagazine.es\/wp-content\/uploads\/2023\/06\/rio-babel-400x225.jpg 400w, https:\/\/www.tapasmagazine.es\/wp-content\/uploads\/2023\/06\/rio-babel.jpg 1200w\" sizes=\"(max-width: 1024px) 100vw, 1024px\" \/><\/a><figcaption class=\"wp-element-caption\">Festival R\u00edo Babel.<\/figcaption><\/figure>\n<\/div>\n\n\n\n<div class=\"wp-block-column is-layout-flow wp-block-column-is-layout-flow\">\n<figure class=\"wp-block-image size-large is-resized\"><a href=\"https:\/\/www.tapasmagazine.es\/wp-content\/uploads\/2023\/06\/festival-maudes.jpg\"><img decoding=\"async\" src=\"https:\/\/www.tapasmagazine.es\/wp-content\/uploads\/2023\/06\/festival-maudes-1024x576.jpg\" alt=\"\" class=\"wp-image-195614\" width=\"389\" height=\"218\" srcset=\"https:\/\/www.tapasmagazine.es\/wp-content\/uploads\/2023\/06\/festival-maudes-1024x576.jpg 1024w, https:\/\/www.tapasmagazine.es\/wp-content\/uploads\/2023\/06\/festival-maudes-300x169.jpg 300w, https:\/\/www.tapasmagazine.es\/wp-content\/uploads\/2023\/06\/festival-maudes-768x432.jpg 768w, https:\/\/www.tapasmagazine.es\/wp-content\/uploads\/2023\/06\/festival-maudes-1000x563.jpg 1000w, https:\/\/www.tapasmagazine.es\/wp-content\/uploads\/2023\/06\/festival-maudes-400x225.jpg 400w, https:\/\/www.tapasmagazine.es\/wp-content\/uploads\/2023\/06\/festival-maudes.jpg 1200w\" sizes=\"(max-width: 389px) 100vw, 389px\" \/><\/a><figcaption class=\"wp-element-caption\">Festival Maudes.<\/figcaption><\/figure>\n<\/div>\n<\/div>\n\n\n\n<p>And if you are more into electronic and techno music, don&#8217;t worry because the <a href=\"https:\/\/maudesfestival.com\/\" target=\"_blank\" rel=\"noreferrer noopener\">Maudes Festival<\/a> will be held at the Ifema Fairgrounds on June 30 and July 1. You will live the greatest outdoor thematic experience that combines art, commitment, culture and techno electronic music.<\/p>\n\n\n\n<h2 class=\"wp-block-heading\">SATURDAY 1<\/h2>\n\n\n\n<figure class=\"wp-block-image size-large\"><a href=\"https:\/\/www.tapasmagazine.es\/wp-content\/uploads\/2023\/06\/chispa-bistro.jpg\"><img decoding=\"async\" width=\"1024\" height=\"576\" src=\"https:\/\/www.tapasmagazine.es\/wp-content\/uploads\/2023\/06\/chispa-bistro-1024x576.jpg\" alt=\"\" class=\"wp-image-195617\" srcset=\"https:\/\/www.tapasmagazine.es\/wp-content\/uploads\/2023\/06\/chispa-bistro-1024x576.jpg 1024w, https:\/\/www.tapasmagazine.es\/wp-content\/uploads\/2023\/06\/chispa-bistro-300x169.jpg 300w, https:\/\/www.tapasmagazine.es\/wp-content\/uploads\/2023\/06\/chispa-bistro-768x432.jpg 768w, https:\/\/www.tapasmagazine.es\/wp-content\/uploads\/2023\/06\/chispa-bistro-1000x563.jpg 1000w, https:\/\/www.tapasmagazine.es\/wp-content\/uploads\/2023\/06\/chispa-bistro-400x225.jpg 400w, https:\/\/www.tapasmagazine.es\/wp-content\/uploads\/2023\/06\/chispa-bistro.jpg 1200w\" sizes=\"(max-width: 1024px) 100vw, 1024px\" \/><\/a><\/figure>\n\n\n\n<p>This weekend Chueca is the epicenter of Madrid. If you go into this neighborhood, you will discover great gastronomic proposals such as those of the restaurant <a href=\"https:\/\/chispabistro.com\/\" target=\"_blank\" rel=\"noreferrer noopener\"><strong>Chispa Bistr\u00f3<\/strong><\/a>, by chefs Gabriel Sodr\u00e9 and Juan D&#8217;Onofrio, located on Barquillo street, in front of Plaza del Rey. About to celebrate its first year, the menu perfectly captures the flavors that both the Brazilian and Argentinean chefs have known through their travels and experiences, especially in the Mediterranean and Asia. You can taste delicacies such as baby squid capelletti, ikura, mushroom and tomato dashi, pigeon, leek and pear cannelloni or the original and exquisite dessert of asparagus, egg yolk and oatmeal.<\/p>\n\n\n\n<div class=\"wp-block-columns is-layout-flex wp-container-core-columns-is-layout-9d6595d7 wp-block-columns-is-layout-flex\">\n<div class=\"wp-block-column is-layout-flow wp-block-column-is-layout-flow\">\n<figure class=\"wp-block-image size-full\"><a href=\"https:\/\/www.tapasmagazine.es\/wp-content\/uploads\/2023\/06\/pichon-chispa-bistro.jpg\"><img decoding=\"async\" width=\"823\" height=\"1000\" src=\"https:\/\/www.tapasmagazine.es\/wp-content\/uploads\/2023\/06\/pichon-chispa-bistro.jpg\" alt=\"\" class=\"wp-image-195619\" srcset=\"https:\/\/www.tapasmagazine.es\/wp-content\/uploads\/2023\/06\/pichon-chispa-bistro.jpg 823w, https:\/\/www.tapasmagazine.es\/wp-content\/uploads\/2023\/06\/pichon-chispa-bistro-247x300.jpg 247w, https:\/\/www.tapasmagazine.es\/wp-content\/uploads\/2023\/06\/pichon-chispa-bistro-768x933.jpg 768w, https:\/\/www.tapasmagazine.es\/wp-content\/uploads\/2023\/06\/pichon-chispa-bistro-400x486.jpg 400w\" sizes=\"(max-width: 823px) 100vw, 823px\" \/><\/a><figcaption class=\"wp-element-caption\"><strong>Pich\u00f3n, canel\u00f3n de puerro y pera<\/strong>.<\/figcaption><\/figure>\n<\/div>\n\n\n\n<div class=\"wp-block-column is-layout-flow wp-block-column-is-layout-flow\">\n<figure class=\"wp-block-image size-full\"><a href=\"https:\/\/www.tapasmagazine.es\/wp-content\/uploads\/2023\/06\/esparrago-chispa-bistro.jpg\"><img decoding=\"async\" width=\"823\" height=\"1000\" src=\"https:\/\/www.tapasmagazine.es\/wp-content\/uploads\/2023\/06\/esparrago-chispa-bistro.jpg\" alt=\"\" class=\"wp-image-195621\" srcset=\"https:\/\/www.tapasmagazine.es\/wp-content\/uploads\/2023\/06\/esparrago-chispa-bistro.jpg 823w, https:\/\/www.tapasmagazine.es\/wp-content\/uploads\/2023\/06\/esparrago-chispa-bistro-247x300.jpg 247w, https:\/\/www.tapasmagazine.es\/wp-content\/uploads\/2023\/06\/esparrago-chispa-bistro-768x933.jpg 768w, https:\/\/www.tapasmagazine.es\/wp-content\/uploads\/2023\/06\/esparrago-chispa-bistro-400x486.jpg 400w\" sizes=\"(max-width: 823px) 100vw, 823px\" \/><\/a><figcaption class=\"wp-element-caption\"><strong>Esp\u00e1rrago, yema y avena<\/strong><\/figcaption><\/figure>\n<\/div>\n<\/div>\n\n\n\n<p><strong>Where? At Calle Barquillo 8<\/strong>, <strong>28004 (Madrid)<\/strong><\/p>\n\n\n\n<p>And for those looking for a good evening, we have a great plan in <a href=\"https:\/\/www.margaritamadrid.com\/\" target=\"_blank\" rel=\"noreferrer noopener\"><strong>Margarita<\/strong><\/a>, the &#8216;dinner and dance&#8217; that has become fashionable in the capital. Located in Mar\u00eda de Molina, 50, it is a space with a very enjoyable spirit, open from Thursday to Saturday from 19:00, but on Saturdays they have late afternoon from 13:30 so you can extend the after-dinner conversation. The culinary proposal is in the hands of Manuel Arag\u00f3n Gordon. So if you start at lunchtime trying his spectacular ravioli bomba a la carbonara or the beef burger with homemade fries, you should know that you will want to stay all afternoon thanks to the live music, drinks and fun.<\/p>\n\n\n\n<div class=\"wp-block-columns is-layout-flex wp-container-core-columns-is-layout-9d6595d7 wp-block-columns-is-layout-flex\">\n<div class=\"wp-block-column is-layout-flow wp-block-column-is-layout-flow\">\n<figure class=\"wp-block-image size-full\"><a href=\"https:\/\/www.tapasmagazine.es\/wp-content\/uploads\/2023\/06\/ravioli-bomba-margarita.jpg\"><img decoding=\"async\" width=\"823\" height=\"1000\" src=\"https:\/\/www.tapasmagazine.es\/wp-content\/uploads\/2023\/06\/ravioli-bomba-margarita.jpg\" alt=\"\" class=\"wp-image-195628\" srcset=\"https:\/\/www.tapasmagazine.es\/wp-content\/uploads\/2023\/06\/ravioli-bomba-margarita.jpg 823w, https:\/\/www.tapasmagazine.es\/wp-content\/uploads\/2023\/06\/ravioli-bomba-margarita-247x300.jpg 247w, https:\/\/www.tapasmagazine.es\/wp-content\/uploads\/2023\/06\/ravioli-bomba-margarita-768x933.jpg 768w, https:\/\/www.tapasmagazine.es\/wp-content\/uploads\/2023\/06\/ravioli-bomba-margarita-400x486.jpg 400w\" sizes=\"(max-width: 823px) 100vw, 823px\" \/><\/a><\/figure>\n<\/div>\n\n\n\n<div class=\"wp-block-column is-layout-flow wp-block-column-is-layout-flow\">\n<figure class=\"wp-block-image size-full\"><a href=\"https:\/\/www.tapasmagazine.es\/wp-content\/uploads\/2023\/06\/coctel-margarita.jpg\"><img decoding=\"async\" width=\"823\" height=\"1000\" src=\"https:\/\/www.tapasmagazine.es\/wp-content\/uploads\/2023\/06\/coctel-margarita.jpg\" alt=\"\" class=\"wp-image-195630\" srcset=\"https:\/\/www.tapasmagazine.es\/wp-content\/uploads\/2023\/06\/coctel-margarita.jpg 823w, https:\/\/www.tapasmagazine.es\/wp-content\/uploads\/2023\/06\/coctel-margarita-247x300.jpg 247w, https:\/\/www.tapasmagazine.es\/wp-content\/uploads\/2023\/06\/coctel-margarita-768x933.jpg 768w, https:\/\/www.tapasmagazine.es\/wp-content\/uploads\/2023\/06\/coctel-margarita-400x486.jpg 400w\" sizes=\"(max-width: 823px) 100vw, 823px\" \/><\/a><\/figure>\n<\/div>\n<\/div>\n\n\n\n<p>For those who prefer a different Saturday night plan, the first Saturday of each month is <strong>El Prado by night<\/strong>, with the free night opening of the <a href=\"https:\/\/www.museodelprado.es\/\" target=\"_blank\" rel=\"noreferrer noopener\">Prado Museum <\/a>(from 20:30 to 23:30 h). You can enjoy different exhibition spaces in a program that aims to extend the knowledge of the institution in a sequential manner, also interact with the applications that Samsung has created for the Museum and witness musical initiatives.<\/p>\n\n\n\n<figure class=\"wp-block-image size-large\"><a href=\"https:\/\/www.tapasmagazine.es\/wp-content\/uploads\/2023\/06\/La-noche-del-Prado-Museo-del-Prado.jpg\"><img decoding=\"async\" width=\"1024\" height=\"576\" src=\"https:\/\/www.tapasmagazine.es\/wp-content\/uploads\/2023\/06\/La-noche-del-Prado-Museo-del-Prado-1024x576.jpg\" alt=\"\" class=\"wp-image-195633\" srcset=\"https:\/\/www.tapasmagazine.es\/wp-content\/uploads\/2023\/06\/La-noche-del-Prado-Museo-del-Prado-1024x576.jpg 1024w, https:\/\/www.tapasmagazine.es\/wp-content\/uploads\/2023\/06\/La-noche-del-Prado-Museo-del-Prado-300x169.jpg 300w, https:\/\/www.tapasmagazine.es\/wp-content\/uploads\/2023\/06\/La-noche-del-Prado-Museo-del-Prado-768x432.jpg 768w, https:\/\/www.tapasmagazine.es\/wp-content\/uploads\/2023\/06\/La-noche-del-Prado-Museo-del-Prado-1000x563.jpg 1000w, https:\/\/www.tapasmagazine.es\/wp-content\/uploads\/2023\/06\/La-noche-del-Prado-Museo-del-Prado-400x225.jpg 400w, https:\/\/www.tapasmagazine.es\/wp-content\/uploads\/2023\/06\/La-noche-del-Prado-Museo-del-Prado.jpg 1200w\" sizes=\"(max-width: 1024px) 100vw, 1024px\" \/><\/a><\/figure>\n\n\n\n<h2 class=\"wp-block-heading\">SUNDAY 2<\/h2>\n\n\n\n<div class=\"wp-block-columns is-layout-flex wp-container-core-columns-is-layout-9d6595d7 wp-block-columns-is-layout-flex\">\n<div class=\"wp-block-column is-layout-flow wp-block-column-is-layout-flow\">\n<figure class=\"wp-block-image size-full\"><a href=\"https:\/\/www.tapasmagazine.es\/wp-content\/uploads\/2023\/06\/don-dimas-terraza.jpg\"><img decoding=\"async\" width=\"640\" height=\"640\" src=\"https:\/\/www.tapasmagazine.es\/wp-content\/uploads\/2023\/06\/don-dimas-terraza.jpg\" alt=\"\" class=\"wp-image-195635\" srcset=\"https:\/\/www.tapasmagazine.es\/wp-content\/uploads\/2023\/06\/don-dimas-terraza.jpg 640w, https:\/\/www.tapasmagazine.es\/wp-content\/uploads\/2023\/06\/don-dimas-terraza-300x300.jpg 300w, https:\/\/www.tapasmagazine.es\/wp-content\/uploads\/2023\/06\/don-dimas-terraza-150x150.jpg 150w, https:\/\/www.tapasmagazine.es\/wp-content\/uploads\/2023\/06\/don-dimas-terraza-400x400.jpg 400w\" sizes=\"(max-width: 640px) 100vw, 640px\" \/><\/a><\/figure>\n<\/div>\n\n\n\n<div class=\"wp-block-column is-layout-flow wp-block-column-is-layout-flow\">\n<figure class=\"wp-block-image size-full\"><a href=\"https:\/\/www.tapasmagazine.es\/wp-content\/uploads\/2023\/06\/don-dimas-interior.jpg\"><img decoding=\"async\" width=\"640\" height=\"640\" src=\"https:\/\/www.tapasmagazine.es\/wp-content\/uploads\/2023\/06\/don-dimas-interior.jpg\" alt=\"\" class=\"wp-image-195637\" srcset=\"https:\/\/www.tapasmagazine.es\/wp-content\/uploads\/2023\/06\/don-dimas-interior.jpg 640w, https:\/\/www.tapasmagazine.es\/wp-content\/uploads\/2023\/06\/don-dimas-interior-300x300.jpg 300w, https:\/\/www.tapasmagazine.es\/wp-content\/uploads\/2023\/06\/don-dimas-interior-150x150.jpg 150w, https:\/\/www.tapasmagazine.es\/wp-content\/uploads\/2023\/06\/don-dimas-interior-400x400.jpg 400w\" sizes=\"(max-width: 640px) 100vw, 640px\" \/><\/a><\/figure>\n<\/div>\n<\/div>\n\n\n\n<p>To end the weekend in style, we suggest a very summery meal at <strong><a href=\"https:\/\/dondimas.es\/\" target=\"_blank\" rel=\"noreferrer noopener\">Don Dimas restaurant<\/a><\/strong> (closed on Sunday evenings). Chefs Jos\u00e9 Carlos Fuentes and \u00c1lvaro Garc\u00e9s are in charge of fresh and light dishes, with their characteristic fusion of national cuisine -especially Andalusian- with international touches. You can&#8217;t miss the spectacular ajoblanco acevichado of sea bass and cockles with lime granita or the marinated salmon tartar, avocado and tomato and strawberry salmorejo, which never fails. Not forgetting a classic of the house like the truffled cannelloni of wild pheasant and lamb with Payoyo cheese &#8216;gratino&#8217;.<\/p>\n\n\n\n<div class=\"wp-block-columns is-layout-flex wp-container-core-columns-is-layout-9d6595d7 wp-block-columns-is-layout-flex\">\n<div class=\"wp-block-column is-layout-flow wp-block-column-is-layout-flow\">\n<figure class=\"wp-block-image size-large\"><a href=\"https:\/\/www.tapasmagazine.es\/wp-content\/uploads\/2023\/06\/ajoblanco-acevichado-de-corvina-y-berberechos-con-granizado-de-lima.jpg\"><img decoding=\"async\" width=\"1024\" height=\"576\" src=\"https:\/\/www.tapasmagazine.es\/wp-content\/uploads\/2023\/06\/ajoblanco-acevichado-de-corvina-y-berberechos-con-granizado-de-lima-1024x576.jpg\" alt=\"\" class=\"wp-image-195639\" srcset=\"https:\/\/www.tapasmagazine.es\/wp-content\/uploads\/2023\/06\/ajoblanco-acevichado-de-corvina-y-berberechos-con-granizado-de-lima-1024x576.jpg 1024w, https:\/\/www.tapasmagazine.es\/wp-content\/uploads\/2023\/06\/ajoblanco-acevichado-de-corvina-y-berberechos-con-granizado-de-lima-300x169.jpg 300w, https:\/\/www.tapasmagazine.es\/wp-content\/uploads\/2023\/06\/ajoblanco-acevichado-de-corvina-y-berberechos-con-granizado-de-lima-768x432.jpg 768w, https:\/\/www.tapasmagazine.es\/wp-content\/uploads\/2023\/06\/ajoblanco-acevichado-de-corvina-y-berberechos-con-granizado-de-lima-1000x563.jpg 1000w, https:\/\/www.tapasmagazine.es\/wp-content\/uploads\/2023\/06\/ajoblanco-acevichado-de-corvina-y-berberechos-con-granizado-de-lima-400x225.jpg 400w, https:\/\/www.tapasmagazine.es\/wp-content\/uploads\/2023\/06\/ajoblanco-acevichado-de-corvina-y-berberechos-con-granizado-de-lima.jpg 1200w\" sizes=\"(max-width: 1024px) 100vw, 1024px\" \/><\/a><figcaption class=\"wp-element-caption\">Ajoblanco acevichado de corvina y berberechos con granizado de lima.<\/figcaption><\/figure>\n<\/div>\n\n\n\n<div class=\"wp-block-column is-layout-flow wp-block-column-is-layout-flow\">\n<figure class=\"wp-block-image size-large\"><a href=\"https:\/\/www.tapasmagazine.es\/wp-content\/uploads\/2023\/06\/canelon-trufado-de-faisan-salvaje-y-cordero-con-\u2018gratinao-de-queso-Payoyo.jpg\"><img decoding=\"async\" width=\"1024\" height=\"576\" src=\"https:\/\/www.tapasmagazine.es\/wp-content\/uploads\/2023\/06\/canelon-trufado-de-faisan-salvaje-y-cordero-con-\u2018gratinao-de-queso-Payoyo-1024x576.jpg\" alt=\"\" class=\"wp-image-195641\" srcset=\"https:\/\/www.tapasmagazine.es\/wp-content\/uploads\/2023\/06\/canelon-trufado-de-faisan-salvaje-y-cordero-con-\u2018gratinao-de-queso-Payoyo-1024x576.jpg 1024w, https:\/\/www.tapasmagazine.es\/wp-content\/uploads\/2023\/06\/canelon-trufado-de-faisan-salvaje-y-cordero-con-\u2018gratinao-de-queso-Payoyo-300x169.jpg 300w, https:\/\/www.tapasmagazine.es\/wp-content\/uploads\/2023\/06\/canelon-trufado-de-faisan-salvaje-y-cordero-con-\u2018gratinao-de-queso-Payoyo-768x432.jpg 768w, https:\/\/www.tapasmagazine.es\/wp-content\/uploads\/2023\/06\/canelon-trufado-de-faisan-salvaje-y-cordero-con-\u2018gratinao-de-queso-Payoyo-1000x563.jpg 1000w, https:\/\/www.tapasmagazine.es\/wp-content\/uploads\/2023\/06\/canelon-trufado-de-faisan-salvaje-y-cordero-con-\u2018gratinao-de-queso-Payoyo-400x225.jpg 400w, https:\/\/www.tapasmagazine.es\/wp-content\/uploads\/2023\/06\/canelon-trufado-de-faisan-salvaje-y-cordero-con-\u2018gratinao-de-queso-Payoyo.jpg 1200w\" sizes=\"(max-width: 1024px) 100vw, 1024px\" \/><\/a><figcaption class=\"wp-element-caption\">Canel\u00f3n trufado de fais\u00e1n salvaje y cordero con \u2018gratinao\u2019 de queso Payoyo<\/figcaption><\/figure>\n<\/div>\n<\/div>\n\n\n\n<p>Here you have everything you need to spend a Sunday morning as you deserve, either inside or on the terrace, very close to the Retiro. And, as we know you will want to come back, we have good news. This summer Don Dimas will be open for dinner service from July 25 to August 19. There will be no better plan for summer nights!<br><strong>Where? At calle de Castell\u00f3, 1, 28001 Madrid<\/strong><\/p>\n\n\n\n<figure class=\"wp-block-image size-large\"><a href=\"https:\/\/www.tapasmagazine.es\/wp-content\/uploads\/2023\/06\/eclipse-matias-umpierrez.jpg\"><img decoding=\"async\" width=\"1024\" height=\"576\" src=\"https:\/\/www.tapasmagazine.es\/wp-content\/uploads\/2023\/06\/eclipse-matias-umpierrez-1024x576.jpg\" alt=\"\" class=\"wp-image-195643\" srcset=\"https:\/\/www.tapasmagazine.es\/wp-content\/uploads\/2023\/06\/eclipse-matias-umpierrez-1024x576.jpg 1024w, https:\/\/www.tapasmagazine.es\/wp-content\/uploads\/2023\/06\/eclipse-matias-umpierrez-300x169.jpg 300w, https:\/\/www.tapasmagazine.es\/wp-content\/uploads\/2023\/06\/eclipse-matias-umpierrez-768x432.jpg 768w, https:\/\/www.tapasmagazine.es\/wp-content\/uploads\/2023\/06\/eclipse-matias-umpierrez-1000x563.jpg 1000w, https:\/\/www.tapasmagazine.es\/wp-content\/uploads\/2023\/06\/eclipse-matias-umpierrez-400x225.jpg 400w, https:\/\/www.tapasmagazine.es\/wp-content\/uploads\/2023\/06\/eclipse-matias-umpierrez.jpg 1200w\" sizes=\"(max-width: 1024px) 100vw, 1024px\" \/><\/a><\/figure>\n\n\n\n<p>And we finish the weekend going to the Matadero&#8217;s warehouses to enjoy Mat\u00edas Umpierrez&#8217;s project called <strong><em><a href=\"https:\/\/www.teatroespanol.es\/eclipse\" target=\"_blank\" rel=\"noreferrer noopener\">Eclipse<\/a><\/em><\/strong>. This striking show by the multidisciplinary artist is an incomplete catalog on anonymity, a conference, a performance and a concert of fictions, as explained on the website. A stroboscopic light show with masks and real and virtual elements that you can&#8217;t miss. Sunday July 2 is its last performance at 8 pm. It costs 10 \u20ac and lasts 90 minutes.<\/p>\n\n\n\n<figure class=\"wp-block-embed is-type-video is-provider-youtube wp-block-embed-youtube wp-embed-aspect-16-9 wp-has-aspect-ratio\"><div class=\"wp-block-embed__wrapper\">\n<iframe title=\"Teaser - Eclipse\" width=\"640\" height=\"360\" src=\"https:\/\/www.youtube.com\/embed\/HYkgG1ybT1w?feature=oembed\" frameborder=\"0\" allow=\"accelerometer; autoplay; clipboard-write; encrypted-media; gyroscope; picture-in-picture; web-share\" referrerpolicy=\"strict-origin-when-cross-origin\" allowfullscreen><\/iframe>\n<\/div><\/figure>\n\n\n\n<p><strong>Where? At Sala Fernando Arrabal (Nave 11)<\/strong> at Naves del Espa\u00f1ol, Paseo de la Chopera 14, 28045 (Madrid).<\/p>\n","protected":false},"excerpt":{"rendered":"<p>Click here to read the Spanish version.From Tapas we compile the best plans with which to enjoy the weekend in Madrid, and relegate ourselves to hedonism between cultural and gastronomic experiences, parties, events and museums. Take the agenda and take note of our weekly proposal. FRIDAY 30 This week Madrid is more proud than ever [&hellip;]<\/p>\n","protected":false},"author":279,"featured_media":195646,"comment_status":"open","ping_status":"closed","sticky":false,"template":"single-feature.php","format":"standard","meta":{"_acf_changed":false,"footnotes":""},"categories":[15802,15797,1],"tags":[18082,16033,17060,15820,16038,16039,15803],"class_list":["post-195648","post","type-post","status-publish","format-standard","has-post-thumbnail","hentry","category-news","category-planes-en","category-sin-categorizar","tag-fin-de-semana-en","tag-madrid-en","tag-planes-en","tag-recomendaciones-en","tag-recomendaciones-madrid-en","tag-restaurantes-madrid-en","tag-restaurants","cat-15802-id","cat-15797-id","cat-1-id"],"acf":[],"yoast_head":"<!-- This site is optimized with the Yoast SEO plugin v27.5 - https:\/\/yoast.com\/product\/yoast-seo-wordpress\/ -->\n<title>Tapas Weekend: what to do in Madrid? - Tapas<\/title>\n<meta name=\"description\" content=\"We have selected the best plans to make the most of the weekend in the capital, enjoy it!\" \/>\n<meta name=\"robots\" content=\"index, follow, max-snippet:-1, max-image-preview:large, max-video-preview:-1\" \/>\n<link rel=\"canonical\" href=\"https:\/\/www.tapasmagazine.es\/en\/tapas-weekend-what-to-do-in-9\/\" \/>\n<meta property=\"og:locale\" content=\"en_US\" \/>\n<meta property=\"og:type\" content=\"article\" \/>\n<meta property=\"og:title\" content=\"Tapas Weekend: what to do in Madrid? - Tapas\" \/>\n<meta property=\"og:description\" content=\"We have selected the best plans to make the most of the weekend in the capital, enjoy it!\" \/>\n<meta property=\"og:url\" content=\"https:\/\/www.tapasmagazine.es\/en\/tapas-weekend-what-to-do-in-9\/\" \/>\n<meta property=\"og:site_name\" content=\"Tapas\" \/>\n<meta property=\"article:publisher\" content=\"https:\/\/www.facebook.com\/tapasmagazine\" \/>\n<meta property=\"article:published_time\" content=\"2023-06-29T10:03:06+00:00\" \/>\n<meta property=\"article:modified_time\" content=\"2023-06-29T10:14:45+00:00\" \/>\n<meta property=\"og:image\" content=\"https:\/\/www.tapasmagazine.es\/wp-content\/uploads\/2023\/06\/festival-maudes-madrid.jpg\" \/>\n\t<meta property=\"og:image:width\" content=\"1200\" \/>\n\t<meta property=\"og:image:height\" content=\"675\" \/>\n\t<meta property=\"og:image:type\" content=\"image\/jpeg\" \/>\n<meta name=\"author\" content=\"Toni Alonso\" \/>\n<meta name=\"twitter:card\" content=\"summary_large_image\" \/>\n<meta name=\"twitter:creator\" content=\"@TapasMagazine\" \/>\n<meta name=\"twitter:site\" content=\"@TapasMagazine\" \/>\n<meta name=\"twitter:label1\" content=\"Written by\" \/>\n\t<meta name=\"twitter:data1\" content=\"Toni Alonso\" \/>\n\t<meta name=\"twitter:label2\" content=\"Est. reading time\" \/>\n\t<meta name=\"twitter:data2\" content=\"9 minutes\" \/>\n<script type=\"application\/ld+json\" class=\"yoast-schema-graph\">{\"@context\":\"https:\\\/\\\/schema.org\",\"@graph\":[{\"@type\":\"Article\",\"@id\":\"https:\\\/\\\/www.tapasmagazine.es\\\/en\\\/tapas-weekend-what-to-do-in-9\\\/#article\",\"isPartOf\":{\"@id\":\"https:\\\/\\\/www.tapasmagazine.es\\\/en\\\/tapas-weekend-what-to-do-in-9\\\/\"},\"author\":{\"name\":\"Toni Alonso\",\"@id\":\"https:\\\/\\\/www.tapasmagazine.es\\\/#\\\/schema\\\/person\\\/63bc618d318821aa948ba50d2e18ab3d\"},\"headline\":\"Tapas Weekend: what to do in Madrid?\",\"datePublished\":\"2023-06-29T10:03:06+00:00\",\"dateModified\":\"2023-06-29T10:14:45+00:00\",\"mainEntityOfPage\":{\"@id\":\"https:\\\/\\\/www.tapasmagazine.es\\\/en\\\/tapas-weekend-what-to-do-in-9\\\/\"},\"wordCount\":1085,\"commentCount\":0,\"publisher\":{\"@id\":\"https:\\\/\\\/www.tapasmagazine.es\\\/#organization\"},\"image\":{\"@id\":\"https:\\\/\\\/www.tapasmagazine.es\\\/en\\\/tapas-weekend-what-to-do-in-9\\\/#primaryimage\"},\"thumbnailUrl\":\"https:\\\/\\\/www.tapasmagazine.es\\\/wp-content\\\/uploads\\\/2023\\\/06\\\/festival-maudes-madrid.jpg\",\"keywords\":[\"Fin de semana\",\"Madrid\",\"Planes\",\"recomendaciones\",\"recomendaciones madrid\",\"Restaurantes Madrid\",\"restaurants\"],\"articleSection\":[\"News\",\"Planes\",\"Sin categorizar\"],\"inLanguage\":\"en-US\",\"potentialAction\":[{\"@type\":\"CommentAction\",\"name\":\"Comment\",\"target\":[\"https:\\\/\\\/www.tapasmagazine.es\\\/en\\\/tapas-weekend-what-to-do-in-9\\\/#respond\"]}]},{\"@type\":\"WebPage\",\"@id\":\"https:\\\/\\\/www.tapasmagazine.es\\\/en\\\/tapas-weekend-what-to-do-in-9\\\/\",\"url\":\"https:\\\/\\\/www.tapasmagazine.es\\\/en\\\/tapas-weekend-what-to-do-in-9\\\/\",\"name\":\"Tapas Weekend: what to do in Madrid? - Tapas\",\"isPartOf\":{\"@id\":\"https:\\\/\\\/www.tapasmagazine.es\\\/#website\"},\"primaryImageOfPage\":{\"@id\":\"https:\\\/\\\/www.tapasmagazine.es\\\/en\\\/tapas-weekend-what-to-do-in-9\\\/#primaryimage\"},\"image\":{\"@id\":\"https:\\\/\\\/www.tapasmagazine.es\\\/en\\\/tapas-weekend-what-to-do-in-9\\\/#primaryimage\"},\"thumbnailUrl\":\"https:\\\/\\\/www.tapasmagazine.es\\\/wp-content\\\/uploads\\\/2023\\\/06\\\/festival-maudes-madrid.jpg\",\"datePublished\":\"2023-06-29T10:03:06+00:00\",\"dateModified\":\"2023-06-29T10:14:45+00:00\",\"description\":\"We have selected the best plans to make the most of the weekend in the capital, enjoy it!\",\"breadcrumb\":{\"@id\":\"https:\\\/\\\/www.tapasmagazine.es\\\/en\\\/tapas-weekend-what-to-do-in-9\\\/#breadcrumb\"},\"inLanguage\":\"en-US\",\"potentialAction\":[{\"@type\":\"ReadAction\",\"target\":[\"https:\\\/\\\/www.tapasmagazine.es\\\/en\\\/tapas-weekend-what-to-do-in-9\\\/\"]}]},{\"@type\":\"ImageObject\",\"inLanguage\":\"en-US\",\"@id\":\"https:\\\/\\\/www.tapasmagazine.es\\\/en\\\/tapas-weekend-what-to-do-in-9\\\/#primaryimage\",\"url\":\"https:\\\/\\\/www.tapasmagazine.es\\\/wp-content\\\/uploads\\\/2023\\\/06\\\/festival-maudes-madrid.jpg\",\"contentUrl\":\"https:\\\/\\\/www.tapasmagazine.es\\\/wp-content\\\/uploads\\\/2023\\\/06\\\/festival-maudes-madrid.jpg\",\"width\":1200,\"height\":675},{\"@type\":\"BreadcrumbList\",\"@id\":\"https:\\\/\\\/www.tapasmagazine.es\\\/en\\\/tapas-weekend-what-to-do-in-9\\\/#breadcrumb\",\"itemListElement\":[{\"@type\":\"ListItem\",\"position\":1,\"name\":\"Portada\",\"item\":\"https:\\\/\\\/www.tapasmagazine.es\\\/\"},{\"@type\":\"ListItem\",\"position\":2,\"name\":\"News\",\"item\":\"https:\\\/\\\/www.tapasmagazine.es\\\/en\\\/categorias\\\/news\\\/\"},{\"@type\":\"ListItem\",\"position\":3,\"name\":\"Tapas Weekend: what to do in Madrid?\"}]},{\"@type\":\"WebSite\",\"@id\":\"https:\\\/\\\/www.tapasmagazine.es\\\/#website\",\"url\":\"https:\\\/\\\/www.tapasmagazine.es\\\/\",\"name\":\"Tapas\",\"description\":\"\u00d1am \u00d1am Lifestyle. La vida a bocados. Premio Nacional de Gastronom\u00eda 2016.\",\"publisher\":{\"@id\":\"https:\\\/\\\/www.tapasmagazine.es\\\/#organization\"},\"potentialAction\":[{\"@type\":\"SearchAction\",\"target\":{\"@type\":\"EntryPoint\",\"urlTemplate\":\"https:\\\/\\\/www.tapasmagazine.es\\\/?s={search_term_string}\"},\"query-input\":{\"@type\":\"PropertyValueSpecification\",\"valueRequired\":true,\"valueName\":\"search_term_string\"}}],\"inLanguage\":\"en-US\"},{\"@type\":\"Organization\",\"@id\":\"https:\\\/\\\/www.tapasmagazine.es\\\/#organization\",\"name\":\"Tapas Magazine\",\"url\":\"https:\\\/\\\/www.tapasmagazine.es\\\/\",\"logo\":{\"@type\":\"ImageObject\",\"inLanguage\":\"en-US\",\"@id\":\"https:\\\/\\\/www.tapasmagazine.es\\\/#\\\/schema\\\/logo\\\/image\\\/\",\"url\":\"https:\\\/\\\/www.tapasmagazine.es\\\/wp-content\\\/uploads\\\/2018\\\/01\\\/logo.png\",\"contentUrl\":\"https:\\\/\\\/www.tapasmagazine.es\\\/wp-content\\\/uploads\\\/2018\\\/01\\\/logo.png\",\"width\":180,\"height\":60,\"caption\":\"Tapas Magazine\"},\"image\":{\"@id\":\"https:\\\/\\\/www.tapasmagazine.es\\\/#\\\/schema\\\/logo\\\/image\\\/\"},\"sameAs\":[\"https:\\\/\\\/www.facebook.com\\\/tapasmagazine\",\"https:\\\/\\\/x.com\\\/TapasMagazine\",\"https:\\\/\\\/www.instagram.com\\\/tapasmagazine\\\/\",\"https:\\\/\\\/www.linkedin.com\\\/company\\\/tapas-magazine\",\"https:\\\/\\\/es.pinterest.com\\\/tapasmagazine\\\/\",\"https:\\\/\\\/www.youtube.com\\\/channel\\\/UCEyxneAaACuR0lfDagrWjjg?sub_confirmation=1\"]},{\"@type\":\"Person\",\"@id\":\"https:\\\/\\\/www.tapasmagazine.es\\\/#\\\/schema\\\/person\\\/63bc618d318821aa948ba50d2e18ab3d\",\"name\":\"Toni Alonso\",\"url\":\"https:\\\/\\\/www.tapasmagazine.es\\\/en\\\/author\\\/antonio-alonso\\\/\"}]}<\/script>\n<!-- \/ Yoast SEO plugin. -->","yoast_head_json":{"title":"Tapas Weekend: what to do in Madrid? - Tapas","description":"We have selected the best plans to make the most of the weekend in the capital, enjoy it!","robots":{"index":"index","follow":"follow","max-snippet":"max-snippet:-1","max-image-preview":"max-image-preview:large","max-video-preview":"max-video-preview:-1"},"canonical":"https:\/\/www.tapasmagazine.es\/en\/tapas-weekend-what-to-do-in-9\/","og_locale":"en_US","og_type":"article","og_title":"Tapas Weekend: what to do in Madrid? - Tapas","og_description":"We have selected the best plans to make the most of the weekend in the capital, enjoy it!","og_url":"https:\/\/www.tapasmagazine.es\/en\/tapas-weekend-what-to-do-in-9\/","og_site_name":"Tapas","article_publisher":"https:\/\/www.facebook.com\/tapasmagazine","article_published_time":"2023-06-29T10:03:06+00:00","article_modified_time":"2023-06-29T10:14:45+00:00","og_image":[{"width":1200,"height":675,"url":"https:\/\/www.tapasmagazine.es\/wp-content\/uploads\/2023\/06\/festival-maudes-madrid.jpg","type":"image\/jpeg"}],"author":"Toni Alonso","twitter_card":"summary_large_image","twitter_creator":"@TapasMagazine","twitter_site":"@TapasMagazine","twitter_misc":{"Written by":"Toni Alonso","Est. reading time":"9 minutes"},"schema":{"@context":"https:\/\/schema.org","@graph":[{"@type":"Article","@id":"https:\/\/www.tapasmagazine.es\/en\/tapas-weekend-what-to-do-in-9\/#article","isPartOf":{"@id":"https:\/\/www.tapasmagazine.es\/en\/tapas-weekend-what-to-do-in-9\/"},"author":{"name":"Toni Alonso","@id":"https:\/\/www.tapasmagazine.es\/#\/schema\/person\/63bc618d318821aa948ba50d2e18ab3d"},"headline":"Tapas Weekend: what to do in Madrid?","datePublished":"2023-06-29T10:03:06+00:00","dateModified":"2023-06-29T10:14:45+00:00","mainEntityOfPage":{"@id":"https:\/\/www.tapasmagazine.es\/en\/tapas-weekend-what-to-do-in-9\/"},"wordCount":1085,"commentCount":0,"publisher":{"@id":"https:\/\/www.tapasmagazine.es\/#organization"},"image":{"@id":"https:\/\/www.tapasmagazine.es\/en\/tapas-weekend-what-to-do-in-9\/#primaryimage"},"thumbnailUrl":"https:\/\/www.tapasmagazine.es\/wp-content\/uploads\/2023\/06\/festival-maudes-madrid.jpg","keywords":["Fin de semana","Madrid","Planes","recomendaciones","recomendaciones madrid","Restaurantes Madrid","restaurants"],"articleSection":["News","Planes","Sin categorizar"],"inLanguage":"en-US","potentialAction":[{"@type":"CommentAction","name":"Comment","target":["https:\/\/www.tapasmagazine.es\/en\/tapas-weekend-what-to-do-in-9\/#respond"]}]},{"@type":"WebPage","@id":"https:\/\/www.tapasmagazine.es\/en\/tapas-weekend-what-to-do-in-9\/","url":"https:\/\/www.tapasmagazine.es\/en\/tapas-weekend-what-to-do-in-9\/","name":"Tapas Weekend: what to do in Madrid? - Tapas","isPartOf":{"@id":"https:\/\/www.tapasmagazine.es\/#website"},"primaryImageOfPage":{"@id":"https:\/\/www.tapasmagazine.es\/en\/tapas-weekend-what-to-do-in-9\/#primaryimage"},"image":{"@id":"https:\/\/www.tapasmagazine.es\/en\/tapas-weekend-what-to-do-in-9\/#primaryimage"},"thumbnailUrl":"https:\/\/www.tapasmagazine.es\/wp-content\/uploads\/2023\/06\/festival-maudes-madrid.jpg","datePublished":"2023-06-29T10:03:06+00:00","dateModified":"2023-06-29T10:14:45+00:00","description":"We have selected the best plans to make the most of the weekend in the capital, enjoy it!","breadcrumb":{"@id":"https:\/\/www.tapasmagazine.es\/en\/tapas-weekend-what-to-do-in-9\/#breadcrumb"},"inLanguage":"en-US","potentialAction":[{"@type":"ReadAction","target":["https:\/\/www.tapasmagazine.es\/en\/tapas-weekend-what-to-do-in-9\/"]}]},{"@type":"ImageObject","inLanguage":"en-US","@id":"https:\/\/www.tapasmagazine.es\/en\/tapas-weekend-what-to-do-in-9\/#primaryimage","url":"https:\/\/www.tapasmagazine.es\/wp-content\/uploads\/2023\/06\/festival-maudes-madrid.jpg","contentUrl":"https:\/\/www.tapasmagazine.es\/wp-content\/uploads\/2023\/06\/festival-maudes-madrid.jpg","width":1200,"height":675},{"@type":"BreadcrumbList","@id":"https:\/\/www.tapasmagazine.es\/en\/tapas-weekend-what-to-do-in-9\/#breadcrumb","itemListElement":[{"@type":"ListItem","position":1,"name":"Portada","item":"https:\/\/www.tapasmagazine.es\/"},{"@type":"ListItem","position":2,"name":"News","item":"https:\/\/www.tapasmagazine.es\/en\/categorias\/news\/"},{"@type":"ListItem","position":3,"name":"Tapas Weekend: what to do in Madrid?"}]},{"@type":"WebSite","@id":"https:\/\/www.tapasmagazine.es\/#website","url":"https:\/\/www.tapasmagazine.es\/","name":"Tapas","description":"\u00d1am \u00d1am Lifestyle. La vida a bocados. Premio Nacional de Gastronom\u00eda 2016.","publisher":{"@id":"https:\/\/www.tapasmagazine.es\/#organization"},"potentialAction":[{"@type":"SearchAction","target":{"@type":"EntryPoint","urlTemplate":"https:\/\/www.tapasmagazine.es\/?s={search_term_string}"},"query-input":{"@type":"PropertyValueSpecification","valueRequired":true,"valueName":"search_term_string"}}],"inLanguage":"en-US"},{"@type":"Organization","@id":"https:\/\/www.tapasmagazine.es\/#organization","name":"Tapas Magazine","url":"https:\/\/www.tapasmagazine.es\/","logo":{"@type":"ImageObject","inLanguage":"en-US","@id":"https:\/\/www.tapasmagazine.es\/#\/schema\/logo\/image\/","url":"https:\/\/www.tapasmagazine.es\/wp-content\/uploads\/2018\/01\/logo.png","contentUrl":"https:\/\/www.tapasmagazine.es\/wp-content\/uploads\/2018\/01\/logo.png","width":180,"height":60,"caption":"Tapas Magazine"},"image":{"@id":"https:\/\/www.tapasmagazine.es\/#\/schema\/logo\/image\/"},"sameAs":["https:\/\/www.facebook.com\/tapasmagazine","https:\/\/x.com\/TapasMagazine","https:\/\/www.instagram.com\/tapasmagazine\/","https:\/\/www.linkedin.com\/company\/tapas-magazine","https:\/\/es.pinterest.com\/tapasmagazine\/","https:\/\/www.youtube.com\/channel\/UCEyxneAaACuR0lfDagrWjjg?sub_confirmation=1"]},{"@type":"Person","@id":"https:\/\/www.tapasmagazine.es\/#\/schema\/person\/63bc618d318821aa948ba50d2e18ab3d","name":"Toni Alonso","url":"https:\/\/www.tapasmagazine.es\/en\/author\/antonio-alonso\/"}]}},"_links":{"self":[{"href":"https:\/\/www.tapasmagazine.es\/en\/wp-json\/wp\/v2\/posts\/195648","targetHints":{"allow":["GET"]}}],"collection":[{"href":"https:\/\/www.tapasmagazine.es\/en\/wp-json\/wp\/v2\/posts"}],"about":[{"href":"https:\/\/www.tapasmagazine.es\/en\/wp-json\/wp\/v2\/types\/post"}],"author":[{"embeddable":true,"href":"https:\/\/www.tapasmagazine.es\/en\/wp-json\/wp\/v2\/users\/279"}],"replies":[{"embeddable":true,"href":"https:\/\/www.tapasmagazine.es\/en\/wp-json\/wp\/v2\/comments?post=195648"}],"version-history":[{"count":3,"href":"https:\/\/www.tapasmagazine.es\/en\/wp-json\/wp\/v2\/posts\/195648\/revisions"}],"predecessor-version":[{"id":195651,"href":"https:\/\/www.tapasmagazine.es\/en\/wp-json\/wp\/v2\/posts\/195648\/revisions\/195651"}],"wp:featuredmedia":[{"embeddable":true,"href":"https:\/\/www.tapasmagazine.es\/en\/wp-json\/wp\/v2\/media\/195646"}],"wp:attachment":[{"href":"https:\/\/www.tapasmagazine.es\/en\/wp-json\/wp\/v2\/media?parent=195648"}],"wp:term":[{"taxonomy":"category","embeddable":true,"href":"https:\/\/www.tapasmagazine.es\/en\/wp-json\/wp\/v2\/categories?post=195648"},{"taxonomy":"post_tag","embeddable":true,"href":"https:\/\/www.tapasmagazine.es\/en\/wp-json\/wp\/v2\/tags?post=195648"}],"curies":[{"name":"wp","href":"https:\/\/api.w.org\/{rel}","templated":true}]}}