{"id":195108,"date":"2023-06-27T12:35:29","date_gmt":"2023-06-27T10:35:29","guid":{"rendered":"https:\/\/www.tapasmagazine.es\/asi-es-nobu-san-sebastian-el-nuevo-hotel-de-lujo-inspirado-en-la-belle-epoque\/"},"modified":"2023-06-28T08:10:54","modified_gmt":"2023-06-28T06:10:54","slug":"this-is-novu-san-sebastian-the-new-luxury-hotel-ispired-by-the-belle-epoque","status":"publish","type":"post","link":"https:\/\/www.tapasmagazine.es\/en\/this-is-novu-san-sebastian-the-new-luxury-hotel-ispired-by-the-belle-epoque\/","title":{"rendered":"This is Nobu San Sebasti\u00e1n, the new luxury hotel inspired by the Belle \u00c9poque"},"content":{"rendered":"\n<p><strong>Click <a href=\"https:\/\/www.tapasmagazine.es\/asi-es-nobu-san-sebastian-el-nuevo-hotel-de-lujo-inspirado-en-la-belle-epoque\/\" target=\"_blank\" rel=\"noreferrer noopener\">here<\/a> to read the Spanish version.<\/strong><br>Nobu San Sebastian is installed in the epicenter of the bay as an authentic architectural work that fuses Belle \u00c9poque design and Japanese style reinterpreted through modern luxury.<\/p>\n\n\n\n<p>This emblematic traditional palace, built by architect Francisco Urcola, is now reimagined by designer Tom\u00e1s Al\u00eda to embody the firm&#8217;s narrative, resulting in a transition between the Frenchified Basque language and the Japanese concept of Nobu.<\/p>\n\n\n\n<figure class=\"wp-block-image size-large\"><a href=\"https:\/\/www.tapasmagazine.es\/wp-content\/uploads\/2023\/06\/nobu-san-sebastian-3.jpeg\"><img decoding=\"async\" width=\"1024\" height=\"853\" src=\"https:\/\/www.tapasmagazine.es\/wp-content\/uploads\/2023\/06\/nobu-san-sebastian-3-1024x853.jpeg\" alt=\"\" class=\"wp-image-195076\" srcset=\"https:\/\/www.tapasmagazine.es\/wp-content\/uploads\/2023\/06\/nobu-san-sebastian-3-1024x853.jpeg 1024w, https:\/\/www.tapasmagazine.es\/wp-content\/uploads\/2023\/06\/nobu-san-sebastian-3-300x250.jpeg 300w, https:\/\/www.tapasmagazine.es\/wp-content\/uploads\/2023\/06\/nobu-san-sebastian-3-768x640.jpeg 768w, https:\/\/www.tapasmagazine.es\/wp-content\/uploads\/2023\/06\/nobu-san-sebastian-3-1536x1279.jpeg 1536w, https:\/\/www.tapasmagazine.es\/wp-content\/uploads\/2023\/06\/nobu-san-sebastian-3-1000x833.jpeg 1000w, https:\/\/www.tapasmagazine.es\/wp-content\/uploads\/2023\/06\/nobu-san-sebastian-3-400x333.jpeg 400w, https:\/\/www.tapasmagazine.es\/wp-content\/uploads\/2023\/06\/nobu-san-sebastian-3.jpeg 2000w\" sizes=\"(max-width: 1024px) 100vw, 1024px\" \/><\/a><\/figure>\n\n\n\n<h2 class=\"wp-block-heading\">Nobu Terrace, a restaurant connected to the ocean<\/h2>\n\n\n\n<p>Following the concept of the Nobu house, Estudio Caramba bases its starting point on the gastronomic experience now interpreted by the great chef Nobu Matsuhisa.<\/p>\n\n\n\n<figure class=\"wp-block-image size-large\"><a href=\"https:\/\/www.tapasmagazine.es\/wp-content\/uploads\/2023\/06\/nobu-san-sebastian-2.jpeg\"><img decoding=\"async\" width=\"1024\" height=\"512\" src=\"https:\/\/www.tapasmagazine.es\/wp-content\/uploads\/2023\/06\/nobu-san-sebastian-2-1024x512.jpeg\" alt=\"\" class=\"wp-image-195082\" srcset=\"https:\/\/www.tapasmagazine.es\/wp-content\/uploads\/2023\/06\/nobu-san-sebastian-2-1024x512.jpeg 1024w, https:\/\/www.tapasmagazine.es\/wp-content\/uploads\/2023\/06\/nobu-san-sebastian-2-300x150.jpeg 300w, https:\/\/www.tapasmagazine.es\/wp-content\/uploads\/2023\/06\/nobu-san-sebastian-2-768x384.jpeg 768w, https:\/\/www.tapasmagazine.es\/wp-content\/uploads\/2023\/06\/nobu-san-sebastian-2-1536x768.jpeg 1536w, https:\/\/www.tapasmagazine.es\/wp-content\/uploads\/2023\/06\/nobu-san-sebastian-2-1000x500.jpeg 1000w, https:\/\/www.tapasmagazine.es\/wp-content\/uploads\/2023\/06\/nobu-san-sebastian-2-400x200.jpeg 400w, https:\/\/www.tapasmagazine.es\/wp-content\/uploads\/2023\/06\/nobu-san-sebastian-2.jpeg 2000w\" sizes=\"(max-width: 1024px) 100vw, 1024px\" \/><\/a><\/figure>\n\n\n\n<p>Nobu Terrace, the bar-cocktail bar where breakfast is also served, is located overlooking the horizon of La Concha to achieve that feeling of eternal link with the sea.<\/p>\n\n\n\n<figure class=\"wp-block-image size-large\"><a href=\"https:\/\/www.tapasmagazine.es\/wp-content\/uploads\/2023\/06\/nobu-san-sebastian-6.jpeg\"><img decoding=\"async\" width=\"1024\" height=\"474\" src=\"https:\/\/www.tapasmagazine.es\/wp-content\/uploads\/2023\/06\/nobu-san-sebastian-6-1024x474.jpeg\" alt=\"\" class=\"wp-image-195080\" srcset=\"https:\/\/www.tapasmagazine.es\/wp-content\/uploads\/2023\/06\/nobu-san-sebastian-6-1024x474.jpeg 1024w, https:\/\/www.tapasmagazine.es\/wp-content\/uploads\/2023\/06\/nobu-san-sebastian-6-300x139.jpeg 300w, https:\/\/www.tapasmagazine.es\/wp-content\/uploads\/2023\/06\/nobu-san-sebastian-6-768x356.jpeg 768w, https:\/\/www.tapasmagazine.es\/wp-content\/uploads\/2023\/06\/nobu-san-sebastian-6-1536x711.jpeg 1536w, https:\/\/www.tapasmagazine.es\/wp-content\/uploads\/2023\/06\/nobu-san-sebastian-6-2048x949.jpeg 2048w, https:\/\/www.tapasmagazine.es\/wp-content\/uploads\/2023\/06\/nobu-san-sebastian-6-1000x463.jpeg 1000w, https:\/\/www.tapasmagazine.es\/wp-content\/uploads\/2023\/06\/nobu-san-sebastian-6-400x185.jpeg 400w\" sizes=\"(max-width: 1024px) 100vw, 1024px\" \/><\/a><\/figure>\n\n\n\n<p>Inside the restaurant, the lattices simulate the movement of the wind coming from the sea in a space hierarchized by a bar with a stony appearance that emerges from the floor; accompanied by a tongue that runs along the ceiling with a mirrored effect introducing, once again, the sea inside.<\/p>\n\n\n\n<h2 class=\"wp-block-heading\">Design rooms<\/h2>\n\n\n\n<p>The rooms represent a classic envelope with ceilings worked at two heights, topped with backlit moldings with a French look that match the aesthetics of the building.<\/p>\n\n\n\n<figure class=\"wp-block-image size-large\"><a href=\"https:\/\/www.tapasmagazine.es\/wp-content\/uploads\/2023\/06\/nobu-san-sebastian-5.jpeg\"><img decoding=\"async\" width=\"1024\" height=\"682\" src=\"https:\/\/www.tapasmagazine.es\/wp-content\/uploads\/2023\/06\/nobu-san-sebastian-5-1024x682.jpeg\" alt=\"\" class=\"wp-image-195084\" srcset=\"https:\/\/www.tapasmagazine.es\/wp-content\/uploads\/2023\/06\/nobu-san-sebastian-5-1024x682.jpeg 1024w, https:\/\/www.tapasmagazine.es\/wp-content\/uploads\/2023\/06\/nobu-san-sebastian-5-300x200.jpeg 300w, https:\/\/www.tapasmagazine.es\/wp-content\/uploads\/2023\/06\/nobu-san-sebastian-5-768x512.jpeg 768w, https:\/\/www.tapasmagazine.es\/wp-content\/uploads\/2023\/06\/nobu-san-sebastian-5-1536x1024.jpeg 1536w, https:\/\/www.tapasmagazine.es\/wp-content\/uploads\/2023\/06\/nobu-san-sebastian-5-1000x667.jpeg 1000w, https:\/\/www.tapasmagazine.es\/wp-content\/uploads\/2023\/06\/nobu-san-sebastian-5-400x267.jpeg 400w, https:\/\/www.tapasmagazine.es\/wp-content\/uploads\/2023\/06\/nobu-san-sebastian-5.jpeg 2000w\" sizes=\"(max-width: 1024px) 100vw, 1024px\" \/><\/a><\/figure>\n\n\n\n<p>The bedrooms are decorated with large, soft carpets, following the same geometric patterns, while, in the dressing room area, high gloss lacquered cabinets channel the elegance of a music box.<\/p>\n\n\n\n<figure class=\"wp-block-image size-large\"><a href=\"https:\/\/www.tapasmagazine.es\/wp-content\/uploads\/2023\/06\/nobu-san-sebastian-9.jpeg\"><img decoding=\"async\" width=\"1024\" height=\"650\" src=\"https:\/\/www.tapasmagazine.es\/wp-content\/uploads\/2023\/06\/nobu-san-sebastian-9-1024x650.jpeg\" alt=\"\" class=\"wp-image-195086\" srcset=\"https:\/\/www.tapasmagazine.es\/wp-content\/uploads\/2023\/06\/nobu-san-sebastian-9-1024x650.jpeg 1024w, https:\/\/www.tapasmagazine.es\/wp-content\/uploads\/2023\/06\/nobu-san-sebastian-9-300x190.jpeg 300w, https:\/\/www.tapasmagazine.es\/wp-content\/uploads\/2023\/06\/nobu-san-sebastian-9-768x487.jpeg 768w, https:\/\/www.tapasmagazine.es\/wp-content\/uploads\/2023\/06\/nobu-san-sebastian-9-1536x975.jpeg 1536w, https:\/\/www.tapasmagazine.es\/wp-content\/uploads\/2023\/06\/nobu-san-sebastian-9-1000x635.jpeg 1000w, https:\/\/www.tapasmagazine.es\/wp-content\/uploads\/2023\/06\/nobu-san-sebastian-9-400x254.jpeg 400w, https:\/\/www.tapasmagazine.es\/wp-content\/uploads\/2023\/06\/nobu-san-sebastian-9.jpeg 1907w\" sizes=\"(max-width: 1024px) 100vw, 1024px\" \/><\/a><\/figure>\n\n\n\n<p>All the furnishings fit in harmony with the concept and aesthetics of the boutique in rooms designed as if they were haute couture suits in which to live the Nobu elevated luxury experience.<\/p>\n","protected":false},"excerpt":{"rendered":"<p>Click here to read the Spanish version.Nobu San Sebastian is installed in the epicenter of the bay as an authentic architectural work that fuses Belle \u00c9poque design and Japanese style reinterpreted through modern luxury. This emblematic traditional palace, built by architect Francisco Urcola, is now reimagined by designer Tom\u00e1s Al\u00eda to embody the firm&#8217;s narrative, [&hellip;]<\/p>\n","protected":false},"author":285,"featured_media":195075,"comment_status":"open","ping_status":"closed","sticky":false,"template":"single-feature.php","format":"standard","meta":{"_acf_changed":false,"footnotes":""},"categories":[15802,1],"tags":[18073],"class_list":["post-195108","post","type-post","status-publish","format-standard","has-post-thumbnail","hentry","category-news","category-sin-categorizar","tag-nobu-en","cat-15802-id","cat-1-id"],"acf":[],"yoast_head":"<!-- This site is optimized with the Yoast SEO plugin v27.5 - https:\/\/yoast.com\/product\/yoast-seo-wordpress\/ -->\n<title>This is Nobu San Sebasti\u00e1n, the new luxury hotel inspired by the Belle \u00c9poque<\/title>\n<meta name=\"description\" content=\"Nobu&#039;s fifth national hotel lands in the heart of San Sebastian&#039;s Concha Bay.\" \/>\n<meta name=\"robots\" content=\"index, follow, max-snippet:-1, max-image-preview:large, max-video-preview:-1\" \/>\n<link rel=\"canonical\" href=\"https:\/\/www.tapasmagazine.es\/en\/this-is-novu-san-sebastian-the-new-luxury-hotel-ispired-by-the-belle-epoque\/\" \/>\n<meta property=\"og:locale\" content=\"en_US\" \/>\n<meta property=\"og:type\" content=\"article\" \/>\n<meta property=\"og:title\" content=\"This is Nobu San Sebasti\u00e1n, the new luxury hotel inspired by the Belle \u00c9poque\" \/>\n<meta property=\"og:description\" content=\"Nobu&#039;s fifth national hotel lands in the heart of San Sebastian&#039;s Concha Bay.\" \/>\n<meta property=\"og:url\" content=\"https:\/\/www.tapasmagazine.es\/en\/this-is-novu-san-sebastian-the-new-luxury-hotel-ispired-by-the-belle-epoque\/\" \/>\n<meta property=\"og:site_name\" content=\"Tapas\" \/>\n<meta property=\"article:publisher\" content=\"https:\/\/www.facebook.com\/tapasmagazine\" \/>\n<meta property=\"article:published_time\" content=\"2023-06-27T10:35:29+00:00\" \/>\n<meta property=\"article:modified_time\" content=\"2023-06-28T06:10:54+00:00\" \/>\n<meta property=\"og:image\" content=\"https:\/\/www.tapasmagazine.es\/wp-content\/uploads\/2023\/06\/nobu-san-sebastian-10.jpeg\" \/>\n\t<meta property=\"og:image:width\" content=\"2000\" \/>\n\t<meta property=\"og:image:height\" content=\"1000\" \/>\n\t<meta property=\"og:image:type\" content=\"image\/jpeg\" \/>\n<meta name=\"author\" content=\"Laura P\u00e9rez\" \/>\n<meta name=\"twitter:card\" content=\"summary_large_image\" \/>\n<meta name=\"twitter:creator\" content=\"@TapasMagazine\" \/>\n<meta name=\"twitter:site\" content=\"@TapasMagazine\" \/>\n<meta name=\"twitter:label1\" content=\"Written by\" \/>\n\t<meta name=\"twitter:data1\" content=\"Laura P\u00e9rez\" \/>\n\t<meta name=\"twitter:label2\" content=\"Est. reading time\" \/>\n\t<meta name=\"twitter:data2\" content=\"3 minutes\" \/>\n<script type=\"application\/ld+json\" class=\"yoast-schema-graph\">{\"@context\":\"https:\\\/\\\/schema.org\",\"@graph\":[{\"@type\":\"Article\",\"@id\":\"https:\\\/\\\/www.tapasmagazine.es\\\/en\\\/this-is-novu-san-sebastian-the-new-luxury-hotel-ispired-by-the-belle-epoque\\\/#article\",\"isPartOf\":{\"@id\":\"https:\\\/\\\/www.tapasmagazine.es\\\/en\\\/this-is-novu-san-sebastian-the-new-luxury-hotel-ispired-by-the-belle-epoque\\\/\"},\"author\":{\"name\":\"Laura P\u00e9rez\",\"@id\":\"https:\\\/\\\/www.tapasmagazine.es\\\/#\\\/schema\\\/person\\\/eb46cbe76a9c8f062660eb609e3ecb4e\"},\"headline\":\"This is Nobu San Sebasti\u00e1n, the new luxury hotel inspired by the Belle \u00c9poque\",\"datePublished\":\"2023-06-27T10:35:29+00:00\",\"dateModified\":\"2023-06-28T06:10:54+00:00\",\"mainEntityOfPage\":{\"@id\":\"https:\\\/\\\/www.tapasmagazine.es\\\/en\\\/this-is-novu-san-sebastian-the-new-luxury-hotel-ispired-by-the-belle-epoque\\\/\"},\"wordCount\":292,\"commentCount\":0,\"publisher\":{\"@id\":\"https:\\\/\\\/www.tapasmagazine.es\\\/#organization\"},\"image\":{\"@id\":\"https:\\\/\\\/www.tapasmagazine.es\\\/en\\\/this-is-novu-san-sebastian-the-new-luxury-hotel-ispired-by-the-belle-epoque\\\/#primaryimage\"},\"thumbnailUrl\":\"https:\\\/\\\/www.tapasmagazine.es\\\/wp-content\\\/uploads\\\/2023\\\/06\\\/nobu-san-sebastian-10.jpeg\",\"keywords\":[\"Nobu\"],\"articleSection\":[\"News\",\"Sin categorizar\"],\"inLanguage\":\"en-US\",\"potentialAction\":[{\"@type\":\"CommentAction\",\"name\":\"Comment\",\"target\":[\"https:\\\/\\\/www.tapasmagazine.es\\\/en\\\/this-is-novu-san-sebastian-the-new-luxury-hotel-ispired-by-the-belle-epoque\\\/#respond\"]}]},{\"@type\":\"WebPage\",\"@id\":\"https:\\\/\\\/www.tapasmagazine.es\\\/en\\\/this-is-novu-san-sebastian-the-new-luxury-hotel-ispired-by-the-belle-epoque\\\/\",\"url\":\"https:\\\/\\\/www.tapasmagazine.es\\\/en\\\/this-is-novu-san-sebastian-the-new-luxury-hotel-ispired-by-the-belle-epoque\\\/\",\"name\":\"This is Nobu San Sebasti\u00e1n, the new luxury hotel inspired by the Belle \u00c9poque\",\"isPartOf\":{\"@id\":\"https:\\\/\\\/www.tapasmagazine.es\\\/#website\"},\"primaryImageOfPage\":{\"@id\":\"https:\\\/\\\/www.tapasmagazine.es\\\/en\\\/this-is-novu-san-sebastian-the-new-luxury-hotel-ispired-by-the-belle-epoque\\\/#primaryimage\"},\"image\":{\"@id\":\"https:\\\/\\\/www.tapasmagazine.es\\\/en\\\/this-is-novu-san-sebastian-the-new-luxury-hotel-ispired-by-the-belle-epoque\\\/#primaryimage\"},\"thumbnailUrl\":\"https:\\\/\\\/www.tapasmagazine.es\\\/wp-content\\\/uploads\\\/2023\\\/06\\\/nobu-san-sebastian-10.jpeg\",\"datePublished\":\"2023-06-27T10:35:29+00:00\",\"dateModified\":\"2023-06-28T06:10:54+00:00\",\"description\":\"Nobu's fifth national hotel lands in the heart of San Sebastian's Concha Bay.\",\"breadcrumb\":{\"@id\":\"https:\\\/\\\/www.tapasmagazine.es\\\/en\\\/this-is-novu-san-sebastian-the-new-luxury-hotel-ispired-by-the-belle-epoque\\\/#breadcrumb\"},\"inLanguage\":\"en-US\",\"potentialAction\":[{\"@type\":\"ReadAction\",\"target\":[\"https:\\\/\\\/www.tapasmagazine.es\\\/en\\\/this-is-novu-san-sebastian-the-new-luxury-hotel-ispired-by-the-belle-epoque\\\/\"]}]},{\"@type\":\"ImageObject\",\"inLanguage\":\"en-US\",\"@id\":\"https:\\\/\\\/www.tapasmagazine.es\\\/en\\\/this-is-novu-san-sebastian-the-new-luxury-hotel-ispired-by-the-belle-epoque\\\/#primaryimage\",\"url\":\"https:\\\/\\\/www.tapasmagazine.es\\\/wp-content\\\/uploads\\\/2023\\\/06\\\/nobu-san-sebastian-10.jpeg\",\"contentUrl\":\"https:\\\/\\\/www.tapasmagazine.es\\\/wp-content\\\/uploads\\\/2023\\\/06\\\/nobu-san-sebastian-10.jpeg\",\"width\":2000,\"height\":1000},{\"@type\":\"BreadcrumbList\",\"@id\":\"https:\\\/\\\/www.tapasmagazine.es\\\/en\\\/this-is-novu-san-sebastian-the-new-luxury-hotel-ispired-by-the-belle-epoque\\\/#breadcrumb\",\"itemListElement\":[{\"@type\":\"ListItem\",\"position\":1,\"name\":\"Portada\",\"item\":\"https:\\\/\\\/www.tapasmagazine.es\\\/\"},{\"@type\":\"ListItem\",\"position\":2,\"name\":\"News\",\"item\":\"https:\\\/\\\/www.tapasmagazine.es\\\/en\\\/categorias\\\/news\\\/\"},{\"@type\":\"ListItem\",\"position\":3,\"name\":\"This is Nobu San Sebasti\u00e1n, the new luxury hotel inspired by the Belle \u00c9poque\"}]},{\"@type\":\"WebSite\",\"@id\":\"https:\\\/\\\/www.tapasmagazine.es\\\/#website\",\"url\":\"https:\\\/\\\/www.tapasmagazine.es\\\/\",\"name\":\"Tapas\",\"description\":\"\u00d1am \u00d1am Lifestyle. La vida a bocados. Premio Nacional de Gastronom\u00eda 2016.\",\"publisher\":{\"@id\":\"https:\\\/\\\/www.tapasmagazine.es\\\/#organization\"},\"potentialAction\":[{\"@type\":\"SearchAction\",\"target\":{\"@type\":\"EntryPoint\",\"urlTemplate\":\"https:\\\/\\\/www.tapasmagazine.es\\\/?s={search_term_string}\"},\"query-input\":{\"@type\":\"PropertyValueSpecification\",\"valueRequired\":true,\"valueName\":\"search_term_string\"}}],\"inLanguage\":\"en-US\"},{\"@type\":\"Organization\",\"@id\":\"https:\\\/\\\/www.tapasmagazine.es\\\/#organization\",\"name\":\"Tapas Magazine\",\"url\":\"https:\\\/\\\/www.tapasmagazine.es\\\/\",\"logo\":{\"@type\":\"ImageObject\",\"inLanguage\":\"en-US\",\"@id\":\"https:\\\/\\\/www.tapasmagazine.es\\\/#\\\/schema\\\/logo\\\/image\\\/\",\"url\":\"https:\\\/\\\/www.tapasmagazine.es\\\/wp-content\\\/uploads\\\/2018\\\/01\\\/logo.png\",\"contentUrl\":\"https:\\\/\\\/www.tapasmagazine.es\\\/wp-content\\\/uploads\\\/2018\\\/01\\\/logo.png\",\"width\":180,\"height\":60,\"caption\":\"Tapas Magazine\"},\"image\":{\"@id\":\"https:\\\/\\\/www.tapasmagazine.es\\\/#\\\/schema\\\/logo\\\/image\\\/\"},\"sameAs\":[\"https:\\\/\\\/www.facebook.com\\\/tapasmagazine\",\"https:\\\/\\\/x.com\\\/TapasMagazine\",\"https:\\\/\\\/www.instagram.com\\\/tapasmagazine\\\/\",\"https:\\\/\\\/www.linkedin.com\\\/company\\\/tapas-magazine\",\"https:\\\/\\\/es.pinterest.com\\\/tapasmagazine\\\/\",\"https:\\\/\\\/www.youtube.com\\\/channel\\\/UCEyxneAaACuR0lfDagrWjjg?sub_confirmation=1\"]},{\"@type\":\"Person\",\"@id\":\"https:\\\/\\\/www.tapasmagazine.es\\\/#\\\/schema\\\/person\\\/eb46cbe76a9c8f062660eb609e3ecb4e\",\"name\":\"Laura P\u00e9rez\",\"url\":\"https:\\\/\\\/www.tapasmagazine.es\\\/en\\\/author\\\/laura-perez\\\/\"}]}<\/script>\n<!-- \/ Yoast SEO plugin. -->","yoast_head_json":{"title":"This is Nobu San Sebasti\u00e1n, the new luxury hotel inspired by the Belle \u00c9poque","description":"Nobu's fifth national hotel lands in the heart of San Sebastian's Concha Bay.","robots":{"index":"index","follow":"follow","max-snippet":"max-snippet:-1","max-image-preview":"max-image-preview:large","max-video-preview":"max-video-preview:-1"},"canonical":"https:\/\/www.tapasmagazine.es\/en\/this-is-novu-san-sebastian-the-new-luxury-hotel-ispired-by-the-belle-epoque\/","og_locale":"en_US","og_type":"article","og_title":"This is Nobu San Sebasti\u00e1n, the new luxury hotel inspired by the Belle \u00c9poque","og_description":"Nobu's fifth national hotel lands in the heart of San Sebastian's Concha Bay.","og_url":"https:\/\/www.tapasmagazine.es\/en\/this-is-novu-san-sebastian-the-new-luxury-hotel-ispired-by-the-belle-epoque\/","og_site_name":"Tapas","article_publisher":"https:\/\/www.facebook.com\/tapasmagazine","article_published_time":"2023-06-27T10:35:29+00:00","article_modified_time":"2023-06-28T06:10:54+00:00","og_image":[{"width":2000,"height":1000,"url":"https:\/\/www.tapasmagazine.es\/wp-content\/uploads\/2023\/06\/nobu-san-sebastian-10.jpeg","type":"image\/jpeg"}],"author":"Laura P\u00e9rez","twitter_card":"summary_large_image","twitter_creator":"@TapasMagazine","twitter_site":"@TapasMagazine","twitter_misc":{"Written by":"Laura P\u00e9rez","Est. reading time":"3 minutes"},"schema":{"@context":"https:\/\/schema.org","@graph":[{"@type":"Article","@id":"https:\/\/www.tapasmagazine.es\/en\/this-is-novu-san-sebastian-the-new-luxury-hotel-ispired-by-the-belle-epoque\/#article","isPartOf":{"@id":"https:\/\/www.tapasmagazine.es\/en\/this-is-novu-san-sebastian-the-new-luxury-hotel-ispired-by-the-belle-epoque\/"},"author":{"name":"Laura P\u00e9rez","@id":"https:\/\/www.tapasmagazine.es\/#\/schema\/person\/eb46cbe76a9c8f062660eb609e3ecb4e"},"headline":"This is Nobu San Sebasti\u00e1n, the new luxury hotel inspired by the Belle \u00c9poque","datePublished":"2023-06-27T10:35:29+00:00","dateModified":"2023-06-28T06:10:54+00:00","mainEntityOfPage":{"@id":"https:\/\/www.tapasmagazine.es\/en\/this-is-novu-san-sebastian-the-new-luxury-hotel-ispired-by-the-belle-epoque\/"},"wordCount":292,"commentCount":0,"publisher":{"@id":"https:\/\/www.tapasmagazine.es\/#organization"},"image":{"@id":"https:\/\/www.tapasmagazine.es\/en\/this-is-novu-san-sebastian-the-new-luxury-hotel-ispired-by-the-belle-epoque\/#primaryimage"},"thumbnailUrl":"https:\/\/www.tapasmagazine.es\/wp-content\/uploads\/2023\/06\/nobu-san-sebastian-10.jpeg","keywords":["Nobu"],"articleSection":["News","Sin categorizar"],"inLanguage":"en-US","potentialAction":[{"@type":"CommentAction","name":"Comment","target":["https:\/\/www.tapasmagazine.es\/en\/this-is-novu-san-sebastian-the-new-luxury-hotel-ispired-by-the-belle-epoque\/#respond"]}]},{"@type":"WebPage","@id":"https:\/\/www.tapasmagazine.es\/en\/this-is-novu-san-sebastian-the-new-luxury-hotel-ispired-by-the-belle-epoque\/","url":"https:\/\/www.tapasmagazine.es\/en\/this-is-novu-san-sebastian-the-new-luxury-hotel-ispired-by-the-belle-epoque\/","name":"This is Nobu San Sebasti\u00e1n, the new luxury hotel inspired by the Belle \u00c9poque","isPartOf":{"@id":"https:\/\/www.tapasmagazine.es\/#website"},"primaryImageOfPage":{"@id":"https:\/\/www.tapasmagazine.es\/en\/this-is-novu-san-sebastian-the-new-luxury-hotel-ispired-by-the-belle-epoque\/#primaryimage"},"image":{"@id":"https:\/\/www.tapasmagazine.es\/en\/this-is-novu-san-sebastian-the-new-luxury-hotel-ispired-by-the-belle-epoque\/#primaryimage"},"thumbnailUrl":"https:\/\/www.tapasmagazine.es\/wp-content\/uploads\/2023\/06\/nobu-san-sebastian-10.jpeg","datePublished":"2023-06-27T10:35:29+00:00","dateModified":"2023-06-28T06:10:54+00:00","description":"Nobu's fifth national hotel lands in the heart of San Sebastian's Concha Bay.","breadcrumb":{"@id":"https:\/\/www.tapasmagazine.es\/en\/this-is-novu-san-sebastian-the-new-luxury-hotel-ispired-by-the-belle-epoque\/#breadcrumb"},"inLanguage":"en-US","potentialAction":[{"@type":"ReadAction","target":["https:\/\/www.tapasmagazine.es\/en\/this-is-novu-san-sebastian-the-new-luxury-hotel-ispired-by-the-belle-epoque\/"]}]},{"@type":"ImageObject","inLanguage":"en-US","@id":"https:\/\/www.tapasmagazine.es\/en\/this-is-novu-san-sebastian-the-new-luxury-hotel-ispired-by-the-belle-epoque\/#primaryimage","url":"https:\/\/www.tapasmagazine.es\/wp-content\/uploads\/2023\/06\/nobu-san-sebastian-10.jpeg","contentUrl":"https:\/\/www.tapasmagazine.es\/wp-content\/uploads\/2023\/06\/nobu-san-sebastian-10.jpeg","width":2000,"height":1000},{"@type":"BreadcrumbList","@id":"https:\/\/www.tapasmagazine.es\/en\/this-is-novu-san-sebastian-the-new-luxury-hotel-ispired-by-the-belle-epoque\/#breadcrumb","itemListElement":[{"@type":"ListItem","position":1,"name":"Portada","item":"https:\/\/www.tapasmagazine.es\/"},{"@type":"ListItem","position":2,"name":"News","item":"https:\/\/www.tapasmagazine.es\/en\/categorias\/news\/"},{"@type":"ListItem","position":3,"name":"This is Nobu San Sebasti\u00e1n, the new luxury hotel inspired by the Belle \u00c9poque"}]},{"@type":"WebSite","@id":"https:\/\/www.tapasmagazine.es\/#website","url":"https:\/\/www.tapasmagazine.es\/","name":"Tapas","description":"\u00d1am \u00d1am Lifestyle. La vida a bocados. Premio Nacional de Gastronom\u00eda 2016.","publisher":{"@id":"https:\/\/www.tapasmagazine.es\/#organization"},"potentialAction":[{"@type":"SearchAction","target":{"@type":"EntryPoint","urlTemplate":"https:\/\/www.tapasmagazine.es\/?s={search_term_string}"},"query-input":{"@type":"PropertyValueSpecification","valueRequired":true,"valueName":"search_term_string"}}],"inLanguage":"en-US"},{"@type":"Organization","@id":"https:\/\/www.tapasmagazine.es\/#organization","name":"Tapas Magazine","url":"https:\/\/www.tapasmagazine.es\/","logo":{"@type":"ImageObject","inLanguage":"en-US","@id":"https:\/\/www.tapasmagazine.es\/#\/schema\/logo\/image\/","url":"https:\/\/www.tapasmagazine.es\/wp-content\/uploads\/2018\/01\/logo.png","contentUrl":"https:\/\/www.tapasmagazine.es\/wp-content\/uploads\/2018\/01\/logo.png","width":180,"height":60,"caption":"Tapas Magazine"},"image":{"@id":"https:\/\/www.tapasmagazine.es\/#\/schema\/logo\/image\/"},"sameAs":["https:\/\/www.facebook.com\/tapasmagazine","https:\/\/x.com\/TapasMagazine","https:\/\/www.instagram.com\/tapasmagazine\/","https:\/\/www.linkedin.com\/company\/tapas-magazine","https:\/\/es.pinterest.com\/tapasmagazine\/","https:\/\/www.youtube.com\/channel\/UCEyxneAaACuR0lfDagrWjjg?sub_confirmation=1"]},{"@type":"Person","@id":"https:\/\/www.tapasmagazine.es\/#\/schema\/person\/eb46cbe76a9c8f062660eb609e3ecb4e","name":"Laura P\u00e9rez","url":"https:\/\/www.tapasmagazine.es\/en\/author\/laura-perez\/"}]}},"_links":{"self":[{"href":"https:\/\/www.tapasmagazine.es\/en\/wp-json\/wp\/v2\/posts\/195108","targetHints":{"allow":["GET"]}}],"collection":[{"href":"https:\/\/www.tapasmagazine.es\/en\/wp-json\/wp\/v2\/posts"}],"about":[{"href":"https:\/\/www.tapasmagazine.es\/en\/wp-json\/wp\/v2\/types\/post"}],"author":[{"embeddable":true,"href":"https:\/\/www.tapasmagazine.es\/en\/wp-json\/wp\/v2\/users\/285"}],"replies":[{"embeddable":true,"href":"https:\/\/www.tapasmagazine.es\/en\/wp-json\/wp\/v2\/comments?post=195108"}],"version-history":[{"count":3,"href":"https:\/\/www.tapasmagazine.es\/en\/wp-json\/wp\/v2\/posts\/195108\/revisions"}],"predecessor-version":[{"id":195177,"href":"https:\/\/www.tapasmagazine.es\/en\/wp-json\/wp\/v2\/posts\/195108\/revisions\/195177"}],"wp:featuredmedia":[{"embeddable":true,"href":"https:\/\/www.tapasmagazine.es\/en\/wp-json\/wp\/v2\/media\/195075"}],"wp:attachment":[{"href":"https:\/\/www.tapasmagazine.es\/en\/wp-json\/wp\/v2\/media?parent=195108"}],"wp:term":[{"taxonomy":"category","embeddable":true,"href":"https:\/\/www.tapasmagazine.es\/en\/wp-json\/wp\/v2\/categories?post=195108"},{"taxonomy":"post_tag","embeddable":true,"href":"https:\/\/www.tapasmagazine.es\/en\/wp-json\/wp\/v2\/tags?post=195108"}],"curies":[{"name":"wp","href":"https:\/\/api.w.org\/{rel}","templated":true}]}}