{"id":194366,"date":"2023-06-23T13:09:17","date_gmt":"2023-06-23T11:09:17","guid":{"rendered":"https:\/\/www.tapasmagazine.es\/?p=194366"},"modified":"2023-06-23T13:18:50","modified_gmt":"2023-06-23T11:18:50","slug":"this-was-the-kfc-fashion-show-in-the-middle-of-gran-via-with-oscar-casas","status":"publish","type":"post","link":"https:\/\/www.tapasmagazine.es\/en\/this-was-the-kfc-fashion-show-in-the-middle-of-gran-via-with-oscar-casas\/","title":{"rendered":"This was the KFC fashion show in the middle of Gran V\u00eda with actor \u00d3scar Casas"},"content":{"rendered":"\n<p><strong>Click <a href=\"https:\/\/www.tapasmagazine.es\/asi-fue-el-desfile-de-kfc-en-plena-gran-via-con-oscar-casas\/\" target=\"_blank\" rel=\"noreferrer noopener\">here<\/a> to read the Spanish version.<\/strong><br>The famous fried chicken chain, KFC, has just presented its new service &#8220;Ya voy yo&#8221;, an online proposal that allows users to schedule their order through the app or <a href=\"https:\/\/www.kfc.es\/\" target=\"_blank\" rel=\"noreferrer noopener\">website<\/a>. For the launch, the brand organized a fashion show in the middle of Madrid&#8217;s Gran V\u00eda with the participation of well-known faces such as actor \u00d3scar Casas, who wore a large bag representing the action, which included an exclusive discount code to be used these days.<\/p>\n\n\n\n<figure class=\"wp-block-image size-large\"><a href=\"https:\/\/www.tapasmagazine.es\/wp-content\/uploads\/2023\/06\/desfile-kfc-gran-via.jpg\"><img decoding=\"async\" width=\"1024\" height=\"576\" src=\"https:\/\/www.tapasmagazine.es\/wp-content\/uploads\/2023\/06\/desfile-kfc-gran-via-1024x576.jpg\" alt=\"\" class=\"wp-image-194361\" srcset=\"https:\/\/www.tapasmagazine.es\/wp-content\/uploads\/2023\/06\/desfile-kfc-gran-via-1024x576.jpg 1024w, https:\/\/www.tapasmagazine.es\/wp-content\/uploads\/2023\/06\/desfile-kfc-gran-via-300x169.jpg 300w, https:\/\/www.tapasmagazine.es\/wp-content\/uploads\/2023\/06\/desfile-kfc-gran-via-768x432.jpg 768w, https:\/\/www.tapasmagazine.es\/wp-content\/uploads\/2023\/06\/desfile-kfc-gran-via-1000x563.jpg 1000w, https:\/\/www.tapasmagazine.es\/wp-content\/uploads\/2023\/06\/desfile-kfc-gran-via-400x225.jpg 400w, https:\/\/www.tapasmagazine.es\/wp-content\/uploads\/2023\/06\/desfile-kfc-gran-via.jpg 1200w\" sizes=\"(max-width: 1024px) 100vw, 1024px\" \/><\/a><\/figure>\n\n\n\n<p>The actor, who this summer will release <em>La soledad tiene alas<\/em>, the first film directed by his brother Mario Casas, led a parade that began at 33 San Marcos Street and ended at the KFC restaurant on Gran V\u00eda. He was accompanied by nine other models who walked along the emblematic Gran V\u00eda to the surprise of passers-by. The looks chosen by KFC for this special occasion were 10 exclusive designs by Reparto Studio and inspired by the brand&#8217;s own characters. Reparto Studio is an emerging brand, founded by Mexican Margil Pe\u00f1a and Basque Ana Viglione, is revolutionizing the fashion world thanks to transgressive styles that have already been worn by celebrities such as Tokischa, Mala Rodr\u00edguez or La Zowi.<\/p>\n\n\n\n<p>Thus, Oscar Casas wore an original style inspired by the founder of KFC, Colonel Sanders, with his iconic white suit and bow tie. On the other hand, the rest of the models paraded with very iconic and representative elements of the #ChickenChicken brand, with references to the typical KFC bucket or fabrics that simulated its popular batter.<\/p>\n\n\n\n<figure class=\"wp-block-image size-large\"><a href=\"https:\/\/www.tapasmagazine.es\/wp-content\/uploads\/2023\/06\/KFC_-Modelo1.jpg\"><img decoding=\"async\" width=\"683\" height=\"1024\" src=\"https:\/\/www.tapasmagazine.es\/wp-content\/uploads\/2023\/06\/KFC_-Modelo1-683x1024.jpg\" alt=\"\" class=\"wp-image-194363\" srcset=\"https:\/\/www.tapasmagazine.es\/wp-content\/uploads\/2023\/06\/KFC_-Modelo1-683x1024.jpg 683w, https:\/\/www.tapasmagazine.es\/wp-content\/uploads\/2023\/06\/KFC_-Modelo1-200x300.jpg 200w, https:\/\/www.tapasmagazine.es\/wp-content\/uploads\/2023\/06\/KFC_-Modelo1-768x1152.jpg 768w, https:\/\/www.tapasmagazine.es\/wp-content\/uploads\/2023\/06\/KFC_-Modelo1-400x600.jpg 400w, https:\/\/www.tapasmagazine.es\/wp-content\/uploads\/2023\/06\/KFC_-Modelo1.jpg 800w\" sizes=\"(max-width: 683px) 100vw, 683px\" \/><\/a><\/figure>\n\n\n\n<h2 class=\"wp-block-heading\">Try the new &#8220;Ya voy yo&#8221; <\/h2>\n\n\n\n<p>If you want to take advantage we leave below all the discount codes, which will be available throughout Spain until June 25 and are only redeemable through the web or the KFC app, selecting the restaurant pick-up service &#8220;Ya voy yo&#8221;:<\/p>\n\n\n\n<ul class=\"wp-block-list\">\n<li>(120T): two free strips<\/li>\n\n\n\n<li>(121S): Burger for 1\u20ac<\/li>\n\n\n\n<li>(121G): Burger at 1\u20ac<\/li>\n\n\n\n<li>(115E): Kream Ball for 0,5\u20ac<\/li>\n\n\n\n<li>(131L): 3 wings for 1\u20ac<\/li>\n\n\n\n<li>(131P): 3 pieces for 1\u20ac<\/li>\n<\/ul>\n","protected":false},"excerpt":{"rendered":"<p>Click here to read the Spanish version.The famous fried chicken chain, KFC, has just presented its new service &#8220;Ya voy yo&#8221;, an online proposal that allows users to schedule their order through the app or website. For the launch, the brand organized a fashion show in the middle of Madrid&#8217;s Gran V\u00eda with the participation [&hellip;]<\/p>\n","protected":false},"author":279,"featured_media":194356,"comment_status":"open","ping_status":"closed","sticky":false,"template":"single-feature.php","format":"standard","meta":{"_acf_changed":false,"footnotes":""},"categories":[15802],"tags":[],"class_list":["post-194366","post","type-post","status-publish","format-standard","has-post-thumbnail","hentry","category-news","cat-15802-id"],"acf":[],"yoast_head":"<!-- This site is optimized with the Yoast SEO plugin v27.5 - https:\/\/yoast.com\/product\/yoast-seo-wordpress\/ -->\n<title>This was the KFC fashion show in Gran V\u00eda with \u00d3scar Casas<\/title>\n<meta name=\"description\" content=\"KFC chain presented its new service &quot;Ya voy yo&quot; with a fashion show, located on Gran V\u00eda, starring the actor \u00d3scar Casas.\" \/>\n<meta name=\"robots\" content=\"index, follow, max-snippet:-1, max-image-preview:large, max-video-preview:-1\" \/>\n<link rel=\"canonical\" href=\"https:\/\/www.tapasmagazine.es\/en\/this-was-the-kfc-fashion-show-in-the-middle-of-gran-via-with-oscar-casas\/\" \/>\n<meta property=\"og:locale\" content=\"en_US\" \/>\n<meta property=\"og:type\" content=\"article\" \/>\n<meta property=\"og:title\" content=\"This was the KFC fashion show in Gran V\u00eda with \u00d3scar Casas\" \/>\n<meta property=\"og:description\" content=\"KFC chain presented its new service &quot;Ya voy yo&quot; with a fashion show, located on Gran V\u00eda, starring the actor \u00d3scar Casas.\" \/>\n<meta property=\"og:url\" content=\"https:\/\/www.tapasmagazine.es\/en\/this-was-the-kfc-fashion-show-in-the-middle-of-gran-via-with-oscar-casas\/\" \/>\n<meta property=\"og:site_name\" content=\"Tapas\" \/>\n<meta property=\"article:publisher\" content=\"https:\/\/www.facebook.com\/tapasmagazine\" \/>\n<meta property=\"article:published_time\" content=\"2023-06-23T11:09:17+00:00\" \/>\n<meta property=\"article:modified_time\" content=\"2023-06-23T11:18:50+00:00\" \/>\n<meta property=\"og:image\" content=\"https:\/\/www.tapasmagazine.es\/wp-content\/uploads\/2023\/06\/Oscar-Casas-KFC-desfile-Gran-Via.jpg\" \/>\n\t<meta property=\"og:image:width\" content=\"1200\" \/>\n\t<meta property=\"og:image:height\" content=\"675\" \/>\n\t<meta property=\"og:image:type\" content=\"image\/jpeg\" \/>\n<meta name=\"author\" content=\"Toni Alonso\" \/>\n<meta name=\"twitter:card\" content=\"summary_large_image\" \/>\n<meta name=\"twitter:creator\" content=\"@TapasMagazine\" \/>\n<meta name=\"twitter:site\" content=\"@TapasMagazine\" \/>\n<meta name=\"twitter:label1\" content=\"Written by\" \/>\n\t<meta name=\"twitter:data1\" content=\"Toni Alonso\" \/>\n\t<meta name=\"twitter:label2\" content=\"Est. reading time\" \/>\n\t<meta name=\"twitter:data2\" content=\"2 minutes\" \/>\n<script type=\"application\/ld+json\" class=\"yoast-schema-graph\">{\"@context\":\"https:\\\/\\\/schema.org\",\"@graph\":[{\"@type\":\"Article\",\"@id\":\"https:\\\/\\\/www.tapasmagazine.es\\\/en\\\/this-was-the-kfc-fashion-show-in-the-middle-of-gran-via-with-oscar-casas\\\/#article\",\"isPartOf\":{\"@id\":\"https:\\\/\\\/www.tapasmagazine.es\\\/en\\\/this-was-the-kfc-fashion-show-in-the-middle-of-gran-via-with-oscar-casas\\\/\"},\"author\":{\"name\":\"Toni Alonso\",\"@id\":\"https:\\\/\\\/www.tapasmagazine.es\\\/#\\\/schema\\\/person\\\/63bc618d318821aa948ba50d2e18ab3d\"},\"headline\":\"This was the KFC fashion show in the middle of Gran V\u00eda with actor \u00d3scar Casas\",\"datePublished\":\"2023-06-23T11:09:17+00:00\",\"dateModified\":\"2023-06-23T11:18:50+00:00\",\"mainEntityOfPage\":{\"@id\":\"https:\\\/\\\/www.tapasmagazine.es\\\/en\\\/this-was-the-kfc-fashion-show-in-the-middle-of-gran-via-with-oscar-casas\\\/\"},\"wordCount\":348,\"commentCount\":0,\"publisher\":{\"@id\":\"https:\\\/\\\/www.tapasmagazine.es\\\/#organization\"},\"image\":{\"@id\":\"https:\\\/\\\/www.tapasmagazine.es\\\/en\\\/this-was-the-kfc-fashion-show-in-the-middle-of-gran-via-with-oscar-casas\\\/#primaryimage\"},\"thumbnailUrl\":\"https:\\\/\\\/www.tapasmagazine.es\\\/wp-content\\\/uploads\\\/2023\\\/06\\\/Oscar-Casas-KFC-desfile-Gran-Via.jpg\",\"articleSection\":[\"News\"],\"inLanguage\":\"en-US\",\"potentialAction\":[{\"@type\":\"CommentAction\",\"name\":\"Comment\",\"target\":[\"https:\\\/\\\/www.tapasmagazine.es\\\/en\\\/this-was-the-kfc-fashion-show-in-the-middle-of-gran-via-with-oscar-casas\\\/#respond\"]}]},{\"@type\":\"WebPage\",\"@id\":\"https:\\\/\\\/www.tapasmagazine.es\\\/en\\\/this-was-the-kfc-fashion-show-in-the-middle-of-gran-via-with-oscar-casas\\\/\",\"url\":\"https:\\\/\\\/www.tapasmagazine.es\\\/en\\\/this-was-the-kfc-fashion-show-in-the-middle-of-gran-via-with-oscar-casas\\\/\",\"name\":\"This was the KFC fashion show in Gran V\u00eda with \u00d3scar Casas\",\"isPartOf\":{\"@id\":\"https:\\\/\\\/www.tapasmagazine.es\\\/#website\"},\"primaryImageOfPage\":{\"@id\":\"https:\\\/\\\/www.tapasmagazine.es\\\/en\\\/this-was-the-kfc-fashion-show-in-the-middle-of-gran-via-with-oscar-casas\\\/#primaryimage\"},\"image\":{\"@id\":\"https:\\\/\\\/www.tapasmagazine.es\\\/en\\\/this-was-the-kfc-fashion-show-in-the-middle-of-gran-via-with-oscar-casas\\\/#primaryimage\"},\"thumbnailUrl\":\"https:\\\/\\\/www.tapasmagazine.es\\\/wp-content\\\/uploads\\\/2023\\\/06\\\/Oscar-Casas-KFC-desfile-Gran-Via.jpg\",\"datePublished\":\"2023-06-23T11:09:17+00:00\",\"dateModified\":\"2023-06-23T11:18:50+00:00\",\"description\":\"KFC chain presented its new service \\\"Ya voy yo\\\" with a fashion show, located on Gran V\u00eda, starring the actor \u00d3scar Casas.\",\"breadcrumb\":{\"@id\":\"https:\\\/\\\/www.tapasmagazine.es\\\/en\\\/this-was-the-kfc-fashion-show-in-the-middle-of-gran-via-with-oscar-casas\\\/#breadcrumb\"},\"inLanguage\":\"en-US\",\"potentialAction\":[{\"@type\":\"ReadAction\",\"target\":[\"https:\\\/\\\/www.tapasmagazine.es\\\/en\\\/this-was-the-kfc-fashion-show-in-the-middle-of-gran-via-with-oscar-casas\\\/\"]}]},{\"@type\":\"ImageObject\",\"inLanguage\":\"en-US\",\"@id\":\"https:\\\/\\\/www.tapasmagazine.es\\\/en\\\/this-was-the-kfc-fashion-show-in-the-middle-of-gran-via-with-oscar-casas\\\/#primaryimage\",\"url\":\"https:\\\/\\\/www.tapasmagazine.es\\\/wp-content\\\/uploads\\\/2023\\\/06\\\/Oscar-Casas-KFC-desfile-Gran-Via.jpg\",\"contentUrl\":\"https:\\\/\\\/www.tapasmagazine.es\\\/wp-content\\\/uploads\\\/2023\\\/06\\\/Oscar-Casas-KFC-desfile-Gran-Via.jpg\",\"width\":1200,\"height\":675},{\"@type\":\"BreadcrumbList\",\"@id\":\"https:\\\/\\\/www.tapasmagazine.es\\\/en\\\/this-was-the-kfc-fashion-show-in-the-middle-of-gran-via-with-oscar-casas\\\/#breadcrumb\",\"itemListElement\":[{\"@type\":\"ListItem\",\"position\":1,\"name\":\"Portada\",\"item\":\"https:\\\/\\\/www.tapasmagazine.es\\\/\"},{\"@type\":\"ListItem\",\"position\":2,\"name\":\"News\",\"item\":\"https:\\\/\\\/www.tapasmagazine.es\\\/en\\\/categorias\\\/news\\\/\"},{\"@type\":\"ListItem\",\"position\":3,\"name\":\"This was the KFC fashion show in the middle of Gran V\u00eda with actor \u00d3scar Casas\"}]},{\"@type\":\"WebSite\",\"@id\":\"https:\\\/\\\/www.tapasmagazine.es\\\/#website\",\"url\":\"https:\\\/\\\/www.tapasmagazine.es\\\/\",\"name\":\"Tapas\",\"description\":\"\u00d1am \u00d1am Lifestyle. La vida a bocados. Premio Nacional de Gastronom\u00eda 2016.\",\"publisher\":{\"@id\":\"https:\\\/\\\/www.tapasmagazine.es\\\/#organization\"},\"potentialAction\":[{\"@type\":\"SearchAction\",\"target\":{\"@type\":\"EntryPoint\",\"urlTemplate\":\"https:\\\/\\\/www.tapasmagazine.es\\\/?s={search_term_string}\"},\"query-input\":{\"@type\":\"PropertyValueSpecification\",\"valueRequired\":true,\"valueName\":\"search_term_string\"}}],\"inLanguage\":\"en-US\"},{\"@type\":\"Organization\",\"@id\":\"https:\\\/\\\/www.tapasmagazine.es\\\/#organization\",\"name\":\"Tapas Magazine\",\"url\":\"https:\\\/\\\/www.tapasmagazine.es\\\/\",\"logo\":{\"@type\":\"ImageObject\",\"inLanguage\":\"en-US\",\"@id\":\"https:\\\/\\\/www.tapasmagazine.es\\\/#\\\/schema\\\/logo\\\/image\\\/\",\"url\":\"https:\\\/\\\/www.tapasmagazine.es\\\/wp-content\\\/uploads\\\/2018\\\/01\\\/logo.png\",\"contentUrl\":\"https:\\\/\\\/www.tapasmagazine.es\\\/wp-content\\\/uploads\\\/2018\\\/01\\\/logo.png\",\"width\":180,\"height\":60,\"caption\":\"Tapas Magazine\"},\"image\":{\"@id\":\"https:\\\/\\\/www.tapasmagazine.es\\\/#\\\/schema\\\/logo\\\/image\\\/\"},\"sameAs\":[\"https:\\\/\\\/www.facebook.com\\\/tapasmagazine\",\"https:\\\/\\\/x.com\\\/TapasMagazine\",\"https:\\\/\\\/www.instagram.com\\\/tapasmagazine\\\/\",\"https:\\\/\\\/www.linkedin.com\\\/company\\\/tapas-magazine\",\"https:\\\/\\\/es.pinterest.com\\\/tapasmagazine\\\/\",\"https:\\\/\\\/www.youtube.com\\\/channel\\\/UCEyxneAaACuR0lfDagrWjjg?sub_confirmation=1\"]},{\"@type\":\"Person\",\"@id\":\"https:\\\/\\\/www.tapasmagazine.es\\\/#\\\/schema\\\/person\\\/63bc618d318821aa948ba50d2e18ab3d\",\"name\":\"Toni Alonso\",\"url\":\"https:\\\/\\\/www.tapasmagazine.es\\\/en\\\/author\\\/antonio-alonso\\\/\"}]}<\/script>\n<!-- \/ Yoast SEO plugin. -->","yoast_head_json":{"title":"This was the KFC fashion show in Gran V\u00eda with \u00d3scar Casas","description":"KFC chain presented its new service \"Ya voy yo\" with a fashion show, located on Gran V\u00eda, starring the actor \u00d3scar Casas.","robots":{"index":"index","follow":"follow","max-snippet":"max-snippet:-1","max-image-preview":"max-image-preview:large","max-video-preview":"max-video-preview:-1"},"canonical":"https:\/\/www.tapasmagazine.es\/en\/this-was-the-kfc-fashion-show-in-the-middle-of-gran-via-with-oscar-casas\/","og_locale":"en_US","og_type":"article","og_title":"This was the KFC fashion show in Gran V\u00eda with \u00d3scar Casas","og_description":"KFC chain presented its new service \"Ya voy yo\" with a fashion show, located on Gran V\u00eda, starring the actor \u00d3scar Casas.","og_url":"https:\/\/www.tapasmagazine.es\/en\/this-was-the-kfc-fashion-show-in-the-middle-of-gran-via-with-oscar-casas\/","og_site_name":"Tapas","article_publisher":"https:\/\/www.facebook.com\/tapasmagazine","article_published_time":"2023-06-23T11:09:17+00:00","article_modified_time":"2023-06-23T11:18:50+00:00","og_image":[{"width":1200,"height":675,"url":"https:\/\/www.tapasmagazine.es\/wp-content\/uploads\/2023\/06\/Oscar-Casas-KFC-desfile-Gran-Via.jpg","type":"image\/jpeg"}],"author":"Toni Alonso","twitter_card":"summary_large_image","twitter_creator":"@TapasMagazine","twitter_site":"@TapasMagazine","twitter_misc":{"Written by":"Toni Alonso","Est. reading time":"2 minutes"},"schema":{"@context":"https:\/\/schema.org","@graph":[{"@type":"Article","@id":"https:\/\/www.tapasmagazine.es\/en\/this-was-the-kfc-fashion-show-in-the-middle-of-gran-via-with-oscar-casas\/#article","isPartOf":{"@id":"https:\/\/www.tapasmagazine.es\/en\/this-was-the-kfc-fashion-show-in-the-middle-of-gran-via-with-oscar-casas\/"},"author":{"name":"Toni Alonso","@id":"https:\/\/www.tapasmagazine.es\/#\/schema\/person\/63bc618d318821aa948ba50d2e18ab3d"},"headline":"This was the KFC fashion show in the middle of Gran V\u00eda with actor \u00d3scar Casas","datePublished":"2023-06-23T11:09:17+00:00","dateModified":"2023-06-23T11:18:50+00:00","mainEntityOfPage":{"@id":"https:\/\/www.tapasmagazine.es\/en\/this-was-the-kfc-fashion-show-in-the-middle-of-gran-via-with-oscar-casas\/"},"wordCount":348,"commentCount":0,"publisher":{"@id":"https:\/\/www.tapasmagazine.es\/#organization"},"image":{"@id":"https:\/\/www.tapasmagazine.es\/en\/this-was-the-kfc-fashion-show-in-the-middle-of-gran-via-with-oscar-casas\/#primaryimage"},"thumbnailUrl":"https:\/\/www.tapasmagazine.es\/wp-content\/uploads\/2023\/06\/Oscar-Casas-KFC-desfile-Gran-Via.jpg","articleSection":["News"],"inLanguage":"en-US","potentialAction":[{"@type":"CommentAction","name":"Comment","target":["https:\/\/www.tapasmagazine.es\/en\/this-was-the-kfc-fashion-show-in-the-middle-of-gran-via-with-oscar-casas\/#respond"]}]},{"@type":"WebPage","@id":"https:\/\/www.tapasmagazine.es\/en\/this-was-the-kfc-fashion-show-in-the-middle-of-gran-via-with-oscar-casas\/","url":"https:\/\/www.tapasmagazine.es\/en\/this-was-the-kfc-fashion-show-in-the-middle-of-gran-via-with-oscar-casas\/","name":"This was the KFC fashion show in Gran V\u00eda with \u00d3scar Casas","isPartOf":{"@id":"https:\/\/www.tapasmagazine.es\/#website"},"primaryImageOfPage":{"@id":"https:\/\/www.tapasmagazine.es\/en\/this-was-the-kfc-fashion-show-in-the-middle-of-gran-via-with-oscar-casas\/#primaryimage"},"image":{"@id":"https:\/\/www.tapasmagazine.es\/en\/this-was-the-kfc-fashion-show-in-the-middle-of-gran-via-with-oscar-casas\/#primaryimage"},"thumbnailUrl":"https:\/\/www.tapasmagazine.es\/wp-content\/uploads\/2023\/06\/Oscar-Casas-KFC-desfile-Gran-Via.jpg","datePublished":"2023-06-23T11:09:17+00:00","dateModified":"2023-06-23T11:18:50+00:00","description":"KFC chain presented its new service \"Ya voy yo\" with a fashion show, located on Gran V\u00eda, starring the actor \u00d3scar Casas.","breadcrumb":{"@id":"https:\/\/www.tapasmagazine.es\/en\/this-was-the-kfc-fashion-show-in-the-middle-of-gran-via-with-oscar-casas\/#breadcrumb"},"inLanguage":"en-US","potentialAction":[{"@type":"ReadAction","target":["https:\/\/www.tapasmagazine.es\/en\/this-was-the-kfc-fashion-show-in-the-middle-of-gran-via-with-oscar-casas\/"]}]},{"@type":"ImageObject","inLanguage":"en-US","@id":"https:\/\/www.tapasmagazine.es\/en\/this-was-the-kfc-fashion-show-in-the-middle-of-gran-via-with-oscar-casas\/#primaryimage","url":"https:\/\/www.tapasmagazine.es\/wp-content\/uploads\/2023\/06\/Oscar-Casas-KFC-desfile-Gran-Via.jpg","contentUrl":"https:\/\/www.tapasmagazine.es\/wp-content\/uploads\/2023\/06\/Oscar-Casas-KFC-desfile-Gran-Via.jpg","width":1200,"height":675},{"@type":"BreadcrumbList","@id":"https:\/\/www.tapasmagazine.es\/en\/this-was-the-kfc-fashion-show-in-the-middle-of-gran-via-with-oscar-casas\/#breadcrumb","itemListElement":[{"@type":"ListItem","position":1,"name":"Portada","item":"https:\/\/www.tapasmagazine.es\/"},{"@type":"ListItem","position":2,"name":"News","item":"https:\/\/www.tapasmagazine.es\/en\/categorias\/news\/"},{"@type":"ListItem","position":3,"name":"This was the KFC fashion show in the middle of Gran V\u00eda with actor \u00d3scar Casas"}]},{"@type":"WebSite","@id":"https:\/\/www.tapasmagazine.es\/#website","url":"https:\/\/www.tapasmagazine.es\/","name":"Tapas","description":"\u00d1am \u00d1am Lifestyle. La vida a bocados. Premio Nacional de Gastronom\u00eda 2016.","publisher":{"@id":"https:\/\/www.tapasmagazine.es\/#organization"},"potentialAction":[{"@type":"SearchAction","target":{"@type":"EntryPoint","urlTemplate":"https:\/\/www.tapasmagazine.es\/?s={search_term_string}"},"query-input":{"@type":"PropertyValueSpecification","valueRequired":true,"valueName":"search_term_string"}}],"inLanguage":"en-US"},{"@type":"Organization","@id":"https:\/\/www.tapasmagazine.es\/#organization","name":"Tapas Magazine","url":"https:\/\/www.tapasmagazine.es\/","logo":{"@type":"ImageObject","inLanguage":"en-US","@id":"https:\/\/www.tapasmagazine.es\/#\/schema\/logo\/image\/","url":"https:\/\/www.tapasmagazine.es\/wp-content\/uploads\/2018\/01\/logo.png","contentUrl":"https:\/\/www.tapasmagazine.es\/wp-content\/uploads\/2018\/01\/logo.png","width":180,"height":60,"caption":"Tapas Magazine"},"image":{"@id":"https:\/\/www.tapasmagazine.es\/#\/schema\/logo\/image\/"},"sameAs":["https:\/\/www.facebook.com\/tapasmagazine","https:\/\/x.com\/TapasMagazine","https:\/\/www.instagram.com\/tapasmagazine\/","https:\/\/www.linkedin.com\/company\/tapas-magazine","https:\/\/es.pinterest.com\/tapasmagazine\/","https:\/\/www.youtube.com\/channel\/UCEyxneAaACuR0lfDagrWjjg?sub_confirmation=1"]},{"@type":"Person","@id":"https:\/\/www.tapasmagazine.es\/#\/schema\/person\/63bc618d318821aa948ba50d2e18ab3d","name":"Toni Alonso","url":"https:\/\/www.tapasmagazine.es\/en\/author\/antonio-alonso\/"}]}},"_links":{"self":[{"href":"https:\/\/www.tapasmagazine.es\/en\/wp-json\/wp\/v2\/posts\/194366","targetHints":{"allow":["GET"]}}],"collection":[{"href":"https:\/\/www.tapasmagazine.es\/en\/wp-json\/wp\/v2\/posts"}],"about":[{"href":"https:\/\/www.tapasmagazine.es\/en\/wp-json\/wp\/v2\/types\/post"}],"author":[{"embeddable":true,"href":"https:\/\/www.tapasmagazine.es\/en\/wp-json\/wp\/v2\/users\/279"}],"replies":[{"embeddable":true,"href":"https:\/\/www.tapasmagazine.es\/en\/wp-json\/wp\/v2\/comments?post=194366"}],"version-history":[{"count":3,"href":"https:\/\/www.tapasmagazine.es\/en\/wp-json\/wp\/v2\/posts\/194366\/revisions"}],"predecessor-version":[{"id":194370,"href":"https:\/\/www.tapasmagazine.es\/en\/wp-json\/wp\/v2\/posts\/194366\/revisions\/194370"}],"wp:featuredmedia":[{"embeddable":true,"href":"https:\/\/www.tapasmagazine.es\/en\/wp-json\/wp\/v2\/media\/194356"}],"wp:attachment":[{"href":"https:\/\/www.tapasmagazine.es\/en\/wp-json\/wp\/v2\/media?parent=194366"}],"wp:term":[{"taxonomy":"category","embeddable":true,"href":"https:\/\/www.tapasmagazine.es\/en\/wp-json\/wp\/v2\/categories?post=194366"},{"taxonomy":"post_tag","embeddable":true,"href":"https:\/\/www.tapasmagazine.es\/en\/wp-json\/wp\/v2\/tags?post=194366"}],"curies":[{"name":"wp","href":"https:\/\/api.w.org\/{rel}","templated":true}]}}