{"id":193929,"date":"2023-06-21T11:36:29","date_gmt":"2023-06-21T09:36:29","guid":{"rendered":"https:\/\/www.tapasmagazine.es\/como-cafe-de-flore-se-convirtio-en-una-institucion-parisina-de-la-moda-y-del-arte\/"},"modified":"2023-06-21T17:21:26","modified_gmt":"2023-06-21T15:21:26","slug":"how-cafe-de-flore-became-a-parisian-fashion-and-art-institution","status":"publish","type":"post","link":"https:\/\/www.tapasmagazine.es\/en\/how-cafe-de-flore-became-a-parisian-fashion-and-art-institution\/","title":{"rendered":"How Caf\u00e9 de Flore became a Parisian fashion and art institution"},"content":{"rendered":"\n<p><strong>Click <a href=\"https:\/\/www.tapasmagazine.es\/como-cafe-de-flore-se-convirtio-en-una-institucion-parisina-de-la-moda-y-del-arte\/\" target=\"_blank\" rel=\"noreferrer noopener\">here<\/a> to read the Spanish version.<\/strong><br>Caf\u00e9 de Flore sprouted in 1887 in the St-Germain-des-Pr\u00e9s district, to flourish as an institution or meeting point for the effervescent Parisian creative scene, among writers or artists such as Albert Camus, Pablo Picasso, Jean-Paul Sartre, Ernest Hemingway, Truman Capote or Simone de Beauvoir.<\/p>\n\n\n<div class=\"wp-block-image\">\n<figure class=\"aligncenter size-large is-resized\"><a href=\"https:\/\/www.tapasmagazine.es\/wp-content\/uploads\/2023\/06\/cafe-de-flore-institucion-arte-moda-2.webp\"><img decoding=\"async\" src=\"https:\/\/www.tapasmagazine.es\/wp-content\/uploads\/2023\/06\/cafe-de-flore-institucion-arte-moda-2-1024x683.webp\" alt=\"\" class=\"wp-image-193797\" width=\"1077\" height=\"717\" srcset=\"https:\/\/www.tapasmagazine.es\/wp-content\/uploads\/2023\/06\/cafe-de-flore-institucion-arte-moda-2-1024x683.webp 1024w, https:\/\/www.tapasmagazine.es\/wp-content\/uploads\/2023\/06\/cafe-de-flore-institucion-arte-moda-2-300x200.webp 300w, https:\/\/www.tapasmagazine.es\/wp-content\/uploads\/2023\/06\/cafe-de-flore-institucion-arte-moda-2-768x512.webp 768w, https:\/\/www.tapasmagazine.es\/wp-content\/uploads\/2023\/06\/cafe-de-flore-institucion-arte-moda-2-1536x1024.webp 1536w, https:\/\/www.tapasmagazine.es\/wp-content\/uploads\/2023\/06\/cafe-de-flore-institucion-arte-moda-2-1000x667.webp 1000w, https:\/\/www.tapasmagazine.es\/wp-content\/uploads\/2023\/06\/cafe-de-flore-institucion-arte-moda-2-400x267.webp 400w, https:\/\/www.tapasmagazine.es\/wp-content\/uploads\/2023\/06\/cafe-de-flore-institucion-arte-moda-2.webp 1600w\" sizes=\"(max-width: 1077px) 100vw, 1077px\" \/><\/a><\/figure>\n<\/div>\n\n\n<p>Various artistic movements and currents such as Dadaism, surrealism or existentialism were diluted in this space, forming a framework or eclectic work of personalities among tables of romantic inspiration and coffee served in porcelain sets.<\/p>\n\n\n\n<p>Beyond inhabiting the art within its walls, it was also the home of the fashion elite, frequented regularly by iconic designers such as Karl Lagerfeld, along with models Pat Cleveland, Corey Tippin, as well as the muses of Yves Saint Laurent, Betty Catroux, Loulou de La Falaise or Clara Saint.<\/p>\n\n\n<div class=\"wp-block-image\">\n<figure class=\"aligncenter size-large is-resized\"><a href=\"https:\/\/www.tapasmagazine.es\/wp-content\/uploads\/2023\/06\/cafe-de-flore-institucion-arte-moda-4.webp\"><img decoding=\"async\" src=\"https:\/\/www.tapasmagazine.es\/wp-content\/uploads\/2023\/06\/cafe-de-flore-institucion-arte-moda-4-1024x683.webp\" alt=\"\" class=\"wp-image-193803\" width=\"1011\" height=\"674\" srcset=\"https:\/\/www.tapasmagazine.es\/wp-content\/uploads\/2023\/06\/cafe-de-flore-institucion-arte-moda-4-1024x683.webp 1024w, https:\/\/www.tapasmagazine.es\/wp-content\/uploads\/2023\/06\/cafe-de-flore-institucion-arte-moda-4-300x200.webp 300w, https:\/\/www.tapasmagazine.es\/wp-content\/uploads\/2023\/06\/cafe-de-flore-institucion-arte-moda-4-768x512.webp 768w, https:\/\/www.tapasmagazine.es\/wp-content\/uploads\/2023\/06\/cafe-de-flore-institucion-arte-moda-4-1536x1024.webp 1536w, https:\/\/www.tapasmagazine.es\/wp-content\/uploads\/2023\/06\/cafe-de-flore-institucion-arte-moda-4-1000x667.webp 1000w, https:\/\/www.tapasmagazine.es\/wp-content\/uploads\/2023\/06\/cafe-de-flore-institucion-arte-moda-4-400x267.webp 400w, https:\/\/www.tapasmagazine.es\/wp-content\/uploads\/2023\/06\/cafe-de-flore-institucion-arte-moda-4.webp 1600w\" sizes=\"(max-width: 1011px) 100vw, 1011px\" \/><\/a><\/figure>\n<\/div>\n\n\n<p>A whole exciting community that mesmerized the photographers of the moment, such as Helmut Newton, Richard Avedon or Peter Lindbergh, who wanted to frame this generational portrait, capturing the essence of the time through their lenses.<\/p>\n\n\n\n<h2 class=\"wp-block-heading\">THE MEETING POINT OF FASHION WEEK<\/h2>\n\n\n\n<p>Today, Caf\u00e9 de Flore has become a landmark of the fashion world channeled as a stage or catwalk for campaigns and fashion shows of Chanel, Yves Saint Laurent, Longchamp or Louis Vuitton. But also in the meeting point of the attendees of the Paris Fashion Week, who, beyond frequenting discreet bars in Le Marais or dining at &#8216;Candelaria&#8217;, have elevated it as another of the temples of fashion in which to sit next to fashion editors, models or artists in the industry.<\/p>\n\n\n<div class=\"wp-block-image\">\n<figure class=\"aligncenter size-large is-resized\"><a href=\"https:\/\/www.tapasmagazine.es\/wp-content\/uploads\/2023\/06\/cafe-de-flore-institucion-arte-moda-6.webp\"><img decoding=\"async\" src=\"https:\/\/www.tapasmagazine.es\/wp-content\/uploads\/2023\/06\/cafe-de-flore-institucion-arte-moda-6-1024x683.webp\" alt=\"\" class=\"wp-image-193801\" width=\"970\" height=\"647\" srcset=\"https:\/\/www.tapasmagazine.es\/wp-content\/uploads\/2023\/06\/cafe-de-flore-institucion-arte-moda-6-1024x683.webp 1024w, https:\/\/www.tapasmagazine.es\/wp-content\/uploads\/2023\/06\/cafe-de-flore-institucion-arte-moda-6-300x200.webp 300w, https:\/\/www.tapasmagazine.es\/wp-content\/uploads\/2023\/06\/cafe-de-flore-institucion-arte-moda-6-768x512.webp 768w, https:\/\/www.tapasmagazine.es\/wp-content\/uploads\/2023\/06\/cafe-de-flore-institucion-arte-moda-6-1536x1024.webp 1536w, https:\/\/www.tapasmagazine.es\/wp-content\/uploads\/2023\/06\/cafe-de-flore-institucion-arte-moda-6-1000x667.webp 1000w, https:\/\/www.tapasmagazine.es\/wp-content\/uploads\/2023\/06\/cafe-de-flore-institucion-arte-moda-6-400x267.webp 400w, https:\/\/www.tapasmagazine.es\/wp-content\/uploads\/2023\/06\/cafe-de-flore-institucion-arte-moda-6.webp 1600w\" sizes=\"(max-width: 970px) 100vw, 970px\" \/><\/a><\/figure>\n<\/div>\n\n\n<p>During Fashion Week, designers and models take a break between fashion shows at their tables, which have become one of the best showcases to be seen. And such is the boom of this coffee shop, that even media such as Highsnobiety have collaborated on several occasions with Caf\u00e9 de Flore to design fashion collections and culinary utensils such as cups, plates or egg cups stamped with the emblem &#8220;Not in Paris&#8221;, which are aesthetically synchronized with the local reference of the city of love.<\/p>\n","protected":false},"excerpt":{"rendered":"<p>Click here to read the Spanish version.Caf\u00e9 de Flore sprouted in 1887 in the St-Germain-des-Pr\u00e9s district, to flourish as an institution or meeting point for the effervescent Parisian creative scene, among writers or artists such as Albert Camus, Pablo Picasso, Jean-Paul Sartre, Ernest Hemingway, Truman Capote or Simone de Beauvoir. Various artistic movements and currents [&hellip;]<\/p>\n","protected":false},"author":285,"featured_media":193796,"comment_status":"open","ping_status":"closed","sticky":false,"template":"single-feature.php","format":"standard","meta":{"_acf_changed":false,"footnotes":""},"categories":[15802,1],"tags":[16537,15824,16309],"class_list":["post-193929","post","type-post","status-publish","format-standard","has-post-thumbnail","hentry","category-news","category-sin-categorizar","tag-cafe-en","tag-gastronomia-en","tag-paris-en","cat-15802-id","cat-1-id"],"acf":[],"yoast_head":"<!-- This site is optimized with the Yoast SEO plugin v27.4 - https:\/\/yoast.com\/product\/yoast-seo-wordpress\/ -->\n<title>How Caf\u00e9 de Flore became a Parisian fashion and art institution - Tapas<\/title>\n<meta name=\"description\" content=\"Click here to read the Spanish version.Caf\u00e9 de Flore sprouted in 1887 in the St-Germain-des-Pr\u00e9s district, to flourish as an institution or meeting point\" \/>\n<meta name=\"robots\" content=\"index, follow, max-snippet:-1, max-image-preview:large, max-video-preview:-1\" \/>\n<link rel=\"canonical\" href=\"https:\/\/www.tapasmagazine.es\/en\/how-cafe-de-flore-became-a-parisian-fashion-and-art-institution\/\" \/>\n<meta property=\"og:locale\" content=\"en_US\" \/>\n<meta property=\"og:type\" content=\"article\" \/>\n<meta property=\"og:title\" content=\"How Caf\u00e9 de Flore became a Parisian fashion and art institution - Tapas\" \/>\n<meta property=\"og:description\" content=\"Click here to read the Spanish version.Caf\u00e9 de Flore sprouted in 1887 in the St-Germain-des-Pr\u00e9s district, to flourish as an institution or meeting point\" \/>\n<meta property=\"og:url\" content=\"https:\/\/www.tapasmagazine.es\/en\/how-cafe-de-flore-became-a-parisian-fashion-and-art-institution\/\" \/>\n<meta property=\"og:site_name\" content=\"Tapas\" \/>\n<meta property=\"article:publisher\" content=\"https:\/\/www.facebook.com\/tapasmagazine\" \/>\n<meta property=\"article:published_time\" content=\"2023-06-21T09:36:29+00:00\" \/>\n<meta property=\"article:modified_time\" content=\"2023-06-21T15:21:26+00:00\" \/>\n<meta property=\"og:image\" content=\"https:\/\/www.tapasmagazine.es\/wp-content\/uploads\/2023\/06\/cafe-de-flore-institucion-arte-moda-1.jpg\" \/>\n\t<meta property=\"og:image:width\" content=\"1200\" \/>\n\t<meta property=\"og:image:height\" content=\"675\" \/>\n\t<meta property=\"og:image:type\" content=\"image\/jpeg\" \/>\n<meta name=\"author\" content=\"Laura P\u00e9rez\" \/>\n<meta name=\"twitter:card\" content=\"summary_large_image\" \/>\n<meta name=\"twitter:creator\" content=\"@TapasMagazine\" \/>\n<meta name=\"twitter:site\" content=\"@TapasMagazine\" \/>\n<meta name=\"twitter:label1\" content=\"Written by\" \/>\n\t<meta name=\"twitter:data1\" content=\"Laura P\u00e9rez\" \/>\n\t<meta name=\"twitter:label2\" content=\"Est. reading time\" \/>\n\t<meta name=\"twitter:data2\" content=\"3 minutes\" \/>\n<script type=\"application\/ld+json\" class=\"yoast-schema-graph\">{\"@context\":\"https:\\\/\\\/schema.org\",\"@graph\":[{\"@type\":\"Article\",\"@id\":\"https:\\\/\\\/www.tapasmagazine.es\\\/en\\\/how-cafe-de-flore-became-a-parisian-fashion-and-art-institution\\\/#article\",\"isPartOf\":{\"@id\":\"https:\\\/\\\/www.tapasmagazine.es\\\/en\\\/how-cafe-de-flore-became-a-parisian-fashion-and-art-institution\\\/\"},\"author\":{\"name\":\"Laura P\u00e9rez\",\"@id\":\"https:\\\/\\\/www.tapasmagazine.es\\\/#\\\/schema\\\/person\\\/eb46cbe76a9c8f062660eb609e3ecb4e\"},\"headline\":\"How Caf\u00e9 de Flore became a Parisian fashion and art institution\",\"datePublished\":\"2023-06-21T09:36:29+00:00\",\"dateModified\":\"2023-06-21T15:21:26+00:00\",\"mainEntityOfPage\":{\"@id\":\"https:\\\/\\\/www.tapasmagazine.es\\\/en\\\/how-cafe-de-flore-became-a-parisian-fashion-and-art-institution\\\/\"},\"wordCount\":355,\"commentCount\":0,\"publisher\":{\"@id\":\"https:\\\/\\\/www.tapasmagazine.es\\\/#organization\"},\"image\":{\"@id\":\"https:\\\/\\\/www.tapasmagazine.es\\\/en\\\/how-cafe-de-flore-became-a-parisian-fashion-and-art-institution\\\/#primaryimage\"},\"thumbnailUrl\":\"https:\\\/\\\/www.tapasmagazine.es\\\/wp-content\\\/uploads\\\/2023\\\/06\\\/cafe-de-flore-institucion-arte-moda-1.jpg\",\"keywords\":[\"caf\u00e9\",\"gastronom\u00eda\",\"Par\u00eds\"],\"articleSection\":[\"News\",\"Sin categorizar\"],\"inLanguage\":\"en-US\",\"potentialAction\":[{\"@type\":\"CommentAction\",\"name\":\"Comment\",\"target\":[\"https:\\\/\\\/www.tapasmagazine.es\\\/en\\\/how-cafe-de-flore-became-a-parisian-fashion-and-art-institution\\\/#respond\"]}]},{\"@type\":\"WebPage\",\"@id\":\"https:\\\/\\\/www.tapasmagazine.es\\\/en\\\/how-cafe-de-flore-became-a-parisian-fashion-and-art-institution\\\/\",\"url\":\"https:\\\/\\\/www.tapasmagazine.es\\\/en\\\/how-cafe-de-flore-became-a-parisian-fashion-and-art-institution\\\/\",\"name\":\"How Caf\u00e9 de Flore became a Parisian fashion and art institution - Tapas\",\"isPartOf\":{\"@id\":\"https:\\\/\\\/www.tapasmagazine.es\\\/#website\"},\"primaryImageOfPage\":{\"@id\":\"https:\\\/\\\/www.tapasmagazine.es\\\/en\\\/how-cafe-de-flore-became-a-parisian-fashion-and-art-institution\\\/#primaryimage\"},\"image\":{\"@id\":\"https:\\\/\\\/www.tapasmagazine.es\\\/en\\\/how-cafe-de-flore-became-a-parisian-fashion-and-art-institution\\\/#primaryimage\"},\"thumbnailUrl\":\"https:\\\/\\\/www.tapasmagazine.es\\\/wp-content\\\/uploads\\\/2023\\\/06\\\/cafe-de-flore-institucion-arte-moda-1.jpg\",\"datePublished\":\"2023-06-21T09:36:29+00:00\",\"dateModified\":\"2023-06-21T15:21:26+00:00\",\"description\":\"Click here to read the Spanish version.Caf\u00e9 de Flore sprouted in 1887 in the St-Germain-des-Pr\u00e9s district, to flourish as an institution or meeting point\",\"breadcrumb\":{\"@id\":\"https:\\\/\\\/www.tapasmagazine.es\\\/en\\\/how-cafe-de-flore-became-a-parisian-fashion-and-art-institution\\\/#breadcrumb\"},\"inLanguage\":\"en-US\",\"potentialAction\":[{\"@type\":\"ReadAction\",\"target\":[\"https:\\\/\\\/www.tapasmagazine.es\\\/en\\\/how-cafe-de-flore-became-a-parisian-fashion-and-art-institution\\\/\"]}]},{\"@type\":\"ImageObject\",\"inLanguage\":\"en-US\",\"@id\":\"https:\\\/\\\/www.tapasmagazine.es\\\/en\\\/how-cafe-de-flore-became-a-parisian-fashion-and-art-institution\\\/#primaryimage\",\"url\":\"https:\\\/\\\/www.tapasmagazine.es\\\/wp-content\\\/uploads\\\/2023\\\/06\\\/cafe-de-flore-institucion-arte-moda-1.jpg\",\"contentUrl\":\"https:\\\/\\\/www.tapasmagazine.es\\\/wp-content\\\/uploads\\\/2023\\\/06\\\/cafe-de-flore-institucion-arte-moda-1.jpg\",\"width\":1200,\"height\":675},{\"@type\":\"BreadcrumbList\",\"@id\":\"https:\\\/\\\/www.tapasmagazine.es\\\/en\\\/how-cafe-de-flore-became-a-parisian-fashion-and-art-institution\\\/#breadcrumb\",\"itemListElement\":[{\"@type\":\"ListItem\",\"position\":1,\"name\":\"Portada\",\"item\":\"https:\\\/\\\/www.tapasmagazine.es\\\/\"},{\"@type\":\"ListItem\",\"position\":2,\"name\":\"News\",\"item\":\"https:\\\/\\\/www.tapasmagazine.es\\\/en\\\/categorias\\\/news\\\/\"},{\"@type\":\"ListItem\",\"position\":3,\"name\":\"How Caf\u00e9 de Flore became a Parisian fashion and art institution\"}]},{\"@type\":\"WebSite\",\"@id\":\"https:\\\/\\\/www.tapasmagazine.es\\\/#website\",\"url\":\"https:\\\/\\\/www.tapasmagazine.es\\\/\",\"name\":\"Tapas\",\"description\":\"\u00d1am \u00d1am Lifestyle. La vida a bocados. Premio Nacional de Gastronom\u00eda 2016.\",\"publisher\":{\"@id\":\"https:\\\/\\\/www.tapasmagazine.es\\\/#organization\"},\"potentialAction\":[{\"@type\":\"SearchAction\",\"target\":{\"@type\":\"EntryPoint\",\"urlTemplate\":\"https:\\\/\\\/www.tapasmagazine.es\\\/?s={search_term_string}\"},\"query-input\":{\"@type\":\"PropertyValueSpecification\",\"valueRequired\":true,\"valueName\":\"search_term_string\"}}],\"inLanguage\":\"en-US\"},{\"@type\":\"Organization\",\"@id\":\"https:\\\/\\\/www.tapasmagazine.es\\\/#organization\",\"name\":\"Tapas Magazine\",\"url\":\"https:\\\/\\\/www.tapasmagazine.es\\\/\",\"logo\":{\"@type\":\"ImageObject\",\"inLanguage\":\"en-US\",\"@id\":\"https:\\\/\\\/www.tapasmagazine.es\\\/#\\\/schema\\\/logo\\\/image\\\/\",\"url\":\"https:\\\/\\\/www.tapasmagazine.es\\\/wp-content\\\/uploads\\\/2018\\\/01\\\/logo.png\",\"contentUrl\":\"https:\\\/\\\/www.tapasmagazine.es\\\/wp-content\\\/uploads\\\/2018\\\/01\\\/logo.png\",\"width\":180,\"height\":60,\"caption\":\"Tapas Magazine\"},\"image\":{\"@id\":\"https:\\\/\\\/www.tapasmagazine.es\\\/#\\\/schema\\\/logo\\\/image\\\/\"},\"sameAs\":[\"https:\\\/\\\/www.facebook.com\\\/tapasmagazine\",\"https:\\\/\\\/x.com\\\/TapasMagazine\",\"https:\\\/\\\/www.instagram.com\\\/tapasmagazine\\\/\",\"https:\\\/\\\/www.linkedin.com\\\/company\\\/tapas-magazine\",\"https:\\\/\\\/es.pinterest.com\\\/tapasmagazine\\\/\",\"https:\\\/\\\/www.youtube.com\\\/channel\\\/UCEyxneAaACuR0lfDagrWjjg?sub_confirmation=1\"]},{\"@type\":\"Person\",\"@id\":\"https:\\\/\\\/www.tapasmagazine.es\\\/#\\\/schema\\\/person\\\/eb46cbe76a9c8f062660eb609e3ecb4e\",\"name\":\"Laura P\u00e9rez\",\"url\":\"https:\\\/\\\/www.tapasmagazine.es\\\/en\\\/author\\\/laura-perez\\\/\"}]}<\/script>\n<!-- \/ Yoast SEO plugin. -->","yoast_head_json":{"title":"How Caf\u00e9 de Flore became a Parisian fashion and art institution - Tapas","description":"Click here to read the Spanish version.Caf\u00e9 de Flore sprouted in 1887 in the St-Germain-des-Pr\u00e9s district, to flourish as an institution or meeting point","robots":{"index":"index","follow":"follow","max-snippet":"max-snippet:-1","max-image-preview":"max-image-preview:large","max-video-preview":"max-video-preview:-1"},"canonical":"https:\/\/www.tapasmagazine.es\/en\/how-cafe-de-flore-became-a-parisian-fashion-and-art-institution\/","og_locale":"en_US","og_type":"article","og_title":"How Caf\u00e9 de Flore became a Parisian fashion and art institution - Tapas","og_description":"Click here to read the Spanish version.Caf\u00e9 de Flore sprouted in 1887 in the St-Germain-des-Pr\u00e9s district, to flourish as an institution or meeting point","og_url":"https:\/\/www.tapasmagazine.es\/en\/how-cafe-de-flore-became-a-parisian-fashion-and-art-institution\/","og_site_name":"Tapas","article_publisher":"https:\/\/www.facebook.com\/tapasmagazine","article_published_time":"2023-06-21T09:36:29+00:00","article_modified_time":"2023-06-21T15:21:26+00:00","og_image":[{"width":1200,"height":675,"url":"https:\/\/www.tapasmagazine.es\/wp-content\/uploads\/2023\/06\/cafe-de-flore-institucion-arte-moda-1.jpg","type":"image\/jpeg"}],"author":"Laura P\u00e9rez","twitter_card":"summary_large_image","twitter_creator":"@TapasMagazine","twitter_site":"@TapasMagazine","twitter_misc":{"Written by":"Laura P\u00e9rez","Est. reading time":"3 minutes"},"schema":{"@context":"https:\/\/schema.org","@graph":[{"@type":"Article","@id":"https:\/\/www.tapasmagazine.es\/en\/how-cafe-de-flore-became-a-parisian-fashion-and-art-institution\/#article","isPartOf":{"@id":"https:\/\/www.tapasmagazine.es\/en\/how-cafe-de-flore-became-a-parisian-fashion-and-art-institution\/"},"author":{"name":"Laura P\u00e9rez","@id":"https:\/\/www.tapasmagazine.es\/#\/schema\/person\/eb46cbe76a9c8f062660eb609e3ecb4e"},"headline":"How Caf\u00e9 de Flore became a Parisian fashion and art institution","datePublished":"2023-06-21T09:36:29+00:00","dateModified":"2023-06-21T15:21:26+00:00","mainEntityOfPage":{"@id":"https:\/\/www.tapasmagazine.es\/en\/how-cafe-de-flore-became-a-parisian-fashion-and-art-institution\/"},"wordCount":355,"commentCount":0,"publisher":{"@id":"https:\/\/www.tapasmagazine.es\/#organization"},"image":{"@id":"https:\/\/www.tapasmagazine.es\/en\/how-cafe-de-flore-became-a-parisian-fashion-and-art-institution\/#primaryimage"},"thumbnailUrl":"https:\/\/www.tapasmagazine.es\/wp-content\/uploads\/2023\/06\/cafe-de-flore-institucion-arte-moda-1.jpg","keywords":["caf\u00e9","gastronom\u00eda","Par\u00eds"],"articleSection":["News","Sin categorizar"],"inLanguage":"en-US","potentialAction":[{"@type":"CommentAction","name":"Comment","target":["https:\/\/www.tapasmagazine.es\/en\/how-cafe-de-flore-became-a-parisian-fashion-and-art-institution\/#respond"]}]},{"@type":"WebPage","@id":"https:\/\/www.tapasmagazine.es\/en\/how-cafe-de-flore-became-a-parisian-fashion-and-art-institution\/","url":"https:\/\/www.tapasmagazine.es\/en\/how-cafe-de-flore-became-a-parisian-fashion-and-art-institution\/","name":"How Caf\u00e9 de Flore became a Parisian fashion and art institution - Tapas","isPartOf":{"@id":"https:\/\/www.tapasmagazine.es\/#website"},"primaryImageOfPage":{"@id":"https:\/\/www.tapasmagazine.es\/en\/how-cafe-de-flore-became-a-parisian-fashion-and-art-institution\/#primaryimage"},"image":{"@id":"https:\/\/www.tapasmagazine.es\/en\/how-cafe-de-flore-became-a-parisian-fashion-and-art-institution\/#primaryimage"},"thumbnailUrl":"https:\/\/www.tapasmagazine.es\/wp-content\/uploads\/2023\/06\/cafe-de-flore-institucion-arte-moda-1.jpg","datePublished":"2023-06-21T09:36:29+00:00","dateModified":"2023-06-21T15:21:26+00:00","description":"Click here to read the Spanish version.Caf\u00e9 de Flore sprouted in 1887 in the St-Germain-des-Pr\u00e9s district, to flourish as an institution or meeting point","breadcrumb":{"@id":"https:\/\/www.tapasmagazine.es\/en\/how-cafe-de-flore-became-a-parisian-fashion-and-art-institution\/#breadcrumb"},"inLanguage":"en-US","potentialAction":[{"@type":"ReadAction","target":["https:\/\/www.tapasmagazine.es\/en\/how-cafe-de-flore-became-a-parisian-fashion-and-art-institution\/"]}]},{"@type":"ImageObject","inLanguage":"en-US","@id":"https:\/\/www.tapasmagazine.es\/en\/how-cafe-de-flore-became-a-parisian-fashion-and-art-institution\/#primaryimage","url":"https:\/\/www.tapasmagazine.es\/wp-content\/uploads\/2023\/06\/cafe-de-flore-institucion-arte-moda-1.jpg","contentUrl":"https:\/\/www.tapasmagazine.es\/wp-content\/uploads\/2023\/06\/cafe-de-flore-institucion-arte-moda-1.jpg","width":1200,"height":675},{"@type":"BreadcrumbList","@id":"https:\/\/www.tapasmagazine.es\/en\/how-cafe-de-flore-became-a-parisian-fashion-and-art-institution\/#breadcrumb","itemListElement":[{"@type":"ListItem","position":1,"name":"Portada","item":"https:\/\/www.tapasmagazine.es\/"},{"@type":"ListItem","position":2,"name":"News","item":"https:\/\/www.tapasmagazine.es\/en\/categorias\/news\/"},{"@type":"ListItem","position":3,"name":"How Caf\u00e9 de Flore became a Parisian fashion and art institution"}]},{"@type":"WebSite","@id":"https:\/\/www.tapasmagazine.es\/#website","url":"https:\/\/www.tapasmagazine.es\/","name":"Tapas","description":"\u00d1am \u00d1am Lifestyle. La vida a bocados. Premio Nacional de Gastronom\u00eda 2016.","publisher":{"@id":"https:\/\/www.tapasmagazine.es\/#organization"},"potentialAction":[{"@type":"SearchAction","target":{"@type":"EntryPoint","urlTemplate":"https:\/\/www.tapasmagazine.es\/?s={search_term_string}"},"query-input":{"@type":"PropertyValueSpecification","valueRequired":true,"valueName":"search_term_string"}}],"inLanguage":"en-US"},{"@type":"Organization","@id":"https:\/\/www.tapasmagazine.es\/#organization","name":"Tapas Magazine","url":"https:\/\/www.tapasmagazine.es\/","logo":{"@type":"ImageObject","inLanguage":"en-US","@id":"https:\/\/www.tapasmagazine.es\/#\/schema\/logo\/image\/","url":"https:\/\/www.tapasmagazine.es\/wp-content\/uploads\/2018\/01\/logo.png","contentUrl":"https:\/\/www.tapasmagazine.es\/wp-content\/uploads\/2018\/01\/logo.png","width":180,"height":60,"caption":"Tapas Magazine"},"image":{"@id":"https:\/\/www.tapasmagazine.es\/#\/schema\/logo\/image\/"},"sameAs":["https:\/\/www.facebook.com\/tapasmagazine","https:\/\/x.com\/TapasMagazine","https:\/\/www.instagram.com\/tapasmagazine\/","https:\/\/www.linkedin.com\/company\/tapas-magazine","https:\/\/es.pinterest.com\/tapasmagazine\/","https:\/\/www.youtube.com\/channel\/UCEyxneAaACuR0lfDagrWjjg?sub_confirmation=1"]},{"@type":"Person","@id":"https:\/\/www.tapasmagazine.es\/#\/schema\/person\/eb46cbe76a9c8f062660eb609e3ecb4e","name":"Laura P\u00e9rez","url":"https:\/\/www.tapasmagazine.es\/en\/author\/laura-perez\/"}]}},"_links":{"self":[{"href":"https:\/\/www.tapasmagazine.es\/en\/wp-json\/wp\/v2\/posts\/193929","targetHints":{"allow":["GET"]}}],"collection":[{"href":"https:\/\/www.tapasmagazine.es\/en\/wp-json\/wp\/v2\/posts"}],"about":[{"href":"https:\/\/www.tapasmagazine.es\/en\/wp-json\/wp\/v2\/types\/post"}],"author":[{"embeddable":true,"href":"https:\/\/www.tapasmagazine.es\/en\/wp-json\/wp\/v2\/users\/285"}],"replies":[{"embeddable":true,"href":"https:\/\/www.tapasmagazine.es\/en\/wp-json\/wp\/v2\/comments?post=193929"}],"version-history":[{"count":3,"href":"https:\/\/www.tapasmagazine.es\/en\/wp-json\/wp\/v2\/posts\/193929\/revisions"}],"predecessor-version":[{"id":193934,"href":"https:\/\/www.tapasmagazine.es\/en\/wp-json\/wp\/v2\/posts\/193929\/revisions\/193934"}],"wp:featuredmedia":[{"embeddable":true,"href":"https:\/\/www.tapasmagazine.es\/en\/wp-json\/wp\/v2\/media\/193796"}],"wp:attachment":[{"href":"https:\/\/www.tapasmagazine.es\/en\/wp-json\/wp\/v2\/media?parent=193929"}],"wp:term":[{"taxonomy":"category","embeddable":true,"href":"https:\/\/www.tapasmagazine.es\/en\/wp-json\/wp\/v2\/categories?post=193929"},{"taxonomy":"post_tag","embeddable":true,"href":"https:\/\/www.tapasmagazine.es\/en\/wp-json\/wp\/v2\/tags?post=193929"}],"curies":[{"name":"wp","href":"https:\/\/api.w.org\/{rel}","templated":true}]}}