{"id":193187,"date":"2023-06-21T08:21:42","date_gmt":"2023-06-21T06:21:42","guid":{"rendered":"https:\/\/www.tapasmagazine.es\/?p=193187"},"modified":"2023-06-21T08:31:04","modified_gmt":"2023-06-21T06:31:04","slug":"the-history-of-asian-coffee-born-in-cartagena","status":"publish","type":"post","link":"https:\/\/www.tapasmagazine.es\/en\/the-history-of-asian-coffee-born-in-cartagena\/","title":{"rendered":"The history of Asian coffee born in Cartagena"},"content":{"rendered":"\n<p><strong>Click <a href=\"https:\/\/www.tapasmagazine.es\/la-historia-del-cafe-asiatico-nacido-en-cartagena\/\" target=\"_blank\" rel=\"noreferrer noopener\">here<\/a> to read the Spanish version.<\/strong><br>Spanish film director \u00c1lex de la Iglesia drank them in pairs, even in threes. When he arrived in Cartagena to shoot the film La chispa de la vida (Salma Hayek, Jos\u00e9 Mota\u2026) he was captivated by two things: the Roman Theater, the setting for his story, and a potion called Asian coffee. He said that the only thing he did not like about the drink is that the cup where it is served is small, &#8220;it should be bigger, so I ask for two or three and they put them in a single larger glass. It is a great invention. It changed my life.<\/p>\n\n\n\n<p>The truth is that t<strong>he Asian coffee, born in the city of Cartagena in the last century, is already an icon of gastronomy<\/strong>. Elaborated with care, it harmoniously <strong>combines coffee, condensed milk and cognac<\/strong>, although in later years &#8211; to the criticism of the purists &#8211; a dash of Licor 43 (made in Cartagena), a few coffee beans, a small lemon peel and a little cinnamon were added. We would say that this is the Asian Premium coffee.<\/p>\n\n\n\n<figure class=\"wp-block-image size-large\"><a href=\"https:\/\/www.tapasmagazine.es\/wp-content\/uploads\/2023\/06\/cafe-asiatico-cartagena-ilustracion.jpg\"><img decoding=\"async\" width=\"1024\" height=\"576\" src=\"https:\/\/www.tapasmagazine.es\/wp-content\/uploads\/2023\/06\/cafe-asiatico-cartagena-ilustracion-1024x576.jpg\" alt=\"\" class=\"wp-image-193182\" srcset=\"https:\/\/www.tapasmagazine.es\/wp-content\/uploads\/2023\/06\/cafe-asiatico-cartagena-ilustracion-1024x576.jpg 1024w, https:\/\/www.tapasmagazine.es\/wp-content\/uploads\/2023\/06\/cafe-asiatico-cartagena-ilustracion-300x169.jpg 300w, https:\/\/www.tapasmagazine.es\/wp-content\/uploads\/2023\/06\/cafe-asiatico-cartagena-ilustracion-768x432.jpg 768w, https:\/\/www.tapasmagazine.es\/wp-content\/uploads\/2023\/06\/cafe-asiatico-cartagena-ilustracion-1000x563.jpg 1000w, https:\/\/www.tapasmagazine.es\/wp-content\/uploads\/2023\/06\/cafe-asiatico-cartagena-ilustracion-400x225.jpg 400w, https:\/\/www.tapasmagazine.es\/wp-content\/uploads\/2023\/06\/cafe-asiatico-cartagena-ilustracion.jpg 1200w\" sizes=\"(max-width: 1024px) 100vw, 1024px\" \/><\/a><figcaption class=\"wp-element-caption\">Ilustraci\u00f3n: Leonardo Berbes\u00ed.<\/figcaption><\/figure>\n\n\n\n<p>The result of this curious mixture is an energetic drink that has crossed borders around the world and that has historically been shared by rich and poor, princes and commoners\u2026 A coffee of the people that has become popular among men and women, in the darkest dens and also in the most luminous Michelin-starred restaurants? but who invented the Asian?<\/p>\n\n\n\n<h2 class=\"wp-block-heading\">The two theories of its origin<\/h2>\n\n\n\n<p>Much has been written and said on this subject and there are two theories that have remained alive over the years. The first one places its origin in the bars of the port area of Cartagena at the beginning of the 20th century, when ships from the East Indies docked at its docks and their sailors disembarked and asked for a coffee with condensed milk and brandy to warm up.<\/p>\n\n\n\n<p>The countrymen who saw those sailors drinking again and again that curious mixture began to ask for it as well. The conversation with the waiter was very simple: &#8220;give me the same thing that the Asian drinks&#8221;. And so, little by little, this coffee became popular in the city and ended up being called &#8216;an Asian&#8217;.<\/p>\n\n\n\n<p>The second theory of the origin of this coffee we have to locate it in El Albuj\u00f3n, a county of Cartagena, historical crossroads with the national road to Madrid and on the opposite side of the sea, in the bowels of the countryside. There, in 1947, according to his family, it was Pedro Conesa &#8216;Pedr\u00edn&#8217; who came up with the formula.<\/p>\n\n\n\n<p>It all came about when this &#8216;Pedr\u00edn&#8217;, who ran a bar, broke the filter castle of the coffee pot, which caused some dark coffee grounds to remain when it was time to serve it, not to mention the bitter taste it had. It was undrinkable.<\/p>\n\n\n\n<figure class=\"wp-block-image size-large\"><a href=\"https:\/\/www.tapasmagazine.es\/wp-content\/uploads\/2023\/06\/como-preparar-un-cafe-asiatico.jpg\"><img decoding=\"async\" width=\"1024\" height=\"576\" src=\"https:\/\/www.tapasmagazine.es\/wp-content\/uploads\/2023\/06\/como-preparar-un-cafe-asiatico-1024x576.jpg\" alt=\"\" class=\"wp-image-193184\" srcset=\"https:\/\/www.tapasmagazine.es\/wp-content\/uploads\/2023\/06\/como-preparar-un-cafe-asiatico-1024x576.jpg 1024w, https:\/\/www.tapasmagazine.es\/wp-content\/uploads\/2023\/06\/como-preparar-un-cafe-asiatico-300x169.jpg 300w, https:\/\/www.tapasmagazine.es\/wp-content\/uploads\/2023\/06\/como-preparar-un-cafe-asiatico-768x432.jpg 768w, https:\/\/www.tapasmagazine.es\/wp-content\/uploads\/2023\/06\/como-preparar-un-cafe-asiatico-1000x563.jpg 1000w, https:\/\/www.tapasmagazine.es\/wp-content\/uploads\/2023\/06\/como-preparar-un-cafe-asiatico-400x225.jpg 400w, https:\/\/www.tapasmagazine.es\/wp-content\/uploads\/2023\/06\/como-preparar-un-cafe-asiatico.jpg 1200w\" sizes=\"(max-width: 1024px) 100vw, 1024px\" \/><\/a><\/figure>\n\n\n\n<p>That broken filter could ruin the already battered economy of a family trying to get by in that interwar period. Without coffee sales, things were not looking good. The problems to solve the breakage were twofold: on the one hand, the economic one. And secondly, since it was an Italian part, the spare part would take a long time to arrive.<\/p>\n\n\n\n<p>Faced with this distressing situation, Pedr\u00edn came up with the idea of getting creative and decided to add a dash of brandy and condensed milk to the bitter coffee, and to steam it all to hide the coffee grounds. That worked and the clients, curious about the way of preparing this new mixture, began to ask for it.<\/p>\n\n\n\n<h2 class=\"wp-block-heading\">Not only the taste and history are curious in Asian coffee, but also the specific cup in which it is served<\/h2>\n\n\n\n<p>Then came the name, according to the family, &#8216;the Asian&#8217; was put to differentiate it from another drink that was served in those times in another neighboring county, Los Dolores, which served a concoction called &#8216;the Russian&#8217;.<\/p>\n\n\n\n<p>The combination worked and coffee soon became a highly demanded beverage, which brought economic relief to the family.<\/p>\n\n\n\n<p>The Pedr\u00edn bar was then, today less so due to the proliferation of highways, an obligatory stop for those who traveled between Cartagena and Murcia for reasons of work or &#8216;administrative paperwork&#8217; or also on days of soccer matches or bullfights.<\/p>\n\n\n\n<p>The expectation generated by that Asian caf\u00e9 reached all corners. Since then, musicians, actors and all kinds of politicians and admirals have passed through the bar, even the now King Emeritus and then Prince Juan Carlos de Borb\u00f3n (when he was stationed at the Military Academy in San Javier) had the customary Asian drink.<\/p>\n\n\n\n<p>These are the two stories that popular tradition has made its own to tell the life of a caf\u00e9 that unites families, friends, people of culture and politics at any time of the day or night.<\/p>\n\n\n\n<p>But if its creation is curious, so is the cup where this Asian coffee is served. The authentic cup, initially called strong bell cup, appeared for the first time in 1908, by the Uni\u00f3n Vidriera de Espa\u00f1a factory, located in Santa Luc\u00eda (Cartagena).<\/p>\n\n\n\n<p>Originally used for vermouth, it was soon used almost exclusively for Asian coffee.<\/p>\n","protected":false},"excerpt":{"rendered":"<p>Click here to read the Spanish version.Spanish film director \u00c1lex de la Iglesia drank them in pairs, even in threes. When he arrived in Cartagena to shoot the film La chispa de la vida (Salma Hayek, Jos\u00e9 Mota\u2026) he was captivated by two things: the Roman Theater, the setting for his story, and a potion [&hellip;]<\/p>\n","protected":false},"author":293,"featured_media":193181,"comment_status":"open","ping_status":"closed","sticky":false,"template":"single-feature.php","format":"standard","meta":{"_acf_changed":false,"footnotes":""},"categories":[16002],"tags":[16537,15824,18056],"class_list":["post-193187","post","type-post","status-publish","format-standard","has-post-thumbnail","hentry","category-reportajes-en","tag-cafe-en","tag-gastronomia-en","tag-historias-en","cat-16002-id"],"acf":[],"yoast_head":"<!-- This site is optimized with the Yoast SEO plugin v27.4 - https:\/\/yoast.com\/product\/yoast-seo-wordpress\/ -->\n<title>The history of Asian coffee born in Cartagena<\/title>\n<meta name=\"description\" content=\"Coffee, condensed milk and cognac: Asian coffee, typical of Cartagena, is a delicious mixture that seduces the palate.\" \/>\n<meta name=\"robots\" content=\"index, follow, max-snippet:-1, max-image-preview:large, max-video-preview:-1\" \/>\n<link rel=\"canonical\" href=\"https:\/\/www.tapasmagazine.es\/en\/the-history-of-asian-coffee-born-in-cartagena\/\" \/>\n<meta property=\"og:locale\" content=\"en_US\" \/>\n<meta property=\"og:type\" content=\"article\" \/>\n<meta property=\"og:title\" content=\"The history of Asian coffee born in Cartagena\" \/>\n<meta property=\"og:description\" content=\"Coffee, condensed milk and cognac: Asian coffee, typical of Cartagena, is a delicious mixture that seduces the palate.\" \/>\n<meta property=\"og:url\" content=\"https:\/\/www.tapasmagazine.es\/en\/the-history-of-asian-coffee-born-in-cartagena\/\" \/>\n<meta property=\"og:site_name\" content=\"Tapas\" \/>\n<meta property=\"article:publisher\" content=\"https:\/\/www.facebook.com\/tapasmagazine\" \/>\n<meta property=\"article:published_time\" content=\"2023-06-21T06:21:42+00:00\" \/>\n<meta property=\"article:modified_time\" content=\"2023-06-21T06:31:04+00:00\" \/>\n<meta property=\"og:image\" content=\"https:\/\/www.tapasmagazine.es\/wp-content\/uploads\/2023\/06\/cafe-asiatico-cartagena.jpg\" \/>\n\t<meta property=\"og:image:width\" content=\"1200\" \/>\n\t<meta property=\"og:image:height\" content=\"675\" \/>\n\t<meta property=\"og:image:type\" content=\"image\/jpeg\" \/>\n<meta name=\"author\" content=\"Manuel Ponce S\u00e1nchez\" \/>\n<meta name=\"twitter:card\" content=\"summary_large_image\" \/>\n<meta name=\"twitter:creator\" content=\"@TapasMagazine\" \/>\n<meta name=\"twitter:site\" content=\"@TapasMagazine\" \/>\n<meta name=\"twitter:label1\" content=\"Written by\" \/>\n\t<meta name=\"twitter:data1\" content=\"Manuel Ponce S\u00e1nchez\" \/>\n\t<meta name=\"twitter:label2\" content=\"Est. reading time\" \/>\n\t<meta name=\"twitter:data2\" content=\"5 minutes\" \/>\n<script type=\"application\/ld+json\" class=\"yoast-schema-graph\">{\"@context\":\"https:\\\/\\\/schema.org\",\"@graph\":[{\"@type\":\"Article\",\"@id\":\"https:\\\/\\\/www.tapasmagazine.es\\\/en\\\/the-history-of-asian-coffee-born-in-cartagena\\\/#article\",\"isPartOf\":{\"@id\":\"https:\\\/\\\/www.tapasmagazine.es\\\/en\\\/the-history-of-asian-coffee-born-in-cartagena\\\/\"},\"author\":{\"name\":\"Manuel Ponce S\u00e1nchez\",\"@id\":\"https:\\\/\\\/www.tapasmagazine.es\\\/#\\\/schema\\\/person\\\/d4d97a807714faa97b898d6b3f025df9\"},\"headline\":\"The history of Asian coffee born in Cartagena\",\"datePublished\":\"2023-06-21T06:21:42+00:00\",\"dateModified\":\"2023-06-21T06:31:04+00:00\",\"mainEntityOfPage\":{\"@id\":\"https:\\\/\\\/www.tapasmagazine.es\\\/en\\\/the-history-of-asian-coffee-born-in-cartagena\\\/\"},\"wordCount\":887,\"commentCount\":0,\"publisher\":{\"@id\":\"https:\\\/\\\/www.tapasmagazine.es\\\/#organization\"},\"image\":{\"@id\":\"https:\\\/\\\/www.tapasmagazine.es\\\/en\\\/the-history-of-asian-coffee-born-in-cartagena\\\/#primaryimage\"},\"thumbnailUrl\":\"https:\\\/\\\/www.tapasmagazine.es\\\/wp-content\\\/uploads\\\/2023\\\/06\\\/cafe-asiatico-cartagena.jpg\",\"keywords\":[\"caf\u00e9\",\"gastronom\u00eda\",\"historias\"],\"articleSection\":[\"Reportajes\"],\"inLanguage\":\"en-US\",\"potentialAction\":[{\"@type\":\"CommentAction\",\"name\":\"Comment\",\"target\":[\"https:\\\/\\\/www.tapasmagazine.es\\\/en\\\/the-history-of-asian-coffee-born-in-cartagena\\\/#respond\"]}]},{\"@type\":\"WebPage\",\"@id\":\"https:\\\/\\\/www.tapasmagazine.es\\\/en\\\/the-history-of-asian-coffee-born-in-cartagena\\\/\",\"url\":\"https:\\\/\\\/www.tapasmagazine.es\\\/en\\\/the-history-of-asian-coffee-born-in-cartagena\\\/\",\"name\":\"The history of Asian coffee born in Cartagena\",\"isPartOf\":{\"@id\":\"https:\\\/\\\/www.tapasmagazine.es\\\/#website\"},\"primaryImageOfPage\":{\"@id\":\"https:\\\/\\\/www.tapasmagazine.es\\\/en\\\/the-history-of-asian-coffee-born-in-cartagena\\\/#primaryimage\"},\"image\":{\"@id\":\"https:\\\/\\\/www.tapasmagazine.es\\\/en\\\/the-history-of-asian-coffee-born-in-cartagena\\\/#primaryimage\"},\"thumbnailUrl\":\"https:\\\/\\\/www.tapasmagazine.es\\\/wp-content\\\/uploads\\\/2023\\\/06\\\/cafe-asiatico-cartagena.jpg\",\"datePublished\":\"2023-06-21T06:21:42+00:00\",\"dateModified\":\"2023-06-21T06:31:04+00:00\",\"description\":\"Coffee, condensed milk and cognac: Asian coffee, typical of Cartagena, is a delicious mixture that seduces the palate.\",\"breadcrumb\":{\"@id\":\"https:\\\/\\\/www.tapasmagazine.es\\\/en\\\/the-history-of-asian-coffee-born-in-cartagena\\\/#breadcrumb\"},\"inLanguage\":\"en-US\",\"potentialAction\":[{\"@type\":\"ReadAction\",\"target\":[\"https:\\\/\\\/www.tapasmagazine.es\\\/en\\\/the-history-of-asian-coffee-born-in-cartagena\\\/\"]}]},{\"@type\":\"ImageObject\",\"inLanguage\":\"en-US\",\"@id\":\"https:\\\/\\\/www.tapasmagazine.es\\\/en\\\/the-history-of-asian-coffee-born-in-cartagena\\\/#primaryimage\",\"url\":\"https:\\\/\\\/www.tapasmagazine.es\\\/wp-content\\\/uploads\\\/2023\\\/06\\\/cafe-asiatico-cartagena.jpg\",\"contentUrl\":\"https:\\\/\\\/www.tapasmagazine.es\\\/wp-content\\\/uploads\\\/2023\\\/06\\\/cafe-asiatico-cartagena.jpg\",\"width\":1200,\"height\":675},{\"@type\":\"BreadcrumbList\",\"@id\":\"https:\\\/\\\/www.tapasmagazine.es\\\/en\\\/the-history-of-asian-coffee-born-in-cartagena\\\/#breadcrumb\",\"itemListElement\":[{\"@type\":\"ListItem\",\"position\":1,\"name\":\"Portada\",\"item\":\"https:\\\/\\\/www.tapasmagazine.es\\\/\"},{\"@type\":\"ListItem\",\"position\":2,\"name\":\"Reportajes\",\"item\":\"https:\\\/\\\/www.tapasmagazine.es\\\/en\\\/categorias\\\/reportajes-en\\\/\"},{\"@type\":\"ListItem\",\"position\":3,\"name\":\"The history of Asian coffee born in Cartagena\"}]},{\"@type\":\"WebSite\",\"@id\":\"https:\\\/\\\/www.tapasmagazine.es\\\/#website\",\"url\":\"https:\\\/\\\/www.tapasmagazine.es\\\/\",\"name\":\"Tapas\",\"description\":\"\u00d1am \u00d1am Lifestyle. La vida a bocados. Premio Nacional de Gastronom\u00eda 2016.\",\"publisher\":{\"@id\":\"https:\\\/\\\/www.tapasmagazine.es\\\/#organization\"},\"potentialAction\":[{\"@type\":\"SearchAction\",\"target\":{\"@type\":\"EntryPoint\",\"urlTemplate\":\"https:\\\/\\\/www.tapasmagazine.es\\\/?s={search_term_string}\"},\"query-input\":{\"@type\":\"PropertyValueSpecification\",\"valueRequired\":true,\"valueName\":\"search_term_string\"}}],\"inLanguage\":\"en-US\"},{\"@type\":\"Organization\",\"@id\":\"https:\\\/\\\/www.tapasmagazine.es\\\/#organization\",\"name\":\"Tapas Magazine\",\"url\":\"https:\\\/\\\/www.tapasmagazine.es\\\/\",\"logo\":{\"@type\":\"ImageObject\",\"inLanguage\":\"en-US\",\"@id\":\"https:\\\/\\\/www.tapasmagazine.es\\\/#\\\/schema\\\/logo\\\/image\\\/\",\"url\":\"https:\\\/\\\/www.tapasmagazine.es\\\/wp-content\\\/uploads\\\/2018\\\/01\\\/logo.png\",\"contentUrl\":\"https:\\\/\\\/www.tapasmagazine.es\\\/wp-content\\\/uploads\\\/2018\\\/01\\\/logo.png\",\"width\":180,\"height\":60,\"caption\":\"Tapas Magazine\"},\"image\":{\"@id\":\"https:\\\/\\\/www.tapasmagazine.es\\\/#\\\/schema\\\/logo\\\/image\\\/\"},\"sameAs\":[\"https:\\\/\\\/www.facebook.com\\\/tapasmagazine\",\"https:\\\/\\\/x.com\\\/TapasMagazine\",\"https:\\\/\\\/www.instagram.com\\\/tapasmagazine\\\/\",\"https:\\\/\\\/www.linkedin.com\\\/company\\\/tapas-magazine\",\"https:\\\/\\\/es.pinterest.com\\\/tapasmagazine\\\/\",\"https:\\\/\\\/www.youtube.com\\\/channel\\\/UCEyxneAaACuR0lfDagrWjjg?sub_confirmation=1\"]},{\"@type\":\"Person\",\"@id\":\"https:\\\/\\\/www.tapasmagazine.es\\\/#\\\/schema\\\/person\\\/d4d97a807714faa97b898d6b3f025df9\",\"name\":\"Manuel Ponce S\u00e1nchez\",\"url\":\"https:\\\/\\\/www.tapasmagazine.es\\\/en\\\/author\\\/manuel-ponce-sanchez\\\/\"}]}<\/script>\n<!-- \/ Yoast SEO plugin. -->","yoast_head_json":{"title":"The history of Asian coffee born in Cartagena","description":"Coffee, condensed milk and cognac: Asian coffee, typical of Cartagena, is a delicious mixture that seduces the palate.","robots":{"index":"index","follow":"follow","max-snippet":"max-snippet:-1","max-image-preview":"max-image-preview:large","max-video-preview":"max-video-preview:-1"},"canonical":"https:\/\/www.tapasmagazine.es\/en\/the-history-of-asian-coffee-born-in-cartagena\/","og_locale":"en_US","og_type":"article","og_title":"The history of Asian coffee born in Cartagena","og_description":"Coffee, condensed milk and cognac: Asian coffee, typical of Cartagena, is a delicious mixture that seduces the palate.","og_url":"https:\/\/www.tapasmagazine.es\/en\/the-history-of-asian-coffee-born-in-cartagena\/","og_site_name":"Tapas","article_publisher":"https:\/\/www.facebook.com\/tapasmagazine","article_published_time":"2023-06-21T06:21:42+00:00","article_modified_time":"2023-06-21T06:31:04+00:00","og_image":[{"width":1200,"height":675,"url":"https:\/\/www.tapasmagazine.es\/wp-content\/uploads\/2023\/06\/cafe-asiatico-cartagena.jpg","type":"image\/jpeg"}],"author":"Manuel Ponce S\u00e1nchez","twitter_card":"summary_large_image","twitter_creator":"@TapasMagazine","twitter_site":"@TapasMagazine","twitter_misc":{"Written by":"Manuel Ponce S\u00e1nchez","Est. reading time":"5 minutes"},"schema":{"@context":"https:\/\/schema.org","@graph":[{"@type":"Article","@id":"https:\/\/www.tapasmagazine.es\/en\/the-history-of-asian-coffee-born-in-cartagena\/#article","isPartOf":{"@id":"https:\/\/www.tapasmagazine.es\/en\/the-history-of-asian-coffee-born-in-cartagena\/"},"author":{"name":"Manuel Ponce S\u00e1nchez","@id":"https:\/\/www.tapasmagazine.es\/#\/schema\/person\/d4d97a807714faa97b898d6b3f025df9"},"headline":"The history of Asian coffee born in Cartagena","datePublished":"2023-06-21T06:21:42+00:00","dateModified":"2023-06-21T06:31:04+00:00","mainEntityOfPage":{"@id":"https:\/\/www.tapasmagazine.es\/en\/the-history-of-asian-coffee-born-in-cartagena\/"},"wordCount":887,"commentCount":0,"publisher":{"@id":"https:\/\/www.tapasmagazine.es\/#organization"},"image":{"@id":"https:\/\/www.tapasmagazine.es\/en\/the-history-of-asian-coffee-born-in-cartagena\/#primaryimage"},"thumbnailUrl":"https:\/\/www.tapasmagazine.es\/wp-content\/uploads\/2023\/06\/cafe-asiatico-cartagena.jpg","keywords":["caf\u00e9","gastronom\u00eda","historias"],"articleSection":["Reportajes"],"inLanguage":"en-US","potentialAction":[{"@type":"CommentAction","name":"Comment","target":["https:\/\/www.tapasmagazine.es\/en\/the-history-of-asian-coffee-born-in-cartagena\/#respond"]}]},{"@type":"WebPage","@id":"https:\/\/www.tapasmagazine.es\/en\/the-history-of-asian-coffee-born-in-cartagena\/","url":"https:\/\/www.tapasmagazine.es\/en\/the-history-of-asian-coffee-born-in-cartagena\/","name":"The history of Asian coffee born in Cartagena","isPartOf":{"@id":"https:\/\/www.tapasmagazine.es\/#website"},"primaryImageOfPage":{"@id":"https:\/\/www.tapasmagazine.es\/en\/the-history-of-asian-coffee-born-in-cartagena\/#primaryimage"},"image":{"@id":"https:\/\/www.tapasmagazine.es\/en\/the-history-of-asian-coffee-born-in-cartagena\/#primaryimage"},"thumbnailUrl":"https:\/\/www.tapasmagazine.es\/wp-content\/uploads\/2023\/06\/cafe-asiatico-cartagena.jpg","datePublished":"2023-06-21T06:21:42+00:00","dateModified":"2023-06-21T06:31:04+00:00","description":"Coffee, condensed milk and cognac: Asian coffee, typical of Cartagena, is a delicious mixture that seduces the palate.","breadcrumb":{"@id":"https:\/\/www.tapasmagazine.es\/en\/the-history-of-asian-coffee-born-in-cartagena\/#breadcrumb"},"inLanguage":"en-US","potentialAction":[{"@type":"ReadAction","target":["https:\/\/www.tapasmagazine.es\/en\/the-history-of-asian-coffee-born-in-cartagena\/"]}]},{"@type":"ImageObject","inLanguage":"en-US","@id":"https:\/\/www.tapasmagazine.es\/en\/the-history-of-asian-coffee-born-in-cartagena\/#primaryimage","url":"https:\/\/www.tapasmagazine.es\/wp-content\/uploads\/2023\/06\/cafe-asiatico-cartagena.jpg","contentUrl":"https:\/\/www.tapasmagazine.es\/wp-content\/uploads\/2023\/06\/cafe-asiatico-cartagena.jpg","width":1200,"height":675},{"@type":"BreadcrumbList","@id":"https:\/\/www.tapasmagazine.es\/en\/the-history-of-asian-coffee-born-in-cartagena\/#breadcrumb","itemListElement":[{"@type":"ListItem","position":1,"name":"Portada","item":"https:\/\/www.tapasmagazine.es\/"},{"@type":"ListItem","position":2,"name":"Reportajes","item":"https:\/\/www.tapasmagazine.es\/en\/categorias\/reportajes-en\/"},{"@type":"ListItem","position":3,"name":"The history of Asian coffee born in Cartagena"}]},{"@type":"WebSite","@id":"https:\/\/www.tapasmagazine.es\/#website","url":"https:\/\/www.tapasmagazine.es\/","name":"Tapas","description":"\u00d1am \u00d1am Lifestyle. La vida a bocados. Premio Nacional de Gastronom\u00eda 2016.","publisher":{"@id":"https:\/\/www.tapasmagazine.es\/#organization"},"potentialAction":[{"@type":"SearchAction","target":{"@type":"EntryPoint","urlTemplate":"https:\/\/www.tapasmagazine.es\/?s={search_term_string}"},"query-input":{"@type":"PropertyValueSpecification","valueRequired":true,"valueName":"search_term_string"}}],"inLanguage":"en-US"},{"@type":"Organization","@id":"https:\/\/www.tapasmagazine.es\/#organization","name":"Tapas Magazine","url":"https:\/\/www.tapasmagazine.es\/","logo":{"@type":"ImageObject","inLanguage":"en-US","@id":"https:\/\/www.tapasmagazine.es\/#\/schema\/logo\/image\/","url":"https:\/\/www.tapasmagazine.es\/wp-content\/uploads\/2018\/01\/logo.png","contentUrl":"https:\/\/www.tapasmagazine.es\/wp-content\/uploads\/2018\/01\/logo.png","width":180,"height":60,"caption":"Tapas Magazine"},"image":{"@id":"https:\/\/www.tapasmagazine.es\/#\/schema\/logo\/image\/"},"sameAs":["https:\/\/www.facebook.com\/tapasmagazine","https:\/\/x.com\/TapasMagazine","https:\/\/www.instagram.com\/tapasmagazine\/","https:\/\/www.linkedin.com\/company\/tapas-magazine","https:\/\/es.pinterest.com\/tapasmagazine\/","https:\/\/www.youtube.com\/channel\/UCEyxneAaACuR0lfDagrWjjg?sub_confirmation=1"]},{"@type":"Person","@id":"https:\/\/www.tapasmagazine.es\/#\/schema\/person\/d4d97a807714faa97b898d6b3f025df9","name":"Manuel Ponce S\u00e1nchez","url":"https:\/\/www.tapasmagazine.es\/en\/author\/manuel-ponce-sanchez\/"}]}},"_links":{"self":[{"href":"https:\/\/www.tapasmagazine.es\/en\/wp-json\/wp\/v2\/posts\/193187","targetHints":{"allow":["GET"]}}],"collection":[{"href":"https:\/\/www.tapasmagazine.es\/en\/wp-json\/wp\/v2\/posts"}],"about":[{"href":"https:\/\/www.tapasmagazine.es\/en\/wp-json\/wp\/v2\/types\/post"}],"author":[{"embeddable":true,"href":"https:\/\/www.tapasmagazine.es\/en\/wp-json\/wp\/v2\/users\/293"}],"replies":[{"embeddable":true,"href":"https:\/\/www.tapasmagazine.es\/en\/wp-json\/wp\/v2\/comments?post=193187"}],"version-history":[{"count":4,"href":"https:\/\/www.tapasmagazine.es\/en\/wp-json\/wp\/v2\/posts\/193187\/revisions"}],"predecessor-version":[{"id":193749,"href":"https:\/\/www.tapasmagazine.es\/en\/wp-json\/wp\/v2\/posts\/193187\/revisions\/193749"}],"wp:featuredmedia":[{"embeddable":true,"href":"https:\/\/www.tapasmagazine.es\/en\/wp-json\/wp\/v2\/media\/193181"}],"wp:attachment":[{"href":"https:\/\/www.tapasmagazine.es\/en\/wp-json\/wp\/v2\/media?parent=193187"}],"wp:term":[{"taxonomy":"category","embeddable":true,"href":"https:\/\/www.tapasmagazine.es\/en\/wp-json\/wp\/v2\/categories?post=193187"},{"taxonomy":"post_tag","embeddable":true,"href":"https:\/\/www.tapasmagazine.es\/en\/wp-json\/wp\/v2\/tags?post=193187"}],"curies":[{"name":"wp","href":"https:\/\/api.w.org\/{rel}","templated":true}]}}